{"id":2236,"date":"2019-06-27T13:54:13","date_gmt":"2019-06-27T11:54:13","guid":{"rendered":"https:\/\/www.umweltperspektiven.ch\/?p=2236"},"modified":"2022-02-09T11:10:06","modified_gmt":"2022-02-09T10:10:06","slug":"oebu-hat-mit-arthur-braunschweig-ein-neues-praesidium","status":"publish","type":"post","link":"https:\/\/www.organisator.ch\/en\/sustainability\/2019-06-27\/oebu-hat-mit-arthur-braunschweig-ein-neues-praesidium\/","title":{"rendered":"\u00f6bu has a new presidium with Arthur Braunschweig"},"content":{"rendered":"<div class=\"ym-grid linearize-level-1\">\n<div class=\"ym-g66 ym-gl stage\">\n<div class=\"ym-gbox-left\">\n<figure id=\"attachment_2237\" aria-describedby=\"caption-attachment-2237\" style=\"width: 365px\" class=\"wp-caption alignnone\"><img loading=\"lazy\" decoding=\"async\" class=\"size-full wp-image-2237\" src=\"\/\/www.umweltperspektiven.ch\/wp-content\/uploads\/2019\/06\/oebu_Braunschweig-UP-Umwelt-Perspektiven.jpg\" alt=\"\" width=\"365\" height=\"476\" srcset=\"https:\/\/www.organisator.ch\/wp-content\/uploads\/2019\/06\/oebu_Braunschweig-UP-Umwelt-Perspektiven.jpg 365w, https:\/\/www.organisator.ch\/wp-content\/uploads\/2019\/06\/oebu_Braunschweig-UP-Umwelt-Perspektiven-9x12.jpg 9w, https:\/\/www.organisator.ch\/wp-content\/uploads\/2019\/06\/oebu_Braunschweig-UP-Umwelt-Perspektiven-134x175.jpg 134w, https:\/\/www.organisator.ch\/wp-content\/uploads\/2019\/06\/oebu_Braunschweig-UP-Umwelt-Perspektiven-268x350.jpg 268w, https:\/\/www.organisator.ch\/wp-content\/uploads\/2019\/06\/oebu_Braunschweig-UP-Umwelt-Perspektiven-300x391.jpg 300w\" sizes=\"auto, (max-width: 365px) 100vw, 365px\" \/><figcaption id=\"caption-attachment-2237\" class=\"wp-caption-text\">Prof. Arthur Braunschweig is the new \u00f6bu president. (Image: zVg)<\/figcaption><\/figure>\n<p>Arthur Braunschweig takes over from Ruth E. Blumer Lahner, Head Regulatory Affairs, Sustainability and SHEQ at Kolb Group. Ruth Blumer Lahner, as the previous \u00f6bu Vice President, initially took over the presidency ad-interim and then formally in January 2019 when Christian Hunziker resigned for health reasons.<\/p>\n<p>Both have played a key role in shaping the association and the development of a sustainable economy in Switzerland.<\/p>\n<p><strong>\u00f6bu general meeting<\/strong><\/p>\n<p>At this year's general meeting of \u00f6bu, the association for sustainable business, Olmar Albers, Managing Director at \u00f6bu, gave an insight into the association's ongoing strategy process. In addition to new forms of financing, the focus will increasingly be on cooperation and member engagement as well as the implementation of sustainable management in the company.<\/p>\n<\/div>\n<\/div>\n<\/div>\n<div class=\"ym-grid linearize-level-1\">\n<div class=\"ym-g66 ym-gl stage\">\n<div class=\"ym-gbox-left\">\n<section class=\"obu-section-text\">\n<div class=\"obu-txt\">\n<p>In addition to the strategic transformation, there are also personnel changes. The newly appointed presidium of the association introduced itself to the company representatives present at the general meeting. \u00f6bu President Dr. Arthur Braunschweig, Managing Partner of E2 Management Consulting AG, helped establish the association in 1989 as Managing Director and has been on the board since 1999. He sees great potential in \u00f6bu as a platform where companies can jointly test out novel approaches, from new working and business models to sustainable supply chains - all in the interests of the future viability of companies. Anne Wolf, \u00f6bu's new vice president, reported on Swiss Post's materiality analysis and the valuable lessons learned when considering the relevance of sustainable development issues.<\/p>\n<p>The general meeting was followed by a stimulating presentation by Christian Felber, economic reformer and initiator of the common good economy, on the question of whether we are not measuring economic performance incorrectly with financial data. The common good economy proposes to focus on the effects on people and society, such as satisfaction, security, etc., as indicators for the actual goals of economic activity as well. Financial things should thus be seen as a means and not as an end.<\/p>\n<p>At a workshop with interested companies in the fall of 2019, the preparation of a common good balance sheet based on these principles will be elaborated. Further information will follow on <a href=\"\/\/www.oebu.ch\">www.oebu.ch<\/a><\/p>\n<\/div>\n<\/section>\n<\/div>\n<\/div>\n<\/div>","protected":false},"excerpt":{"rendered":"<p>Arthur Braunschweig \u00fcbernimmt das Amt von Ruth E. Blumer Lahner, Head Regulatory Affairs, Sustainability and SHEQ bei Kolb Group. Ruth Blumer Lahner hatte als bisherige \u00f6bu-Vizepr\u00e4sidentin das Pr\u00e4sidium zun\u00e4chst ad-interim und im Januar 2019 auch formell \u00fcbernommen, als Christian Hunziker aus gesundheitlichen Gr\u00fcnden zur\u00fccktrat. Beide haben den Verband und die Entwicklung einer nachhaltigen Wirtschaft in [&hellip;]<\/p>\n","protected":false},"author":5,"featured_media":2237,"comment_status":"open","ping_status":"open","sticky":false,"template":"","format":"standard","meta":{"_acf_changed":false,"_yoast_wpseo_focuskw":"Arthur Braunschweig","_yoast_wpseo_metadesc":"Arthur Braunschweig, Gesch\u00e4ftsf\u00fchrender Partner der E2 Management Consulting AG, wurde an der \u00f6bu Mitgliederversammlung zum Pr\u00e4sidenten gew\u00e4hlt.","articlekey":"","footnotes":""},"categories":[580],"tags":[1853,381],"class_list":["post-2236","post","type-post","status-publish","format-standard","has-post-thumbnail","hentry","category-sustainability","tag-oebu","tag-personalia"],"acf":[],"yoast_head":"<!-- This site is optimized with the Yoast SEO plugin v27.4 - https:\/\/yoast.com\/product\/yoast-seo-wordpress\/ -->\n<title>\u00f6bu hat mit Arthur Braunschweig ein neues Pr\u00e4sidium - Organisator<\/title>\n<meta name=\"description\" content=\"Arthur Braunschweig, Gesch\u00e4ftsf\u00fchrender Partner der E2 Management Consulting AG, wurde an der \u00f6bu Mitgliederversammlung zum Pr\u00e4sidenten gew\u00e4hlt.\" \/>\n<meta name=\"robots\" content=\"index, follow, max-snippet:-1, max-image-preview:large, max-video-preview:-1\" \/>\n<link rel=\"canonical\" href=\"https:\/\/www.organisator.ch\/en\/sustainability\/2019-06-27\/oebu-hat-mit-arthur-braunschweig-ein-neues-praesidium\/\" \/>\n<meta property=\"og:locale\" content=\"en_US\" \/>\n<meta property=\"og:type\" content=\"article\" \/>\n<meta property=\"og:title\" content=\"\u00f6bu hat mit Arthur Braunschweig ein neues Pr\u00e4sidium - Organisator\" \/>\n<meta property=\"og:description\" content=\"Arthur Braunschweig, Gesch\u00e4ftsf\u00fchrender Partner der E2 Management Consulting AG, wurde an der \u00f6bu Mitgliederversammlung zum Pr\u00e4sidenten gew\u00e4hlt.\" \/>\n<meta property=\"og:url\" content=\"https:\/\/www.organisator.ch\/en\/sustainability\/2019-06-27\/oebu-hat-mit-arthur-braunschweig-ein-neues-praesidium\/\" \/>\n<meta property=\"og:site_name\" content=\"Organisator\" \/>\n<meta property=\"article:publisher\" content=\"https:\/\/www.facebook.com\/OrganisatorFachmagazin\" \/>\n<meta property=\"article:published_time\" content=\"2019-06-27T11:54:13+00:00\" \/>\n<meta property=\"article:modified_time\" content=\"2022-02-09T10:10:06+00:00\" \/>\n<meta property=\"og:image\" content=\"https:\/\/www.organisator.ch\/wp-content\/uploads\/2019\/06\/oebu_Braunschweig-UP-Umwelt-Perspektiven.jpg\" \/>\n\t<meta property=\"og:image:width\" content=\"365\" \/>\n\t<meta property=\"og:image:height\" content=\"476\" \/>\n\t<meta property=\"og:image:type\" content=\"image\/jpeg\" \/>\n<meta name=\"author\" content=\"michael.merz\" \/>\n<meta name=\"twitter:card\" content=\"summary_large_image\" \/>\n<script type=\"application\/ld+json\" class=\"yoast-schema-graph\">{\"@context\":\"https:\\\/\\\/schema.org\",\"@graph\":[{\"@type\":\"Article\",\"@id\":\"https:\\\/\\\/www.organisator.ch\\\/sustainability\\\/2019-06-27\\\/oebu-hat-mit-arthur-braunschweig-ein-neues-praesidium\\\/#article\",\"isPartOf\":{\"@id\":\"https:\\\/\\\/www.organisator.ch\\\/sustainability\\\/2019-06-27\\\/oebu-hat-mit-arthur-braunschweig-ein-neues-praesidium\\\/\"},\"author\":{\"name\":\"michael.merz\",\"@id\":\"https:\\\/\\\/www.organisator.ch\\\/#\\\/schema\\\/person\\\/134708ca9321c57b0362cceb7948ffbd\"},\"headline\":\"\u00f6bu hat mit Arthur Braunschweig ein neues Pr\u00e4sidium\",\"datePublished\":\"2019-06-27T11:54:13+00:00\",\"dateModified\":\"2022-02-09T10:10:06+00:00\",\"mainEntityOfPage\":{\"@id\":\"https:\\\/\\\/www.organisator.ch\\\/sustainability\\\/2019-06-27\\\/oebu-hat-mit-arthur-braunschweig-ein-neues-praesidium\\\/\"},\"wordCount\":364,\"commentCount\":0,\"publisher\":{\"@id\":\"https:\\\/\\\/www.organisator.ch\\\/#organization\"},\"image\":{\"@id\":\"https:\\\/\\\/www.organisator.ch\\\/sustainability\\\/2019-06-27\\\/oebu-hat-mit-arthur-braunschweig-ein-neues-praesidium\\\/#primaryimage\"},\"thumbnailUrl\":\"https:\\\/\\\/www.organisator.ch\\\/wp-content\\\/uploads\\\/2019\\\/06\\\/oebu_Braunschweig-UP-Umwelt-Perspektiven.jpg\",\"keywords\":[\"\u00f6bu\",\"Personalia\"],\"articleSection\":[\"SUSTAINABILITY\"],\"inLanguage\":\"en-US\"},{\"@type\":\"WebPage\",\"@id\":\"https:\\\/\\\/www.organisator.ch\\\/sustainability\\\/2019-06-27\\\/oebu-hat-mit-arthur-braunschweig-ein-neues-praesidium\\\/\",\"url\":\"https:\\\/\\\/www.organisator.ch\\\/sustainability\\\/2019-06-27\\\/oebu-hat-mit-arthur-braunschweig-ein-neues-praesidium\\\/\",\"name\":\"\u00f6bu hat mit Arthur Braunschweig ein neues Pr\u00e4sidium - Organisator\",\"isPartOf\":{\"@id\":\"https:\\\/\\\/www.organisator.ch\\\/#website\"},\"primaryImageOfPage\":{\"@id\":\"https:\\\/\\\/www.organisator.ch\\\/sustainability\\\/2019-06-27\\\/oebu-hat-mit-arthur-braunschweig-ein-neues-praesidium\\\/#primaryimage\"},\"image\":{\"@id\":\"https:\\\/\\\/www.organisator.ch\\\/sustainability\\\/2019-06-27\\\/oebu-hat-mit-arthur-braunschweig-ein-neues-praesidium\\\/#primaryimage\"},\"thumbnailUrl\":\"https:\\\/\\\/www.organisator.ch\\\/wp-content\\\/uploads\\\/2019\\\/06\\\/oebu_Braunschweig-UP-Umwelt-Perspektiven.jpg\",\"datePublished\":\"2019-06-27T11:54:13+00:00\",\"dateModified\":\"2022-02-09T10:10:06+00:00\",\"description\":\"Arthur Braunschweig, Gesch\u00e4ftsf\u00fchrender Partner der E2 Management Consulting AG, wurde an der \u00f6bu Mitgliederversammlung zum Pr\u00e4sidenten gew\u00e4hlt.\",\"breadcrumb\":{\"@id\":\"https:\\\/\\\/www.organisator.ch\\\/sustainability\\\/2019-06-27\\\/oebu-hat-mit-arthur-braunschweig-ein-neues-praesidium\\\/#breadcrumb\"},\"inLanguage\":\"en-US\",\"potentialAction\":[{\"@type\":\"ReadAction\",\"target\":[\"https:\\\/\\\/www.organisator.ch\\\/sustainability\\\/2019-06-27\\\/oebu-hat-mit-arthur-braunschweig-ein-neues-praesidium\\\/\"]}]},{\"@type\":\"ImageObject\",\"inLanguage\":\"en-US\",\"@id\":\"https:\\\/\\\/www.organisator.ch\\\/sustainability\\\/2019-06-27\\\/oebu-hat-mit-arthur-braunschweig-ein-neues-praesidium\\\/#primaryimage\",\"url\":\"https:\\\/\\\/www.organisator.ch\\\/wp-content\\\/uploads\\\/2019\\\/06\\\/oebu_Braunschweig-UP-Umwelt-Perspektiven.jpg\",\"contentUrl\":\"https:\\\/\\\/www.organisator.ch\\\/wp-content\\\/uploads\\\/2019\\\/06\\\/oebu_Braunschweig-UP-Umwelt-Perspektiven.jpg\",\"width\":365,\"height\":476,\"caption\":\"Prof. Arthur Braunschweig. (Bild: zVg)\"},{\"@type\":\"BreadcrumbList\",\"@id\":\"https:\\\/\\\/www.organisator.ch\\\/sustainability\\\/2019-06-27\\\/oebu-hat-mit-arthur-braunschweig-ein-neues-praesidium\\\/#breadcrumb\",\"itemListElement\":[{\"@type\":\"ListItem\",\"position\":1,\"name\":\"Home\",\"item\":\"https:\\\/\\\/www.organisator.ch\\\/\"},{\"@type\":\"ListItem\",\"position\":2,\"name\":\"\u00f6bu hat mit Arthur Braunschweig ein neues Pr\u00e4sidium\"}]},{\"@type\":\"WebSite\",\"@id\":\"https:\\\/\\\/www.organisator.ch\\\/#website\",\"url\":\"https:\\\/\\\/www.organisator.ch\\\/\",\"name\":\"Organisator\",\"description\":\"Kompetent. Praxisnah. Der ORGANISATOR bereitet in 10 Ausgaben pro Jahr die wesentlichen Themen f\u00fcr F\u00fchrungskr\u00e4fte von KMU auf.\",\"publisher\":{\"@id\":\"https:\\\/\\\/www.organisator.ch\\\/#organization\"},\"potentialAction\":[{\"@type\":\"SearchAction\",\"target\":{\"@type\":\"EntryPoint\",\"urlTemplate\":\"https:\\\/\\\/www.organisator.ch\\\/?s={search_term_string}\"},\"query-input\":{\"@type\":\"PropertyValueSpecification\",\"valueRequired\":true,\"valueName\":\"search_term_string\"}}],\"inLanguage\":\"en-US\"},{\"@type\":\"Organization\",\"@id\":\"https:\\\/\\\/www.organisator.ch\\\/#organization\",\"name\":\"Organisator\",\"url\":\"https:\\\/\\\/www.organisator.ch\\\/\",\"logo\":{\"@type\":\"ImageObject\",\"inLanguage\":\"en-US\",\"@id\":\"https:\\\/\\\/www.organisator.ch\\\/#\\\/schema\\\/logo\\\/image\\\/\",\"url\":\"https:\\\/\\\/www.organisator.ch\\\/wp-content\\\/uploads\\\/2022\\\/01\\\/Logo_Organisator_Website.png\",\"contentUrl\":\"https:\\\/\\\/www.organisator.ch\\\/wp-content\\\/uploads\\\/2022\\\/01\\\/Logo_Organisator_Website.png\",\"width\":800,\"height\":77,\"caption\":\"Organisator\"},\"image\":{\"@id\":\"https:\\\/\\\/www.organisator.ch\\\/#\\\/schema\\\/logo\\\/image\\\/\"},\"sameAs\":[\"https:\\\/\\\/www.facebook.com\\\/OrganisatorFachmagazin\",\"https:\\\/\\\/www.linkedin.com\\\/showcase\\\/organisator-das-magazin-fr-kmu\",\"https:\\\/\\\/www.xing.com\\\/news\\\/pages\\\/organisator-ch-695\",\"https:\\\/\\\/www.youtube.com\\\/channel\\\/UCGP2Sq0iWaZwT3BdIAQFYpw\"]},{\"@type\":\"Person\",\"@id\":\"https:\\\/\\\/www.organisator.ch\\\/#\\\/schema\\\/person\\\/134708ca9321c57b0362cceb7948ffbd\",\"name\":\"michael.merz\",\"image\":{\"@type\":\"ImageObject\",\"inLanguage\":\"en-US\",\"@id\":\"https:\\\/\\\/secure.gravatar.com\\\/avatar\\\/?s=96&d=mm&r=g\",\"url\":\"https:\\\/\\\/secure.gravatar.com\\\/avatar\\\/?s=96&d=mm&r=g\",\"contentUrl\":\"https:\\\/\\\/secure.gravatar.com\\\/avatar\\\/?s=96&d=mm&r=g\",\"caption\":\"michael.merz\"},\"url\":\"https:\\\/\\\/www.organisator.ch\\\/en\\\/author\\\/michael-merz\\\/\"}]}<\/script>\n<!-- \/ Yoast SEO plugin. -->","yoast_head_json":{"title":"\u00f6bu has a new presidium with Arthur Braunschweig - Organizer","description":"Arthur Braunschweig, Managing Partner of E2 Management Consulting AG, was elected President at the \u00f6bu General Meeting.","robots":{"index":"index","follow":"follow","max-snippet":"max-snippet:-1","max-image-preview":"max-image-preview:large","max-video-preview":"max-video-preview:-1"},"canonical":"https:\/\/www.organisator.ch\/en\/sustainability\/2019-06-27\/oebu-hat-mit-arthur-braunschweig-ein-neues-praesidium\/","og_locale":"en_US","og_type":"article","og_title":"\u00f6bu hat mit Arthur Braunschweig ein neues Pr\u00e4sidium - Organisator","og_description":"Arthur Braunschweig, Gesch\u00e4ftsf\u00fchrender Partner der E2 Management Consulting AG, wurde an der \u00f6bu Mitgliederversammlung zum Pr\u00e4sidenten gew\u00e4hlt.","og_url":"https:\/\/www.organisator.ch\/en\/sustainability\/2019-06-27\/oebu-hat-mit-arthur-braunschweig-ein-neues-praesidium\/","og_site_name":"Organisator","article_publisher":"https:\/\/www.facebook.com\/OrganisatorFachmagazin","article_published_time":"2019-06-27T11:54:13+00:00","article_modified_time":"2022-02-09T10:10:06+00:00","og_image":[{"width":365,"height":476,"url":"https:\/\/www.organisator.ch\/wp-content\/uploads\/2019\/06\/oebu_Braunschweig-UP-Umwelt-Perspektiven.jpg","type":"image\/jpeg"}],"author":"michael.merz","twitter_card":"summary_large_image","schema":{"@context":"https:\/\/schema.org","@graph":[{"@type":"Article","@id":"https:\/\/www.organisator.ch\/sustainability\/2019-06-27\/oebu-hat-mit-arthur-braunschweig-ein-neues-praesidium\/#article","isPartOf":{"@id":"https:\/\/www.organisator.ch\/sustainability\/2019-06-27\/oebu-hat-mit-arthur-braunschweig-ein-neues-praesidium\/"},"author":{"name":"michael.merz","@id":"https:\/\/www.organisator.ch\/#\/schema\/person\/134708ca9321c57b0362cceb7948ffbd"},"headline":"\u00f6bu hat mit Arthur Braunschweig ein neues Pr\u00e4sidium","datePublished":"2019-06-27T11:54:13+00:00","dateModified":"2022-02-09T10:10:06+00:00","mainEntityOfPage":{"@id":"https:\/\/www.organisator.ch\/sustainability\/2019-06-27\/oebu-hat-mit-arthur-braunschweig-ein-neues-praesidium\/"},"wordCount":364,"commentCount":0,"publisher":{"@id":"https:\/\/www.organisator.ch\/#organization"},"image":{"@id":"https:\/\/www.organisator.ch\/sustainability\/2019-06-27\/oebu-hat-mit-arthur-braunschweig-ein-neues-praesidium\/#primaryimage"},"thumbnailUrl":"https:\/\/www.organisator.ch\/wp-content\/uploads\/2019\/06\/oebu_Braunschweig-UP-Umwelt-Perspektiven.jpg","keywords":["\u00f6bu","Personalia"],"articleSection":["SUSTAINABILITY"],"inLanguage":"en-US"},{"@type":"WebPage","@id":"https:\/\/www.organisator.ch\/sustainability\/2019-06-27\/oebu-hat-mit-arthur-braunschweig-ein-neues-praesidium\/","url":"https:\/\/www.organisator.ch\/sustainability\/2019-06-27\/oebu-hat-mit-arthur-braunschweig-ein-neues-praesidium\/","name":"\u00f6bu has a new presidium with Arthur Braunschweig - Organizer","isPartOf":{"@id":"https:\/\/www.organisator.ch\/#website"},"primaryImageOfPage":{"@id":"https:\/\/www.organisator.ch\/sustainability\/2019-06-27\/oebu-hat-mit-arthur-braunschweig-ein-neues-praesidium\/#primaryimage"},"image":{"@id":"https:\/\/www.organisator.ch\/sustainability\/2019-06-27\/oebu-hat-mit-arthur-braunschweig-ein-neues-praesidium\/#primaryimage"},"thumbnailUrl":"https:\/\/www.organisator.ch\/wp-content\/uploads\/2019\/06\/oebu_Braunschweig-UP-Umwelt-Perspektiven.jpg","datePublished":"2019-06-27T11:54:13+00:00","dateModified":"2022-02-09T10:10:06+00:00","description":"Arthur Braunschweig, Managing Partner of E2 Management Consulting AG, was elected President at the \u00f6bu General Meeting.","breadcrumb":{"@id":"https:\/\/www.organisator.ch\/sustainability\/2019-06-27\/oebu-hat-mit-arthur-braunschweig-ein-neues-praesidium\/#breadcrumb"},"inLanguage":"en-US","potentialAction":[{"@type":"ReadAction","target":["https:\/\/www.organisator.ch\/sustainability\/2019-06-27\/oebu-hat-mit-arthur-braunschweig-ein-neues-praesidium\/"]}]},{"@type":"ImageObject","inLanguage":"en-US","@id":"https:\/\/www.organisator.ch\/sustainability\/2019-06-27\/oebu-hat-mit-arthur-braunschweig-ein-neues-praesidium\/#primaryimage","url":"https:\/\/www.organisator.ch\/wp-content\/uploads\/2019\/06\/oebu_Braunschweig-UP-Umwelt-Perspektiven.jpg","contentUrl":"https:\/\/www.organisator.ch\/wp-content\/uploads\/2019\/06\/oebu_Braunschweig-UP-Umwelt-Perspektiven.jpg","width":365,"height":476,"caption":"Prof. Arthur Braunschweig. (Bild: zVg)"},{"@type":"BreadcrumbList","@id":"https:\/\/www.organisator.ch\/sustainability\/2019-06-27\/oebu-hat-mit-arthur-braunschweig-ein-neues-praesidium\/#breadcrumb","itemListElement":[{"@type":"ListItem","position":1,"name":"Home","item":"https:\/\/www.organisator.ch\/"},{"@type":"ListItem","position":2,"name":"\u00f6bu hat mit Arthur Braunschweig ein neues Pr\u00e4sidium"}]},{"@type":"WebSite","@id":"https:\/\/www.organisator.ch\/#website","url":"https:\/\/www.organisator.ch\/","name":"Organizer","description":"Competent. Practical. In 10 issues per year, ORGANISATOR presents the essential topics for managers of SMEs.","publisher":{"@id":"https:\/\/www.organisator.ch\/#organization"},"potentialAction":[{"@type":"SearchAction","target":{"@type":"EntryPoint","urlTemplate":"https:\/\/www.organisator.ch\/?s={search_term_string}"},"query-input":{"@type":"PropertyValueSpecification","valueRequired":true,"valueName":"search_term_string"}}],"inLanguage":"en-US"},{"@type":"Organization","@id":"https:\/\/www.organisator.ch\/#organization","name":"Organizer","url":"https:\/\/www.organisator.ch\/","logo":{"@type":"ImageObject","inLanguage":"en-US","@id":"https:\/\/www.organisator.ch\/#\/schema\/logo\/image\/","url":"https:\/\/www.organisator.ch\/wp-content\/uploads\/2022\/01\/Logo_Organisator_Website.png","contentUrl":"https:\/\/www.organisator.ch\/wp-content\/uploads\/2022\/01\/Logo_Organisator_Website.png","width":800,"height":77,"caption":"Organisator"},"image":{"@id":"https:\/\/www.organisator.ch\/#\/schema\/logo\/image\/"},"sameAs":["https:\/\/www.facebook.com\/OrganisatorFachmagazin","https:\/\/www.linkedin.com\/showcase\/organisator-das-magazin-fr-kmu","https:\/\/www.xing.com\/news\/pages\/organisator-ch-695","https:\/\/www.youtube.com\/channel\/UCGP2Sq0iWaZwT3BdIAQFYpw"]},{"@type":"Person","@id":"https:\/\/www.organisator.ch\/#\/schema\/person\/134708ca9321c57b0362cceb7948ffbd","name":"michael.merz","image":{"@type":"ImageObject","inLanguage":"en-US","@id":"https:\/\/secure.gravatar.com\/avatar\/?s=96&d=mm&r=g","url":"https:\/\/secure.gravatar.com\/avatar\/?s=96&d=mm&r=g","contentUrl":"https:\/\/secure.gravatar.com\/avatar\/?s=96&d=mm&r=g","caption":"michael.merz"},"url":"https:\/\/www.organisator.ch\/en\/author\/michael-merz\/"}]}},"_links":{"self":[{"href":"https:\/\/www.organisator.ch\/en\/wp-json\/wp\/v2\/posts\/2236","targetHints":{"allow":["GET"]}}],"collection":[{"href":"https:\/\/www.organisator.ch\/en\/wp-json\/wp\/v2\/posts"}],"about":[{"href":"https:\/\/www.organisator.ch\/en\/wp-json\/wp\/v2\/types\/post"}],"author":[{"embeddable":true,"href":"https:\/\/www.organisator.ch\/en\/wp-json\/wp\/v2\/users\/5"}],"replies":[{"embeddable":true,"href":"https:\/\/www.organisator.ch\/en\/wp-json\/wp\/v2\/comments?post=2236"}],"version-history":[{"count":1,"href":"https:\/\/www.organisator.ch\/en\/wp-json\/wp\/v2\/posts\/2236\/revisions"}],"predecessor-version":[{"id":10898,"href":"https:\/\/www.organisator.ch\/en\/wp-json\/wp\/v2\/posts\/2236\/revisions\/10898"}],"wp:featuredmedia":[{"embeddable":true,"href":"https:\/\/www.organisator.ch\/en\/wp-json\/wp\/v2\/media\/2237"}],"wp:attachment":[{"href":"https:\/\/www.organisator.ch\/en\/wp-json\/wp\/v2\/media?parent=2236"}],"wp:term":[{"taxonomy":"category","embeddable":true,"href":"https:\/\/www.organisator.ch\/en\/wp-json\/wp\/v2\/categories?post=2236"},{"taxonomy":"post_tag","embeddable":true,"href":"https:\/\/www.organisator.ch\/en\/wp-json\/wp\/v2\/tags?post=2236"}],"curies":[{"name":"wp","href":"https:\/\/api.w.org\/{rel}","templated":true}]}}