{"id":22407,"date":"2023-10-18T12:56:43","date_gmt":"2023-10-18T10:56:43","guid":{"rendered":"https:\/\/www.werbewoche.ch\/?p=204973"},"modified":"2024-11-13T13:44:18","modified_gmt":"2024-11-13T12:44:18","slug":"weischer-cinema-schweiz-und-frame-schliessen-partnerschaftsvertrag","status":"publish","type":"post","link":"https:\/\/www.organisator.ch\/en\/marketing\/2023-10-18\/weischer-cinema-schweiz-und-frame-schliessen-partnerschaftsvertrag\/","title":{"rendered":"Weischer.Cinema Switzerland and Frame sign partnership agreement"},"content":{"rendered":"<p>The screens and DOOH cinema screens of the Frame cinema on Europaallee in Zurich will in future be marketed by Weischer.Cinema Switzerland. The advertising inventory includes six cinema screens and nine screens in the entrance and lounge area of the cinema.<\/p>\r\n<p>Since October 12, the target audience at Kino Frame has been offered a diverse program of upscale mainstream, auteur films, documentaries, family films and Swiss premieres.<\/p>\r\n<p>Christof Kaufmann, CEO of Weischer.Cinema Switzerland, announces: \"We are very pleased about the cooperation and are convinced that together we can offer the advertising market extremely attractive advertising space in the heart of Zurich at the premium touchpoint cinema. The reopening of Kino Frame contributes to the further development of the Swiss cinema landscape and shows once again that the medium of cinema is in demand. We wish the entire Kino Frame team every success and all the best.\"<\/p>\r\n<p>Jennifer Somm, Managing Director of Spoundation Motion Picture, adds: \"With Weischer.Cinema we gain a professional partner with over 60 years of experience in marketing cinema advertising and a great passion for the world of film. We are already working with Weischer.Cinema at the Zurich Film Festival and are delighted to extend this partnership from 11 to 365 days. With this cooperation, advertisers for the Frame have an innovative contact when it comes to effective screen and DOOH advertising in the heart of Zurich.\"<\/p>\r\n<p><a href=\"https:\/\/www.werbewoche.ch\/de\/marketing\/2023-10-18\/weischer-cinema-schweiz-und-frame-schliessen-partnerschaftsvertrag\/attachment\/pre-opening-frame_diverse_kino-frame-fru%E2%95%A0eher-kosmos_%E2%94%ACeduard-meltzer_for-zff_klein\/\"><img class=\"attachment-full alignnone\" src=\"https:\/\/www.werbewoche.ch\/wp-content\/uploads\/2023\/10\/Pre-Opening-Frame_Diverse_Kino-Frame-Fru%E2%95%A0eher-Kosmos_%E2%94%AC%C2%AEEduard-Meltzer_for-ZFF_klein.jpg\" alt=\"Weischer.Cinema Kino Frame\" width=\"1200\" height=\"800\" \/><\/a> <a href=\"https:\/\/www.werbewoche.ch\/de\/marketing\/2023-10-18\/weischer-cinema-schweiz-und-frame-schliessen-partnerschaftsvertrag\/attachment\/18_klein\/\"><img class=\"attachment-full size-full\" src=\"https:\/\/www.werbewoche.ch\/wp-content\/uploads\/2023\/10\/18_klein.jpg\" alt=\"\" width=\"1200\" height=\"800\" \/><\/a> <a href=\"https:\/\/www.werbewoche.ch\/de\/marketing\/2023-10-18\/weischer-cinema-schweiz-und-frame-schliessen-partnerschaftsvertrag\/attachment\/12_klein\/\"><img class=\"attachment-full size-full\" src=\"https:\/\/www.werbewoche.ch\/wp-content\/uploads\/2023\/10\/12_klein.jpg\" alt=\"\" width=\"1200\" height=\"800\" \/><\/a><\/p>\r\n<hr \/>\r\n<p><em>Weischer.Cinema is the market-leading cinema advertising marketer in the entire D-A-CH region. The owner-managed company has more than 60 years of cinema expertise and ensures comprehensive and customer-oriented further development of the moving image medium cinema. Weischer.Cinema is a subsidiary of Weischer, one of the leading advertising marketers for cinema, outdoor and online advertising in Germany with locations in Hamburg, Frankfurt, Cologne, Munich, Zurich and Vienna.<\/em><\/p>","protected":false},"excerpt":{"rendered":"<p>The cinema advertising marketer Weischer.Cinema Schweiz and the cinema Frame, operated by the ZFF marketing agency Spoundation Motion Picture AG, are entering into a long-term cooperation.<\/p>","protected":false},"author":8,"featured_media":0,"comment_status":"closed","ping_status":"closed","sticky":false,"template":"","format":"standard","meta":{"_acf_changed":false,"_yoast_wpseo_focuskw":"Weischer.Cinema Kino Frame","_yoast_wpseo_metadesc":"Weischer.Cinema vermarktet k\u00fcnftig Kino Frame Z\u00fcrich: Attraktive Werbefl\u00e4chen und erstklassiges Filmprogramm.","articlekey":"","footnotes":""},"categories":[29],"tags":[3968,3969,3970],"class_list":["post-22407","post","type-post","status-publish","format-standard","hentry","category-marketing","tag-frame","tag-kinowerbung","tag-weischer-cinema"],"acf":[],"yoast_head":"<!-- This site is optimized with the Yoast SEO plugin v27.5 - https:\/\/yoast.com\/product\/yoast-seo-wordpress\/ -->\n<title>Weischer.Cinema Schweiz und Frame schliessen Partnerschaftsvertrag - Organisator<\/title>\n<meta name=\"description\" content=\"Weischer.Cinema vermarktet k\u00fcnftig Kino Frame Z\u00fcrich: Attraktive Werbefl\u00e4chen und erstklassiges Filmprogramm.\" \/>\n<meta name=\"robots\" content=\"index, follow, max-snippet:-1, max-image-preview:large, max-video-preview:-1\" \/>\n<link rel=\"canonical\" href=\"https:\/\/www.organisator.ch\/en\/marketing\/2023-10-18\/weischer-cinema-schweiz-und-frame-schliessen-partnerschaftsvertrag\/\" \/>\n<meta property=\"og:locale\" content=\"en_US\" \/>\n<meta property=\"og:type\" content=\"article\" \/>\n<meta property=\"og:title\" content=\"Weischer.Cinema Schweiz und Frame schliessen Partnerschaftsvertrag - Organisator\" \/>\n<meta property=\"og:description\" content=\"Weischer.Cinema vermarktet k\u00fcnftig Kino Frame Z\u00fcrich: Attraktive Werbefl\u00e4chen und erstklassiges Filmprogramm.\" \/>\n<meta property=\"og:url\" content=\"https:\/\/www.organisator.ch\/en\/marketing\/2023-10-18\/weischer-cinema-schweiz-und-frame-schliessen-partnerschaftsvertrag\/\" \/>\n<meta property=\"og:site_name\" content=\"Organisator\" \/>\n<meta property=\"article:publisher\" content=\"https:\/\/www.facebook.com\/OrganisatorFachmagazin\" \/>\n<meta property=\"article:published_time\" content=\"2023-10-18T10:56:43+00:00\" \/>\n<meta property=\"article:modified_time\" content=\"2024-11-13T12:44:18+00:00\" \/>\n<meta property=\"og:image\" content=\"https:\/\/www.werbewoche.ch\/wp-content\/uploads\/2023\/10\/Pre-Opening-Frame_Diverse_Kino-Frame-Fru%E2%95%A0eher-Kosmos_%E2%94%AC%C2%AEEduard-Meltzer_for-ZFF_klein.jpg\" \/>\n<meta name=\"author\" content=\"galledia\" \/>\n<meta name=\"twitter:card\" content=\"summary_large_image\" \/>\n<meta name=\"twitter:creator\" content=\"@admin\" \/>\n<script type=\"application\/ld+json\" class=\"yoast-schema-graph\">{\"@context\":\"https:\\\/\\\/schema.org\",\"@graph\":[{\"@type\":\"Article\",\"@id\":\"https:\\\/\\\/www.organisator.ch\\\/marketing\\\/2023-10-18\\\/weischer-cinema-schweiz-und-frame-schliessen-partnerschaftsvertrag\\\/#article\",\"isPartOf\":{\"@id\":\"https:\\\/\\\/www.organisator.ch\\\/marketing\\\/2023-10-18\\\/weischer-cinema-schweiz-und-frame-schliessen-partnerschaftsvertrag\\\/\"},\"author\":{\"name\":\"galledia\",\"@id\":\"https:\\\/\\\/www.organisator.ch\\\/#\\\/schema\\\/person\\\/4e51799071cd2dd1232ac003643ef5f0\"},\"headline\":\"Weischer.Cinema Schweiz und Frame schliessen Partnerschaftsvertrag\",\"datePublished\":\"2023-10-18T10:56:43+00:00\",\"dateModified\":\"2024-11-13T12:44:18+00:00\",\"mainEntityOfPage\":{\"@id\":\"https:\\\/\\\/www.organisator.ch\\\/marketing\\\/2023-10-18\\\/weischer-cinema-schweiz-und-frame-schliessen-partnerschaftsvertrag\\\/\"},\"wordCount\":296,\"publisher\":{\"@id\":\"https:\\\/\\\/www.organisator.ch\\\/#organization\"},\"image\":{\"@id\":\"https:\\\/\\\/www.organisator.ch\\\/marketing\\\/2023-10-18\\\/weischer-cinema-schweiz-und-frame-schliessen-partnerschaftsvertrag\\\/#primaryimage\"},\"thumbnailUrl\":\"https:\\\/\\\/www.werbewoche.ch\\\/wp-content\\\/uploads\\\/2023\\\/10\\\/Pre-Opening-Frame_Diverse_Kino-Frame-Fru%E2%95%A0eher-Kosmos_%E2%94%AC%C2%AEEduard-Meltzer_for-ZFF_klein.jpg\",\"keywords\":[\"Frame\",\"Kinowerbung\",\"Weischer.Cinema\"],\"articleSection\":[\"MARKETING\"],\"inLanguage\":\"en-US\"},{\"@type\":\"WebPage\",\"@id\":\"https:\\\/\\\/www.organisator.ch\\\/marketing\\\/2023-10-18\\\/weischer-cinema-schweiz-und-frame-schliessen-partnerschaftsvertrag\\\/\",\"url\":\"https:\\\/\\\/www.organisator.ch\\\/marketing\\\/2023-10-18\\\/weischer-cinema-schweiz-und-frame-schliessen-partnerschaftsvertrag\\\/\",\"name\":\"Weischer.Cinema Schweiz und Frame schliessen Partnerschaftsvertrag - Organisator\",\"isPartOf\":{\"@id\":\"https:\\\/\\\/www.organisator.ch\\\/#website\"},\"primaryImageOfPage\":{\"@id\":\"https:\\\/\\\/www.organisator.ch\\\/marketing\\\/2023-10-18\\\/weischer-cinema-schweiz-und-frame-schliessen-partnerschaftsvertrag\\\/#primaryimage\"},\"image\":{\"@id\":\"https:\\\/\\\/www.organisator.ch\\\/marketing\\\/2023-10-18\\\/weischer-cinema-schweiz-und-frame-schliessen-partnerschaftsvertrag\\\/#primaryimage\"},\"thumbnailUrl\":\"https:\\\/\\\/www.werbewoche.ch\\\/wp-content\\\/uploads\\\/2023\\\/10\\\/Pre-Opening-Frame_Diverse_Kino-Frame-Fru%E2%95%A0eher-Kosmos_%E2%94%AC%C2%AEEduard-Meltzer_for-ZFF_klein.jpg\",\"datePublished\":\"2023-10-18T10:56:43+00:00\",\"dateModified\":\"2024-11-13T12:44:18+00:00\",\"description\":\"Weischer.Cinema vermarktet k\u00fcnftig Kino Frame Z\u00fcrich: Attraktive Werbefl\u00e4chen und erstklassiges Filmprogramm.\",\"breadcrumb\":{\"@id\":\"https:\\\/\\\/www.organisator.ch\\\/marketing\\\/2023-10-18\\\/weischer-cinema-schweiz-und-frame-schliessen-partnerschaftsvertrag\\\/#breadcrumb\"},\"inLanguage\":\"en-US\",\"potentialAction\":[{\"@type\":\"ReadAction\",\"target\":[\"https:\\\/\\\/www.organisator.ch\\\/marketing\\\/2023-10-18\\\/weischer-cinema-schweiz-und-frame-schliessen-partnerschaftsvertrag\\\/\"]}]},{\"@type\":\"ImageObject\",\"inLanguage\":\"en-US\",\"@id\":\"https:\\\/\\\/www.organisator.ch\\\/marketing\\\/2023-10-18\\\/weischer-cinema-schweiz-und-frame-schliessen-partnerschaftsvertrag\\\/#primaryimage\",\"url\":\"https:\\\/\\\/www.werbewoche.ch\\\/wp-content\\\/uploads\\\/2023\\\/10\\\/Pre-Opening-Frame_Diverse_Kino-Frame-Fru%E2%95%A0eher-Kosmos_%E2%94%AC%C2%AEEduard-Meltzer_for-ZFF_klein.jpg\",\"contentUrl\":\"https:\\\/\\\/www.werbewoche.ch\\\/wp-content\\\/uploads\\\/2023\\\/10\\\/Pre-Opening-Frame_Diverse_Kino-Frame-Fru%E2%95%A0eher-Kosmos_%E2%94%AC%C2%AEEduard-Meltzer_for-ZFF_klein.jpg\"},{\"@type\":\"BreadcrumbList\",\"@id\":\"https:\\\/\\\/www.organisator.ch\\\/marketing\\\/2023-10-18\\\/weischer-cinema-schweiz-und-frame-schliessen-partnerschaftsvertrag\\\/#breadcrumb\",\"itemListElement\":[{\"@type\":\"ListItem\",\"position\":1,\"name\":\"Home\",\"item\":\"https:\\\/\\\/www.organisator.ch\\\/\"},{\"@type\":\"ListItem\",\"position\":2,\"name\":\"Weischer.Cinema Schweiz und Frame schliessen Partnerschaftsvertrag\"}]},{\"@type\":\"WebSite\",\"@id\":\"https:\\\/\\\/www.organisator.ch\\\/#website\",\"url\":\"https:\\\/\\\/www.organisator.ch\\\/\",\"name\":\"Organisator\",\"description\":\"Kompetent. Praxisnah. Der ORGANISATOR bereitet in 10 Ausgaben pro Jahr die wesentlichen Themen f\u00fcr F\u00fchrungskr\u00e4fte von KMU auf.\",\"publisher\":{\"@id\":\"https:\\\/\\\/www.organisator.ch\\\/#organization\"},\"potentialAction\":[{\"@type\":\"SearchAction\",\"target\":{\"@type\":\"EntryPoint\",\"urlTemplate\":\"https:\\\/\\\/www.organisator.ch\\\/?s={search_term_string}\"},\"query-input\":{\"@type\":\"PropertyValueSpecification\",\"valueRequired\":true,\"valueName\":\"search_term_string\"}}],\"inLanguage\":\"en-US\"},{\"@type\":\"Organization\",\"@id\":\"https:\\\/\\\/www.organisator.ch\\\/#organization\",\"name\":\"Organisator\",\"url\":\"https:\\\/\\\/www.organisator.ch\\\/\",\"logo\":{\"@type\":\"ImageObject\",\"inLanguage\":\"en-US\",\"@id\":\"https:\\\/\\\/www.organisator.ch\\\/#\\\/schema\\\/logo\\\/image\\\/\",\"url\":\"https:\\\/\\\/www.organisator.ch\\\/wp-content\\\/uploads\\\/2022\\\/01\\\/Logo_Organisator_Website.png\",\"contentUrl\":\"https:\\\/\\\/www.organisator.ch\\\/wp-content\\\/uploads\\\/2022\\\/01\\\/Logo_Organisator_Website.png\",\"width\":800,\"height\":77,\"caption\":\"Organisator\"},\"image\":{\"@id\":\"https:\\\/\\\/www.organisator.ch\\\/#\\\/schema\\\/logo\\\/image\\\/\"},\"sameAs\":[\"https:\\\/\\\/www.facebook.com\\\/OrganisatorFachmagazin\",\"https:\\\/\\\/www.linkedin.com\\\/showcase\\\/organisator-das-magazin-fr-kmu\",\"https:\\\/\\\/www.xing.com\\\/news\\\/pages\\\/organisator-ch-695\",\"https:\\\/\\\/www.youtube.com\\\/channel\\\/UCGP2Sq0iWaZwT3BdIAQFYpw\"]},{\"@type\":\"Person\",\"@id\":\"https:\\\/\\\/www.organisator.ch\\\/#\\\/schema\\\/person\\\/4e51799071cd2dd1232ac003643ef5f0\",\"name\":\"galledia\",\"image\":{\"@type\":\"ImageObject\",\"inLanguage\":\"en-US\",\"@id\":\"https:\\\/\\\/secure.gravatar.com\\\/avatar\\\/78a7f90c01fc2bfc875782a0d4922b37cde2cf184ce347b91316d23cd7f69a36?s=96&d=mm&r=g\",\"url\":\"https:\\\/\\\/secure.gravatar.com\\\/avatar\\\/78a7f90c01fc2bfc875782a0d4922b37cde2cf184ce347b91316d23cd7f69a36?s=96&d=mm&r=g\",\"contentUrl\":\"https:\\\/\\\/secure.gravatar.com\\\/avatar\\\/78a7f90c01fc2bfc875782a0d4922b37cde2cf184ce347b91316d23cd7f69a36?s=96&d=mm&r=g\",\"caption\":\"galledia\"},\"sameAs\":[\"https:\\\/\\\/x.com\\\/admin\"],\"url\":\"https:\\\/\\\/www.organisator.ch\\\/en\\\/author\\\/galledia\\\/\"}]}<\/script>\n<!-- \/ Yoast SEO plugin. -->","yoast_head_json":{"title":"Weischer.Cinema Switzerland and Frame sign partnership agreement - Organizer","description":"Weischer.Cinema will market Kino Frame Z\u00fcrich in future: attractive advertising space and a first-class film program.","robots":{"index":"index","follow":"follow","max-snippet":"max-snippet:-1","max-image-preview":"max-image-preview:large","max-video-preview":"max-video-preview:-1"},"canonical":"https:\/\/www.organisator.ch\/en\/marketing\/2023-10-18\/weischer-cinema-schweiz-und-frame-schliessen-partnerschaftsvertrag\/","og_locale":"en_US","og_type":"article","og_title":"Weischer.Cinema Schweiz und Frame schliessen Partnerschaftsvertrag - Organisator","og_description":"Weischer.Cinema vermarktet k\u00fcnftig Kino Frame Z\u00fcrich: Attraktive Werbefl\u00e4chen und erstklassiges Filmprogramm.","og_url":"https:\/\/www.organisator.ch\/en\/marketing\/2023-10-18\/weischer-cinema-schweiz-und-frame-schliessen-partnerschaftsvertrag\/","og_site_name":"Organisator","article_publisher":"https:\/\/www.facebook.com\/OrganisatorFachmagazin","article_published_time":"2023-10-18T10:56:43+00:00","article_modified_time":"2024-11-13T12:44:18+00:00","og_image":[{"url":"https:\/\/www.werbewoche.ch\/wp-content\/uploads\/2023\/10\/Pre-Opening-Frame_Diverse_Kino-Frame-Fru%E2%95%A0eher-Kosmos_%E2%94%AC%C2%AEEduard-Meltzer_for-ZFF_klein.jpg","type":"","width":"","height":""}],"author":"galledia","twitter_card":"summary_large_image","twitter_creator":"@admin","schema":{"@context":"https:\/\/schema.org","@graph":[{"@type":"Article","@id":"https:\/\/www.organisator.ch\/marketing\/2023-10-18\/weischer-cinema-schweiz-und-frame-schliessen-partnerschaftsvertrag\/#article","isPartOf":{"@id":"https:\/\/www.organisator.ch\/marketing\/2023-10-18\/weischer-cinema-schweiz-und-frame-schliessen-partnerschaftsvertrag\/"},"author":{"name":"galledia","@id":"https:\/\/www.organisator.ch\/#\/schema\/person\/4e51799071cd2dd1232ac003643ef5f0"},"headline":"Weischer.Cinema Schweiz und Frame schliessen Partnerschaftsvertrag","datePublished":"2023-10-18T10:56:43+00:00","dateModified":"2024-11-13T12:44:18+00:00","mainEntityOfPage":{"@id":"https:\/\/www.organisator.ch\/marketing\/2023-10-18\/weischer-cinema-schweiz-und-frame-schliessen-partnerschaftsvertrag\/"},"wordCount":296,"publisher":{"@id":"https:\/\/www.organisator.ch\/#organization"},"image":{"@id":"https:\/\/www.organisator.ch\/marketing\/2023-10-18\/weischer-cinema-schweiz-und-frame-schliessen-partnerschaftsvertrag\/#primaryimage"},"thumbnailUrl":"https:\/\/www.werbewoche.ch\/wp-content\/uploads\/2023\/10\/Pre-Opening-Frame_Diverse_Kino-Frame-Fru%E2%95%A0eher-Kosmos_%E2%94%AC%C2%AEEduard-Meltzer_for-ZFF_klein.jpg","keywords":["Frame","Kinowerbung","Weischer.Cinema"],"articleSection":["MARKETING"],"inLanguage":"en-US"},{"@type":"WebPage","@id":"https:\/\/www.organisator.ch\/marketing\/2023-10-18\/weischer-cinema-schweiz-und-frame-schliessen-partnerschaftsvertrag\/","url":"https:\/\/www.organisator.ch\/marketing\/2023-10-18\/weischer-cinema-schweiz-und-frame-schliessen-partnerschaftsvertrag\/","name":"Weischer.Cinema Switzerland and Frame sign partnership agreement - Organizer","isPartOf":{"@id":"https:\/\/www.organisator.ch\/#website"},"primaryImageOfPage":{"@id":"https:\/\/www.organisator.ch\/marketing\/2023-10-18\/weischer-cinema-schweiz-und-frame-schliessen-partnerschaftsvertrag\/#primaryimage"},"image":{"@id":"https:\/\/www.organisator.ch\/marketing\/2023-10-18\/weischer-cinema-schweiz-und-frame-schliessen-partnerschaftsvertrag\/#primaryimage"},"thumbnailUrl":"https:\/\/www.werbewoche.ch\/wp-content\/uploads\/2023\/10\/Pre-Opening-Frame_Diverse_Kino-Frame-Fru%E2%95%A0eher-Kosmos_%E2%94%AC%C2%AEEduard-Meltzer_for-ZFF_klein.jpg","datePublished":"2023-10-18T10:56:43+00:00","dateModified":"2024-11-13T12:44:18+00:00","description":"Weischer.Cinema will market Kino Frame Z\u00fcrich in future: attractive advertising space and a first-class film program.","breadcrumb":{"@id":"https:\/\/www.organisator.ch\/marketing\/2023-10-18\/weischer-cinema-schweiz-und-frame-schliessen-partnerschaftsvertrag\/#breadcrumb"},"inLanguage":"en-US","potentialAction":[{"@type":"ReadAction","target":["https:\/\/www.organisator.ch\/marketing\/2023-10-18\/weischer-cinema-schweiz-und-frame-schliessen-partnerschaftsvertrag\/"]}]},{"@type":"ImageObject","inLanguage":"en-US","@id":"https:\/\/www.organisator.ch\/marketing\/2023-10-18\/weischer-cinema-schweiz-und-frame-schliessen-partnerschaftsvertrag\/#primaryimage","url":"https:\/\/www.werbewoche.ch\/wp-content\/uploads\/2023\/10\/Pre-Opening-Frame_Diverse_Kino-Frame-Fru%E2%95%A0eher-Kosmos_%E2%94%AC%C2%AEEduard-Meltzer_for-ZFF_klein.jpg","contentUrl":"https:\/\/www.werbewoche.ch\/wp-content\/uploads\/2023\/10\/Pre-Opening-Frame_Diverse_Kino-Frame-Fru%E2%95%A0eher-Kosmos_%E2%94%AC%C2%AEEduard-Meltzer_for-ZFF_klein.jpg"},{"@type":"BreadcrumbList","@id":"https:\/\/www.organisator.ch\/marketing\/2023-10-18\/weischer-cinema-schweiz-und-frame-schliessen-partnerschaftsvertrag\/#breadcrumb","itemListElement":[{"@type":"ListItem","position":1,"name":"Home","item":"https:\/\/www.organisator.ch\/"},{"@type":"ListItem","position":2,"name":"Weischer.Cinema Schweiz und Frame schliessen Partnerschaftsvertrag"}]},{"@type":"WebSite","@id":"https:\/\/www.organisator.ch\/#website","url":"https:\/\/www.organisator.ch\/","name":"Organizer","description":"Competent. Practical. In 10 issues per year, ORGANISATOR presents the essential topics for managers of SMEs.","publisher":{"@id":"https:\/\/www.organisator.ch\/#organization"},"potentialAction":[{"@type":"SearchAction","target":{"@type":"EntryPoint","urlTemplate":"https:\/\/www.organisator.ch\/?s={search_term_string}"},"query-input":{"@type":"PropertyValueSpecification","valueRequired":true,"valueName":"search_term_string"}}],"inLanguage":"en-US"},{"@type":"Organization","@id":"https:\/\/www.organisator.ch\/#organization","name":"Organizer","url":"https:\/\/www.organisator.ch\/","logo":{"@type":"ImageObject","inLanguage":"en-US","@id":"https:\/\/www.organisator.ch\/#\/schema\/logo\/image\/","url":"https:\/\/www.organisator.ch\/wp-content\/uploads\/2022\/01\/Logo_Organisator_Website.png","contentUrl":"https:\/\/www.organisator.ch\/wp-content\/uploads\/2022\/01\/Logo_Organisator_Website.png","width":800,"height":77,"caption":"Organisator"},"image":{"@id":"https:\/\/www.organisator.ch\/#\/schema\/logo\/image\/"},"sameAs":["https:\/\/www.facebook.com\/OrganisatorFachmagazin","https:\/\/www.linkedin.com\/showcase\/organisator-das-magazin-fr-kmu","https:\/\/www.xing.com\/news\/pages\/organisator-ch-695","https:\/\/www.youtube.com\/channel\/UCGP2Sq0iWaZwT3BdIAQFYpw"]},{"@type":"Person","@id":"https:\/\/www.organisator.ch\/#\/schema\/person\/4e51799071cd2dd1232ac003643ef5f0","name":"galledia","image":{"@type":"ImageObject","inLanguage":"en-US","@id":"https:\/\/secure.gravatar.com\/avatar\/78a7f90c01fc2bfc875782a0d4922b37cde2cf184ce347b91316d23cd7f69a36?s=96&d=mm&r=g","url":"https:\/\/secure.gravatar.com\/avatar\/78a7f90c01fc2bfc875782a0d4922b37cde2cf184ce347b91316d23cd7f69a36?s=96&d=mm&r=g","contentUrl":"https:\/\/secure.gravatar.com\/avatar\/78a7f90c01fc2bfc875782a0d4922b37cde2cf184ce347b91316d23cd7f69a36?s=96&d=mm&r=g","caption":"galledia"},"sameAs":["https:\/\/x.com\/admin"],"url":"https:\/\/www.organisator.ch\/en\/author\/galledia\/"}]}},"_links":{"self":[{"href":"https:\/\/www.organisator.ch\/en\/wp-json\/wp\/v2\/posts\/22407","targetHints":{"allow":["GET"]}}],"collection":[{"href":"https:\/\/www.organisator.ch\/en\/wp-json\/wp\/v2\/posts"}],"about":[{"href":"https:\/\/www.organisator.ch\/en\/wp-json\/wp\/v2\/types\/post"}],"author":[{"embeddable":true,"href":"https:\/\/www.organisator.ch\/en\/wp-json\/wp\/v2\/users\/8"}],"replies":[{"embeddable":true,"href":"https:\/\/www.organisator.ch\/en\/wp-json\/wp\/v2\/comments?post=22407"}],"version-history":[{"count":7,"href":"https:\/\/www.organisator.ch\/en\/wp-json\/wp\/v2\/posts\/22407\/revisions"}],"predecessor-version":[{"id":32782,"href":"https:\/\/www.organisator.ch\/en\/wp-json\/wp\/v2\/posts\/22407\/revisions\/32782"}],"wp:attachment":[{"href":"https:\/\/www.organisator.ch\/en\/wp-json\/wp\/v2\/media?parent=22407"}],"wp:term":[{"taxonomy":"category","embeddable":true,"href":"https:\/\/www.organisator.ch\/en\/wp-json\/wp\/v2\/categories?post=22407"},{"taxonomy":"post_tag","embeddable":true,"href":"https:\/\/www.organisator.ch\/en\/wp-json\/wp\/v2\/tags?post=22407"}],"curies":[{"name":"wp","href":"https:\/\/api.w.org\/{rel}","templated":true}]}}