{"id":22472,"date":"2023-10-24T04:18:34","date_gmt":"2023-10-24T02:18:34","guid":{"rendered":"https:\/\/www.organisator.ch\/de\/?p=22472"},"modified":"2023-10-23T16:22:45","modified_gmt":"2023-10-23T14:22:45","slug":"bernhard-heusler-am-schluss-kommt-es-immer-auf-das-team-an","status":"publish","type":"post","link":"https:\/\/www.organisator.ch\/en\/management\/2023-10-24\/bernhard-heusler-am-schluss-kommt-es-immer-auf-das-team-an\/","title":{"rendered":"Bernhard Heusler: \"... in the end it always comes down to the team\"."},"content":{"rendered":"<div class=\"swpm-post-not-logged-in-msg\">You need to be logged in to view this content. Please <a class=\"swpm-login-link\" href=\"https:\/\/www.organisator.ch\/login\/\">Log In<\/a>. Not a Member? <a href=\"https:\/\/www.organisator.ch\/shop\/\">Join Us<\/a><\/div>","protected":false},"excerpt":{"rendered":"<p>It is well known that there are many parallels between sports and business. Bernhard Heusler is well aware of how close business and sporting success are and how they can sometimes drift apart again. He has now compiled his wealth of experience in a new book and will be speaking about it at the Swiss SME Day.<\/p>","protected":false},"author":1,"featured_media":22470,"comment_status":"closed","ping_status":"closed","sticky":false,"template":"","format":"standard","meta":{"_acf_changed":false,"_yoast_wpseo_focuskw":"Bernhard Heusler","_yoast_wpseo_metadesc":"Wie nahe wirtschaftlicher und sportlicher Erfolg zusammenliegen und auch wieder auseinanderdriften k\u00f6nnen, weiss Bernhard Heusler bestens.","articlekey":"66684","footnotes":""},"categories":[578,28],"tags":[95,283,335,381],"class_list":["post-22472","post","type-post","status-publish","format-standard","has-post-thumbnail","hentry","category-abo","category-management","tag-buchtipps","tag-interview","tag-management-und-unternehmensfuehrung","tag-personalia"],"acf":[],"yoast_head":"<!-- This site is optimized with the Yoast SEO plugin v27.5 - https:\/\/yoast.com\/product\/yoast-seo-wordpress\/ -->\n<title>Bernhard Heusler: \u00ab\u2026 am Schluss kommt es immer auf das Team an\u00bb - Organisator<\/title>\n<meta name=\"description\" content=\"Wie nahe wirtschaftlicher und sportlicher Erfolg zusammenliegen und auch wieder auseinanderdriften k\u00f6nnen, weiss Bernhard Heusler bestens.\" \/>\n<meta name=\"robots\" content=\"index, follow, max-snippet:-1, max-image-preview:large, max-video-preview:-1\" \/>\n<link rel=\"canonical\" href=\"https:\/\/www.organisator.ch\/en\/management\/2023-10-24\/bernhard-heusler-am-schluss-kommt-es-immer-auf-das-team-an\/\" \/>\n<meta property=\"og:locale\" content=\"en_US\" \/>\n<meta property=\"og:type\" content=\"article\" \/>\n<meta property=\"og:title\" content=\"Bernhard Heusler: \u00ab\u2026 am Schluss kommt es immer auf das Team an\u00bb - Organisator\" \/>\n<meta property=\"og:description\" content=\"Wie nahe wirtschaftlicher und sportlicher Erfolg zusammenliegen und auch wieder auseinanderdriften k\u00f6nnen, weiss Bernhard Heusler bestens.\" \/>\n<meta property=\"og:url\" content=\"https:\/\/www.organisator.ch\/en\/management\/2023-10-24\/bernhard-heusler-am-schluss-kommt-es-immer-auf-das-team-an\/\" \/>\n<meta property=\"og:site_name\" content=\"Organisator\" \/>\n<meta property=\"article:publisher\" content=\"https:\/\/www.facebook.com\/OrganisatorFachmagazin\" \/>\n<meta property=\"article:published_time\" content=\"2023-10-24T02:18:34+00:00\" \/>\n<meta property=\"og:image\" content=\"https:\/\/www.organisator.ch\/wp-content\/uploads\/2023\/10\/Management_Heusler_Bild_NEU_organisator_68042-scaled.jpg\" \/>\n\t<meta property=\"og:image:width\" content=\"1400\" \/>\n\t<meta property=\"og:image:height\" content=\"1101\" \/>\n\t<meta property=\"og:image:type\" content=\"image\/jpeg\" \/>\n<meta name=\"author\" content=\"admin\" \/>\n<meta name=\"twitter:card\" content=\"summary_large_image\" \/>\n<script type=\"application\/ld+json\" class=\"yoast-schema-graph\">{\"@context\":\"https:\\\/\\\/schema.org\",\"@graph\":[{\"@type\":\"Article\",\"@id\":\"https:\\\/\\\/www.organisator.ch\\\/management\\\/2023-10-24\\\/bernhard-heusler-am-schluss-kommt-es-immer-auf-das-team-an\\\/#article\",\"isPartOf\":{\"@id\":\"https:\\\/\\\/www.organisator.ch\\\/management\\\/2023-10-24\\\/bernhard-heusler-am-schluss-kommt-es-immer-auf-das-team-an\\\/\"},\"author\":{\"name\":\"admin\",\"@id\":\"https:\\\/\\\/www.organisator.ch\\\/#\\\/schema\\\/person\\\/aa2bace6c5c5aad60102004a50c4eb1c\"},\"headline\":\"Bernhard Heusler: \u00ab\u2026 am Schluss kommt es immer auf das Team an\u00bb\",\"datePublished\":\"2023-10-24T02:18:34+00:00\",\"mainEntityOfPage\":{\"@id\":\"https:\\\/\\\/www.organisator.ch\\\/management\\\/2023-10-24\\\/bernhard-heusler-am-schluss-kommt-es-immer-auf-das-team-an\\\/\"},\"wordCount\":2366,\"publisher\":{\"@id\":\"https:\\\/\\\/www.organisator.ch\\\/#organization\"},\"image\":{\"@id\":\"https:\\\/\\\/www.organisator.ch\\\/management\\\/2023-10-24\\\/bernhard-heusler-am-schluss-kommt-es-immer-auf-das-team-an\\\/#primaryimage\"},\"thumbnailUrl\":\"https:\\\/\\\/www.organisator.ch\\\/wp-content\\\/uploads\\\/2023\\\/10\\\/Management_Heusler_Bild_NEU_organisator_68042-scaled.jpg\",\"keywords\":[\"Buchtipps\",\"Interview\",\"Management und Unternehmensf\u00fchrung\",\"Personalia\"],\"articleSection\":[\"ABO+\",\"MANAGEMENT\"],\"inLanguage\":\"en-US\"},{\"@type\":\"WebPage\",\"@id\":\"https:\\\/\\\/www.organisator.ch\\\/management\\\/2023-10-24\\\/bernhard-heusler-am-schluss-kommt-es-immer-auf-das-team-an\\\/\",\"url\":\"https:\\\/\\\/www.organisator.ch\\\/management\\\/2023-10-24\\\/bernhard-heusler-am-schluss-kommt-es-immer-auf-das-team-an\\\/\",\"name\":\"Bernhard Heusler: \u00ab\u2026 am Schluss kommt es immer auf das Team an\u00bb - Organisator\",\"isPartOf\":{\"@id\":\"https:\\\/\\\/www.organisator.ch\\\/#website\"},\"primaryImageOfPage\":{\"@id\":\"https:\\\/\\\/www.organisator.ch\\\/management\\\/2023-10-24\\\/bernhard-heusler-am-schluss-kommt-es-immer-auf-das-team-an\\\/#primaryimage\"},\"image\":{\"@id\":\"https:\\\/\\\/www.organisator.ch\\\/management\\\/2023-10-24\\\/bernhard-heusler-am-schluss-kommt-es-immer-auf-das-team-an\\\/#primaryimage\"},\"thumbnailUrl\":\"https:\\\/\\\/www.organisator.ch\\\/wp-content\\\/uploads\\\/2023\\\/10\\\/Management_Heusler_Bild_NEU_organisator_68042-scaled.jpg\",\"datePublished\":\"2023-10-24T02:18:34+00:00\",\"description\":\"Wie nahe wirtschaftlicher und sportlicher Erfolg zusammenliegen und auch wieder auseinanderdriften k\u00f6nnen, weiss Bernhard Heusler bestens.\",\"breadcrumb\":{\"@id\":\"https:\\\/\\\/www.organisator.ch\\\/management\\\/2023-10-24\\\/bernhard-heusler-am-schluss-kommt-es-immer-auf-das-team-an\\\/#breadcrumb\"},\"inLanguage\":\"en-US\",\"potentialAction\":[{\"@type\":\"ReadAction\",\"target\":[\"https:\\\/\\\/www.organisator.ch\\\/management\\\/2023-10-24\\\/bernhard-heusler-am-schluss-kommt-es-immer-auf-das-team-an\\\/\"]}]},{\"@type\":\"ImageObject\",\"inLanguage\":\"en-US\",\"@id\":\"https:\\\/\\\/www.organisator.ch\\\/management\\\/2023-10-24\\\/bernhard-heusler-am-schluss-kommt-es-immer-auf-das-team-an\\\/#primaryimage\",\"url\":\"https:\\\/\\\/www.organisator.ch\\\/wp-content\\\/uploads\\\/2023\\\/10\\\/Management_Heusler_Bild_NEU_organisator_68042-scaled.jpg\",\"contentUrl\":\"https:\\\/\\\/www.organisator.ch\\\/wp-content\\\/uploads\\\/2023\\\/10\\\/Management_Heusler_Bild_NEU_organisator_68042-scaled.jpg\",\"width\":1400,\"height\":1101,\"caption\":\"Bernhard Heusler gibt seine F\u00fchrungserfahrung auch in Buchform weiter. \u00a9 zVg \\\/ HWH\"},{\"@type\":\"BreadcrumbList\",\"@id\":\"https:\\\/\\\/www.organisator.ch\\\/management\\\/2023-10-24\\\/bernhard-heusler-am-schluss-kommt-es-immer-auf-das-team-an\\\/#breadcrumb\",\"itemListElement\":[{\"@type\":\"ListItem\",\"position\":1,\"name\":\"Home\",\"item\":\"https:\\\/\\\/www.organisator.ch\\\/\"},{\"@type\":\"ListItem\",\"position\":2,\"name\":\"Bernhard Heusler: \u00ab\u2026 am Schluss kommt es immer auf das Team an\u00bb\"}]},{\"@type\":\"WebSite\",\"@id\":\"https:\\\/\\\/www.organisator.ch\\\/#website\",\"url\":\"https:\\\/\\\/www.organisator.ch\\\/\",\"name\":\"Organisator\",\"description\":\"Kompetent. Praxisnah. Der ORGANISATOR bereitet in 10 Ausgaben pro Jahr die wesentlichen Themen f\u00fcr F\u00fchrungskr\u00e4fte von KMU auf.\",\"publisher\":{\"@id\":\"https:\\\/\\\/www.organisator.ch\\\/#organization\"},\"potentialAction\":[{\"@type\":\"SearchAction\",\"target\":{\"@type\":\"EntryPoint\",\"urlTemplate\":\"https:\\\/\\\/www.organisator.ch\\\/?s={search_term_string}\"},\"query-input\":{\"@type\":\"PropertyValueSpecification\",\"valueRequired\":true,\"valueName\":\"search_term_string\"}}],\"inLanguage\":\"en-US\"},{\"@type\":\"Organization\",\"@id\":\"https:\\\/\\\/www.organisator.ch\\\/#organization\",\"name\":\"Organisator\",\"url\":\"https:\\\/\\\/www.organisator.ch\\\/\",\"logo\":{\"@type\":\"ImageObject\",\"inLanguage\":\"en-US\",\"@id\":\"https:\\\/\\\/www.organisator.ch\\\/#\\\/schema\\\/logo\\\/image\\\/\",\"url\":\"https:\\\/\\\/www.organisator.ch\\\/wp-content\\\/uploads\\\/2022\\\/01\\\/Logo_Organisator_Website.png\",\"contentUrl\":\"https:\\\/\\\/www.organisator.ch\\\/wp-content\\\/uploads\\\/2022\\\/01\\\/Logo_Organisator_Website.png\",\"width\":800,\"height\":77,\"caption\":\"Organisator\"},\"image\":{\"@id\":\"https:\\\/\\\/www.organisator.ch\\\/#\\\/schema\\\/logo\\\/image\\\/\"},\"sameAs\":[\"https:\\\/\\\/www.facebook.com\\\/OrganisatorFachmagazin\",\"https:\\\/\\\/www.linkedin.com\\\/showcase\\\/organisator-das-magazin-fr-kmu\",\"https:\\\/\\\/www.xing.com\\\/news\\\/pages\\\/organisator-ch-695\",\"https:\\\/\\\/www.youtube.com\\\/channel\\\/UCGP2Sq0iWaZwT3BdIAQFYpw\"]},{\"@type\":\"Person\",\"@id\":\"https:\\\/\\\/www.organisator.ch\\\/#\\\/schema\\\/person\\\/aa2bace6c5c5aad60102004a50c4eb1c\",\"name\":\"admin\",\"image\":{\"@type\":\"ImageObject\",\"inLanguage\":\"en-US\",\"@id\":\"https:\\\/\\\/secure.gravatar.com\\\/avatar\\\/ae2f4d718e6c49043e314ce431e7e645d646302a24a5ef5a8bc8e3f5a032e319?s=96&d=mm&r=g\",\"url\":\"https:\\\/\\\/secure.gravatar.com\\\/avatar\\\/ae2f4d718e6c49043e314ce431e7e645d646302a24a5ef5a8bc8e3f5a032e319?s=96&d=mm&r=g\",\"contentUrl\":\"https:\\\/\\\/secure.gravatar.com\\\/avatar\\\/ae2f4d718e6c49043e314ce431e7e645d646302a24a5ef5a8bc8e3f5a032e319?s=96&d=mm&r=g\",\"caption\":\"admin\"},\"sameAs\":[\"https:\\\/\\\/www.organisator.ch\"],\"url\":\"https:\\\/\\\/www.organisator.ch\\\/en\\\/author\\\/admin\\\/\"}]}<\/script>\n<!-- \/ Yoast SEO plugin. -->","yoast_head_json":{"title":"Bernhard Heusler: \"... in the end it always comes down to the team\" - Organizer","description":"Bernhard Heusler knows very well how close economic and sporting success can be and how they can drift apart again.","robots":{"index":"index","follow":"follow","max-snippet":"max-snippet:-1","max-image-preview":"max-image-preview:large","max-video-preview":"max-video-preview:-1"},"canonical":"https:\/\/www.organisator.ch\/en\/management\/2023-10-24\/bernhard-heusler-am-schluss-kommt-es-immer-auf-das-team-an\/","og_locale":"en_US","og_type":"article","og_title":"Bernhard Heusler: \u00ab\u2026 am Schluss kommt es immer auf das Team an\u00bb - Organisator","og_description":"Wie nahe wirtschaftlicher und sportlicher Erfolg zusammenliegen und auch wieder auseinanderdriften k\u00f6nnen, weiss Bernhard Heusler bestens.","og_url":"https:\/\/www.organisator.ch\/en\/management\/2023-10-24\/bernhard-heusler-am-schluss-kommt-es-immer-auf-das-team-an\/","og_site_name":"Organisator","article_publisher":"https:\/\/www.facebook.com\/OrganisatorFachmagazin","article_published_time":"2023-10-24T02:18:34+00:00","og_image":[{"width":1400,"height":1101,"url":"https:\/\/www.organisator.ch\/wp-content\/uploads\/2023\/10\/Management_Heusler_Bild_NEU_organisator_68042-scaled.jpg","type":"image\/jpeg"}],"author":"admin","twitter_card":"summary_large_image","schema":{"@context":"https:\/\/schema.org","@graph":[{"@type":"Article","@id":"https:\/\/www.organisator.ch\/management\/2023-10-24\/bernhard-heusler-am-schluss-kommt-es-immer-auf-das-team-an\/#article","isPartOf":{"@id":"https:\/\/www.organisator.ch\/management\/2023-10-24\/bernhard-heusler-am-schluss-kommt-es-immer-auf-das-team-an\/"},"author":{"name":"admin","@id":"https:\/\/www.organisator.ch\/#\/schema\/person\/aa2bace6c5c5aad60102004a50c4eb1c"},"headline":"Bernhard Heusler: \u00ab\u2026 am Schluss kommt es immer auf das Team an\u00bb","datePublished":"2023-10-24T02:18:34+00:00","mainEntityOfPage":{"@id":"https:\/\/www.organisator.ch\/management\/2023-10-24\/bernhard-heusler-am-schluss-kommt-es-immer-auf-das-team-an\/"},"wordCount":2366,"publisher":{"@id":"https:\/\/www.organisator.ch\/#organization"},"image":{"@id":"https:\/\/www.organisator.ch\/management\/2023-10-24\/bernhard-heusler-am-schluss-kommt-es-immer-auf-das-team-an\/#primaryimage"},"thumbnailUrl":"https:\/\/www.organisator.ch\/wp-content\/uploads\/2023\/10\/Management_Heusler_Bild_NEU_organisator_68042-scaled.jpg","keywords":["Buchtipps","Interview","Management und Unternehmensf\u00fchrung","Personalia"],"articleSection":["ABO+","MANAGEMENT"],"inLanguage":"en-US"},{"@type":"WebPage","@id":"https:\/\/www.organisator.ch\/management\/2023-10-24\/bernhard-heusler-am-schluss-kommt-es-immer-auf-das-team-an\/","url":"https:\/\/www.organisator.ch\/management\/2023-10-24\/bernhard-heusler-am-schluss-kommt-es-immer-auf-das-team-an\/","name":"Bernhard Heusler: \"... in the end it always comes down to the team\" - Organizer","isPartOf":{"@id":"https:\/\/www.organisator.ch\/#website"},"primaryImageOfPage":{"@id":"https:\/\/www.organisator.ch\/management\/2023-10-24\/bernhard-heusler-am-schluss-kommt-es-immer-auf-das-team-an\/#primaryimage"},"image":{"@id":"https:\/\/www.organisator.ch\/management\/2023-10-24\/bernhard-heusler-am-schluss-kommt-es-immer-auf-das-team-an\/#primaryimage"},"thumbnailUrl":"https:\/\/www.organisator.ch\/wp-content\/uploads\/2023\/10\/Management_Heusler_Bild_NEU_organisator_68042-scaled.jpg","datePublished":"2023-10-24T02:18:34+00:00","description":"Bernhard Heusler knows very well how close economic and sporting success can be and how they can drift apart again.","breadcrumb":{"@id":"https:\/\/www.organisator.ch\/management\/2023-10-24\/bernhard-heusler-am-schluss-kommt-es-immer-auf-das-team-an\/#breadcrumb"},"inLanguage":"en-US","potentialAction":[{"@type":"ReadAction","target":["https:\/\/www.organisator.ch\/management\/2023-10-24\/bernhard-heusler-am-schluss-kommt-es-immer-auf-das-team-an\/"]}]},{"@type":"ImageObject","inLanguage":"en-US","@id":"https:\/\/www.organisator.ch\/management\/2023-10-24\/bernhard-heusler-am-schluss-kommt-es-immer-auf-das-team-an\/#primaryimage","url":"https:\/\/www.organisator.ch\/wp-content\/uploads\/2023\/10\/Management_Heusler_Bild_NEU_organisator_68042-scaled.jpg","contentUrl":"https:\/\/www.organisator.ch\/wp-content\/uploads\/2023\/10\/Management_Heusler_Bild_NEU_organisator_68042-scaled.jpg","width":1400,"height":1101,"caption":"Bernhard Heusler gibt seine F\u00fchrungserfahrung auch in Buchform weiter. \u00a9 zVg \/ HWH"},{"@type":"BreadcrumbList","@id":"https:\/\/www.organisator.ch\/management\/2023-10-24\/bernhard-heusler-am-schluss-kommt-es-immer-auf-das-team-an\/#breadcrumb","itemListElement":[{"@type":"ListItem","position":1,"name":"Home","item":"https:\/\/www.organisator.ch\/"},{"@type":"ListItem","position":2,"name":"Bernhard Heusler: \u00ab\u2026 am Schluss kommt es immer auf das Team an\u00bb"}]},{"@type":"WebSite","@id":"https:\/\/www.organisator.ch\/#website","url":"https:\/\/www.organisator.ch\/","name":"Organizer","description":"Competent. Practical. In 10 issues per year, ORGANISATOR presents the essential topics for managers of SMEs.","publisher":{"@id":"https:\/\/www.organisator.ch\/#organization"},"potentialAction":[{"@type":"SearchAction","target":{"@type":"EntryPoint","urlTemplate":"https:\/\/www.organisator.ch\/?s={search_term_string}"},"query-input":{"@type":"PropertyValueSpecification","valueRequired":true,"valueName":"search_term_string"}}],"inLanguage":"en-US"},{"@type":"Organization","@id":"https:\/\/www.organisator.ch\/#organization","name":"Organizer","url":"https:\/\/www.organisator.ch\/","logo":{"@type":"ImageObject","inLanguage":"en-US","@id":"https:\/\/www.organisator.ch\/#\/schema\/logo\/image\/","url":"https:\/\/www.organisator.ch\/wp-content\/uploads\/2022\/01\/Logo_Organisator_Website.png","contentUrl":"https:\/\/www.organisator.ch\/wp-content\/uploads\/2022\/01\/Logo_Organisator_Website.png","width":800,"height":77,"caption":"Organisator"},"image":{"@id":"https:\/\/www.organisator.ch\/#\/schema\/logo\/image\/"},"sameAs":["https:\/\/www.facebook.com\/OrganisatorFachmagazin","https:\/\/www.linkedin.com\/showcase\/organisator-das-magazin-fr-kmu","https:\/\/www.xing.com\/news\/pages\/organisator-ch-695","https:\/\/www.youtube.com\/channel\/UCGP2Sq0iWaZwT3BdIAQFYpw"]},{"@type":"Person","@id":"https:\/\/www.organisator.ch\/#\/schema\/person\/aa2bace6c5c5aad60102004a50c4eb1c","name":"admin","image":{"@type":"ImageObject","inLanguage":"en-US","@id":"https:\/\/secure.gravatar.com\/avatar\/ae2f4d718e6c49043e314ce431e7e645d646302a24a5ef5a8bc8e3f5a032e319?s=96&d=mm&r=g","url":"https:\/\/secure.gravatar.com\/avatar\/ae2f4d718e6c49043e314ce431e7e645d646302a24a5ef5a8bc8e3f5a032e319?s=96&d=mm&r=g","contentUrl":"https:\/\/secure.gravatar.com\/avatar\/ae2f4d718e6c49043e314ce431e7e645d646302a24a5ef5a8bc8e3f5a032e319?s=96&d=mm&r=g","caption":"admin"},"sameAs":["https:\/\/www.organisator.ch"],"url":"https:\/\/www.organisator.ch\/en\/author\/admin\/"}]}},"_links":{"self":[{"href":"https:\/\/www.organisator.ch\/en\/wp-json\/wp\/v2\/posts\/22472","targetHints":{"allow":["GET"]}}],"collection":[{"href":"https:\/\/www.organisator.ch\/en\/wp-json\/wp\/v2\/posts"}],"about":[{"href":"https:\/\/www.organisator.ch\/en\/wp-json\/wp\/v2\/types\/post"}],"author":[{"embeddable":true,"href":"https:\/\/www.organisator.ch\/en\/wp-json\/wp\/v2\/users\/1"}],"replies":[{"embeddable":true,"href":"https:\/\/www.organisator.ch\/en\/wp-json\/wp\/v2\/comments?post=22472"}],"version-history":[{"count":2,"href":"https:\/\/www.organisator.ch\/en\/wp-json\/wp\/v2\/posts\/22472\/revisions"}],"predecessor-version":[{"id":22634,"href":"https:\/\/www.organisator.ch\/en\/wp-json\/wp\/v2\/posts\/22472\/revisions\/22634"}],"wp:featuredmedia":[{"embeddable":true,"href":"https:\/\/www.organisator.ch\/en\/wp-json\/wp\/v2\/media\/22470"}],"wp:attachment":[{"href":"https:\/\/www.organisator.ch\/en\/wp-json\/wp\/v2\/media?parent=22472"}],"wp:term":[{"taxonomy":"category","embeddable":true,"href":"https:\/\/www.organisator.ch\/en\/wp-json\/wp\/v2\/categories?post=22472"},{"taxonomy":"post_tag","embeddable":true,"href":"https:\/\/www.organisator.ch\/en\/wp-json\/wp\/v2\/tags?post=22472"}],"curies":[{"name":"wp","href":"https:\/\/api.w.org\/{rel}","templated":true}]}}