{"id":22555,"date":"2023-10-23T21:09:35","date_gmt":"2023-10-23T19:09:35","guid":{"rendered":"https:\/\/www.organisator.ch\/de\/?p=22555"},"modified":"2023-10-23T15:13:07","modified_gmt":"2023-10-23T13:13:07","slug":"hannes-managt-klimaneutralitaet","status":"publish","type":"post","link":"https:\/\/www.organisator.ch\/en\/allgemein\/2023-10-23\/hannes-managt-klimaneutralitaet\/","title":{"rendered":"Hannes manages: Climate neutrality"},"content":{"rendered":"<figure id=\"attachment_22553\" aria-describedby=\"caption-attachment-22553\" style=\"width: 554px\" class=\"wp-caption alignnone\"><img loading=\"lazy\" decoding=\"async\" class=\"size-medium wp-image-22553\" src=\"https:\/\/www.organisator.ch\/wp-content\/uploads\/2023\/10\/Kolumne_Hannes-managt_Bild_organisator_67907-554x1000.jpg\" alt=\"\u00a9 Johannes Lott\" width=\"554\" height=\"1000\" srcset=\"https:\/\/www.organisator.ch\/wp-content\/uploads\/2023\/10\/Kolumne_Hannes-managt_Bild_organisator_67907-554x1000.jpg 554w, https:\/\/www.organisator.ch\/wp-content\/uploads\/2023\/10\/Kolumne_Hannes-managt_Bild_organisator_67907-568x1024.jpg 568w, https:\/\/www.organisator.ch\/wp-content\/uploads\/2023\/10\/Kolumne_Hannes-managt_Bild_organisator_67907-768x1385.jpg 768w, https:\/\/www.organisator.ch\/wp-content\/uploads\/2023\/10\/Kolumne_Hannes-managt_Bild_organisator_67907-7x12.jpg 7w, https:\/\/www.organisator.ch\/wp-content\/uploads\/2023\/10\/Kolumne_Hannes-managt_Bild_organisator_67907-166x300.jpg 166w, https:\/\/www.organisator.ch\/wp-content\/uploads\/2023\/10\/Kolumne_Hannes-managt_Bild_organisator_67907-194x350.jpg 194w, https:\/\/www.organisator.ch\/wp-content\/uploads\/2023\/10\/Kolumne_Hannes-managt_Bild_organisator_67907-444x800.jpg 444w, https:\/\/www.organisator.ch\/wp-content\/uploads\/2023\/10\/Kolumne_Hannes-managt_Bild_organisator_67907-scaled.jpg 776w\" sizes=\"auto, (max-width: 554px) 100vw, 554px\" \/><figcaption id=\"caption-attachment-22553\" class=\"wp-caption-text\">\u00a9 Johannes Lott<\/figcaption><\/figure>\n<p>These ST meetings are new. Since the regular meetings on Monday mornings did not seem to be sufficient for some time, this format was introduced in addition. Because there is simply too much talking, or because requests to speak are no longer based on importance but on \"everything has been said, but not yet by everyone\", topics are strategically outsourced. This has been dubbed topic outsourcing, and such a pretty label has the advantage that the whole construct can be marketed even better internally and externally.<\/p>\n<h3>Climate neutrality is part of this<\/h3>\n<p>After all, what management calls a meeting specifically to address the issue of a shortage of skilled workers, for example? The press jumps on it. Today's ST meeting is about climate neutrality.<\/p>\n<p>After all the meeting participants have installed themselves (in the past, people sat down; today, they look for power rails), they get started. The goal is clear: the company wants to become climate-neutral. Hannes asks why they want to do this. \"You have to do it today, it's good for the climate,\" they say, while secretly thinking, \"It's good for the image!<\/p>\n<p>Hannes has long since understood that the word \"politics\" is part of the company's policy, after all, and it's probably customary to use one trick or another to make things look good, at least on the outside. So the first part belongs to the IT manager. He presents the software used to calculate the company's CO2 emissions. The system uses fashionable red bars to show what all is clouding the greenhouse balance these days. One is somewhat perplexed. On the right-hand side, the IT specialist shows blue bars in a PowerPoint animation - and these are supposed to represent the company's planned countermeasures over the next five years.<\/p>\n<h3>Somewhat resigned<\/h3>\n<p>\"That's never enough,\" is the unanimous feedback from the participants. \"And it doesn't have to be,\" emphasizes the boss. Because compensation is the keyword of the day. The head of finance should now open his coffers and clarify how much of the budget can be taken away from further training, for example, in order to release certificates for compensation. The head of HR then says that this is undoubtedly a marketing measure and that the budget should be siphoned off there.<\/p>\n<p>So once again we are where we always are: with the budget. You want to \"have\", but nobody wants to \"pay\". The compromise: You take a little from each department and cover yourself with certificates. For air miles, for car miles, for fuel. And for fast food, you can even order it directly from the burger supplier. He does both: sells beef and certificates over the same counter. That's exemplary practicality, especially since he gives a volume discount and special discount for an order for the next three years.<\/p>\n<p>The only drawback: It's still not enough. Now the discussions are starting to go round in circles. From \"then we still have to buy certificates abroad\" to the impossible \"maybe we still have to look where we produce less CO2\".<\/p>\n<h3>The idea<\/h3>\n<p>Then suddenly, out of nowhere, comes the idea from the head of purchasing. \"We buy forest in the neighboring country! He had seen that a larger amount of square meters was available there at a very reasonable price from an inheritance from a noble family. This area neutralizes CO2 and that counts as compensation according to the new green standards.<\/p>\n<p>The enthusiasm is great. Because then, when it comes to the budget, everyone really participates. The topic is also the salvation for the training department to finally be able to offer the tree coaching. One now has one's own forest, can hug trees there as if they were one's own colleagues ...<\/p>\n<h3><em>Author<\/em><\/h3>\n<figure id=\"attachment_22554\" aria-describedby=\"caption-attachment-22554\" style=\"width: 235px\" class=\"wp-caption alignnone\"><img loading=\"lazy\" decoding=\"async\" class=\"size-full wp-image-22554\" src=\"https:\/\/www.organisator.ch\/wp-content\/uploads\/2023\/10\/Zu_Gast_Autorenbild_organisator_27333.jpg\" alt=\"\u00a9 Daniela Bologna\" width=\"235\" height=\"271\" srcset=\"https:\/\/www.organisator.ch\/wp-content\/uploads\/2023\/10\/Zu_Gast_Autorenbild_organisator_27333.jpg 235w, https:\/\/www.organisator.ch\/wp-content\/uploads\/2023\/10\/Zu_Gast_Autorenbild_organisator_27333-10x12.jpg 10w\" sizes=\"auto, (max-width: 235px) 100vw, 235px\" \/><figcaption id=\"caption-attachment-22554\" class=\"wp-caption-text\">\u00a9 Daniela Bologna<\/figcaption><\/figure>\n<p><em>Stefan H\u00e4seli is a communications trainer, keynote speaker, moderator and author of several books. He runs a training company in eastern Switzerland.<\/em><\/p>","protected":false},"excerpt":{"rendered":"<p>Today is another \"ST\", a so-called special topics meeting, of the company's management. As a member of this committee, Hannes is a set participant ...<\/p>","protected":false},"author":1,"featured_media":22553,"comment_status":"closed","ping_status":"closed","sticky":false,"template":"","format":"standard","meta":{"_acf_changed":false,"_yoast_wpseo_focuskw":"Klimaneutralit\u00e4t","_yoast_wpseo_metadesc":"Heute ist zur Klimaneutralit\u00e4t wieder so ein \"ST\", ein sogenanntes Special-Themen-Meeting, der Gesch\u00e4ftsleitung im Unternehmen angesagt...","articlekey":"58836","footnotes":""},"categories":[578,1],"tags":[306,334,335],"class_list":["post-22555","post","type-post","status-publish","format-standard","has-post-thumbnail","hentry","category-abo","category-allgemein","tag-kolumne","tag-management","tag-management-und-unternehmensfuehrung"],"acf":[],"yoast_head":"<!-- This site is optimized with the Yoast SEO plugin v27.5 - https:\/\/yoast.com\/product\/yoast-seo-wordpress\/ -->\n<title>Hannes managt: Klimaneutralit\u00e4t - Organisator<\/title>\n<meta name=\"description\" content=\"Heute ist zur Klimaneutralit\u00e4t wieder so ein &quot;ST&quot;, ein sogenanntes Special-Themen-Meeting, der Gesch\u00e4ftsleitung im Unternehmen angesagt...\" \/>\n<meta name=\"robots\" content=\"index, follow, max-snippet:-1, max-image-preview:large, max-video-preview:-1\" \/>\n<link rel=\"canonical\" href=\"https:\/\/www.organisator.ch\/en\/general\/2023-10-23\/hannes-managt-klimaneutralitaet\/\" \/>\n<meta property=\"og:locale\" content=\"en_US\" \/>\n<meta property=\"og:type\" content=\"article\" \/>\n<meta property=\"og:title\" content=\"Hannes managt: Klimaneutralit\u00e4t - Organisator\" \/>\n<meta property=\"og:description\" content=\"Heute ist zur Klimaneutralit\u00e4t wieder so ein &quot;ST&quot;, ein sogenanntes Special-Themen-Meeting, der Gesch\u00e4ftsleitung im Unternehmen angesagt...\" \/>\n<meta property=\"og:url\" content=\"https:\/\/www.organisator.ch\/en\/general\/2023-10-23\/hannes-managt-klimaneutralitaet\/\" \/>\n<meta property=\"og:site_name\" content=\"Organisator\" \/>\n<meta property=\"article:publisher\" content=\"https:\/\/www.facebook.com\/OrganisatorFachmagazin\" \/>\n<meta property=\"article:published_time\" content=\"2023-10-23T19:09:35+00:00\" \/>\n<meta property=\"og:image\" content=\"https:\/\/www.organisator.ch\/wp-content\/uploads\/2023\/10\/Kolumne_Hannes-managt_Bild_organisator_67907-scaled.jpg\" \/>\n\t<meta property=\"og:image:width\" content=\"776\" \/>\n\t<meta property=\"og:image:height\" content=\"1400\" \/>\n\t<meta property=\"og:image:type\" content=\"image\/jpeg\" \/>\n<meta name=\"author\" content=\"admin\" \/>\n<meta name=\"twitter:card\" content=\"summary_large_image\" \/>\n<script type=\"application\/ld+json\" class=\"yoast-schema-graph\">{\"@context\":\"https:\\\/\\\/schema.org\",\"@graph\":[{\"@type\":\"Article\",\"@id\":\"https:\\\/\\\/www.organisator.ch\\\/allgemein\\\/2023-10-23\\\/hannes-managt-klimaneutralitaet\\\/#article\",\"isPartOf\":{\"@id\":\"https:\\\/\\\/www.organisator.ch\\\/allgemein\\\/2023-10-23\\\/hannes-managt-klimaneutralitaet\\\/\"},\"author\":{\"name\":\"admin\",\"@id\":\"https:\\\/\\\/www.organisator.ch\\\/#\\\/schema\\\/person\\\/aa2bace6c5c5aad60102004a50c4eb1c\"},\"headline\":\"Hannes managt: Klimaneutralit\u00e4t\",\"datePublished\":\"2023-10-23T19:09:35+00:00\",\"mainEntityOfPage\":{\"@id\":\"https:\\\/\\\/www.organisator.ch\\\/allgemein\\\/2023-10-23\\\/hannes-managt-klimaneutralitaet\\\/\"},\"wordCount\":636,\"publisher\":{\"@id\":\"https:\\\/\\\/www.organisator.ch\\\/#organization\"},\"image\":{\"@id\":\"https:\\\/\\\/www.organisator.ch\\\/allgemein\\\/2023-10-23\\\/hannes-managt-klimaneutralitaet\\\/#primaryimage\"},\"thumbnailUrl\":\"https:\\\/\\\/www.organisator.ch\\\/wp-content\\\/uploads\\\/2023\\\/10\\\/Kolumne_Hannes-managt_Bild_organisator_67907-scaled.jpg\",\"keywords\":[\"Kolumne\",\"Management\",\"Management und Unternehmensf\u00fchrung\"],\"articleSection\":[\"ABO+\",\"Allgemein\"],\"inLanguage\":\"en-US\"},{\"@type\":\"WebPage\",\"@id\":\"https:\\\/\\\/www.organisator.ch\\\/allgemein\\\/2023-10-23\\\/hannes-managt-klimaneutralitaet\\\/\",\"url\":\"https:\\\/\\\/www.organisator.ch\\\/allgemein\\\/2023-10-23\\\/hannes-managt-klimaneutralitaet\\\/\",\"name\":\"Hannes managt: Klimaneutralit\u00e4t - Organisator\",\"isPartOf\":{\"@id\":\"https:\\\/\\\/www.organisator.ch\\\/#website\"},\"primaryImageOfPage\":{\"@id\":\"https:\\\/\\\/www.organisator.ch\\\/allgemein\\\/2023-10-23\\\/hannes-managt-klimaneutralitaet\\\/#primaryimage\"},\"image\":{\"@id\":\"https:\\\/\\\/www.organisator.ch\\\/allgemein\\\/2023-10-23\\\/hannes-managt-klimaneutralitaet\\\/#primaryimage\"},\"thumbnailUrl\":\"https:\\\/\\\/www.organisator.ch\\\/wp-content\\\/uploads\\\/2023\\\/10\\\/Kolumne_Hannes-managt_Bild_organisator_67907-scaled.jpg\",\"datePublished\":\"2023-10-23T19:09:35+00:00\",\"description\":\"Heute ist zur Klimaneutralit\u00e4t wieder so ein \\\"ST\\\", ein sogenanntes Special-Themen-Meeting, der Gesch\u00e4ftsleitung im Unternehmen angesagt...\",\"breadcrumb\":{\"@id\":\"https:\\\/\\\/www.organisator.ch\\\/allgemein\\\/2023-10-23\\\/hannes-managt-klimaneutralitaet\\\/#breadcrumb\"},\"inLanguage\":\"en-US\",\"potentialAction\":[{\"@type\":\"ReadAction\",\"target\":[\"https:\\\/\\\/www.organisator.ch\\\/allgemein\\\/2023-10-23\\\/hannes-managt-klimaneutralitaet\\\/\"]}]},{\"@type\":\"ImageObject\",\"inLanguage\":\"en-US\",\"@id\":\"https:\\\/\\\/www.organisator.ch\\\/allgemein\\\/2023-10-23\\\/hannes-managt-klimaneutralitaet\\\/#primaryimage\",\"url\":\"https:\\\/\\\/www.organisator.ch\\\/wp-content\\\/uploads\\\/2023\\\/10\\\/Kolumne_Hannes-managt_Bild_organisator_67907-scaled.jpg\",\"contentUrl\":\"https:\\\/\\\/www.organisator.ch\\\/wp-content\\\/uploads\\\/2023\\\/10\\\/Kolumne_Hannes-managt_Bild_organisator_67907-scaled.jpg\",\"width\":776,\"height\":1400,\"caption\":\"\u00a9 Johannes Lott\"},{\"@type\":\"BreadcrumbList\",\"@id\":\"https:\\\/\\\/www.organisator.ch\\\/allgemein\\\/2023-10-23\\\/hannes-managt-klimaneutralitaet\\\/#breadcrumb\",\"itemListElement\":[{\"@type\":\"ListItem\",\"position\":1,\"name\":\"Home\",\"item\":\"https:\\\/\\\/www.organisator.ch\\\/\"},{\"@type\":\"ListItem\",\"position\":2,\"name\":\"Hannes managt: Klimaneutralit\u00e4t\"}]},{\"@type\":\"WebSite\",\"@id\":\"https:\\\/\\\/www.organisator.ch\\\/#website\",\"url\":\"https:\\\/\\\/www.organisator.ch\\\/\",\"name\":\"Organisator\",\"description\":\"Kompetent. Praxisnah. Der ORGANISATOR bereitet in 10 Ausgaben pro Jahr die wesentlichen Themen f\u00fcr F\u00fchrungskr\u00e4fte von KMU auf.\",\"publisher\":{\"@id\":\"https:\\\/\\\/www.organisator.ch\\\/#organization\"},\"potentialAction\":[{\"@type\":\"SearchAction\",\"target\":{\"@type\":\"EntryPoint\",\"urlTemplate\":\"https:\\\/\\\/www.organisator.ch\\\/?s={search_term_string}\"},\"query-input\":{\"@type\":\"PropertyValueSpecification\",\"valueRequired\":true,\"valueName\":\"search_term_string\"}}],\"inLanguage\":\"en-US\"},{\"@type\":\"Organization\",\"@id\":\"https:\\\/\\\/www.organisator.ch\\\/#organization\",\"name\":\"Organisator\",\"url\":\"https:\\\/\\\/www.organisator.ch\\\/\",\"logo\":{\"@type\":\"ImageObject\",\"inLanguage\":\"en-US\",\"@id\":\"https:\\\/\\\/www.organisator.ch\\\/#\\\/schema\\\/logo\\\/image\\\/\",\"url\":\"https:\\\/\\\/www.organisator.ch\\\/wp-content\\\/uploads\\\/2022\\\/01\\\/Logo_Organisator_Website.png\",\"contentUrl\":\"https:\\\/\\\/www.organisator.ch\\\/wp-content\\\/uploads\\\/2022\\\/01\\\/Logo_Organisator_Website.png\",\"width\":800,\"height\":77,\"caption\":\"Organisator\"},\"image\":{\"@id\":\"https:\\\/\\\/www.organisator.ch\\\/#\\\/schema\\\/logo\\\/image\\\/\"},\"sameAs\":[\"https:\\\/\\\/www.facebook.com\\\/OrganisatorFachmagazin\",\"https:\\\/\\\/www.linkedin.com\\\/showcase\\\/organisator-das-magazin-fr-kmu\",\"https:\\\/\\\/www.xing.com\\\/news\\\/pages\\\/organisator-ch-695\",\"https:\\\/\\\/www.youtube.com\\\/channel\\\/UCGP2Sq0iWaZwT3BdIAQFYpw\"]},{\"@type\":\"Person\",\"@id\":\"https:\\\/\\\/www.organisator.ch\\\/#\\\/schema\\\/person\\\/aa2bace6c5c5aad60102004a50c4eb1c\",\"name\":\"admin\",\"image\":{\"@type\":\"ImageObject\",\"inLanguage\":\"en-US\",\"@id\":\"https:\\\/\\\/secure.gravatar.com\\\/avatar\\\/ae2f4d718e6c49043e314ce431e7e645d646302a24a5ef5a8bc8e3f5a032e319?s=96&d=mm&r=g\",\"url\":\"https:\\\/\\\/secure.gravatar.com\\\/avatar\\\/ae2f4d718e6c49043e314ce431e7e645d646302a24a5ef5a8bc8e3f5a032e319?s=96&d=mm&r=g\",\"contentUrl\":\"https:\\\/\\\/secure.gravatar.com\\\/avatar\\\/ae2f4d718e6c49043e314ce431e7e645d646302a24a5ef5a8bc8e3f5a032e319?s=96&d=mm&r=g\",\"caption\":\"admin\"},\"sameAs\":[\"https:\\\/\\\/www.organisator.ch\"],\"url\":\"https:\\\/\\\/www.organisator.ch\\\/en\\\/author\\\/admin\\\/\"}]}<\/script>\n<!-- \/ Yoast SEO plugin. -->","yoast_head_json":{"title":"Hannes manages: Climate neutrality - Organizer","description":"Today, another \"ST\", a so-called special topic meeting, of the company's management is scheduled for climate neutrality...","robots":{"index":"index","follow":"follow","max-snippet":"max-snippet:-1","max-image-preview":"max-image-preview:large","max-video-preview":"max-video-preview:-1"},"canonical":"https:\/\/www.organisator.ch\/en\/general\/2023-10-23\/hannes-managt-klimaneutralitaet\/","og_locale":"en_US","og_type":"article","og_title":"Hannes managt: Klimaneutralit\u00e4t - Organisator","og_description":"Heute ist zur Klimaneutralit\u00e4t wieder so ein \"ST\", ein sogenanntes Special-Themen-Meeting, der Gesch\u00e4ftsleitung im Unternehmen angesagt...","og_url":"https:\/\/www.organisator.ch\/en\/general\/2023-10-23\/hannes-managt-klimaneutralitaet\/","og_site_name":"Organisator","article_publisher":"https:\/\/www.facebook.com\/OrganisatorFachmagazin","article_published_time":"2023-10-23T19:09:35+00:00","og_image":[{"width":776,"height":1400,"url":"https:\/\/www.organisator.ch\/wp-content\/uploads\/2023\/10\/Kolumne_Hannes-managt_Bild_organisator_67907-scaled.jpg","type":"image\/jpeg"}],"author":"admin","twitter_card":"summary_large_image","schema":{"@context":"https:\/\/schema.org","@graph":[{"@type":"Article","@id":"https:\/\/www.organisator.ch\/allgemein\/2023-10-23\/hannes-managt-klimaneutralitaet\/#article","isPartOf":{"@id":"https:\/\/www.organisator.ch\/allgemein\/2023-10-23\/hannes-managt-klimaneutralitaet\/"},"author":{"name":"admin","@id":"https:\/\/www.organisator.ch\/#\/schema\/person\/aa2bace6c5c5aad60102004a50c4eb1c"},"headline":"Hannes managt: Klimaneutralit\u00e4t","datePublished":"2023-10-23T19:09:35+00:00","mainEntityOfPage":{"@id":"https:\/\/www.organisator.ch\/allgemein\/2023-10-23\/hannes-managt-klimaneutralitaet\/"},"wordCount":636,"publisher":{"@id":"https:\/\/www.organisator.ch\/#organization"},"image":{"@id":"https:\/\/www.organisator.ch\/allgemein\/2023-10-23\/hannes-managt-klimaneutralitaet\/#primaryimage"},"thumbnailUrl":"https:\/\/www.organisator.ch\/wp-content\/uploads\/2023\/10\/Kolumne_Hannes-managt_Bild_organisator_67907-scaled.jpg","keywords":["Kolumne","Management","Management und Unternehmensf\u00fchrung"],"articleSection":["ABO+","Allgemein"],"inLanguage":"en-US"},{"@type":"WebPage","@id":"https:\/\/www.organisator.ch\/allgemein\/2023-10-23\/hannes-managt-klimaneutralitaet\/","url":"https:\/\/www.organisator.ch\/allgemein\/2023-10-23\/hannes-managt-klimaneutralitaet\/","name":"Hannes manages: Climate neutrality - Organizer","isPartOf":{"@id":"https:\/\/www.organisator.ch\/#website"},"primaryImageOfPage":{"@id":"https:\/\/www.organisator.ch\/allgemein\/2023-10-23\/hannes-managt-klimaneutralitaet\/#primaryimage"},"image":{"@id":"https:\/\/www.organisator.ch\/allgemein\/2023-10-23\/hannes-managt-klimaneutralitaet\/#primaryimage"},"thumbnailUrl":"https:\/\/www.organisator.ch\/wp-content\/uploads\/2023\/10\/Kolumne_Hannes-managt_Bild_organisator_67907-scaled.jpg","datePublished":"2023-10-23T19:09:35+00:00","description":"Today, another \"ST\", a so-called special topic meeting, of the company's management is scheduled for climate neutrality...","breadcrumb":{"@id":"https:\/\/www.organisator.ch\/allgemein\/2023-10-23\/hannes-managt-klimaneutralitaet\/#breadcrumb"},"inLanguage":"en-US","potentialAction":[{"@type":"ReadAction","target":["https:\/\/www.organisator.ch\/allgemein\/2023-10-23\/hannes-managt-klimaneutralitaet\/"]}]},{"@type":"ImageObject","inLanguage":"en-US","@id":"https:\/\/www.organisator.ch\/allgemein\/2023-10-23\/hannes-managt-klimaneutralitaet\/#primaryimage","url":"https:\/\/www.organisator.ch\/wp-content\/uploads\/2023\/10\/Kolumne_Hannes-managt_Bild_organisator_67907-scaled.jpg","contentUrl":"https:\/\/www.organisator.ch\/wp-content\/uploads\/2023\/10\/Kolumne_Hannes-managt_Bild_organisator_67907-scaled.jpg","width":776,"height":1400,"caption":"\u00a9 Johannes Lott"},{"@type":"BreadcrumbList","@id":"https:\/\/www.organisator.ch\/allgemein\/2023-10-23\/hannes-managt-klimaneutralitaet\/#breadcrumb","itemListElement":[{"@type":"ListItem","position":1,"name":"Home","item":"https:\/\/www.organisator.ch\/"},{"@type":"ListItem","position":2,"name":"Hannes managt: Klimaneutralit\u00e4t"}]},{"@type":"WebSite","@id":"https:\/\/www.organisator.ch\/#website","url":"https:\/\/www.organisator.ch\/","name":"Organizer","description":"Competent. Practical. In 10 issues per year, ORGANISATOR presents the essential topics for managers of SMEs.","publisher":{"@id":"https:\/\/www.organisator.ch\/#organization"},"potentialAction":[{"@type":"SearchAction","target":{"@type":"EntryPoint","urlTemplate":"https:\/\/www.organisator.ch\/?s={search_term_string}"},"query-input":{"@type":"PropertyValueSpecification","valueRequired":true,"valueName":"search_term_string"}}],"inLanguage":"en-US"},{"@type":"Organization","@id":"https:\/\/www.organisator.ch\/#organization","name":"Organizer","url":"https:\/\/www.organisator.ch\/","logo":{"@type":"ImageObject","inLanguage":"en-US","@id":"https:\/\/www.organisator.ch\/#\/schema\/logo\/image\/","url":"https:\/\/www.organisator.ch\/wp-content\/uploads\/2022\/01\/Logo_Organisator_Website.png","contentUrl":"https:\/\/www.organisator.ch\/wp-content\/uploads\/2022\/01\/Logo_Organisator_Website.png","width":800,"height":77,"caption":"Organisator"},"image":{"@id":"https:\/\/www.organisator.ch\/#\/schema\/logo\/image\/"},"sameAs":["https:\/\/www.facebook.com\/OrganisatorFachmagazin","https:\/\/www.linkedin.com\/showcase\/organisator-das-magazin-fr-kmu","https:\/\/www.xing.com\/news\/pages\/organisator-ch-695","https:\/\/www.youtube.com\/channel\/UCGP2Sq0iWaZwT3BdIAQFYpw"]},{"@type":"Person","@id":"https:\/\/www.organisator.ch\/#\/schema\/person\/aa2bace6c5c5aad60102004a50c4eb1c","name":"admin","image":{"@type":"ImageObject","inLanguage":"en-US","@id":"https:\/\/secure.gravatar.com\/avatar\/ae2f4d718e6c49043e314ce431e7e645d646302a24a5ef5a8bc8e3f5a032e319?s=96&d=mm&r=g","url":"https:\/\/secure.gravatar.com\/avatar\/ae2f4d718e6c49043e314ce431e7e645d646302a24a5ef5a8bc8e3f5a032e319?s=96&d=mm&r=g","contentUrl":"https:\/\/secure.gravatar.com\/avatar\/ae2f4d718e6c49043e314ce431e7e645d646302a24a5ef5a8bc8e3f5a032e319?s=96&d=mm&r=g","caption":"admin"},"sameAs":["https:\/\/www.organisator.ch"],"url":"https:\/\/www.organisator.ch\/en\/author\/admin\/"}]}},"_links":{"self":[{"href":"https:\/\/www.organisator.ch\/en\/wp-json\/wp\/v2\/posts\/22555","targetHints":{"allow":["GET"]}}],"collection":[{"href":"https:\/\/www.organisator.ch\/en\/wp-json\/wp\/v2\/posts"}],"about":[{"href":"https:\/\/www.organisator.ch\/en\/wp-json\/wp\/v2\/types\/post"}],"author":[{"embeddable":true,"href":"https:\/\/www.organisator.ch\/en\/wp-json\/wp\/v2\/users\/1"}],"replies":[{"embeddable":true,"href":"https:\/\/www.organisator.ch\/en\/wp-json\/wp\/v2\/comments?post=22555"}],"version-history":[{"count":2,"href":"https:\/\/www.organisator.ch\/en\/wp-json\/wp\/v2\/posts\/22555\/revisions"}],"predecessor-version":[{"id":22611,"href":"https:\/\/www.organisator.ch\/en\/wp-json\/wp\/v2\/posts\/22555\/revisions\/22611"}],"wp:featuredmedia":[{"embeddable":true,"href":"https:\/\/www.organisator.ch\/en\/wp-json\/wp\/v2\/media\/22553"}],"wp:attachment":[{"href":"https:\/\/www.organisator.ch\/en\/wp-json\/wp\/v2\/media?parent=22555"}],"wp:term":[{"taxonomy":"category","embeddable":true,"href":"https:\/\/www.organisator.ch\/en\/wp-json\/wp\/v2\/categories?post=22555"},{"taxonomy":"post_tag","embeddable":true,"href":"https:\/\/www.organisator.ch\/en\/wp-json\/wp\/v2\/tags?post=22555"}],"curies":[{"name":"wp","href":"https:\/\/api.w.org\/{rel}","templated":true}]}}