{"id":22672,"date":"2023-10-24T08:20:00","date_gmt":"2023-10-24T06:20:00","guid":{"rendered":"https:\/\/www.organisator.ch\/de\/?p=22672"},"modified":"2023-10-24T08:22:17","modified_gmt":"2023-10-24T06:22:17","slug":"fuer-flexibilitaet-in-der-beruflichen-vorsorge-3","status":"publish","type":"post","link":"https:\/\/www.organisator.ch\/en\/allgemein\/2023-10-24\/fuer-flexibilitaet-in-der-beruflichen-vorsorge-3\/","title":{"rendered":"For flexibility in occupational pension provision"},"content":{"rendered":"<p><img loading=\"lazy\" decoding=\"async\" class=\"alignnone size-medium wp-image-22671\" src=\"https:\/\/www.organisator.ch\/wp-content\/uploads\/2023\/10\/PR_Bild_tellco_kmu_attraktiv_cmyk_organisator_47656-680x641.jpg\" alt=\"\" width=\"680\" height=\"641\" srcset=\"https:\/\/www.organisator.ch\/wp-content\/uploads\/2023\/10\/PR_Bild_tellco_kmu_attraktiv_cmyk_organisator_47656-680x641.jpg 680w, https:\/\/www.organisator.ch\/wp-content\/uploads\/2023\/10\/PR_Bild_tellco_kmu_attraktiv_cmyk_organisator_47656-1024x965.jpg 1024w, https:\/\/www.organisator.ch\/wp-content\/uploads\/2023\/10\/PR_Bild_tellco_kmu_attraktiv_cmyk_organisator_47656-768x723.jpg 768w, https:\/\/www.organisator.ch\/wp-content\/uploads\/2023\/10\/PR_Bild_tellco_kmu_attraktiv_cmyk_organisator_47656-13x12.jpg 13w, https:\/\/www.organisator.ch\/wp-content\/uploads\/2023\/10\/PR_Bild_tellco_kmu_attraktiv_cmyk_organisator_47656-318x300.jpg 318w, https:\/\/www.organisator.ch\/wp-content\/uploads\/2023\/10\/PR_Bild_tellco_kmu_attraktiv_cmyk_organisator_47656-372x350.jpg 372w, https:\/\/www.organisator.ch\/wp-content\/uploads\/2023\/10\/PR_Bild_tellco_kmu_attraktiv_cmyk_organisator_47656-849x800.jpg 849w, https:\/\/www.organisator.ch\/wp-content\/uploads\/2023\/10\/PR_Bild_tellco_kmu_attraktiv_cmyk_organisator_47656.jpg 1240w\" sizes=\"auto, (max-width: 680px) 100vw, 680px\" \/><\/p>\n<p>Do you immediately think of flexibility when it comes to occupational pension plans? No? Then you are probably not alone. The pension fund is provision for the time after retirement and is therefore primarily associated with security and continuity. Tellco pk, however, is convinced that flexibility must also be an important attribute of a pension fund. Because just as companies change, their pension provision should also be able to adapt.<\/p>\n<blockquote>\n<h3>Extra:<\/h3>\n<p>The flexibility of Tellco pk is also reflected in the due dates of the savings premiums. Most of the premiums are not due until the end of the year, giving companies more time and planning security. Incidentally, those who pay before the due date receive an interest rate of 1% on the amount.<\/p><\/blockquote>\n<h3><\/h3>\n<h3>Individual choices<\/h3>\n<p>What is remarkable about Tellco pk is its individualized approach: \"We believe that occupational pension provision cannot be thought of in static terms: It should grow with the company.\" That's why Tellco pk gives affiliated companies the option of choosing the one that suits them best from a range of offerings, and can even adjust it annually free of charge.<\/p>\n<p>There are three so-called compartments to choose from: PRO, PULSE and INDIVIDUA. They differ in terms of investment strategy - from security to return-oriented - and the option of defining individual components of the pension fund solution yourself.<\/p>\n<p>With PRO, with a strategic equity allocation of 25%, the focus is on stability: price fluctuations remain low and assets grow moderately but regularly.<\/p>\n<p>With PULSE, on the other hand, the focus is on growth: a higher strategic equity component of 40% ensures more opportunities, but also greater price fluctuations under certain circumstances.<\/p>\n<p>Finally, with INDIVIDUA, the insured company calls the shots: whether asset manager or custodian, direct investments or funds, choice of conversion rate and more - the pension fund commission decides.<\/p>\n<p>While the PRO and PULSE compartments are suitable for all companies, the INDIVIDUA option is a special solution for companies with 50 or more insured employees and investment capital of at least CHF 20 million.<\/p>\n<h3><strong>Leading Swiss pension fund<\/strong><\/h3>\n<p>Tellco pk is one of the most important pension funds on the Swiss market. With continuous growth, it currently has around 10,000 affiliated companies and 95,000 insured persons. It manages total assets of around CHF 4.26 billion (as of the end of 2022).<\/p>\n<p><a href=\"https:\/\/www.tellco.ch\/berufliche-vorsorge\/arbeitgeber\/\">tellco.ch\/kmu<\/a><\/p>","protected":false},"excerpt":{"rendered":"<p>PUBLIREPORTAGE Tellco pk has internalized flexibility, because individual solutions that address the current circumstances of its affiliated companies are standard at the Schwyzer Pensionskasse.<\/p>","protected":false},"author":1,"featured_media":22671,"comment_status":"closed","ping_status":"closed","sticky":false,"template":"","format":"standard","meta":{"_acf_changed":false,"_yoast_wpseo_focuskw":"Flexibilit\u00e4t","_yoast_wpseo_metadesc":"Die Tellco pk hat Flexibilit\u00e4t verinnerlicht, denn bei der Schwyzer Pensionskasse sind individuelle L\u00f6sungen Standard.","articlekey":"67999","footnotes":""},"categories":[1],"tags":[2921,2696],"class_list":["post-22672","post","type-post","status-publish","format-standard","has-post-thumbnail","hentry","category-allgemein","tag-berufliche-vorsorge","tag-publireportage"],"acf":[],"yoast_head":"<!-- This site is optimized with the Yoast SEO plugin v27.4 - https:\/\/yoast.com\/product\/yoast-seo-wordpress\/ -->\n<title>F\u00fcr Flexibilit\u00e4t in der beruflichen Vorsorge - Organisator<\/title>\n<meta name=\"description\" content=\"Die Tellco pk hat Flexibilit\u00e4t verinnerlicht, denn bei der Schwyzer Pensionskasse sind individuelle L\u00f6sungen Standard.\" \/>\n<meta name=\"robots\" content=\"index, follow, max-snippet:-1, max-image-preview:large, max-video-preview:-1\" \/>\n<link rel=\"canonical\" href=\"https:\/\/www.organisator.ch\/en\/general\/2023-10-24\/fuer-flexibilitaet-in-der-beruflichen-vorsorge-3\/\" \/>\n<meta property=\"og:locale\" content=\"en_US\" \/>\n<meta property=\"og:type\" content=\"article\" \/>\n<meta property=\"og:title\" content=\"F\u00fcr Flexibilit\u00e4t in der beruflichen Vorsorge - Organisator\" \/>\n<meta property=\"og:description\" content=\"Die Tellco pk hat Flexibilit\u00e4t verinnerlicht, denn bei der Schwyzer Pensionskasse sind individuelle L\u00f6sungen Standard.\" \/>\n<meta property=\"og:url\" content=\"https:\/\/www.organisator.ch\/en\/general\/2023-10-24\/fuer-flexibilitaet-in-der-beruflichen-vorsorge-3\/\" \/>\n<meta property=\"og:site_name\" content=\"Organisator\" \/>\n<meta property=\"article:publisher\" content=\"https:\/\/www.facebook.com\/OrganisatorFachmagazin\" \/>\n<meta property=\"article:published_time\" content=\"2023-10-24T06:20:00+00:00\" \/>\n<meta property=\"article:modified_time\" content=\"2023-10-24T06:22:17+00:00\" \/>\n<meta property=\"og:image\" content=\"https:\/\/www.organisator.ch\/wp-content\/uploads\/2023\/10\/PR_Bild_tellco_kmu_attraktiv_cmyk_organisator_47656.jpg\" \/>\n\t<meta property=\"og:image:width\" content=\"1240\" \/>\n\t<meta property=\"og:image:height\" content=\"1168\" \/>\n\t<meta property=\"og:image:type\" content=\"image\/jpeg\" \/>\n<meta name=\"author\" content=\"admin\" \/>\n<meta name=\"twitter:card\" content=\"summary_large_image\" \/>\n<script type=\"application\/ld+json\" class=\"yoast-schema-graph\">{\"@context\":\"https:\\\/\\\/schema.org\",\"@graph\":[{\"@type\":\"Article\",\"@id\":\"https:\\\/\\\/www.organisator.ch\\\/allgemein\\\/2023-10-24\\\/fuer-flexibilitaet-in-der-beruflichen-vorsorge-3\\\/#article\",\"isPartOf\":{\"@id\":\"https:\\\/\\\/www.organisator.ch\\\/allgemein\\\/2023-10-24\\\/fuer-flexibilitaet-in-der-beruflichen-vorsorge-3\\\/\"},\"author\":{\"name\":\"admin\",\"@id\":\"https:\\\/\\\/www.organisator.ch\\\/#\\\/schema\\\/person\\\/aa2bace6c5c5aad60102004a50c4eb1c\"},\"headline\":\"F\u00fcr Flexibilit\u00e4t in der beruflichen Vorsorge\",\"datePublished\":\"2023-10-24T06:20:00+00:00\",\"dateModified\":\"2023-10-24T06:22:17+00:00\",\"mainEntityOfPage\":{\"@id\":\"https:\\\/\\\/www.organisator.ch\\\/allgemein\\\/2023-10-24\\\/fuer-flexibilitaet-in-der-beruflichen-vorsorge-3\\\/\"},\"wordCount\":395,\"publisher\":{\"@id\":\"https:\\\/\\\/www.organisator.ch\\\/#organization\"},\"image\":{\"@id\":\"https:\\\/\\\/www.organisator.ch\\\/allgemein\\\/2023-10-24\\\/fuer-flexibilitaet-in-der-beruflichen-vorsorge-3\\\/#primaryimage\"},\"thumbnailUrl\":\"https:\\\/\\\/www.organisator.ch\\\/wp-content\\\/uploads\\\/2023\\\/10\\\/PR_Bild_tellco_kmu_attraktiv_cmyk_organisator_47656.jpg\",\"keywords\":[\"Berufliche Vorsorge\",\"Publireportage\"],\"articleSection\":[\"Allgemein\"],\"inLanguage\":\"en-US\"},{\"@type\":\"WebPage\",\"@id\":\"https:\\\/\\\/www.organisator.ch\\\/allgemein\\\/2023-10-24\\\/fuer-flexibilitaet-in-der-beruflichen-vorsorge-3\\\/\",\"url\":\"https:\\\/\\\/www.organisator.ch\\\/allgemein\\\/2023-10-24\\\/fuer-flexibilitaet-in-der-beruflichen-vorsorge-3\\\/\",\"name\":\"F\u00fcr Flexibilit\u00e4t in der beruflichen Vorsorge - Organisator\",\"isPartOf\":{\"@id\":\"https:\\\/\\\/www.organisator.ch\\\/#website\"},\"primaryImageOfPage\":{\"@id\":\"https:\\\/\\\/www.organisator.ch\\\/allgemein\\\/2023-10-24\\\/fuer-flexibilitaet-in-der-beruflichen-vorsorge-3\\\/#primaryimage\"},\"image\":{\"@id\":\"https:\\\/\\\/www.organisator.ch\\\/allgemein\\\/2023-10-24\\\/fuer-flexibilitaet-in-der-beruflichen-vorsorge-3\\\/#primaryimage\"},\"thumbnailUrl\":\"https:\\\/\\\/www.organisator.ch\\\/wp-content\\\/uploads\\\/2023\\\/10\\\/PR_Bild_tellco_kmu_attraktiv_cmyk_organisator_47656.jpg\",\"datePublished\":\"2023-10-24T06:20:00+00:00\",\"dateModified\":\"2023-10-24T06:22:17+00:00\",\"description\":\"Die Tellco pk hat Flexibilit\u00e4t verinnerlicht, denn bei der Schwyzer Pensionskasse sind individuelle L\u00f6sungen Standard.\",\"breadcrumb\":{\"@id\":\"https:\\\/\\\/www.organisator.ch\\\/allgemein\\\/2023-10-24\\\/fuer-flexibilitaet-in-der-beruflichen-vorsorge-3\\\/#breadcrumb\"},\"inLanguage\":\"en-US\",\"potentialAction\":[{\"@type\":\"ReadAction\",\"target\":[\"https:\\\/\\\/www.organisator.ch\\\/allgemein\\\/2023-10-24\\\/fuer-flexibilitaet-in-der-beruflichen-vorsorge-3\\\/\"]}]},{\"@type\":\"ImageObject\",\"inLanguage\":\"en-US\",\"@id\":\"https:\\\/\\\/www.organisator.ch\\\/allgemein\\\/2023-10-24\\\/fuer-flexibilitaet-in-der-beruflichen-vorsorge-3\\\/#primaryimage\",\"url\":\"https:\\\/\\\/www.organisator.ch\\\/wp-content\\\/uploads\\\/2023\\\/10\\\/PR_Bild_tellco_kmu_attraktiv_cmyk_organisator_47656.jpg\",\"contentUrl\":\"https:\\\/\\\/www.organisator.ch\\\/wp-content\\\/uploads\\\/2023\\\/10\\\/PR_Bild_tellco_kmu_attraktiv_cmyk_organisator_47656.jpg\",\"width\":1240,\"height\":1168},{\"@type\":\"BreadcrumbList\",\"@id\":\"https:\\\/\\\/www.organisator.ch\\\/allgemein\\\/2023-10-24\\\/fuer-flexibilitaet-in-der-beruflichen-vorsorge-3\\\/#breadcrumb\",\"itemListElement\":[{\"@type\":\"ListItem\",\"position\":1,\"name\":\"Home\",\"item\":\"https:\\\/\\\/www.organisator.ch\\\/\"},{\"@type\":\"ListItem\",\"position\":2,\"name\":\"F\u00fcr Flexibilit\u00e4t in der beruflichen Vorsorge\"}]},{\"@type\":\"WebSite\",\"@id\":\"https:\\\/\\\/www.organisator.ch\\\/#website\",\"url\":\"https:\\\/\\\/www.organisator.ch\\\/\",\"name\":\"Organisator\",\"description\":\"Kompetent. Praxisnah. Der ORGANISATOR bereitet in 10 Ausgaben pro Jahr die wesentlichen Themen f\u00fcr F\u00fchrungskr\u00e4fte von KMU auf.\",\"publisher\":{\"@id\":\"https:\\\/\\\/www.organisator.ch\\\/#organization\"},\"potentialAction\":[{\"@type\":\"SearchAction\",\"target\":{\"@type\":\"EntryPoint\",\"urlTemplate\":\"https:\\\/\\\/www.organisator.ch\\\/?s={search_term_string}\"},\"query-input\":{\"@type\":\"PropertyValueSpecification\",\"valueRequired\":true,\"valueName\":\"search_term_string\"}}],\"inLanguage\":\"en-US\"},{\"@type\":\"Organization\",\"@id\":\"https:\\\/\\\/www.organisator.ch\\\/#organization\",\"name\":\"Organisator\",\"url\":\"https:\\\/\\\/www.organisator.ch\\\/\",\"logo\":{\"@type\":\"ImageObject\",\"inLanguage\":\"en-US\",\"@id\":\"https:\\\/\\\/www.organisator.ch\\\/#\\\/schema\\\/logo\\\/image\\\/\",\"url\":\"https:\\\/\\\/www.organisator.ch\\\/wp-content\\\/uploads\\\/2022\\\/01\\\/Logo_Organisator_Website.png\",\"contentUrl\":\"https:\\\/\\\/www.organisator.ch\\\/wp-content\\\/uploads\\\/2022\\\/01\\\/Logo_Organisator_Website.png\",\"width\":800,\"height\":77,\"caption\":\"Organisator\"},\"image\":{\"@id\":\"https:\\\/\\\/www.organisator.ch\\\/#\\\/schema\\\/logo\\\/image\\\/\"},\"sameAs\":[\"https:\\\/\\\/www.facebook.com\\\/OrganisatorFachmagazin\",\"https:\\\/\\\/www.linkedin.com\\\/showcase\\\/organisator-das-magazin-fr-kmu\",\"https:\\\/\\\/www.xing.com\\\/news\\\/pages\\\/organisator-ch-695\",\"https:\\\/\\\/www.youtube.com\\\/channel\\\/UCGP2Sq0iWaZwT3BdIAQFYpw\"]},{\"@type\":\"Person\",\"@id\":\"https:\\\/\\\/www.organisator.ch\\\/#\\\/schema\\\/person\\\/aa2bace6c5c5aad60102004a50c4eb1c\",\"name\":\"admin\",\"image\":{\"@type\":\"ImageObject\",\"inLanguage\":\"en-US\",\"@id\":\"https:\\\/\\\/secure.gravatar.com\\\/avatar\\\/ae2f4d718e6c49043e314ce431e7e645d646302a24a5ef5a8bc8e3f5a032e319?s=96&d=mm&r=g\",\"url\":\"https:\\\/\\\/secure.gravatar.com\\\/avatar\\\/ae2f4d718e6c49043e314ce431e7e645d646302a24a5ef5a8bc8e3f5a032e319?s=96&d=mm&r=g\",\"contentUrl\":\"https:\\\/\\\/secure.gravatar.com\\\/avatar\\\/ae2f4d718e6c49043e314ce431e7e645d646302a24a5ef5a8bc8e3f5a032e319?s=96&d=mm&r=g\",\"caption\":\"admin\"},\"sameAs\":[\"https:\\\/\\\/www.organisator.ch\"],\"url\":\"https:\\\/\\\/www.organisator.ch\\\/en\\\/author\\\/admin\\\/\"}]}<\/script>\n<!-- \/ Yoast SEO plugin. -->","yoast_head_json":{"title":"For flexibility in occupational pension provision - Organizer","description":"Tellco pk has internalized flexibility, because individual solutions are standard at the Schwyzer Pensionskasse.","robots":{"index":"index","follow":"follow","max-snippet":"max-snippet:-1","max-image-preview":"max-image-preview:large","max-video-preview":"max-video-preview:-1"},"canonical":"https:\/\/www.organisator.ch\/en\/general\/2023-10-24\/fuer-flexibilitaet-in-der-beruflichen-vorsorge-3\/","og_locale":"en_US","og_type":"article","og_title":"F\u00fcr Flexibilit\u00e4t in der beruflichen Vorsorge - Organisator","og_description":"Die Tellco pk hat Flexibilit\u00e4t verinnerlicht, denn bei der Schwyzer Pensionskasse sind individuelle L\u00f6sungen Standard.","og_url":"https:\/\/www.organisator.ch\/en\/general\/2023-10-24\/fuer-flexibilitaet-in-der-beruflichen-vorsorge-3\/","og_site_name":"Organisator","article_publisher":"https:\/\/www.facebook.com\/OrganisatorFachmagazin","article_published_time":"2023-10-24T06:20:00+00:00","article_modified_time":"2023-10-24T06:22:17+00:00","og_image":[{"width":1240,"height":1168,"url":"https:\/\/www.organisator.ch\/wp-content\/uploads\/2023\/10\/PR_Bild_tellco_kmu_attraktiv_cmyk_organisator_47656.jpg","type":"image\/jpeg"}],"author":"admin","twitter_card":"summary_large_image","schema":{"@context":"https:\/\/schema.org","@graph":[{"@type":"Article","@id":"https:\/\/www.organisator.ch\/allgemein\/2023-10-24\/fuer-flexibilitaet-in-der-beruflichen-vorsorge-3\/#article","isPartOf":{"@id":"https:\/\/www.organisator.ch\/allgemein\/2023-10-24\/fuer-flexibilitaet-in-der-beruflichen-vorsorge-3\/"},"author":{"name":"admin","@id":"https:\/\/www.organisator.ch\/#\/schema\/person\/aa2bace6c5c5aad60102004a50c4eb1c"},"headline":"F\u00fcr Flexibilit\u00e4t in der beruflichen Vorsorge","datePublished":"2023-10-24T06:20:00+00:00","dateModified":"2023-10-24T06:22:17+00:00","mainEntityOfPage":{"@id":"https:\/\/www.organisator.ch\/allgemein\/2023-10-24\/fuer-flexibilitaet-in-der-beruflichen-vorsorge-3\/"},"wordCount":395,"publisher":{"@id":"https:\/\/www.organisator.ch\/#organization"},"image":{"@id":"https:\/\/www.organisator.ch\/allgemein\/2023-10-24\/fuer-flexibilitaet-in-der-beruflichen-vorsorge-3\/#primaryimage"},"thumbnailUrl":"https:\/\/www.organisator.ch\/wp-content\/uploads\/2023\/10\/PR_Bild_tellco_kmu_attraktiv_cmyk_organisator_47656.jpg","keywords":["Berufliche Vorsorge","Publireportage"],"articleSection":["Allgemein"],"inLanguage":"en-US"},{"@type":"WebPage","@id":"https:\/\/www.organisator.ch\/allgemein\/2023-10-24\/fuer-flexibilitaet-in-der-beruflichen-vorsorge-3\/","url":"https:\/\/www.organisator.ch\/allgemein\/2023-10-24\/fuer-flexibilitaet-in-der-beruflichen-vorsorge-3\/","name":"For flexibility in occupational pension provision - Organizer","isPartOf":{"@id":"https:\/\/www.organisator.ch\/#website"},"primaryImageOfPage":{"@id":"https:\/\/www.organisator.ch\/allgemein\/2023-10-24\/fuer-flexibilitaet-in-der-beruflichen-vorsorge-3\/#primaryimage"},"image":{"@id":"https:\/\/www.organisator.ch\/allgemein\/2023-10-24\/fuer-flexibilitaet-in-der-beruflichen-vorsorge-3\/#primaryimage"},"thumbnailUrl":"https:\/\/www.organisator.ch\/wp-content\/uploads\/2023\/10\/PR_Bild_tellco_kmu_attraktiv_cmyk_organisator_47656.jpg","datePublished":"2023-10-24T06:20:00+00:00","dateModified":"2023-10-24T06:22:17+00:00","description":"Tellco pk has internalized flexibility, because individual solutions are standard at the Schwyzer Pensionskasse.","breadcrumb":{"@id":"https:\/\/www.organisator.ch\/allgemein\/2023-10-24\/fuer-flexibilitaet-in-der-beruflichen-vorsorge-3\/#breadcrumb"},"inLanguage":"en-US","potentialAction":[{"@type":"ReadAction","target":["https:\/\/www.organisator.ch\/allgemein\/2023-10-24\/fuer-flexibilitaet-in-der-beruflichen-vorsorge-3\/"]}]},{"@type":"ImageObject","inLanguage":"en-US","@id":"https:\/\/www.organisator.ch\/allgemein\/2023-10-24\/fuer-flexibilitaet-in-der-beruflichen-vorsorge-3\/#primaryimage","url":"https:\/\/www.organisator.ch\/wp-content\/uploads\/2023\/10\/PR_Bild_tellco_kmu_attraktiv_cmyk_organisator_47656.jpg","contentUrl":"https:\/\/www.organisator.ch\/wp-content\/uploads\/2023\/10\/PR_Bild_tellco_kmu_attraktiv_cmyk_organisator_47656.jpg","width":1240,"height":1168},{"@type":"BreadcrumbList","@id":"https:\/\/www.organisator.ch\/allgemein\/2023-10-24\/fuer-flexibilitaet-in-der-beruflichen-vorsorge-3\/#breadcrumb","itemListElement":[{"@type":"ListItem","position":1,"name":"Home","item":"https:\/\/www.organisator.ch\/"},{"@type":"ListItem","position":2,"name":"F\u00fcr Flexibilit\u00e4t in der beruflichen Vorsorge"}]},{"@type":"WebSite","@id":"https:\/\/www.organisator.ch\/#website","url":"https:\/\/www.organisator.ch\/","name":"Organizer","description":"Competent. Practical. In 10 issues per year, ORGANISATOR presents the essential topics for managers of SMEs.","publisher":{"@id":"https:\/\/www.organisator.ch\/#organization"},"potentialAction":[{"@type":"SearchAction","target":{"@type":"EntryPoint","urlTemplate":"https:\/\/www.organisator.ch\/?s={search_term_string}"},"query-input":{"@type":"PropertyValueSpecification","valueRequired":true,"valueName":"search_term_string"}}],"inLanguage":"en-US"},{"@type":"Organization","@id":"https:\/\/www.organisator.ch\/#organization","name":"Organizer","url":"https:\/\/www.organisator.ch\/","logo":{"@type":"ImageObject","inLanguage":"en-US","@id":"https:\/\/www.organisator.ch\/#\/schema\/logo\/image\/","url":"https:\/\/www.organisator.ch\/wp-content\/uploads\/2022\/01\/Logo_Organisator_Website.png","contentUrl":"https:\/\/www.organisator.ch\/wp-content\/uploads\/2022\/01\/Logo_Organisator_Website.png","width":800,"height":77,"caption":"Organisator"},"image":{"@id":"https:\/\/www.organisator.ch\/#\/schema\/logo\/image\/"},"sameAs":["https:\/\/www.facebook.com\/OrganisatorFachmagazin","https:\/\/www.linkedin.com\/showcase\/organisator-das-magazin-fr-kmu","https:\/\/www.xing.com\/news\/pages\/organisator-ch-695","https:\/\/www.youtube.com\/channel\/UCGP2Sq0iWaZwT3BdIAQFYpw"]},{"@type":"Person","@id":"https:\/\/www.organisator.ch\/#\/schema\/person\/aa2bace6c5c5aad60102004a50c4eb1c","name":"admin","image":{"@type":"ImageObject","inLanguage":"en-US","@id":"https:\/\/secure.gravatar.com\/avatar\/ae2f4d718e6c49043e314ce431e7e645d646302a24a5ef5a8bc8e3f5a032e319?s=96&d=mm&r=g","url":"https:\/\/secure.gravatar.com\/avatar\/ae2f4d718e6c49043e314ce431e7e645d646302a24a5ef5a8bc8e3f5a032e319?s=96&d=mm&r=g","contentUrl":"https:\/\/secure.gravatar.com\/avatar\/ae2f4d718e6c49043e314ce431e7e645d646302a24a5ef5a8bc8e3f5a032e319?s=96&d=mm&r=g","caption":"admin"},"sameAs":["https:\/\/www.organisator.ch"],"url":"https:\/\/www.organisator.ch\/en\/author\/admin\/"}]}},"_links":{"self":[{"href":"https:\/\/www.organisator.ch\/en\/wp-json\/wp\/v2\/posts\/22672","targetHints":{"allow":["GET"]}}],"collection":[{"href":"https:\/\/www.organisator.ch\/en\/wp-json\/wp\/v2\/posts"}],"about":[{"href":"https:\/\/www.organisator.ch\/en\/wp-json\/wp\/v2\/types\/post"}],"author":[{"embeddable":true,"href":"https:\/\/www.organisator.ch\/en\/wp-json\/wp\/v2\/users\/1"}],"replies":[{"embeddable":true,"href":"https:\/\/www.organisator.ch\/en\/wp-json\/wp\/v2\/comments?post=22672"}],"version-history":[{"count":2,"href":"https:\/\/www.organisator.ch\/en\/wp-json\/wp\/v2\/posts\/22672\/revisions"}],"predecessor-version":[{"id":22695,"href":"https:\/\/www.organisator.ch\/en\/wp-json\/wp\/v2\/posts\/22672\/revisions\/22695"}],"wp:featuredmedia":[{"embeddable":true,"href":"https:\/\/www.organisator.ch\/en\/wp-json\/wp\/v2\/media\/22671"}],"wp:attachment":[{"href":"https:\/\/www.organisator.ch\/en\/wp-json\/wp\/v2\/media?parent=22672"}],"wp:term":[{"taxonomy":"category","embeddable":true,"href":"https:\/\/www.organisator.ch\/en\/wp-json\/wp\/v2\/categories?post=22672"},{"taxonomy":"post_tag","embeddable":true,"href":"https:\/\/www.organisator.ch\/en\/wp-json\/wp\/v2\/tags?post=22672"}],"curies":[{"name":"wp","href":"https:\/\/api.w.org\/{rel}","templated":true}]}}