{"id":2273,"date":"2017-08-04T08:00:03","date_gmt":"2017-08-04T06:00:03","guid":{"rendered":"https:\/\/www.organisator.ch\/?p=2273"},"modified":"2017-08-04T08:00:03","modified_gmt":"2017-08-04T06:00:03","slug":"was-hilft-um-mit-dem-wetterchaos-besser-klar-zu-kommen","status":"publish","type":"post","link":"https:\/\/www.organisator.ch\/en\/human-resources\/fit_im_job\/2017-08-04\/was-hilft-um-mit-dem-wetterchaos-besser-klar-zu-kommen\/","title":{"rendered":"What helps to cope better with the weather chaos?"},"content":{"rendered":"<figure id=\"attachment_2275\" aria-describedby=\"caption-attachment-2275\" style=\"width: 640px\" class=\"wp-caption alignnone\"><img loading=\"lazy\" decoding=\"async\" class=\"size-full wp-image-2275\" src=\"https:\/\/www.organisator.ch\/wp-content\/uploads\/2017\/08\/Was-hilft-um-mit-dem-Wetterchaos-besser-klar-zu-kommen_Organisator.jpg\" alt=\"\" width=\"640\" height=\"480\" srcset=\"https:\/\/www.organisator.ch\/wp-content\/uploads\/2017\/08\/Was-hilft-um-mit-dem-Wetterchaos-besser-klar-zu-kommen_Organisator.jpg 640w, https:\/\/www.organisator.ch\/wp-content\/uploads\/2017\/08\/Was-hilft-um-mit-dem-Wetterchaos-besser-klar-zu-kommen_Organisator-16x12.jpg 16w, https:\/\/www.organisator.ch\/wp-content\/uploads\/2017\/08\/Was-hilft-um-mit-dem-Wetterchaos-besser-klar-zu-kommen_Organisator-233x175.jpg 233w, https:\/\/www.organisator.ch\/wp-content\/uploads\/2017\/08\/Was-hilft-um-mit-dem-Wetterchaos-besser-klar-zu-kommen_Organisator-467x350.jpg 467w, https:\/\/www.organisator.ch\/wp-content\/uploads\/2017\/08\/Was-hilft-um-mit-dem-Wetterchaos-besser-klar-zu-kommen_Organisator-300x225.jpg 300w\" sizes=\"auto, (max-width: 640px) 100vw, 640px\" \/><figcaption id=\"caption-attachment-2275\" class=\"wp-caption-text\">The sauna in your own four walls: Regular sauna bathing keeps the metabolism positively \"on the go\". (Image: KLAFS AG)<\/figcaption><\/figure>\n<p>Dizziness, circulatory problems, headaches and aching limbs - for many people, extreme temperature fluctuations cause the body to go crazy. The reason for this is simple: Our modern lives with high-performance air conditioning and heating systems no longer train us to adapt quickly to different weather conditions.<\/p>\n<p><strong>Stimulate metabolism through sauna visits<\/strong><\/p>\n<p>An exercise deficiency that can be remedied as pleasantly as effectively: Through regular sauna bathing. Because sauna bathing creates a kind of artificial fever in the body, which naturally activates and increases the metabolism quite considerably. In order to dissipate the heat, the vessels under the skin dilate, and blood flow to the uppermost layers of the skin increases dramatically. When cooling down afterwards, the vessels contract again and the pulse rate normalizes.<\/p>\n<p>Sweating in the sauna and the subsequent cold stimulus from cold water, or even more tinglingly, from ice flakes, therefore ensures that the blood vessels first dilate and then constrict again - a vascular workout that is as effective as it is pleasant. \"That's why the organism can react much better and faster to heat and cold stimuli in people who regularly go to the sauna,\" explains Prof. Dr. med. Karl-Ludwig Resch, head of the German Institute for Health Research in Bad Elster.<\/p>\n<p><strong>The right sauna for your own four walls<\/strong><\/p>\n<p>Regular visits to the sauna, preferably once or twice a week, should therefore be on the agenda not only during the cold season, but especially during the summer months. And of course this is particularly easy if you have your own sauna at home. Manufacturers of wellness and spa facilities such as KLAFS AG offer sauna models for every room situation and every requirement. In this way, the positive effects of regular sauna sessions can also be brought into your own four walls.<\/p>\n<p><em>Source and further information about products and services: KLAFS AG, Oberneuhofstrasse 11, 6340 Baar. <a href=\"http:\/\/www.klafs.ch\">www.klafs.ch<\/a><\/em><\/p>","protected":false},"excerpt":{"rendered":"<p>Schwindelgef\u00fchle, Kreislaufprobleme, Kopf- und Gliederschmerzen \u2013 bei vielen Menschen spielt bei extremen Temperaturschwankungen der K\u00f6rper verr\u00fcckt. Der Grund daf\u00fcr ist einfach: Wir sind durch unser modernes Leben mit hoch leistungsf\u00e4higen Klimaanlagen und Heizungen nicht mehr darauf trainiert, uns schnell an unterschiedliche Wetterlagen anzupassen. Stoffwechsel anregen durch Saunabesuche Ein Trainingsmangel, der sich so angenehm wie wirkungsvoll [&hellip;]<\/p>\n","protected":false},"author":4,"featured_media":2275,"comment_status":"open","ping_status":"open","sticky":false,"template":"","format":"standard","meta":{"_acf_changed":false,"_yoast_wpseo_focuskw":"Sauna","_yoast_wpseo_metadesc":"Die Sauna in den eigenen vier W\u00e4nden: Saunabaden h\u00e4lt den Stoffwechsel positiv \"auf Trab\", damit wir besser mit Temperaturschwankungen klar kommen.","articlekey":"","footnotes":""},"categories":[25],"tags":[77,208,243,393],"class_list":["post-2273","post","type-post","status-publish","format-standard","has-post-thumbnail","hentry","category-fit_im_job","tag-betriebliches-gesundheitsmanagement","tag-fit-im-job","tag-gesundheit-allgemein","tag-produkte"],"acf":[],"yoast_head":"<!-- This site is optimized with the Yoast SEO plugin v27.5 - https:\/\/yoast.com\/product\/yoast-seo-wordpress\/ -->\n<title>Was hilft, um mit dem Wetterchaos besser klar zu kommen? - Organisator<\/title>\n<meta name=\"description\" content=\"Die Sauna in den eigenen vier W\u00e4nden: Saunabaden h\u00e4lt den Stoffwechsel positiv &quot;auf Trab&quot;, damit wir besser mit Temperaturschwankungen klar kommen.\" \/>\n<meta name=\"robots\" content=\"index, follow, max-snippet:-1, max-image-preview:large, max-video-preview:-1\" \/>\n<link rel=\"canonical\" href=\"https:\/\/www.organisator.ch\/en\/human-resources\/fit_im_job\/2017-08-04\/was-hilft-um-mit-dem-wetterchaos-besser-klar-zu-kommen\/\" \/>\n<meta property=\"og:locale\" content=\"en_US\" \/>\n<meta property=\"og:type\" content=\"article\" \/>\n<meta property=\"og:title\" content=\"Was hilft, um mit dem Wetterchaos besser klar zu kommen?\" \/>\n<meta property=\"og:description\" content=\"Die #Sauna in den eigenen vier W\u00e4nden: Regelm\u00e4ssiges #Saunabaden h\u00e4lt den #Stoffwechsel positiv &quot;auf Trab&quot;.\" \/>\n<meta property=\"og:url\" content=\"https:\/\/www.organisator.ch\/en\/human-resources\/fit_im_job\/2017-08-04\/was-hilft-um-mit-dem-wetterchaos-besser-klar-zu-kommen\/\" \/>\n<meta property=\"og:site_name\" content=\"Organisator\" \/>\n<meta property=\"article:publisher\" content=\"https:\/\/www.facebook.com\/OrganisatorFachmagazin\" \/>\n<meta property=\"article:published_time\" content=\"2017-08-04T06:00:03+00:00\" \/>\n<meta property=\"og:image\" content=\"https:\/\/www.organisator.ch\/wp-content\/uploads\/2017\/08\/Was-hilft-um-mit-dem-Wetterchaos-besser-klar-zu-kommen_Organisator.jpg\" \/>\n\t<meta property=\"og:image:width\" content=\"640\" \/>\n\t<meta property=\"og:image:height\" content=\"480\" \/>\n\t<meta property=\"og:image:type\" content=\"image\/jpeg\" \/>\n<meta name=\"author\" content=\"thomas.berner\" \/>\n<meta name=\"twitter:card\" content=\"summary_large_image\" \/>\n<meta name=\"twitter:title\" content=\"Was hilft, um mit dem #Wetterchaos besser klar zu kommen?\" \/>\n<meta name=\"twitter:description\" content=\"Die #Sauna in den eigenen vier W\u00e4nden: Regelm\u00e4ssiges #Saunabaden h\u00e4lt den #Stoffwechsel positiv &quot;auf Trab&quot;.\" \/>\n<meta name=\"twitter:image\" content=\"https:\/\/www.organisator.ch\/wp-content\/uploads\/2017\/08\/Was-hilft-um-mit-dem-Wetterchaos-besser-klar-zu-kommen_Organisator.jpg\" \/>\n<script type=\"application\/ld+json\" class=\"yoast-schema-graph\">{\"@context\":\"https:\\\/\\\/schema.org\",\"@graph\":[{\"@type\":\"Article\",\"@id\":\"https:\\\/\\\/www.organisator.ch\\\/human-resources\\\/fit_im_job\\\/2017-08-04\\\/was-hilft-um-mit-dem-wetterchaos-besser-klar-zu-kommen\\\/#article\",\"isPartOf\":{\"@id\":\"https:\\\/\\\/www.organisator.ch\\\/human-resources\\\/fit_im_job\\\/2017-08-04\\\/was-hilft-um-mit-dem-wetterchaos-besser-klar-zu-kommen\\\/\"},\"author\":{\"name\":\"thomas.berner\",\"@id\":\"https:\\\/\\\/www.organisator.ch\\\/#\\\/schema\\\/person\\\/6f650f90b2842cd4c0cc334b4e36f67e\"},\"headline\":\"Was hilft, um mit dem Wetterchaos besser klar zu kommen?\",\"datePublished\":\"2017-08-04T06:00:03+00:00\",\"mainEntityOfPage\":{\"@id\":\"https:\\\/\\\/www.organisator.ch\\\/human-resources\\\/fit_im_job\\\/2017-08-04\\\/was-hilft-um-mit-dem-wetterchaos-besser-klar-zu-kommen\\\/\"},\"wordCount\":352,\"commentCount\":0,\"publisher\":{\"@id\":\"https:\\\/\\\/www.organisator.ch\\\/#organization\"},\"image\":{\"@id\":\"https:\\\/\\\/www.organisator.ch\\\/human-resources\\\/fit_im_job\\\/2017-08-04\\\/was-hilft-um-mit-dem-wetterchaos-besser-klar-zu-kommen\\\/#primaryimage\"},\"thumbnailUrl\":\"https:\\\/\\\/www.organisator.ch\\\/wp-content\\\/uploads\\\/2017\\\/08\\\/Was-hilft-um-mit-dem-Wetterchaos-besser-klar-zu-kommen_Organisator.jpg\",\"keywords\":[\"Betriebliches Gesundheitsmanagement\",\"Fit im Job\",\"Gesundheit allgemein\",\"Produkte\"],\"articleSection\":[\"FIT IM JOB\"],\"inLanguage\":\"en-US\"},{\"@type\":\"WebPage\",\"@id\":\"https:\\\/\\\/www.organisator.ch\\\/human-resources\\\/fit_im_job\\\/2017-08-04\\\/was-hilft-um-mit-dem-wetterchaos-besser-klar-zu-kommen\\\/\",\"url\":\"https:\\\/\\\/www.organisator.ch\\\/human-resources\\\/fit_im_job\\\/2017-08-04\\\/was-hilft-um-mit-dem-wetterchaos-besser-klar-zu-kommen\\\/\",\"name\":\"Was hilft, um mit dem Wetterchaos besser klar zu kommen? - Organisator\",\"isPartOf\":{\"@id\":\"https:\\\/\\\/www.organisator.ch\\\/#website\"},\"primaryImageOfPage\":{\"@id\":\"https:\\\/\\\/www.organisator.ch\\\/human-resources\\\/fit_im_job\\\/2017-08-04\\\/was-hilft-um-mit-dem-wetterchaos-besser-klar-zu-kommen\\\/#primaryimage\"},\"image\":{\"@id\":\"https:\\\/\\\/www.organisator.ch\\\/human-resources\\\/fit_im_job\\\/2017-08-04\\\/was-hilft-um-mit-dem-wetterchaos-besser-klar-zu-kommen\\\/#primaryimage\"},\"thumbnailUrl\":\"https:\\\/\\\/www.organisator.ch\\\/wp-content\\\/uploads\\\/2017\\\/08\\\/Was-hilft-um-mit-dem-Wetterchaos-besser-klar-zu-kommen_Organisator.jpg\",\"datePublished\":\"2017-08-04T06:00:03+00:00\",\"description\":\"Die Sauna in den eigenen vier W\u00e4nden: Saunabaden h\u00e4lt den Stoffwechsel positiv \\\"auf Trab\\\", damit wir besser mit Temperaturschwankungen klar kommen.\",\"breadcrumb\":{\"@id\":\"https:\\\/\\\/www.organisator.ch\\\/human-resources\\\/fit_im_job\\\/2017-08-04\\\/was-hilft-um-mit-dem-wetterchaos-besser-klar-zu-kommen\\\/#breadcrumb\"},\"inLanguage\":\"en-US\",\"potentialAction\":[{\"@type\":\"ReadAction\",\"target\":[\"https:\\\/\\\/www.organisator.ch\\\/human-resources\\\/fit_im_job\\\/2017-08-04\\\/was-hilft-um-mit-dem-wetterchaos-besser-klar-zu-kommen\\\/\"]}]},{\"@type\":\"ImageObject\",\"inLanguage\":\"en-US\",\"@id\":\"https:\\\/\\\/www.organisator.ch\\\/human-resources\\\/fit_im_job\\\/2017-08-04\\\/was-hilft-um-mit-dem-wetterchaos-besser-klar-zu-kommen\\\/#primaryimage\",\"url\":\"https:\\\/\\\/www.organisator.ch\\\/wp-content\\\/uploads\\\/2017\\\/08\\\/Was-hilft-um-mit-dem-Wetterchaos-besser-klar-zu-kommen_Organisator.jpg\",\"contentUrl\":\"https:\\\/\\\/www.organisator.ch\\\/wp-content\\\/uploads\\\/2017\\\/08\\\/Was-hilft-um-mit-dem-Wetterchaos-besser-klar-zu-kommen_Organisator.jpg\",\"width\":640,\"height\":480,\"caption\":\"Die Sauna in den eigenen vier W\u00e4nden: Regelm\u00e4ssiges Saunabaden h\u00e4lt den Stoffwechsel positiv \\\"auf Trab\\\" (Bild: KLAFS AG)\"},{\"@type\":\"BreadcrumbList\",\"@id\":\"https:\\\/\\\/www.organisator.ch\\\/human-resources\\\/fit_im_job\\\/2017-08-04\\\/was-hilft-um-mit-dem-wetterchaos-besser-klar-zu-kommen\\\/#breadcrumb\",\"itemListElement\":[{\"@type\":\"ListItem\",\"position\":1,\"name\":\"Home\",\"item\":\"https:\\\/\\\/www.organisator.ch\\\/\"},{\"@type\":\"ListItem\",\"position\":2,\"name\":\"Was hilft, um mit dem Wetterchaos besser klar zu kommen?\"}]},{\"@type\":\"WebSite\",\"@id\":\"https:\\\/\\\/www.organisator.ch\\\/#website\",\"url\":\"https:\\\/\\\/www.organisator.ch\\\/\",\"name\":\"Organisator\",\"description\":\"Kompetent. Praxisnah. Der ORGANISATOR bereitet in 10 Ausgaben pro Jahr die wesentlichen Themen f\u00fcr F\u00fchrungskr\u00e4fte von KMU auf.\",\"publisher\":{\"@id\":\"https:\\\/\\\/www.organisator.ch\\\/#organization\"},\"potentialAction\":[{\"@type\":\"SearchAction\",\"target\":{\"@type\":\"EntryPoint\",\"urlTemplate\":\"https:\\\/\\\/www.organisator.ch\\\/?s={search_term_string}\"},\"query-input\":{\"@type\":\"PropertyValueSpecification\",\"valueRequired\":true,\"valueName\":\"search_term_string\"}}],\"inLanguage\":\"en-US\"},{\"@type\":\"Organization\",\"@id\":\"https:\\\/\\\/www.organisator.ch\\\/#organization\",\"name\":\"Organisator\",\"url\":\"https:\\\/\\\/www.organisator.ch\\\/\",\"logo\":{\"@type\":\"ImageObject\",\"inLanguage\":\"en-US\",\"@id\":\"https:\\\/\\\/www.organisator.ch\\\/#\\\/schema\\\/logo\\\/image\\\/\",\"url\":\"https:\\\/\\\/www.organisator.ch\\\/wp-content\\\/uploads\\\/2022\\\/01\\\/Logo_Organisator_Website.png\",\"contentUrl\":\"https:\\\/\\\/www.organisator.ch\\\/wp-content\\\/uploads\\\/2022\\\/01\\\/Logo_Organisator_Website.png\",\"width\":800,\"height\":77,\"caption\":\"Organisator\"},\"image\":{\"@id\":\"https:\\\/\\\/www.organisator.ch\\\/#\\\/schema\\\/logo\\\/image\\\/\"},\"sameAs\":[\"https:\\\/\\\/www.facebook.com\\\/OrganisatorFachmagazin\",\"https:\\\/\\\/www.linkedin.com\\\/showcase\\\/organisator-das-magazin-fr-kmu\",\"https:\\\/\\\/www.xing.com\\\/news\\\/pages\\\/organisator-ch-695\",\"https:\\\/\\\/www.youtube.com\\\/channel\\\/UCGP2Sq0iWaZwT3BdIAQFYpw\"]},{\"@type\":\"Person\",\"@id\":\"https:\\\/\\\/www.organisator.ch\\\/#\\\/schema\\\/person\\\/6f650f90b2842cd4c0cc334b4e36f67e\",\"name\":\"thomas.berner\",\"image\":{\"@type\":\"ImageObject\",\"inLanguage\":\"en-US\",\"@id\":\"https:\\\/\\\/secure.gravatar.com\\\/avatar\\\/ac5001d2a36cb6c6cd3e50789007ffca834b477b74a2144564522e944eabff61?s=96&d=mm&r=g\",\"url\":\"https:\\\/\\\/secure.gravatar.com\\\/avatar\\\/ac5001d2a36cb6c6cd3e50789007ffca834b477b74a2144564522e944eabff61?s=96&d=mm&r=g\",\"contentUrl\":\"https:\\\/\\\/secure.gravatar.com\\\/avatar\\\/ac5001d2a36cb6c6cd3e50789007ffca834b477b74a2144564522e944eabff61?s=96&d=mm&r=g\",\"caption\":\"thomas.berner\"},\"url\":\"https:\\\/\\\/www.organisator.ch\\\/en\\\/author\\\/thomas-berner\\\/\"}]}<\/script>\n<!-- \/ Yoast SEO plugin. -->","yoast_head_json":{"title":"What helps to better cope with weather chaos? - Organizer","description":"The sauna in your own four walls: Sauna bathing keeps the metabolism positively \"on the go\" so that we can better cope with temperature fluctuations.","robots":{"index":"index","follow":"follow","max-snippet":"max-snippet:-1","max-image-preview":"max-image-preview:large","max-video-preview":"max-video-preview:-1"},"canonical":"https:\/\/www.organisator.ch\/en\/human-resources\/fit_im_job\/2017-08-04\/was-hilft-um-mit-dem-wetterchaos-besser-klar-zu-kommen\/","og_locale":"en_US","og_type":"article","og_title":"Was hilft, um mit dem Wetterchaos besser klar zu kommen?","og_description":"Die #Sauna in den eigenen vier W\u00e4nden: Regelm\u00e4ssiges #Saunabaden h\u00e4lt den #Stoffwechsel positiv \"auf Trab\".","og_url":"https:\/\/www.organisator.ch\/en\/human-resources\/fit_im_job\/2017-08-04\/was-hilft-um-mit-dem-wetterchaos-besser-klar-zu-kommen\/","og_site_name":"Organisator","article_publisher":"https:\/\/www.facebook.com\/OrganisatorFachmagazin","article_published_time":"2017-08-04T06:00:03+00:00","og_image":[{"width":640,"height":480,"url":"https:\/\/www.organisator.ch\/wp-content\/uploads\/2017\/08\/Was-hilft-um-mit-dem-Wetterchaos-besser-klar-zu-kommen_Organisator.jpg","type":"image\/jpeg"}],"author":"thomas.berner","twitter_card":"summary_large_image","twitter_title":"Was hilft, um mit dem #Wetterchaos besser klar zu kommen?","twitter_description":"Die #Sauna in den eigenen vier W\u00e4nden: Regelm\u00e4ssiges #Saunabaden h\u00e4lt den #Stoffwechsel positiv \"auf Trab\".","twitter_image":"https:\/\/www.organisator.ch\/wp-content\/uploads\/2017\/08\/Was-hilft-um-mit-dem-Wetterchaos-besser-klar-zu-kommen_Organisator.jpg","schema":{"@context":"https:\/\/schema.org","@graph":[{"@type":"Article","@id":"https:\/\/www.organisator.ch\/human-resources\/fit_im_job\/2017-08-04\/was-hilft-um-mit-dem-wetterchaos-besser-klar-zu-kommen\/#article","isPartOf":{"@id":"https:\/\/www.organisator.ch\/human-resources\/fit_im_job\/2017-08-04\/was-hilft-um-mit-dem-wetterchaos-besser-klar-zu-kommen\/"},"author":{"name":"thomas.berner","@id":"https:\/\/www.organisator.ch\/#\/schema\/person\/6f650f90b2842cd4c0cc334b4e36f67e"},"headline":"Was hilft, um mit dem Wetterchaos besser klar zu kommen?","datePublished":"2017-08-04T06:00:03+00:00","mainEntityOfPage":{"@id":"https:\/\/www.organisator.ch\/human-resources\/fit_im_job\/2017-08-04\/was-hilft-um-mit-dem-wetterchaos-besser-klar-zu-kommen\/"},"wordCount":352,"commentCount":0,"publisher":{"@id":"https:\/\/www.organisator.ch\/#organization"},"image":{"@id":"https:\/\/www.organisator.ch\/human-resources\/fit_im_job\/2017-08-04\/was-hilft-um-mit-dem-wetterchaos-besser-klar-zu-kommen\/#primaryimage"},"thumbnailUrl":"https:\/\/www.organisator.ch\/wp-content\/uploads\/2017\/08\/Was-hilft-um-mit-dem-Wetterchaos-besser-klar-zu-kommen_Organisator.jpg","keywords":["Betriebliches Gesundheitsmanagement","Fit im Job","Gesundheit allgemein","Produkte"],"articleSection":["FIT IM JOB"],"inLanguage":"en-US"},{"@type":"WebPage","@id":"https:\/\/www.organisator.ch\/human-resources\/fit_im_job\/2017-08-04\/was-hilft-um-mit-dem-wetterchaos-besser-klar-zu-kommen\/","url":"https:\/\/www.organisator.ch\/human-resources\/fit_im_job\/2017-08-04\/was-hilft-um-mit-dem-wetterchaos-besser-klar-zu-kommen\/","name":"What helps to better cope with weather chaos? - Organizer","isPartOf":{"@id":"https:\/\/www.organisator.ch\/#website"},"primaryImageOfPage":{"@id":"https:\/\/www.organisator.ch\/human-resources\/fit_im_job\/2017-08-04\/was-hilft-um-mit-dem-wetterchaos-besser-klar-zu-kommen\/#primaryimage"},"image":{"@id":"https:\/\/www.organisator.ch\/human-resources\/fit_im_job\/2017-08-04\/was-hilft-um-mit-dem-wetterchaos-besser-klar-zu-kommen\/#primaryimage"},"thumbnailUrl":"https:\/\/www.organisator.ch\/wp-content\/uploads\/2017\/08\/Was-hilft-um-mit-dem-Wetterchaos-besser-klar-zu-kommen_Organisator.jpg","datePublished":"2017-08-04T06:00:03+00:00","description":"The sauna in your own four walls: Sauna bathing keeps the metabolism positively \"on the go\" so that we can better cope with temperature fluctuations.","breadcrumb":{"@id":"https:\/\/www.organisator.ch\/human-resources\/fit_im_job\/2017-08-04\/was-hilft-um-mit-dem-wetterchaos-besser-klar-zu-kommen\/#breadcrumb"},"inLanguage":"en-US","potentialAction":[{"@type":"ReadAction","target":["https:\/\/www.organisator.ch\/human-resources\/fit_im_job\/2017-08-04\/was-hilft-um-mit-dem-wetterchaos-besser-klar-zu-kommen\/"]}]},{"@type":"ImageObject","inLanguage":"en-US","@id":"https:\/\/www.organisator.ch\/human-resources\/fit_im_job\/2017-08-04\/was-hilft-um-mit-dem-wetterchaos-besser-klar-zu-kommen\/#primaryimage","url":"https:\/\/www.organisator.ch\/wp-content\/uploads\/2017\/08\/Was-hilft-um-mit-dem-Wetterchaos-besser-klar-zu-kommen_Organisator.jpg","contentUrl":"https:\/\/www.organisator.ch\/wp-content\/uploads\/2017\/08\/Was-hilft-um-mit-dem-Wetterchaos-besser-klar-zu-kommen_Organisator.jpg","width":640,"height":480,"caption":"Die Sauna in den eigenen vier W\u00e4nden: Regelm\u00e4ssiges Saunabaden h\u00e4lt den Stoffwechsel positiv \"auf Trab\" (Bild: KLAFS AG)"},{"@type":"BreadcrumbList","@id":"https:\/\/www.organisator.ch\/human-resources\/fit_im_job\/2017-08-04\/was-hilft-um-mit-dem-wetterchaos-besser-klar-zu-kommen\/#breadcrumb","itemListElement":[{"@type":"ListItem","position":1,"name":"Home","item":"https:\/\/www.organisator.ch\/"},{"@type":"ListItem","position":2,"name":"Was hilft, um mit dem Wetterchaos besser klar zu kommen?"}]},{"@type":"WebSite","@id":"https:\/\/www.organisator.ch\/#website","url":"https:\/\/www.organisator.ch\/","name":"Organizer","description":"Competent. Practical. In 10 issues per year, ORGANISATOR presents the essential topics for managers of SMEs.","publisher":{"@id":"https:\/\/www.organisator.ch\/#organization"},"potentialAction":[{"@type":"SearchAction","target":{"@type":"EntryPoint","urlTemplate":"https:\/\/www.organisator.ch\/?s={search_term_string}"},"query-input":{"@type":"PropertyValueSpecification","valueRequired":true,"valueName":"search_term_string"}}],"inLanguage":"en-US"},{"@type":"Organization","@id":"https:\/\/www.organisator.ch\/#organization","name":"Organizer","url":"https:\/\/www.organisator.ch\/","logo":{"@type":"ImageObject","inLanguage":"en-US","@id":"https:\/\/www.organisator.ch\/#\/schema\/logo\/image\/","url":"https:\/\/www.organisator.ch\/wp-content\/uploads\/2022\/01\/Logo_Organisator_Website.png","contentUrl":"https:\/\/www.organisator.ch\/wp-content\/uploads\/2022\/01\/Logo_Organisator_Website.png","width":800,"height":77,"caption":"Organisator"},"image":{"@id":"https:\/\/www.organisator.ch\/#\/schema\/logo\/image\/"},"sameAs":["https:\/\/www.facebook.com\/OrganisatorFachmagazin","https:\/\/www.linkedin.com\/showcase\/organisator-das-magazin-fr-kmu","https:\/\/www.xing.com\/news\/pages\/organisator-ch-695","https:\/\/www.youtube.com\/channel\/UCGP2Sq0iWaZwT3BdIAQFYpw"]},{"@type":"Person","@id":"https:\/\/www.organisator.ch\/#\/schema\/person\/6f650f90b2842cd4c0cc334b4e36f67e","name":"thomas.berner","image":{"@type":"ImageObject","inLanguage":"en-US","@id":"https:\/\/secure.gravatar.com\/avatar\/ac5001d2a36cb6c6cd3e50789007ffca834b477b74a2144564522e944eabff61?s=96&d=mm&r=g","url":"https:\/\/secure.gravatar.com\/avatar\/ac5001d2a36cb6c6cd3e50789007ffca834b477b74a2144564522e944eabff61?s=96&d=mm&r=g","contentUrl":"https:\/\/secure.gravatar.com\/avatar\/ac5001d2a36cb6c6cd3e50789007ffca834b477b74a2144564522e944eabff61?s=96&d=mm&r=g","caption":"thomas.berner"},"url":"https:\/\/www.organisator.ch\/en\/author\/thomas-berner\/"}]}},"_links":{"self":[{"href":"https:\/\/www.organisator.ch\/en\/wp-json\/wp\/v2\/posts\/2273","targetHints":{"allow":["GET"]}}],"collection":[{"href":"https:\/\/www.organisator.ch\/en\/wp-json\/wp\/v2\/posts"}],"about":[{"href":"https:\/\/www.organisator.ch\/en\/wp-json\/wp\/v2\/types\/post"}],"author":[{"embeddable":true,"href":"https:\/\/www.organisator.ch\/en\/wp-json\/wp\/v2\/users\/4"}],"replies":[{"embeddable":true,"href":"https:\/\/www.organisator.ch\/en\/wp-json\/wp\/v2\/comments?post=2273"}],"version-history":[{"count":0,"href":"https:\/\/www.organisator.ch\/en\/wp-json\/wp\/v2\/posts\/2273\/revisions"}],"wp:featuredmedia":[{"embeddable":true,"href":"https:\/\/www.organisator.ch\/en\/wp-json\/wp\/v2\/media\/2275"}],"wp:attachment":[{"href":"https:\/\/www.organisator.ch\/en\/wp-json\/wp\/v2\/media?parent=2273"}],"wp:term":[{"taxonomy":"category","embeddable":true,"href":"https:\/\/www.organisator.ch\/en\/wp-json\/wp\/v2\/categories?post=2273"},{"taxonomy":"post_tag","embeddable":true,"href":"https:\/\/www.organisator.ch\/en\/wp-json\/wp\/v2\/tags?post=2273"}],"curies":[{"name":"wp","href":"https:\/\/api.w.org\/{rel}","templated":true}]}}