{"id":22787,"date":"2023-10-26T08:38:19","date_gmt":"2023-10-26T06:38:19","guid":{"rendered":"https:\/\/www.organisator.ch\/?p=22787"},"modified":"2023-10-26T08:38:19","modified_gmt":"2023-10-26T06:38:19","slug":"urs-furrer-wird-neuer-direktor-des-schweizerischen-gewerbeverbands","status":"publish","type":"post","link":"https:\/\/www.organisator.ch\/en\/allgemein\/2023-10-26\/urs-furrer-wird-neuer-direktor-des-schweizerischen-gewerbeverbands\/","title":{"rendered":"Urs Furrer becomes new Director of the Swiss Trade Association"},"content":{"rendered":"<div class=\"lead\">\n<figure id=\"attachment_22788\" aria-describedby=\"caption-attachment-22788\" style=\"width: 680px\" class=\"wp-caption alignnone\"><img loading=\"lazy\" decoding=\"async\" class=\"size-full wp-image-22788\" src=\"https:\/\/www.organisator.ch\/wp-content\/uploads\/2023\/10\/Urs-Furrer-ist-neuer-Direktor-des-Schweizerischen-Gewerbeverbands_Organisator.jpg\" alt=\"\" width=\"680\" height=\"438\" srcset=\"https:\/\/www.organisator.ch\/wp-content\/uploads\/2023\/10\/Urs-Furrer-ist-neuer-Direktor-des-Schweizerischen-Gewerbeverbands_Organisator.jpg 680w, https:\/\/www.organisator.ch\/wp-content\/uploads\/2023\/10\/Urs-Furrer-ist-neuer-Direktor-des-Schweizerischen-Gewerbeverbands_Organisator-18x12.jpg 18w, https:\/\/www.organisator.ch\/wp-content\/uploads\/2023\/10\/Urs-Furrer-ist-neuer-Direktor-des-Schweizerischen-Gewerbeverbands_Organisator-375x242.jpg 375w, https:\/\/www.organisator.ch\/wp-content\/uploads\/2023\/10\/Urs-Furrer-ist-neuer-Direktor-des-Schweizerischen-Gewerbeverbands_Organisator-543x350.jpg 543w\" sizes=\"auto, (max-width: 680px) 100vw, 680px\" \/><figcaption id=\"caption-attachment-22788\" class=\"wp-caption-text\">Urs Furrer, designated director of the Swiss Trade Association. (Image: sgv \/ zVg)<\/figcaption><\/figure>\n<p>The largest umbrella organization of the Swiss economy is arranging the succession of its management: Urs Furrer will succeed Hans-Ulrich Bigler, who has stepped down due to age. The lawyer has been managing director of the industry associations Chocosuisse and Biscosuisse since 2014. Previously, Furrer was a member of the Executive Board of EXPERTsuisse and economiesuisse as well as a business lawyer at KPMG. Urs Furrer is expected to take up his post on May 1, 2024.<\/p>\n<\/div>\n<div class=\"text\">\n<p>Urs Furrer, who lives in Aargau, is looking forward to his new role: \"I would like to thank the Chamber of Commerce for the trust it has placed in me. I look forward to leading the sgv into a continued successful future together with its members.\" The President of the sgv, Fabio Regazzi is optimistic about the future of the association with this election: \"The sgv Board is very pleased that the Swiss Chamber of Commerce has elected Urs Furrer as the new Director of the Trade Association. With his track record, his professional and social competence, his leadership experience, his many years of activity in trade associations, his political compass and his high integrity, Furrer is the right man at the right time for the sgv!\" The sgv President is convinced that the designated Director will strive for good cooperation with the other business associations and will represent the positions and interests of the Swiss SME economy internally and externally in a clear, professional and convincing manner.<\/p>\n<\/div>\n<p>The replacement for the position of sgv Director had previously been paved with stumbling blocks: Originally, the position was to be filled by Henrique Schneider. However, allegations of plagiarism were made against him, so the board decided to withdraw his election on the basis of a legal opinion it had obtained. Now, however, the difficulties surrounding Hans-Ulrich Bigler's successor appear to have come to a conciliatory end.<\/p>\n<p><em>Source and further information: <a href=\"https:\/\/www.sgv-usam.ch\/\">www.sgv-usam.ch<\/a><\/em><\/p>","protected":false},"excerpt":{"rendered":"<p>At its meeting on October 25, 2023, the Chamber of Commerce of the Swiss Confederation of Skilled Crafts (sgv) unanimously elected Urs Furrer as its new director. He succeeds Hans-Ulrich Bigler, who has stepped down due to age.<\/p>","protected":false},"author":4,"featured_media":22788,"comment_status":"closed","ping_status":"closed","sticky":false,"template":"","format":"standard","meta":{"_acf_changed":false,"_yoast_wpseo_focuskw":"Urs Furrer","_yoast_wpseo_metadesc":"Die Gewerbekammer des Schwei\u00adze\u00adrischen Gewerbeverbandes sgv hat an ihrer Sitzung vom 25. Oktober 2023 Urs Furrer zum neuen Direktor gew\u00e4hlt.","articlekey":"","footnotes":""},"categories":[1],"tags":[381,503,531],"class_list":["post-22787","post","type-post","status-publish","format-standard","has-post-thumbnail","hentry","category-allgemein","tag-personalia","tag-verbaende","tag-wirtschaftspolitik"],"acf":[],"yoast_head":"<!-- This site is optimized with the Yoast SEO plugin v27.5 - https:\/\/yoast.com\/product\/yoast-seo-wordpress\/ -->\n<title>Urs Furrer wird neuer Direktor des Schweizerischen Gewerbeverbands - Organisator<\/title>\n<meta name=\"description\" content=\"Die Gewerbekammer des Schwei\u00adze\u00adrischen Gewerbeverbandes sgv hat an ihrer Sitzung vom 25. Oktober 2023 Urs Furrer zum neuen Direktor gew\u00e4hlt.\" \/>\n<meta name=\"robots\" content=\"index, follow, max-snippet:-1, max-image-preview:large, max-video-preview:-1\" \/>\n<link rel=\"canonical\" href=\"https:\/\/www.organisator.ch\/en\/general\/2023-10-26\/urs-furrer-wird-neuer-direktor-des-schweizerischen-gewerbeverbands\/\" \/>\n<meta property=\"og:locale\" content=\"en_US\" \/>\n<meta property=\"og:type\" content=\"article\" \/>\n<meta property=\"og:title\" content=\"Urs Furrer wird neuer Direktor des Schweizerischen Gewerbeverbands\" \/>\n<meta property=\"og:description\" content=\"Die Gewerbekammer des Schwei\u00adze\u00adrischen Gewerbeverbandes sgv hat an ihrer Sitzung vom 25. Oktober 2023 Urs Furrer zum neuen Direktor gew\u00e4hlt.\" \/>\n<meta property=\"og:url\" content=\"https:\/\/www.organisator.ch\/en\/general\/2023-10-26\/urs-furrer-wird-neuer-direktor-des-schweizerischen-gewerbeverbands\/\" \/>\n<meta property=\"og:site_name\" content=\"Organisator\" \/>\n<meta property=\"article:publisher\" content=\"https:\/\/www.facebook.com\/OrganisatorFachmagazin\" \/>\n<meta property=\"article:published_time\" content=\"2023-10-26T06:38:19+00:00\" \/>\n<meta property=\"og:image\" content=\"https:\/\/www.organisator.ch\/wp-content\/uploads\/2023\/10\/Urs-Furrer-ist-neuer-Direktor-des-Schweizerischen-Gewerbeverbands_Organisator.jpg\" \/>\n\t<meta property=\"og:image:width\" content=\"680\" \/>\n\t<meta property=\"og:image:height\" content=\"438\" \/>\n\t<meta property=\"og:image:type\" content=\"image\/jpeg\" \/>\n<meta name=\"author\" content=\"thomas.berner\" \/>\n<meta name=\"twitter:card\" content=\"summary_large_image\" \/>\n<meta name=\"twitter:title\" content=\"Urs #Furrer wird neuer #Direktor des Schweizerischen #Gewerbeverbands\" \/>\n<meta name=\"twitter:description\" content=\"Die #Gewerbekammer des Schwei\u00adze\u00adrischen #Gewerbeverbandes sgv hat an ihrer Sitzung vom 25. Oktober 2023 Urs Furrer zum neuen #Direktor gew\u00e4hlt.\" \/>\n<meta name=\"twitter:image\" content=\"https:\/\/www.organisator.ch\/wp-content\/uploads\/2023\/10\/Urs-Furrer-ist-neuer-Direktor-des-Schweizerischen-Gewerbeverbands_Organisator.jpg\" \/>\n<script type=\"application\/ld+json\" class=\"yoast-schema-graph\">{\"@context\":\"https:\\\/\\\/schema.org\",\"@graph\":[{\"@type\":\"Article\",\"@id\":\"https:\\\/\\\/www.organisator.ch\\\/allgemein\\\/2023-10-26\\\/urs-furrer-wird-neuer-direktor-des-schweizerischen-gewerbeverbands\\\/#article\",\"isPartOf\":{\"@id\":\"https:\\\/\\\/www.organisator.ch\\\/allgemein\\\/2023-10-26\\\/urs-furrer-wird-neuer-direktor-des-schweizerischen-gewerbeverbands\\\/\"},\"author\":{\"name\":\"thomas.berner\",\"@id\":\"https:\\\/\\\/www.organisator.ch\\\/#\\\/schema\\\/person\\\/6f650f90b2842cd4c0cc334b4e36f67e\"},\"headline\":\"Urs Furrer wird neuer Direktor des Schweizerischen Gewerbeverbands\",\"datePublished\":\"2023-10-26T06:38:19+00:00\",\"mainEntityOfPage\":{\"@id\":\"https:\\\/\\\/www.organisator.ch\\\/allgemein\\\/2023-10-26\\\/urs-furrer-wird-neuer-direktor-des-schweizerischen-gewerbeverbands\\\/\"},\"wordCount\":306,\"publisher\":{\"@id\":\"https:\\\/\\\/www.organisator.ch\\\/#organization\"},\"image\":{\"@id\":\"https:\\\/\\\/www.organisator.ch\\\/allgemein\\\/2023-10-26\\\/urs-furrer-wird-neuer-direktor-des-schweizerischen-gewerbeverbands\\\/#primaryimage\"},\"thumbnailUrl\":\"https:\\\/\\\/www.organisator.ch\\\/wp-content\\\/uploads\\\/2023\\\/10\\\/Urs-Furrer-ist-neuer-Direktor-des-Schweizerischen-Gewerbeverbands_Organisator.jpg\",\"keywords\":[\"Personalia\",\"Verb\u00e4nde\",\"Wirtschaftspolitik\"],\"articleSection\":[\"Allgemein\"],\"inLanguage\":\"en-US\"},{\"@type\":\"WebPage\",\"@id\":\"https:\\\/\\\/www.organisator.ch\\\/allgemein\\\/2023-10-26\\\/urs-furrer-wird-neuer-direktor-des-schweizerischen-gewerbeverbands\\\/\",\"url\":\"https:\\\/\\\/www.organisator.ch\\\/allgemein\\\/2023-10-26\\\/urs-furrer-wird-neuer-direktor-des-schweizerischen-gewerbeverbands\\\/\",\"name\":\"Urs Furrer wird neuer Direktor des Schweizerischen Gewerbeverbands - Organisator\",\"isPartOf\":{\"@id\":\"https:\\\/\\\/www.organisator.ch\\\/#website\"},\"primaryImageOfPage\":{\"@id\":\"https:\\\/\\\/www.organisator.ch\\\/allgemein\\\/2023-10-26\\\/urs-furrer-wird-neuer-direktor-des-schweizerischen-gewerbeverbands\\\/#primaryimage\"},\"image\":{\"@id\":\"https:\\\/\\\/www.organisator.ch\\\/allgemein\\\/2023-10-26\\\/urs-furrer-wird-neuer-direktor-des-schweizerischen-gewerbeverbands\\\/#primaryimage\"},\"thumbnailUrl\":\"https:\\\/\\\/www.organisator.ch\\\/wp-content\\\/uploads\\\/2023\\\/10\\\/Urs-Furrer-ist-neuer-Direktor-des-Schweizerischen-Gewerbeverbands_Organisator.jpg\",\"datePublished\":\"2023-10-26T06:38:19+00:00\",\"description\":\"Die Gewerbekammer des Schwei\u00adze\u00adrischen Gewerbeverbandes sgv hat an ihrer Sitzung vom 25. Oktober 2023 Urs Furrer zum neuen Direktor gew\u00e4hlt.\",\"breadcrumb\":{\"@id\":\"https:\\\/\\\/www.organisator.ch\\\/allgemein\\\/2023-10-26\\\/urs-furrer-wird-neuer-direktor-des-schweizerischen-gewerbeverbands\\\/#breadcrumb\"},\"inLanguage\":\"en-US\",\"potentialAction\":[{\"@type\":\"ReadAction\",\"target\":[\"https:\\\/\\\/www.organisator.ch\\\/allgemein\\\/2023-10-26\\\/urs-furrer-wird-neuer-direktor-des-schweizerischen-gewerbeverbands\\\/\"]}]},{\"@type\":\"ImageObject\",\"inLanguage\":\"en-US\",\"@id\":\"https:\\\/\\\/www.organisator.ch\\\/allgemein\\\/2023-10-26\\\/urs-furrer-wird-neuer-direktor-des-schweizerischen-gewerbeverbands\\\/#primaryimage\",\"url\":\"https:\\\/\\\/www.organisator.ch\\\/wp-content\\\/uploads\\\/2023\\\/10\\\/Urs-Furrer-ist-neuer-Direktor-des-Schweizerischen-Gewerbeverbands_Organisator.jpg\",\"contentUrl\":\"https:\\\/\\\/www.organisator.ch\\\/wp-content\\\/uploads\\\/2023\\\/10\\\/Urs-Furrer-ist-neuer-Direktor-des-Schweizerischen-Gewerbeverbands_Organisator.jpg\",\"width\":680,\"height\":438,\"caption\":\"Urs Furrer, designierter Direktor des Schweizerischen Gewerbeverbands. (Bild: sgv \\\/ zVg)\"},{\"@type\":\"BreadcrumbList\",\"@id\":\"https:\\\/\\\/www.organisator.ch\\\/allgemein\\\/2023-10-26\\\/urs-furrer-wird-neuer-direktor-des-schweizerischen-gewerbeverbands\\\/#breadcrumb\",\"itemListElement\":[{\"@type\":\"ListItem\",\"position\":1,\"name\":\"Home\",\"item\":\"https:\\\/\\\/www.organisator.ch\\\/\"},{\"@type\":\"ListItem\",\"position\":2,\"name\":\"Urs Furrer wird neuer Direktor des Schweizerischen Gewerbeverbands\"}]},{\"@type\":\"WebSite\",\"@id\":\"https:\\\/\\\/www.organisator.ch\\\/#website\",\"url\":\"https:\\\/\\\/www.organisator.ch\\\/\",\"name\":\"Organisator\",\"description\":\"Kompetent. Praxisnah. Der ORGANISATOR bereitet in 10 Ausgaben pro Jahr die wesentlichen Themen f\u00fcr F\u00fchrungskr\u00e4fte von KMU auf.\",\"publisher\":{\"@id\":\"https:\\\/\\\/www.organisator.ch\\\/#organization\"},\"potentialAction\":[{\"@type\":\"SearchAction\",\"target\":{\"@type\":\"EntryPoint\",\"urlTemplate\":\"https:\\\/\\\/www.organisator.ch\\\/?s={search_term_string}\"},\"query-input\":{\"@type\":\"PropertyValueSpecification\",\"valueRequired\":true,\"valueName\":\"search_term_string\"}}],\"inLanguage\":\"en-US\"},{\"@type\":\"Organization\",\"@id\":\"https:\\\/\\\/www.organisator.ch\\\/#organization\",\"name\":\"Organisator\",\"url\":\"https:\\\/\\\/www.organisator.ch\\\/\",\"logo\":{\"@type\":\"ImageObject\",\"inLanguage\":\"en-US\",\"@id\":\"https:\\\/\\\/www.organisator.ch\\\/#\\\/schema\\\/logo\\\/image\\\/\",\"url\":\"https:\\\/\\\/www.organisator.ch\\\/wp-content\\\/uploads\\\/2022\\\/01\\\/Logo_Organisator_Website.png\",\"contentUrl\":\"https:\\\/\\\/www.organisator.ch\\\/wp-content\\\/uploads\\\/2022\\\/01\\\/Logo_Organisator_Website.png\",\"width\":800,\"height\":77,\"caption\":\"Organisator\"},\"image\":{\"@id\":\"https:\\\/\\\/www.organisator.ch\\\/#\\\/schema\\\/logo\\\/image\\\/\"},\"sameAs\":[\"https:\\\/\\\/www.facebook.com\\\/OrganisatorFachmagazin\",\"https:\\\/\\\/www.linkedin.com\\\/showcase\\\/organisator-das-magazin-fr-kmu\",\"https:\\\/\\\/www.xing.com\\\/news\\\/pages\\\/organisator-ch-695\",\"https:\\\/\\\/www.youtube.com\\\/channel\\\/UCGP2Sq0iWaZwT3BdIAQFYpw\"]},{\"@type\":\"Person\",\"@id\":\"https:\\\/\\\/www.organisator.ch\\\/#\\\/schema\\\/person\\\/6f650f90b2842cd4c0cc334b4e36f67e\",\"name\":\"thomas.berner\",\"image\":{\"@type\":\"ImageObject\",\"inLanguage\":\"en-US\",\"@id\":\"https:\\\/\\\/secure.gravatar.com\\\/avatar\\\/ac5001d2a36cb6c6cd3e50789007ffca834b477b74a2144564522e944eabff61?s=96&d=mm&r=g\",\"url\":\"https:\\\/\\\/secure.gravatar.com\\\/avatar\\\/ac5001d2a36cb6c6cd3e50789007ffca834b477b74a2144564522e944eabff61?s=96&d=mm&r=g\",\"contentUrl\":\"https:\\\/\\\/secure.gravatar.com\\\/avatar\\\/ac5001d2a36cb6c6cd3e50789007ffca834b477b74a2144564522e944eabff61?s=96&d=mm&r=g\",\"caption\":\"thomas.berner\"},\"url\":\"https:\\\/\\\/www.organisator.ch\\\/en\\\/author\\\/thomas-berner\\\/\"}]}<\/script>\n<!-- \/ Yoast SEO plugin. -->","yoast_head_json":{"title":"Urs Furrer becomes new director of the Swiss Trade Association - Organizer","description":"At its meeting on October 25, 2023, the Chamber of Commerce of the Swiss Confederation of Skilled Crafts sgv elected Urs Furrer as its new director.","robots":{"index":"index","follow":"follow","max-snippet":"max-snippet:-1","max-image-preview":"max-image-preview:large","max-video-preview":"max-video-preview:-1"},"canonical":"https:\/\/www.organisator.ch\/en\/general\/2023-10-26\/urs-furrer-wird-neuer-direktor-des-schweizerischen-gewerbeverbands\/","og_locale":"en_US","og_type":"article","og_title":"Urs Furrer wird neuer Direktor des Schweizerischen Gewerbeverbands","og_description":"Die Gewerbekammer des Schwei\u00adze\u00adrischen Gewerbeverbandes sgv hat an ihrer Sitzung vom 25. Oktober 2023 Urs Furrer zum neuen Direktor gew\u00e4hlt.","og_url":"https:\/\/www.organisator.ch\/en\/general\/2023-10-26\/urs-furrer-wird-neuer-direktor-des-schweizerischen-gewerbeverbands\/","og_site_name":"Organisator","article_publisher":"https:\/\/www.facebook.com\/OrganisatorFachmagazin","article_published_time":"2023-10-26T06:38:19+00:00","og_image":[{"width":680,"height":438,"url":"https:\/\/www.organisator.ch\/wp-content\/uploads\/2023\/10\/Urs-Furrer-ist-neuer-Direktor-des-Schweizerischen-Gewerbeverbands_Organisator.jpg","type":"image\/jpeg"}],"author":"thomas.berner","twitter_card":"summary_large_image","twitter_title":"Urs #Furrer wird neuer #Direktor des Schweizerischen #Gewerbeverbands","twitter_description":"Die #Gewerbekammer des Schwei\u00adze\u00adrischen #Gewerbeverbandes sgv hat an ihrer Sitzung vom 25. Oktober 2023 Urs Furrer zum neuen #Direktor gew\u00e4hlt.","twitter_image":"https:\/\/www.organisator.ch\/wp-content\/uploads\/2023\/10\/Urs-Furrer-ist-neuer-Direktor-des-Schweizerischen-Gewerbeverbands_Organisator.jpg","schema":{"@context":"https:\/\/schema.org","@graph":[{"@type":"Article","@id":"https:\/\/www.organisator.ch\/allgemein\/2023-10-26\/urs-furrer-wird-neuer-direktor-des-schweizerischen-gewerbeverbands\/#article","isPartOf":{"@id":"https:\/\/www.organisator.ch\/allgemein\/2023-10-26\/urs-furrer-wird-neuer-direktor-des-schweizerischen-gewerbeverbands\/"},"author":{"name":"thomas.berner","@id":"https:\/\/www.organisator.ch\/#\/schema\/person\/6f650f90b2842cd4c0cc334b4e36f67e"},"headline":"Urs Furrer wird neuer Direktor des Schweizerischen Gewerbeverbands","datePublished":"2023-10-26T06:38:19+00:00","mainEntityOfPage":{"@id":"https:\/\/www.organisator.ch\/allgemein\/2023-10-26\/urs-furrer-wird-neuer-direktor-des-schweizerischen-gewerbeverbands\/"},"wordCount":306,"publisher":{"@id":"https:\/\/www.organisator.ch\/#organization"},"image":{"@id":"https:\/\/www.organisator.ch\/allgemein\/2023-10-26\/urs-furrer-wird-neuer-direktor-des-schweizerischen-gewerbeverbands\/#primaryimage"},"thumbnailUrl":"https:\/\/www.organisator.ch\/wp-content\/uploads\/2023\/10\/Urs-Furrer-ist-neuer-Direktor-des-Schweizerischen-Gewerbeverbands_Organisator.jpg","keywords":["Personalia","Verb\u00e4nde","Wirtschaftspolitik"],"articleSection":["Allgemein"],"inLanguage":"en-US"},{"@type":"WebPage","@id":"https:\/\/www.organisator.ch\/allgemein\/2023-10-26\/urs-furrer-wird-neuer-direktor-des-schweizerischen-gewerbeverbands\/","url":"https:\/\/www.organisator.ch\/allgemein\/2023-10-26\/urs-furrer-wird-neuer-direktor-des-schweizerischen-gewerbeverbands\/","name":"Urs Furrer becomes new director of the Swiss Trade Association - Organizer","isPartOf":{"@id":"https:\/\/www.organisator.ch\/#website"},"primaryImageOfPage":{"@id":"https:\/\/www.organisator.ch\/allgemein\/2023-10-26\/urs-furrer-wird-neuer-direktor-des-schweizerischen-gewerbeverbands\/#primaryimage"},"image":{"@id":"https:\/\/www.organisator.ch\/allgemein\/2023-10-26\/urs-furrer-wird-neuer-direktor-des-schweizerischen-gewerbeverbands\/#primaryimage"},"thumbnailUrl":"https:\/\/www.organisator.ch\/wp-content\/uploads\/2023\/10\/Urs-Furrer-ist-neuer-Direktor-des-Schweizerischen-Gewerbeverbands_Organisator.jpg","datePublished":"2023-10-26T06:38:19+00:00","description":"At its meeting on October 25, 2023, the Chamber of Commerce of the Swiss Confederation of Skilled Crafts sgv elected Urs Furrer as its new director.","breadcrumb":{"@id":"https:\/\/www.organisator.ch\/allgemein\/2023-10-26\/urs-furrer-wird-neuer-direktor-des-schweizerischen-gewerbeverbands\/#breadcrumb"},"inLanguage":"en-US","potentialAction":[{"@type":"ReadAction","target":["https:\/\/www.organisator.ch\/allgemein\/2023-10-26\/urs-furrer-wird-neuer-direktor-des-schweizerischen-gewerbeverbands\/"]}]},{"@type":"ImageObject","inLanguage":"en-US","@id":"https:\/\/www.organisator.ch\/allgemein\/2023-10-26\/urs-furrer-wird-neuer-direktor-des-schweizerischen-gewerbeverbands\/#primaryimage","url":"https:\/\/www.organisator.ch\/wp-content\/uploads\/2023\/10\/Urs-Furrer-ist-neuer-Direktor-des-Schweizerischen-Gewerbeverbands_Organisator.jpg","contentUrl":"https:\/\/www.organisator.ch\/wp-content\/uploads\/2023\/10\/Urs-Furrer-ist-neuer-Direktor-des-Schweizerischen-Gewerbeverbands_Organisator.jpg","width":680,"height":438,"caption":"Urs Furrer, designierter Direktor des Schweizerischen Gewerbeverbands. (Bild: sgv \/ zVg)"},{"@type":"BreadcrumbList","@id":"https:\/\/www.organisator.ch\/allgemein\/2023-10-26\/urs-furrer-wird-neuer-direktor-des-schweizerischen-gewerbeverbands\/#breadcrumb","itemListElement":[{"@type":"ListItem","position":1,"name":"Home","item":"https:\/\/www.organisator.ch\/"},{"@type":"ListItem","position":2,"name":"Urs Furrer wird neuer Direktor des Schweizerischen Gewerbeverbands"}]},{"@type":"WebSite","@id":"https:\/\/www.organisator.ch\/#website","url":"https:\/\/www.organisator.ch\/","name":"Organizer","description":"Competent. Practical. In 10 issues per year, ORGANISATOR presents the essential topics for managers of SMEs.","publisher":{"@id":"https:\/\/www.organisator.ch\/#organization"},"potentialAction":[{"@type":"SearchAction","target":{"@type":"EntryPoint","urlTemplate":"https:\/\/www.organisator.ch\/?s={search_term_string}"},"query-input":{"@type":"PropertyValueSpecification","valueRequired":true,"valueName":"search_term_string"}}],"inLanguage":"en-US"},{"@type":"Organization","@id":"https:\/\/www.organisator.ch\/#organization","name":"Organizer","url":"https:\/\/www.organisator.ch\/","logo":{"@type":"ImageObject","inLanguage":"en-US","@id":"https:\/\/www.organisator.ch\/#\/schema\/logo\/image\/","url":"https:\/\/www.organisator.ch\/wp-content\/uploads\/2022\/01\/Logo_Organisator_Website.png","contentUrl":"https:\/\/www.organisator.ch\/wp-content\/uploads\/2022\/01\/Logo_Organisator_Website.png","width":800,"height":77,"caption":"Organisator"},"image":{"@id":"https:\/\/www.organisator.ch\/#\/schema\/logo\/image\/"},"sameAs":["https:\/\/www.facebook.com\/OrganisatorFachmagazin","https:\/\/www.linkedin.com\/showcase\/organisator-das-magazin-fr-kmu","https:\/\/www.xing.com\/news\/pages\/organisator-ch-695","https:\/\/www.youtube.com\/channel\/UCGP2Sq0iWaZwT3BdIAQFYpw"]},{"@type":"Person","@id":"https:\/\/www.organisator.ch\/#\/schema\/person\/6f650f90b2842cd4c0cc334b4e36f67e","name":"thomas.berner","image":{"@type":"ImageObject","inLanguage":"en-US","@id":"https:\/\/secure.gravatar.com\/avatar\/ac5001d2a36cb6c6cd3e50789007ffca834b477b74a2144564522e944eabff61?s=96&d=mm&r=g","url":"https:\/\/secure.gravatar.com\/avatar\/ac5001d2a36cb6c6cd3e50789007ffca834b477b74a2144564522e944eabff61?s=96&d=mm&r=g","contentUrl":"https:\/\/secure.gravatar.com\/avatar\/ac5001d2a36cb6c6cd3e50789007ffca834b477b74a2144564522e944eabff61?s=96&d=mm&r=g","caption":"thomas.berner"},"url":"https:\/\/www.organisator.ch\/en\/author\/thomas-berner\/"}]}},"_links":{"self":[{"href":"https:\/\/www.organisator.ch\/en\/wp-json\/wp\/v2\/posts\/22787","targetHints":{"allow":["GET"]}}],"collection":[{"href":"https:\/\/www.organisator.ch\/en\/wp-json\/wp\/v2\/posts"}],"about":[{"href":"https:\/\/www.organisator.ch\/en\/wp-json\/wp\/v2\/types\/post"}],"author":[{"embeddable":true,"href":"https:\/\/www.organisator.ch\/en\/wp-json\/wp\/v2\/users\/4"}],"replies":[{"embeddable":true,"href":"https:\/\/www.organisator.ch\/en\/wp-json\/wp\/v2\/comments?post=22787"}],"version-history":[{"count":1,"href":"https:\/\/www.organisator.ch\/en\/wp-json\/wp\/v2\/posts\/22787\/revisions"}],"predecessor-version":[{"id":22789,"href":"https:\/\/www.organisator.ch\/en\/wp-json\/wp\/v2\/posts\/22787\/revisions\/22789"}],"wp:featuredmedia":[{"embeddable":true,"href":"https:\/\/www.organisator.ch\/en\/wp-json\/wp\/v2\/media\/22788"}],"wp:attachment":[{"href":"https:\/\/www.organisator.ch\/en\/wp-json\/wp\/v2\/media?parent=22787"}],"wp:term":[{"taxonomy":"category","embeddable":true,"href":"https:\/\/www.organisator.ch\/en\/wp-json\/wp\/v2\/categories?post=22787"},{"taxonomy":"post_tag","embeddable":true,"href":"https:\/\/www.organisator.ch\/en\/wp-json\/wp\/v2\/tags?post=22787"}],"curies":[{"name":"wp","href":"https:\/\/api.w.org\/{rel}","templated":true}]}}