{"id":22846,"date":"2023-10-30T13:26:00","date_gmt":"2023-10-30T12:26:00","guid":{"rendered":"https:\/\/www.organisator.ch\/?p=22846"},"modified":"2023-11-09T07:58:13","modified_gmt":"2023-11-09T06:58:13","slug":"forum-oe-2023-nachhaltige-entwicklung-als-kompass-fuer-die-zukunft","status":"publish","type":"post","link":"https:\/\/www.organisator.ch\/en\/sustainability\/2023-10-30\/forum-oe-2023-nachhaltige-entwicklung-als-kompass-fuer-die-zukunft\/","title":{"rendered":"Forum \u00f6 2023: Sustainable development as a compass for the future"},"content":{"rendered":"<figure id=\"attachment_22847\" aria-describedby=\"caption-attachment-22847\" style=\"width: 680px\" class=\"wp-caption alignnone\"><img loading=\"lazy\" decoding=\"async\" class=\"size-full wp-image-22847\" src=\"https:\/\/www.organisator.ch\/wp-content\/uploads\/2023\/10\/Forum-Oe1_ps.jpg\" alt=\"\" width=\"680\" height=\"382\" srcset=\"https:\/\/www.organisator.ch\/wp-content\/uploads\/2023\/10\/Forum-Oe1_ps.jpg 680w, https:\/\/www.organisator.ch\/wp-content\/uploads\/2023\/10\/Forum-Oe1_ps-18x10.jpg 18w, https:\/\/www.organisator.ch\/wp-content\/uploads\/2023\/10\/Forum-Oe1_ps-375x211.jpg 375w, https:\/\/www.organisator.ch\/wp-content\/uploads\/2023\/10\/Forum-Oe1_ps-623x350.jpg 623w\" sizes=\"auto, (max-width: 680px) 100vw, 680px\" \/><figcaption id=\"caption-attachment-22847\" class=\"wp-caption-text\">The opening keynote, titled \"New Directions or Old Patterns? Boldly moving toward a regenerative economy.\" (Image: Adelisa Salaji Kalajdzini)<\/figcaption><\/figure>\n<p>The basic idea of the regenerative economy goes one step further: In an economic system that has to learn to deal with resource scarcity, simply maintaining the status quo is not enough. The regenerative economy seeks not only to preserve what already exists, but also to give back. It seeks to have a positive impact on the environment, society and the economy.<\/p>\n<p>In the midst of biodiversity crisis, climate emergency and social inequalities, this year's Forum \u00f6 2023 set an example for a regenerative economy. Every year, the event brings together around 300 committed personalities from the fields of sustainability, innovation &amp; purchasing, members of the management of leading Swiss companies, as well as figures from science, civil society, politics and administration.<\/p>\n<p>The \u00f6 2023 Forum organized diverse breakout sessions and inspiring keynotes on topics such as \"business as unusual\" and \"leadership for a regenerative economy.\"<\/p>\n<p>The opening keynote entitled \"New paths or old patterns? Boldly moving towards a regenerative economy\" was presented at this year's conference by Prof. Dr. Stephan Hankammer from the Institute for Regenerative Economics (REGWI) Neuss (Germany). In his opinion, we need an economy that restores and regenerates. But for this we need many initiatives and companies. Further, he also discussed and presented the topic \"Regenerative Company\" and also \"Sustainable Products in Companies\".<\/p>\n<p>With breakout sessions such as \"Business as unusual\" by Oxara or \"Digitalization\" by esentri, the Forum \u00f6 brought additional momentum to the conference. Participants were encouraged to present their own opinions and actively participate.<\/p>\n<h3><strong>The Twin Transformation with esentri<\/strong><\/h3>\n<p>The B-Corp certified consulting firm esentri presented digital and sustainable transformation in companies. The company combines digitalization and sustainability. The focus is on people. The breakout session addressed the questions Where are we today with sustainability? Where do companies stand? Are there already companies practicing sustainability and digitalization? were discussed. It was a dance through first steps of sustainability and digitalization in the companies for the participants.<\/p>\n<figure id=\"attachment_22848\" aria-describedby=\"caption-attachment-22848\" style=\"width: 680px\" class=\"wp-caption alignnone\"><img loading=\"lazy\" decoding=\"async\" class=\"size-full wp-image-22848\" src=\"https:\/\/www.organisator.ch\/wp-content\/uploads\/2023\/10\/Forum-Oe7_ps.jpg\" alt=\"\" width=\"680\" height=\"339\" srcset=\"https:\/\/www.organisator.ch\/wp-content\/uploads\/2023\/10\/Forum-Oe7_ps.jpg 680w, https:\/\/www.organisator.ch\/wp-content\/uploads\/2023\/10\/Forum-Oe7_ps-18x9.jpg 18w, https:\/\/www.organisator.ch\/wp-content\/uploads\/2023\/10\/Forum-Oe7_ps-375x187.jpg 375w\" sizes=\"auto, (max-width: 680px) 100vw, 680px\" \/><figcaption id=\"caption-attachment-22848\" class=\"wp-caption-text\">esentri presented the Twin Transformation - Digitalization and Sustainability in Business. (Image: Adelisa Salaji Kalajdzini)<\/figcaption><\/figure>\n<p>In this year's edition, Forum \u00f6 again offered a wide variety of inspirations and showed paradigm shifts as well as practical possibilities for action. \"Together we define the paths to a regenerative economy and with new knowledge, thought-provoking impulses and useful contacts they can start in practice,\" says Forum \u00f6.<\/p>\n<p><em>More information: <a href=\"https:\/\/www.oebu.ch\/de\/events\/event-kalender\/forum-oe-2023-neue-wege-oder-alte-muster-mutig-in-richtung-regenerative-wirtschaft-7717.html\">www.oebu.ch\u00a0<\/a><\/em><\/p>","protected":false},"excerpt":{"rendered":"<p>The Association for Sustainable Business \u00f6bu once again hosted this year's Forum \u00f6, which took place on October 26 in Zurich. The conference is organized once a year and focuses on the topic of sustainable business. <\/p>","protected":false},"author":58,"featured_media":22847,"comment_status":"closed","ping_status":"closed","sticky":false,"template":"","format":"standard","meta":{"_acf_changed":false,"_yoast_wpseo_focuskw":"Forum \u00f6","_yoast_wpseo_metadesc":"Das Verband f\u00fcr nachhaltiges Wirtschaften \u00f6bu hat auch dieses Jahr das Forum \u00f6 organisiert das am 26. Oktober in Z\u00fcrich stattfand.","articlekey":"","footnotes":""},"categories":[580],"tags":[3343,358,492,502],"class_list":["post-22846","post","type-post","status-publish","format-standard","has-post-thumbnail","hentry","category-sustainability","tag-konferenz","tag-nachhaltige-wirtschaft","tag-unternehmen","tag-veranstaltungen"],"acf":[],"yoast_head":"<!-- This site is optimized with the Yoast SEO plugin v27.4 - https:\/\/yoast.com\/product\/yoast-seo-wordpress\/ -->\n<title>Forum \u00f6 2023: Nachhaltige Entwicklung als Kompass f\u00fcr die Zukunft - Organisator<\/title>\n<meta name=\"description\" content=\"Das Verband f\u00fcr nachhaltiges Wirtschaften \u00f6bu hat auch dieses Jahr das Forum \u00f6 organisiert das am 26. Oktober in Z\u00fcrich stattfand.\" \/>\n<meta name=\"robots\" content=\"index, follow, max-snippet:-1, max-image-preview:large, max-video-preview:-1\" \/>\n<link rel=\"canonical\" href=\"https:\/\/www.organisator.ch\/en\/sustainability\/2023-10-30\/forum-oe-2023-nachhaltige-entwicklung-als-kompass-fuer-die-zukunft\/\" \/>\n<meta property=\"og:locale\" content=\"en_US\" \/>\n<meta property=\"og:type\" content=\"article\" \/>\n<meta property=\"og:title\" content=\"Forum \u00f6 2023: Nachhaltige Entwicklung als Kompass f\u00fcr die Zukunft\" \/>\n<meta property=\"og:description\" content=\"Das Verband f\u00fcr nachhaltiges Wirtschaften \u00f6bu hat auch dieses Jahr das Forum \u00f6 organisiert das am 26. Oktober in Z\u00fcrich stattfand.\" \/>\n<meta property=\"og:url\" content=\"https:\/\/www.organisator.ch\/en\/sustainability\/2023-10-30\/forum-oe-2023-nachhaltige-entwicklung-als-kompass-fuer-die-zukunft\/\" \/>\n<meta property=\"og:site_name\" content=\"Organisator\" \/>\n<meta property=\"article:publisher\" content=\"https:\/\/www.facebook.com\/OrganisatorFachmagazin\" \/>\n<meta property=\"article:published_time\" content=\"2023-10-30T12:26:00+00:00\" \/>\n<meta property=\"article:modified_time\" content=\"2023-11-09T06:58:13+00:00\" \/>\n<meta property=\"og:image\" content=\"https:\/\/www.organisator.ch\/wp-content\/uploads\/2023\/10\/Forum-Oe1_ps.jpg\" \/>\n\t<meta property=\"og:image:width\" content=\"680\" \/>\n\t<meta property=\"og:image:height\" content=\"382\" \/>\n\t<meta property=\"og:image:type\" content=\"image\/jpeg\" \/>\n<meta name=\"author\" content=\"Adelisa Kalajdzini\" \/>\n<meta name=\"twitter:card\" content=\"summary_large_image\" \/>\n<meta name=\"twitter:title\" content=\"Forum \u00f6 2023: Nachhaltige Entwicklung als Kompass f\u00fcr die Zukunft\" \/>\n<meta name=\"twitter:description\" content=\"Das Verband f\u00fcr nachhaltiges Wirtschaften #\u00f6bu hat auch dieses Jahr das #Forum \u00f6 organisiert das am 26. Oktober in Z\u00fcrich stattfand.\" \/>\n<meta name=\"twitter:image\" content=\"https:\/\/www.organisator.ch\/wp-content\/uploads\/2023\/10\/Forum-Oe1_ps.jpg\" \/>\n<script type=\"application\/ld+json\" class=\"yoast-schema-graph\">{\"@context\":\"https:\\\/\\\/schema.org\",\"@graph\":[{\"@type\":\"Article\",\"@id\":\"https:\\\/\\\/www.organisator.ch\\\/sustainability\\\/2023-10-30\\\/forum-oe-2023-nachhaltige-entwicklung-als-kompass-fuer-die-zukunft\\\/#article\",\"isPartOf\":{\"@id\":\"https:\\\/\\\/www.organisator.ch\\\/sustainability\\\/2023-10-30\\\/forum-oe-2023-nachhaltige-entwicklung-als-kompass-fuer-die-zukunft\\\/\"},\"author\":{\"name\":\"Adelisa Kalajdzini\",\"@id\":\"https:\\\/\\\/www.organisator.ch\\\/#\\\/schema\\\/person\\\/2e1314a2172123f874db408d8911d3f3\"},\"headline\":\"Forum \u00f6 2023: Nachhaltige Entwicklung als Kompass f\u00fcr die Zukunft\",\"datePublished\":\"2023-10-30T12:26:00+00:00\",\"dateModified\":\"2023-11-09T06:58:13+00:00\",\"mainEntityOfPage\":{\"@id\":\"https:\\\/\\\/www.organisator.ch\\\/sustainability\\\/2023-10-30\\\/forum-oe-2023-nachhaltige-entwicklung-als-kompass-fuer-die-zukunft\\\/\"},\"wordCount\":421,\"publisher\":{\"@id\":\"https:\\\/\\\/www.organisator.ch\\\/#organization\"},\"image\":{\"@id\":\"https:\\\/\\\/www.organisator.ch\\\/sustainability\\\/2023-10-30\\\/forum-oe-2023-nachhaltige-entwicklung-als-kompass-fuer-die-zukunft\\\/#primaryimage\"},\"thumbnailUrl\":\"https:\\\/\\\/www.organisator.ch\\\/wp-content\\\/uploads\\\/2023\\\/10\\\/Forum-Oe1_ps.jpg\",\"keywords\":[\"Konferenz\",\"Nachhaltige Wirtschaft\",\"Unternehmen\",\"Veranstaltungen\"],\"articleSection\":[\"SUSTAINABILITY\"],\"inLanguage\":\"en-US\"},{\"@type\":\"WebPage\",\"@id\":\"https:\\\/\\\/www.organisator.ch\\\/sustainability\\\/2023-10-30\\\/forum-oe-2023-nachhaltige-entwicklung-als-kompass-fuer-die-zukunft\\\/\",\"url\":\"https:\\\/\\\/www.organisator.ch\\\/sustainability\\\/2023-10-30\\\/forum-oe-2023-nachhaltige-entwicklung-als-kompass-fuer-die-zukunft\\\/\",\"name\":\"Forum \u00f6 2023: Nachhaltige Entwicklung als Kompass f\u00fcr die Zukunft - Organisator\",\"isPartOf\":{\"@id\":\"https:\\\/\\\/www.organisator.ch\\\/#website\"},\"primaryImageOfPage\":{\"@id\":\"https:\\\/\\\/www.organisator.ch\\\/sustainability\\\/2023-10-30\\\/forum-oe-2023-nachhaltige-entwicklung-als-kompass-fuer-die-zukunft\\\/#primaryimage\"},\"image\":{\"@id\":\"https:\\\/\\\/www.organisator.ch\\\/sustainability\\\/2023-10-30\\\/forum-oe-2023-nachhaltige-entwicklung-als-kompass-fuer-die-zukunft\\\/#primaryimage\"},\"thumbnailUrl\":\"https:\\\/\\\/www.organisator.ch\\\/wp-content\\\/uploads\\\/2023\\\/10\\\/Forum-Oe1_ps.jpg\",\"datePublished\":\"2023-10-30T12:26:00+00:00\",\"dateModified\":\"2023-11-09T06:58:13+00:00\",\"description\":\"Das Verband f\u00fcr nachhaltiges Wirtschaften \u00f6bu hat auch dieses Jahr das Forum \u00f6 organisiert das am 26. Oktober in Z\u00fcrich stattfand.\",\"breadcrumb\":{\"@id\":\"https:\\\/\\\/www.organisator.ch\\\/sustainability\\\/2023-10-30\\\/forum-oe-2023-nachhaltige-entwicklung-als-kompass-fuer-die-zukunft\\\/#breadcrumb\"},\"inLanguage\":\"en-US\",\"potentialAction\":[{\"@type\":\"ReadAction\",\"target\":[\"https:\\\/\\\/www.organisator.ch\\\/sustainability\\\/2023-10-30\\\/forum-oe-2023-nachhaltige-entwicklung-als-kompass-fuer-die-zukunft\\\/\"]}]},{\"@type\":\"ImageObject\",\"inLanguage\":\"en-US\",\"@id\":\"https:\\\/\\\/www.organisator.ch\\\/sustainability\\\/2023-10-30\\\/forum-oe-2023-nachhaltige-entwicklung-als-kompass-fuer-die-zukunft\\\/#primaryimage\",\"url\":\"https:\\\/\\\/www.organisator.ch\\\/wp-content\\\/uploads\\\/2023\\\/10\\\/Forum-Oe1_ps.jpg\",\"contentUrl\":\"https:\\\/\\\/www.organisator.ch\\\/wp-content\\\/uploads\\\/2023\\\/10\\\/Forum-Oe1_ps.jpg\",\"width\":680,\"height\":382,\"caption\":\"Die Er\u00f6ffnungskeynote mit dem Titel \u201eNeue Wege oder alte Muster? Mutig in Richtung regenerative Wirtschaft.\u201c (Bild: Adelisa Salaji Kalajdzini)\"},{\"@type\":\"BreadcrumbList\",\"@id\":\"https:\\\/\\\/www.organisator.ch\\\/sustainability\\\/2023-10-30\\\/forum-oe-2023-nachhaltige-entwicklung-als-kompass-fuer-die-zukunft\\\/#breadcrumb\",\"itemListElement\":[{\"@type\":\"ListItem\",\"position\":1,\"name\":\"Home\",\"item\":\"https:\\\/\\\/www.organisator.ch\\\/\"},{\"@type\":\"ListItem\",\"position\":2,\"name\":\"Forum \u00f6 2023: Nachhaltige Entwicklung als Kompass f\u00fcr die Zukunft\"}]},{\"@type\":\"WebSite\",\"@id\":\"https:\\\/\\\/www.organisator.ch\\\/#website\",\"url\":\"https:\\\/\\\/www.organisator.ch\\\/\",\"name\":\"Organisator\",\"description\":\"Kompetent. Praxisnah. Der ORGANISATOR bereitet in 10 Ausgaben pro Jahr die wesentlichen Themen f\u00fcr F\u00fchrungskr\u00e4fte von KMU auf.\",\"publisher\":{\"@id\":\"https:\\\/\\\/www.organisator.ch\\\/#organization\"},\"potentialAction\":[{\"@type\":\"SearchAction\",\"target\":{\"@type\":\"EntryPoint\",\"urlTemplate\":\"https:\\\/\\\/www.organisator.ch\\\/?s={search_term_string}\"},\"query-input\":{\"@type\":\"PropertyValueSpecification\",\"valueRequired\":true,\"valueName\":\"search_term_string\"}}],\"inLanguage\":\"en-US\"},{\"@type\":\"Organization\",\"@id\":\"https:\\\/\\\/www.organisator.ch\\\/#organization\",\"name\":\"Organisator\",\"url\":\"https:\\\/\\\/www.organisator.ch\\\/\",\"logo\":{\"@type\":\"ImageObject\",\"inLanguage\":\"en-US\",\"@id\":\"https:\\\/\\\/www.organisator.ch\\\/#\\\/schema\\\/logo\\\/image\\\/\",\"url\":\"https:\\\/\\\/www.organisator.ch\\\/wp-content\\\/uploads\\\/2022\\\/01\\\/Logo_Organisator_Website.png\",\"contentUrl\":\"https:\\\/\\\/www.organisator.ch\\\/wp-content\\\/uploads\\\/2022\\\/01\\\/Logo_Organisator_Website.png\",\"width\":800,\"height\":77,\"caption\":\"Organisator\"},\"image\":{\"@id\":\"https:\\\/\\\/www.organisator.ch\\\/#\\\/schema\\\/logo\\\/image\\\/\"},\"sameAs\":[\"https:\\\/\\\/www.facebook.com\\\/OrganisatorFachmagazin\",\"https:\\\/\\\/www.linkedin.com\\\/showcase\\\/organisator-das-magazin-fr-kmu\",\"https:\\\/\\\/www.xing.com\\\/news\\\/pages\\\/organisator-ch-695\",\"https:\\\/\\\/www.youtube.com\\\/channel\\\/UCGP2Sq0iWaZwT3BdIAQFYpw\"]},{\"@type\":\"Person\",\"@id\":\"https:\\\/\\\/www.organisator.ch\\\/#\\\/schema\\\/person\\\/2e1314a2172123f874db408d8911d3f3\",\"name\":\"Adelisa Kalajdzini\",\"image\":{\"@type\":\"ImageObject\",\"inLanguage\":\"en-US\",\"@id\":\"https:\\\/\\\/secure.gravatar.com\\\/avatar\\\/09a397c22ac58cad6f160ee8306348599df9df58a8ede73696226897b9fa4b24?s=96&d=mm&r=g\",\"url\":\"https:\\\/\\\/secure.gravatar.com\\\/avatar\\\/09a397c22ac58cad6f160ee8306348599df9df58a8ede73696226897b9fa4b24?s=96&d=mm&r=g\",\"contentUrl\":\"https:\\\/\\\/secure.gravatar.com\\\/avatar\\\/09a397c22ac58cad6f160ee8306348599df9df58a8ede73696226897b9fa4b24?s=96&d=mm&r=g\",\"caption\":\"Adelisa Kalajdzini\"},\"url\":\"https:\\\/\\\/www.organisator.ch\\\/en\\\/author\\\/adelisa-kalajdzini\\\/\"}]}<\/script>\n<!-- \/ Yoast SEO plugin. -->","yoast_head_json":{"title":"Forum \u00f6 2023: Sustainable Development as a Compass for the Future - Organizer","description":"The Association for Sustainable Business \u00f6bu has organized again this year the Forum \u00f6 which took place on October 26th in Zurich.","robots":{"index":"index","follow":"follow","max-snippet":"max-snippet:-1","max-image-preview":"max-image-preview:large","max-video-preview":"max-video-preview:-1"},"canonical":"https:\/\/www.organisator.ch\/en\/sustainability\/2023-10-30\/forum-oe-2023-nachhaltige-entwicklung-als-kompass-fuer-die-zukunft\/","og_locale":"en_US","og_type":"article","og_title":"Forum \u00f6 2023: Nachhaltige Entwicklung als Kompass f\u00fcr die Zukunft","og_description":"Das Verband f\u00fcr nachhaltiges Wirtschaften \u00f6bu hat auch dieses Jahr das Forum \u00f6 organisiert das am 26. Oktober in Z\u00fcrich stattfand.","og_url":"https:\/\/www.organisator.ch\/en\/sustainability\/2023-10-30\/forum-oe-2023-nachhaltige-entwicklung-als-kompass-fuer-die-zukunft\/","og_site_name":"Organisator","article_publisher":"https:\/\/www.facebook.com\/OrganisatorFachmagazin","article_published_time":"2023-10-30T12:26:00+00:00","article_modified_time":"2023-11-09T06:58:13+00:00","og_image":[{"width":680,"height":382,"url":"https:\/\/www.organisator.ch\/wp-content\/uploads\/2023\/10\/Forum-Oe1_ps.jpg","type":"image\/jpeg"}],"author":"Adelisa Kalajdzini","twitter_card":"summary_large_image","twitter_title":"Forum \u00f6 2023: Nachhaltige Entwicklung als Kompass f\u00fcr die Zukunft","twitter_description":"Das Verband f\u00fcr nachhaltiges Wirtschaften #\u00f6bu hat auch dieses Jahr das #Forum \u00f6 organisiert das am 26. Oktober in Z\u00fcrich stattfand.","twitter_image":"https:\/\/www.organisator.ch\/wp-content\/uploads\/2023\/10\/Forum-Oe1_ps.jpg","schema":{"@context":"https:\/\/schema.org","@graph":[{"@type":"Article","@id":"https:\/\/www.organisator.ch\/sustainability\/2023-10-30\/forum-oe-2023-nachhaltige-entwicklung-als-kompass-fuer-die-zukunft\/#article","isPartOf":{"@id":"https:\/\/www.organisator.ch\/sustainability\/2023-10-30\/forum-oe-2023-nachhaltige-entwicklung-als-kompass-fuer-die-zukunft\/"},"author":{"name":"Adelisa Kalajdzini","@id":"https:\/\/www.organisator.ch\/#\/schema\/person\/2e1314a2172123f874db408d8911d3f3"},"headline":"Forum \u00f6 2023: Nachhaltige Entwicklung als Kompass f\u00fcr die Zukunft","datePublished":"2023-10-30T12:26:00+00:00","dateModified":"2023-11-09T06:58:13+00:00","mainEntityOfPage":{"@id":"https:\/\/www.organisator.ch\/sustainability\/2023-10-30\/forum-oe-2023-nachhaltige-entwicklung-als-kompass-fuer-die-zukunft\/"},"wordCount":421,"publisher":{"@id":"https:\/\/www.organisator.ch\/#organization"},"image":{"@id":"https:\/\/www.organisator.ch\/sustainability\/2023-10-30\/forum-oe-2023-nachhaltige-entwicklung-als-kompass-fuer-die-zukunft\/#primaryimage"},"thumbnailUrl":"https:\/\/www.organisator.ch\/wp-content\/uploads\/2023\/10\/Forum-Oe1_ps.jpg","keywords":["Konferenz","Nachhaltige Wirtschaft","Unternehmen","Veranstaltungen"],"articleSection":["SUSTAINABILITY"],"inLanguage":"en-US"},{"@type":"WebPage","@id":"https:\/\/www.organisator.ch\/sustainability\/2023-10-30\/forum-oe-2023-nachhaltige-entwicklung-als-kompass-fuer-die-zukunft\/","url":"https:\/\/www.organisator.ch\/sustainability\/2023-10-30\/forum-oe-2023-nachhaltige-entwicklung-als-kompass-fuer-die-zukunft\/","name":"Forum \u00f6 2023: Sustainable Development as a Compass for the Future - Organizer","isPartOf":{"@id":"https:\/\/www.organisator.ch\/#website"},"primaryImageOfPage":{"@id":"https:\/\/www.organisator.ch\/sustainability\/2023-10-30\/forum-oe-2023-nachhaltige-entwicklung-als-kompass-fuer-die-zukunft\/#primaryimage"},"image":{"@id":"https:\/\/www.organisator.ch\/sustainability\/2023-10-30\/forum-oe-2023-nachhaltige-entwicklung-als-kompass-fuer-die-zukunft\/#primaryimage"},"thumbnailUrl":"https:\/\/www.organisator.ch\/wp-content\/uploads\/2023\/10\/Forum-Oe1_ps.jpg","datePublished":"2023-10-30T12:26:00+00:00","dateModified":"2023-11-09T06:58:13+00:00","description":"The Association for Sustainable Business \u00f6bu has organized again this year the Forum \u00f6 which took place on October 26th in Zurich.","breadcrumb":{"@id":"https:\/\/www.organisator.ch\/sustainability\/2023-10-30\/forum-oe-2023-nachhaltige-entwicklung-als-kompass-fuer-die-zukunft\/#breadcrumb"},"inLanguage":"en-US","potentialAction":[{"@type":"ReadAction","target":["https:\/\/www.organisator.ch\/sustainability\/2023-10-30\/forum-oe-2023-nachhaltige-entwicklung-als-kompass-fuer-die-zukunft\/"]}]},{"@type":"ImageObject","inLanguage":"en-US","@id":"https:\/\/www.organisator.ch\/sustainability\/2023-10-30\/forum-oe-2023-nachhaltige-entwicklung-als-kompass-fuer-die-zukunft\/#primaryimage","url":"https:\/\/www.organisator.ch\/wp-content\/uploads\/2023\/10\/Forum-Oe1_ps.jpg","contentUrl":"https:\/\/www.organisator.ch\/wp-content\/uploads\/2023\/10\/Forum-Oe1_ps.jpg","width":680,"height":382,"caption":"Die Er\u00f6ffnungskeynote mit dem Titel \u201eNeue Wege oder alte Muster? Mutig in Richtung regenerative Wirtschaft.\u201c (Bild: Adelisa Salaji Kalajdzini)"},{"@type":"BreadcrumbList","@id":"https:\/\/www.organisator.ch\/sustainability\/2023-10-30\/forum-oe-2023-nachhaltige-entwicklung-als-kompass-fuer-die-zukunft\/#breadcrumb","itemListElement":[{"@type":"ListItem","position":1,"name":"Home","item":"https:\/\/www.organisator.ch\/"},{"@type":"ListItem","position":2,"name":"Forum \u00f6 2023: Nachhaltige Entwicklung als Kompass f\u00fcr die Zukunft"}]},{"@type":"WebSite","@id":"https:\/\/www.organisator.ch\/#website","url":"https:\/\/www.organisator.ch\/","name":"Organizer","description":"Competent. Practical. In 10 issues per year, ORGANISATOR presents the essential topics for managers of SMEs.","publisher":{"@id":"https:\/\/www.organisator.ch\/#organization"},"potentialAction":[{"@type":"SearchAction","target":{"@type":"EntryPoint","urlTemplate":"https:\/\/www.organisator.ch\/?s={search_term_string}"},"query-input":{"@type":"PropertyValueSpecification","valueRequired":true,"valueName":"search_term_string"}}],"inLanguage":"en-US"},{"@type":"Organization","@id":"https:\/\/www.organisator.ch\/#organization","name":"Organizer","url":"https:\/\/www.organisator.ch\/","logo":{"@type":"ImageObject","inLanguage":"en-US","@id":"https:\/\/www.organisator.ch\/#\/schema\/logo\/image\/","url":"https:\/\/www.organisator.ch\/wp-content\/uploads\/2022\/01\/Logo_Organisator_Website.png","contentUrl":"https:\/\/www.organisator.ch\/wp-content\/uploads\/2022\/01\/Logo_Organisator_Website.png","width":800,"height":77,"caption":"Organisator"},"image":{"@id":"https:\/\/www.organisator.ch\/#\/schema\/logo\/image\/"},"sameAs":["https:\/\/www.facebook.com\/OrganisatorFachmagazin","https:\/\/www.linkedin.com\/showcase\/organisator-das-magazin-fr-kmu","https:\/\/www.xing.com\/news\/pages\/organisator-ch-695","https:\/\/www.youtube.com\/channel\/UCGP2Sq0iWaZwT3BdIAQFYpw"]},{"@type":"Person","@id":"https:\/\/www.organisator.ch\/#\/schema\/person\/2e1314a2172123f874db408d8911d3f3","name":"Adelisa Kalajdzini","image":{"@type":"ImageObject","inLanguage":"en-US","@id":"https:\/\/secure.gravatar.com\/avatar\/09a397c22ac58cad6f160ee8306348599df9df58a8ede73696226897b9fa4b24?s=96&d=mm&r=g","url":"https:\/\/secure.gravatar.com\/avatar\/09a397c22ac58cad6f160ee8306348599df9df58a8ede73696226897b9fa4b24?s=96&d=mm&r=g","contentUrl":"https:\/\/secure.gravatar.com\/avatar\/09a397c22ac58cad6f160ee8306348599df9df58a8ede73696226897b9fa4b24?s=96&d=mm&r=g","caption":"Adelisa Kalajdzini"},"url":"https:\/\/www.organisator.ch\/en\/author\/adelisa-kalajdzini\/"}]}},"_links":{"self":[{"href":"https:\/\/www.organisator.ch\/en\/wp-json\/wp\/v2\/posts\/22846","targetHints":{"allow":["GET"]}}],"collection":[{"href":"https:\/\/www.organisator.ch\/en\/wp-json\/wp\/v2\/posts"}],"about":[{"href":"https:\/\/www.organisator.ch\/en\/wp-json\/wp\/v2\/types\/post"}],"author":[{"embeddable":true,"href":"https:\/\/www.organisator.ch\/en\/wp-json\/wp\/v2\/users\/58"}],"replies":[{"embeddable":true,"href":"https:\/\/www.organisator.ch\/en\/wp-json\/wp\/v2\/comments?post=22846"}],"version-history":[{"count":14,"href":"https:\/\/www.organisator.ch\/en\/wp-json\/wp\/v2\/posts\/22846\/revisions"}],"predecessor-version":[{"id":23083,"href":"https:\/\/www.organisator.ch\/en\/wp-json\/wp\/v2\/posts\/22846\/revisions\/23083"}],"wp:featuredmedia":[{"embeddable":true,"href":"https:\/\/www.organisator.ch\/en\/wp-json\/wp\/v2\/media\/22847"}],"wp:attachment":[{"href":"https:\/\/www.organisator.ch\/en\/wp-json\/wp\/v2\/media?parent=22846"}],"wp:term":[{"taxonomy":"category","embeddable":true,"href":"https:\/\/www.organisator.ch\/en\/wp-json\/wp\/v2\/categories?post=22846"},{"taxonomy":"post_tag","embeddable":true,"href":"https:\/\/www.organisator.ch\/en\/wp-json\/wp\/v2\/tags?post=22846"}],"curies":[{"name":"wp","href":"https:\/\/api.w.org\/{rel}","templated":true}]}}