{"id":2285,"date":"2017-08-08T15:29:27","date_gmt":"2017-08-08T13:29:27","guid":{"rendered":"https:\/\/www.organisator.ch\/?p=2285"},"modified":"2017-08-08T15:29:27","modified_gmt":"2017-08-08T13:29:27","slug":"potenzielle-fuehrungskraefte-zu-finden-wird-schwieriger-als-die-suche-nach-fachkraeften","status":"publish","type":"post","link":"https:\/\/www.organisator.ch\/en\/human-resources\/hrm\/2017-08-08\/potenzielle-fuehrungskraefte-zu-finden-wird-schwieriger-als-die-suche-nach-fachkraeften\/","title":{"rendered":"Finding potential managers is becoming more difficult than finding skilled workers"},"content":{"rendered":"<figure id=\"attachment_2286\" aria-describedby=\"caption-attachment-2286\" style=\"width: 680px\" class=\"wp-caption alignnone\"><img loading=\"lazy\" decoding=\"async\" class=\"size-medium wp-image-2286\" src=\"https:\/\/www.organisator.ch\/wp-content\/uploads\/2017\/08\/Potenzielle-Fuehrungskraefte-zu-finden-wird-schwieriger-als-die-Suche-nach-Fachkraeften_Organisator.jpg\" alt=\"\" width=\"680\" height=\"535\" srcset=\"https:\/\/www.organisator.ch\/wp-content\/uploads\/2017\/08\/Potenzielle-Fuehrungskraefte-zu-finden-wird-schwieriger-als-die-Suche-nach-Fachkraeften_Organisator.jpg 976w, https:\/\/www.organisator.ch\/wp-content\/uploads\/2017\/08\/Potenzielle-Fuehrungskraefte-zu-finden-wird-schwieriger-als-die-Suche-nach-Fachkraeften_Organisator-680x535.jpg 680w, https:\/\/www.organisator.ch\/wp-content\/uploads\/2017\/08\/Potenzielle-Fuehrungskraefte-zu-finden-wird-schwieriger-als-die-Suche-nach-Fachkraeften_Organisator-768x604.jpg 768w, https:\/\/www.organisator.ch\/wp-content\/uploads\/2017\/08\/Potenzielle-Fuehrungskraefte-zu-finden-wird-schwieriger-als-die-Suche-nach-Fachkraeften_Organisator-16x12.jpg 16w, https:\/\/www.organisator.ch\/wp-content\/uploads\/2017\/08\/Potenzielle-Fuehrungskraefte-zu-finden-wird-schwieriger-als-die-Suche-nach-Fachkraeften_Organisator-222x175.jpg 222w, https:\/\/www.organisator.ch\/wp-content\/uploads\/2017\/08\/Potenzielle-Fuehrungskraefte-zu-finden-wird-schwieriger-als-die-Suche-nach-Fachkraeften_Organisator-445x350.jpg 445w, https:\/\/www.organisator.ch\/wp-content\/uploads\/2017\/08\/Potenzielle-Fuehrungskraefte-zu-finden-wird-schwieriger-als-die-Suche-nach-Fachkraeften_Organisator-920x724.jpg 920w, https:\/\/www.organisator.ch\/wp-content\/uploads\/2017\/08\/Potenzielle-Fuehrungskraefte-zu-finden-wird-schwieriger-als-die-Suche-nach-Fachkraeften_Organisator-300x236.jpg 300w\" sizes=\"auto, (max-width: 680px) 100vw, 680px\" \/><figcaption id=\"caption-attachment-2286\" class=\"wp-caption-text\">The difficulties in finding young managers are increasing. (Image: Fotolia.com)<\/figcaption><\/figure>\n<p>While many companies have reported a shortage of skilled workers to date, the next shortage is looming, especially among the next generation of managers. The background to this varies from region to region. And so must the way they deal with this problem. This is the result of a worldwide survey conducted by Korn Ferry Futurestep.<\/p>\n<p><strong>Young leadership talent threatens to dry up<\/strong><\/p>\n<p>Especially in the South American and Asian regions, young people have been promoted very quickly in recent years to lower- to mid-level managers, some of whom now lack the necessary experience and skills to take the next step up to higher levels as department or division managers, notes Jan M\u00fcller, responsible for Korn Ferry Futurestep's business in EMEA. \"In particular, they have not been sufficiently trained in managing employees. There is a lot of catching up to do here.\"<\/p>\n<p>At 27 percent, European HR bosses have also declared the lack of leadership talent to be the greatest challenge for their company. Jan M\u00fcller says: \"In Germany in particular, the first and second levels are filled with very competent managers, and in many cases successors already exist for top positions. It is becoming more difficult to fill this succession pipeline, as fewer and fewer candidates are coming up. This makes it all the more important for companies to uncover the potential of young employees and develop them specifically into middle management - and retain them in the long term. Otherwise, there is a risk of not having enough management trainees available in a few years.\" The situation is likely to be similar in Switzerland, where certain sectors, such as the construction industry, are already complaining about the lack of young managers. However, the reason for this is still seen in the lack of interest in construction professions among school leavers.<\/p>\n<p><strong>All industries fight for the same top talent<\/strong><\/p>\n<p>While it used to be a knighthood for IT professionals to work for a leading software group, for business economists as investment bankers or management consultants, and for engineers in industry, such a sectoral division can no longer be made today. \"Everyone is fighting for the same talent,\" says Jan M\u00fcller. \"This includes not only specialists such as data scientists or cyber security specialists, but also the best engineers, business people or sales specialists.\" And so, in the same study, 22 percent of the HR executives surveyed in Europe said they were looking primarily for sales specialists with a technical background - making them the most sought-after candidates on the job market.<\/p>\n<p>\"That's why companies today are taking ever greater risks in radically changing their brand core and thus their culture,\" says Jan M\u00fcller. \"Automobile manufacturers are focusing on swarm, jeans and service, management consultancies are increasingly mutating into digitization specialists, and IT groups are hiring classic mechanical engineers. That didn't exist to the extent it did five years ago - and today it's a competition that's becoming increasingly global.\"<\/p>\n<p><strong>Retention of talent becomes a key criterion for HR success<\/strong><\/p>\n<p>This makes it all the more important to retain and develop talent over the long term once it has been recruited. It is true that the speed at which a vacancy can be filled is still the most important success criterion for recruiters. That's according to 63 percent of respondents in Europe. But this is followed by the length of time the talent stays (51 percent) and the success of the respective candidates in their job after 18 months (42 percent).<\/p>\n<p>\"What's the point of filling a position quickly, but then it's gone just as quickly?\" says Jan M\u00fcller. \"HR bosses need to check that their target systems are properly calibrated: Recruiting new employees is a process that can become very expensive due to direct and indirect costs. Accordingly, it must be in the interest of companies to retain the employees they have hired at great expense over the long term. This requires individual programs and a long-term development and option corridor that gives young people the opportunity to constantly learn new things and be allowed to reinvent themselves again and again. And that in the same company.\"<\/p>\n<p><em>The study can be viewed on the Internet at:<\/em><\/p>\n<p><a href=\"http:\/\/www.kornferry.com\/the-talent-forecast\/the-talent-forecast\">http:\/\/www.kornferry.com\/the-talent-forecast\/the-talent-forecast<\/a><\/p>","protected":false},"excerpt":{"rendered":"<p>Haben bis heute viele Unternehmen einen Mangel an Fachkr\u00e4ften angemeldet, droht die n\u00e4chste Knappheit vor allem beim F\u00fchrungskr\u00e4fte-Nachwuchs. Der Hintergrund ist dabei regional unterschiedlich. Ebenso muss dies der Umgang mit dieser Problematik sein. Das hat eine weltweite Befragung von Korn Ferry Futurestep ergeben. F\u00fchrungsnachwuchs droht zu versiegen Vor allem im s\u00fcdamerikanischen und asiatischen Raum seien [&hellip;]<\/p>\n","protected":false},"author":4,"featured_media":2286,"comment_status":"open","ping_status":"open","sticky":false,"template":"","format":"standard","meta":{"_acf_changed":false,"_yoast_wpseo_focuskw":"F\u00fchrungskr\u00e4fte","_yoast_wpseo_metadesc":"In einer weltweiten Befragung von HR-F\u00fchrungskr\u00e4ften gaben 30 Prozent an, dass der gr\u00f6\u00dfte Engpass an Talenten bei potenziellen F\u00fchrungskr\u00e4ften bestehe.","articlekey":"","footnotes":""},"categories":[26],"tags":[194,254,334,470],"class_list":["post-2285","post","type-post","status-publish","format-standard","has-post-thumbnail","hentry","category-hrm","tag-fachkraeftemangel","tag-hrm","tag-management","tag-talent-management"],"acf":[],"yoast_head":"<!-- This site is optimized with the Yoast SEO plugin v27.4 - https:\/\/yoast.com\/product\/yoast-seo-wordpress\/ -->\n<title>Potenzielle F\u00fchrungskr\u00e4fte zu finden wird schwieriger als die Suche nach Fachkr\u00e4ften - Organisator<\/title>\n<meta name=\"description\" content=\"In einer weltweiten Befragung von HR-F\u00fchrungskr\u00e4ften gaben 30 Prozent an, dass der gr\u00f6\u00dfte Engpass an Talenten bei potenziellen F\u00fchrungskr\u00e4ften bestehe.\" \/>\n<meta name=\"robots\" content=\"index, follow, max-snippet:-1, max-image-preview:large, max-video-preview:-1\" \/>\n<link rel=\"canonical\" href=\"https:\/\/www.organisator.ch\/en\/human-resources\/hrm\/2017-08-08\/potenzielle-fuehrungskraefte-zu-finden-wird-schwieriger-als-die-suche-nach-fachkraeften\/\" \/>\n<meta property=\"og:locale\" content=\"en_US\" \/>\n<meta property=\"og:type\" content=\"article\" \/>\n<meta property=\"og:title\" content=\"Potenzielle F\u00fchrungskr\u00e4fte zu finden wird schwieriger als die Suche nach Fachkr\u00e4ften\" \/>\n<meta property=\"og:description\" content=\"Aus Fach- wird #F\u00fchrungskr\u00e4ftemangel: In einer weltweiten Befragung von mehr als 1.100 HR-F\u00fchrungskr\u00e4ften haben 30 Prozent angegeben, dass der gr\u00f6\u00dfte Engpass an Talenten bei potenziellen F\u00fchrungskr\u00e4ften bestehe.\" \/>\n<meta property=\"og:url\" content=\"https:\/\/www.organisator.ch\/en\/human-resources\/hrm\/2017-08-08\/potenzielle-fuehrungskraefte-zu-finden-wird-schwieriger-als-die-suche-nach-fachkraeften\/\" \/>\n<meta property=\"og:site_name\" content=\"Organisator\" \/>\n<meta property=\"article:publisher\" content=\"https:\/\/www.facebook.com\/OrganisatorFachmagazin\" \/>\n<meta property=\"article:published_time\" content=\"2017-08-08T13:29:27+00:00\" \/>\n<meta property=\"og:image\" content=\"https:\/\/www.organisator.ch\/wp-content\/uploads\/2017\/08\/Potenzielle-Fuehrungskraefte-zu-finden-wird-schwieriger-als-die-Suche-nach-Fachkraeften_Organisator.jpg\" \/>\n\t<meta property=\"og:image:width\" content=\"976\" \/>\n\t<meta property=\"og:image:height\" content=\"768\" \/>\n\t<meta property=\"og:image:type\" content=\"image\/jpeg\" \/>\n<meta name=\"author\" content=\"thomas.berner\" \/>\n<meta name=\"twitter:card\" content=\"summary_large_image\" \/>\n<meta name=\"twitter:title\" content=\"Potenzielle #F\u00fchrungskr\u00e4fte zu finden wird schwieriger als die Suche nach Fachkr\u00e4ften\" \/>\n<meta name=\"twitter:description\" content=\"Aus Fach- wird #F\u00fchrungskr\u00e4ftemangel: In einer weltweiten Befragung von mehr als 1.100 HR-F\u00fchrungskr\u00e4ften haben 30 Prozent angegeben, dass der gr\u00f6\u00dfte Engpass an Talenten bei potenziellen F\u00fchrungskr\u00e4ften bestehe.\" \/>\n<meta name=\"twitter:image\" content=\"https:\/\/www.organisator.ch\/wp-content\/uploads\/2017\/08\/Potenzielle-F\u00fchrungskr\u00e4fte-zu-finden-wird-schwieriger-als-die-Suche-nach-Fachkr\u00e4ften_Organisator.jpg\" \/>\n<script type=\"application\/ld+json\" class=\"yoast-schema-graph\">{\"@context\":\"https:\\\/\\\/schema.org\",\"@graph\":[{\"@type\":\"Article\",\"@id\":\"https:\\\/\\\/www.organisator.ch\\\/human-resources\\\/hrm\\\/2017-08-08\\\/potenzielle-fuehrungskraefte-zu-finden-wird-schwieriger-als-die-suche-nach-fachkraeften\\\/#article\",\"isPartOf\":{\"@id\":\"https:\\\/\\\/www.organisator.ch\\\/human-resources\\\/hrm\\\/2017-08-08\\\/potenzielle-fuehrungskraefte-zu-finden-wird-schwieriger-als-die-suche-nach-fachkraeften\\\/\"},\"author\":{\"name\":\"thomas.berner\",\"@id\":\"https:\\\/\\\/www.organisator.ch\\\/#\\\/schema\\\/person\\\/6f650f90b2842cd4c0cc334b4e36f67e\"},\"headline\":\"Potenzielle F\u00fchrungskr\u00e4fte zu finden wird schwieriger als die Suche nach Fachkr\u00e4ften\",\"datePublished\":\"2017-08-08T13:29:27+00:00\",\"mainEntityOfPage\":{\"@id\":\"https:\\\/\\\/www.organisator.ch\\\/human-resources\\\/hrm\\\/2017-08-08\\\/potenzielle-fuehrungskraefte-zu-finden-wird-schwieriger-als-die-suche-nach-fachkraeften\\\/\"},\"wordCount\":695,\"commentCount\":0,\"publisher\":{\"@id\":\"https:\\\/\\\/www.organisator.ch\\\/#organization\"},\"image\":{\"@id\":\"https:\\\/\\\/www.organisator.ch\\\/human-resources\\\/hrm\\\/2017-08-08\\\/potenzielle-fuehrungskraefte-zu-finden-wird-schwieriger-als-die-suche-nach-fachkraeften\\\/#primaryimage\"},\"thumbnailUrl\":\"https:\\\/\\\/www.organisator.ch\\\/wp-content\\\/uploads\\\/2017\\\/08\\\/Potenzielle-Fuehrungskraefte-zu-finden-wird-schwieriger-als-die-Suche-nach-Fachkraeften_Organisator.jpg\",\"keywords\":[\"Fachkr\u00e4ftemangel\",\"HRM\",\"Management\",\"Talent Management\"],\"articleSection\":[\"HRM\"],\"inLanguage\":\"en-US\"},{\"@type\":\"WebPage\",\"@id\":\"https:\\\/\\\/www.organisator.ch\\\/human-resources\\\/hrm\\\/2017-08-08\\\/potenzielle-fuehrungskraefte-zu-finden-wird-schwieriger-als-die-suche-nach-fachkraeften\\\/\",\"url\":\"https:\\\/\\\/www.organisator.ch\\\/human-resources\\\/hrm\\\/2017-08-08\\\/potenzielle-fuehrungskraefte-zu-finden-wird-schwieriger-als-die-suche-nach-fachkraeften\\\/\",\"name\":\"Potenzielle F\u00fchrungskr\u00e4fte zu finden wird schwieriger als die Suche nach Fachkr\u00e4ften - Organisator\",\"isPartOf\":{\"@id\":\"https:\\\/\\\/www.organisator.ch\\\/#website\"},\"primaryImageOfPage\":{\"@id\":\"https:\\\/\\\/www.organisator.ch\\\/human-resources\\\/hrm\\\/2017-08-08\\\/potenzielle-fuehrungskraefte-zu-finden-wird-schwieriger-als-die-suche-nach-fachkraeften\\\/#primaryimage\"},\"image\":{\"@id\":\"https:\\\/\\\/www.organisator.ch\\\/human-resources\\\/hrm\\\/2017-08-08\\\/potenzielle-fuehrungskraefte-zu-finden-wird-schwieriger-als-die-suche-nach-fachkraeften\\\/#primaryimage\"},\"thumbnailUrl\":\"https:\\\/\\\/www.organisator.ch\\\/wp-content\\\/uploads\\\/2017\\\/08\\\/Potenzielle-Fuehrungskraefte-zu-finden-wird-schwieriger-als-die-Suche-nach-Fachkraeften_Organisator.jpg\",\"datePublished\":\"2017-08-08T13:29:27+00:00\",\"description\":\"In einer weltweiten Befragung von HR-F\u00fchrungskr\u00e4ften gaben 30 Prozent an, dass der gr\u00f6\u00dfte Engpass an Talenten bei potenziellen F\u00fchrungskr\u00e4ften bestehe.\",\"breadcrumb\":{\"@id\":\"https:\\\/\\\/www.organisator.ch\\\/human-resources\\\/hrm\\\/2017-08-08\\\/potenzielle-fuehrungskraefte-zu-finden-wird-schwieriger-als-die-suche-nach-fachkraeften\\\/#breadcrumb\"},\"inLanguage\":\"en-US\",\"potentialAction\":[{\"@type\":\"ReadAction\",\"target\":[\"https:\\\/\\\/www.organisator.ch\\\/human-resources\\\/hrm\\\/2017-08-08\\\/potenzielle-fuehrungskraefte-zu-finden-wird-schwieriger-als-die-suche-nach-fachkraeften\\\/\"]}]},{\"@type\":\"ImageObject\",\"inLanguage\":\"en-US\",\"@id\":\"https:\\\/\\\/www.organisator.ch\\\/human-resources\\\/hrm\\\/2017-08-08\\\/potenzielle-fuehrungskraefte-zu-finden-wird-schwieriger-als-die-suche-nach-fachkraeften\\\/#primaryimage\",\"url\":\"https:\\\/\\\/www.organisator.ch\\\/wp-content\\\/uploads\\\/2017\\\/08\\\/Potenzielle-Fuehrungskraefte-zu-finden-wird-schwieriger-als-die-Suche-nach-Fachkraeften_Organisator.jpg\",\"contentUrl\":\"https:\\\/\\\/www.organisator.ch\\\/wp-content\\\/uploads\\\/2017\\\/08\\\/Potenzielle-Fuehrungskraefte-zu-finden-wird-schwieriger-als-die-Suche-nach-Fachkraeften_Organisator.jpg\",\"width\":976,\"height\":768,\"caption\":\"Die Schwierigkeiten, junge F\u00fchrungskr\u00e4fte zu finden, werden immer gr\u00f6sser. (Bild: Fotolia.com)\"},{\"@type\":\"BreadcrumbList\",\"@id\":\"https:\\\/\\\/www.organisator.ch\\\/human-resources\\\/hrm\\\/2017-08-08\\\/potenzielle-fuehrungskraefte-zu-finden-wird-schwieriger-als-die-suche-nach-fachkraeften\\\/#breadcrumb\",\"itemListElement\":[{\"@type\":\"ListItem\",\"position\":1,\"name\":\"Home\",\"item\":\"https:\\\/\\\/www.organisator.ch\\\/\"},{\"@type\":\"ListItem\",\"position\":2,\"name\":\"Potenzielle F\u00fchrungskr\u00e4fte zu finden wird schwieriger als die Suche nach Fachkr\u00e4ften\"}]},{\"@type\":\"WebSite\",\"@id\":\"https:\\\/\\\/www.organisator.ch\\\/#website\",\"url\":\"https:\\\/\\\/www.organisator.ch\\\/\",\"name\":\"Organisator\",\"description\":\"Kompetent. Praxisnah. Der ORGANISATOR bereitet in 10 Ausgaben pro Jahr die wesentlichen Themen f\u00fcr F\u00fchrungskr\u00e4fte von KMU auf.\",\"publisher\":{\"@id\":\"https:\\\/\\\/www.organisator.ch\\\/#organization\"},\"potentialAction\":[{\"@type\":\"SearchAction\",\"target\":{\"@type\":\"EntryPoint\",\"urlTemplate\":\"https:\\\/\\\/www.organisator.ch\\\/?s={search_term_string}\"},\"query-input\":{\"@type\":\"PropertyValueSpecification\",\"valueRequired\":true,\"valueName\":\"search_term_string\"}}],\"inLanguage\":\"en-US\"},{\"@type\":\"Organization\",\"@id\":\"https:\\\/\\\/www.organisator.ch\\\/#organization\",\"name\":\"Organisator\",\"url\":\"https:\\\/\\\/www.organisator.ch\\\/\",\"logo\":{\"@type\":\"ImageObject\",\"inLanguage\":\"en-US\",\"@id\":\"https:\\\/\\\/www.organisator.ch\\\/#\\\/schema\\\/logo\\\/image\\\/\",\"url\":\"https:\\\/\\\/www.organisator.ch\\\/wp-content\\\/uploads\\\/2022\\\/01\\\/Logo_Organisator_Website.png\",\"contentUrl\":\"https:\\\/\\\/www.organisator.ch\\\/wp-content\\\/uploads\\\/2022\\\/01\\\/Logo_Organisator_Website.png\",\"width\":800,\"height\":77,\"caption\":\"Organisator\"},\"image\":{\"@id\":\"https:\\\/\\\/www.organisator.ch\\\/#\\\/schema\\\/logo\\\/image\\\/\"},\"sameAs\":[\"https:\\\/\\\/www.facebook.com\\\/OrganisatorFachmagazin\",\"https:\\\/\\\/www.linkedin.com\\\/showcase\\\/organisator-das-magazin-fr-kmu\",\"https:\\\/\\\/www.xing.com\\\/news\\\/pages\\\/organisator-ch-695\",\"https:\\\/\\\/www.youtube.com\\\/channel\\\/UCGP2Sq0iWaZwT3BdIAQFYpw\"]},{\"@type\":\"Person\",\"@id\":\"https:\\\/\\\/www.organisator.ch\\\/#\\\/schema\\\/person\\\/6f650f90b2842cd4c0cc334b4e36f67e\",\"name\":\"thomas.berner\",\"image\":{\"@type\":\"ImageObject\",\"inLanguage\":\"en-US\",\"@id\":\"https:\\\/\\\/secure.gravatar.com\\\/avatar\\\/ac5001d2a36cb6c6cd3e50789007ffca834b477b74a2144564522e944eabff61?s=96&d=mm&r=g\",\"url\":\"https:\\\/\\\/secure.gravatar.com\\\/avatar\\\/ac5001d2a36cb6c6cd3e50789007ffca834b477b74a2144564522e944eabff61?s=96&d=mm&r=g\",\"contentUrl\":\"https:\\\/\\\/secure.gravatar.com\\\/avatar\\\/ac5001d2a36cb6c6cd3e50789007ffca834b477b74a2144564522e944eabff61?s=96&d=mm&r=g\",\"caption\":\"thomas.berner\"},\"url\":\"https:\\\/\\\/www.organisator.ch\\\/en\\\/author\\\/thomas-berner\\\/\"}]}<\/script>\n<!-- \/ Yoast SEO plugin. -->","yoast_head_json":{"title":"Finding potential leaders is becoming more difficult than finding skilled workers - organizer","description":"In a global survey of HR leaders, 30 percent said the biggest talent shortage was among potential leaders.","robots":{"index":"index","follow":"follow","max-snippet":"max-snippet:-1","max-image-preview":"max-image-preview:large","max-video-preview":"max-video-preview:-1"},"canonical":"https:\/\/www.organisator.ch\/en\/human-resources\/hrm\/2017-08-08\/potenzielle-fuehrungskraefte-zu-finden-wird-schwieriger-als-die-suche-nach-fachkraeften\/","og_locale":"en_US","og_type":"article","og_title":"Potenzielle F\u00fchrungskr\u00e4fte zu finden wird schwieriger als die Suche nach Fachkr\u00e4ften","og_description":"Aus Fach- wird #F\u00fchrungskr\u00e4ftemangel: In einer weltweiten Befragung von mehr als 1.100 HR-F\u00fchrungskr\u00e4ften haben 30 Prozent angegeben, dass der gr\u00f6\u00dfte Engpass an Talenten bei potenziellen F\u00fchrungskr\u00e4ften bestehe.","og_url":"https:\/\/www.organisator.ch\/en\/human-resources\/hrm\/2017-08-08\/potenzielle-fuehrungskraefte-zu-finden-wird-schwieriger-als-die-suche-nach-fachkraeften\/","og_site_name":"Organisator","article_publisher":"https:\/\/www.facebook.com\/OrganisatorFachmagazin","article_published_time":"2017-08-08T13:29:27+00:00","og_image":[{"width":976,"height":768,"url":"https:\/\/www.organisator.ch\/wp-content\/uploads\/2017\/08\/Potenzielle-Fuehrungskraefte-zu-finden-wird-schwieriger-als-die-Suche-nach-Fachkraeften_Organisator.jpg","type":"image\/jpeg"}],"author":"thomas.berner","twitter_card":"summary_large_image","twitter_title":"Potenzielle #F\u00fchrungskr\u00e4fte zu finden wird schwieriger als die Suche nach Fachkr\u00e4ften","twitter_description":"Aus Fach- wird #F\u00fchrungskr\u00e4ftemangel: In einer weltweiten Befragung von mehr als 1.100 HR-F\u00fchrungskr\u00e4ften haben 30 Prozent angegeben, dass der gr\u00f6\u00dfte Engpass an Talenten bei potenziellen F\u00fchrungskr\u00e4ften bestehe.","twitter_image":"https:\/\/www.organisator.ch\/wp-content\/uploads\/2017\/08\/Potenzielle-F\u00fchrungskr\u00e4fte-zu-finden-wird-schwieriger-als-die-Suche-nach-Fachkr\u00e4ften_Organisator.jpg","schema":{"@context":"https:\/\/schema.org","@graph":[{"@type":"Article","@id":"https:\/\/www.organisator.ch\/human-resources\/hrm\/2017-08-08\/potenzielle-fuehrungskraefte-zu-finden-wird-schwieriger-als-die-suche-nach-fachkraeften\/#article","isPartOf":{"@id":"https:\/\/www.organisator.ch\/human-resources\/hrm\/2017-08-08\/potenzielle-fuehrungskraefte-zu-finden-wird-schwieriger-als-die-suche-nach-fachkraeften\/"},"author":{"name":"thomas.berner","@id":"https:\/\/www.organisator.ch\/#\/schema\/person\/6f650f90b2842cd4c0cc334b4e36f67e"},"headline":"Potenzielle F\u00fchrungskr\u00e4fte zu finden wird schwieriger als die Suche nach Fachkr\u00e4ften","datePublished":"2017-08-08T13:29:27+00:00","mainEntityOfPage":{"@id":"https:\/\/www.organisator.ch\/human-resources\/hrm\/2017-08-08\/potenzielle-fuehrungskraefte-zu-finden-wird-schwieriger-als-die-suche-nach-fachkraeften\/"},"wordCount":695,"commentCount":0,"publisher":{"@id":"https:\/\/www.organisator.ch\/#organization"},"image":{"@id":"https:\/\/www.organisator.ch\/human-resources\/hrm\/2017-08-08\/potenzielle-fuehrungskraefte-zu-finden-wird-schwieriger-als-die-suche-nach-fachkraeften\/#primaryimage"},"thumbnailUrl":"https:\/\/www.organisator.ch\/wp-content\/uploads\/2017\/08\/Potenzielle-Fuehrungskraefte-zu-finden-wird-schwieriger-als-die-Suche-nach-Fachkraeften_Organisator.jpg","keywords":["Fachkr\u00e4ftemangel","HRM","Management","Talent Management"],"articleSection":["HRM"],"inLanguage":"en-US"},{"@type":"WebPage","@id":"https:\/\/www.organisator.ch\/human-resources\/hrm\/2017-08-08\/potenzielle-fuehrungskraefte-zu-finden-wird-schwieriger-als-die-suche-nach-fachkraeften\/","url":"https:\/\/www.organisator.ch\/human-resources\/hrm\/2017-08-08\/potenzielle-fuehrungskraefte-zu-finden-wird-schwieriger-als-die-suche-nach-fachkraeften\/","name":"Finding potential leaders is becoming more difficult than finding skilled workers - organizer","isPartOf":{"@id":"https:\/\/www.organisator.ch\/#website"},"primaryImageOfPage":{"@id":"https:\/\/www.organisator.ch\/human-resources\/hrm\/2017-08-08\/potenzielle-fuehrungskraefte-zu-finden-wird-schwieriger-als-die-suche-nach-fachkraeften\/#primaryimage"},"image":{"@id":"https:\/\/www.organisator.ch\/human-resources\/hrm\/2017-08-08\/potenzielle-fuehrungskraefte-zu-finden-wird-schwieriger-als-die-suche-nach-fachkraeften\/#primaryimage"},"thumbnailUrl":"https:\/\/www.organisator.ch\/wp-content\/uploads\/2017\/08\/Potenzielle-Fuehrungskraefte-zu-finden-wird-schwieriger-als-die-Suche-nach-Fachkraeften_Organisator.jpg","datePublished":"2017-08-08T13:29:27+00:00","description":"In a global survey of HR leaders, 30 percent said the biggest talent shortage was among potential leaders.","breadcrumb":{"@id":"https:\/\/www.organisator.ch\/human-resources\/hrm\/2017-08-08\/potenzielle-fuehrungskraefte-zu-finden-wird-schwieriger-als-die-suche-nach-fachkraeften\/#breadcrumb"},"inLanguage":"en-US","potentialAction":[{"@type":"ReadAction","target":["https:\/\/www.organisator.ch\/human-resources\/hrm\/2017-08-08\/potenzielle-fuehrungskraefte-zu-finden-wird-schwieriger-als-die-suche-nach-fachkraeften\/"]}]},{"@type":"ImageObject","inLanguage":"en-US","@id":"https:\/\/www.organisator.ch\/human-resources\/hrm\/2017-08-08\/potenzielle-fuehrungskraefte-zu-finden-wird-schwieriger-als-die-suche-nach-fachkraeften\/#primaryimage","url":"https:\/\/www.organisator.ch\/wp-content\/uploads\/2017\/08\/Potenzielle-Fuehrungskraefte-zu-finden-wird-schwieriger-als-die-Suche-nach-Fachkraeften_Organisator.jpg","contentUrl":"https:\/\/www.organisator.ch\/wp-content\/uploads\/2017\/08\/Potenzielle-Fuehrungskraefte-zu-finden-wird-schwieriger-als-die-Suche-nach-Fachkraeften_Organisator.jpg","width":976,"height":768,"caption":"Die Schwierigkeiten, junge F\u00fchrungskr\u00e4fte zu finden, werden immer gr\u00f6sser. (Bild: Fotolia.com)"},{"@type":"BreadcrumbList","@id":"https:\/\/www.organisator.ch\/human-resources\/hrm\/2017-08-08\/potenzielle-fuehrungskraefte-zu-finden-wird-schwieriger-als-die-suche-nach-fachkraeften\/#breadcrumb","itemListElement":[{"@type":"ListItem","position":1,"name":"Home","item":"https:\/\/www.organisator.ch\/"},{"@type":"ListItem","position":2,"name":"Potenzielle F\u00fchrungskr\u00e4fte zu finden wird schwieriger als die Suche nach Fachkr\u00e4ften"}]},{"@type":"WebSite","@id":"https:\/\/www.organisator.ch\/#website","url":"https:\/\/www.organisator.ch\/","name":"Organizer","description":"Competent. Practical. In 10 issues per year, ORGANISATOR presents the essential topics for managers of SMEs.","publisher":{"@id":"https:\/\/www.organisator.ch\/#organization"},"potentialAction":[{"@type":"SearchAction","target":{"@type":"EntryPoint","urlTemplate":"https:\/\/www.organisator.ch\/?s={search_term_string}"},"query-input":{"@type":"PropertyValueSpecification","valueRequired":true,"valueName":"search_term_string"}}],"inLanguage":"en-US"},{"@type":"Organization","@id":"https:\/\/www.organisator.ch\/#organization","name":"Organizer","url":"https:\/\/www.organisator.ch\/","logo":{"@type":"ImageObject","inLanguage":"en-US","@id":"https:\/\/www.organisator.ch\/#\/schema\/logo\/image\/","url":"https:\/\/www.organisator.ch\/wp-content\/uploads\/2022\/01\/Logo_Organisator_Website.png","contentUrl":"https:\/\/www.organisator.ch\/wp-content\/uploads\/2022\/01\/Logo_Organisator_Website.png","width":800,"height":77,"caption":"Organisator"},"image":{"@id":"https:\/\/www.organisator.ch\/#\/schema\/logo\/image\/"},"sameAs":["https:\/\/www.facebook.com\/OrganisatorFachmagazin","https:\/\/www.linkedin.com\/showcase\/organisator-das-magazin-fr-kmu","https:\/\/www.xing.com\/news\/pages\/organisator-ch-695","https:\/\/www.youtube.com\/channel\/UCGP2Sq0iWaZwT3BdIAQFYpw"]},{"@type":"Person","@id":"https:\/\/www.organisator.ch\/#\/schema\/person\/6f650f90b2842cd4c0cc334b4e36f67e","name":"thomas.berner","image":{"@type":"ImageObject","inLanguage":"en-US","@id":"https:\/\/secure.gravatar.com\/avatar\/ac5001d2a36cb6c6cd3e50789007ffca834b477b74a2144564522e944eabff61?s=96&d=mm&r=g","url":"https:\/\/secure.gravatar.com\/avatar\/ac5001d2a36cb6c6cd3e50789007ffca834b477b74a2144564522e944eabff61?s=96&d=mm&r=g","contentUrl":"https:\/\/secure.gravatar.com\/avatar\/ac5001d2a36cb6c6cd3e50789007ffca834b477b74a2144564522e944eabff61?s=96&d=mm&r=g","caption":"thomas.berner"},"url":"https:\/\/www.organisator.ch\/en\/author\/thomas-berner\/"}]}},"_links":{"self":[{"href":"https:\/\/www.organisator.ch\/en\/wp-json\/wp\/v2\/posts\/2285","targetHints":{"allow":["GET"]}}],"collection":[{"href":"https:\/\/www.organisator.ch\/en\/wp-json\/wp\/v2\/posts"}],"about":[{"href":"https:\/\/www.organisator.ch\/en\/wp-json\/wp\/v2\/types\/post"}],"author":[{"embeddable":true,"href":"https:\/\/www.organisator.ch\/en\/wp-json\/wp\/v2\/users\/4"}],"replies":[{"embeddable":true,"href":"https:\/\/www.organisator.ch\/en\/wp-json\/wp\/v2\/comments?post=2285"}],"version-history":[{"count":0,"href":"https:\/\/www.organisator.ch\/en\/wp-json\/wp\/v2\/posts\/2285\/revisions"}],"wp:featuredmedia":[{"embeddable":true,"href":"https:\/\/www.organisator.ch\/en\/wp-json\/wp\/v2\/media\/2286"}],"wp:attachment":[{"href":"https:\/\/www.organisator.ch\/en\/wp-json\/wp\/v2\/media?parent=2285"}],"wp:term":[{"taxonomy":"category","embeddable":true,"href":"https:\/\/www.organisator.ch\/en\/wp-json\/wp\/v2\/categories?post=2285"},{"taxonomy":"post_tag","embeddable":true,"href":"https:\/\/www.organisator.ch\/en\/wp-json\/wp\/v2\/tags?post=2285"}],"curies":[{"name":"wp","href":"https:\/\/api.w.org\/{rel}","templated":true}]}}