{"id":22944,"date":"2023-11-03T08:41:39","date_gmt":"2023-11-03T07:41:39","guid":{"rendered":"https:\/\/www.m-q.ch\/?p=18822"},"modified":"2024-11-13T10:16:17","modified_gmt":"2024-11-13T09:16:17","slug":"myfactory-kuendigt-neues-user-interface-fuer-cloud-erp-loesung-an","status":"publish","type":"post","link":"https:\/\/www.organisator.ch\/en\/operational-excellence\/2023-11-03\/myfactory-kuendigt-neues-user-interface-fuer-cloud-erp-loesung-an\/","title":{"rendered":"Myfactory announces new user interface for cloud ERP solution"},"content":{"rendered":"<figure id=\"attachment_18825\" class=\"wp-caption alignnone\" style=\"width: 680px\" aria-describedby=\"caption-attachment-18825\"><img class=\"alignnone wp-image-18825 size-full\" src=\"https:\/\/www.m-q.ch\/wp-content\/uploads\/2023\/11\/Myfactory_Grafik_User_Interface_Bild1_ps.jpg\" alt=\"Myfactory Cloud ERP\" width=\"680\" height=\"436\" \/>\r\n<figcaption id=\"caption-attachment-18825\" class=\"wp-caption-text\">The dashboard of the redesigned Myfactory user interface. (Image: www.myfactory.com)<\/figcaption>\r\n<\/figure>\r\n<p>\"After the merger with Forterro, we took the opportunity to make our business resilient and at the same time adapt it to the needs of our customers,\" says Nadeem Ahmad, Managing Director of Myfactory. \"We will continue on this path in 2024 with a consistent cloud strategy that focuses on the progress of our customers.\"<\/p>\r\n<p>Myfactory presents a new market and product presence, which is characterized by a modern and progressive appearance and acts as a pioneer in the cloud. The innovations emphasize the affiliation with Forterro and position Myfactory as a modern cloud ERP solution on the Swiss market. Highlights of the innovations are:<\/p>\r\n<h3><strong>Appearance: <\/strong><\/h3>\r\n<p>The new logo, which consists of a yellow dot and a stylized arrow. This symbol embodies the commitment to providing users with the best possible support with the ERP solution.<\/p>\r\n<h3><strong>User interface:<\/strong><\/h3>\r\n<p>As part of the comprehensive rebranding, the user interface of the Myfactory ERP cloud solution has also been fundamentally revised and now has a modern look and feel.<\/p>\r\n<h3><strong>User friendliness<\/strong>:<\/h3>\r\n<p>The revised user interface is characterized by an even more user-friendly design, which considerably simplifies navigation and use in all modules.<\/p>\r\n<h3><strong>Customization options<\/strong>:<\/h3>\r\n<p>The adaptability that characterizes Myfactory Cloud ERP was further optimized during the revision. Customers can now adapt the solution even better to their individual requirements.<\/p>\r\n<h3><strong>Data visualization and analysis<\/strong>:<\/h3>\r\n<p>The integrated dashboards have been improved to provide customers with a clear overview of important key figures and enable quick evaluations for targeted decision-making.<\/p>\r\n<p>The Myfactory Cloud ERP user interface will be available to all customers in the public cloud in the first quarter of 2024.<\/p>\r\n<p><em>Source:<a href=\"https:\/\/www.myfactory.com\/de-ch?utm_medium=ppc&amp;utm_term=myfactory&amp;utm_campaign=NEU+-+Brand&amp;utm_source=adwords&amp;hsa_mt=e&amp;hsa_tgt=kwd-345809897884&amp;hsa_ver=3&amp;hsa_ad=639744976786&amp;hsa_src=g&amp;hsa_grp=142856907983&amp;hsa_kw=myfactory&amp;hsa_net=adwords&amp;hsa_cam=19157175981&amp;hsa_acc=8709265270&amp;gad_source=1&amp;gclid=EAIaIQobChMI08qRmLClggMV2pWDBx2TjQDnEAAYASAAEgLQgfD_BwE\"> www.myfactory.com\u00a0<\/a><\/em><\/p>\n<p class=\"syndicated-attribution\">This article originally appeared on m-q.ch - <a href=\"https:\/\/www.m-q.ch\/de\/myfactory-kuendigt-neues-user-interface-fuer-cloud-erp-loesung-an\/\" target=\"_blank\">https:\/\/www.m-q.ch\/de\/myfactory-kuendigt-neues-user-interface-fuer-cloud-erp-loesung-an\/<\/a><\/p>","protected":false},"excerpt":{"rendered":"<p>Myfactory presents an innovative user interface with a new design for the proven ERP cloud solution. This step is part of the comprehensive rebranding of Myfactory, which emphasizes its affiliation with Forterro.<\/p>","protected":false},"author":58,"featured_media":0,"comment_status":"closed","ping_status":"closed","sticky":false,"template":"","format":"standard","meta":{"_acf_changed":false,"_yoast_wpseo_focuskw":"Myfactory Cloud-ERP","_yoast_wpseo_metadesc":"Myfactory f\u00fchrt neues Branding und Benutzeroberfl\u00e4che ein. Verbesserte Benutzerfreundlichkeit und Anpassungsm\u00f6glichkeiten.","articlekey":"","footnotes":""},"categories":[582],"tags":[],"class_list":["post-22944","post","type-post","status-publish","format-standard","hentry","category-operational-excellence"],"acf":[],"yoast_head":"<!-- This site is optimized with the Yoast SEO plugin v27.5 - https:\/\/yoast.com\/product\/yoast-seo-wordpress\/ -->\n<title>Myfactory k\u00fcndigt neues User Interface f\u00fcr Cloud-ERP-L\u00f6sung an - Organisator<\/title>\n<meta name=\"description\" content=\"Myfactory f\u00fchrt neues Branding und Benutzeroberfl\u00e4che ein. Verbesserte Benutzerfreundlichkeit und Anpassungsm\u00f6glichkeiten.\" \/>\n<meta name=\"robots\" content=\"index, follow, max-snippet:-1, max-image-preview:large, max-video-preview:-1\" \/>\n<link rel=\"canonical\" href=\"https:\/\/www.organisator.ch\/en\/operational-excellence\/2023-11-03\/myfactory-kuendigt-neues-user-interface-fuer-cloud-erp-loesung-an\/\" \/>\n<meta property=\"og:locale\" content=\"en_US\" \/>\n<meta property=\"og:type\" content=\"article\" \/>\n<meta property=\"og:title\" content=\"Myfactory k\u00fcndigt neues User Interface f\u00fcr Cloud-ERP-L\u00f6sung an - Organisator\" \/>\n<meta property=\"og:description\" content=\"Myfactory f\u00fchrt neues Branding und Benutzeroberfl\u00e4che ein. Verbesserte Benutzerfreundlichkeit und Anpassungsm\u00f6glichkeiten.\" \/>\n<meta property=\"og:url\" content=\"https:\/\/www.organisator.ch\/en\/operational-excellence\/2023-11-03\/myfactory-kuendigt-neues-user-interface-fuer-cloud-erp-loesung-an\/\" \/>\n<meta property=\"og:site_name\" content=\"Organisator\" \/>\n<meta property=\"article:publisher\" content=\"https:\/\/www.facebook.com\/OrganisatorFachmagazin\" \/>\n<meta property=\"article:published_time\" content=\"2023-11-03T07:41:39+00:00\" \/>\n<meta property=\"article:modified_time\" content=\"2024-11-13T09:16:17+00:00\" \/>\n<meta property=\"og:image\" content=\"https:\/\/www.m-q.ch\/wp-content\/uploads\/2023\/11\/Myfactory_Grafik_User_Interface_Bild1_ps.jpg\" \/>\n<meta name=\"author\" content=\"Adelisa Kalajdzini\" \/>\n<meta name=\"twitter:card\" content=\"summary_large_image\" \/>\n<script type=\"application\/ld+json\" class=\"yoast-schema-graph\">{\"@context\":\"https:\\\/\\\/schema.org\",\"@graph\":[{\"@type\":\"Article\",\"@id\":\"https:\\\/\\\/www.organisator.ch\\\/operational-excellence\\\/2023-11-03\\\/myfactory-kuendigt-neues-user-interface-fuer-cloud-erp-loesung-an\\\/#article\",\"isPartOf\":{\"@id\":\"https:\\\/\\\/www.organisator.ch\\\/operational-excellence\\\/2023-11-03\\\/myfactory-kuendigt-neues-user-interface-fuer-cloud-erp-loesung-an\\\/\"},\"author\":{\"name\":\"Adelisa Kalajdzini\",\"@id\":\"https:\\\/\\\/www.organisator.ch\\\/#\\\/schema\\\/person\\\/2e1314a2172123f874db408d8911d3f3\"},\"headline\":\"Myfactory k\u00fcndigt neues User Interface f\u00fcr Cloud-ERP-L\u00f6sung an\",\"datePublished\":\"2023-11-03T07:41:39+00:00\",\"dateModified\":\"2024-11-13T09:16:17+00:00\",\"mainEntityOfPage\":{\"@id\":\"https:\\\/\\\/www.organisator.ch\\\/operational-excellence\\\/2023-11-03\\\/myfactory-kuendigt-neues-user-interface-fuer-cloud-erp-loesung-an\\\/\"},\"wordCount\":290,\"publisher\":{\"@id\":\"https:\\\/\\\/www.organisator.ch\\\/#organization\"},\"image\":{\"@id\":\"https:\\\/\\\/www.organisator.ch\\\/operational-excellence\\\/2023-11-03\\\/myfactory-kuendigt-neues-user-interface-fuer-cloud-erp-loesung-an\\\/#primaryimage\"},\"thumbnailUrl\":\"https:\\\/\\\/www.m-q.ch\\\/wp-content\\\/uploads\\\/2023\\\/11\\\/Myfactory_Grafik_User_Interface_Bild1_ps.jpg\",\"articleSection\":[\"OPERATIONAL EXCELLENCE\"],\"inLanguage\":\"en-US\"},{\"@type\":\"WebPage\",\"@id\":\"https:\\\/\\\/www.organisator.ch\\\/operational-excellence\\\/2023-11-03\\\/myfactory-kuendigt-neues-user-interface-fuer-cloud-erp-loesung-an\\\/\",\"url\":\"https:\\\/\\\/www.organisator.ch\\\/operational-excellence\\\/2023-11-03\\\/myfactory-kuendigt-neues-user-interface-fuer-cloud-erp-loesung-an\\\/\",\"name\":\"Myfactory k\u00fcndigt neues User Interface f\u00fcr Cloud-ERP-L\u00f6sung an - Organisator\",\"isPartOf\":{\"@id\":\"https:\\\/\\\/www.organisator.ch\\\/#website\"},\"primaryImageOfPage\":{\"@id\":\"https:\\\/\\\/www.organisator.ch\\\/operational-excellence\\\/2023-11-03\\\/myfactory-kuendigt-neues-user-interface-fuer-cloud-erp-loesung-an\\\/#primaryimage\"},\"image\":{\"@id\":\"https:\\\/\\\/www.organisator.ch\\\/operational-excellence\\\/2023-11-03\\\/myfactory-kuendigt-neues-user-interface-fuer-cloud-erp-loesung-an\\\/#primaryimage\"},\"thumbnailUrl\":\"https:\\\/\\\/www.m-q.ch\\\/wp-content\\\/uploads\\\/2023\\\/11\\\/Myfactory_Grafik_User_Interface_Bild1_ps.jpg\",\"datePublished\":\"2023-11-03T07:41:39+00:00\",\"dateModified\":\"2024-11-13T09:16:17+00:00\",\"description\":\"Myfactory f\u00fchrt neues Branding und Benutzeroberfl\u00e4che ein. Verbesserte Benutzerfreundlichkeit und Anpassungsm\u00f6glichkeiten.\",\"breadcrumb\":{\"@id\":\"https:\\\/\\\/www.organisator.ch\\\/operational-excellence\\\/2023-11-03\\\/myfactory-kuendigt-neues-user-interface-fuer-cloud-erp-loesung-an\\\/#breadcrumb\"},\"inLanguage\":\"en-US\",\"potentialAction\":[{\"@type\":\"ReadAction\",\"target\":[\"https:\\\/\\\/www.organisator.ch\\\/operational-excellence\\\/2023-11-03\\\/myfactory-kuendigt-neues-user-interface-fuer-cloud-erp-loesung-an\\\/\"]}]},{\"@type\":\"ImageObject\",\"inLanguage\":\"en-US\",\"@id\":\"https:\\\/\\\/www.organisator.ch\\\/operational-excellence\\\/2023-11-03\\\/myfactory-kuendigt-neues-user-interface-fuer-cloud-erp-loesung-an\\\/#primaryimage\",\"url\":\"https:\\\/\\\/www.m-q.ch\\\/wp-content\\\/uploads\\\/2023\\\/11\\\/Myfactory_Grafik_User_Interface_Bild1_ps.jpg\",\"contentUrl\":\"https:\\\/\\\/www.m-q.ch\\\/wp-content\\\/uploads\\\/2023\\\/11\\\/Myfactory_Grafik_User_Interface_Bild1_ps.jpg\"},{\"@type\":\"BreadcrumbList\",\"@id\":\"https:\\\/\\\/www.organisator.ch\\\/operational-excellence\\\/2023-11-03\\\/myfactory-kuendigt-neues-user-interface-fuer-cloud-erp-loesung-an\\\/#breadcrumb\",\"itemListElement\":[{\"@type\":\"ListItem\",\"position\":1,\"name\":\"Home\",\"item\":\"https:\\\/\\\/www.organisator.ch\\\/\"},{\"@type\":\"ListItem\",\"position\":2,\"name\":\"Myfactory k\u00fcndigt neues User Interface f\u00fcr Cloud-ERP-L\u00f6sung an\"}]},{\"@type\":\"WebSite\",\"@id\":\"https:\\\/\\\/www.organisator.ch\\\/#website\",\"url\":\"https:\\\/\\\/www.organisator.ch\\\/\",\"name\":\"Organisator\",\"description\":\"Kompetent. Praxisnah. Der ORGANISATOR bereitet in 10 Ausgaben pro Jahr die wesentlichen Themen f\u00fcr F\u00fchrungskr\u00e4fte von KMU auf.\",\"publisher\":{\"@id\":\"https:\\\/\\\/www.organisator.ch\\\/#organization\"},\"potentialAction\":[{\"@type\":\"SearchAction\",\"target\":{\"@type\":\"EntryPoint\",\"urlTemplate\":\"https:\\\/\\\/www.organisator.ch\\\/?s={search_term_string}\"},\"query-input\":{\"@type\":\"PropertyValueSpecification\",\"valueRequired\":true,\"valueName\":\"search_term_string\"}}],\"inLanguage\":\"en-US\"},{\"@type\":\"Organization\",\"@id\":\"https:\\\/\\\/www.organisator.ch\\\/#organization\",\"name\":\"Organisator\",\"url\":\"https:\\\/\\\/www.organisator.ch\\\/\",\"logo\":{\"@type\":\"ImageObject\",\"inLanguage\":\"en-US\",\"@id\":\"https:\\\/\\\/www.organisator.ch\\\/#\\\/schema\\\/logo\\\/image\\\/\",\"url\":\"https:\\\/\\\/www.organisator.ch\\\/wp-content\\\/uploads\\\/2022\\\/01\\\/Logo_Organisator_Website.png\",\"contentUrl\":\"https:\\\/\\\/www.organisator.ch\\\/wp-content\\\/uploads\\\/2022\\\/01\\\/Logo_Organisator_Website.png\",\"width\":800,\"height\":77,\"caption\":\"Organisator\"},\"image\":{\"@id\":\"https:\\\/\\\/www.organisator.ch\\\/#\\\/schema\\\/logo\\\/image\\\/\"},\"sameAs\":[\"https:\\\/\\\/www.facebook.com\\\/OrganisatorFachmagazin\",\"https:\\\/\\\/www.linkedin.com\\\/showcase\\\/organisator-das-magazin-fr-kmu\",\"https:\\\/\\\/www.xing.com\\\/news\\\/pages\\\/organisator-ch-695\",\"https:\\\/\\\/www.youtube.com\\\/channel\\\/UCGP2Sq0iWaZwT3BdIAQFYpw\"]},{\"@type\":\"Person\",\"@id\":\"https:\\\/\\\/www.organisator.ch\\\/#\\\/schema\\\/person\\\/2e1314a2172123f874db408d8911d3f3\",\"name\":\"Adelisa Kalajdzini\",\"image\":{\"@type\":\"ImageObject\",\"inLanguage\":\"en-US\",\"@id\":\"https:\\\/\\\/secure.gravatar.com\\\/avatar\\\/09a397c22ac58cad6f160ee8306348599df9df58a8ede73696226897b9fa4b24?s=96&d=mm&r=g\",\"url\":\"https:\\\/\\\/secure.gravatar.com\\\/avatar\\\/09a397c22ac58cad6f160ee8306348599df9df58a8ede73696226897b9fa4b24?s=96&d=mm&r=g\",\"contentUrl\":\"https:\\\/\\\/secure.gravatar.com\\\/avatar\\\/09a397c22ac58cad6f160ee8306348599df9df58a8ede73696226897b9fa4b24?s=96&d=mm&r=g\",\"caption\":\"Adelisa Kalajdzini\"},\"url\":\"https:\\\/\\\/www.organisator.ch\\\/en\\\/author\\\/adelisa-kalajdzini\\\/\"}]}<\/script>\n<!-- \/ Yoast SEO plugin. -->","yoast_head_json":{"title":"Myfactory announces new user interface for cloud ERP solution - Organizer","description":"Myfactory introduces new branding and user interface. Improved usability and customization options.","robots":{"index":"index","follow":"follow","max-snippet":"max-snippet:-1","max-image-preview":"max-image-preview:large","max-video-preview":"max-video-preview:-1"},"canonical":"https:\/\/www.organisator.ch\/en\/operational-excellence\/2023-11-03\/myfactory-kuendigt-neues-user-interface-fuer-cloud-erp-loesung-an\/","og_locale":"en_US","og_type":"article","og_title":"Myfactory k\u00fcndigt neues User Interface f\u00fcr Cloud-ERP-L\u00f6sung an - Organisator","og_description":"Myfactory f\u00fchrt neues Branding und Benutzeroberfl\u00e4che ein. Verbesserte Benutzerfreundlichkeit und Anpassungsm\u00f6glichkeiten.","og_url":"https:\/\/www.organisator.ch\/en\/operational-excellence\/2023-11-03\/myfactory-kuendigt-neues-user-interface-fuer-cloud-erp-loesung-an\/","og_site_name":"Organisator","article_publisher":"https:\/\/www.facebook.com\/OrganisatorFachmagazin","article_published_time":"2023-11-03T07:41:39+00:00","article_modified_time":"2024-11-13T09:16:17+00:00","og_image":[{"url":"https:\/\/www.m-q.ch\/wp-content\/uploads\/2023\/11\/Myfactory_Grafik_User_Interface_Bild1_ps.jpg","type":"","width":"","height":""}],"author":"Adelisa Kalajdzini","twitter_card":"summary_large_image","schema":{"@context":"https:\/\/schema.org","@graph":[{"@type":"Article","@id":"https:\/\/www.organisator.ch\/operational-excellence\/2023-11-03\/myfactory-kuendigt-neues-user-interface-fuer-cloud-erp-loesung-an\/#article","isPartOf":{"@id":"https:\/\/www.organisator.ch\/operational-excellence\/2023-11-03\/myfactory-kuendigt-neues-user-interface-fuer-cloud-erp-loesung-an\/"},"author":{"name":"Adelisa Kalajdzini","@id":"https:\/\/www.organisator.ch\/#\/schema\/person\/2e1314a2172123f874db408d8911d3f3"},"headline":"Myfactory k\u00fcndigt neues User Interface f\u00fcr Cloud-ERP-L\u00f6sung an","datePublished":"2023-11-03T07:41:39+00:00","dateModified":"2024-11-13T09:16:17+00:00","mainEntityOfPage":{"@id":"https:\/\/www.organisator.ch\/operational-excellence\/2023-11-03\/myfactory-kuendigt-neues-user-interface-fuer-cloud-erp-loesung-an\/"},"wordCount":290,"publisher":{"@id":"https:\/\/www.organisator.ch\/#organization"},"image":{"@id":"https:\/\/www.organisator.ch\/operational-excellence\/2023-11-03\/myfactory-kuendigt-neues-user-interface-fuer-cloud-erp-loesung-an\/#primaryimage"},"thumbnailUrl":"https:\/\/www.m-q.ch\/wp-content\/uploads\/2023\/11\/Myfactory_Grafik_User_Interface_Bild1_ps.jpg","articleSection":["OPERATIONAL EXCELLENCE"],"inLanguage":"en-US"},{"@type":"WebPage","@id":"https:\/\/www.organisator.ch\/operational-excellence\/2023-11-03\/myfactory-kuendigt-neues-user-interface-fuer-cloud-erp-loesung-an\/","url":"https:\/\/www.organisator.ch\/operational-excellence\/2023-11-03\/myfactory-kuendigt-neues-user-interface-fuer-cloud-erp-loesung-an\/","name":"Myfactory announces new user interface for cloud ERP solution - Organizer","isPartOf":{"@id":"https:\/\/www.organisator.ch\/#website"},"primaryImageOfPage":{"@id":"https:\/\/www.organisator.ch\/operational-excellence\/2023-11-03\/myfactory-kuendigt-neues-user-interface-fuer-cloud-erp-loesung-an\/#primaryimage"},"image":{"@id":"https:\/\/www.organisator.ch\/operational-excellence\/2023-11-03\/myfactory-kuendigt-neues-user-interface-fuer-cloud-erp-loesung-an\/#primaryimage"},"thumbnailUrl":"https:\/\/www.m-q.ch\/wp-content\/uploads\/2023\/11\/Myfactory_Grafik_User_Interface_Bild1_ps.jpg","datePublished":"2023-11-03T07:41:39+00:00","dateModified":"2024-11-13T09:16:17+00:00","description":"Myfactory introduces new branding and user interface. Improved usability and customization options.","breadcrumb":{"@id":"https:\/\/www.organisator.ch\/operational-excellence\/2023-11-03\/myfactory-kuendigt-neues-user-interface-fuer-cloud-erp-loesung-an\/#breadcrumb"},"inLanguage":"en-US","potentialAction":[{"@type":"ReadAction","target":["https:\/\/www.organisator.ch\/operational-excellence\/2023-11-03\/myfactory-kuendigt-neues-user-interface-fuer-cloud-erp-loesung-an\/"]}]},{"@type":"ImageObject","inLanguage":"en-US","@id":"https:\/\/www.organisator.ch\/operational-excellence\/2023-11-03\/myfactory-kuendigt-neues-user-interface-fuer-cloud-erp-loesung-an\/#primaryimage","url":"https:\/\/www.m-q.ch\/wp-content\/uploads\/2023\/11\/Myfactory_Grafik_User_Interface_Bild1_ps.jpg","contentUrl":"https:\/\/www.m-q.ch\/wp-content\/uploads\/2023\/11\/Myfactory_Grafik_User_Interface_Bild1_ps.jpg"},{"@type":"BreadcrumbList","@id":"https:\/\/www.organisator.ch\/operational-excellence\/2023-11-03\/myfactory-kuendigt-neues-user-interface-fuer-cloud-erp-loesung-an\/#breadcrumb","itemListElement":[{"@type":"ListItem","position":1,"name":"Home","item":"https:\/\/www.organisator.ch\/"},{"@type":"ListItem","position":2,"name":"Myfactory k\u00fcndigt neues User Interface f\u00fcr Cloud-ERP-L\u00f6sung an"}]},{"@type":"WebSite","@id":"https:\/\/www.organisator.ch\/#website","url":"https:\/\/www.organisator.ch\/","name":"Organizer","description":"Competent. Practical. In 10 issues per year, ORGANISATOR presents the essential topics for managers of SMEs.","publisher":{"@id":"https:\/\/www.organisator.ch\/#organization"},"potentialAction":[{"@type":"SearchAction","target":{"@type":"EntryPoint","urlTemplate":"https:\/\/www.organisator.ch\/?s={search_term_string}"},"query-input":{"@type":"PropertyValueSpecification","valueRequired":true,"valueName":"search_term_string"}}],"inLanguage":"en-US"},{"@type":"Organization","@id":"https:\/\/www.organisator.ch\/#organization","name":"Organizer","url":"https:\/\/www.organisator.ch\/","logo":{"@type":"ImageObject","inLanguage":"en-US","@id":"https:\/\/www.organisator.ch\/#\/schema\/logo\/image\/","url":"https:\/\/www.organisator.ch\/wp-content\/uploads\/2022\/01\/Logo_Organisator_Website.png","contentUrl":"https:\/\/www.organisator.ch\/wp-content\/uploads\/2022\/01\/Logo_Organisator_Website.png","width":800,"height":77,"caption":"Organisator"},"image":{"@id":"https:\/\/www.organisator.ch\/#\/schema\/logo\/image\/"},"sameAs":["https:\/\/www.facebook.com\/OrganisatorFachmagazin","https:\/\/www.linkedin.com\/showcase\/organisator-das-magazin-fr-kmu","https:\/\/www.xing.com\/news\/pages\/organisator-ch-695","https:\/\/www.youtube.com\/channel\/UCGP2Sq0iWaZwT3BdIAQFYpw"]},{"@type":"Person","@id":"https:\/\/www.organisator.ch\/#\/schema\/person\/2e1314a2172123f874db408d8911d3f3","name":"Adelisa Kalajdzini","image":{"@type":"ImageObject","inLanguage":"en-US","@id":"https:\/\/secure.gravatar.com\/avatar\/09a397c22ac58cad6f160ee8306348599df9df58a8ede73696226897b9fa4b24?s=96&d=mm&r=g","url":"https:\/\/secure.gravatar.com\/avatar\/09a397c22ac58cad6f160ee8306348599df9df58a8ede73696226897b9fa4b24?s=96&d=mm&r=g","contentUrl":"https:\/\/secure.gravatar.com\/avatar\/09a397c22ac58cad6f160ee8306348599df9df58a8ede73696226897b9fa4b24?s=96&d=mm&r=g","caption":"Adelisa Kalajdzini"},"url":"https:\/\/www.organisator.ch\/en\/author\/adelisa-kalajdzini\/"}]}},"_links":{"self":[{"href":"https:\/\/www.organisator.ch\/en\/wp-json\/wp\/v2\/posts\/22944","targetHints":{"allow":["GET"]}}],"collection":[{"href":"https:\/\/www.organisator.ch\/en\/wp-json\/wp\/v2\/posts"}],"about":[{"href":"https:\/\/www.organisator.ch\/en\/wp-json\/wp\/v2\/types\/post"}],"author":[{"embeddable":true,"href":"https:\/\/www.organisator.ch\/en\/wp-json\/wp\/v2\/users\/58"}],"replies":[{"embeddable":true,"href":"https:\/\/www.organisator.ch\/en\/wp-json\/wp\/v2\/comments?post=22944"}],"version-history":[{"count":4,"href":"https:\/\/www.organisator.ch\/en\/wp-json\/wp\/v2\/posts\/22944\/revisions"}],"predecessor-version":[{"id":32722,"href":"https:\/\/www.organisator.ch\/en\/wp-json\/wp\/v2\/posts\/22944\/revisions\/32722"}],"wp:attachment":[{"href":"https:\/\/www.organisator.ch\/en\/wp-json\/wp\/v2\/media?parent=22944"}],"wp:term":[{"taxonomy":"category","embeddable":true,"href":"https:\/\/www.organisator.ch\/en\/wp-json\/wp\/v2\/categories?post=22944"},{"taxonomy":"post_tag","embeddable":true,"href":"https:\/\/www.organisator.ch\/en\/wp-json\/wp\/v2\/tags?post=22944"}],"curies":[{"name":"wp","href":"https:\/\/api.w.org\/{rel}","templated":true}]}}