{"id":2295,"date":"2017-08-09T09:45:09","date_gmt":"2017-08-09T07:45:09","guid":{"rendered":"https:\/\/www.organisator.ch\/?p=2295"},"modified":"2017-08-09T09:45:09","modified_gmt":"2017-08-09T07:45:09","slug":"management-buyout-beim-systemintegrator-infoniqa","status":"publish","type":"post","link":"https:\/\/www.organisator.ch\/en\/management\/it\/2017-08-09\/management-buyout-beim-systemintegrator-infoniqa\/","title":{"rendered":"Management buyout at systems integrator Infoniqa"},"content":{"rendered":"<figure id=\"attachment_2296\" aria-describedby=\"caption-attachment-2296\" style=\"width: 640px\" class=\"wp-caption alignnone\"><img loading=\"lazy\" decoding=\"async\" class=\"size-full wp-image-2296\" src=\"https:\/\/www.organisator.ch\/wp-content\/uploads\/2017\/08\/Management-Buyout-beim-Systemintegrator-Infoniqa_Organisator.jpg\" alt=\"\" width=\"640\" height=\"427\" srcset=\"https:\/\/www.organisator.ch\/wp-content\/uploads\/2017\/08\/Management-Buyout-beim-Systemintegrator-Infoniqa_Organisator.jpg 640w, https:\/\/www.organisator.ch\/wp-content\/uploads\/2017\/08\/Management-Buyout-beim-Systemintegrator-Infoniqa_Organisator-16x12.jpg 16w, https:\/\/www.organisator.ch\/wp-content\/uploads\/2017\/08\/Management-Buyout-beim-Systemintegrator-Infoniqa_Organisator-262x175.jpg 262w, https:\/\/www.organisator.ch\/wp-content\/uploads\/2017\/08\/Management-Buyout-beim-Systemintegrator-Infoniqa_Organisator-525x350.jpg 525w, https:\/\/www.organisator.ch\/wp-content\/uploads\/2017\/08\/Management-Buyout-beim-Systemintegrator-Infoniqa_Organisator-300x200.jpg 300w\" sizes=\"auto, (max-width: 640px) 100vw, 640px\" \/><figcaption id=\"caption-attachment-2296\" class=\"wp-caption-text\">Roger Hegglin (left) and Urs R. Tschudin now fully own Infoniqa SQL AG in Baar through a management buyout. (Image: PD \/ zVg)<\/figcaption><\/figure>\n<p>Since 1988, Infoniqa has pursued a business policy in the Swiss IT market focused on continuity, enabling qualitative and quantitative growth. With its 70 employees, it is represented in the Swiss market with offices in Baar\/ZG, Zurich and Bussigny-pr\u00e8s-Lausanne and intends to continue its growth as an IT system integrator for data center solutions, managed services, and as a cloud and information management solution provider in the coming years.<\/p>\n<p><strong>Now completely in the hands of Urs R. Tschudin and Roger Hegglin<\/strong><\/p>\n<p>The entire history of Infoniqa SQL AG can confidently be described as eventful: In mid-2007, the former SQL AG was sold to Infoniqa Holding GmbH in Vienna. This was followed as early as March 2008 by the purchase of T-Systems Romandie and the subsequent merger with Infoniqa Switzerland. At the beginning of 2012, the two minority shareholders Urs R. Tschudin and Roger Hegglin, with the support of the German private equity firm CornerstoneCapital, bought out Infoniqa Switzerland from Infoniqa Holding, thus making the systems integrator an independent Swiss company again. Now Tschudin and Hegglin have acquired all shares of CornerstoneCapital by means of a management buyout, making them 100 percent owners of the successful company.<\/p>\n<p><strong>Success Story Infoniqa SQL AG<\/strong><\/p>\n<p>Between 2012 and today, Hegglin and Tschudin, together with their team, were able to increase the sales of Infoniqa SQL AG from around CHF 20 million at the time to around CHF 45 million, with more than half of the growth being organic. The two acquisitions of GlassHouse Technologies AG (end of 2013) and Hirt Informatik AG (end of 2016) also took place during the time of the German participation.<\/p>\n<p>Urs Tschudin, Delegate of the Board of Directors as well as VRP of Infoniqa SQL AG comments on the management buyout as follows: \"Since CornerstoneCapital's participation was limited to five years, Roger Hegglin and I seized the opportunity and took over the company completely. As entrepreneurs and not 'just' managers, we have significantly more freedom to make decisions regarding upcoming investments and business direction. As owners, we can focus even better on future challenges and continue to expand the customer base in the cloud business as well as our offerings and services.\"<\/p>\n<p><em>Information: <a href=\"http:\/\/www.infoniqa.ch\/\">Infoniqa SQL AG<\/a><\/em><\/p>","protected":false},"excerpt":{"rendered":"<p>Seit 1988 verfolgt Infoniqa im Schweizer IT-Markt eine auf Kontinuit\u00e4t ausgerichtete Gesch\u00e4ftspolitik, die qualitatives und quantitatives Wachstum erm\u00f6glicht. Mit ihren 70 Mitarbeitern ist sie\u00a0im Schweizer Markt mit den Gesch\u00e4ftsstellen Baar\/ZG, Z\u00fcrich und Bussigny-pr\u00e8s-Lausanne vertreten und will ihr Wachstum als IT System Integrator f\u00fcr Data Center L\u00f6sungen, Managed-Services, sowie als Cloud- und Informations-Management-L\u00f6sung Anbieter in den [&hellip;]<\/p>\n","protected":false},"author":4,"featured_media":2296,"comment_status":"open","ping_status":"open","sticky":false,"template":"","format":"standard","meta":{"_acf_changed":false,"_yoast_wpseo_focuskw":"Management-Buyout","_yoast_wpseo_metadesc":"Durch einen Management-Buyout haben Urs R. Tschudin und Roger Hegglin die Mehrheitsbeteiligung des deutschen Inverstors CornerstoneCapital erworben.","articlekey":"","footnotes":""},"categories":[27],"tags":[286,381,492,508],"class_list":["post-2295","post","type-post","status-publish","format-standard","has-post-thumbnail","hentry","category-it","tag-it","tag-personalia","tag-unternehmen","tag-vermischtes"],"acf":[],"yoast_head":"<!-- This site is optimized with the Yoast SEO plugin v27.5 - https:\/\/yoast.com\/product\/yoast-seo-wordpress\/ -->\n<title>Management-Buyout beim Systemintegrator Infoniqa - Organisator<\/title>\n<meta name=\"description\" content=\"Durch einen Management-Buyout haben Urs R. Tschudin und Roger Hegglin die Mehrheitsbeteiligung des deutschen Inverstors CornerstoneCapital erworben.\" \/>\n<meta name=\"robots\" content=\"index, follow, max-snippet:-1, max-image-preview:large, max-video-preview:-1\" \/>\n<link rel=\"canonical\" href=\"https:\/\/www.organisator.ch\/en\/management\/it\/2017-08-09\/management-buyout-beim-systemintegrator-infoniqa\/\" \/>\n<meta property=\"og:locale\" content=\"en_US\" \/>\n<meta property=\"og:type\" content=\"article\" \/>\n<meta property=\"og:title\" content=\"Management-Buyout beim Systemintegrator Infoniqa\" \/>\n<meta property=\"og:description\" content=\"Seit Ende Juli 2017 sind die beiden langj\u00e4hrigen Manager Urs R. #Tschudin und Roger #Hegglin die Eigent\u00fcmer der #Infoniqa SQL AG.\" \/>\n<meta property=\"og:url\" content=\"https:\/\/www.organisator.ch\/en\/management\/it\/2017-08-09\/management-buyout-beim-systemintegrator-infoniqa\/\" \/>\n<meta property=\"og:site_name\" content=\"Organisator\" \/>\n<meta property=\"article:publisher\" content=\"https:\/\/www.facebook.com\/OrganisatorFachmagazin\" \/>\n<meta property=\"article:published_time\" content=\"2017-08-09T07:45:09+00:00\" \/>\n<meta property=\"og:image\" content=\"https:\/\/www.organisator.ch\/wp-content\/uploads\/2017\/08\/Management-Buyout-beim-Systemintegrator-Infoniqa_Organisator.jpg\" \/>\n\t<meta property=\"og:image:width\" content=\"640\" \/>\n\t<meta property=\"og:image:height\" content=\"427\" \/>\n\t<meta property=\"og:image:type\" content=\"image\/jpeg\" \/>\n<meta name=\"author\" content=\"thomas.berner\" \/>\n<meta name=\"twitter:card\" content=\"summary_large_image\" \/>\n<meta name=\"twitter:title\" content=\"Management-Buyout beim Systemintegrator Infoniqa #ManagementBuyout\" \/>\n<meta name=\"twitter:description\" content=\"Seit Ende Juli 2017 sind die beiden langj\u00e4hrigen Manager Urs R. #Tschudin und Roger #Hegglin die Eigent\u00fcmer der #Infoniqa SQL AG.\" \/>\n<meta name=\"twitter:image\" content=\"https:\/\/www.organisator.ch\/wp-content\/uploads\/2017\/08\/Management-Buyout-beim-Systemintegrator-Infoniqa_Organisator.jpg\" \/>\n<script type=\"application\/ld+json\" class=\"yoast-schema-graph\">{\"@context\":\"https:\\\/\\\/schema.org\",\"@graph\":[{\"@type\":\"Article\",\"@id\":\"https:\\\/\\\/www.organisator.ch\\\/management\\\/it\\\/2017-08-09\\\/management-buyout-beim-systemintegrator-infoniqa\\\/#article\",\"isPartOf\":{\"@id\":\"https:\\\/\\\/www.organisator.ch\\\/management\\\/it\\\/2017-08-09\\\/management-buyout-beim-systemintegrator-infoniqa\\\/\"},\"author\":{\"name\":\"thomas.berner\",\"@id\":\"https:\\\/\\\/www.organisator.ch\\\/#\\\/schema\\\/person\\\/6f650f90b2842cd4c0cc334b4e36f67e\"},\"headline\":\"Management-Buyout beim Systemintegrator Infoniqa\",\"datePublished\":\"2017-08-09T07:45:09+00:00\",\"mainEntityOfPage\":{\"@id\":\"https:\\\/\\\/www.organisator.ch\\\/management\\\/it\\\/2017-08-09\\\/management-buyout-beim-systemintegrator-infoniqa\\\/\"},\"wordCount\":387,\"commentCount\":0,\"publisher\":{\"@id\":\"https:\\\/\\\/www.organisator.ch\\\/#organization\"},\"image\":{\"@id\":\"https:\\\/\\\/www.organisator.ch\\\/management\\\/it\\\/2017-08-09\\\/management-buyout-beim-systemintegrator-infoniqa\\\/#primaryimage\"},\"thumbnailUrl\":\"https:\\\/\\\/www.organisator.ch\\\/wp-content\\\/uploads\\\/2017\\\/08\\\/Management-Buyout-beim-Systemintegrator-Infoniqa_Organisator.jpg\",\"keywords\":[\"IT\",\"Personalia\",\"Unternehmen\",\"Vermischtes\"],\"articleSection\":[\"IT\"],\"inLanguage\":\"en-US\"},{\"@type\":\"WebPage\",\"@id\":\"https:\\\/\\\/www.organisator.ch\\\/management\\\/it\\\/2017-08-09\\\/management-buyout-beim-systemintegrator-infoniqa\\\/\",\"url\":\"https:\\\/\\\/www.organisator.ch\\\/management\\\/it\\\/2017-08-09\\\/management-buyout-beim-systemintegrator-infoniqa\\\/\",\"name\":\"Management-Buyout beim Systemintegrator Infoniqa - Organisator\",\"isPartOf\":{\"@id\":\"https:\\\/\\\/www.organisator.ch\\\/#website\"},\"primaryImageOfPage\":{\"@id\":\"https:\\\/\\\/www.organisator.ch\\\/management\\\/it\\\/2017-08-09\\\/management-buyout-beim-systemintegrator-infoniqa\\\/#primaryimage\"},\"image\":{\"@id\":\"https:\\\/\\\/www.organisator.ch\\\/management\\\/it\\\/2017-08-09\\\/management-buyout-beim-systemintegrator-infoniqa\\\/#primaryimage\"},\"thumbnailUrl\":\"https:\\\/\\\/www.organisator.ch\\\/wp-content\\\/uploads\\\/2017\\\/08\\\/Management-Buyout-beim-Systemintegrator-Infoniqa_Organisator.jpg\",\"datePublished\":\"2017-08-09T07:45:09+00:00\",\"description\":\"Durch einen Management-Buyout haben Urs R. Tschudin und Roger Hegglin die Mehrheitsbeteiligung des deutschen Inverstors CornerstoneCapital erworben.\",\"breadcrumb\":{\"@id\":\"https:\\\/\\\/www.organisator.ch\\\/management\\\/it\\\/2017-08-09\\\/management-buyout-beim-systemintegrator-infoniqa\\\/#breadcrumb\"},\"inLanguage\":\"en-US\",\"potentialAction\":[{\"@type\":\"ReadAction\",\"target\":[\"https:\\\/\\\/www.organisator.ch\\\/management\\\/it\\\/2017-08-09\\\/management-buyout-beim-systemintegrator-infoniqa\\\/\"]}]},{\"@type\":\"ImageObject\",\"inLanguage\":\"en-US\",\"@id\":\"https:\\\/\\\/www.organisator.ch\\\/management\\\/it\\\/2017-08-09\\\/management-buyout-beim-systemintegrator-infoniqa\\\/#primaryimage\",\"url\":\"https:\\\/\\\/www.organisator.ch\\\/wp-content\\\/uploads\\\/2017\\\/08\\\/Management-Buyout-beim-Systemintegrator-Infoniqa_Organisator.jpg\",\"contentUrl\":\"https:\\\/\\\/www.organisator.ch\\\/wp-content\\\/uploads\\\/2017\\\/08\\\/Management-Buyout-beim-Systemintegrator-Infoniqa_Organisator.jpg\",\"width\":640,\"height\":427,\"caption\":\"Roger Hegglin (links) und Urs R. Tschudin sind nun durch einen Management-Buyout vollst\u00e4ndig im Besitz der Infoniqa SQL AG in Baar. (Bild: PD \\\/ zVg)\"},{\"@type\":\"BreadcrumbList\",\"@id\":\"https:\\\/\\\/www.organisator.ch\\\/management\\\/it\\\/2017-08-09\\\/management-buyout-beim-systemintegrator-infoniqa\\\/#breadcrumb\",\"itemListElement\":[{\"@type\":\"ListItem\",\"position\":1,\"name\":\"Home\",\"item\":\"https:\\\/\\\/www.organisator.ch\\\/\"},{\"@type\":\"ListItem\",\"position\":2,\"name\":\"Management-Buyout beim Systemintegrator Infoniqa\"}]},{\"@type\":\"WebSite\",\"@id\":\"https:\\\/\\\/www.organisator.ch\\\/#website\",\"url\":\"https:\\\/\\\/www.organisator.ch\\\/\",\"name\":\"Organisator\",\"description\":\"Kompetent. Praxisnah. Der ORGANISATOR bereitet in 10 Ausgaben pro Jahr die wesentlichen Themen f\u00fcr F\u00fchrungskr\u00e4fte von KMU auf.\",\"publisher\":{\"@id\":\"https:\\\/\\\/www.organisator.ch\\\/#organization\"},\"potentialAction\":[{\"@type\":\"SearchAction\",\"target\":{\"@type\":\"EntryPoint\",\"urlTemplate\":\"https:\\\/\\\/www.organisator.ch\\\/?s={search_term_string}\"},\"query-input\":{\"@type\":\"PropertyValueSpecification\",\"valueRequired\":true,\"valueName\":\"search_term_string\"}}],\"inLanguage\":\"en-US\"},{\"@type\":\"Organization\",\"@id\":\"https:\\\/\\\/www.organisator.ch\\\/#organization\",\"name\":\"Organisator\",\"url\":\"https:\\\/\\\/www.organisator.ch\\\/\",\"logo\":{\"@type\":\"ImageObject\",\"inLanguage\":\"en-US\",\"@id\":\"https:\\\/\\\/www.organisator.ch\\\/#\\\/schema\\\/logo\\\/image\\\/\",\"url\":\"https:\\\/\\\/www.organisator.ch\\\/wp-content\\\/uploads\\\/2022\\\/01\\\/Logo_Organisator_Website.png\",\"contentUrl\":\"https:\\\/\\\/www.organisator.ch\\\/wp-content\\\/uploads\\\/2022\\\/01\\\/Logo_Organisator_Website.png\",\"width\":800,\"height\":77,\"caption\":\"Organisator\"},\"image\":{\"@id\":\"https:\\\/\\\/www.organisator.ch\\\/#\\\/schema\\\/logo\\\/image\\\/\"},\"sameAs\":[\"https:\\\/\\\/www.facebook.com\\\/OrganisatorFachmagazin\",\"https:\\\/\\\/www.linkedin.com\\\/showcase\\\/organisator-das-magazin-fr-kmu\",\"https:\\\/\\\/www.xing.com\\\/news\\\/pages\\\/organisator-ch-695\",\"https:\\\/\\\/www.youtube.com\\\/channel\\\/UCGP2Sq0iWaZwT3BdIAQFYpw\"]},{\"@type\":\"Person\",\"@id\":\"https:\\\/\\\/www.organisator.ch\\\/#\\\/schema\\\/person\\\/6f650f90b2842cd4c0cc334b4e36f67e\",\"name\":\"thomas.berner\",\"image\":{\"@type\":\"ImageObject\",\"inLanguage\":\"en-US\",\"@id\":\"https:\\\/\\\/secure.gravatar.com\\\/avatar\\\/ac5001d2a36cb6c6cd3e50789007ffca834b477b74a2144564522e944eabff61?s=96&d=mm&r=g\",\"url\":\"https:\\\/\\\/secure.gravatar.com\\\/avatar\\\/ac5001d2a36cb6c6cd3e50789007ffca834b477b74a2144564522e944eabff61?s=96&d=mm&r=g\",\"contentUrl\":\"https:\\\/\\\/secure.gravatar.com\\\/avatar\\\/ac5001d2a36cb6c6cd3e50789007ffca834b477b74a2144564522e944eabff61?s=96&d=mm&r=g\",\"caption\":\"thomas.berner\"},\"url\":\"https:\\\/\\\/www.organisator.ch\\\/en\\\/author\\\/thomas-berner\\\/\"}]}<\/script>\n<!-- \/ Yoast SEO plugin. -->","yoast_head_json":{"title":"Management buyout at system integrator Infoniqa - Organizer","description":"Through a management buyout, Urs R. Tschudin and Roger Hegglin have acquired the majority stake of the German investor CornerstoneCapital.","robots":{"index":"index","follow":"follow","max-snippet":"max-snippet:-1","max-image-preview":"max-image-preview:large","max-video-preview":"max-video-preview:-1"},"canonical":"https:\/\/www.organisator.ch\/en\/management\/it\/2017-08-09\/management-buyout-beim-systemintegrator-infoniqa\/","og_locale":"en_US","og_type":"article","og_title":"Management-Buyout beim Systemintegrator Infoniqa","og_description":"Seit Ende Juli 2017 sind die beiden langj\u00e4hrigen Manager Urs R. #Tschudin und Roger #Hegglin die Eigent\u00fcmer der #Infoniqa SQL AG.","og_url":"https:\/\/www.organisator.ch\/en\/management\/it\/2017-08-09\/management-buyout-beim-systemintegrator-infoniqa\/","og_site_name":"Organisator","article_publisher":"https:\/\/www.facebook.com\/OrganisatorFachmagazin","article_published_time":"2017-08-09T07:45:09+00:00","og_image":[{"width":640,"height":427,"url":"https:\/\/www.organisator.ch\/wp-content\/uploads\/2017\/08\/Management-Buyout-beim-Systemintegrator-Infoniqa_Organisator.jpg","type":"image\/jpeg"}],"author":"thomas.berner","twitter_card":"summary_large_image","twitter_title":"Management-Buyout beim Systemintegrator Infoniqa #ManagementBuyout","twitter_description":"Seit Ende Juli 2017 sind die beiden langj\u00e4hrigen Manager Urs R. #Tschudin und Roger #Hegglin die Eigent\u00fcmer der #Infoniqa SQL AG.","twitter_image":"https:\/\/www.organisator.ch\/wp-content\/uploads\/2017\/08\/Management-Buyout-beim-Systemintegrator-Infoniqa_Organisator.jpg","schema":{"@context":"https:\/\/schema.org","@graph":[{"@type":"Article","@id":"https:\/\/www.organisator.ch\/management\/it\/2017-08-09\/management-buyout-beim-systemintegrator-infoniqa\/#article","isPartOf":{"@id":"https:\/\/www.organisator.ch\/management\/it\/2017-08-09\/management-buyout-beim-systemintegrator-infoniqa\/"},"author":{"name":"thomas.berner","@id":"https:\/\/www.organisator.ch\/#\/schema\/person\/6f650f90b2842cd4c0cc334b4e36f67e"},"headline":"Management-Buyout beim Systemintegrator Infoniqa","datePublished":"2017-08-09T07:45:09+00:00","mainEntityOfPage":{"@id":"https:\/\/www.organisator.ch\/management\/it\/2017-08-09\/management-buyout-beim-systemintegrator-infoniqa\/"},"wordCount":387,"commentCount":0,"publisher":{"@id":"https:\/\/www.organisator.ch\/#organization"},"image":{"@id":"https:\/\/www.organisator.ch\/management\/it\/2017-08-09\/management-buyout-beim-systemintegrator-infoniqa\/#primaryimage"},"thumbnailUrl":"https:\/\/www.organisator.ch\/wp-content\/uploads\/2017\/08\/Management-Buyout-beim-Systemintegrator-Infoniqa_Organisator.jpg","keywords":["IT","Personalia","Unternehmen","Vermischtes"],"articleSection":["IT"],"inLanguage":"en-US"},{"@type":"WebPage","@id":"https:\/\/www.organisator.ch\/management\/it\/2017-08-09\/management-buyout-beim-systemintegrator-infoniqa\/","url":"https:\/\/www.organisator.ch\/management\/it\/2017-08-09\/management-buyout-beim-systemintegrator-infoniqa\/","name":"Management buyout at system integrator Infoniqa - Organizer","isPartOf":{"@id":"https:\/\/www.organisator.ch\/#website"},"primaryImageOfPage":{"@id":"https:\/\/www.organisator.ch\/management\/it\/2017-08-09\/management-buyout-beim-systemintegrator-infoniqa\/#primaryimage"},"image":{"@id":"https:\/\/www.organisator.ch\/management\/it\/2017-08-09\/management-buyout-beim-systemintegrator-infoniqa\/#primaryimage"},"thumbnailUrl":"https:\/\/www.organisator.ch\/wp-content\/uploads\/2017\/08\/Management-Buyout-beim-Systemintegrator-Infoniqa_Organisator.jpg","datePublished":"2017-08-09T07:45:09+00:00","description":"Through a management buyout, Urs R. Tschudin and Roger Hegglin have acquired the majority stake of the German investor CornerstoneCapital.","breadcrumb":{"@id":"https:\/\/www.organisator.ch\/management\/it\/2017-08-09\/management-buyout-beim-systemintegrator-infoniqa\/#breadcrumb"},"inLanguage":"en-US","potentialAction":[{"@type":"ReadAction","target":["https:\/\/www.organisator.ch\/management\/it\/2017-08-09\/management-buyout-beim-systemintegrator-infoniqa\/"]}]},{"@type":"ImageObject","inLanguage":"en-US","@id":"https:\/\/www.organisator.ch\/management\/it\/2017-08-09\/management-buyout-beim-systemintegrator-infoniqa\/#primaryimage","url":"https:\/\/www.organisator.ch\/wp-content\/uploads\/2017\/08\/Management-Buyout-beim-Systemintegrator-Infoniqa_Organisator.jpg","contentUrl":"https:\/\/www.organisator.ch\/wp-content\/uploads\/2017\/08\/Management-Buyout-beim-Systemintegrator-Infoniqa_Organisator.jpg","width":640,"height":427,"caption":"Roger Hegglin (links) und Urs R. Tschudin sind nun durch einen Management-Buyout vollst\u00e4ndig im Besitz der Infoniqa SQL AG in Baar. (Bild: PD \/ zVg)"},{"@type":"BreadcrumbList","@id":"https:\/\/www.organisator.ch\/management\/it\/2017-08-09\/management-buyout-beim-systemintegrator-infoniqa\/#breadcrumb","itemListElement":[{"@type":"ListItem","position":1,"name":"Home","item":"https:\/\/www.organisator.ch\/"},{"@type":"ListItem","position":2,"name":"Management-Buyout beim Systemintegrator Infoniqa"}]},{"@type":"WebSite","@id":"https:\/\/www.organisator.ch\/#website","url":"https:\/\/www.organisator.ch\/","name":"Organizer","description":"Competent. Practical. In 10 issues per year, ORGANISATOR presents the essential topics for managers of SMEs.","publisher":{"@id":"https:\/\/www.organisator.ch\/#organization"},"potentialAction":[{"@type":"SearchAction","target":{"@type":"EntryPoint","urlTemplate":"https:\/\/www.organisator.ch\/?s={search_term_string}"},"query-input":{"@type":"PropertyValueSpecification","valueRequired":true,"valueName":"search_term_string"}}],"inLanguage":"en-US"},{"@type":"Organization","@id":"https:\/\/www.organisator.ch\/#organization","name":"Organizer","url":"https:\/\/www.organisator.ch\/","logo":{"@type":"ImageObject","inLanguage":"en-US","@id":"https:\/\/www.organisator.ch\/#\/schema\/logo\/image\/","url":"https:\/\/www.organisator.ch\/wp-content\/uploads\/2022\/01\/Logo_Organisator_Website.png","contentUrl":"https:\/\/www.organisator.ch\/wp-content\/uploads\/2022\/01\/Logo_Organisator_Website.png","width":800,"height":77,"caption":"Organisator"},"image":{"@id":"https:\/\/www.organisator.ch\/#\/schema\/logo\/image\/"},"sameAs":["https:\/\/www.facebook.com\/OrganisatorFachmagazin","https:\/\/www.linkedin.com\/showcase\/organisator-das-magazin-fr-kmu","https:\/\/www.xing.com\/news\/pages\/organisator-ch-695","https:\/\/www.youtube.com\/channel\/UCGP2Sq0iWaZwT3BdIAQFYpw"]},{"@type":"Person","@id":"https:\/\/www.organisator.ch\/#\/schema\/person\/6f650f90b2842cd4c0cc334b4e36f67e","name":"thomas.berner","image":{"@type":"ImageObject","inLanguage":"en-US","@id":"https:\/\/secure.gravatar.com\/avatar\/ac5001d2a36cb6c6cd3e50789007ffca834b477b74a2144564522e944eabff61?s=96&d=mm&r=g","url":"https:\/\/secure.gravatar.com\/avatar\/ac5001d2a36cb6c6cd3e50789007ffca834b477b74a2144564522e944eabff61?s=96&d=mm&r=g","contentUrl":"https:\/\/secure.gravatar.com\/avatar\/ac5001d2a36cb6c6cd3e50789007ffca834b477b74a2144564522e944eabff61?s=96&d=mm&r=g","caption":"thomas.berner"},"url":"https:\/\/www.organisator.ch\/en\/author\/thomas-berner\/"}]}},"_links":{"self":[{"href":"https:\/\/www.organisator.ch\/en\/wp-json\/wp\/v2\/posts\/2295","targetHints":{"allow":["GET"]}}],"collection":[{"href":"https:\/\/www.organisator.ch\/en\/wp-json\/wp\/v2\/posts"}],"about":[{"href":"https:\/\/www.organisator.ch\/en\/wp-json\/wp\/v2\/types\/post"}],"author":[{"embeddable":true,"href":"https:\/\/www.organisator.ch\/en\/wp-json\/wp\/v2\/users\/4"}],"replies":[{"embeddable":true,"href":"https:\/\/www.organisator.ch\/en\/wp-json\/wp\/v2\/comments?post=2295"}],"version-history":[{"count":0,"href":"https:\/\/www.organisator.ch\/en\/wp-json\/wp\/v2\/posts\/2295\/revisions"}],"wp:featuredmedia":[{"embeddable":true,"href":"https:\/\/www.organisator.ch\/en\/wp-json\/wp\/v2\/media\/2296"}],"wp:attachment":[{"href":"https:\/\/www.organisator.ch\/en\/wp-json\/wp\/v2\/media?parent=2295"}],"wp:term":[{"taxonomy":"category","embeddable":true,"href":"https:\/\/www.organisator.ch\/en\/wp-json\/wp\/v2\/categories?post=2295"},{"taxonomy":"post_tag","embeddable":true,"href":"https:\/\/www.organisator.ch\/en\/wp-json\/wp\/v2\/tags?post=2295"}],"curies":[{"name":"wp","href":"https:\/\/api.w.org\/{rel}","templated":true}]}}