{"id":2298,"date":"2019-07-12T10:56:57","date_gmt":"2019-07-12T08:56:57","guid":{"rendered":"https:\/\/www.umweltperspektiven.ch\/?p=2298"},"modified":"2022-02-09T11:10:52","modified_gmt":"2022-02-09T10:10:52","slug":"forschung-belegt-entstehung-der-blitze","status":"publish","type":"post","link":"https:\/\/www.organisator.ch\/en\/sustainability\/2019-07-12\/forschung-belegt-entstehung-der-blitze\/","title":{"rendered":"Research on the origin of lightning"},"content":{"rendered":"<figure id=\"attachment_2299\" aria-describedby=\"caption-attachment-2299\" style=\"width: 680px\" class=\"wp-caption alignnone\"><img loading=\"lazy\" decoding=\"async\" class=\"size-medium wp-image-2299\" src=\"\/\/www.umweltperspektiven.ch\/wp-content\/uploads\/2019\/07\/enststehung_blitze_up-Umwelt-Perspektiven.jpg\" alt=\"\" width=\"680\" height=\"453\" \/><figcaption id=\"caption-attachment-2299\" class=\"wp-caption-text\">Thunderstorms occur regularly on hot and humid summer days. But scholars have puzzled over the origin of lightning for millennia. (Symbol image: Unsplash)<\/figcaption><\/figure>\n<p>In the so-called drop coalescence theory, it is assumed that lightning charges are formed by the dissociation of water under heat and solar radiation. The lighter hydrogen ions rise, the heavier hydroxide ions tend to sink down.<\/p>\n<p>As has recently been demonstrated, hydrogen ions do not react immediately with water molecules, but can travel much longer distances than in water by colliding with nitrogen and oxygen. Other ion pairs could theoretically also be considered, but could not be demonstrated in practice.<\/p>\n<p><strong>Different theories<\/strong><\/p>\n<p>The three so far prevailing theories of lightning formation do not only contradict themselves, but also fundamental physical laws.<\/p>\n<p>Thus, the theory of friction of ice grains as well as the theory of freezing water drops contradict the fact that thunderstorms occur more frequently on warm days than on cold ones. The theory of charge distribution in water droplets cannot explain greater charge separation without immediate discharge.<\/p>\n<p>A new theory for the formation of lightning in the atmosphere is presented. Water is preferentially dissociated at higher temperature.<\/p>\n<p>Due to their small mass, hydrogen ions rise into the upper troposphere. There they attach themselves to fine water droplets. The fine water droplets combine to form larger ones, which compresses the attached electrical charge.<\/p>\n<p>Finally, the charge density on the droplet surface is too large, so that the breakdown field strength<br \/>\nis exceeded in air. The lightning propagates by acceleration of the electrically charged particles in the electric field.<\/p>\n<p><strong>Drop coalescence theory ventured<\/strong><br \/>\nEven if the drop coalescence theory is daring, it stands up to closer scrutiny at least as well as the currently prevailing explanations. For it is certain that, for physical reasons, some things cannot be right with the theories that have been common up to now.<\/p>\n<p>Nothing is said about the romance of a refreshing summer thunderstorm. Enjoy lightning and thunder just like that or ponder the forces of nature!<\/p>\n<p><em>Information: Dr. Daniel S. Christen (Health-Safety-Environmental Protection)\u00a0 <\/em><a href=\"mailto:daniel.christen@eco-swiss.ch\"><em>daniel.christen@eco-swiss.ch<\/em><\/a><\/p>","protected":false},"excerpt":{"rendered":"<p>In der sogenannten Tropfen-Koaleszenz-Theorie wird angenommen, dass sich Blitz Ladungen durch die Dissoziation von Wasser bei W\u00e4rme und Sonnenstrahlung bilden. Die leichteren Wasserstoff-Ionen steigen auf, die schwereren Hydroxid-Ionen sinken tendenziell nach unten. Wie k\u00fcrzlich nachgewiesen wurde, reagieren Wasserstoff-Ionen nicht sofort mit Wassermolek\u00fclen, sondern k\u00f6nnen durch Zusammenst\u00f6sse mit Stickstoff und Sauerstoff weit gr\u00f6ssere Wegstrecken als in [&hellip;]<\/p>\n","protected":false},"author":5,"featured_media":2299,"comment_status":"open","ping_status":"open","sticky":false,"template":"","format":"standard","meta":{"_acf_changed":false,"_yoast_wpseo_focuskw":"Blitze","_yoast_wpseo_metadesc":"Blitze entstehen durch das Aufeinandertreffen feinster Wassertropfen, welche sich zu gr\u00f6sseren Regentropfen zusammenballen","articlekey":"","footnotes":""},"categories":[580],"tags":[856,218,1909,2299],"class_list":["post-2298","post","type-post","status-publish","format-standard","has-post-thumbnail","hentry","category-sustainability","tag-blitze","tag-forschung","tag-physik","tag-theorie"],"acf":[],"yoast_head":"<!-- This site is optimized with the Yoast SEO plugin v27.4 - https:\/\/yoast.com\/product\/yoast-seo-wordpress\/ -->\n<title>Forschung \u00fcber Entstehung der Blitze - Organisator<\/title>\n<meta name=\"description\" content=\"Blitze entstehen durch das Aufeinandertreffen feinster Wassertropfen, welche sich zu gr\u00f6sseren Regentropfen zusammenballen\" \/>\n<meta name=\"robots\" content=\"index, follow, max-snippet:-1, max-image-preview:large, max-video-preview:-1\" \/>\n<link rel=\"canonical\" href=\"https:\/\/www.organisator.ch\/en\/sustainability\/2019-07-12\/forschung-belegt-entstehung-der-blitze\/\" \/>\n<meta property=\"og:locale\" content=\"en_US\" \/>\n<meta property=\"og:type\" content=\"article\" \/>\n<meta property=\"og:title\" content=\"Forschung \u00fcber Entstehung der Blitze - Organisator\" \/>\n<meta property=\"og:description\" content=\"Blitze entstehen durch das Aufeinandertreffen feinster Wassertropfen, welche sich zu gr\u00f6sseren Regentropfen zusammenballen\" \/>\n<meta property=\"og:url\" content=\"https:\/\/www.organisator.ch\/en\/sustainability\/2019-07-12\/forschung-belegt-entstehung-der-blitze\/\" \/>\n<meta property=\"og:site_name\" content=\"Organisator\" \/>\n<meta property=\"article:publisher\" content=\"https:\/\/www.facebook.com\/OrganisatorFachmagazin\" \/>\n<meta property=\"article:published_time\" content=\"2019-07-12T08:56:57+00:00\" \/>\n<meta property=\"article:modified_time\" content=\"2022-02-09T10:10:52+00:00\" \/>\n<meta property=\"og:image\" content=\"https:\/\/www.organisator.ch\/wp-content\/uploads\/2019\/07\/enststehung_blitze_up-Umwelt-Perspektiven-scaled.jpg\" \/>\n\t<meta property=\"og:image:width\" content=\"2560\" \/>\n\t<meta property=\"og:image:height\" content=\"1707\" \/>\n\t<meta property=\"og:image:type\" content=\"image\/jpeg\" \/>\n<meta name=\"author\" content=\"michael.merz\" \/>\n<meta name=\"twitter:card\" content=\"summary_large_image\" \/>\n<script type=\"application\/ld+json\" class=\"yoast-schema-graph\">{\"@context\":\"https:\\\/\\\/schema.org\",\"@graph\":[{\"@type\":\"Article\",\"@id\":\"https:\\\/\\\/www.organisator.ch\\\/sustainability\\\/2019-07-12\\\/forschung-belegt-entstehung-der-blitze\\\/#article\",\"isPartOf\":{\"@id\":\"https:\\\/\\\/www.organisator.ch\\\/sustainability\\\/2019-07-12\\\/forschung-belegt-entstehung-der-blitze\\\/\"},\"author\":{\"name\":\"michael.merz\",\"@id\":\"https:\\\/\\\/www.organisator.ch\\\/#\\\/schema\\\/person\\\/134708ca9321c57b0362cceb7948ffbd\"},\"headline\":\"Forschung \u00fcber Entstehung der Blitze\",\"datePublished\":\"2019-07-12T08:56:57+00:00\",\"dateModified\":\"2022-02-09T10:10:52+00:00\",\"mainEntityOfPage\":{\"@id\":\"https:\\\/\\\/www.organisator.ch\\\/sustainability\\\/2019-07-12\\\/forschung-belegt-entstehung-der-blitze\\\/\"},\"wordCount\":348,\"commentCount\":0,\"publisher\":{\"@id\":\"https:\\\/\\\/www.organisator.ch\\\/#organization\"},\"image\":{\"@id\":\"https:\\\/\\\/www.organisator.ch\\\/sustainability\\\/2019-07-12\\\/forschung-belegt-entstehung-der-blitze\\\/#primaryimage\"},\"thumbnailUrl\":\"https:\\\/\\\/www.organisator.ch\\\/wp-content\\\/uploads\\\/2019\\\/07\\\/enststehung_blitze_up-Umwelt-Perspektiven-scaled.jpg\",\"keywords\":[\"Blitze\",\"Forschung\",\"Physik\",\"Theorie\"],\"articleSection\":[\"SUSTAINABILITY\"],\"inLanguage\":\"en-US\"},{\"@type\":\"WebPage\",\"@id\":\"https:\\\/\\\/www.organisator.ch\\\/sustainability\\\/2019-07-12\\\/forschung-belegt-entstehung-der-blitze\\\/\",\"url\":\"https:\\\/\\\/www.organisator.ch\\\/sustainability\\\/2019-07-12\\\/forschung-belegt-entstehung-der-blitze\\\/\",\"name\":\"Forschung \u00fcber Entstehung der Blitze - Organisator\",\"isPartOf\":{\"@id\":\"https:\\\/\\\/www.organisator.ch\\\/#website\"},\"primaryImageOfPage\":{\"@id\":\"https:\\\/\\\/www.organisator.ch\\\/sustainability\\\/2019-07-12\\\/forschung-belegt-entstehung-der-blitze\\\/#primaryimage\"},\"image\":{\"@id\":\"https:\\\/\\\/www.organisator.ch\\\/sustainability\\\/2019-07-12\\\/forschung-belegt-entstehung-der-blitze\\\/#primaryimage\"},\"thumbnailUrl\":\"https:\\\/\\\/www.organisator.ch\\\/wp-content\\\/uploads\\\/2019\\\/07\\\/enststehung_blitze_up-Umwelt-Perspektiven-scaled.jpg\",\"datePublished\":\"2019-07-12T08:56:57+00:00\",\"dateModified\":\"2022-02-09T10:10:52+00:00\",\"description\":\"Blitze entstehen durch das Aufeinandertreffen feinster Wassertropfen, welche sich zu gr\u00f6sseren Regentropfen zusammenballen\",\"breadcrumb\":{\"@id\":\"https:\\\/\\\/www.organisator.ch\\\/sustainability\\\/2019-07-12\\\/forschung-belegt-entstehung-der-blitze\\\/#breadcrumb\"},\"inLanguage\":\"en-US\",\"potentialAction\":[{\"@type\":\"ReadAction\",\"target\":[\"https:\\\/\\\/www.organisator.ch\\\/sustainability\\\/2019-07-12\\\/forschung-belegt-entstehung-der-blitze\\\/\"]}]},{\"@type\":\"ImageObject\",\"inLanguage\":\"en-US\",\"@id\":\"https:\\\/\\\/www.organisator.ch\\\/sustainability\\\/2019-07-12\\\/forschung-belegt-entstehung-der-blitze\\\/#primaryimage\",\"url\":\"https:\\\/\\\/www.organisator.ch\\\/wp-content\\\/uploads\\\/2019\\\/07\\\/enststehung_blitze_up-Umwelt-Perspektiven-scaled.jpg\",\"contentUrl\":\"https:\\\/\\\/www.organisator.ch\\\/wp-content\\\/uploads\\\/2019\\\/07\\\/enststehung_blitze_up-Umwelt-Perspektiven-scaled.jpg\",\"width\":2560,\"height\":1707,\"caption\":\"An schw\u00fcl-heissen Sommertagen treten regelm\u00e4ssig Gewitter auf. Doch \u00fcber die Entstehung der Blitze r\u00e4tseln Gelehrte seit Jahrtausenden. (Symbolbild: Unsplash)\"},{\"@type\":\"BreadcrumbList\",\"@id\":\"https:\\\/\\\/www.organisator.ch\\\/sustainability\\\/2019-07-12\\\/forschung-belegt-entstehung-der-blitze\\\/#breadcrumb\",\"itemListElement\":[{\"@type\":\"ListItem\",\"position\":1,\"name\":\"Home\",\"item\":\"https:\\\/\\\/www.organisator.ch\\\/\"},{\"@type\":\"ListItem\",\"position\":2,\"name\":\"Forschung \u00fcber Entstehung der Blitze\"}]},{\"@type\":\"WebSite\",\"@id\":\"https:\\\/\\\/www.organisator.ch\\\/#website\",\"url\":\"https:\\\/\\\/www.organisator.ch\\\/\",\"name\":\"Organisator\",\"description\":\"Kompetent. Praxisnah. Der ORGANISATOR bereitet in 10 Ausgaben pro Jahr die wesentlichen Themen f\u00fcr F\u00fchrungskr\u00e4fte von KMU auf.\",\"publisher\":{\"@id\":\"https:\\\/\\\/www.organisator.ch\\\/#organization\"},\"potentialAction\":[{\"@type\":\"SearchAction\",\"target\":{\"@type\":\"EntryPoint\",\"urlTemplate\":\"https:\\\/\\\/www.organisator.ch\\\/?s={search_term_string}\"},\"query-input\":{\"@type\":\"PropertyValueSpecification\",\"valueRequired\":true,\"valueName\":\"search_term_string\"}}],\"inLanguage\":\"en-US\"},{\"@type\":\"Organization\",\"@id\":\"https:\\\/\\\/www.organisator.ch\\\/#organization\",\"name\":\"Organisator\",\"url\":\"https:\\\/\\\/www.organisator.ch\\\/\",\"logo\":{\"@type\":\"ImageObject\",\"inLanguage\":\"en-US\",\"@id\":\"https:\\\/\\\/www.organisator.ch\\\/#\\\/schema\\\/logo\\\/image\\\/\",\"url\":\"https:\\\/\\\/www.organisator.ch\\\/wp-content\\\/uploads\\\/2022\\\/01\\\/Logo_Organisator_Website.png\",\"contentUrl\":\"https:\\\/\\\/www.organisator.ch\\\/wp-content\\\/uploads\\\/2022\\\/01\\\/Logo_Organisator_Website.png\",\"width\":800,\"height\":77,\"caption\":\"Organisator\"},\"image\":{\"@id\":\"https:\\\/\\\/www.organisator.ch\\\/#\\\/schema\\\/logo\\\/image\\\/\"},\"sameAs\":[\"https:\\\/\\\/www.facebook.com\\\/OrganisatorFachmagazin\",\"https:\\\/\\\/www.linkedin.com\\\/showcase\\\/organisator-das-magazin-fr-kmu\",\"https:\\\/\\\/www.xing.com\\\/news\\\/pages\\\/organisator-ch-695\",\"https:\\\/\\\/www.youtube.com\\\/channel\\\/UCGP2Sq0iWaZwT3BdIAQFYpw\"]},{\"@type\":\"Person\",\"@id\":\"https:\\\/\\\/www.organisator.ch\\\/#\\\/schema\\\/person\\\/134708ca9321c57b0362cceb7948ffbd\",\"name\":\"michael.merz\",\"image\":{\"@type\":\"ImageObject\",\"inLanguage\":\"en-US\",\"@id\":\"https:\\\/\\\/secure.gravatar.com\\\/avatar\\\/?s=96&d=mm&r=g\",\"url\":\"https:\\\/\\\/secure.gravatar.com\\\/avatar\\\/?s=96&d=mm&r=g\",\"contentUrl\":\"https:\\\/\\\/secure.gravatar.com\\\/avatar\\\/?s=96&d=mm&r=g\",\"caption\":\"michael.merz\"},\"url\":\"https:\\\/\\\/www.organisator.ch\\\/en\\\/author\\\/michael-merz\\\/\"}]}<\/script>\n<!-- \/ Yoast SEO plugin. -->","yoast_head_json":{"title":"Research on emergence of lightning - organizer","description":"Lightning is caused by the collision of very fine water droplets, which cluster together to form larger raindrops.","robots":{"index":"index","follow":"follow","max-snippet":"max-snippet:-1","max-image-preview":"max-image-preview:large","max-video-preview":"max-video-preview:-1"},"canonical":"https:\/\/www.organisator.ch\/en\/sustainability\/2019-07-12\/forschung-belegt-entstehung-der-blitze\/","og_locale":"en_US","og_type":"article","og_title":"Forschung \u00fcber Entstehung der Blitze - Organisator","og_description":"Blitze entstehen durch das Aufeinandertreffen feinster Wassertropfen, welche sich zu gr\u00f6sseren Regentropfen zusammenballen","og_url":"https:\/\/www.organisator.ch\/en\/sustainability\/2019-07-12\/forschung-belegt-entstehung-der-blitze\/","og_site_name":"Organisator","article_publisher":"https:\/\/www.facebook.com\/OrganisatorFachmagazin","article_published_time":"2019-07-12T08:56:57+00:00","article_modified_time":"2022-02-09T10:10:52+00:00","og_image":[{"width":2560,"height":1707,"url":"https:\/\/www.organisator.ch\/wp-content\/uploads\/2019\/07\/enststehung_blitze_up-Umwelt-Perspektiven-scaled.jpg","type":"image\/jpeg"}],"author":"michael.merz","twitter_card":"summary_large_image","schema":{"@context":"https:\/\/schema.org","@graph":[{"@type":"Article","@id":"https:\/\/www.organisator.ch\/sustainability\/2019-07-12\/forschung-belegt-entstehung-der-blitze\/#article","isPartOf":{"@id":"https:\/\/www.organisator.ch\/sustainability\/2019-07-12\/forschung-belegt-entstehung-der-blitze\/"},"author":{"name":"michael.merz","@id":"https:\/\/www.organisator.ch\/#\/schema\/person\/134708ca9321c57b0362cceb7948ffbd"},"headline":"Forschung \u00fcber Entstehung der Blitze","datePublished":"2019-07-12T08:56:57+00:00","dateModified":"2022-02-09T10:10:52+00:00","mainEntityOfPage":{"@id":"https:\/\/www.organisator.ch\/sustainability\/2019-07-12\/forschung-belegt-entstehung-der-blitze\/"},"wordCount":348,"commentCount":0,"publisher":{"@id":"https:\/\/www.organisator.ch\/#organization"},"image":{"@id":"https:\/\/www.organisator.ch\/sustainability\/2019-07-12\/forschung-belegt-entstehung-der-blitze\/#primaryimage"},"thumbnailUrl":"https:\/\/www.organisator.ch\/wp-content\/uploads\/2019\/07\/enststehung_blitze_up-Umwelt-Perspektiven-scaled.jpg","keywords":["Blitze","Forschung","Physik","Theorie"],"articleSection":["SUSTAINABILITY"],"inLanguage":"en-US"},{"@type":"WebPage","@id":"https:\/\/www.organisator.ch\/sustainability\/2019-07-12\/forschung-belegt-entstehung-der-blitze\/","url":"https:\/\/www.organisator.ch\/sustainability\/2019-07-12\/forschung-belegt-entstehung-der-blitze\/","name":"Research on emergence of lightning - organizer","isPartOf":{"@id":"https:\/\/www.organisator.ch\/#website"},"primaryImageOfPage":{"@id":"https:\/\/www.organisator.ch\/sustainability\/2019-07-12\/forschung-belegt-entstehung-der-blitze\/#primaryimage"},"image":{"@id":"https:\/\/www.organisator.ch\/sustainability\/2019-07-12\/forschung-belegt-entstehung-der-blitze\/#primaryimage"},"thumbnailUrl":"https:\/\/www.organisator.ch\/wp-content\/uploads\/2019\/07\/enststehung_blitze_up-Umwelt-Perspektiven-scaled.jpg","datePublished":"2019-07-12T08:56:57+00:00","dateModified":"2022-02-09T10:10:52+00:00","description":"Lightning is caused by the collision of very fine water droplets, which cluster together to form larger raindrops.","breadcrumb":{"@id":"https:\/\/www.organisator.ch\/sustainability\/2019-07-12\/forschung-belegt-entstehung-der-blitze\/#breadcrumb"},"inLanguage":"en-US","potentialAction":[{"@type":"ReadAction","target":["https:\/\/www.organisator.ch\/sustainability\/2019-07-12\/forschung-belegt-entstehung-der-blitze\/"]}]},{"@type":"ImageObject","inLanguage":"en-US","@id":"https:\/\/www.organisator.ch\/sustainability\/2019-07-12\/forschung-belegt-entstehung-der-blitze\/#primaryimage","url":"https:\/\/www.organisator.ch\/wp-content\/uploads\/2019\/07\/enststehung_blitze_up-Umwelt-Perspektiven-scaled.jpg","contentUrl":"https:\/\/www.organisator.ch\/wp-content\/uploads\/2019\/07\/enststehung_blitze_up-Umwelt-Perspektiven-scaled.jpg","width":2560,"height":1707,"caption":"An schw\u00fcl-heissen Sommertagen treten regelm\u00e4ssig Gewitter auf. Doch \u00fcber die Entstehung der Blitze r\u00e4tseln Gelehrte seit Jahrtausenden. (Symbolbild: Unsplash)"},{"@type":"BreadcrumbList","@id":"https:\/\/www.organisator.ch\/sustainability\/2019-07-12\/forschung-belegt-entstehung-der-blitze\/#breadcrumb","itemListElement":[{"@type":"ListItem","position":1,"name":"Home","item":"https:\/\/www.organisator.ch\/"},{"@type":"ListItem","position":2,"name":"Forschung \u00fcber Entstehung der Blitze"}]},{"@type":"WebSite","@id":"https:\/\/www.organisator.ch\/#website","url":"https:\/\/www.organisator.ch\/","name":"Organizer","description":"Competent. Practical. In 10 issues per year, ORGANISATOR presents the essential topics for managers of SMEs.","publisher":{"@id":"https:\/\/www.organisator.ch\/#organization"},"potentialAction":[{"@type":"SearchAction","target":{"@type":"EntryPoint","urlTemplate":"https:\/\/www.organisator.ch\/?s={search_term_string}"},"query-input":{"@type":"PropertyValueSpecification","valueRequired":true,"valueName":"search_term_string"}}],"inLanguage":"en-US"},{"@type":"Organization","@id":"https:\/\/www.organisator.ch\/#organization","name":"Organizer","url":"https:\/\/www.organisator.ch\/","logo":{"@type":"ImageObject","inLanguage":"en-US","@id":"https:\/\/www.organisator.ch\/#\/schema\/logo\/image\/","url":"https:\/\/www.organisator.ch\/wp-content\/uploads\/2022\/01\/Logo_Organisator_Website.png","contentUrl":"https:\/\/www.organisator.ch\/wp-content\/uploads\/2022\/01\/Logo_Organisator_Website.png","width":800,"height":77,"caption":"Organisator"},"image":{"@id":"https:\/\/www.organisator.ch\/#\/schema\/logo\/image\/"},"sameAs":["https:\/\/www.facebook.com\/OrganisatorFachmagazin","https:\/\/www.linkedin.com\/showcase\/organisator-das-magazin-fr-kmu","https:\/\/www.xing.com\/news\/pages\/organisator-ch-695","https:\/\/www.youtube.com\/channel\/UCGP2Sq0iWaZwT3BdIAQFYpw"]},{"@type":"Person","@id":"https:\/\/www.organisator.ch\/#\/schema\/person\/134708ca9321c57b0362cceb7948ffbd","name":"michael.merz","image":{"@type":"ImageObject","inLanguage":"en-US","@id":"https:\/\/secure.gravatar.com\/avatar\/?s=96&d=mm&r=g","url":"https:\/\/secure.gravatar.com\/avatar\/?s=96&d=mm&r=g","contentUrl":"https:\/\/secure.gravatar.com\/avatar\/?s=96&d=mm&r=g","caption":"michael.merz"},"url":"https:\/\/www.organisator.ch\/en\/author\/michael-merz\/"}]}},"_links":{"self":[{"href":"https:\/\/www.organisator.ch\/en\/wp-json\/wp\/v2\/posts\/2298","targetHints":{"allow":["GET"]}}],"collection":[{"href":"https:\/\/www.organisator.ch\/en\/wp-json\/wp\/v2\/posts"}],"about":[{"href":"https:\/\/www.organisator.ch\/en\/wp-json\/wp\/v2\/types\/post"}],"author":[{"embeddable":true,"href":"https:\/\/www.organisator.ch\/en\/wp-json\/wp\/v2\/users\/5"}],"replies":[{"embeddable":true,"href":"https:\/\/www.organisator.ch\/en\/wp-json\/wp\/v2\/comments?post=2298"}],"version-history":[{"count":1,"href":"https:\/\/www.organisator.ch\/en\/wp-json\/wp\/v2\/posts\/2298\/revisions"}],"predecessor-version":[{"id":11017,"href":"https:\/\/www.organisator.ch\/en\/wp-json\/wp\/v2\/posts\/2298\/revisions\/11017"}],"wp:featuredmedia":[{"embeddable":true,"href":"https:\/\/www.organisator.ch\/en\/wp-json\/wp\/v2\/media\/2299"}],"wp:attachment":[{"href":"https:\/\/www.organisator.ch\/en\/wp-json\/wp\/v2\/media?parent=2298"}],"wp:term":[{"taxonomy":"category","embeddable":true,"href":"https:\/\/www.organisator.ch\/en\/wp-json\/wp\/v2\/categories?post=2298"},{"taxonomy":"post_tag","embeddable":true,"href":"https:\/\/www.organisator.ch\/en\/wp-json\/wp\/v2\/tags?post=2298"}],"curies":[{"name":"wp","href":"https:\/\/api.w.org\/{rel}","templated":true}]}}