{"id":22997,"date":"2023-11-07T11:22:38","date_gmt":"2023-11-07T10:22:38","guid":{"rendered":"https:\/\/www.organisator.ch\/?p=22997"},"modified":"2023-11-07T09:53:12","modified_gmt":"2023-11-07T08:53:12","slug":"berufsmesse-zuerich-zukunftsberufe-auf-der-ueberholspur","status":"publish","type":"post","link":"https:\/\/www.organisator.ch\/en\/weiterbildung\/2023-11-07\/berufsmesse-zuerich-zukunftsberufe-auf-der-ueberholspur\/","title":{"rendered":"Zurich careers fair: professions of the future in the fast lane"},"content":{"rendered":"<figure id=\"attachment_22999\" aria-describedby=\"caption-attachment-22999\" style=\"width: 680px\" class=\"wp-caption alignnone\"><img loading=\"lazy\" decoding=\"async\" class=\"size-full wp-image-22999\" src=\"https:\/\/www.organisator.ch\/wp-content\/uploads\/2023\/11\/An-der-Berufsmesse-Z-MCH-Group-AG_Bild1_ps-.jpg\" alt=\"\" width=\"680\" height=\"453\" srcset=\"https:\/\/www.organisator.ch\/wp-content\/uploads\/2023\/11\/An-der-Berufsmesse-Z-MCH-Group-AG_Bild1_ps-.jpg 680w, https:\/\/www.organisator.ch\/wp-content\/uploads\/2023\/11\/An-der-Berufsmesse-Z-MCH-Group-AG_Bild1_ps--18x12.jpg 18w, https:\/\/www.organisator.ch\/wp-content\/uploads\/2023\/11\/An-der-Berufsmesse-Z-MCH-Group-AG_Bild1_ps--375x250.jpg 375w, https:\/\/www.organisator.ch\/wp-content\/uploads\/2023\/11\/An-der-Berufsmesse-Z-MCH-Group-AG_Bild1_ps--525x350.jpg 525w\" sizes=\"auto, (max-width: 680px) 100vw, 680px\" \/><figcaption id=\"caption-attachment-22999\" class=\"wp-caption-text\">Young people can try out professions for themselves at the Zurich careers fair. (Image: www.berufsmessezuerich.ch &amp; MCH Group AG)<\/figcaption><\/figure>\n<p>From solar installer to diet chef to digital business developer - the choice of apprenticeships is huge. The Zurich careers fair is an opportunity for all young people looking for an apprenticeship to find out about their many options in an interactive environment.<\/p>\n<h3><strong>Practical tips for the career choice process<\/strong><\/h3>\n<p>How do I impress at a job interview? What are the benefits of a vocational baccalaureate and why does gender make no difference to the profession? The Zurich careers fair provides helpful answers to precisely these questions at the short events in the forum. In the application campus, young people can have their own application documents checked, take a professional photo or talk to current apprentices about the career search process.<\/p>\n<h3><strong>A profession with a future<\/strong><\/h3>\n<p>\"Our working world is constantly changing. Increasing automation and networking require new skills from today's professionals. Basic vocational training must be designed in such a way that young people are taught these new skills,\" says Thomas Hess, Managing Director of the SME and Trade Association of the Canton of Zurich (KGV). The current example is the new vocational apprenticeship Developer:in digital business EFZ developed by ICT-Berufsbildung Schweiz in collaboration with various stakeholders, which started for the first time in August 2023. Apprentices support companies in their digital development. They work at the interface between people, business and technology and are involved in various digitalization projects, for example evaluating digital trends and analyzing data.<\/p>\n<h3><strong>Sustainability as a career path<\/strong><\/h3>\n<p>The three-year apprenticeship as a solar installer EFZ and the two-year apprenticeship as a solar technician EBA are also new and will be offered for the first time in the 2024\/2025 school year. Around 150 companies offer apprenticeships for the next generation of solar installers. Solar installers have a varied outdoor profession in which they make a major contribution to the energy transition.<\/p>\n<p>Another important key position in the sustainable circular economy system is the job of an apprentice recyclist. This job is not just about collecting and sorting waste, but also about expanding the understanding of resources and actively participating in protecting the environment.<\/p>\n<p><em>Source: <a href=\"https:\/\/www.berufsmessezuerich.ch\/de\">www.berufmessezuerich.ch\u00a0<\/a><\/em><\/p>","protected":false},"excerpt":{"rendered":"<p>From November 21 to 25, 2023, Berufsmesse Z\u00fcrich will offer young people an insight into the world of vocational training. With over 500 apprenticeships, basic and advanced training courses, the Zurich trade fair will be an unmissable event for anyone who wants to actively shape their professional future. New apprenticeships in the fields of digitalization and solar energy will also be presented. Berufsmesse Z\u00fcrich is organized by the SME and Trade Association of the Canton of Zurich and MCH Messe Z\u00fcrich.<\/p>","protected":false},"author":58,"featured_media":22999,"comment_status":"closed","ping_status":"closed","sticky":false,"template":"","format":"standard","meta":{"_acf_changed":false,"_yoast_wpseo_focuskw":"Berufsmesse","_yoast_wpseo_metadesc":"Vom 21. bis zum 25. November 2023 bietet die Berufsmesse Z\u00fcrich Jugendlichen einen Einblick in die Welt der Berufsausbildung.","articlekey":"","footnotes":""},"categories":[30],"tags":[62,3999,424,502],"class_list":["post-22997","post","type-post","status-publish","format-standard","has-post-thumbnail","hentry","category-weiterbildung","tag-aus-weiterbildung","tag-berufsmesse","tag-schweiz","tag-veranstaltungen"],"acf":[],"yoast_head":"<!-- This site is optimized with the Yoast SEO plugin v27.5 - https:\/\/yoast.com\/product\/yoast-seo-wordpress\/ -->\n<title>Berufsmesse Z\u00fcrich: Zukunftsberufe auf der \u00dcberholspur - Organisator<\/title>\n<meta name=\"description\" content=\"Vom 21. bis zum 25. November 2023 bietet die Berufsmesse Z\u00fcrich Jugendlichen einen Einblick in die Welt der Berufsausbildung.\" \/>\n<meta name=\"robots\" content=\"index, follow, max-snippet:-1, max-image-preview:large, max-video-preview:-1\" \/>\n<link rel=\"canonical\" href=\"https:\/\/www.organisator.ch\/en\/further-education\/2023-11-07\/berufsmesse-zuerich-zukunftsberufe-auf-der-ueberholspur\/\" \/>\n<meta property=\"og:locale\" content=\"en_US\" \/>\n<meta property=\"og:type\" content=\"article\" \/>\n<meta property=\"og:title\" content=\"Berufsmesse Z\u00fcrich: Zukunftsberufe auf der \u00dcberholspur\" \/>\n<meta property=\"og:description\" content=\"Vom 21. bis zum 25. November 2023 bietet die Berufsmesse Z\u00fcrich Jugendlichen einen Einblick in die Welt der Berufsausbildung.\" \/>\n<meta property=\"og:url\" content=\"https:\/\/www.organisator.ch\/en\/further-education\/2023-11-07\/berufsmesse-zuerich-zukunftsberufe-auf-der-ueberholspur\/\" \/>\n<meta property=\"og:site_name\" content=\"Organisator\" \/>\n<meta property=\"article:publisher\" content=\"https:\/\/www.facebook.com\/OrganisatorFachmagazin\" \/>\n<meta property=\"article:published_time\" content=\"2023-11-07T10:22:38+00:00\" \/>\n<meta property=\"og:image\" content=\"https:\/\/www.organisator.ch\/wp-content\/uploads\/2023\/11\/An-der-Berufsmesse-Z-MCH-Group-AG_Bild1_ps-.jpg\" \/>\n\t<meta property=\"og:image:width\" content=\"680\" \/>\n\t<meta property=\"og:image:height\" content=\"453\" \/>\n\t<meta property=\"og:image:type\" content=\"image\/jpeg\" \/>\n<meta name=\"author\" content=\"Adelisa Kalajdzini\" \/>\n<meta name=\"twitter:card\" content=\"summary_large_image\" \/>\n<meta name=\"twitter:title\" content=\"Berufsmesse Z\u00fcrich: Zukunftsberufe auf der \u00dcberholspur\" \/>\n<meta name=\"twitter:description\" content=\"Vom 21. bis zum 25. November 2023 bietet die #Berufsmesse Z\u00fcrich #Jugendlichen einen Einblick in die Welt der #Berufsausbildung.\" \/>\n<meta name=\"twitter:image\" content=\"https:\/\/www.organisator.ch\/wp-content\/uploads\/2023\/11\/An-der-Berufsmesse-Z-MCH-Group-AG_Bild1_ps-.jpg\" \/>\n<script type=\"application\/ld+json\" class=\"yoast-schema-graph\">{\"@context\":\"https:\\\/\\\/schema.org\",\"@graph\":[{\"@type\":\"Article\",\"@id\":\"https:\\\/\\\/www.organisator.ch\\\/weiterbildung\\\/2023-11-07\\\/berufsmesse-zuerich-zukunftsberufe-auf-der-ueberholspur\\\/#article\",\"isPartOf\":{\"@id\":\"https:\\\/\\\/www.organisator.ch\\\/weiterbildung\\\/2023-11-07\\\/berufsmesse-zuerich-zukunftsberufe-auf-der-ueberholspur\\\/\"},\"author\":{\"name\":\"Adelisa Kalajdzini\",\"@id\":\"https:\\\/\\\/www.organisator.ch\\\/#\\\/schema\\\/person\\\/2e1314a2172123f874db408d8911d3f3\"},\"headline\":\"Berufsmesse Z\u00fcrich: Zukunftsberufe auf der \u00dcberholspur\",\"datePublished\":\"2023-11-07T10:22:38+00:00\",\"mainEntityOfPage\":{\"@id\":\"https:\\\/\\\/www.organisator.ch\\\/weiterbildung\\\/2023-11-07\\\/berufsmesse-zuerich-zukunftsberufe-auf-der-ueberholspur\\\/\"},\"wordCount\":376,\"publisher\":{\"@id\":\"https:\\\/\\\/www.organisator.ch\\\/#organization\"},\"image\":{\"@id\":\"https:\\\/\\\/www.organisator.ch\\\/weiterbildung\\\/2023-11-07\\\/berufsmesse-zuerich-zukunftsberufe-auf-der-ueberholspur\\\/#primaryimage\"},\"thumbnailUrl\":\"https:\\\/\\\/www.organisator.ch\\\/wp-content\\\/uploads\\\/2023\\\/11\\\/An-der-Berufsmesse-Z-MCH-Group-AG_Bild1_ps-.jpg\",\"keywords\":[\"Aus-\\\/Weiterbildung\",\"Berufsmesse\",\"Schweiz\",\"Veranstaltungen\"],\"articleSection\":[\"WEITERBILDUNG\"],\"inLanguage\":\"en-US\"},{\"@type\":\"WebPage\",\"@id\":\"https:\\\/\\\/www.organisator.ch\\\/weiterbildung\\\/2023-11-07\\\/berufsmesse-zuerich-zukunftsberufe-auf-der-ueberholspur\\\/\",\"url\":\"https:\\\/\\\/www.organisator.ch\\\/weiterbildung\\\/2023-11-07\\\/berufsmesse-zuerich-zukunftsberufe-auf-der-ueberholspur\\\/\",\"name\":\"Berufsmesse Z\u00fcrich: Zukunftsberufe auf der \u00dcberholspur - Organisator\",\"isPartOf\":{\"@id\":\"https:\\\/\\\/www.organisator.ch\\\/#website\"},\"primaryImageOfPage\":{\"@id\":\"https:\\\/\\\/www.organisator.ch\\\/weiterbildung\\\/2023-11-07\\\/berufsmesse-zuerich-zukunftsberufe-auf-der-ueberholspur\\\/#primaryimage\"},\"image\":{\"@id\":\"https:\\\/\\\/www.organisator.ch\\\/weiterbildung\\\/2023-11-07\\\/berufsmesse-zuerich-zukunftsberufe-auf-der-ueberholspur\\\/#primaryimage\"},\"thumbnailUrl\":\"https:\\\/\\\/www.organisator.ch\\\/wp-content\\\/uploads\\\/2023\\\/11\\\/An-der-Berufsmesse-Z-MCH-Group-AG_Bild1_ps-.jpg\",\"datePublished\":\"2023-11-07T10:22:38+00:00\",\"description\":\"Vom 21. bis zum 25. November 2023 bietet die Berufsmesse Z\u00fcrich Jugendlichen einen Einblick in die Welt der Berufsausbildung.\",\"breadcrumb\":{\"@id\":\"https:\\\/\\\/www.organisator.ch\\\/weiterbildung\\\/2023-11-07\\\/berufsmesse-zuerich-zukunftsberufe-auf-der-ueberholspur\\\/#breadcrumb\"},\"inLanguage\":\"en-US\",\"potentialAction\":[{\"@type\":\"ReadAction\",\"target\":[\"https:\\\/\\\/www.organisator.ch\\\/weiterbildung\\\/2023-11-07\\\/berufsmesse-zuerich-zukunftsberufe-auf-der-ueberholspur\\\/\"]}]},{\"@type\":\"ImageObject\",\"inLanguage\":\"en-US\",\"@id\":\"https:\\\/\\\/www.organisator.ch\\\/weiterbildung\\\/2023-11-07\\\/berufsmesse-zuerich-zukunftsberufe-auf-der-ueberholspur\\\/#primaryimage\",\"url\":\"https:\\\/\\\/www.organisator.ch\\\/wp-content\\\/uploads\\\/2023\\\/11\\\/An-der-Berufsmesse-Z-MCH-Group-AG_Bild1_ps-.jpg\",\"contentUrl\":\"https:\\\/\\\/www.organisator.ch\\\/wp-content\\\/uploads\\\/2023\\\/11\\\/An-der-Berufsmesse-Z-MCH-Group-AG_Bild1_ps-.jpg\",\"width\":680,\"height\":453,\"caption\":\"An der Berufsmesse Z\u00fcrich k\u00f6nnen Jugendliche Berufe gleich selbst ausprobieren. (Bild: www.berufsmessezuerich.ch & MCH Group AG)\"},{\"@type\":\"BreadcrumbList\",\"@id\":\"https:\\\/\\\/www.organisator.ch\\\/weiterbildung\\\/2023-11-07\\\/berufsmesse-zuerich-zukunftsberufe-auf-der-ueberholspur\\\/#breadcrumb\",\"itemListElement\":[{\"@type\":\"ListItem\",\"position\":1,\"name\":\"Home\",\"item\":\"https:\\\/\\\/www.organisator.ch\\\/\"},{\"@type\":\"ListItem\",\"position\":2,\"name\":\"Berufsmesse Z\u00fcrich: Zukunftsberufe auf der \u00dcberholspur\"}]},{\"@type\":\"WebSite\",\"@id\":\"https:\\\/\\\/www.organisator.ch\\\/#website\",\"url\":\"https:\\\/\\\/www.organisator.ch\\\/\",\"name\":\"Organisator\",\"description\":\"Kompetent. Praxisnah. Der ORGANISATOR bereitet in 10 Ausgaben pro Jahr die wesentlichen Themen f\u00fcr F\u00fchrungskr\u00e4fte von KMU auf.\",\"publisher\":{\"@id\":\"https:\\\/\\\/www.organisator.ch\\\/#organization\"},\"potentialAction\":[{\"@type\":\"SearchAction\",\"target\":{\"@type\":\"EntryPoint\",\"urlTemplate\":\"https:\\\/\\\/www.organisator.ch\\\/?s={search_term_string}\"},\"query-input\":{\"@type\":\"PropertyValueSpecification\",\"valueRequired\":true,\"valueName\":\"search_term_string\"}}],\"inLanguage\":\"en-US\"},{\"@type\":\"Organization\",\"@id\":\"https:\\\/\\\/www.organisator.ch\\\/#organization\",\"name\":\"Organisator\",\"url\":\"https:\\\/\\\/www.organisator.ch\\\/\",\"logo\":{\"@type\":\"ImageObject\",\"inLanguage\":\"en-US\",\"@id\":\"https:\\\/\\\/www.organisator.ch\\\/#\\\/schema\\\/logo\\\/image\\\/\",\"url\":\"https:\\\/\\\/www.organisator.ch\\\/wp-content\\\/uploads\\\/2022\\\/01\\\/Logo_Organisator_Website.png\",\"contentUrl\":\"https:\\\/\\\/www.organisator.ch\\\/wp-content\\\/uploads\\\/2022\\\/01\\\/Logo_Organisator_Website.png\",\"width\":800,\"height\":77,\"caption\":\"Organisator\"},\"image\":{\"@id\":\"https:\\\/\\\/www.organisator.ch\\\/#\\\/schema\\\/logo\\\/image\\\/\"},\"sameAs\":[\"https:\\\/\\\/www.facebook.com\\\/OrganisatorFachmagazin\",\"https:\\\/\\\/www.linkedin.com\\\/showcase\\\/organisator-das-magazin-fr-kmu\",\"https:\\\/\\\/www.xing.com\\\/news\\\/pages\\\/organisator-ch-695\",\"https:\\\/\\\/www.youtube.com\\\/channel\\\/UCGP2Sq0iWaZwT3BdIAQFYpw\"]},{\"@type\":\"Person\",\"@id\":\"https:\\\/\\\/www.organisator.ch\\\/#\\\/schema\\\/person\\\/2e1314a2172123f874db408d8911d3f3\",\"name\":\"Adelisa Kalajdzini\",\"image\":{\"@type\":\"ImageObject\",\"inLanguage\":\"en-US\",\"@id\":\"https:\\\/\\\/secure.gravatar.com\\\/avatar\\\/09a397c22ac58cad6f160ee8306348599df9df58a8ede73696226897b9fa4b24?s=96&d=mm&r=g\",\"url\":\"https:\\\/\\\/secure.gravatar.com\\\/avatar\\\/09a397c22ac58cad6f160ee8306348599df9df58a8ede73696226897b9fa4b24?s=96&d=mm&r=g\",\"contentUrl\":\"https:\\\/\\\/secure.gravatar.com\\\/avatar\\\/09a397c22ac58cad6f160ee8306348599df9df58a8ede73696226897b9fa4b24?s=96&d=mm&r=g\",\"caption\":\"Adelisa Kalajdzini\"},\"url\":\"https:\\\/\\\/www.organisator.ch\\\/en\\\/author\\\/adelisa-kalajdzini\\\/\"}]}<\/script>\n<!-- \/ Yoast SEO plugin. -->","yoast_head_json":{"title":"Zurich careers fair: professions of the future in the fast lane - Organizer","description":"From November 21 to 25, 2023, the Zurich careers fair will offer young people an insight into the world of vocational training.","robots":{"index":"index","follow":"follow","max-snippet":"max-snippet:-1","max-image-preview":"max-image-preview:large","max-video-preview":"max-video-preview:-1"},"canonical":"https:\/\/www.organisator.ch\/en\/further-education\/2023-11-07\/berufsmesse-zuerich-zukunftsberufe-auf-der-ueberholspur\/","og_locale":"en_US","og_type":"article","og_title":"Berufsmesse Z\u00fcrich: Zukunftsberufe auf der \u00dcberholspur","og_description":"Vom 21. bis zum 25. November 2023 bietet die Berufsmesse Z\u00fcrich Jugendlichen einen Einblick in die Welt der Berufsausbildung.","og_url":"https:\/\/www.organisator.ch\/en\/further-education\/2023-11-07\/berufsmesse-zuerich-zukunftsberufe-auf-der-ueberholspur\/","og_site_name":"Organisator","article_publisher":"https:\/\/www.facebook.com\/OrganisatorFachmagazin","article_published_time":"2023-11-07T10:22:38+00:00","og_image":[{"width":680,"height":453,"url":"https:\/\/www.organisator.ch\/wp-content\/uploads\/2023\/11\/An-der-Berufsmesse-Z-MCH-Group-AG_Bild1_ps-.jpg","type":"image\/jpeg"}],"author":"Adelisa Kalajdzini","twitter_card":"summary_large_image","twitter_title":"Berufsmesse Z\u00fcrich: Zukunftsberufe auf der \u00dcberholspur","twitter_description":"Vom 21. bis zum 25. November 2023 bietet die #Berufsmesse Z\u00fcrich #Jugendlichen einen Einblick in die Welt der #Berufsausbildung.","twitter_image":"https:\/\/www.organisator.ch\/wp-content\/uploads\/2023\/11\/An-der-Berufsmesse-Z-MCH-Group-AG_Bild1_ps-.jpg","schema":{"@context":"https:\/\/schema.org","@graph":[{"@type":"Article","@id":"https:\/\/www.organisator.ch\/weiterbildung\/2023-11-07\/berufsmesse-zuerich-zukunftsberufe-auf-der-ueberholspur\/#article","isPartOf":{"@id":"https:\/\/www.organisator.ch\/weiterbildung\/2023-11-07\/berufsmesse-zuerich-zukunftsberufe-auf-der-ueberholspur\/"},"author":{"name":"Adelisa Kalajdzini","@id":"https:\/\/www.organisator.ch\/#\/schema\/person\/2e1314a2172123f874db408d8911d3f3"},"headline":"Berufsmesse Z\u00fcrich: Zukunftsberufe auf der \u00dcberholspur","datePublished":"2023-11-07T10:22:38+00:00","mainEntityOfPage":{"@id":"https:\/\/www.organisator.ch\/weiterbildung\/2023-11-07\/berufsmesse-zuerich-zukunftsberufe-auf-der-ueberholspur\/"},"wordCount":376,"publisher":{"@id":"https:\/\/www.organisator.ch\/#organization"},"image":{"@id":"https:\/\/www.organisator.ch\/weiterbildung\/2023-11-07\/berufsmesse-zuerich-zukunftsberufe-auf-der-ueberholspur\/#primaryimage"},"thumbnailUrl":"https:\/\/www.organisator.ch\/wp-content\/uploads\/2023\/11\/An-der-Berufsmesse-Z-MCH-Group-AG_Bild1_ps-.jpg","keywords":["Aus-\/Weiterbildung","Berufsmesse","Schweiz","Veranstaltungen"],"articleSection":["WEITERBILDUNG"],"inLanguage":"en-US"},{"@type":"WebPage","@id":"https:\/\/www.organisator.ch\/weiterbildung\/2023-11-07\/berufsmesse-zuerich-zukunftsberufe-auf-der-ueberholspur\/","url":"https:\/\/www.organisator.ch\/weiterbildung\/2023-11-07\/berufsmesse-zuerich-zukunftsberufe-auf-der-ueberholspur\/","name":"Zurich careers fair: professions of the future in the fast lane - Organizer","isPartOf":{"@id":"https:\/\/www.organisator.ch\/#website"},"primaryImageOfPage":{"@id":"https:\/\/www.organisator.ch\/weiterbildung\/2023-11-07\/berufsmesse-zuerich-zukunftsberufe-auf-der-ueberholspur\/#primaryimage"},"image":{"@id":"https:\/\/www.organisator.ch\/weiterbildung\/2023-11-07\/berufsmesse-zuerich-zukunftsberufe-auf-der-ueberholspur\/#primaryimage"},"thumbnailUrl":"https:\/\/www.organisator.ch\/wp-content\/uploads\/2023\/11\/An-der-Berufsmesse-Z-MCH-Group-AG_Bild1_ps-.jpg","datePublished":"2023-11-07T10:22:38+00:00","description":"From November 21 to 25, 2023, the Zurich careers fair will offer young people an insight into the world of vocational training.","breadcrumb":{"@id":"https:\/\/www.organisator.ch\/weiterbildung\/2023-11-07\/berufsmesse-zuerich-zukunftsberufe-auf-der-ueberholspur\/#breadcrumb"},"inLanguage":"en-US","potentialAction":[{"@type":"ReadAction","target":["https:\/\/www.organisator.ch\/weiterbildung\/2023-11-07\/berufsmesse-zuerich-zukunftsberufe-auf-der-ueberholspur\/"]}]},{"@type":"ImageObject","inLanguage":"en-US","@id":"https:\/\/www.organisator.ch\/weiterbildung\/2023-11-07\/berufsmesse-zuerich-zukunftsberufe-auf-der-ueberholspur\/#primaryimage","url":"https:\/\/www.organisator.ch\/wp-content\/uploads\/2023\/11\/An-der-Berufsmesse-Z-MCH-Group-AG_Bild1_ps-.jpg","contentUrl":"https:\/\/www.organisator.ch\/wp-content\/uploads\/2023\/11\/An-der-Berufsmesse-Z-MCH-Group-AG_Bild1_ps-.jpg","width":680,"height":453,"caption":"An der Berufsmesse Z\u00fcrich k\u00f6nnen Jugendliche Berufe gleich selbst ausprobieren. (Bild: www.berufsmessezuerich.ch & MCH Group AG)"},{"@type":"BreadcrumbList","@id":"https:\/\/www.organisator.ch\/weiterbildung\/2023-11-07\/berufsmesse-zuerich-zukunftsberufe-auf-der-ueberholspur\/#breadcrumb","itemListElement":[{"@type":"ListItem","position":1,"name":"Home","item":"https:\/\/www.organisator.ch\/"},{"@type":"ListItem","position":2,"name":"Berufsmesse Z\u00fcrich: Zukunftsberufe auf der \u00dcberholspur"}]},{"@type":"WebSite","@id":"https:\/\/www.organisator.ch\/#website","url":"https:\/\/www.organisator.ch\/","name":"Organizer","description":"Competent. Practical. In 10 issues per year, ORGANISATOR presents the essential topics for managers of SMEs.","publisher":{"@id":"https:\/\/www.organisator.ch\/#organization"},"potentialAction":[{"@type":"SearchAction","target":{"@type":"EntryPoint","urlTemplate":"https:\/\/www.organisator.ch\/?s={search_term_string}"},"query-input":{"@type":"PropertyValueSpecification","valueRequired":true,"valueName":"search_term_string"}}],"inLanguage":"en-US"},{"@type":"Organization","@id":"https:\/\/www.organisator.ch\/#organization","name":"Organizer","url":"https:\/\/www.organisator.ch\/","logo":{"@type":"ImageObject","inLanguage":"en-US","@id":"https:\/\/www.organisator.ch\/#\/schema\/logo\/image\/","url":"https:\/\/www.organisator.ch\/wp-content\/uploads\/2022\/01\/Logo_Organisator_Website.png","contentUrl":"https:\/\/www.organisator.ch\/wp-content\/uploads\/2022\/01\/Logo_Organisator_Website.png","width":800,"height":77,"caption":"Organisator"},"image":{"@id":"https:\/\/www.organisator.ch\/#\/schema\/logo\/image\/"},"sameAs":["https:\/\/www.facebook.com\/OrganisatorFachmagazin","https:\/\/www.linkedin.com\/showcase\/organisator-das-magazin-fr-kmu","https:\/\/www.xing.com\/news\/pages\/organisator-ch-695","https:\/\/www.youtube.com\/channel\/UCGP2Sq0iWaZwT3BdIAQFYpw"]},{"@type":"Person","@id":"https:\/\/www.organisator.ch\/#\/schema\/person\/2e1314a2172123f874db408d8911d3f3","name":"Adelisa Kalajdzini","image":{"@type":"ImageObject","inLanguage":"en-US","@id":"https:\/\/secure.gravatar.com\/avatar\/09a397c22ac58cad6f160ee8306348599df9df58a8ede73696226897b9fa4b24?s=96&d=mm&r=g","url":"https:\/\/secure.gravatar.com\/avatar\/09a397c22ac58cad6f160ee8306348599df9df58a8ede73696226897b9fa4b24?s=96&d=mm&r=g","contentUrl":"https:\/\/secure.gravatar.com\/avatar\/09a397c22ac58cad6f160ee8306348599df9df58a8ede73696226897b9fa4b24?s=96&d=mm&r=g","caption":"Adelisa Kalajdzini"},"url":"https:\/\/www.organisator.ch\/en\/author\/adelisa-kalajdzini\/"}]}},"_links":{"self":[{"href":"https:\/\/www.organisator.ch\/en\/wp-json\/wp\/v2\/posts\/22997","targetHints":{"allow":["GET"]}}],"collection":[{"href":"https:\/\/www.organisator.ch\/en\/wp-json\/wp\/v2\/posts"}],"about":[{"href":"https:\/\/www.organisator.ch\/en\/wp-json\/wp\/v2\/types\/post"}],"author":[{"embeddable":true,"href":"https:\/\/www.organisator.ch\/en\/wp-json\/wp\/v2\/users\/58"}],"replies":[{"embeddable":true,"href":"https:\/\/www.organisator.ch\/en\/wp-json\/wp\/v2\/comments?post=22997"}],"version-history":[{"count":2,"href":"https:\/\/www.organisator.ch\/en\/wp-json\/wp\/v2\/posts\/22997\/revisions"}],"predecessor-version":[{"id":23000,"href":"https:\/\/www.organisator.ch\/en\/wp-json\/wp\/v2\/posts\/22997\/revisions\/23000"}],"wp:featuredmedia":[{"embeddable":true,"href":"https:\/\/www.organisator.ch\/en\/wp-json\/wp\/v2\/media\/22999"}],"wp:attachment":[{"href":"https:\/\/www.organisator.ch\/en\/wp-json\/wp\/v2\/media?parent=22997"}],"wp:term":[{"taxonomy":"category","embeddable":true,"href":"https:\/\/www.organisator.ch\/en\/wp-json\/wp\/v2\/categories?post=22997"},{"taxonomy":"post_tag","embeddable":true,"href":"https:\/\/www.organisator.ch\/en\/wp-json\/wp\/v2\/tags?post=22997"}],"curies":[{"name":"wp","href":"https:\/\/api.w.org\/{rel}","templated":true}]}}