{"id":2308,"date":"2019-07-17T07:00:33","date_gmt":"2019-07-17T05:00:33","guid":{"rendered":"https:\/\/www.umweltperspektiven.ch\/?p=2308"},"modified":"2022-02-09T11:10:52","modified_gmt":"2022-02-09T10:10:52","slug":"eintauchen-in-farbenpraechtige-suesswasser-welten","status":"publish","type":"post","link":"https:\/\/www.organisator.ch\/en\/sustainability\/2019-07-17\/eintauchen-in-farbenpraechtige-suesswasser-welten\/","title":{"rendered":"Immerse yourself in colorful freshwater worlds"},"content":{"rendered":"<figure id=\"attachment_2309\" aria-describedby=\"caption-attachment-2309\" style=\"width: 680px\" class=\"wp-caption alignnone\"><img loading=\"lazy\" decoding=\"async\" class=\"size-medium wp-image-2309\" src=\"\/\/www.umweltperspektiven.ch\/wp-content\/uploads\/2019\/07\/UP_Umwelt-Perspektiven-Karibik-Manati_U06-008.jpg\" alt=\"\" width=\"680\" height=\"453\" \/><figcaption id=\"caption-attachment-2309\" class=\"wp-caption-text\">A rare shot, a rare perspective of a West Indian Manatee (Trichechus manatus) diving into the fresh waters of Florida Springs.<br \/>(Copyright: Michel Roggo, March 2011, for The Freshwater Project<br \/>Captive)<\/figcaption><\/figure>\n<div class=\"mod mod-text skin-text-basics\">\n<div>\n<div>\n<p>In the special exhibition on Michel Roggo's Freshwater Worlds, rare marine animals breathe a sigh of relief in crystal-clear water, the beauty of the Sense River competes with that of Lake Baikal, the Iguaz\u00fa Waterfalls, the Ross Ice Shelf, and numerous other places with strange-sounding names. What unites the photographs shown is the water theme:<\/p>\n<p>To get to the bottom of this, Michel Roggo spent seven years traveling the world and taking a close-up look at streams, rivers and lakes from around 40 different locations in his \"Freshwater Project. His goal: to document as many of the world's major freshwater types as possible, including underwater. To do this, the now 69-year-old jumped into the water with a diving mask and snorkel. \"We know what coral reefs look like,\" he says, \"but what about the waters on our doorstep? I'm always looking for interesting scenes with dramatic light - in the algae of a pond or under the ice of a mountain stream. These habitats are incredibly beautiful, but hardly ever seen.\"<\/p>\n<h3>Working under adventurous conditions<\/h3>\n<p>The Natural History Museum in Fribourg (Switzerland) created an exhibition from Roggo's photographs, which is now on display at the Zoological Museum of the University of Zurich. It lets visitors immerse themselves in magical water landscapes and marvel at exotic animal and plant worlds, ice and rock formations. Various making-of films illustrate the photographer's often long journeys and the extreme working conditions he and his assistants encountered. For his Freshwater Project, Roggo almost always works with local guides, including indigenous people, biologists, dive guides, boatmen and pilots. \"Michel Roggo impressively captures the planet's most important freshwater biotopes,\" says Isabel Klusman, director of the Zoological Museum, \"an important step in making these sensitive and often endangered habitats visible and known.\"<\/p>\n<h3>Animals, plants, ice, rocks and springs<\/h3>\n<p>The exhibition follows five main themes, including water as a dynamic habitat for animals that are required to perform great adaptive feats. Difficult conditions such as turbid, low-light conditions, icy, acidic or oxygen-poor water are also encountered by plants, which nevertheless grow into veritable aquatic paradise gardens. Glaciers and ice caps in the polar regions, where two-thirds of all fresh water is stored frozen, are included in the exhibition, as are rock formations that are created by water and shaped and destroyed by erosion. Finally, Roggo's paintings are also devoted to springs, where groundwater rises to the surface within the water cycle. Pure water is essential to life, and so almost all springs in the industrialized world are tapped. In Roggo's photographs, the underwater worlds of those springs that are still completely untouched present themselves all the more magnificently.<\/p>\n<p>About Michel Roggo:<\/p>\n<div>\n<p>Michel Roggo from Fribourg is an internationally recognized specialist in freshwater photography. His images, produced on over 130 expeditions, have been exhibited, awarded and published worldwide. With AQUA, Michel Roggo's images are presented in Zurich for the first time.<\/p>\n<\/div>\n<\/div>\n<\/div>\n<\/div>\n<div class=\"mod mod-text skin-text-basics\">\n<div class=\"highlighted\">\n<h3>Temporary exhibition \"AQUA<\/h3>\n<p><strong>Photographs by Michel Roggo<\/strong><\/p>\n<p>July 23 2019 - January 5 2020<br \/>\nTue - Sun, 10 am - 5 pm, free admission<\/p>\n<p><a href=\"\/\/www.zm.uzh.ch\/de\/sonderausstellungen\/2019aqua.html\">www.zm.uzh.ch\/de\/sonderausstellungen\/2019aqua.html<\/a><\/p>\n<\/div>\n<\/div>\n<p>&nbsp;<\/p>","protected":false},"excerpt":{"rendered":"<p>In der Sonderausstellung zu Michel Roggos S\u00fcsswasser-Welten atmen seltene Meerestiere in kristalklarem Wasser auf, konkurrieren die Sch\u00f6nheit des Flusses Sense mit jener des Baikalsees, der Iguaz\u00fa-Wasserf\u00e4lle, des Ross-Schelfeises und zahlreichen weiteren Orten mit fremdartig klingenden Namen. Was die gezeigten Fotografien verbindet, ist die Wasserthematik: Um sie zu ergr\u00fcnden ist Michel Roggo w\u00e4hrend sieben Jahren um [&hellip;]<\/p>\n","protected":false},"author":5,"featured_media":2309,"comment_status":"open","ping_status":"open","sticky":false,"template":"","format":"standard","meta":{"_acf_changed":false,"_yoast_wpseo_focuskw":"S\u00fcsswasser-Welten","_yoast_wpseo_metadesc":"Nur S\u00fcsswasser-Welten? Schildkr\u00f6ten, Tropische W\u00e4lder, H\u00f6hlen und kantige Eismassen. Dies alles erscheint in den Wasserwelten von Michel Roggo.","articlekey":"","footnotes":""},"categories":[580],"tags":[742,829,1228,2529,542],"class_list":["post-2308","post","type-post","status-publish","format-standard","has-post-thumbnail","hentry","category-sustainability","tag-ausstellung","tag-biodiversitaet","tag-fotographie","tag-wasserwelten","tag-zuerich"],"acf":[],"yoast_head":"<!-- This site is optimized with the Yoast SEO plugin v27.4 - https:\/\/yoast.com\/product\/yoast-seo-wordpress\/ -->\n<title>Eintauchen in farbenpr\u00e4chtige S\u00fcsswasser-Welten - Organisator<\/title>\n<meta name=\"description\" content=\"Nur S\u00fcsswasser-Welten? Schildkr\u00f6ten, Tropische W\u00e4lder, H\u00f6hlen und kantige Eismassen. Dies alles erscheint in den Wasserwelten von Michel Roggo.\" \/>\n<meta name=\"robots\" content=\"index, follow, max-snippet:-1, max-image-preview:large, max-video-preview:-1\" \/>\n<link rel=\"canonical\" href=\"https:\/\/www.organisator.ch\/en\/sustainability\/2019-07-17\/eintauchen-in-farbenpraechtige-suesswasser-welten\/\" \/>\n<meta property=\"og:locale\" content=\"en_US\" \/>\n<meta property=\"og:type\" content=\"article\" \/>\n<meta property=\"og:title\" content=\"Eintauchen in farbenpr\u00e4chtige S\u00fcsswasser-Welten - Organisator\" \/>\n<meta property=\"og:description\" content=\"Nur S\u00fcsswasser-Welten? Schildkr\u00f6ten, Tropische W\u00e4lder, H\u00f6hlen und kantige Eismassen. Dies alles erscheint in den Wasserwelten von Michel Roggo.\" \/>\n<meta property=\"og:url\" content=\"https:\/\/www.organisator.ch\/en\/sustainability\/2019-07-17\/eintauchen-in-farbenpraechtige-suesswasser-welten\/\" \/>\n<meta property=\"og:site_name\" content=\"Organisator\" \/>\n<meta property=\"article:publisher\" content=\"https:\/\/www.facebook.com\/OrganisatorFachmagazin\" \/>\n<meta property=\"article:published_time\" content=\"2019-07-17T05:00:33+00:00\" \/>\n<meta property=\"article:modified_time\" content=\"2022-02-09T10:10:52+00:00\" \/>\n<meta property=\"og:image\" content=\"https:\/\/www.organisator.ch\/wp-content\/uploads\/2019\/07\/UP_Umwelt-Perspektiven-Karibik-Manati_U06-008-scaled.jpg\" \/>\n\t<meta property=\"og:image:width\" content=\"2560\" \/>\n\t<meta property=\"og:image:height\" content=\"1707\" \/>\n\t<meta property=\"og:image:type\" content=\"image\/jpeg\" \/>\n<meta name=\"author\" content=\"michael.merz\" \/>\n<meta name=\"twitter:card\" content=\"summary_large_image\" \/>\n<script type=\"application\/ld+json\" class=\"yoast-schema-graph\">{\"@context\":\"https:\\\/\\\/schema.org\",\"@graph\":[{\"@type\":\"Article\",\"@id\":\"https:\\\/\\\/www.organisator.ch\\\/sustainability\\\/2019-07-17\\\/eintauchen-in-farbenpraechtige-suesswasser-welten\\\/#article\",\"isPartOf\":{\"@id\":\"https:\\\/\\\/www.organisator.ch\\\/sustainability\\\/2019-07-17\\\/eintauchen-in-farbenpraechtige-suesswasser-welten\\\/\"},\"author\":{\"name\":\"michael.merz\",\"@id\":\"https:\\\/\\\/www.organisator.ch\\\/#\\\/schema\\\/person\\\/134708ca9321c57b0362cceb7948ffbd\"},\"headline\":\"Eintauchen in farbenpr\u00e4chtige S\u00fcsswasser-Welten\",\"datePublished\":\"2019-07-17T05:00:33+00:00\",\"dateModified\":\"2022-02-09T10:10:52+00:00\",\"mainEntityOfPage\":{\"@id\":\"https:\\\/\\\/www.organisator.ch\\\/sustainability\\\/2019-07-17\\\/eintauchen-in-farbenpraechtige-suesswasser-welten\\\/\"},\"wordCount\":550,\"commentCount\":0,\"publisher\":{\"@id\":\"https:\\\/\\\/www.organisator.ch\\\/#organization\"},\"image\":{\"@id\":\"https:\\\/\\\/www.organisator.ch\\\/sustainability\\\/2019-07-17\\\/eintauchen-in-farbenpraechtige-suesswasser-welten\\\/#primaryimage\"},\"thumbnailUrl\":\"https:\\\/\\\/www.organisator.ch\\\/wp-content\\\/uploads\\\/2019\\\/07\\\/UP_Umwelt-Perspektiven-Karibik-Manati_U06-008-scaled.jpg\",\"keywords\":[\"Ausstellung\",\"Biodiversit\u00e4t\",\"Fotographie\",\"Wasserwelten\",\"Z\u00fcrich\"],\"articleSection\":[\"SUSTAINABILITY\"],\"inLanguage\":\"en-US\"},{\"@type\":\"WebPage\",\"@id\":\"https:\\\/\\\/www.organisator.ch\\\/sustainability\\\/2019-07-17\\\/eintauchen-in-farbenpraechtige-suesswasser-welten\\\/\",\"url\":\"https:\\\/\\\/www.organisator.ch\\\/sustainability\\\/2019-07-17\\\/eintauchen-in-farbenpraechtige-suesswasser-welten\\\/\",\"name\":\"Eintauchen in farbenpr\u00e4chtige S\u00fcsswasser-Welten - Organisator\",\"isPartOf\":{\"@id\":\"https:\\\/\\\/www.organisator.ch\\\/#website\"},\"primaryImageOfPage\":{\"@id\":\"https:\\\/\\\/www.organisator.ch\\\/sustainability\\\/2019-07-17\\\/eintauchen-in-farbenpraechtige-suesswasser-welten\\\/#primaryimage\"},\"image\":{\"@id\":\"https:\\\/\\\/www.organisator.ch\\\/sustainability\\\/2019-07-17\\\/eintauchen-in-farbenpraechtige-suesswasser-welten\\\/#primaryimage\"},\"thumbnailUrl\":\"https:\\\/\\\/www.organisator.ch\\\/wp-content\\\/uploads\\\/2019\\\/07\\\/UP_Umwelt-Perspektiven-Karibik-Manati_U06-008-scaled.jpg\",\"datePublished\":\"2019-07-17T05:00:33+00:00\",\"dateModified\":\"2022-02-09T10:10:52+00:00\",\"description\":\"Nur S\u00fcsswasser-Welten? Schildkr\u00f6ten, Tropische W\u00e4lder, H\u00f6hlen und kantige Eismassen. Dies alles erscheint in den Wasserwelten von Michel Roggo.\",\"breadcrumb\":{\"@id\":\"https:\\\/\\\/www.organisator.ch\\\/sustainability\\\/2019-07-17\\\/eintauchen-in-farbenpraechtige-suesswasser-welten\\\/#breadcrumb\"},\"inLanguage\":\"en-US\",\"potentialAction\":[{\"@type\":\"ReadAction\",\"target\":[\"https:\\\/\\\/www.organisator.ch\\\/sustainability\\\/2019-07-17\\\/eintauchen-in-farbenpraechtige-suesswasser-welten\\\/\"]}]},{\"@type\":\"ImageObject\",\"inLanguage\":\"en-US\",\"@id\":\"https:\\\/\\\/www.organisator.ch\\\/sustainability\\\/2019-07-17\\\/eintauchen-in-farbenpraechtige-suesswasser-welten\\\/#primaryimage\",\"url\":\"https:\\\/\\\/www.organisator.ch\\\/wp-content\\\/uploads\\\/2019\\\/07\\\/UP_Umwelt-Perspektiven-Karibik-Manati_U06-008-scaled.jpg\",\"contentUrl\":\"https:\\\/\\\/www.organisator.ch\\\/wp-content\\\/uploads\\\/2019\\\/07\\\/UP_Umwelt-Perspektiven-Karibik-Manati_U06-008-scaled.jpg\",\"width\":2560,\"height\":1707,\"caption\":\"Eine seltene Aufnahme, eine seltene Perspektive eines West Indischen Manatees (Trichechus manatus), der ins frische Wasser der Florida Springs taucht. (Copyright: Michel Roggo, March 2011, for The Freshwater Project Captive)\"},{\"@type\":\"BreadcrumbList\",\"@id\":\"https:\\\/\\\/www.organisator.ch\\\/sustainability\\\/2019-07-17\\\/eintauchen-in-farbenpraechtige-suesswasser-welten\\\/#breadcrumb\",\"itemListElement\":[{\"@type\":\"ListItem\",\"position\":1,\"name\":\"Home\",\"item\":\"https:\\\/\\\/www.organisator.ch\\\/\"},{\"@type\":\"ListItem\",\"position\":2,\"name\":\"Eintauchen in farbenpr\u00e4chtige S\u00fcsswasser-Welten\"}]},{\"@type\":\"WebSite\",\"@id\":\"https:\\\/\\\/www.organisator.ch\\\/#website\",\"url\":\"https:\\\/\\\/www.organisator.ch\\\/\",\"name\":\"Organisator\",\"description\":\"Kompetent. Praxisnah. Der ORGANISATOR bereitet in 10 Ausgaben pro Jahr die wesentlichen Themen f\u00fcr F\u00fchrungskr\u00e4fte von KMU auf.\",\"publisher\":{\"@id\":\"https:\\\/\\\/www.organisator.ch\\\/#organization\"},\"potentialAction\":[{\"@type\":\"SearchAction\",\"target\":{\"@type\":\"EntryPoint\",\"urlTemplate\":\"https:\\\/\\\/www.organisator.ch\\\/?s={search_term_string}\"},\"query-input\":{\"@type\":\"PropertyValueSpecification\",\"valueRequired\":true,\"valueName\":\"search_term_string\"}}],\"inLanguage\":\"en-US\"},{\"@type\":\"Organization\",\"@id\":\"https:\\\/\\\/www.organisator.ch\\\/#organization\",\"name\":\"Organisator\",\"url\":\"https:\\\/\\\/www.organisator.ch\\\/\",\"logo\":{\"@type\":\"ImageObject\",\"inLanguage\":\"en-US\",\"@id\":\"https:\\\/\\\/www.organisator.ch\\\/#\\\/schema\\\/logo\\\/image\\\/\",\"url\":\"https:\\\/\\\/www.organisator.ch\\\/wp-content\\\/uploads\\\/2022\\\/01\\\/Logo_Organisator_Website.png\",\"contentUrl\":\"https:\\\/\\\/www.organisator.ch\\\/wp-content\\\/uploads\\\/2022\\\/01\\\/Logo_Organisator_Website.png\",\"width\":800,\"height\":77,\"caption\":\"Organisator\"},\"image\":{\"@id\":\"https:\\\/\\\/www.organisator.ch\\\/#\\\/schema\\\/logo\\\/image\\\/\"},\"sameAs\":[\"https:\\\/\\\/www.facebook.com\\\/OrganisatorFachmagazin\",\"https:\\\/\\\/www.linkedin.com\\\/showcase\\\/organisator-das-magazin-fr-kmu\",\"https:\\\/\\\/www.xing.com\\\/news\\\/pages\\\/organisator-ch-695\",\"https:\\\/\\\/www.youtube.com\\\/channel\\\/UCGP2Sq0iWaZwT3BdIAQFYpw\"]},{\"@type\":\"Person\",\"@id\":\"https:\\\/\\\/www.organisator.ch\\\/#\\\/schema\\\/person\\\/134708ca9321c57b0362cceb7948ffbd\",\"name\":\"michael.merz\",\"image\":{\"@type\":\"ImageObject\",\"inLanguage\":\"en-US\",\"@id\":\"https:\\\/\\\/secure.gravatar.com\\\/avatar\\\/?s=96&d=mm&r=g\",\"url\":\"https:\\\/\\\/secure.gravatar.com\\\/avatar\\\/?s=96&d=mm&r=g\",\"contentUrl\":\"https:\\\/\\\/secure.gravatar.com\\\/avatar\\\/?s=96&d=mm&r=g\",\"caption\":\"michael.merz\"},\"url\":\"https:\\\/\\\/www.organisator.ch\\\/en\\\/author\\\/michael-merz\\\/\"}]}<\/script>\n<!-- \/ Yoast SEO plugin. -->","yoast_head_json":{"title":"Immersion in colorful freshwater worlds - organizer","description":"Only freshwater worlds? Turtles, tropical forests, caves and angular ice masses. All this appears in the water worlds of Michel Roggo.","robots":{"index":"index","follow":"follow","max-snippet":"max-snippet:-1","max-image-preview":"max-image-preview:large","max-video-preview":"max-video-preview:-1"},"canonical":"https:\/\/www.organisator.ch\/en\/sustainability\/2019-07-17\/eintauchen-in-farbenpraechtige-suesswasser-welten\/","og_locale":"en_US","og_type":"article","og_title":"Eintauchen in farbenpr\u00e4chtige S\u00fcsswasser-Welten - Organisator","og_description":"Nur S\u00fcsswasser-Welten? Schildkr\u00f6ten, Tropische W\u00e4lder, H\u00f6hlen und kantige Eismassen. Dies alles erscheint in den Wasserwelten von Michel Roggo.","og_url":"https:\/\/www.organisator.ch\/en\/sustainability\/2019-07-17\/eintauchen-in-farbenpraechtige-suesswasser-welten\/","og_site_name":"Organisator","article_publisher":"https:\/\/www.facebook.com\/OrganisatorFachmagazin","article_published_time":"2019-07-17T05:00:33+00:00","article_modified_time":"2022-02-09T10:10:52+00:00","og_image":[{"width":2560,"height":1707,"url":"https:\/\/www.organisator.ch\/wp-content\/uploads\/2019\/07\/UP_Umwelt-Perspektiven-Karibik-Manati_U06-008-scaled.jpg","type":"image\/jpeg"}],"author":"michael.merz","twitter_card":"summary_large_image","schema":{"@context":"https:\/\/schema.org","@graph":[{"@type":"Article","@id":"https:\/\/www.organisator.ch\/sustainability\/2019-07-17\/eintauchen-in-farbenpraechtige-suesswasser-welten\/#article","isPartOf":{"@id":"https:\/\/www.organisator.ch\/sustainability\/2019-07-17\/eintauchen-in-farbenpraechtige-suesswasser-welten\/"},"author":{"name":"michael.merz","@id":"https:\/\/www.organisator.ch\/#\/schema\/person\/134708ca9321c57b0362cceb7948ffbd"},"headline":"Eintauchen in farbenpr\u00e4chtige S\u00fcsswasser-Welten","datePublished":"2019-07-17T05:00:33+00:00","dateModified":"2022-02-09T10:10:52+00:00","mainEntityOfPage":{"@id":"https:\/\/www.organisator.ch\/sustainability\/2019-07-17\/eintauchen-in-farbenpraechtige-suesswasser-welten\/"},"wordCount":550,"commentCount":0,"publisher":{"@id":"https:\/\/www.organisator.ch\/#organization"},"image":{"@id":"https:\/\/www.organisator.ch\/sustainability\/2019-07-17\/eintauchen-in-farbenpraechtige-suesswasser-welten\/#primaryimage"},"thumbnailUrl":"https:\/\/www.organisator.ch\/wp-content\/uploads\/2019\/07\/UP_Umwelt-Perspektiven-Karibik-Manati_U06-008-scaled.jpg","keywords":["Ausstellung","Biodiversit\u00e4t","Fotographie","Wasserwelten","Z\u00fcrich"],"articleSection":["SUSTAINABILITY"],"inLanguage":"en-US"},{"@type":"WebPage","@id":"https:\/\/www.organisator.ch\/sustainability\/2019-07-17\/eintauchen-in-farbenpraechtige-suesswasser-welten\/","url":"https:\/\/www.organisator.ch\/sustainability\/2019-07-17\/eintauchen-in-farbenpraechtige-suesswasser-welten\/","name":"Immersion in colorful freshwater worlds - organizer","isPartOf":{"@id":"https:\/\/www.organisator.ch\/#website"},"primaryImageOfPage":{"@id":"https:\/\/www.organisator.ch\/sustainability\/2019-07-17\/eintauchen-in-farbenpraechtige-suesswasser-welten\/#primaryimage"},"image":{"@id":"https:\/\/www.organisator.ch\/sustainability\/2019-07-17\/eintauchen-in-farbenpraechtige-suesswasser-welten\/#primaryimage"},"thumbnailUrl":"https:\/\/www.organisator.ch\/wp-content\/uploads\/2019\/07\/UP_Umwelt-Perspektiven-Karibik-Manati_U06-008-scaled.jpg","datePublished":"2019-07-17T05:00:33+00:00","dateModified":"2022-02-09T10:10:52+00:00","description":"Only freshwater worlds? Turtles, tropical forests, caves and angular ice masses. All this appears in the water worlds of Michel Roggo.","breadcrumb":{"@id":"https:\/\/www.organisator.ch\/sustainability\/2019-07-17\/eintauchen-in-farbenpraechtige-suesswasser-welten\/#breadcrumb"},"inLanguage":"en-US","potentialAction":[{"@type":"ReadAction","target":["https:\/\/www.organisator.ch\/sustainability\/2019-07-17\/eintauchen-in-farbenpraechtige-suesswasser-welten\/"]}]},{"@type":"ImageObject","inLanguage":"en-US","@id":"https:\/\/www.organisator.ch\/sustainability\/2019-07-17\/eintauchen-in-farbenpraechtige-suesswasser-welten\/#primaryimage","url":"https:\/\/www.organisator.ch\/wp-content\/uploads\/2019\/07\/UP_Umwelt-Perspektiven-Karibik-Manati_U06-008-scaled.jpg","contentUrl":"https:\/\/www.organisator.ch\/wp-content\/uploads\/2019\/07\/UP_Umwelt-Perspektiven-Karibik-Manati_U06-008-scaled.jpg","width":2560,"height":1707,"caption":"Eine seltene Aufnahme, eine seltene Perspektive eines West Indischen Manatees (Trichechus manatus), der ins frische Wasser der Florida Springs taucht. (Copyright: Michel Roggo, March 2011, for The Freshwater Project Captive)"},{"@type":"BreadcrumbList","@id":"https:\/\/www.organisator.ch\/sustainability\/2019-07-17\/eintauchen-in-farbenpraechtige-suesswasser-welten\/#breadcrumb","itemListElement":[{"@type":"ListItem","position":1,"name":"Home","item":"https:\/\/www.organisator.ch\/"},{"@type":"ListItem","position":2,"name":"Eintauchen in farbenpr\u00e4chtige S\u00fcsswasser-Welten"}]},{"@type":"WebSite","@id":"https:\/\/www.organisator.ch\/#website","url":"https:\/\/www.organisator.ch\/","name":"Organizer","description":"Competent. Practical. In 10 issues per year, ORGANISATOR presents the essential topics for managers of SMEs.","publisher":{"@id":"https:\/\/www.organisator.ch\/#organization"},"potentialAction":[{"@type":"SearchAction","target":{"@type":"EntryPoint","urlTemplate":"https:\/\/www.organisator.ch\/?s={search_term_string}"},"query-input":{"@type":"PropertyValueSpecification","valueRequired":true,"valueName":"search_term_string"}}],"inLanguage":"en-US"},{"@type":"Organization","@id":"https:\/\/www.organisator.ch\/#organization","name":"Organizer","url":"https:\/\/www.organisator.ch\/","logo":{"@type":"ImageObject","inLanguage":"en-US","@id":"https:\/\/www.organisator.ch\/#\/schema\/logo\/image\/","url":"https:\/\/www.organisator.ch\/wp-content\/uploads\/2022\/01\/Logo_Organisator_Website.png","contentUrl":"https:\/\/www.organisator.ch\/wp-content\/uploads\/2022\/01\/Logo_Organisator_Website.png","width":800,"height":77,"caption":"Organisator"},"image":{"@id":"https:\/\/www.organisator.ch\/#\/schema\/logo\/image\/"},"sameAs":["https:\/\/www.facebook.com\/OrganisatorFachmagazin","https:\/\/www.linkedin.com\/showcase\/organisator-das-magazin-fr-kmu","https:\/\/www.xing.com\/news\/pages\/organisator-ch-695","https:\/\/www.youtube.com\/channel\/UCGP2Sq0iWaZwT3BdIAQFYpw"]},{"@type":"Person","@id":"https:\/\/www.organisator.ch\/#\/schema\/person\/134708ca9321c57b0362cceb7948ffbd","name":"michael.merz","image":{"@type":"ImageObject","inLanguage":"en-US","@id":"https:\/\/secure.gravatar.com\/avatar\/?s=96&d=mm&r=g","url":"https:\/\/secure.gravatar.com\/avatar\/?s=96&d=mm&r=g","contentUrl":"https:\/\/secure.gravatar.com\/avatar\/?s=96&d=mm&r=g","caption":"michael.merz"},"url":"https:\/\/www.organisator.ch\/en\/author\/michael-merz\/"}]}},"_links":{"self":[{"href":"https:\/\/www.organisator.ch\/en\/wp-json\/wp\/v2\/posts\/2308","targetHints":{"allow":["GET"]}}],"collection":[{"href":"https:\/\/www.organisator.ch\/en\/wp-json\/wp\/v2\/posts"}],"about":[{"href":"https:\/\/www.organisator.ch\/en\/wp-json\/wp\/v2\/types\/post"}],"author":[{"embeddable":true,"href":"https:\/\/www.organisator.ch\/en\/wp-json\/wp\/v2\/users\/5"}],"replies":[{"embeddable":true,"href":"https:\/\/www.organisator.ch\/en\/wp-json\/wp\/v2\/comments?post=2308"}],"version-history":[{"count":1,"href":"https:\/\/www.organisator.ch\/en\/wp-json\/wp\/v2\/posts\/2308\/revisions"}],"predecessor-version":[{"id":11016,"href":"https:\/\/www.organisator.ch\/en\/wp-json\/wp\/v2\/posts\/2308\/revisions\/11016"}],"wp:featuredmedia":[{"embeddable":true,"href":"https:\/\/www.organisator.ch\/en\/wp-json\/wp\/v2\/media\/2309"}],"wp:attachment":[{"href":"https:\/\/www.organisator.ch\/en\/wp-json\/wp\/v2\/media?parent=2308"}],"wp:term":[{"taxonomy":"category","embeddable":true,"href":"https:\/\/www.organisator.ch\/en\/wp-json\/wp\/v2\/categories?post=2308"},{"taxonomy":"post_tag","embeddable":true,"href":"https:\/\/www.organisator.ch\/en\/wp-json\/wp\/v2\/tags?post=2308"}],"curies":[{"name":"wp","href":"https:\/\/api.w.org\/{rel}","templated":true}]}}