{"id":23158,"date":"2023-11-14T10:05:01","date_gmt":"2023-11-14T09:05:01","guid":{"rendered":"https:\/\/www.organisator.ch\/?p=23158"},"modified":"2023-11-14T10:05:01","modified_gmt":"2023-11-14T09:05:01","slug":"kooperation-zwischen-eth-zuerich-und-klimastiftung-schweiz","status":"publish","type":"post","link":"https:\/\/www.organisator.ch\/en\/sustainability\/2023-11-14\/kooperation-zwischen-eth-zuerich-und-klimastiftung-schweiz\/","title":{"rendered":"Cooperation between ETH Zurich and the Swiss Climate Foundation"},"content":{"rendered":"<figure id=\"attachment_23161\" aria-describedby=\"caption-attachment-23161\" style=\"width: 680px\" class=\"wp-caption alignnone\"><img loading=\"lazy\" decoding=\"async\" class=\"size-full wp-image-23161\" src=\"https:\/\/www.organisator.ch\/wp-content\/uploads\/2023\/11\/Klimastiftung_ETH_Bild2_ps.jpg\" alt=\"\" width=\"680\" height=\"452\" srcset=\"https:\/\/www.organisator.ch\/wp-content\/uploads\/2023\/11\/Klimastiftung_ETH_Bild2_ps.jpg 680w, https:\/\/www.organisator.ch\/wp-content\/uploads\/2023\/11\/Klimastiftung_ETH_Bild2_ps-18x12.jpg 18w, https:\/\/www.organisator.ch\/wp-content\/uploads\/2023\/11\/Klimastiftung_ETH_Bild2_ps-375x249.jpg 375w, https:\/\/www.organisator.ch\/wp-content\/uploads\/2023\/11\/Klimastiftung_ETH_Bild2_ps-527x350.jpg 527w\" sizes=\"auto, (max-width: 680px) 100vw, 680px\" \/><figcaption id=\"caption-attachment-23161\" class=\"wp-caption-text\">The \"BUK ETHZ\" and the Swiss Climate Foundation are cooperating in the area of promoting climate-friendly building materials and methods. (Image: www.depositphotos.com)<\/figcaption><\/figure>\n<p>As part of the cooperation, the lectureship supports the Swiss Climate Foundation in the technical and scientific assessment of funding applications for projects in the area of building materials and methods. In addition, the funded projects are made more visible to the market. This is important because pilot projects for new building materials are very costly. Sharing know-how is an important contribution to the dissemination of solutions. This will increase awareness of the Swiss Climate Foundation's funding opportunities for this type of project. \"This is a classic win-win situation,\" says Vincent Eckert, Managing Director of the Swiss Climate Foundation.\u00a0<\/p>\n<p>\"Initial applications in the construction sector are always a difficult and risky phase for new products and methods in the construction sector,\" say Daniel Studer and Daniel Mettler from BUK ETHZ. \"With this cooperation, we can make an important contribution to the transformation of the construction industry. This is demonstrated by spin-offs such as FenX or Oxara from the ETH environment, which were funded by the Swiss Climate Foundation.\" FenX transforms mineral waste into high-performance and sustainable insulating materials for the construction industry, while Oxara develops cement-free admixtures and binder technology that enables the upcycling of construction waste and excavated materials into a variety of concrete and block applications.<\/p>\n<p>New climate-friendly materials and construction methods are necessary for the climate adaptation of the real estate sector in order to achieve the Net Zero goals. Demonstrators are fundamental to making these innovative solutions marketable and known. In the construction industry, piloting means testing on a real building. Using something for the first time is associated with a residual risk and also increased effort, because contractors are not yet experienced in the production and processing of new materials. In addition, clients are justifiably skeptical about innovations. However, this can be mitigated by the cooperation between BUK ETHZ and the Swiss Climate Foundation: BUK ETHZ can assess the practicability of innovations in addition to the Swiss Climate Foundation and thus help to reduce the residual risk. The foundation can also compensate for financial weaknesses in innovative methods and materials.<\/p>\n<p>The cooperation concerns the assessment of funding applications, as well as publicizing the funding opportunities and the funded innovations in order to support market establishment.\u00a0<\/p>\n<p><em>Source: <a href=\"https:\/\/www.klimastiftung.ch\/de\/\">www.klimastiftung.ch\u00a0<\/a><\/em><\/p>","protected":false},"excerpt":{"rendered":"<p>40% of the climate problem is caused by buildings. To counter this, two competent players from research and industry are joining forces. The Department of Building Technology and Construction at ETH Zurich (\"BUK ETHZ\") and the Swiss Climate Foundation are working together to promote climate-friendly building materials and methods. <\/p>","protected":false},"author":58,"featured_media":23161,"comment_status":"closed","ping_status":"closed","sticky":false,"template":"","format":"standard","meta":{"_acf_changed":false,"_yoast_wpseo_focuskw":"Klimastiftung","_yoast_wpseo_metadesc":"Die \"BUK ETHZ\" und die Klimastiftung Schweiz kooperieren im Bereich F\u00f6rderung klimafreundlicher Baustoffe und Methoden.","articlekey":"","footnotes":""},"categories":[580],"tags":[1526,313,1787,492],"class_list":["post-23158","post","type-post","status-publish","format-standard","has-post-thumbnail","hentry","category-sustainability","tag-klimastiftung-schweiz","tag-kooperation","tag-nachhaltigkeit","tag-unternehmen"],"acf":[],"yoast_head":"<!-- This site is optimized with the Yoast SEO plugin v27.5 - https:\/\/yoast.com\/product\/yoast-seo-wordpress\/ -->\n<title>Kooperation zwischen ETH Z\u00fcrich und Klimastiftung Schweiz - Organisator<\/title>\n<meta name=\"description\" content=\"Die &quot;BUK ETHZ&quot; und die Klimastiftung Schweiz kooperieren im Bereich F\u00f6rderung klimafreundlicher Baustoffe und Methoden.\" \/>\n<meta name=\"robots\" content=\"index, follow, max-snippet:-1, max-image-preview:large, max-video-preview:-1\" \/>\n<link rel=\"canonical\" href=\"https:\/\/www.organisator.ch\/en\/sustainability\/2023-11-14\/kooperation-zwischen-eth-zuerich-und-klimastiftung-schweiz\/\" \/>\n<meta property=\"og:locale\" content=\"en_US\" \/>\n<meta property=\"og:type\" content=\"article\" \/>\n<meta property=\"og:title\" content=\"Kooperation zwischen ETH Z\u00fcrich und Klimastiftung Schweiz\" \/>\n<meta property=\"og:description\" content=\"Die &quot;BUK ETHZ&quot; und die Klimastiftung Schweiz kooperieren im Bereich F\u00f6rderung klimafreundlicher Baustoffe und Methoden.\" \/>\n<meta property=\"og:url\" content=\"https:\/\/www.organisator.ch\/en\/sustainability\/2023-11-14\/kooperation-zwischen-eth-zuerich-und-klimastiftung-schweiz\/\" \/>\n<meta property=\"og:site_name\" content=\"Organisator\" \/>\n<meta property=\"article:publisher\" content=\"https:\/\/www.facebook.com\/OrganisatorFachmagazin\" \/>\n<meta property=\"article:published_time\" content=\"2023-11-14T09:05:01+00:00\" \/>\n<meta property=\"og:image\" content=\"https:\/\/www.organisator.ch\/wp-content\/uploads\/2023\/11\/Klimastiftung_ETH_Bild2_ps.jpg\" \/>\n\t<meta property=\"og:image:width\" content=\"680\" \/>\n\t<meta property=\"og:image:height\" content=\"452\" \/>\n\t<meta property=\"og:image:type\" content=\"image\/jpeg\" \/>\n<meta name=\"author\" content=\"Adelisa Kalajdzini\" \/>\n<meta name=\"twitter:card\" content=\"summary_large_image\" \/>\n<meta name=\"twitter:title\" content=\"Kooperation zwischen ETH Z\u00fcrich und Klimastiftung Schweiz\" \/>\n<meta name=\"twitter:description\" content=\"Die #&quot;BUK ETHZ&quot; und die #Klimastiftung #Schweiz kooperieren im Bereich F\u00f6rderung #klimafreundlicher #Baustoffe und #Methoden.\" \/>\n<meta name=\"twitter:image\" content=\"https:\/\/www.organisator.ch\/wp-content\/uploads\/2023\/11\/Klimastiftung_ETH_Bild2_ps.jpg\" \/>\n<script type=\"application\/ld+json\" class=\"yoast-schema-graph\">{\"@context\":\"https:\\\/\\\/schema.org\",\"@graph\":[{\"@type\":\"Article\",\"@id\":\"https:\\\/\\\/www.organisator.ch\\\/sustainability\\\/2023-11-14\\\/kooperation-zwischen-eth-zuerich-und-klimastiftung-schweiz\\\/#article\",\"isPartOf\":{\"@id\":\"https:\\\/\\\/www.organisator.ch\\\/sustainability\\\/2023-11-14\\\/kooperation-zwischen-eth-zuerich-und-klimastiftung-schweiz\\\/\"},\"author\":{\"name\":\"Adelisa Kalajdzini\",\"@id\":\"https:\\\/\\\/www.organisator.ch\\\/#\\\/schema\\\/person\\\/2e1314a2172123f874db408d8911d3f3\"},\"headline\":\"Kooperation zwischen ETH Z\u00fcrich und Klimastiftung Schweiz\",\"datePublished\":\"2023-11-14T09:05:01+00:00\",\"mainEntityOfPage\":{\"@id\":\"https:\\\/\\\/www.organisator.ch\\\/sustainability\\\/2023-11-14\\\/kooperation-zwischen-eth-zuerich-und-klimastiftung-schweiz\\\/\"},\"wordCount\":398,\"publisher\":{\"@id\":\"https:\\\/\\\/www.organisator.ch\\\/#organization\"},\"image\":{\"@id\":\"https:\\\/\\\/www.organisator.ch\\\/sustainability\\\/2023-11-14\\\/kooperation-zwischen-eth-zuerich-und-klimastiftung-schweiz\\\/#primaryimage\"},\"thumbnailUrl\":\"https:\\\/\\\/www.organisator.ch\\\/wp-content\\\/uploads\\\/2023\\\/11\\\/Klimastiftung_ETH_Bild2_ps.jpg\",\"keywords\":[\"Klimastiftung Schweiz\",\"Kooperation\",\"Nachhaltigkeit\",\"Unternehmen\"],\"articleSection\":[\"SUSTAINABILITY\"],\"inLanguage\":\"en-US\"},{\"@type\":\"WebPage\",\"@id\":\"https:\\\/\\\/www.organisator.ch\\\/sustainability\\\/2023-11-14\\\/kooperation-zwischen-eth-zuerich-und-klimastiftung-schweiz\\\/\",\"url\":\"https:\\\/\\\/www.organisator.ch\\\/sustainability\\\/2023-11-14\\\/kooperation-zwischen-eth-zuerich-und-klimastiftung-schweiz\\\/\",\"name\":\"Kooperation zwischen ETH Z\u00fcrich und Klimastiftung Schweiz - Organisator\",\"isPartOf\":{\"@id\":\"https:\\\/\\\/www.organisator.ch\\\/#website\"},\"primaryImageOfPage\":{\"@id\":\"https:\\\/\\\/www.organisator.ch\\\/sustainability\\\/2023-11-14\\\/kooperation-zwischen-eth-zuerich-und-klimastiftung-schweiz\\\/#primaryimage\"},\"image\":{\"@id\":\"https:\\\/\\\/www.organisator.ch\\\/sustainability\\\/2023-11-14\\\/kooperation-zwischen-eth-zuerich-und-klimastiftung-schweiz\\\/#primaryimage\"},\"thumbnailUrl\":\"https:\\\/\\\/www.organisator.ch\\\/wp-content\\\/uploads\\\/2023\\\/11\\\/Klimastiftung_ETH_Bild2_ps.jpg\",\"datePublished\":\"2023-11-14T09:05:01+00:00\",\"description\":\"Die \\\"BUK ETHZ\\\" und die Klimastiftung Schweiz kooperieren im Bereich F\u00f6rderung klimafreundlicher Baustoffe und Methoden.\",\"breadcrumb\":{\"@id\":\"https:\\\/\\\/www.organisator.ch\\\/sustainability\\\/2023-11-14\\\/kooperation-zwischen-eth-zuerich-und-klimastiftung-schweiz\\\/#breadcrumb\"},\"inLanguage\":\"en-US\",\"potentialAction\":[{\"@type\":\"ReadAction\",\"target\":[\"https:\\\/\\\/www.organisator.ch\\\/sustainability\\\/2023-11-14\\\/kooperation-zwischen-eth-zuerich-und-klimastiftung-schweiz\\\/\"]}]},{\"@type\":\"ImageObject\",\"inLanguage\":\"en-US\",\"@id\":\"https:\\\/\\\/www.organisator.ch\\\/sustainability\\\/2023-11-14\\\/kooperation-zwischen-eth-zuerich-und-klimastiftung-schweiz\\\/#primaryimage\",\"url\":\"https:\\\/\\\/www.organisator.ch\\\/wp-content\\\/uploads\\\/2023\\\/11\\\/Klimastiftung_ETH_Bild2_ps.jpg\",\"contentUrl\":\"https:\\\/\\\/www.organisator.ch\\\/wp-content\\\/uploads\\\/2023\\\/11\\\/Klimastiftung_ETH_Bild2_ps.jpg\",\"width\":680,\"height\":452,\"caption\":\"Die \\\"BUK ETHZ\\\" und die Klimastiftung Schweiz kooperieren im Bereich F\u00f6rderung klimafreundlicher Baustoffe und Methoden. (Bild: www.depositphotos.com)\"},{\"@type\":\"BreadcrumbList\",\"@id\":\"https:\\\/\\\/www.organisator.ch\\\/sustainability\\\/2023-11-14\\\/kooperation-zwischen-eth-zuerich-und-klimastiftung-schweiz\\\/#breadcrumb\",\"itemListElement\":[{\"@type\":\"ListItem\",\"position\":1,\"name\":\"Home\",\"item\":\"https:\\\/\\\/www.organisator.ch\\\/\"},{\"@type\":\"ListItem\",\"position\":2,\"name\":\"Kooperation zwischen ETH Z\u00fcrich und Klimastiftung Schweiz\"}]},{\"@type\":\"WebSite\",\"@id\":\"https:\\\/\\\/www.organisator.ch\\\/#website\",\"url\":\"https:\\\/\\\/www.organisator.ch\\\/\",\"name\":\"Organisator\",\"description\":\"Kompetent. Praxisnah. Der ORGANISATOR bereitet in 10 Ausgaben pro Jahr die wesentlichen Themen f\u00fcr F\u00fchrungskr\u00e4fte von KMU auf.\",\"publisher\":{\"@id\":\"https:\\\/\\\/www.organisator.ch\\\/#organization\"},\"potentialAction\":[{\"@type\":\"SearchAction\",\"target\":{\"@type\":\"EntryPoint\",\"urlTemplate\":\"https:\\\/\\\/www.organisator.ch\\\/?s={search_term_string}\"},\"query-input\":{\"@type\":\"PropertyValueSpecification\",\"valueRequired\":true,\"valueName\":\"search_term_string\"}}],\"inLanguage\":\"en-US\"},{\"@type\":\"Organization\",\"@id\":\"https:\\\/\\\/www.organisator.ch\\\/#organization\",\"name\":\"Organisator\",\"url\":\"https:\\\/\\\/www.organisator.ch\\\/\",\"logo\":{\"@type\":\"ImageObject\",\"inLanguage\":\"en-US\",\"@id\":\"https:\\\/\\\/www.organisator.ch\\\/#\\\/schema\\\/logo\\\/image\\\/\",\"url\":\"https:\\\/\\\/www.organisator.ch\\\/wp-content\\\/uploads\\\/2022\\\/01\\\/Logo_Organisator_Website.png\",\"contentUrl\":\"https:\\\/\\\/www.organisator.ch\\\/wp-content\\\/uploads\\\/2022\\\/01\\\/Logo_Organisator_Website.png\",\"width\":800,\"height\":77,\"caption\":\"Organisator\"},\"image\":{\"@id\":\"https:\\\/\\\/www.organisator.ch\\\/#\\\/schema\\\/logo\\\/image\\\/\"},\"sameAs\":[\"https:\\\/\\\/www.facebook.com\\\/OrganisatorFachmagazin\",\"https:\\\/\\\/www.linkedin.com\\\/showcase\\\/organisator-das-magazin-fr-kmu\",\"https:\\\/\\\/www.xing.com\\\/news\\\/pages\\\/organisator-ch-695\",\"https:\\\/\\\/www.youtube.com\\\/channel\\\/UCGP2Sq0iWaZwT3BdIAQFYpw\"]},{\"@type\":\"Person\",\"@id\":\"https:\\\/\\\/www.organisator.ch\\\/#\\\/schema\\\/person\\\/2e1314a2172123f874db408d8911d3f3\",\"name\":\"Adelisa Kalajdzini\",\"image\":{\"@type\":\"ImageObject\",\"inLanguage\":\"en-US\",\"@id\":\"https:\\\/\\\/secure.gravatar.com\\\/avatar\\\/09a397c22ac58cad6f160ee8306348599df9df58a8ede73696226897b9fa4b24?s=96&d=mm&r=g\",\"url\":\"https:\\\/\\\/secure.gravatar.com\\\/avatar\\\/09a397c22ac58cad6f160ee8306348599df9df58a8ede73696226897b9fa4b24?s=96&d=mm&r=g\",\"contentUrl\":\"https:\\\/\\\/secure.gravatar.com\\\/avatar\\\/09a397c22ac58cad6f160ee8306348599df9df58a8ede73696226897b9fa4b24?s=96&d=mm&r=g\",\"caption\":\"Adelisa Kalajdzini\"},\"url\":\"https:\\\/\\\/www.organisator.ch\\\/en\\\/author\\\/adelisa-kalajdzini\\\/\"}]}<\/script>\n<!-- \/ Yoast SEO plugin. -->","yoast_head_json":{"title":"Cooperation between ETH Zurich and the Swiss Climate Foundation - Organizer","description":"The \"BUK ETHZ\" and the Swiss Climate Foundation cooperate in the area of promoting climate-friendly building materials and methods.","robots":{"index":"index","follow":"follow","max-snippet":"max-snippet:-1","max-image-preview":"max-image-preview:large","max-video-preview":"max-video-preview:-1"},"canonical":"https:\/\/www.organisator.ch\/en\/sustainability\/2023-11-14\/kooperation-zwischen-eth-zuerich-und-klimastiftung-schweiz\/","og_locale":"en_US","og_type":"article","og_title":"Kooperation zwischen ETH Z\u00fcrich und Klimastiftung Schweiz","og_description":"Die \"BUK ETHZ\" und die Klimastiftung Schweiz kooperieren im Bereich F\u00f6rderung klimafreundlicher Baustoffe und Methoden.","og_url":"https:\/\/www.organisator.ch\/en\/sustainability\/2023-11-14\/kooperation-zwischen-eth-zuerich-und-klimastiftung-schweiz\/","og_site_name":"Organisator","article_publisher":"https:\/\/www.facebook.com\/OrganisatorFachmagazin","article_published_time":"2023-11-14T09:05:01+00:00","og_image":[{"width":680,"height":452,"url":"https:\/\/www.organisator.ch\/wp-content\/uploads\/2023\/11\/Klimastiftung_ETH_Bild2_ps.jpg","type":"image\/jpeg"}],"author":"Adelisa Kalajdzini","twitter_card":"summary_large_image","twitter_title":"Kooperation zwischen ETH Z\u00fcrich und Klimastiftung Schweiz","twitter_description":"Die #\"BUK ETHZ\" und die #Klimastiftung #Schweiz kooperieren im Bereich F\u00f6rderung #klimafreundlicher #Baustoffe und #Methoden.","twitter_image":"https:\/\/www.organisator.ch\/wp-content\/uploads\/2023\/11\/Klimastiftung_ETH_Bild2_ps.jpg","schema":{"@context":"https:\/\/schema.org","@graph":[{"@type":"Article","@id":"https:\/\/www.organisator.ch\/sustainability\/2023-11-14\/kooperation-zwischen-eth-zuerich-und-klimastiftung-schweiz\/#article","isPartOf":{"@id":"https:\/\/www.organisator.ch\/sustainability\/2023-11-14\/kooperation-zwischen-eth-zuerich-und-klimastiftung-schweiz\/"},"author":{"name":"Adelisa Kalajdzini","@id":"https:\/\/www.organisator.ch\/#\/schema\/person\/2e1314a2172123f874db408d8911d3f3"},"headline":"Kooperation zwischen ETH Z\u00fcrich und Klimastiftung Schweiz","datePublished":"2023-11-14T09:05:01+00:00","mainEntityOfPage":{"@id":"https:\/\/www.organisator.ch\/sustainability\/2023-11-14\/kooperation-zwischen-eth-zuerich-und-klimastiftung-schweiz\/"},"wordCount":398,"publisher":{"@id":"https:\/\/www.organisator.ch\/#organization"},"image":{"@id":"https:\/\/www.organisator.ch\/sustainability\/2023-11-14\/kooperation-zwischen-eth-zuerich-und-klimastiftung-schweiz\/#primaryimage"},"thumbnailUrl":"https:\/\/www.organisator.ch\/wp-content\/uploads\/2023\/11\/Klimastiftung_ETH_Bild2_ps.jpg","keywords":["Klimastiftung Schweiz","Kooperation","Nachhaltigkeit","Unternehmen"],"articleSection":["SUSTAINABILITY"],"inLanguage":"en-US"},{"@type":"WebPage","@id":"https:\/\/www.organisator.ch\/sustainability\/2023-11-14\/kooperation-zwischen-eth-zuerich-und-klimastiftung-schweiz\/","url":"https:\/\/www.organisator.ch\/sustainability\/2023-11-14\/kooperation-zwischen-eth-zuerich-und-klimastiftung-schweiz\/","name":"Cooperation between ETH Zurich and the Swiss Climate Foundation - Organizer","isPartOf":{"@id":"https:\/\/www.organisator.ch\/#website"},"primaryImageOfPage":{"@id":"https:\/\/www.organisator.ch\/sustainability\/2023-11-14\/kooperation-zwischen-eth-zuerich-und-klimastiftung-schweiz\/#primaryimage"},"image":{"@id":"https:\/\/www.organisator.ch\/sustainability\/2023-11-14\/kooperation-zwischen-eth-zuerich-und-klimastiftung-schweiz\/#primaryimage"},"thumbnailUrl":"https:\/\/www.organisator.ch\/wp-content\/uploads\/2023\/11\/Klimastiftung_ETH_Bild2_ps.jpg","datePublished":"2023-11-14T09:05:01+00:00","description":"The \"BUK ETHZ\" and the Swiss Climate Foundation cooperate in the area of promoting climate-friendly building materials and methods.","breadcrumb":{"@id":"https:\/\/www.organisator.ch\/sustainability\/2023-11-14\/kooperation-zwischen-eth-zuerich-und-klimastiftung-schweiz\/#breadcrumb"},"inLanguage":"en-US","potentialAction":[{"@type":"ReadAction","target":["https:\/\/www.organisator.ch\/sustainability\/2023-11-14\/kooperation-zwischen-eth-zuerich-und-klimastiftung-schweiz\/"]}]},{"@type":"ImageObject","inLanguage":"en-US","@id":"https:\/\/www.organisator.ch\/sustainability\/2023-11-14\/kooperation-zwischen-eth-zuerich-und-klimastiftung-schweiz\/#primaryimage","url":"https:\/\/www.organisator.ch\/wp-content\/uploads\/2023\/11\/Klimastiftung_ETH_Bild2_ps.jpg","contentUrl":"https:\/\/www.organisator.ch\/wp-content\/uploads\/2023\/11\/Klimastiftung_ETH_Bild2_ps.jpg","width":680,"height":452,"caption":"Die \"BUK ETHZ\" und die Klimastiftung Schweiz kooperieren im Bereich F\u00f6rderung klimafreundlicher Baustoffe und Methoden. (Bild: www.depositphotos.com)"},{"@type":"BreadcrumbList","@id":"https:\/\/www.organisator.ch\/sustainability\/2023-11-14\/kooperation-zwischen-eth-zuerich-und-klimastiftung-schweiz\/#breadcrumb","itemListElement":[{"@type":"ListItem","position":1,"name":"Home","item":"https:\/\/www.organisator.ch\/"},{"@type":"ListItem","position":2,"name":"Kooperation zwischen ETH Z\u00fcrich und Klimastiftung Schweiz"}]},{"@type":"WebSite","@id":"https:\/\/www.organisator.ch\/#website","url":"https:\/\/www.organisator.ch\/","name":"Organizer","description":"Competent. Practical. In 10 issues per year, ORGANISATOR presents the essential topics for managers of SMEs.","publisher":{"@id":"https:\/\/www.organisator.ch\/#organization"},"potentialAction":[{"@type":"SearchAction","target":{"@type":"EntryPoint","urlTemplate":"https:\/\/www.organisator.ch\/?s={search_term_string}"},"query-input":{"@type":"PropertyValueSpecification","valueRequired":true,"valueName":"search_term_string"}}],"inLanguage":"en-US"},{"@type":"Organization","@id":"https:\/\/www.organisator.ch\/#organization","name":"Organizer","url":"https:\/\/www.organisator.ch\/","logo":{"@type":"ImageObject","inLanguage":"en-US","@id":"https:\/\/www.organisator.ch\/#\/schema\/logo\/image\/","url":"https:\/\/www.organisator.ch\/wp-content\/uploads\/2022\/01\/Logo_Organisator_Website.png","contentUrl":"https:\/\/www.organisator.ch\/wp-content\/uploads\/2022\/01\/Logo_Organisator_Website.png","width":800,"height":77,"caption":"Organisator"},"image":{"@id":"https:\/\/www.organisator.ch\/#\/schema\/logo\/image\/"},"sameAs":["https:\/\/www.facebook.com\/OrganisatorFachmagazin","https:\/\/www.linkedin.com\/showcase\/organisator-das-magazin-fr-kmu","https:\/\/www.xing.com\/news\/pages\/organisator-ch-695","https:\/\/www.youtube.com\/channel\/UCGP2Sq0iWaZwT3BdIAQFYpw"]},{"@type":"Person","@id":"https:\/\/www.organisator.ch\/#\/schema\/person\/2e1314a2172123f874db408d8911d3f3","name":"Adelisa Kalajdzini","image":{"@type":"ImageObject","inLanguage":"en-US","@id":"https:\/\/secure.gravatar.com\/avatar\/09a397c22ac58cad6f160ee8306348599df9df58a8ede73696226897b9fa4b24?s=96&d=mm&r=g","url":"https:\/\/secure.gravatar.com\/avatar\/09a397c22ac58cad6f160ee8306348599df9df58a8ede73696226897b9fa4b24?s=96&d=mm&r=g","contentUrl":"https:\/\/secure.gravatar.com\/avatar\/09a397c22ac58cad6f160ee8306348599df9df58a8ede73696226897b9fa4b24?s=96&d=mm&r=g","caption":"Adelisa Kalajdzini"},"url":"https:\/\/www.organisator.ch\/en\/author\/adelisa-kalajdzini\/"}]}},"_links":{"self":[{"href":"https:\/\/www.organisator.ch\/en\/wp-json\/wp\/v2\/posts\/23158","targetHints":{"allow":["GET"]}}],"collection":[{"href":"https:\/\/www.organisator.ch\/en\/wp-json\/wp\/v2\/posts"}],"about":[{"href":"https:\/\/www.organisator.ch\/en\/wp-json\/wp\/v2\/types\/post"}],"author":[{"embeddable":true,"href":"https:\/\/www.organisator.ch\/en\/wp-json\/wp\/v2\/users\/58"}],"replies":[{"embeddable":true,"href":"https:\/\/www.organisator.ch\/en\/wp-json\/wp\/v2\/comments?post=23158"}],"version-history":[{"count":7,"href":"https:\/\/www.organisator.ch\/en\/wp-json\/wp\/v2\/posts\/23158\/revisions"}],"predecessor-version":[{"id":23609,"href":"https:\/\/www.organisator.ch\/en\/wp-json\/wp\/v2\/posts\/23158\/revisions\/23609"}],"wp:featuredmedia":[{"embeddable":true,"href":"https:\/\/www.organisator.ch\/en\/wp-json\/wp\/v2\/media\/23161"}],"wp:attachment":[{"href":"https:\/\/www.organisator.ch\/en\/wp-json\/wp\/v2\/media?parent=23158"}],"wp:term":[{"taxonomy":"category","embeddable":true,"href":"https:\/\/www.organisator.ch\/en\/wp-json\/wp\/v2\/categories?post=23158"},{"taxonomy":"post_tag","embeddable":true,"href":"https:\/\/www.organisator.ch\/en\/wp-json\/wp\/v2\/tags?post=23158"}],"curies":[{"name":"wp","href":"https:\/\/api.w.org\/{rel}","templated":true}]}}