{"id":23178,"date":"2023-11-15T10:03:27","date_gmt":"2023-11-15T09:03:27","guid":{"rendered":"https:\/\/www.organisator.ch\/?p=23178"},"modified":"2023-11-14T13:48:19","modified_gmt":"2023-11-14T12:48:19","slug":"studie-gefuehle-zeigen-erleichtert-die-zusammenarbeit","status":"publish","type":"post","link":"https:\/\/www.organisator.ch\/en\/human-resources\/2023-11-15\/studie-gefuehle-zeigen-erleichtert-die-zusammenarbeit\/","title":{"rendered":"Study: Showing emotions makes collaboration easier"},"content":{"rendered":"<figure id=\"attachment_23182\" aria-describedby=\"caption-attachment-23182\" style=\"width: 680px\" class=\"wp-caption alignnone\"><img loading=\"lazy\" decoding=\"async\" class=\"size-full wp-image-23182\" src=\"https:\/\/www.organisator.ch\/wp-content\/uploads\/2023\/11\/New-Work-SE_Bild1_ps.jpg\" alt=\"\" width=\"680\" height=\"453\" srcset=\"https:\/\/www.organisator.ch\/wp-content\/uploads\/2023\/11\/New-Work-SE_Bild1_ps.jpg 680w, https:\/\/www.organisator.ch\/wp-content\/uploads\/2023\/11\/New-Work-SE_Bild1_ps-18x12.jpg 18w, https:\/\/www.organisator.ch\/wp-content\/uploads\/2023\/11\/New-Work-SE_Bild1_ps-375x250.jpg 375w, https:\/\/www.organisator.ch\/wp-content\/uploads\/2023\/11\/New-Work-SE_Bild1_ps-525x350.jpg 525w\" sizes=\"auto, (max-width: 680px) 100vw, 680px\" \/><figcaption id=\"caption-attachment-23182\" class=\"wp-caption-text\">Study: 87 percent of respondents say it is easier to work with colleagues when they show their feelings. (Image: www.unsplash.com)<\/figcaption><\/figure>\n<h3><strong>Showing your feelings makes it easier to work together and strengthens cohesion<\/strong><\/h3>\n<p>87% of respondents say that they find it easier to work with colleagues when they show their feelings. 82% are also of the opinion that team cohesion is strengthened when feelings are shared. Only a minority (38%) fear that showing feelings could slow down their career. However, showing feelings should not mean acting accordingly. Two thirds (65%) find it problematic to be guided by their feelings at work.<\/p>\n<p>Sandra Bascha, XING Communications Manager for Switzerland, says: \"The results indicate a differentiated approach to the topic of feelings in the workplace. On the one hand, the vast majority say that sharing feelings promotes collaboration. On the other hand, for most people, feelings are not a reliable basis for making decisions in a professional environment.\"<\/p>\n<h3><strong>Tears at work: women are more likely to cry out of anger and frustration, men out of sadness or joy<\/strong><\/h3>\n<p>The majority of those surveyed (58%) have felt tearful at work at some point, with women (71%) more likely to do so than men (45%). Among female respondents, it is primarily anger or frustration (42%), followed by sadness (32%) that brings tears to their eyes. Men mainly cry out of sadness (19 percent) or out of joy and emotion (also 19 percent).<\/p>\n<h3><strong>Positive feelings can be shown without hesitation<\/strong><\/h3>\n<p>More than half of those surveyed (56%) say that they can show happiness at work without hesitation. The figure is 55 percent for satisfaction and 49 percent each for motivation and happiness. 44% state that they can show enthusiasm without hesitation. There is more restraint when it comes to negative feelings: Stress can still be shown without hesitation by 26%, anger by 23% and disappointment by 20%.<\/p>\n<p>Sandra Bascha: \"When it comes to expressing feelings, the more the merrier. What's more valuable is the certainty that I can express my feelings without having to fear negative consequences. This is the only way I can be myself at work, which is also a key feature of New Work. Whether this is possible depends on the culture of the company. That's why cultural fit is crucial when choosing an employer.\"<\/p>\n<h3><strong>Showing feelings is more possible in German-speaking Switzerland than in French-speaking Switzerland<\/strong><\/h3>\n<p>While 61% of respondents from German-speaking Switzerland say that they can show their happiness at work without hesitation, in French-speaking Switzerland the figure is less than half (39%). The differences are also evident when it comes to negative feelings. 27% of German-speaking Swiss are able to show their anger at work without hesitation, compared to just 9% in French-speaking Switzerland. The difference between the language regions is evident in almost all the feelings surveyed.<\/p>\n<h3><strong>Stress and satisfaction shape the emotional world at work<\/strong><\/h3>\n<p>The participants were also asked what feelings they often experience at work. At the top of the list are stress and satisfaction, both of which are frequently experienced by 49% of respondents. Motivation (42%) and happiness (41%) followed in second place. With the exception of stress, positive feelings clearly predominate in everyday working life. 27 percent often feel frustration at work, 20 percent anger and 19 percent demotivation.<\/p>\n<h3><strong>Generation Z: most stressed and most motivated<\/strong><\/h3>\n<p>Generation Z employees (18 to 26-year-olds) experience stress particularly frequently at 58%. Of millennials (27 to 42-year-olds), 50 percent, 47 percent of Generation X (43 to 58-year-olds) and 39 percent of baby boomers (59 to 65-year-olds) say that they often experience stress at work. Generation Z respondents also feel motivated (51%) and happy (48%) more often than all other age groups. And a sense of pride is more common among younger Generation Z professionals (34%) and Millennials (31%) than among members of Generation X (24%) and Baby Boomers (19%).<\/p>\n<h3><strong>Satisfaction dominates in old age<\/strong><\/h3>\n<p>Among Baby Boomers, satisfaction is the most frequently perceived feeling in the workplace at 60 percent, well ahead of stress at 39 percent. Meaningfulness is also perceived more frequently with increasing age: While 28 percent of Baby Boomers frequently experience a sense of purpose at work, this figure is 16 percent for Generation Z, 21 percent for Millennials and 26 percent for Generation X.<\/p>\n<h3><strong>More joy and happiness in German-speaking Switzerland, more sense of purpose in French-speaking Switzerland<\/strong><\/h3>\n<p>German-speaking Swiss are more likely to experience stress, but also joy and happiness at work than employees in French-speaking Switzerland. On the other hand, around a third (34 percent) of French-speaking Swiss regularly experience meaningfulness, compared to 19 percent of German-speaking Swiss.<\/p>\n<p><em>Source: <a href=\"https:\/\/www.new-work.se\/de\">www. new-work.se<\/a><\/em><\/p>","protected":false},"excerpt":{"rendered":"<p>Emotions often run high when it comes to feelings in the workplace: while for some people a fist on the table is an honest expression of frustration, others consider sharing personal feelings to be unprofessional. Can or should you show your feelings openly at work? And are there feelings that are more accepted than others? These and other questions are explored in a recent study commissioned by the jobs network XING, for which over 1,000 professionals in German-speaking and French-speaking Switzerland were surveyed. <\/p>","protected":false},"author":58,"featured_media":23182,"comment_status":"closed","ping_status":"closed","sticky":false,"template":"","format":"standard","meta":{"_acf_changed":false,"_yoast_wpseo_focuskw":"Gef\u00fchle","_yoast_wpseo_metadesc":"Darf oder soll man bei der Arbeit Gef\u00fchle offen zeigen? Und gibt es Gef\u00fchle, die st\u00e4rker akzeptiert sind als andere? Diesen und anderen Fragen geht eine aktuelle Studie im Auftrag des Jobs-Netzwerks XING nach, f\u00fcr die \u00fcber 1'000 Berufst\u00e4tige in der Deutsch- und Westschweiz befragt wurden.","articlekey":"","footnotes":""},"categories":[579],"tags":[3506,459,487,492],"class_list":["post-23178","post","type-post","status-publish","format-standard","has-post-thumbnail","hentry","category-human-resources","tag-human-resources","tag-studie","tag-umfrage","tag-unternehmen"],"acf":[],"yoast_head":"<!-- This site is optimized with the Yoast SEO plugin v27.5 - https:\/\/yoast.com\/product\/yoast-seo-wordpress\/ -->\n<title>Studie: Gef\u00fchle zeigen erleichtert die Zusammenarbeit - Organisator<\/title>\n<meta name=\"description\" content=\"Darf oder soll man bei der Arbeit Gef\u00fchle offen zeigen? Und gibt es Gef\u00fchle, die st\u00e4rker akzeptiert sind als andere? Diesen und anderen Fragen geht eine aktuelle Studie im Auftrag des Jobs-Netzwerks XING nach, f\u00fcr die \u00fcber 1&#039;000 Berufst\u00e4tige in der Deutsch- und Westschweiz befragt wurden.\" \/>\n<meta name=\"robots\" content=\"index, follow, max-snippet:-1, max-image-preview:large, max-video-preview:-1\" \/>\n<link rel=\"canonical\" href=\"https:\/\/www.organisator.ch\/en\/human-resources\/2023-11-15\/studie-gefuehle-zeigen-erleichtert-die-zusammenarbeit\/\" \/>\n<meta property=\"og:locale\" content=\"en_US\" \/>\n<meta property=\"og:type\" content=\"article\" \/>\n<meta property=\"og:title\" content=\"Studie: Gef\u00fchle zeigen erleichtert die Zusammenarbeit\" \/>\n<meta property=\"og:description\" content=\"Darf oder soll man bei der Arbeit Gef\u00fchle offen zeigen? Und gibt es Gef\u00fchle, die st\u00e4rker akzeptiert sind als andere? Diesen und anderen Fragen geht eine aktuelle Studie im Auftrag des Jobs-Netzwerks XING nach, f\u00fcr die \u00fcber 1&#039;000 Berufst\u00e4tige in der Deutsch- und Westschweiz befragt wurden.\" \/>\n<meta property=\"og:url\" content=\"https:\/\/www.organisator.ch\/en\/human-resources\/2023-11-15\/studie-gefuehle-zeigen-erleichtert-die-zusammenarbeit\/\" \/>\n<meta property=\"og:site_name\" content=\"Organisator\" \/>\n<meta property=\"article:publisher\" content=\"https:\/\/www.facebook.com\/OrganisatorFachmagazin\" \/>\n<meta property=\"article:published_time\" content=\"2023-11-15T09:03:27+00:00\" \/>\n<meta property=\"og:image\" content=\"https:\/\/www.organisator.ch\/wp-content\/uploads\/2023\/11\/New-Work-SE_Bild1_ps.jpg\" \/>\n\t<meta property=\"og:image:width\" content=\"680\" \/>\n\t<meta property=\"og:image:height\" content=\"453\" \/>\n\t<meta property=\"og:image:type\" content=\"image\/jpeg\" \/>\n<meta name=\"author\" content=\"Adelisa Kalajdzini\" \/>\n<meta name=\"twitter:card\" content=\"summary_large_image\" \/>\n<meta name=\"twitter:title\" content=\"Studie: Gef\u00fchle zeigen erleichtert die Zusammenarbeit\" \/>\n<meta name=\"twitter:description\" content=\"Darf oder soll man bei der #Arbeit #Gef\u00fchle offen zeigen? Und gibt es Gef\u00fchle, die st\u00e4rker akzeptiert sind als andere? Diesen und anderen Fragen geht eine aktuelle #Studie im Auftrag des #Jobs-Netzwerks XING nach, f\u00fcr die \u00fcber 1&#039;000 Berufst\u00e4tige in der Deutsch- und Westschweiz befragt wurden.\" \/>\n<meta name=\"twitter:image\" content=\"https:\/\/www.organisator.ch\/wp-content\/uploads\/2023\/11\/New-Work-SE_Bild1_ps.jpg\" \/>\n<script type=\"application\/ld+json\" class=\"yoast-schema-graph\">{\"@context\":\"https:\\\/\\\/schema.org\",\"@graph\":[{\"@type\":\"Article\",\"@id\":\"https:\\\/\\\/www.organisator.ch\\\/human-resources\\\/2023-11-15\\\/studie-gefuehle-zeigen-erleichtert-die-zusammenarbeit\\\/#article\",\"isPartOf\":{\"@id\":\"https:\\\/\\\/www.organisator.ch\\\/human-resources\\\/2023-11-15\\\/studie-gefuehle-zeigen-erleichtert-die-zusammenarbeit\\\/\"},\"author\":{\"name\":\"Adelisa Kalajdzini\",\"@id\":\"https:\\\/\\\/www.organisator.ch\\\/#\\\/schema\\\/person\\\/2e1314a2172123f874db408d8911d3f3\"},\"headline\":\"Studie: Gef\u00fchle zeigen erleichtert die Zusammenarbeit\",\"datePublished\":\"2023-11-15T09:03:27+00:00\",\"mainEntityOfPage\":{\"@id\":\"https:\\\/\\\/www.organisator.ch\\\/human-resources\\\/2023-11-15\\\/studie-gefuehle-zeigen-erleichtert-die-zusammenarbeit\\\/\"},\"wordCount\":833,\"publisher\":{\"@id\":\"https:\\\/\\\/www.organisator.ch\\\/#organization\"},\"image\":{\"@id\":\"https:\\\/\\\/www.organisator.ch\\\/human-resources\\\/2023-11-15\\\/studie-gefuehle-zeigen-erleichtert-die-zusammenarbeit\\\/#primaryimage\"},\"thumbnailUrl\":\"https:\\\/\\\/www.organisator.ch\\\/wp-content\\\/uploads\\\/2023\\\/11\\\/New-Work-SE_Bild1_ps.jpg\",\"keywords\":[\"Human Resources\",\"Studie\",\"Umfrage\",\"Unternehmen\"],\"articleSection\":[\"HUMAN RESOURCES\"],\"inLanguage\":\"en-US\"},{\"@type\":\"WebPage\",\"@id\":\"https:\\\/\\\/www.organisator.ch\\\/human-resources\\\/2023-11-15\\\/studie-gefuehle-zeigen-erleichtert-die-zusammenarbeit\\\/\",\"url\":\"https:\\\/\\\/www.organisator.ch\\\/human-resources\\\/2023-11-15\\\/studie-gefuehle-zeigen-erleichtert-die-zusammenarbeit\\\/\",\"name\":\"Studie: Gef\u00fchle zeigen erleichtert die Zusammenarbeit - Organisator\",\"isPartOf\":{\"@id\":\"https:\\\/\\\/www.organisator.ch\\\/#website\"},\"primaryImageOfPage\":{\"@id\":\"https:\\\/\\\/www.organisator.ch\\\/human-resources\\\/2023-11-15\\\/studie-gefuehle-zeigen-erleichtert-die-zusammenarbeit\\\/#primaryimage\"},\"image\":{\"@id\":\"https:\\\/\\\/www.organisator.ch\\\/human-resources\\\/2023-11-15\\\/studie-gefuehle-zeigen-erleichtert-die-zusammenarbeit\\\/#primaryimage\"},\"thumbnailUrl\":\"https:\\\/\\\/www.organisator.ch\\\/wp-content\\\/uploads\\\/2023\\\/11\\\/New-Work-SE_Bild1_ps.jpg\",\"datePublished\":\"2023-11-15T09:03:27+00:00\",\"description\":\"Darf oder soll man bei der Arbeit Gef\u00fchle offen zeigen? Und gibt es Gef\u00fchle, die st\u00e4rker akzeptiert sind als andere? Diesen und anderen Fragen geht eine aktuelle Studie im Auftrag des Jobs-Netzwerks XING nach, f\u00fcr die \u00fcber 1'000 Berufst\u00e4tige in der Deutsch- und Westschweiz befragt wurden.\",\"breadcrumb\":{\"@id\":\"https:\\\/\\\/www.organisator.ch\\\/human-resources\\\/2023-11-15\\\/studie-gefuehle-zeigen-erleichtert-die-zusammenarbeit\\\/#breadcrumb\"},\"inLanguage\":\"en-US\",\"potentialAction\":[{\"@type\":\"ReadAction\",\"target\":[\"https:\\\/\\\/www.organisator.ch\\\/human-resources\\\/2023-11-15\\\/studie-gefuehle-zeigen-erleichtert-die-zusammenarbeit\\\/\"]}]},{\"@type\":\"ImageObject\",\"inLanguage\":\"en-US\",\"@id\":\"https:\\\/\\\/www.organisator.ch\\\/human-resources\\\/2023-11-15\\\/studie-gefuehle-zeigen-erleichtert-die-zusammenarbeit\\\/#primaryimage\",\"url\":\"https:\\\/\\\/www.organisator.ch\\\/wp-content\\\/uploads\\\/2023\\\/11\\\/New-Work-SE_Bild1_ps.jpg\",\"contentUrl\":\"https:\\\/\\\/www.organisator.ch\\\/wp-content\\\/uploads\\\/2023\\\/11\\\/New-Work-SE_Bild1_ps.jpg\",\"width\":680,\"height\":453,\"caption\":\"Studie: 87 Prozent der Befragten sagen, dass sie einfacher mit Kolleginnen und Kollegen zusammenarbeiten, wenn diese ihre Gef\u00fchle zeigen. (Bild: www.unsplash.com)\"},{\"@type\":\"BreadcrumbList\",\"@id\":\"https:\\\/\\\/www.organisator.ch\\\/human-resources\\\/2023-11-15\\\/studie-gefuehle-zeigen-erleichtert-die-zusammenarbeit\\\/#breadcrumb\",\"itemListElement\":[{\"@type\":\"ListItem\",\"position\":1,\"name\":\"Home\",\"item\":\"https:\\\/\\\/www.organisator.ch\\\/\"},{\"@type\":\"ListItem\",\"position\":2,\"name\":\"Studie: Gef\u00fchle zeigen erleichtert die Zusammenarbeit\"}]},{\"@type\":\"WebSite\",\"@id\":\"https:\\\/\\\/www.organisator.ch\\\/#website\",\"url\":\"https:\\\/\\\/www.organisator.ch\\\/\",\"name\":\"Organisator\",\"description\":\"Kompetent. Praxisnah. Der ORGANISATOR bereitet in 10 Ausgaben pro Jahr die wesentlichen Themen f\u00fcr F\u00fchrungskr\u00e4fte von KMU auf.\",\"publisher\":{\"@id\":\"https:\\\/\\\/www.organisator.ch\\\/#organization\"},\"potentialAction\":[{\"@type\":\"SearchAction\",\"target\":{\"@type\":\"EntryPoint\",\"urlTemplate\":\"https:\\\/\\\/www.organisator.ch\\\/?s={search_term_string}\"},\"query-input\":{\"@type\":\"PropertyValueSpecification\",\"valueRequired\":true,\"valueName\":\"search_term_string\"}}],\"inLanguage\":\"en-US\"},{\"@type\":\"Organization\",\"@id\":\"https:\\\/\\\/www.organisator.ch\\\/#organization\",\"name\":\"Organisator\",\"url\":\"https:\\\/\\\/www.organisator.ch\\\/\",\"logo\":{\"@type\":\"ImageObject\",\"inLanguage\":\"en-US\",\"@id\":\"https:\\\/\\\/www.organisator.ch\\\/#\\\/schema\\\/logo\\\/image\\\/\",\"url\":\"https:\\\/\\\/www.organisator.ch\\\/wp-content\\\/uploads\\\/2022\\\/01\\\/Logo_Organisator_Website.png\",\"contentUrl\":\"https:\\\/\\\/www.organisator.ch\\\/wp-content\\\/uploads\\\/2022\\\/01\\\/Logo_Organisator_Website.png\",\"width\":800,\"height\":77,\"caption\":\"Organisator\"},\"image\":{\"@id\":\"https:\\\/\\\/www.organisator.ch\\\/#\\\/schema\\\/logo\\\/image\\\/\"},\"sameAs\":[\"https:\\\/\\\/www.facebook.com\\\/OrganisatorFachmagazin\",\"https:\\\/\\\/www.linkedin.com\\\/showcase\\\/organisator-das-magazin-fr-kmu\",\"https:\\\/\\\/www.xing.com\\\/news\\\/pages\\\/organisator-ch-695\",\"https:\\\/\\\/www.youtube.com\\\/channel\\\/UCGP2Sq0iWaZwT3BdIAQFYpw\"]},{\"@type\":\"Person\",\"@id\":\"https:\\\/\\\/www.organisator.ch\\\/#\\\/schema\\\/person\\\/2e1314a2172123f874db408d8911d3f3\",\"name\":\"Adelisa Kalajdzini\",\"image\":{\"@type\":\"ImageObject\",\"inLanguage\":\"en-US\",\"@id\":\"https:\\\/\\\/secure.gravatar.com\\\/avatar\\\/09a397c22ac58cad6f160ee8306348599df9df58a8ede73696226897b9fa4b24?s=96&d=mm&r=g\",\"url\":\"https:\\\/\\\/secure.gravatar.com\\\/avatar\\\/09a397c22ac58cad6f160ee8306348599df9df58a8ede73696226897b9fa4b24?s=96&d=mm&r=g\",\"contentUrl\":\"https:\\\/\\\/secure.gravatar.com\\\/avatar\\\/09a397c22ac58cad6f160ee8306348599df9df58a8ede73696226897b9fa4b24?s=96&d=mm&r=g\",\"caption\":\"Adelisa Kalajdzini\"},\"url\":\"https:\\\/\\\/www.organisator.ch\\\/en\\\/author\\\/adelisa-kalajdzini\\\/\"}]}<\/script>\n<!-- \/ Yoast SEO plugin. -->","yoast_head_json":{"title":"Study: Showing emotions makes collaboration easier - Organizer","description":"Can or should you show your feelings openly at work? And are there feelings that are more accepted than others? These and other questions are explored in a recent study commissioned by the jobs network XING, for which over 1,000 professionals in German-speaking and French-speaking Switzerland were surveyed.","robots":{"index":"index","follow":"follow","max-snippet":"max-snippet:-1","max-image-preview":"max-image-preview:large","max-video-preview":"max-video-preview:-1"},"canonical":"https:\/\/www.organisator.ch\/en\/human-resources\/2023-11-15\/studie-gefuehle-zeigen-erleichtert-die-zusammenarbeit\/","og_locale":"en_US","og_type":"article","og_title":"Studie: Gef\u00fchle zeigen erleichtert die Zusammenarbeit","og_description":"Darf oder soll man bei der Arbeit Gef\u00fchle offen zeigen? Und gibt es Gef\u00fchle, die st\u00e4rker akzeptiert sind als andere? Diesen und anderen Fragen geht eine aktuelle Studie im Auftrag des Jobs-Netzwerks XING nach, f\u00fcr die \u00fcber 1'000 Berufst\u00e4tige in der Deutsch- und Westschweiz befragt wurden.","og_url":"https:\/\/www.organisator.ch\/en\/human-resources\/2023-11-15\/studie-gefuehle-zeigen-erleichtert-die-zusammenarbeit\/","og_site_name":"Organisator","article_publisher":"https:\/\/www.facebook.com\/OrganisatorFachmagazin","article_published_time":"2023-11-15T09:03:27+00:00","og_image":[{"width":680,"height":453,"url":"https:\/\/www.organisator.ch\/wp-content\/uploads\/2023\/11\/New-Work-SE_Bild1_ps.jpg","type":"image\/jpeg"}],"author":"Adelisa Kalajdzini","twitter_card":"summary_large_image","twitter_title":"Studie: Gef\u00fchle zeigen erleichtert die Zusammenarbeit","twitter_description":"Darf oder soll man bei der #Arbeit #Gef\u00fchle offen zeigen? Und gibt es Gef\u00fchle, die st\u00e4rker akzeptiert sind als andere? Diesen und anderen Fragen geht eine aktuelle #Studie im Auftrag des #Jobs-Netzwerks XING nach, f\u00fcr die \u00fcber 1'000 Berufst\u00e4tige in der Deutsch- und Westschweiz befragt wurden.","twitter_image":"https:\/\/www.organisator.ch\/wp-content\/uploads\/2023\/11\/New-Work-SE_Bild1_ps.jpg","schema":{"@context":"https:\/\/schema.org","@graph":[{"@type":"Article","@id":"https:\/\/www.organisator.ch\/human-resources\/2023-11-15\/studie-gefuehle-zeigen-erleichtert-die-zusammenarbeit\/#article","isPartOf":{"@id":"https:\/\/www.organisator.ch\/human-resources\/2023-11-15\/studie-gefuehle-zeigen-erleichtert-die-zusammenarbeit\/"},"author":{"name":"Adelisa Kalajdzini","@id":"https:\/\/www.organisator.ch\/#\/schema\/person\/2e1314a2172123f874db408d8911d3f3"},"headline":"Studie: Gef\u00fchle zeigen erleichtert die Zusammenarbeit","datePublished":"2023-11-15T09:03:27+00:00","mainEntityOfPage":{"@id":"https:\/\/www.organisator.ch\/human-resources\/2023-11-15\/studie-gefuehle-zeigen-erleichtert-die-zusammenarbeit\/"},"wordCount":833,"publisher":{"@id":"https:\/\/www.organisator.ch\/#organization"},"image":{"@id":"https:\/\/www.organisator.ch\/human-resources\/2023-11-15\/studie-gefuehle-zeigen-erleichtert-die-zusammenarbeit\/#primaryimage"},"thumbnailUrl":"https:\/\/www.organisator.ch\/wp-content\/uploads\/2023\/11\/New-Work-SE_Bild1_ps.jpg","keywords":["Human Resources","Studie","Umfrage","Unternehmen"],"articleSection":["HUMAN RESOURCES"],"inLanguage":"en-US"},{"@type":"WebPage","@id":"https:\/\/www.organisator.ch\/human-resources\/2023-11-15\/studie-gefuehle-zeigen-erleichtert-die-zusammenarbeit\/","url":"https:\/\/www.organisator.ch\/human-resources\/2023-11-15\/studie-gefuehle-zeigen-erleichtert-die-zusammenarbeit\/","name":"Study: Showing emotions makes collaboration easier - Organizer","isPartOf":{"@id":"https:\/\/www.organisator.ch\/#website"},"primaryImageOfPage":{"@id":"https:\/\/www.organisator.ch\/human-resources\/2023-11-15\/studie-gefuehle-zeigen-erleichtert-die-zusammenarbeit\/#primaryimage"},"image":{"@id":"https:\/\/www.organisator.ch\/human-resources\/2023-11-15\/studie-gefuehle-zeigen-erleichtert-die-zusammenarbeit\/#primaryimage"},"thumbnailUrl":"https:\/\/www.organisator.ch\/wp-content\/uploads\/2023\/11\/New-Work-SE_Bild1_ps.jpg","datePublished":"2023-11-15T09:03:27+00:00","description":"Can or should you show your feelings openly at work? And are there feelings that are more accepted than others? These and other questions are explored in a recent study commissioned by the jobs network XING, for which over 1,000 professionals in German-speaking and French-speaking Switzerland were surveyed.","breadcrumb":{"@id":"https:\/\/www.organisator.ch\/human-resources\/2023-11-15\/studie-gefuehle-zeigen-erleichtert-die-zusammenarbeit\/#breadcrumb"},"inLanguage":"en-US","potentialAction":[{"@type":"ReadAction","target":["https:\/\/www.organisator.ch\/human-resources\/2023-11-15\/studie-gefuehle-zeigen-erleichtert-die-zusammenarbeit\/"]}]},{"@type":"ImageObject","inLanguage":"en-US","@id":"https:\/\/www.organisator.ch\/human-resources\/2023-11-15\/studie-gefuehle-zeigen-erleichtert-die-zusammenarbeit\/#primaryimage","url":"https:\/\/www.organisator.ch\/wp-content\/uploads\/2023\/11\/New-Work-SE_Bild1_ps.jpg","contentUrl":"https:\/\/www.organisator.ch\/wp-content\/uploads\/2023\/11\/New-Work-SE_Bild1_ps.jpg","width":680,"height":453,"caption":"Studie: 87 Prozent der Befragten sagen, dass sie einfacher mit Kolleginnen und Kollegen zusammenarbeiten, wenn diese ihre Gef\u00fchle zeigen. (Bild: www.unsplash.com)"},{"@type":"BreadcrumbList","@id":"https:\/\/www.organisator.ch\/human-resources\/2023-11-15\/studie-gefuehle-zeigen-erleichtert-die-zusammenarbeit\/#breadcrumb","itemListElement":[{"@type":"ListItem","position":1,"name":"Home","item":"https:\/\/www.organisator.ch\/"},{"@type":"ListItem","position":2,"name":"Studie: Gef\u00fchle zeigen erleichtert die Zusammenarbeit"}]},{"@type":"WebSite","@id":"https:\/\/www.organisator.ch\/#website","url":"https:\/\/www.organisator.ch\/","name":"Organizer","description":"Competent. Practical. In 10 issues per year, ORGANISATOR presents the essential topics for managers of SMEs.","publisher":{"@id":"https:\/\/www.organisator.ch\/#organization"},"potentialAction":[{"@type":"SearchAction","target":{"@type":"EntryPoint","urlTemplate":"https:\/\/www.organisator.ch\/?s={search_term_string}"},"query-input":{"@type":"PropertyValueSpecification","valueRequired":true,"valueName":"search_term_string"}}],"inLanguage":"en-US"},{"@type":"Organization","@id":"https:\/\/www.organisator.ch\/#organization","name":"Organizer","url":"https:\/\/www.organisator.ch\/","logo":{"@type":"ImageObject","inLanguage":"en-US","@id":"https:\/\/www.organisator.ch\/#\/schema\/logo\/image\/","url":"https:\/\/www.organisator.ch\/wp-content\/uploads\/2022\/01\/Logo_Organisator_Website.png","contentUrl":"https:\/\/www.organisator.ch\/wp-content\/uploads\/2022\/01\/Logo_Organisator_Website.png","width":800,"height":77,"caption":"Organisator"},"image":{"@id":"https:\/\/www.organisator.ch\/#\/schema\/logo\/image\/"},"sameAs":["https:\/\/www.facebook.com\/OrganisatorFachmagazin","https:\/\/www.linkedin.com\/showcase\/organisator-das-magazin-fr-kmu","https:\/\/www.xing.com\/news\/pages\/organisator-ch-695","https:\/\/www.youtube.com\/channel\/UCGP2Sq0iWaZwT3BdIAQFYpw"]},{"@type":"Person","@id":"https:\/\/www.organisator.ch\/#\/schema\/person\/2e1314a2172123f874db408d8911d3f3","name":"Adelisa Kalajdzini","image":{"@type":"ImageObject","inLanguage":"en-US","@id":"https:\/\/secure.gravatar.com\/avatar\/09a397c22ac58cad6f160ee8306348599df9df58a8ede73696226897b9fa4b24?s=96&d=mm&r=g","url":"https:\/\/secure.gravatar.com\/avatar\/09a397c22ac58cad6f160ee8306348599df9df58a8ede73696226897b9fa4b24?s=96&d=mm&r=g","contentUrl":"https:\/\/secure.gravatar.com\/avatar\/09a397c22ac58cad6f160ee8306348599df9df58a8ede73696226897b9fa4b24?s=96&d=mm&r=g","caption":"Adelisa Kalajdzini"},"url":"https:\/\/www.organisator.ch\/en\/author\/adelisa-kalajdzini\/"}]}},"_links":{"self":[{"href":"https:\/\/www.organisator.ch\/en\/wp-json\/wp\/v2\/posts\/23178","targetHints":{"allow":["GET"]}}],"collection":[{"href":"https:\/\/www.organisator.ch\/en\/wp-json\/wp\/v2\/posts"}],"about":[{"href":"https:\/\/www.organisator.ch\/en\/wp-json\/wp\/v2\/types\/post"}],"author":[{"embeddable":true,"href":"https:\/\/www.organisator.ch\/en\/wp-json\/wp\/v2\/users\/58"}],"replies":[{"embeddable":true,"href":"https:\/\/www.organisator.ch\/en\/wp-json\/wp\/v2\/comments?post=23178"}],"version-history":[{"count":4,"href":"https:\/\/www.organisator.ch\/en\/wp-json\/wp\/v2\/posts\/23178\/revisions"}],"predecessor-version":[{"id":23183,"href":"https:\/\/www.organisator.ch\/en\/wp-json\/wp\/v2\/posts\/23178\/revisions\/23183"}],"wp:featuredmedia":[{"embeddable":true,"href":"https:\/\/www.organisator.ch\/en\/wp-json\/wp\/v2\/media\/23182"}],"wp:attachment":[{"href":"https:\/\/www.organisator.ch\/en\/wp-json\/wp\/v2\/media?parent=23178"}],"wp:term":[{"taxonomy":"category","embeddable":true,"href":"https:\/\/www.organisator.ch\/en\/wp-json\/wp\/v2\/categories?post=23178"},{"taxonomy":"post_tag","embeddable":true,"href":"https:\/\/www.organisator.ch\/en\/wp-json\/wp\/v2\/tags?post=23178"}],"curies":[{"name":"wp","href":"https:\/\/api.w.org\/{rel}","templated":true}]}}