{"id":2323,"date":"2017-08-17T08:33:22","date_gmt":"2017-08-17T06:33:22","guid":{"rendered":"https:\/\/www.organisator.ch\/?p=2323"},"modified":"2017-08-17T08:33:22","modified_gmt":"2017-08-17T06:33:22","slug":"swisscom-ist-mit-ihren-geschaeften-auf-kurs","status":"publish","type":"post","link":"https:\/\/www.organisator.ch\/en\/allgemein\/2017-08-17\/swisscom-ist-mit-ihren-geschaeften-auf-kurs\/","title":{"rendered":"Swisscom is on track with its business"},"content":{"rendered":"<figure id=\"attachment_2324\" aria-describedby=\"caption-attachment-2324\" style=\"width: 640px\" class=\"wp-caption alignnone\"><img loading=\"lazy\" decoding=\"async\" class=\"size-full wp-image-2324\" src=\"https:\/\/www.organisator.ch\/wp-content\/uploads\/2017\/08\/Swisscom-ist-mit-ihren-Geschaeften-auf-Kurs_Organisator.jpeg\" alt=\"\" width=\"640\" height=\"480\" srcset=\"https:\/\/www.organisator.ch\/wp-content\/uploads\/2017\/08\/Swisscom-ist-mit-ihren-Geschaeften-auf-Kurs_Organisator.jpeg 640w, https:\/\/www.organisator.ch\/wp-content\/uploads\/2017\/08\/Swisscom-ist-mit-ihren-Geschaeften-auf-Kurs_Organisator-16x12.jpeg 16w, https:\/\/www.organisator.ch\/wp-content\/uploads\/2017\/08\/Swisscom-ist-mit-ihren-Geschaeften-auf-Kurs_Organisator-233x175.jpeg 233w, https:\/\/www.organisator.ch\/wp-content\/uploads\/2017\/08\/Swisscom-ist-mit-ihren-Geschaeften-auf-Kurs_Organisator-467x350.jpeg 467w, https:\/\/www.organisator.ch\/wp-content\/uploads\/2017\/08\/Swisscom-ist-mit-ihren-Geschaeften-auf-Kurs_Organisator-300x225.jpeg 300w\" sizes=\"auto, (max-width: 640px) 100vw, 640px\" \/><figcaption id=\"caption-attachment-2324\" class=\"wp-caption-text\">Swisscom can look back on a good first half-year. (Image: Swisscom)<\/figcaption><\/figure>\n<p align=\"LEFT\">Swisscom has just published its latest half-year figures. CEO Urs Schaeppi commented on the half-year results as follows: \"Swisscom delivered a very solid performance in the market in the second quarter. We have successfully launched inOne, are growing in bundled offers and in the TV business. Fastweb is also doing well and increased its contribution to Swisscom's EBITDA. The decline in fixed-network telephony continued, which, together with intense, strongly promotion-driven competition, resulted in slightly lower revenue from telecommunications services.\"<\/p>\n<p align=\"LEFT\"><strong>Intense competition, declining fixed-network telephony<\/strong><\/p>\n<p align=\"LEFT\">Overall, the net revenue of Switzerland's largest telecom service provider in the first half of 2017 was virtually unchanged year-on-year at CHF 5,690 million (CHF -79 million or -1.4%). At the same time, revenue from telecommunications services in Switzerland declined slightly. According to Swisscom, it fell by CHF 76 million (-2.3%) due to intense competition and increasing market saturation, with around half of this decline attributable to the declining subscriber base in fixed-line telephony. EBITDA, on the other hand, increased by 1.5% or CHF 33 million to CHF 2,260 million. The growth in EBITDA was also driven in particular by Fastweb (+20.3%). Fastweb's EBITDA includes compensation from legal proceedings amounting to CHF 102 million.Swisscom's net profit increased by CHF 51 million or 6.5% year-on-year to CHF 839 million.Swisscom continues to expect net revenue of around CHF 11.6 billion and capital expenditure of around CHF 2.4 billion in 2017.In terms of EBITDA, the forecast is increased from around CHF 4.2 billion to around CHF 4.3 billion due to the compensation from legal proceedings at Fastweb recorded in the second quarter. If the targets are achieved, Swisscom plans to propose an unchanged dividend of CHF 22 per share for the 2017 financial year at the 2018 Annual General Meeting.<\/p>\n<p align=\"LEFT\"><strong>Decline in sales in Swiss core business compensated for<\/strong><\/p>\n<p align=\"LEFT\">Thanks to prudent planning, it has been possible to compensate for most of the decline in revenue in the Swiss core business, the company adds. As announced, Swisscom will reduce its cost base in Switzerland by over CHF 300 million from 2015 to 2020.<\/p>\n<p align=\"LEFT\">On balance, the Group's headcount decreased by 1.7% to 20,775 jobs in the first half of the year. As of the end of June, Swisscom had a headcount of 17,974 in Switzerland. This is 398 jobs or 2.2% fewer than at the end of 2016. More than half of the reduction was absorbed through natural attrition and internal job placements. Over the course of summer 2017, 222 apprentices completed their training at Swisscom. 278 young people started their apprenticeships at Swisscom in August, mainly in retail, mediamatics, IT and commercial apprenticeships. In total, there are over 900 apprentices in training at Swisscom.<\/p>\n<p align=\"LEFT\">\n<p align=\"LEFT\"><strong>Network of the future: roll-out of ultra-broadband network continues, switch to All-IP on schedule<\/strong><\/p>\n<p align=\"LEFT\">The telecom service provider is currently working full steam ahead on generation projects and is continuing to modernize its infrastructure in Switzerland. Although Group-wide capital expenditure decreased as a result of delays in network rollout (-11.4%), it remains at a high level of CHF 1,057 million. In Switzerland, these amounted to CHF 728 million or 16.9% below the previous year. As of the end of June, more than 2.7 million lines were equipped with the latest fiber-optic technologies. In total, Swisscom has connected around 3.7 million homes and businesses with ultra-broadband (more than 50 Mbit\/s). By the end of 2021, Swisscom will have connected all Swiss communities with fiber-optic technologies, giving even remote villages access to ultra-broadband.<\/p>\n<p align=\"LEFT\">\n<p align=\"LEFT\">The forward-looking digitization of the fixed network (all-IP technology) is also proceeding according to plan. More than 1.7 million customers, or three-quarters of all lines, are already benefiting from HD voice quality, personal barring lists, name display, and automatic spam filters to block unwanted advertising calls. Up to 40,000 additional lines are added each month. From the beginning of 2018, customer lines in larger regions of Switzerland will be completely converted to IP, so that the dismantling of the old infrastructure can be driven forward there.<\/p>\n<p align=\"LEFT\"><em>Click here for the detailed <a href=\"http:\/\/www.swisscom.ch\/q2-report-2017\">Interim Report<\/a><\/em><\/p>","protected":false},"excerpt":{"rendered":"<p>Die Swisscom hat eben ihre aktuellen Halbjahreszahlen ver\u00f6ffentlicht. CEO Urs Schaeppi\u00a0kommentiert das\u00a0Halbjahresergebnis wie folgt: \u201cSwisscom hat im zweiten Quartal eine sehr solide Leistung am Markt gezeigt. Wir haben inOne erfolgreich eingef\u00fchrt, wachsen bei B\u00fcndelangeboten und im TV-Gesch\u00e4ft. Auch Fastweb ist gut unterwegs und steigerte den Beitrag am EBITDA von Swisscom. Fortgesetzt hat sich der R\u00fcckgang [&hellip;]<\/p>\n","protected":false},"author":4,"featured_media":2324,"comment_status":"open","ping_status":"open","sticky":false,"template":"","format":"standard","meta":{"_acf_changed":false,"_yoast_wpseo_focuskw":"Swisscom","_yoast_wpseo_metadesc":"Die Swisscom hat eben ihre aktuellen Halbjahreszahlen ver\u00f6ffentlicht. Das Unternehmen ist mit seinen Gesch\u00e4ftsbereichen auf Kurs.","articlekey":"","footnotes":""},"categories":[1],"tags":[286,492,508,531],"class_list":["post-2323","post","type-post","status-publish","format-standard","has-post-thumbnail","hentry","category-allgemein","tag-it","tag-unternehmen","tag-vermischtes","tag-wirtschaftspolitik"],"acf":[],"yoast_head":"<!-- This site is optimized with the Yoast SEO plugin v27.4 - https:\/\/yoast.com\/product\/yoast-seo-wordpress\/ -->\n<title>Swisscom ist mit ihren Gesch\u00e4ften auf Kurs - Organisator<\/title>\n<meta name=\"description\" content=\"Die Swisscom hat eben ihre aktuellen Halbjahreszahlen ver\u00f6ffentlicht. Das Unternehmen ist mit seinen Gesch\u00e4ftsbereichen auf Kurs.\" \/>\n<meta name=\"robots\" content=\"index, follow, max-snippet:-1, max-image-preview:large, max-video-preview:-1\" \/>\n<link rel=\"canonical\" href=\"https:\/\/www.organisator.ch\/en\/general\/2017-08-17\/swisscom-ist-mit-ihren-geschaeften-auf-kurs\/\" \/>\n<meta property=\"og:locale\" content=\"en_US\" \/>\n<meta property=\"og:type\" content=\"article\" \/>\n<meta property=\"og:title\" content=\"Swisscom ist mit ihren Gesch\u00e4ften auf Kurs\" \/>\n<meta property=\"og:description\" content=\"Stabiler Umsatz im Vorjahresvergleich, h\u00f6herer EBITDA, anhaltender Trend zu B\u00fcndelprodukten, stabiles L\u00f6sungsgesch\u00e4ft mit Grosskunden und anhaltend hohe Investitionen in das Netz der Zukunft: Dies die Fakten des j\u00fcngsten Halbjahresberichts der #Swisscom.\" \/>\n<meta property=\"og:url\" content=\"https:\/\/www.organisator.ch\/en\/general\/2017-08-17\/swisscom-ist-mit-ihren-geschaeften-auf-kurs\/\" \/>\n<meta property=\"og:site_name\" content=\"Organisator\" \/>\n<meta property=\"article:publisher\" content=\"https:\/\/www.facebook.com\/OrganisatorFachmagazin\" \/>\n<meta property=\"article:published_time\" content=\"2017-08-17T06:33:22+00:00\" \/>\n<meta property=\"og:image\" content=\"https:\/\/www.organisator.ch\/wp-content\/uploads\/2017\/08\/Swisscom-ist-mit-ihren-Geschaeften-auf-Kurs_Organisator.jpeg\" \/>\n\t<meta property=\"og:image:width\" content=\"640\" \/>\n\t<meta property=\"og:image:height\" content=\"480\" \/>\n\t<meta property=\"og:image:type\" content=\"image\/jpeg\" \/>\n<meta name=\"author\" content=\"thomas.berner\" \/>\n<meta name=\"twitter:card\" content=\"summary_large_image\" \/>\n<meta name=\"twitter:title\" content=\"#Swisscom ist mit ihren Gesch\u00e4ften auf Kurs\" \/>\n<meta name=\"twitter:description\" content=\"Stabiler Umsatz im Vorjahresvergleich, h\u00f6herer EBITDA, anhaltender Trend zu B\u00fcndelprodukten, stabiles L\u00f6sungsgesch\u00e4ft mit Grosskunden und anhaltend hohe Investitionen in das Netz der Zukunft: Dies die Fakten des j\u00fcngsten Halbjahresberichts der #Swisscom.\" \/>\n<meta name=\"twitter:image\" content=\"https:\/\/www.organisator.ch\/wp-content\/uploads\/2017\/08\/Swisscom-ist-mit-ihren-Gesch\u00e4ften-auf-Kurs_Organisator.jpeg\" \/>\n<script type=\"application\/ld+json\" class=\"yoast-schema-graph\">{\"@context\":\"https:\\\/\\\/schema.org\",\"@graph\":[{\"@type\":\"Article\",\"@id\":\"https:\\\/\\\/www.organisator.ch\\\/fr\\\/general\\\/2017-08-17\\\/swisscom-ist-mit-ihren-geschaeften-auf-kurs\\\/#article\",\"isPartOf\":{\"@id\":\"https:\\\/\\\/www.organisator.ch\\\/fr\\\/general\\\/2017-08-17\\\/swisscom-ist-mit-ihren-geschaeften-auf-kurs\\\/\"},\"author\":{\"name\":\"thomas.berner\",\"@id\":\"https:\\\/\\\/www.organisator.ch\\\/#\\\/schema\\\/person\\\/6f650f90b2842cd4c0cc334b4e36f67e\"},\"headline\":\"Swisscom ist mit ihren Gesch\u00e4ften auf Kurs\",\"datePublished\":\"2017-08-17T06:33:22+00:00\",\"mainEntityOfPage\":{\"@id\":\"https:\\\/\\\/www.organisator.ch\\\/fr\\\/general\\\/2017-08-17\\\/swisscom-ist-mit-ihren-geschaeften-auf-kurs\\\/\"},\"wordCount\":644,\"commentCount\":0,\"publisher\":{\"@id\":\"https:\\\/\\\/www.organisator.ch\\\/#organization\"},\"image\":{\"@id\":\"https:\\\/\\\/www.organisator.ch\\\/fr\\\/general\\\/2017-08-17\\\/swisscom-ist-mit-ihren-geschaeften-auf-kurs\\\/#primaryimage\"},\"thumbnailUrl\":\"https:\\\/\\\/www.organisator.ch\\\/wp-content\\\/uploads\\\/2017\\\/08\\\/Swisscom-ist-mit-ihren-Geschaeften-auf-Kurs_Organisator.jpeg\",\"keywords\":[\"IT\",\"Unternehmen\",\"Vermischtes\",\"Wirtschaftspolitik\"],\"articleSection\":[\"Allgemein\"],\"inLanguage\":\"en-US\"},{\"@type\":\"WebPage\",\"@id\":\"https:\\\/\\\/www.organisator.ch\\\/fr\\\/general\\\/2017-08-17\\\/swisscom-ist-mit-ihren-geschaeften-auf-kurs\\\/\",\"url\":\"https:\\\/\\\/www.organisator.ch\\\/fr\\\/general\\\/2017-08-17\\\/swisscom-ist-mit-ihren-geschaeften-auf-kurs\\\/\",\"name\":\"Swisscom ist mit ihren Gesch\u00e4ften auf Kurs - Organisator\",\"isPartOf\":{\"@id\":\"https:\\\/\\\/www.organisator.ch\\\/#website\"},\"primaryImageOfPage\":{\"@id\":\"https:\\\/\\\/www.organisator.ch\\\/fr\\\/general\\\/2017-08-17\\\/swisscom-ist-mit-ihren-geschaeften-auf-kurs\\\/#primaryimage\"},\"image\":{\"@id\":\"https:\\\/\\\/www.organisator.ch\\\/fr\\\/general\\\/2017-08-17\\\/swisscom-ist-mit-ihren-geschaeften-auf-kurs\\\/#primaryimage\"},\"thumbnailUrl\":\"https:\\\/\\\/www.organisator.ch\\\/wp-content\\\/uploads\\\/2017\\\/08\\\/Swisscom-ist-mit-ihren-Geschaeften-auf-Kurs_Organisator.jpeg\",\"datePublished\":\"2017-08-17T06:33:22+00:00\",\"description\":\"Die Swisscom hat eben ihre aktuellen Halbjahreszahlen ver\u00f6ffentlicht. Das Unternehmen ist mit seinen Gesch\u00e4ftsbereichen auf Kurs.\",\"breadcrumb\":{\"@id\":\"https:\\\/\\\/www.organisator.ch\\\/fr\\\/general\\\/2017-08-17\\\/swisscom-ist-mit-ihren-geschaeften-auf-kurs\\\/#breadcrumb\"},\"inLanguage\":\"en-US\",\"potentialAction\":[{\"@type\":\"ReadAction\",\"target\":[\"https:\\\/\\\/www.organisator.ch\\\/fr\\\/general\\\/2017-08-17\\\/swisscom-ist-mit-ihren-geschaeften-auf-kurs\\\/\"]}]},{\"@type\":\"ImageObject\",\"inLanguage\":\"en-US\",\"@id\":\"https:\\\/\\\/www.organisator.ch\\\/fr\\\/general\\\/2017-08-17\\\/swisscom-ist-mit-ihren-geschaeften-auf-kurs\\\/#primaryimage\",\"url\":\"https:\\\/\\\/www.organisator.ch\\\/wp-content\\\/uploads\\\/2017\\\/08\\\/Swisscom-ist-mit-ihren-Geschaeften-auf-Kurs_Organisator.jpeg\",\"contentUrl\":\"https:\\\/\\\/www.organisator.ch\\\/wp-content\\\/uploads\\\/2017\\\/08\\\/Swisscom-ist-mit-ihren-Geschaeften-auf-Kurs_Organisator.jpeg\",\"width\":640,\"height\":480,\"caption\":\"Die Swisscom kann auf ein gutes erstes Halbjahr zur\u00fcckblicken. (Bild: Swisscom)\"},{\"@type\":\"BreadcrumbList\",\"@id\":\"https:\\\/\\\/www.organisator.ch\\\/fr\\\/general\\\/2017-08-17\\\/swisscom-ist-mit-ihren-geschaeften-auf-kurs\\\/#breadcrumb\",\"itemListElement\":[{\"@type\":\"ListItem\",\"position\":1,\"name\":\"Home\",\"item\":\"https:\\\/\\\/www.organisator.ch\\\/\"},{\"@type\":\"ListItem\",\"position\":2,\"name\":\"Swisscom ist mit ihren Gesch\u00e4ften auf Kurs\"}]},{\"@type\":\"WebSite\",\"@id\":\"https:\\\/\\\/www.organisator.ch\\\/#website\",\"url\":\"https:\\\/\\\/www.organisator.ch\\\/\",\"name\":\"Organisator\",\"description\":\"Kompetent. Praxisnah. Der ORGANISATOR bereitet in 10 Ausgaben pro Jahr die wesentlichen Themen f\u00fcr F\u00fchrungskr\u00e4fte von KMU auf.\",\"publisher\":{\"@id\":\"https:\\\/\\\/www.organisator.ch\\\/#organization\"},\"potentialAction\":[{\"@type\":\"SearchAction\",\"target\":{\"@type\":\"EntryPoint\",\"urlTemplate\":\"https:\\\/\\\/www.organisator.ch\\\/?s={search_term_string}\"},\"query-input\":{\"@type\":\"PropertyValueSpecification\",\"valueRequired\":true,\"valueName\":\"search_term_string\"}}],\"inLanguage\":\"en-US\"},{\"@type\":\"Organization\",\"@id\":\"https:\\\/\\\/www.organisator.ch\\\/#organization\",\"name\":\"Organisator\",\"url\":\"https:\\\/\\\/www.organisator.ch\\\/\",\"logo\":{\"@type\":\"ImageObject\",\"inLanguage\":\"en-US\",\"@id\":\"https:\\\/\\\/www.organisator.ch\\\/#\\\/schema\\\/logo\\\/image\\\/\",\"url\":\"https:\\\/\\\/www.organisator.ch\\\/wp-content\\\/uploads\\\/2022\\\/01\\\/Logo_Organisator_Website.png\",\"contentUrl\":\"https:\\\/\\\/www.organisator.ch\\\/wp-content\\\/uploads\\\/2022\\\/01\\\/Logo_Organisator_Website.png\",\"width\":800,\"height\":77,\"caption\":\"Organisator\"},\"image\":{\"@id\":\"https:\\\/\\\/www.organisator.ch\\\/#\\\/schema\\\/logo\\\/image\\\/\"},\"sameAs\":[\"https:\\\/\\\/www.facebook.com\\\/OrganisatorFachmagazin\",\"https:\\\/\\\/www.linkedin.com\\\/showcase\\\/organisator-das-magazin-fr-kmu\",\"https:\\\/\\\/www.xing.com\\\/news\\\/pages\\\/organisator-ch-695\",\"https:\\\/\\\/www.youtube.com\\\/channel\\\/UCGP2Sq0iWaZwT3BdIAQFYpw\"]},{\"@type\":\"Person\",\"@id\":\"https:\\\/\\\/www.organisator.ch\\\/#\\\/schema\\\/person\\\/6f650f90b2842cd4c0cc334b4e36f67e\",\"name\":\"thomas.berner\",\"image\":{\"@type\":\"ImageObject\",\"inLanguage\":\"en-US\",\"@id\":\"https:\\\/\\\/secure.gravatar.com\\\/avatar\\\/ac5001d2a36cb6c6cd3e50789007ffca834b477b74a2144564522e944eabff61?s=96&d=mm&r=g\",\"url\":\"https:\\\/\\\/secure.gravatar.com\\\/avatar\\\/ac5001d2a36cb6c6cd3e50789007ffca834b477b74a2144564522e944eabff61?s=96&d=mm&r=g\",\"contentUrl\":\"https:\\\/\\\/secure.gravatar.com\\\/avatar\\\/ac5001d2a36cb6c6cd3e50789007ffca834b477b74a2144564522e944eabff61?s=96&d=mm&r=g\",\"caption\":\"thomas.berner\"},\"url\":\"https:\\\/\\\/www.organisator.ch\\\/en\\\/author\\\/thomas-berner\\\/\"}]}<\/script>\n<!-- \/ Yoast SEO plugin. -->","yoast_head_json":{"title":"Swisscom is on track with its business - Organizer","description":"Swisscom has just published its latest half-year figures. The company is on track with its business units.","robots":{"index":"index","follow":"follow","max-snippet":"max-snippet:-1","max-image-preview":"max-image-preview:large","max-video-preview":"max-video-preview:-1"},"canonical":"https:\/\/www.organisator.ch\/en\/general\/2017-08-17\/swisscom-ist-mit-ihren-geschaeften-auf-kurs\/","og_locale":"en_US","og_type":"article","og_title":"Swisscom ist mit ihren Gesch\u00e4ften auf Kurs","og_description":"Stabiler Umsatz im Vorjahresvergleich, h\u00f6herer EBITDA, anhaltender Trend zu B\u00fcndelprodukten, stabiles L\u00f6sungsgesch\u00e4ft mit Grosskunden und anhaltend hohe Investitionen in das Netz der Zukunft: Dies die Fakten des j\u00fcngsten Halbjahresberichts der #Swisscom.","og_url":"https:\/\/www.organisator.ch\/en\/general\/2017-08-17\/swisscom-ist-mit-ihren-geschaeften-auf-kurs\/","og_site_name":"Organisator","article_publisher":"https:\/\/www.facebook.com\/OrganisatorFachmagazin","article_published_time":"2017-08-17T06:33:22+00:00","og_image":[{"width":640,"height":480,"url":"https:\/\/www.organisator.ch\/wp-content\/uploads\/2017\/08\/Swisscom-ist-mit-ihren-Geschaeften-auf-Kurs_Organisator.jpeg","type":"image\/jpeg"}],"author":"thomas.berner","twitter_card":"summary_large_image","twitter_title":"#Swisscom ist mit ihren Gesch\u00e4ften auf Kurs","twitter_description":"Stabiler Umsatz im Vorjahresvergleich, h\u00f6herer EBITDA, anhaltender Trend zu B\u00fcndelprodukten, stabiles L\u00f6sungsgesch\u00e4ft mit Grosskunden und anhaltend hohe Investitionen in das Netz der Zukunft: Dies die Fakten des j\u00fcngsten Halbjahresberichts der #Swisscom.","twitter_image":"https:\/\/www.organisator.ch\/wp-content\/uploads\/2017\/08\/Swisscom-ist-mit-ihren-Gesch\u00e4ften-auf-Kurs_Organisator.jpeg","schema":{"@context":"https:\/\/schema.org","@graph":[{"@type":"Article","@id":"https:\/\/www.organisator.ch\/fr\/general\/2017-08-17\/swisscom-ist-mit-ihren-geschaeften-auf-kurs\/#article","isPartOf":{"@id":"https:\/\/www.organisator.ch\/fr\/general\/2017-08-17\/swisscom-ist-mit-ihren-geschaeften-auf-kurs\/"},"author":{"name":"thomas.berner","@id":"https:\/\/www.organisator.ch\/#\/schema\/person\/6f650f90b2842cd4c0cc334b4e36f67e"},"headline":"Swisscom ist mit ihren Gesch\u00e4ften auf Kurs","datePublished":"2017-08-17T06:33:22+00:00","mainEntityOfPage":{"@id":"https:\/\/www.organisator.ch\/fr\/general\/2017-08-17\/swisscom-ist-mit-ihren-geschaeften-auf-kurs\/"},"wordCount":644,"commentCount":0,"publisher":{"@id":"https:\/\/www.organisator.ch\/#organization"},"image":{"@id":"https:\/\/www.organisator.ch\/fr\/general\/2017-08-17\/swisscom-ist-mit-ihren-geschaeften-auf-kurs\/#primaryimage"},"thumbnailUrl":"https:\/\/www.organisator.ch\/wp-content\/uploads\/2017\/08\/Swisscom-ist-mit-ihren-Geschaeften-auf-Kurs_Organisator.jpeg","keywords":["IT","Unternehmen","Vermischtes","Wirtschaftspolitik"],"articleSection":["Allgemein"],"inLanguage":"en-US"},{"@type":"WebPage","@id":"https:\/\/www.organisator.ch\/fr\/general\/2017-08-17\/swisscom-ist-mit-ihren-geschaeften-auf-kurs\/","url":"https:\/\/www.organisator.ch\/fr\/general\/2017-08-17\/swisscom-ist-mit-ihren-geschaeften-auf-kurs\/","name":"Swisscom is on track with its business - Organizer","isPartOf":{"@id":"https:\/\/www.organisator.ch\/#website"},"primaryImageOfPage":{"@id":"https:\/\/www.organisator.ch\/fr\/general\/2017-08-17\/swisscom-ist-mit-ihren-geschaeften-auf-kurs\/#primaryimage"},"image":{"@id":"https:\/\/www.organisator.ch\/fr\/general\/2017-08-17\/swisscom-ist-mit-ihren-geschaeften-auf-kurs\/#primaryimage"},"thumbnailUrl":"https:\/\/www.organisator.ch\/wp-content\/uploads\/2017\/08\/Swisscom-ist-mit-ihren-Geschaeften-auf-Kurs_Organisator.jpeg","datePublished":"2017-08-17T06:33:22+00:00","description":"Swisscom has just published its latest half-year figures. The company is on track with its business units.","breadcrumb":{"@id":"https:\/\/www.organisator.ch\/fr\/general\/2017-08-17\/swisscom-ist-mit-ihren-geschaeften-auf-kurs\/#breadcrumb"},"inLanguage":"en-US","potentialAction":[{"@type":"ReadAction","target":["https:\/\/www.organisator.ch\/fr\/general\/2017-08-17\/swisscom-ist-mit-ihren-geschaeften-auf-kurs\/"]}]},{"@type":"ImageObject","inLanguage":"en-US","@id":"https:\/\/www.organisator.ch\/fr\/general\/2017-08-17\/swisscom-ist-mit-ihren-geschaeften-auf-kurs\/#primaryimage","url":"https:\/\/www.organisator.ch\/wp-content\/uploads\/2017\/08\/Swisscom-ist-mit-ihren-Geschaeften-auf-Kurs_Organisator.jpeg","contentUrl":"https:\/\/www.organisator.ch\/wp-content\/uploads\/2017\/08\/Swisscom-ist-mit-ihren-Geschaeften-auf-Kurs_Organisator.jpeg","width":640,"height":480,"caption":"Die Swisscom kann auf ein gutes erstes Halbjahr zur\u00fcckblicken. (Bild: Swisscom)"},{"@type":"BreadcrumbList","@id":"https:\/\/www.organisator.ch\/fr\/general\/2017-08-17\/swisscom-ist-mit-ihren-geschaeften-auf-kurs\/#breadcrumb","itemListElement":[{"@type":"ListItem","position":1,"name":"Home","item":"https:\/\/www.organisator.ch\/"},{"@type":"ListItem","position":2,"name":"Swisscom ist mit ihren Gesch\u00e4ften auf Kurs"}]},{"@type":"WebSite","@id":"https:\/\/www.organisator.ch\/#website","url":"https:\/\/www.organisator.ch\/","name":"Organizer","description":"Competent. Practical. In 10 issues per year, ORGANISATOR presents the essential topics for managers of SMEs.","publisher":{"@id":"https:\/\/www.organisator.ch\/#organization"},"potentialAction":[{"@type":"SearchAction","target":{"@type":"EntryPoint","urlTemplate":"https:\/\/www.organisator.ch\/?s={search_term_string}"},"query-input":{"@type":"PropertyValueSpecification","valueRequired":true,"valueName":"search_term_string"}}],"inLanguage":"en-US"},{"@type":"Organization","@id":"https:\/\/www.organisator.ch\/#organization","name":"Organizer","url":"https:\/\/www.organisator.ch\/","logo":{"@type":"ImageObject","inLanguage":"en-US","@id":"https:\/\/www.organisator.ch\/#\/schema\/logo\/image\/","url":"https:\/\/www.organisator.ch\/wp-content\/uploads\/2022\/01\/Logo_Organisator_Website.png","contentUrl":"https:\/\/www.organisator.ch\/wp-content\/uploads\/2022\/01\/Logo_Organisator_Website.png","width":800,"height":77,"caption":"Organisator"},"image":{"@id":"https:\/\/www.organisator.ch\/#\/schema\/logo\/image\/"},"sameAs":["https:\/\/www.facebook.com\/OrganisatorFachmagazin","https:\/\/www.linkedin.com\/showcase\/organisator-das-magazin-fr-kmu","https:\/\/www.xing.com\/news\/pages\/organisator-ch-695","https:\/\/www.youtube.com\/channel\/UCGP2Sq0iWaZwT3BdIAQFYpw"]},{"@type":"Person","@id":"https:\/\/www.organisator.ch\/#\/schema\/person\/6f650f90b2842cd4c0cc334b4e36f67e","name":"thomas.berner","image":{"@type":"ImageObject","inLanguage":"en-US","@id":"https:\/\/secure.gravatar.com\/avatar\/ac5001d2a36cb6c6cd3e50789007ffca834b477b74a2144564522e944eabff61?s=96&d=mm&r=g","url":"https:\/\/secure.gravatar.com\/avatar\/ac5001d2a36cb6c6cd3e50789007ffca834b477b74a2144564522e944eabff61?s=96&d=mm&r=g","contentUrl":"https:\/\/secure.gravatar.com\/avatar\/ac5001d2a36cb6c6cd3e50789007ffca834b477b74a2144564522e944eabff61?s=96&d=mm&r=g","caption":"thomas.berner"},"url":"https:\/\/www.organisator.ch\/en\/author\/thomas-berner\/"}]}},"_links":{"self":[{"href":"https:\/\/www.organisator.ch\/en\/wp-json\/wp\/v2\/posts\/2323","targetHints":{"allow":["GET"]}}],"collection":[{"href":"https:\/\/www.organisator.ch\/en\/wp-json\/wp\/v2\/posts"}],"about":[{"href":"https:\/\/www.organisator.ch\/en\/wp-json\/wp\/v2\/types\/post"}],"author":[{"embeddable":true,"href":"https:\/\/www.organisator.ch\/en\/wp-json\/wp\/v2\/users\/4"}],"replies":[{"embeddable":true,"href":"https:\/\/www.organisator.ch\/en\/wp-json\/wp\/v2\/comments?post=2323"}],"version-history":[{"count":0,"href":"https:\/\/www.organisator.ch\/en\/wp-json\/wp\/v2\/posts\/2323\/revisions"}],"wp:featuredmedia":[{"embeddable":true,"href":"https:\/\/www.organisator.ch\/en\/wp-json\/wp\/v2\/media\/2324"}],"wp:attachment":[{"href":"https:\/\/www.organisator.ch\/en\/wp-json\/wp\/v2\/media?parent=2323"}],"wp:term":[{"taxonomy":"category","embeddable":true,"href":"https:\/\/www.organisator.ch\/en\/wp-json\/wp\/v2\/categories?post=2323"},{"taxonomy":"post_tag","embeddable":true,"href":"https:\/\/www.organisator.ch\/en\/wp-json\/wp\/v2\/tags?post=2323"}],"curies":[{"name":"wp","href":"https:\/\/api.w.org\/{rel}","templated":true}]}}