{"id":23266,"date":"2023-11-20T14:05:57","date_gmt":"2023-11-20T13:05:57","guid":{"rendered":"https:\/\/www.organisator.ch\/?p=23266"},"modified":"2023-11-23T13:51:39","modified_gmt":"2023-11-23T12:51:39","slug":"75-aller-potenziellen-kandidaten-sind-passivsuchend","status":"publish","type":"post","link":"https:\/\/www.organisator.ch\/en\/human-resources\/2023-11-20\/75-aller-potenziellen-kandidaten-sind-passivsuchend\/","title":{"rendered":"75% of all potential candidates are passive seekers"},"content":{"rendered":"<figure id=\"attachment_23267\" aria-describedby=\"caption-attachment-23267\" style=\"width: 680px\" class=\"wp-caption alignnone\"><img loading=\"lazy\" decoding=\"async\" class=\"size-full wp-image-23267\" src=\"https:\/\/www.organisator.ch\/wp-content\/uploads\/2023\/11\/brandaktuell_Bild1_ps.jpg\" alt=\"\" width=\"680\" height=\"680\" srcset=\"https:\/\/www.organisator.ch\/wp-content\/uploads\/2023\/11\/brandaktuell_Bild1_ps.jpg 680w, https:\/\/www.organisator.ch\/wp-content\/uploads\/2023\/11\/brandaktuell_Bild1_ps-150x150.jpg 150w, https:\/\/www.organisator.ch\/wp-content\/uploads\/2023\/11\/brandaktuell_Bild1_ps-12x12.jpg 12w, https:\/\/www.organisator.ch\/wp-content\/uploads\/2023\/11\/brandaktuell_Bild1_ps-300x300.jpg 300w, https:\/\/www.organisator.ch\/wp-content\/uploads\/2023\/11\/brandaktuell_Bild1_ps-350x350.jpg 350w, https:\/\/www.organisator.ch\/wp-content\/uploads\/2023\/11\/brandaktuell_Bild1_ps-250x250.jpg 250w\" sizes=\"auto, (max-width: 680px) 100vw, 680px\" \/><figcaption id=\"caption-attachment-23267\" class=\"wp-caption-text\">Modern recruiting via social media with brandAktuell. (Image: www.brand-aktuell.ch)<\/figcaption><\/figure>\n<p>Anyone actively looking for a new job registers on the relevant platforms with job offers. \"But who is still actively looking for a job today?\" asks Devin Betschart, co-founder of brandAktuell. \"Three quarters of working people are passive job seekers. This means that they are not actively looking for a job, but will apply if they come across a suitable offer.\" And where do people come across interesting things these days? That's right, on social media.<\/p>\n<h3><strong>Recruiting via social media<\/strong><\/h3>\n<p>The young entrepreneurs Aaron auf der Maur and Devin Betschart are convinced that modern recruiting is done via social media. Around 7.3 million people in Switzerland use social media - a huge opportunity for brandAktuell. \"Most people spend hours on social media,\" says Aaron auf der Maur. \"If they stumble across a post or an employer profile that appeals to them, there is a good chance that they will apply for a job or remember the employer positively.\"<\/p>\n<h3><strong>Successfully finding the right personnel<\/strong><\/h3>\n<p>As soon as companies present themselves as attractive employers on social media and draw attention to their vacancies there, they increase their chances of finding suitable candidates many times over. \"Some of our customers are able to increase the success of their job search by 5000% - for every 2 applications via conventional online advertisements, 102 applications are received via social media,\" says Devin Betschart. On average, a job advertisement on social media generates 71 applications.<\/p>\n<h3><strong>Modern tools for measurable results<\/strong><\/h3>\n<p>Through employer branding, brandAktuell helps its clients to build a strong employer brand and position themselves as attractive employers - these values and the vacancies are then communicated to potential candidates via social recruiting. Everything is produced in-house at brandAktuell. Using this principle, Aaron and Devin and their team have already acquired over 110 customers and generated more than 9,000 applications. \"We help our customers to ensure that their job vacancies are seen by the right, qualified people and that they can fill their vacancies in the long term,\" says Aaron auf der Maur, summarizing the young company in one sentence.<\/p>\n<p><em>Source: <a href=\"https:\/\/brand-aktuell.ch\/\">www.brand-aktuell.ch\u00a0<\/a><\/em><\/p>","protected":false},"excerpt":{"rendered":"<p>7.3 million people in Switzerland use social media - and not just for entertainment. More and more people are finding their new job via social media. Job advertisements on social media generate an average of 71 applications - this high figure shows that even people who are not actively looking are being addressed. The young company brandAktuell has set itself the task of helping companies find these people and thus the qualified talent for their vacancies. <\/p>","protected":false},"author":58,"featured_media":23267,"comment_status":"closed","ping_status":"closed","sticky":false,"template":"","format":"standard","meta":{"_acf_changed":false,"_yoast_wpseo_focuskw":"Kandidaten","_yoast_wpseo_metadesc":"7.3 Millionen Menschen benutzen in der Schweiz Social Media und immer mehr Menschen finden ihren neuen Job via Social Media.","articlekey":"","footnotes":""},"categories":[579],"tags":[3634,424,438,453,492],"class_list":["post-23266","post","type-post","status-publish","format-standard","has-post-thumbnail","hentry","category-human-resources","tag-jungunternehmen","tag-schweiz","tag-social-media","tag-stellensuche","tag-unternehmen"],"acf":[],"yoast_head":"<!-- This site is optimized with the Yoast SEO plugin v27.5 - https:\/\/yoast.com\/product\/yoast-seo-wordpress\/ -->\n<title>75% aller potenziellen Kandidaten sind passivsuchend - Organisator<\/title>\n<meta name=\"description\" content=\"7.3 Millionen Menschen benutzen in der Schweiz Social Media und immer mehr Menschen finden ihren neuen Job via Social Media.\" \/>\n<meta name=\"robots\" content=\"index, follow, max-snippet:-1, max-image-preview:large, max-video-preview:-1\" \/>\n<link rel=\"canonical\" href=\"https:\/\/www.organisator.ch\/en\/human-resources\/2023-11-20\/75-aller-potenziellen-kandidaten-sind-passivsuchend\/\" \/>\n<meta property=\"og:locale\" content=\"en_US\" \/>\n<meta property=\"og:type\" content=\"article\" \/>\n<meta property=\"og:title\" content=\"75% aller potenziellen Kandidaten sind passivsuchend\" \/>\n<meta property=\"og:description\" content=\"7.3 Millionen Menschen benutzen in der Schweiz Social Media und immer mehr Menschen finden ihren neuen Job via Social Media.\" \/>\n<meta property=\"og:url\" content=\"https:\/\/www.organisator.ch\/en\/human-resources\/2023-11-20\/75-aller-potenziellen-kandidaten-sind-passivsuchend\/\" \/>\n<meta property=\"og:site_name\" content=\"Organisator\" \/>\n<meta property=\"article:publisher\" content=\"https:\/\/www.facebook.com\/OrganisatorFachmagazin\" \/>\n<meta property=\"article:published_time\" content=\"2023-11-20T13:05:57+00:00\" \/>\n<meta property=\"article:modified_time\" content=\"2023-11-23T12:51:39+00:00\" \/>\n<meta property=\"og:image\" content=\"https:\/\/www.organisator.ch\/wp-content\/uploads\/2023\/11\/brandaktuell_Bild1_ps.jpg\" \/>\n\t<meta property=\"og:image:width\" content=\"680\" \/>\n\t<meta property=\"og:image:height\" content=\"680\" \/>\n\t<meta property=\"og:image:type\" content=\"image\/jpeg\" \/>\n<meta name=\"author\" content=\"Adelisa Kalajdzini\" \/>\n<meta name=\"twitter:card\" content=\"summary_large_image\" \/>\n<meta name=\"twitter:title\" content=\"75% aller potenziellen Kandidaten sind passivsuchend\" \/>\n<meta name=\"twitter:description\" content=\"7.3 Millionen Menschen benutzen in der #Schweiz #Social Media und immer mehr Menschen finden ihren neuen #Job via Social Media.\" \/>\n<meta name=\"twitter:image\" content=\"https:\/\/www.organisator.ch\/wp-content\/uploads\/2023\/11\/brandaktuell_Bild1_ps.jpg\" \/>\n<script type=\"application\/ld+json\" class=\"yoast-schema-graph\">{\"@context\":\"https:\\\/\\\/schema.org\",\"@graph\":[{\"@type\":\"Article\",\"@id\":\"https:\\\/\\\/www.organisator.ch\\\/human-resources\\\/2023-11-20\\\/75-aller-potenziellen-kandidaten-sind-passivsuchend\\\/#article\",\"isPartOf\":{\"@id\":\"https:\\\/\\\/www.organisator.ch\\\/human-resources\\\/2023-11-20\\\/75-aller-potenziellen-kandidaten-sind-passivsuchend\\\/\"},\"author\":{\"name\":\"Adelisa Kalajdzini\",\"@id\":\"https:\\\/\\\/www.organisator.ch\\\/#\\\/schema\\\/person\\\/2e1314a2172123f874db408d8911d3f3\"},\"headline\":\"75% aller potenziellen Kandidaten sind passivsuchend\",\"datePublished\":\"2023-11-20T13:05:57+00:00\",\"dateModified\":\"2023-11-23T12:51:39+00:00\",\"mainEntityOfPage\":{\"@id\":\"https:\\\/\\\/www.organisator.ch\\\/human-resources\\\/2023-11-20\\\/75-aller-potenziellen-kandidaten-sind-passivsuchend\\\/\"},\"wordCount\":359,\"publisher\":{\"@id\":\"https:\\\/\\\/www.organisator.ch\\\/#organization\"},\"image\":{\"@id\":\"https:\\\/\\\/www.organisator.ch\\\/human-resources\\\/2023-11-20\\\/75-aller-potenziellen-kandidaten-sind-passivsuchend\\\/#primaryimage\"},\"thumbnailUrl\":\"https:\\\/\\\/www.organisator.ch\\\/wp-content\\\/uploads\\\/2023\\\/11\\\/brandaktuell_Bild1_ps.jpg\",\"keywords\":[\"Jungunternehmen\",\"Schweiz\",\"Social Media\",\"Stellensuche\",\"Unternehmen\"],\"articleSection\":[\"HUMAN RESOURCES\"],\"inLanguage\":\"en-US\"},{\"@type\":\"WebPage\",\"@id\":\"https:\\\/\\\/www.organisator.ch\\\/human-resources\\\/2023-11-20\\\/75-aller-potenziellen-kandidaten-sind-passivsuchend\\\/\",\"url\":\"https:\\\/\\\/www.organisator.ch\\\/human-resources\\\/2023-11-20\\\/75-aller-potenziellen-kandidaten-sind-passivsuchend\\\/\",\"name\":\"75% aller potenziellen Kandidaten sind passivsuchend - Organisator\",\"isPartOf\":{\"@id\":\"https:\\\/\\\/www.organisator.ch\\\/#website\"},\"primaryImageOfPage\":{\"@id\":\"https:\\\/\\\/www.organisator.ch\\\/human-resources\\\/2023-11-20\\\/75-aller-potenziellen-kandidaten-sind-passivsuchend\\\/#primaryimage\"},\"image\":{\"@id\":\"https:\\\/\\\/www.organisator.ch\\\/human-resources\\\/2023-11-20\\\/75-aller-potenziellen-kandidaten-sind-passivsuchend\\\/#primaryimage\"},\"thumbnailUrl\":\"https:\\\/\\\/www.organisator.ch\\\/wp-content\\\/uploads\\\/2023\\\/11\\\/brandaktuell_Bild1_ps.jpg\",\"datePublished\":\"2023-11-20T13:05:57+00:00\",\"dateModified\":\"2023-11-23T12:51:39+00:00\",\"description\":\"7.3 Millionen Menschen benutzen in der Schweiz Social Media und immer mehr Menschen finden ihren neuen Job via Social Media.\",\"breadcrumb\":{\"@id\":\"https:\\\/\\\/www.organisator.ch\\\/human-resources\\\/2023-11-20\\\/75-aller-potenziellen-kandidaten-sind-passivsuchend\\\/#breadcrumb\"},\"inLanguage\":\"en-US\",\"potentialAction\":[{\"@type\":\"ReadAction\",\"target\":[\"https:\\\/\\\/www.organisator.ch\\\/human-resources\\\/2023-11-20\\\/75-aller-potenziellen-kandidaten-sind-passivsuchend\\\/\"]}]},{\"@type\":\"ImageObject\",\"inLanguage\":\"en-US\",\"@id\":\"https:\\\/\\\/www.organisator.ch\\\/human-resources\\\/2023-11-20\\\/75-aller-potenziellen-kandidaten-sind-passivsuchend\\\/#primaryimage\",\"url\":\"https:\\\/\\\/www.organisator.ch\\\/wp-content\\\/uploads\\\/2023\\\/11\\\/brandaktuell_Bild1_ps.jpg\",\"contentUrl\":\"https:\\\/\\\/www.organisator.ch\\\/wp-content\\\/uploads\\\/2023\\\/11\\\/brandaktuell_Bild1_ps.jpg\",\"width\":680,\"height\":680,\"caption\":\"Modernes Recruiting \u00fcber Social Media mit brandAktuell. (Bild: www.brand-aktuell.ch)\"},{\"@type\":\"BreadcrumbList\",\"@id\":\"https:\\\/\\\/www.organisator.ch\\\/human-resources\\\/2023-11-20\\\/75-aller-potenziellen-kandidaten-sind-passivsuchend\\\/#breadcrumb\",\"itemListElement\":[{\"@type\":\"ListItem\",\"position\":1,\"name\":\"Home\",\"item\":\"https:\\\/\\\/www.organisator.ch\\\/\"},{\"@type\":\"ListItem\",\"position\":2,\"name\":\"75% aller potenziellen Kandidaten sind passivsuchend\"}]},{\"@type\":\"WebSite\",\"@id\":\"https:\\\/\\\/www.organisator.ch\\\/#website\",\"url\":\"https:\\\/\\\/www.organisator.ch\\\/\",\"name\":\"Organisator\",\"description\":\"Kompetent. Praxisnah. Der ORGANISATOR bereitet in 10 Ausgaben pro Jahr die wesentlichen Themen f\u00fcr F\u00fchrungskr\u00e4fte von KMU auf.\",\"publisher\":{\"@id\":\"https:\\\/\\\/www.organisator.ch\\\/#organization\"},\"potentialAction\":[{\"@type\":\"SearchAction\",\"target\":{\"@type\":\"EntryPoint\",\"urlTemplate\":\"https:\\\/\\\/www.organisator.ch\\\/?s={search_term_string}\"},\"query-input\":{\"@type\":\"PropertyValueSpecification\",\"valueRequired\":true,\"valueName\":\"search_term_string\"}}],\"inLanguage\":\"en-US\"},{\"@type\":\"Organization\",\"@id\":\"https:\\\/\\\/www.organisator.ch\\\/#organization\",\"name\":\"Organisator\",\"url\":\"https:\\\/\\\/www.organisator.ch\\\/\",\"logo\":{\"@type\":\"ImageObject\",\"inLanguage\":\"en-US\",\"@id\":\"https:\\\/\\\/www.organisator.ch\\\/#\\\/schema\\\/logo\\\/image\\\/\",\"url\":\"https:\\\/\\\/www.organisator.ch\\\/wp-content\\\/uploads\\\/2022\\\/01\\\/Logo_Organisator_Website.png\",\"contentUrl\":\"https:\\\/\\\/www.organisator.ch\\\/wp-content\\\/uploads\\\/2022\\\/01\\\/Logo_Organisator_Website.png\",\"width\":800,\"height\":77,\"caption\":\"Organisator\"},\"image\":{\"@id\":\"https:\\\/\\\/www.organisator.ch\\\/#\\\/schema\\\/logo\\\/image\\\/\"},\"sameAs\":[\"https:\\\/\\\/www.facebook.com\\\/OrganisatorFachmagazin\",\"https:\\\/\\\/www.linkedin.com\\\/showcase\\\/organisator-das-magazin-fr-kmu\",\"https:\\\/\\\/www.xing.com\\\/news\\\/pages\\\/organisator-ch-695\",\"https:\\\/\\\/www.youtube.com\\\/channel\\\/UCGP2Sq0iWaZwT3BdIAQFYpw\"]},{\"@type\":\"Person\",\"@id\":\"https:\\\/\\\/www.organisator.ch\\\/#\\\/schema\\\/person\\\/2e1314a2172123f874db408d8911d3f3\",\"name\":\"Adelisa Kalajdzini\",\"image\":{\"@type\":\"ImageObject\",\"inLanguage\":\"en-US\",\"@id\":\"https:\\\/\\\/secure.gravatar.com\\\/avatar\\\/09a397c22ac58cad6f160ee8306348599df9df58a8ede73696226897b9fa4b24?s=96&d=mm&r=g\",\"url\":\"https:\\\/\\\/secure.gravatar.com\\\/avatar\\\/09a397c22ac58cad6f160ee8306348599df9df58a8ede73696226897b9fa4b24?s=96&d=mm&r=g\",\"contentUrl\":\"https:\\\/\\\/secure.gravatar.com\\\/avatar\\\/09a397c22ac58cad6f160ee8306348599df9df58a8ede73696226897b9fa4b24?s=96&d=mm&r=g\",\"caption\":\"Adelisa Kalajdzini\"},\"url\":\"https:\\\/\\\/www.organisator.ch\\\/en\\\/author\\\/adelisa-kalajdzini\\\/\"}]}<\/script>\n<!-- \/ Yoast SEO plugin. -->","yoast_head_json":{"title":"75% of all potential candidates are passive seekers - Organizer","description":"7.3 million people in Switzerland use social media and more and more people are finding new jobs via social media.","robots":{"index":"index","follow":"follow","max-snippet":"max-snippet:-1","max-image-preview":"max-image-preview:large","max-video-preview":"max-video-preview:-1"},"canonical":"https:\/\/www.organisator.ch\/en\/human-resources\/2023-11-20\/75-aller-potenziellen-kandidaten-sind-passivsuchend\/","og_locale":"en_US","og_type":"article","og_title":"75% aller potenziellen Kandidaten sind passivsuchend","og_description":"7.3 Millionen Menschen benutzen in der Schweiz Social Media und immer mehr Menschen finden ihren neuen Job via Social Media.","og_url":"https:\/\/www.organisator.ch\/en\/human-resources\/2023-11-20\/75-aller-potenziellen-kandidaten-sind-passivsuchend\/","og_site_name":"Organisator","article_publisher":"https:\/\/www.facebook.com\/OrganisatorFachmagazin","article_published_time":"2023-11-20T13:05:57+00:00","article_modified_time":"2023-11-23T12:51:39+00:00","og_image":[{"width":680,"height":680,"url":"https:\/\/www.organisator.ch\/wp-content\/uploads\/2023\/11\/brandaktuell_Bild1_ps.jpg","type":"image\/jpeg"}],"author":"Adelisa Kalajdzini","twitter_card":"summary_large_image","twitter_title":"75% aller potenziellen Kandidaten sind passivsuchend","twitter_description":"7.3 Millionen Menschen benutzen in der #Schweiz #Social Media und immer mehr Menschen finden ihren neuen #Job via Social Media.","twitter_image":"https:\/\/www.organisator.ch\/wp-content\/uploads\/2023\/11\/brandaktuell_Bild1_ps.jpg","schema":{"@context":"https:\/\/schema.org","@graph":[{"@type":"Article","@id":"https:\/\/www.organisator.ch\/human-resources\/2023-11-20\/75-aller-potenziellen-kandidaten-sind-passivsuchend\/#article","isPartOf":{"@id":"https:\/\/www.organisator.ch\/human-resources\/2023-11-20\/75-aller-potenziellen-kandidaten-sind-passivsuchend\/"},"author":{"name":"Adelisa Kalajdzini","@id":"https:\/\/www.organisator.ch\/#\/schema\/person\/2e1314a2172123f874db408d8911d3f3"},"headline":"75% aller potenziellen Kandidaten sind passivsuchend","datePublished":"2023-11-20T13:05:57+00:00","dateModified":"2023-11-23T12:51:39+00:00","mainEntityOfPage":{"@id":"https:\/\/www.organisator.ch\/human-resources\/2023-11-20\/75-aller-potenziellen-kandidaten-sind-passivsuchend\/"},"wordCount":359,"publisher":{"@id":"https:\/\/www.organisator.ch\/#organization"},"image":{"@id":"https:\/\/www.organisator.ch\/human-resources\/2023-11-20\/75-aller-potenziellen-kandidaten-sind-passivsuchend\/#primaryimage"},"thumbnailUrl":"https:\/\/www.organisator.ch\/wp-content\/uploads\/2023\/11\/brandaktuell_Bild1_ps.jpg","keywords":["Jungunternehmen","Schweiz","Social Media","Stellensuche","Unternehmen"],"articleSection":["HUMAN RESOURCES"],"inLanguage":"en-US"},{"@type":"WebPage","@id":"https:\/\/www.organisator.ch\/human-resources\/2023-11-20\/75-aller-potenziellen-kandidaten-sind-passivsuchend\/","url":"https:\/\/www.organisator.ch\/human-resources\/2023-11-20\/75-aller-potenziellen-kandidaten-sind-passivsuchend\/","name":"75% of all potential candidates are passive seekers - Organizer","isPartOf":{"@id":"https:\/\/www.organisator.ch\/#website"},"primaryImageOfPage":{"@id":"https:\/\/www.organisator.ch\/human-resources\/2023-11-20\/75-aller-potenziellen-kandidaten-sind-passivsuchend\/#primaryimage"},"image":{"@id":"https:\/\/www.organisator.ch\/human-resources\/2023-11-20\/75-aller-potenziellen-kandidaten-sind-passivsuchend\/#primaryimage"},"thumbnailUrl":"https:\/\/www.organisator.ch\/wp-content\/uploads\/2023\/11\/brandaktuell_Bild1_ps.jpg","datePublished":"2023-11-20T13:05:57+00:00","dateModified":"2023-11-23T12:51:39+00:00","description":"7.3 million people in Switzerland use social media and more and more people are finding new jobs via social media.","breadcrumb":{"@id":"https:\/\/www.organisator.ch\/human-resources\/2023-11-20\/75-aller-potenziellen-kandidaten-sind-passivsuchend\/#breadcrumb"},"inLanguage":"en-US","potentialAction":[{"@type":"ReadAction","target":["https:\/\/www.organisator.ch\/human-resources\/2023-11-20\/75-aller-potenziellen-kandidaten-sind-passivsuchend\/"]}]},{"@type":"ImageObject","inLanguage":"en-US","@id":"https:\/\/www.organisator.ch\/human-resources\/2023-11-20\/75-aller-potenziellen-kandidaten-sind-passivsuchend\/#primaryimage","url":"https:\/\/www.organisator.ch\/wp-content\/uploads\/2023\/11\/brandaktuell_Bild1_ps.jpg","contentUrl":"https:\/\/www.organisator.ch\/wp-content\/uploads\/2023\/11\/brandaktuell_Bild1_ps.jpg","width":680,"height":680,"caption":"Modernes Recruiting \u00fcber Social Media mit brandAktuell. (Bild: www.brand-aktuell.ch)"},{"@type":"BreadcrumbList","@id":"https:\/\/www.organisator.ch\/human-resources\/2023-11-20\/75-aller-potenziellen-kandidaten-sind-passivsuchend\/#breadcrumb","itemListElement":[{"@type":"ListItem","position":1,"name":"Home","item":"https:\/\/www.organisator.ch\/"},{"@type":"ListItem","position":2,"name":"75% aller potenziellen Kandidaten sind passivsuchend"}]},{"@type":"WebSite","@id":"https:\/\/www.organisator.ch\/#website","url":"https:\/\/www.organisator.ch\/","name":"Organizer","description":"Competent. Practical. In 10 issues per year, ORGANISATOR presents the essential topics for managers of SMEs.","publisher":{"@id":"https:\/\/www.organisator.ch\/#organization"},"potentialAction":[{"@type":"SearchAction","target":{"@type":"EntryPoint","urlTemplate":"https:\/\/www.organisator.ch\/?s={search_term_string}"},"query-input":{"@type":"PropertyValueSpecification","valueRequired":true,"valueName":"search_term_string"}}],"inLanguage":"en-US"},{"@type":"Organization","@id":"https:\/\/www.organisator.ch\/#organization","name":"Organizer","url":"https:\/\/www.organisator.ch\/","logo":{"@type":"ImageObject","inLanguage":"en-US","@id":"https:\/\/www.organisator.ch\/#\/schema\/logo\/image\/","url":"https:\/\/www.organisator.ch\/wp-content\/uploads\/2022\/01\/Logo_Organisator_Website.png","contentUrl":"https:\/\/www.organisator.ch\/wp-content\/uploads\/2022\/01\/Logo_Organisator_Website.png","width":800,"height":77,"caption":"Organisator"},"image":{"@id":"https:\/\/www.organisator.ch\/#\/schema\/logo\/image\/"},"sameAs":["https:\/\/www.facebook.com\/OrganisatorFachmagazin","https:\/\/www.linkedin.com\/showcase\/organisator-das-magazin-fr-kmu","https:\/\/www.xing.com\/news\/pages\/organisator-ch-695","https:\/\/www.youtube.com\/channel\/UCGP2Sq0iWaZwT3BdIAQFYpw"]},{"@type":"Person","@id":"https:\/\/www.organisator.ch\/#\/schema\/person\/2e1314a2172123f874db408d8911d3f3","name":"Adelisa Kalajdzini","image":{"@type":"ImageObject","inLanguage":"en-US","@id":"https:\/\/secure.gravatar.com\/avatar\/09a397c22ac58cad6f160ee8306348599df9df58a8ede73696226897b9fa4b24?s=96&d=mm&r=g","url":"https:\/\/secure.gravatar.com\/avatar\/09a397c22ac58cad6f160ee8306348599df9df58a8ede73696226897b9fa4b24?s=96&d=mm&r=g","contentUrl":"https:\/\/secure.gravatar.com\/avatar\/09a397c22ac58cad6f160ee8306348599df9df58a8ede73696226897b9fa4b24?s=96&d=mm&r=g","caption":"Adelisa Kalajdzini"},"url":"https:\/\/www.organisator.ch\/en\/author\/adelisa-kalajdzini\/"}]}},"_links":{"self":[{"href":"https:\/\/www.organisator.ch\/en\/wp-json\/wp\/v2\/posts\/23266","targetHints":{"allow":["GET"]}}],"collection":[{"href":"https:\/\/www.organisator.ch\/en\/wp-json\/wp\/v2\/posts"}],"about":[{"href":"https:\/\/www.organisator.ch\/en\/wp-json\/wp\/v2\/types\/post"}],"author":[{"embeddable":true,"href":"https:\/\/www.organisator.ch\/en\/wp-json\/wp\/v2\/users\/58"}],"replies":[{"embeddable":true,"href":"https:\/\/www.organisator.ch\/en\/wp-json\/wp\/v2\/comments?post=23266"}],"version-history":[{"count":2,"href":"https:\/\/www.organisator.ch\/en\/wp-json\/wp\/v2\/posts\/23266\/revisions"}],"predecessor-version":[{"id":23366,"href":"https:\/\/www.organisator.ch\/en\/wp-json\/wp\/v2\/posts\/23266\/revisions\/23366"}],"wp:featuredmedia":[{"embeddable":true,"href":"https:\/\/www.organisator.ch\/en\/wp-json\/wp\/v2\/media\/23267"}],"wp:attachment":[{"href":"https:\/\/www.organisator.ch\/en\/wp-json\/wp\/v2\/media?parent=23266"}],"wp:term":[{"taxonomy":"category","embeddable":true,"href":"https:\/\/www.organisator.ch\/en\/wp-json\/wp\/v2\/categories?post=23266"},{"taxonomy":"post_tag","embeddable":true,"href":"https:\/\/www.organisator.ch\/en\/wp-json\/wp\/v2\/tags?post=23266"}],"curies":[{"name":"wp","href":"https:\/\/api.w.org\/{rel}","templated":true}]}}