{"id":23348,"date":"2023-11-24T05:47:47","date_gmt":"2023-11-24T04:47:47","guid":{"rendered":"https:\/\/www.organisator.ch\/?p=23348"},"modified":"2023-11-23T09:48:01","modified_gmt":"2023-11-23T08:48:01","slug":"kmu-mem-branche-unter-druck","status":"publish","type":"post","link":"https:\/\/www.organisator.ch\/en\/management\/2023-11-24\/kmu-mem-branche-unter-druck\/","title":{"rendered":"SME MEM sector under pressure"},"content":{"rendered":"<figure id=\"attachment_23353\" aria-describedby=\"caption-attachment-23353\" style=\"width: 680px\" class=\"wp-caption alignnone\"><img loading=\"lazy\" decoding=\"async\" class=\"size-full wp-image-23353\" src=\"https:\/\/www.organisator.ch\/wp-content\/uploads\/2023\/11\/Swissmechanic_Bild1_ps.jpg\" alt=\"\" width=\"680\" height=\"383\" srcset=\"https:\/\/www.organisator.ch\/wp-content\/uploads\/2023\/11\/Swissmechanic_Bild1_ps.jpg 680w, https:\/\/www.organisator.ch\/wp-content\/uploads\/2023\/11\/Swissmechanic_Bild1_ps-18x10.jpg 18w, https:\/\/www.organisator.ch\/wp-content\/uploads\/2023\/11\/Swissmechanic_Bild1_ps-375x211.jpg 375w, https:\/\/www.organisator.ch\/wp-content\/uploads\/2023\/11\/Swissmechanic_Bild1_ps-621x350.jpg 621w\" sizes=\"auto, (max-width: 680px) 100vw, 680px\" \/><figcaption id=\"caption-attachment-23353\" class=\"wp-caption-text\">Swissmechanic Business Climate Index: The tense order situation is weighing on SMEs in the MEM industries. (Image: www.pixabay.com)<\/figcaption><\/figure>\n<p>Four times a year, Swissmechanic Switzerland, the employers' association of the MEM SMEs, surveys its member companies on their economic situation. The resulting Swissmechanic Business Climate Index is compiled in collaboration with the economic research institute BAK Economics and enables meaningful issue monitoring of the MEM sector.<\/p>\n<h3><strong>Sharp decline in incoming orders causes concern among SME MEMs <\/strong><\/h3>\n<p>The latest survey clearly shows that SME MEMs are under increasing pressure. In October 2023, the Swissmechanic business climate index suffered a significant dip twice in a row for the first time in three years and is now clearly in the red.<\/p>\n<figure id=\"attachment_23350\" aria-describedby=\"caption-attachment-23350\" style=\"width: 680px\" class=\"wp-caption alignnone\"><img loading=\"lazy\" decoding=\"async\" class=\"size-full wp-image-23350\" src=\"https:\/\/www.organisator.ch\/wp-content\/uploads\/2023\/11\/Abbildung-1-SwissmecMU-MEM-Betriebe_PS.jpg\" alt=\"\" width=\"680\" height=\"515\" srcset=\"https:\/\/www.organisator.ch\/wp-content\/uploads\/2023\/11\/Abbildung-1-SwissmecMU-MEM-Betriebe_PS.jpg 680w, https:\/\/www.organisator.ch\/wp-content\/uploads\/2023\/11\/Abbildung-1-SwissmecMU-MEM-Betriebe_PS-16x12.jpg 16w, https:\/\/www.organisator.ch\/wp-content\/uploads\/2023\/11\/Abbildung-1-SwissmecMU-MEM-Betriebe_PS-375x284.jpg 375w, https:\/\/www.organisator.ch\/wp-content\/uploads\/2023\/11\/Abbildung-1-SwissmecMU-MEM-Betriebe_PS-462x350.jpg 462w\" sizes=\"auto, (max-width: 680px) 100vw, 680px\" \/><figcaption id=\"caption-attachment-23350\" class=\"wp-caption-text\">(Image: www.swissmechanic.ch)<\/figcaption><\/figure>\n<p>\"Almost 75% of the SMEs surveyed currently rate the business climate as unfavorable. For the first time this year, SME MEMs cite the lack of orders as the biggest challenge. Almost one in four companies no longer has enough orders on hand for one month,\" explains J\u00fcrg Marti, Director of Swissmechanic. Compared to the same quarter of the previous year, 63 % of the companies surveyed reported a decline in incoming orders. In contrast, only 13 % reported an increase. In line with the weak order situation, capacity utilization is currently falling and stands at 86 %.<\/p>\n<figure id=\"attachment_23351\" aria-describedby=\"caption-attachment-23351\" style=\"width: 680px\" class=\"wp-caption alignnone\"><img loading=\"lazy\" decoding=\"async\" class=\"size-full wp-image-23351\" src=\"https:\/\/www.organisator.ch\/wp-content\/uploads\/2023\/11\/Abbildung-2-Auslastuionskapazitaeten_PS.jpg\" alt=\"\" width=\"680\" height=\"481\" srcset=\"https:\/\/www.organisator.ch\/wp-content\/uploads\/2023\/11\/Abbildung-2-Auslastuionskapazitaeten_PS.jpg 680w, https:\/\/www.organisator.ch\/wp-content\/uploads\/2023\/11\/Abbildung-2-Auslastuionskapazitaeten_PS-18x12.jpg 18w, https:\/\/www.organisator.ch\/wp-content\/uploads\/2023\/11\/Abbildung-2-Auslastuionskapazitaeten_PS-375x265.jpg 375w, https:\/\/www.organisator.ch\/wp-content\/uploads\/2023\/11\/Abbildung-2-Auslastuionskapazitaeten_PS-495x350.jpg 495w\" sizes=\"auto, (max-width: 680px) 100vw, 680px\" \/><figcaption id=\"caption-attachment-23351\" class=\"wp-caption-text\">(Image: www.swissmechanic.ch)<\/figcaption><\/figure>\n<h3>\u00a0<strong>Geopolitical uncertainties and restrictive monetary policy weigh on the business climate <\/strong><\/h3>\n<p>\"The results can be attributed to a combination of various negative factors. However, the current uncertain geopolitical situation certainly has a major influence,\" Marti concludes. The MEM industries are currently experiencing an economic slowdown. There is a lack of external economic stimulus due to weak growth in key trading partners such as the eurozone, USA and China. Inflation and restrictive monetary policy are also weighing on the investment climate. The appreciation of the Swiss franc is leading to losses in the competitiveness of the MEM industries' products, which must be compensated for by sacrificing margins.<\/p>\n<h3><strong>Slight easing expected for 2024 <\/strong><\/h3>\n<p>The outlook for the fourth quarter of 2023 is also gloomy. More than half of the SMEs surveyed expect a further decline in incoming orders, turnover and margins due to the current difficult economic environment. A silver lining on the horizon: A similarly subdued economic environment is expected for 2024. Nevertheless, there will be a slight easing of some negative factors. Energy and commodity prices have stabilized (at a high level) and inflationary pressure is easing somewhat both globally and in Switzerland. Many central banks can therefore be expected to ease their monetary policy and provide a corresponding boost to growth in the real economy.<\/p>\n<p><em>Source:<a href=\"https:\/\/www.swissmechanic.ch\/\"> www.swissmechanic.ch<\/a><\/em><\/p>","protected":false},"excerpt":{"rendered":"<p>High interest rates, weakening exports and the uncertain geopolitical situation are putting pressure on SME MEMs. Three quarters of them currently rate the business climate as unfavorable. This is according to the latest Swissmechanic business climate index. The tense order situation in particular is weighing on SMEs in the MEM industries: almost one in four companies no longer has enough orders on hand for one month.<\/p>","protected":false},"author":58,"featured_media":23353,"comment_status":"closed","ping_status":"closed","sticky":false,"template":"","format":"standard","meta":{"_acf_changed":false,"_yoast_wpseo_focuskw":"KMU","_yoast_wpseo_metadesc":"Hohe Zinsen, die schw\u00e4chelnde Exportwirtschaft und die unsichere geopolitische Lage setzen die KMU-MEM unter Druck.","articlekey":"","footnotes":""},"categories":[28],"tags":[795,334,335,492],"class_list":["post-23348","post","type-post","status-publish","format-standard","has-post-thumbnail","hentry","category-management","tag-befragung","tag-management","tag-management-und-unternehmensfuehrung","tag-unternehmen"],"acf":[],"yoast_head":"<!-- This site is optimized with the Yoast SEO plugin v27.5 - https:\/\/yoast.com\/product\/yoast-seo-wordpress\/ -->\n<title>KMU-MEM-Branche unter Druck - Organisator<\/title>\n<meta name=\"description\" content=\"Hohe Zinsen, die schw\u00e4chelnde Exportwirtschaft und die unsichere geopolitische Lage setzen die KMU-MEM unter Druck.\" \/>\n<meta name=\"robots\" content=\"index, follow, max-snippet:-1, max-image-preview:large, max-video-preview:-1\" \/>\n<link rel=\"canonical\" href=\"https:\/\/www.organisator.ch\/en\/management\/2023-11-24\/kmu-mem-branche-unter-druck\/\" \/>\n<meta property=\"og:locale\" content=\"en_US\" \/>\n<meta property=\"og:type\" content=\"article\" \/>\n<meta property=\"og:title\" content=\"KMU-MEM-Branche unter Druck\" \/>\n<meta property=\"og:description\" content=\"Hohe Zinsen, die schw\u00e4chelnde Exportwirtschaft und die unsichere geopolitische Lage setzen die KMU-MEM unter Druck.\" \/>\n<meta property=\"og:url\" content=\"https:\/\/www.organisator.ch\/en\/management\/2023-11-24\/kmu-mem-branche-unter-druck\/\" \/>\n<meta property=\"og:site_name\" content=\"Organisator\" \/>\n<meta property=\"article:publisher\" content=\"https:\/\/www.facebook.com\/OrganisatorFachmagazin\" \/>\n<meta property=\"article:published_time\" content=\"2023-11-24T04:47:47+00:00\" \/>\n<meta property=\"og:image\" content=\"https:\/\/www.organisator.ch\/wp-content\/uploads\/2023\/11\/Swissmechanic_Bild1_ps.jpg\" \/>\n\t<meta property=\"og:image:width\" content=\"680\" \/>\n\t<meta property=\"og:image:height\" content=\"383\" \/>\n\t<meta property=\"og:image:type\" content=\"image\/jpeg\" \/>\n<meta name=\"author\" content=\"Adelisa Kalajdzini\" \/>\n<meta name=\"twitter:card\" content=\"summary_large_image\" \/>\n<meta name=\"twitter:title\" content=\"KMU-MEM-Branche unter Druck\" \/>\n<meta name=\"twitter:description\" content=\"Hohe Zinsen, die schw\u00e4chelnde Exportwirtschaft und die unsichere geopolitische Lage setzen die #KMU-MEM #unter #Druck.\" \/>\n<meta name=\"twitter:image\" content=\"https:\/\/www.organisator.ch\/wp-content\/uploads\/2023\/11\/Swissmechanic_Bild1_ps.jpg\" \/>\n<script type=\"application\/ld+json\" class=\"yoast-schema-graph\">{\"@context\":\"https:\\\/\\\/schema.org\",\"@graph\":[{\"@type\":\"Article\",\"@id\":\"https:\\\/\\\/www.organisator.ch\\\/management\\\/2023-11-24\\\/kmu-mem-branche-unter-druck\\\/#article\",\"isPartOf\":{\"@id\":\"https:\\\/\\\/www.organisator.ch\\\/management\\\/2023-11-24\\\/kmu-mem-branche-unter-druck\\\/\"},\"author\":{\"name\":\"Adelisa Kalajdzini\",\"@id\":\"https:\\\/\\\/www.organisator.ch\\\/#\\\/schema\\\/person\\\/2e1314a2172123f874db408d8911d3f3\"},\"headline\":\"KMU-MEM-Branche unter Druck\",\"datePublished\":\"2023-11-24T04:47:47+00:00\",\"mainEntityOfPage\":{\"@id\":\"https:\\\/\\\/www.organisator.ch\\\/management\\\/2023-11-24\\\/kmu-mem-branche-unter-druck\\\/\"},\"wordCount\":410,\"publisher\":{\"@id\":\"https:\\\/\\\/www.organisator.ch\\\/#organization\"},\"image\":{\"@id\":\"https:\\\/\\\/www.organisator.ch\\\/management\\\/2023-11-24\\\/kmu-mem-branche-unter-druck\\\/#primaryimage\"},\"thumbnailUrl\":\"https:\\\/\\\/www.organisator.ch\\\/wp-content\\\/uploads\\\/2023\\\/11\\\/Swissmechanic_Bild1_ps.jpg\",\"keywords\":[\"Befragung\",\"Management\",\"Management und Unternehmensf\u00fchrung\",\"Unternehmen\"],\"articleSection\":[\"MANAGEMENT\"],\"inLanguage\":\"en-US\"},{\"@type\":\"WebPage\",\"@id\":\"https:\\\/\\\/www.organisator.ch\\\/management\\\/2023-11-24\\\/kmu-mem-branche-unter-druck\\\/\",\"url\":\"https:\\\/\\\/www.organisator.ch\\\/management\\\/2023-11-24\\\/kmu-mem-branche-unter-druck\\\/\",\"name\":\"KMU-MEM-Branche unter Druck - Organisator\",\"isPartOf\":{\"@id\":\"https:\\\/\\\/www.organisator.ch\\\/#website\"},\"primaryImageOfPage\":{\"@id\":\"https:\\\/\\\/www.organisator.ch\\\/management\\\/2023-11-24\\\/kmu-mem-branche-unter-druck\\\/#primaryimage\"},\"image\":{\"@id\":\"https:\\\/\\\/www.organisator.ch\\\/management\\\/2023-11-24\\\/kmu-mem-branche-unter-druck\\\/#primaryimage\"},\"thumbnailUrl\":\"https:\\\/\\\/www.organisator.ch\\\/wp-content\\\/uploads\\\/2023\\\/11\\\/Swissmechanic_Bild1_ps.jpg\",\"datePublished\":\"2023-11-24T04:47:47+00:00\",\"description\":\"Hohe Zinsen, die schw\u00e4chelnde Exportwirtschaft und die unsichere geopolitische Lage setzen die KMU-MEM unter Druck.\",\"breadcrumb\":{\"@id\":\"https:\\\/\\\/www.organisator.ch\\\/management\\\/2023-11-24\\\/kmu-mem-branche-unter-druck\\\/#breadcrumb\"},\"inLanguage\":\"en-US\",\"potentialAction\":[{\"@type\":\"ReadAction\",\"target\":[\"https:\\\/\\\/www.organisator.ch\\\/management\\\/2023-11-24\\\/kmu-mem-branche-unter-druck\\\/\"]}]},{\"@type\":\"ImageObject\",\"inLanguage\":\"en-US\",\"@id\":\"https:\\\/\\\/www.organisator.ch\\\/management\\\/2023-11-24\\\/kmu-mem-branche-unter-druck\\\/#primaryimage\",\"url\":\"https:\\\/\\\/www.organisator.ch\\\/wp-content\\\/uploads\\\/2023\\\/11\\\/Swissmechanic_Bild1_ps.jpg\",\"contentUrl\":\"https:\\\/\\\/www.organisator.ch\\\/wp-content\\\/uploads\\\/2023\\\/11\\\/Swissmechanic_Bild1_ps.jpg\",\"width\":680,\"height\":383,\"caption\":\"Swissmechanic-Gesch\u00e4ftsklimaindex: Die angespannte Auftragslage belastet die KMU der MEM-Branche. (Bild: www.pixabay.com)\"},{\"@type\":\"BreadcrumbList\",\"@id\":\"https:\\\/\\\/www.organisator.ch\\\/management\\\/2023-11-24\\\/kmu-mem-branche-unter-druck\\\/#breadcrumb\",\"itemListElement\":[{\"@type\":\"ListItem\",\"position\":1,\"name\":\"Home\",\"item\":\"https:\\\/\\\/www.organisator.ch\\\/\"},{\"@type\":\"ListItem\",\"position\":2,\"name\":\"KMU-MEM-Branche unter Druck\"}]},{\"@type\":\"WebSite\",\"@id\":\"https:\\\/\\\/www.organisator.ch\\\/#website\",\"url\":\"https:\\\/\\\/www.organisator.ch\\\/\",\"name\":\"Organisator\",\"description\":\"Kompetent. Praxisnah. Der ORGANISATOR bereitet in 10 Ausgaben pro Jahr die wesentlichen Themen f\u00fcr F\u00fchrungskr\u00e4fte von KMU auf.\",\"publisher\":{\"@id\":\"https:\\\/\\\/www.organisator.ch\\\/#organization\"},\"potentialAction\":[{\"@type\":\"SearchAction\",\"target\":{\"@type\":\"EntryPoint\",\"urlTemplate\":\"https:\\\/\\\/www.organisator.ch\\\/?s={search_term_string}\"},\"query-input\":{\"@type\":\"PropertyValueSpecification\",\"valueRequired\":true,\"valueName\":\"search_term_string\"}}],\"inLanguage\":\"en-US\"},{\"@type\":\"Organization\",\"@id\":\"https:\\\/\\\/www.organisator.ch\\\/#organization\",\"name\":\"Organisator\",\"url\":\"https:\\\/\\\/www.organisator.ch\\\/\",\"logo\":{\"@type\":\"ImageObject\",\"inLanguage\":\"en-US\",\"@id\":\"https:\\\/\\\/www.organisator.ch\\\/#\\\/schema\\\/logo\\\/image\\\/\",\"url\":\"https:\\\/\\\/www.organisator.ch\\\/wp-content\\\/uploads\\\/2022\\\/01\\\/Logo_Organisator_Website.png\",\"contentUrl\":\"https:\\\/\\\/www.organisator.ch\\\/wp-content\\\/uploads\\\/2022\\\/01\\\/Logo_Organisator_Website.png\",\"width\":800,\"height\":77,\"caption\":\"Organisator\"},\"image\":{\"@id\":\"https:\\\/\\\/www.organisator.ch\\\/#\\\/schema\\\/logo\\\/image\\\/\"},\"sameAs\":[\"https:\\\/\\\/www.facebook.com\\\/OrganisatorFachmagazin\",\"https:\\\/\\\/www.linkedin.com\\\/showcase\\\/organisator-das-magazin-fr-kmu\",\"https:\\\/\\\/www.xing.com\\\/news\\\/pages\\\/organisator-ch-695\",\"https:\\\/\\\/www.youtube.com\\\/channel\\\/UCGP2Sq0iWaZwT3BdIAQFYpw\"]},{\"@type\":\"Person\",\"@id\":\"https:\\\/\\\/www.organisator.ch\\\/#\\\/schema\\\/person\\\/2e1314a2172123f874db408d8911d3f3\",\"name\":\"Adelisa Kalajdzini\",\"image\":{\"@type\":\"ImageObject\",\"inLanguage\":\"en-US\",\"@id\":\"https:\\\/\\\/secure.gravatar.com\\\/avatar\\\/09a397c22ac58cad6f160ee8306348599df9df58a8ede73696226897b9fa4b24?s=96&d=mm&r=g\",\"url\":\"https:\\\/\\\/secure.gravatar.com\\\/avatar\\\/09a397c22ac58cad6f160ee8306348599df9df58a8ede73696226897b9fa4b24?s=96&d=mm&r=g\",\"contentUrl\":\"https:\\\/\\\/secure.gravatar.com\\\/avatar\\\/09a397c22ac58cad6f160ee8306348599df9df58a8ede73696226897b9fa4b24?s=96&d=mm&r=g\",\"caption\":\"Adelisa Kalajdzini\"},\"url\":\"https:\\\/\\\/www.organisator.ch\\\/en\\\/author\\\/adelisa-kalajdzini\\\/\"}]}<\/script>\n<!-- \/ Yoast SEO plugin. -->","yoast_head_json":{"title":"SME MEM sector under pressure - Organizer","description":"High interest rates, the weakening export economy and the uncertain geopolitical situation are putting pressure on SME MEMs.","robots":{"index":"index","follow":"follow","max-snippet":"max-snippet:-1","max-image-preview":"max-image-preview:large","max-video-preview":"max-video-preview:-1"},"canonical":"https:\/\/www.organisator.ch\/en\/management\/2023-11-24\/kmu-mem-branche-unter-druck\/","og_locale":"en_US","og_type":"article","og_title":"KMU-MEM-Branche unter Druck","og_description":"Hohe Zinsen, die schw\u00e4chelnde Exportwirtschaft und die unsichere geopolitische Lage setzen die KMU-MEM unter Druck.","og_url":"https:\/\/www.organisator.ch\/en\/management\/2023-11-24\/kmu-mem-branche-unter-druck\/","og_site_name":"Organisator","article_publisher":"https:\/\/www.facebook.com\/OrganisatorFachmagazin","article_published_time":"2023-11-24T04:47:47+00:00","og_image":[{"width":680,"height":383,"url":"https:\/\/www.organisator.ch\/wp-content\/uploads\/2023\/11\/Swissmechanic_Bild1_ps.jpg","type":"image\/jpeg"}],"author":"Adelisa Kalajdzini","twitter_card":"summary_large_image","twitter_title":"KMU-MEM-Branche unter Druck","twitter_description":"Hohe Zinsen, die schw\u00e4chelnde Exportwirtschaft und die unsichere geopolitische Lage setzen die #KMU-MEM #unter #Druck.","twitter_image":"https:\/\/www.organisator.ch\/wp-content\/uploads\/2023\/11\/Swissmechanic_Bild1_ps.jpg","schema":{"@context":"https:\/\/schema.org","@graph":[{"@type":"Article","@id":"https:\/\/www.organisator.ch\/management\/2023-11-24\/kmu-mem-branche-unter-druck\/#article","isPartOf":{"@id":"https:\/\/www.organisator.ch\/management\/2023-11-24\/kmu-mem-branche-unter-druck\/"},"author":{"name":"Adelisa Kalajdzini","@id":"https:\/\/www.organisator.ch\/#\/schema\/person\/2e1314a2172123f874db408d8911d3f3"},"headline":"KMU-MEM-Branche unter Druck","datePublished":"2023-11-24T04:47:47+00:00","mainEntityOfPage":{"@id":"https:\/\/www.organisator.ch\/management\/2023-11-24\/kmu-mem-branche-unter-druck\/"},"wordCount":410,"publisher":{"@id":"https:\/\/www.organisator.ch\/#organization"},"image":{"@id":"https:\/\/www.organisator.ch\/management\/2023-11-24\/kmu-mem-branche-unter-druck\/#primaryimage"},"thumbnailUrl":"https:\/\/www.organisator.ch\/wp-content\/uploads\/2023\/11\/Swissmechanic_Bild1_ps.jpg","keywords":["Befragung","Management","Management und Unternehmensf\u00fchrung","Unternehmen"],"articleSection":["MANAGEMENT"],"inLanguage":"en-US"},{"@type":"WebPage","@id":"https:\/\/www.organisator.ch\/management\/2023-11-24\/kmu-mem-branche-unter-druck\/","url":"https:\/\/www.organisator.ch\/management\/2023-11-24\/kmu-mem-branche-unter-druck\/","name":"SME MEM sector under pressure - Organizer","isPartOf":{"@id":"https:\/\/www.organisator.ch\/#website"},"primaryImageOfPage":{"@id":"https:\/\/www.organisator.ch\/management\/2023-11-24\/kmu-mem-branche-unter-druck\/#primaryimage"},"image":{"@id":"https:\/\/www.organisator.ch\/management\/2023-11-24\/kmu-mem-branche-unter-druck\/#primaryimage"},"thumbnailUrl":"https:\/\/www.organisator.ch\/wp-content\/uploads\/2023\/11\/Swissmechanic_Bild1_ps.jpg","datePublished":"2023-11-24T04:47:47+00:00","description":"High interest rates, the weakening export economy and the uncertain geopolitical situation are putting pressure on SME MEMs.","breadcrumb":{"@id":"https:\/\/www.organisator.ch\/management\/2023-11-24\/kmu-mem-branche-unter-druck\/#breadcrumb"},"inLanguage":"en-US","potentialAction":[{"@type":"ReadAction","target":["https:\/\/www.organisator.ch\/management\/2023-11-24\/kmu-mem-branche-unter-druck\/"]}]},{"@type":"ImageObject","inLanguage":"en-US","@id":"https:\/\/www.organisator.ch\/management\/2023-11-24\/kmu-mem-branche-unter-druck\/#primaryimage","url":"https:\/\/www.organisator.ch\/wp-content\/uploads\/2023\/11\/Swissmechanic_Bild1_ps.jpg","contentUrl":"https:\/\/www.organisator.ch\/wp-content\/uploads\/2023\/11\/Swissmechanic_Bild1_ps.jpg","width":680,"height":383,"caption":"Swissmechanic-Gesch\u00e4ftsklimaindex: Die angespannte Auftragslage belastet die KMU der MEM-Branche. (Bild: www.pixabay.com)"},{"@type":"BreadcrumbList","@id":"https:\/\/www.organisator.ch\/management\/2023-11-24\/kmu-mem-branche-unter-druck\/#breadcrumb","itemListElement":[{"@type":"ListItem","position":1,"name":"Home","item":"https:\/\/www.organisator.ch\/"},{"@type":"ListItem","position":2,"name":"KMU-MEM-Branche unter Druck"}]},{"@type":"WebSite","@id":"https:\/\/www.organisator.ch\/#website","url":"https:\/\/www.organisator.ch\/","name":"Organizer","description":"Competent. Practical. In 10 issues per year, ORGANISATOR presents the essential topics for managers of SMEs.","publisher":{"@id":"https:\/\/www.organisator.ch\/#organization"},"potentialAction":[{"@type":"SearchAction","target":{"@type":"EntryPoint","urlTemplate":"https:\/\/www.organisator.ch\/?s={search_term_string}"},"query-input":{"@type":"PropertyValueSpecification","valueRequired":true,"valueName":"search_term_string"}}],"inLanguage":"en-US"},{"@type":"Organization","@id":"https:\/\/www.organisator.ch\/#organization","name":"Organizer","url":"https:\/\/www.organisator.ch\/","logo":{"@type":"ImageObject","inLanguage":"en-US","@id":"https:\/\/www.organisator.ch\/#\/schema\/logo\/image\/","url":"https:\/\/www.organisator.ch\/wp-content\/uploads\/2022\/01\/Logo_Organisator_Website.png","contentUrl":"https:\/\/www.organisator.ch\/wp-content\/uploads\/2022\/01\/Logo_Organisator_Website.png","width":800,"height":77,"caption":"Organisator"},"image":{"@id":"https:\/\/www.organisator.ch\/#\/schema\/logo\/image\/"},"sameAs":["https:\/\/www.facebook.com\/OrganisatorFachmagazin","https:\/\/www.linkedin.com\/showcase\/organisator-das-magazin-fr-kmu","https:\/\/www.xing.com\/news\/pages\/organisator-ch-695","https:\/\/www.youtube.com\/channel\/UCGP2Sq0iWaZwT3BdIAQFYpw"]},{"@type":"Person","@id":"https:\/\/www.organisator.ch\/#\/schema\/person\/2e1314a2172123f874db408d8911d3f3","name":"Adelisa Kalajdzini","image":{"@type":"ImageObject","inLanguage":"en-US","@id":"https:\/\/secure.gravatar.com\/avatar\/09a397c22ac58cad6f160ee8306348599df9df58a8ede73696226897b9fa4b24?s=96&d=mm&r=g","url":"https:\/\/secure.gravatar.com\/avatar\/09a397c22ac58cad6f160ee8306348599df9df58a8ede73696226897b9fa4b24?s=96&d=mm&r=g","contentUrl":"https:\/\/secure.gravatar.com\/avatar\/09a397c22ac58cad6f160ee8306348599df9df58a8ede73696226897b9fa4b24?s=96&d=mm&r=g","caption":"Adelisa Kalajdzini"},"url":"https:\/\/www.organisator.ch\/en\/author\/adelisa-kalajdzini\/"}]}},"_links":{"self":[{"href":"https:\/\/www.organisator.ch\/en\/wp-json\/wp\/v2\/posts\/23348","targetHints":{"allow":["GET"]}}],"collection":[{"href":"https:\/\/www.organisator.ch\/en\/wp-json\/wp\/v2\/posts"}],"about":[{"href":"https:\/\/www.organisator.ch\/en\/wp-json\/wp\/v2\/types\/post"}],"author":[{"embeddable":true,"href":"https:\/\/www.organisator.ch\/en\/wp-json\/wp\/v2\/users\/58"}],"replies":[{"embeddable":true,"href":"https:\/\/www.organisator.ch\/en\/wp-json\/wp\/v2\/comments?post=23348"}],"version-history":[{"count":3,"href":"https:\/\/www.organisator.ch\/en\/wp-json\/wp\/v2\/posts\/23348\/revisions"}],"predecessor-version":[{"id":23354,"href":"https:\/\/www.organisator.ch\/en\/wp-json\/wp\/v2\/posts\/23348\/revisions\/23354"}],"wp:featuredmedia":[{"embeddable":true,"href":"https:\/\/www.organisator.ch\/en\/wp-json\/wp\/v2\/media\/23353"}],"wp:attachment":[{"href":"https:\/\/www.organisator.ch\/en\/wp-json\/wp\/v2\/media?parent=23348"}],"wp:term":[{"taxonomy":"category","embeddable":true,"href":"https:\/\/www.organisator.ch\/en\/wp-json\/wp\/v2\/categories?post=23348"},{"taxonomy":"post_tag","embeddable":true,"href":"https:\/\/www.organisator.ch\/en\/wp-json\/wp\/v2\/tags?post=23348"}],"curies":[{"name":"wp","href":"https:\/\/api.w.org\/{rel}","templated":true}]}}