{"id":23446,"date":"2023-12-05T02:11:27","date_gmt":"2023-12-05T01:11:27","guid":{"rendered":"https:\/\/www.organisator.ch\/de\/?p=23446"},"modified":"2023-12-04T08:16:59","modified_gmt":"2023-12-04T07:16:59","slug":"die-arena-fuer-ein-nachhaltigeres-leben","status":"publish","type":"post","link":"https:\/\/www.organisator.ch\/en\/sustainability\/2023-12-05\/die-arena-fuer-ein-nachhaltigeres-leben\/","title":{"rendered":"The arena for a more sustainable life"},"content":{"rendered":"<div class=\"swpm-post-not-logged-in-msg\">You need to be logged in to view this content. Please <a class=\"swpm-login-link\" href=\"https:\/\/www.organisator.ch\/login\/\">Log In<\/a>. Not a Member? <a href=\"https:\/\/www.organisator.ch\/shop\/\">Join Us<\/a><\/div>","protected":false},"excerpt":{"rendered":"<p>The Umwelt Arena in Spreitenbach opened its doors ten years ago. Since then, it has been visited by an average of over 130,000 people every year. An interview with Monika Sigg, Head of Marketing\/Communications, Umwelt Arena Schweiz Foundation.<\/p>","protected":false},"author":1,"featured_media":23443,"comment_status":"closed","ping_status":"closed","sticky":false,"template":"","format":"standard","meta":{"_acf_changed":false,"_yoast_wpseo_focuskw":"Arena","_yoast_wpseo_metadesc":"Vor zehn Jahren \u00f6ffnete die Umwelt Arena in Spreitenbach ihre Tore. Seither wird sie j\u00e4hrlich im Schnitt von \u00fcber 130 000 Personen besucht.","articlekey":"58852","footnotes":""},"categories":[578,580],"tags":[283,358,2352],"class_list":["post-23446","post","type-post","status-publish","format-standard","has-post-thumbnail","hentry","category-abo","category-sustainability","tag-interview","tag-nachhaltige-wirtschaft","tag-umwelt-arena"],"acf":[],"yoast_head":"<!-- This site is optimized with the Yoast SEO plugin v27.4 - https:\/\/yoast.com\/product\/yoast-seo-wordpress\/ -->\n<title>Die Arena f\u00fcr ein nachhaltigeres Leben - Organisator<\/title>\n<meta name=\"description\" content=\"Vor zehn Jahren \u00f6ffnete die Umwelt Arena in Spreitenbach ihre Tore. Seither wird sie j\u00e4hrlich im Schnitt von \u00fcber 130 000 Personen besucht.\" \/>\n<meta name=\"robots\" content=\"index, follow, max-snippet:-1, max-image-preview:large, max-video-preview:-1\" \/>\n<link rel=\"canonical\" href=\"https:\/\/www.organisator.ch\/en\/subscription\/2023-12-05\/die-arena-fuer-ein-nachhaltigeres-leben\/\" \/>\n<meta property=\"og:locale\" content=\"en_US\" \/>\n<meta property=\"og:type\" content=\"article\" \/>\n<meta property=\"og:title\" content=\"Die Arena f\u00fcr ein nachhaltigeres Leben - Organisator\" \/>\n<meta property=\"og:description\" content=\"Vor zehn Jahren \u00f6ffnete die Umwelt Arena in Spreitenbach ihre Tore. Seither wird sie j\u00e4hrlich im Schnitt von \u00fcber 130 000 Personen besucht.\" \/>\n<meta property=\"og:url\" content=\"https:\/\/www.organisator.ch\/en\/subscription\/2023-12-05\/die-arena-fuer-ein-nachhaltigeres-leben\/\" \/>\n<meta property=\"og:site_name\" content=\"Organisator\" \/>\n<meta property=\"article:publisher\" content=\"https:\/\/www.facebook.com\/OrganisatorFachmagazin\" \/>\n<meta property=\"article:published_time\" content=\"2023-12-05T01:11:27+00:00\" \/>\n<meta property=\"og:image\" content=\"https:\/\/www.organisator.ch\/wp-content\/uploads\/2023\/11\/Sustainability_Auftakt_Bild_MonikaSigg_organisator_69900-scaled.jpg\" \/>\n\t<meta property=\"og:image:width\" content=\"1042\" \/>\n\t<meta property=\"og:image:height\" content=\"1400\" \/>\n\t<meta property=\"og:image:type\" content=\"image\/jpeg\" \/>\n<meta name=\"author\" content=\"admin\" \/>\n<meta name=\"twitter:card\" content=\"summary_large_image\" \/>\n<script type=\"application\/ld+json\" class=\"yoast-schema-graph\">{\"@context\":\"https:\\\/\\\/schema.org\",\"@graph\":[{\"@type\":\"Article\",\"@id\":\"https:\\\/\\\/www.organisator.ch\\\/abo\\\/2023-12-05\\\/die-arena-fuer-ein-nachhaltigeres-leben\\\/#article\",\"isPartOf\":{\"@id\":\"https:\\\/\\\/www.organisator.ch\\\/abo\\\/2023-12-05\\\/die-arena-fuer-ein-nachhaltigeres-leben\\\/\"},\"author\":{\"name\":\"admin\",\"@id\":\"https:\\\/\\\/www.organisator.ch\\\/#\\\/schema\\\/person\\\/aa2bace6c5c5aad60102004a50c4eb1c\"},\"headline\":\"Die Arena f\u00fcr ein nachhaltigeres Leben\",\"datePublished\":\"2023-12-05T01:11:27+00:00\",\"mainEntityOfPage\":{\"@id\":\"https:\\\/\\\/www.organisator.ch\\\/abo\\\/2023-12-05\\\/die-arena-fuer-ein-nachhaltigeres-leben\\\/\"},\"wordCount\":1600,\"publisher\":{\"@id\":\"https:\\\/\\\/www.organisator.ch\\\/#organization\"},\"image\":{\"@id\":\"https:\\\/\\\/www.organisator.ch\\\/abo\\\/2023-12-05\\\/die-arena-fuer-ein-nachhaltigeres-leben\\\/#primaryimage\"},\"thumbnailUrl\":\"https:\\\/\\\/www.organisator.ch\\\/wp-content\\\/uploads\\\/2023\\\/11\\\/Sustainability_Auftakt_Bild_MonikaSigg_organisator_69900-scaled.jpg\",\"keywords\":[\"Interview\",\"Nachhaltige Wirtschaft\",\"Umwelt Arena\"],\"articleSection\":[\"ABO+\",\"SUSTAINABILITY\"],\"inLanguage\":\"en-US\"},{\"@type\":\"WebPage\",\"@id\":\"https:\\\/\\\/www.organisator.ch\\\/abo\\\/2023-12-05\\\/die-arena-fuer-ein-nachhaltigeres-leben\\\/\",\"url\":\"https:\\\/\\\/www.organisator.ch\\\/abo\\\/2023-12-05\\\/die-arena-fuer-ein-nachhaltigeres-leben\\\/\",\"name\":\"Die Arena f\u00fcr ein nachhaltigeres Leben - Organisator\",\"isPartOf\":{\"@id\":\"https:\\\/\\\/www.organisator.ch\\\/#website\"},\"primaryImageOfPage\":{\"@id\":\"https:\\\/\\\/www.organisator.ch\\\/abo\\\/2023-12-05\\\/die-arena-fuer-ein-nachhaltigeres-leben\\\/#primaryimage\"},\"image\":{\"@id\":\"https:\\\/\\\/www.organisator.ch\\\/abo\\\/2023-12-05\\\/die-arena-fuer-ein-nachhaltigeres-leben\\\/#primaryimage\"},\"thumbnailUrl\":\"https:\\\/\\\/www.organisator.ch\\\/wp-content\\\/uploads\\\/2023\\\/11\\\/Sustainability_Auftakt_Bild_MonikaSigg_organisator_69900-scaled.jpg\",\"datePublished\":\"2023-12-05T01:11:27+00:00\",\"description\":\"Vor zehn Jahren \u00f6ffnete die Umwelt Arena in Spreitenbach ihre Tore. Seither wird sie j\u00e4hrlich im Schnitt von \u00fcber 130 000 Personen besucht.\",\"breadcrumb\":{\"@id\":\"https:\\\/\\\/www.organisator.ch\\\/abo\\\/2023-12-05\\\/die-arena-fuer-ein-nachhaltigeres-leben\\\/#breadcrumb\"},\"inLanguage\":\"en-US\",\"potentialAction\":[{\"@type\":\"ReadAction\",\"target\":[\"https:\\\/\\\/www.organisator.ch\\\/abo\\\/2023-12-05\\\/die-arena-fuer-ein-nachhaltigeres-leben\\\/\"]}]},{\"@type\":\"ImageObject\",\"inLanguage\":\"en-US\",\"@id\":\"https:\\\/\\\/www.organisator.ch\\\/abo\\\/2023-12-05\\\/die-arena-fuer-ein-nachhaltigeres-leben\\\/#primaryimage\",\"url\":\"https:\\\/\\\/www.organisator.ch\\\/wp-content\\\/uploads\\\/2023\\\/11\\\/Sustainability_Auftakt_Bild_MonikaSigg_organisator_69900-scaled.jpg\",\"contentUrl\":\"https:\\\/\\\/www.organisator.ch\\\/wp-content\\\/uploads\\\/2023\\\/11\\\/Sustainability_Auftakt_Bild_MonikaSigg_organisator_69900-scaled.jpg\",\"width\":1042,\"height\":1400,\"caption\":\"Foto: Umwelt Arena\"},{\"@type\":\"BreadcrumbList\",\"@id\":\"https:\\\/\\\/www.organisator.ch\\\/abo\\\/2023-12-05\\\/die-arena-fuer-ein-nachhaltigeres-leben\\\/#breadcrumb\",\"itemListElement\":[{\"@type\":\"ListItem\",\"position\":1,\"name\":\"Home\",\"item\":\"https:\\\/\\\/www.organisator.ch\\\/\"},{\"@type\":\"ListItem\",\"position\":2,\"name\":\"Die Arena f\u00fcr ein nachhaltigeres Leben\"}]},{\"@type\":\"WebSite\",\"@id\":\"https:\\\/\\\/www.organisator.ch\\\/#website\",\"url\":\"https:\\\/\\\/www.organisator.ch\\\/\",\"name\":\"Organisator\",\"description\":\"Kompetent. Praxisnah. Der ORGANISATOR bereitet in 10 Ausgaben pro Jahr die wesentlichen Themen f\u00fcr F\u00fchrungskr\u00e4fte von KMU auf.\",\"publisher\":{\"@id\":\"https:\\\/\\\/www.organisator.ch\\\/#organization\"},\"potentialAction\":[{\"@type\":\"SearchAction\",\"target\":{\"@type\":\"EntryPoint\",\"urlTemplate\":\"https:\\\/\\\/www.organisator.ch\\\/?s={search_term_string}\"},\"query-input\":{\"@type\":\"PropertyValueSpecification\",\"valueRequired\":true,\"valueName\":\"search_term_string\"}}],\"inLanguage\":\"en-US\"},{\"@type\":\"Organization\",\"@id\":\"https:\\\/\\\/www.organisator.ch\\\/#organization\",\"name\":\"Organisator\",\"url\":\"https:\\\/\\\/www.organisator.ch\\\/\",\"logo\":{\"@type\":\"ImageObject\",\"inLanguage\":\"en-US\",\"@id\":\"https:\\\/\\\/www.organisator.ch\\\/#\\\/schema\\\/logo\\\/image\\\/\",\"url\":\"https:\\\/\\\/www.organisator.ch\\\/wp-content\\\/uploads\\\/2022\\\/01\\\/Logo_Organisator_Website.png\",\"contentUrl\":\"https:\\\/\\\/www.organisator.ch\\\/wp-content\\\/uploads\\\/2022\\\/01\\\/Logo_Organisator_Website.png\",\"width\":800,\"height\":77,\"caption\":\"Organisator\"},\"image\":{\"@id\":\"https:\\\/\\\/www.organisator.ch\\\/#\\\/schema\\\/logo\\\/image\\\/\"},\"sameAs\":[\"https:\\\/\\\/www.facebook.com\\\/OrganisatorFachmagazin\",\"https:\\\/\\\/www.linkedin.com\\\/showcase\\\/organisator-das-magazin-fr-kmu\",\"https:\\\/\\\/www.xing.com\\\/news\\\/pages\\\/organisator-ch-695\",\"https:\\\/\\\/www.youtube.com\\\/channel\\\/UCGP2Sq0iWaZwT3BdIAQFYpw\"]},{\"@type\":\"Person\",\"@id\":\"https:\\\/\\\/www.organisator.ch\\\/#\\\/schema\\\/person\\\/aa2bace6c5c5aad60102004a50c4eb1c\",\"name\":\"admin\",\"image\":{\"@type\":\"ImageObject\",\"inLanguage\":\"en-US\",\"@id\":\"https:\\\/\\\/secure.gravatar.com\\\/avatar\\\/ae2f4d718e6c49043e314ce431e7e645d646302a24a5ef5a8bc8e3f5a032e319?s=96&d=mm&r=g\",\"url\":\"https:\\\/\\\/secure.gravatar.com\\\/avatar\\\/ae2f4d718e6c49043e314ce431e7e645d646302a24a5ef5a8bc8e3f5a032e319?s=96&d=mm&r=g\",\"contentUrl\":\"https:\\\/\\\/secure.gravatar.com\\\/avatar\\\/ae2f4d718e6c49043e314ce431e7e645d646302a24a5ef5a8bc8e3f5a032e319?s=96&d=mm&r=g\",\"caption\":\"admin\"},\"sameAs\":[\"https:\\\/\\\/www.organisator.ch\"],\"url\":\"https:\\\/\\\/www.organisator.ch\\\/en\\\/author\\\/admin\\\/\"}]}<\/script>\n<!-- \/ Yoast SEO plugin. -->","yoast_head_json":{"title":"The arena for a more sustainable life - Organizer","description":"The Umwelt Arena in Spreitenbach opened its doors ten years ago. Since then, it has been visited by an average of over 130,000 people every year.","robots":{"index":"index","follow":"follow","max-snippet":"max-snippet:-1","max-image-preview":"max-image-preview:large","max-video-preview":"max-video-preview:-1"},"canonical":"https:\/\/www.organisator.ch\/en\/subscription\/2023-12-05\/die-arena-fuer-ein-nachhaltigeres-leben\/","og_locale":"en_US","og_type":"article","og_title":"Die Arena f\u00fcr ein nachhaltigeres Leben - Organisator","og_description":"Vor zehn Jahren \u00f6ffnete die Umwelt Arena in Spreitenbach ihre Tore. Seither wird sie j\u00e4hrlich im Schnitt von \u00fcber 130 000 Personen besucht.","og_url":"https:\/\/www.organisator.ch\/en\/subscription\/2023-12-05\/die-arena-fuer-ein-nachhaltigeres-leben\/","og_site_name":"Organisator","article_publisher":"https:\/\/www.facebook.com\/OrganisatorFachmagazin","article_published_time":"2023-12-05T01:11:27+00:00","og_image":[{"width":1042,"height":1400,"url":"https:\/\/www.organisator.ch\/wp-content\/uploads\/2023\/11\/Sustainability_Auftakt_Bild_MonikaSigg_organisator_69900-scaled.jpg","type":"image\/jpeg"}],"author":"admin","twitter_card":"summary_large_image","schema":{"@context":"https:\/\/schema.org","@graph":[{"@type":"Article","@id":"https:\/\/www.organisator.ch\/abo\/2023-12-05\/die-arena-fuer-ein-nachhaltigeres-leben\/#article","isPartOf":{"@id":"https:\/\/www.organisator.ch\/abo\/2023-12-05\/die-arena-fuer-ein-nachhaltigeres-leben\/"},"author":{"name":"admin","@id":"https:\/\/www.organisator.ch\/#\/schema\/person\/aa2bace6c5c5aad60102004a50c4eb1c"},"headline":"Die Arena f\u00fcr ein nachhaltigeres Leben","datePublished":"2023-12-05T01:11:27+00:00","mainEntityOfPage":{"@id":"https:\/\/www.organisator.ch\/abo\/2023-12-05\/die-arena-fuer-ein-nachhaltigeres-leben\/"},"wordCount":1600,"publisher":{"@id":"https:\/\/www.organisator.ch\/#organization"},"image":{"@id":"https:\/\/www.organisator.ch\/abo\/2023-12-05\/die-arena-fuer-ein-nachhaltigeres-leben\/#primaryimage"},"thumbnailUrl":"https:\/\/www.organisator.ch\/wp-content\/uploads\/2023\/11\/Sustainability_Auftakt_Bild_MonikaSigg_organisator_69900-scaled.jpg","keywords":["Interview","Nachhaltige Wirtschaft","Umwelt Arena"],"articleSection":["ABO+","SUSTAINABILITY"],"inLanguage":"en-US"},{"@type":"WebPage","@id":"https:\/\/www.organisator.ch\/abo\/2023-12-05\/die-arena-fuer-ein-nachhaltigeres-leben\/","url":"https:\/\/www.organisator.ch\/abo\/2023-12-05\/die-arena-fuer-ein-nachhaltigeres-leben\/","name":"The arena for a more sustainable life - Organizer","isPartOf":{"@id":"https:\/\/www.organisator.ch\/#website"},"primaryImageOfPage":{"@id":"https:\/\/www.organisator.ch\/abo\/2023-12-05\/die-arena-fuer-ein-nachhaltigeres-leben\/#primaryimage"},"image":{"@id":"https:\/\/www.organisator.ch\/abo\/2023-12-05\/die-arena-fuer-ein-nachhaltigeres-leben\/#primaryimage"},"thumbnailUrl":"https:\/\/www.organisator.ch\/wp-content\/uploads\/2023\/11\/Sustainability_Auftakt_Bild_MonikaSigg_organisator_69900-scaled.jpg","datePublished":"2023-12-05T01:11:27+00:00","description":"The Umwelt Arena in Spreitenbach opened its doors ten years ago. Since then, it has been visited by an average of over 130,000 people every year.","breadcrumb":{"@id":"https:\/\/www.organisator.ch\/abo\/2023-12-05\/die-arena-fuer-ein-nachhaltigeres-leben\/#breadcrumb"},"inLanguage":"en-US","potentialAction":[{"@type":"ReadAction","target":["https:\/\/www.organisator.ch\/abo\/2023-12-05\/die-arena-fuer-ein-nachhaltigeres-leben\/"]}]},{"@type":"ImageObject","inLanguage":"en-US","@id":"https:\/\/www.organisator.ch\/abo\/2023-12-05\/die-arena-fuer-ein-nachhaltigeres-leben\/#primaryimage","url":"https:\/\/www.organisator.ch\/wp-content\/uploads\/2023\/11\/Sustainability_Auftakt_Bild_MonikaSigg_organisator_69900-scaled.jpg","contentUrl":"https:\/\/www.organisator.ch\/wp-content\/uploads\/2023\/11\/Sustainability_Auftakt_Bild_MonikaSigg_organisator_69900-scaled.jpg","width":1042,"height":1400,"caption":"Foto: Umwelt Arena"},{"@type":"BreadcrumbList","@id":"https:\/\/www.organisator.ch\/abo\/2023-12-05\/die-arena-fuer-ein-nachhaltigeres-leben\/#breadcrumb","itemListElement":[{"@type":"ListItem","position":1,"name":"Home","item":"https:\/\/www.organisator.ch\/"},{"@type":"ListItem","position":2,"name":"Die Arena f\u00fcr ein nachhaltigeres Leben"}]},{"@type":"WebSite","@id":"https:\/\/www.organisator.ch\/#website","url":"https:\/\/www.organisator.ch\/","name":"Organizer","description":"Competent. Practical. In 10 issues per year, ORGANISATOR presents the essential topics for managers of SMEs.","publisher":{"@id":"https:\/\/www.organisator.ch\/#organization"},"potentialAction":[{"@type":"SearchAction","target":{"@type":"EntryPoint","urlTemplate":"https:\/\/www.organisator.ch\/?s={search_term_string}"},"query-input":{"@type":"PropertyValueSpecification","valueRequired":true,"valueName":"search_term_string"}}],"inLanguage":"en-US"},{"@type":"Organization","@id":"https:\/\/www.organisator.ch\/#organization","name":"Organizer","url":"https:\/\/www.organisator.ch\/","logo":{"@type":"ImageObject","inLanguage":"en-US","@id":"https:\/\/www.organisator.ch\/#\/schema\/logo\/image\/","url":"https:\/\/www.organisator.ch\/wp-content\/uploads\/2022\/01\/Logo_Organisator_Website.png","contentUrl":"https:\/\/www.organisator.ch\/wp-content\/uploads\/2022\/01\/Logo_Organisator_Website.png","width":800,"height":77,"caption":"Organisator"},"image":{"@id":"https:\/\/www.organisator.ch\/#\/schema\/logo\/image\/"},"sameAs":["https:\/\/www.facebook.com\/OrganisatorFachmagazin","https:\/\/www.linkedin.com\/showcase\/organisator-das-magazin-fr-kmu","https:\/\/www.xing.com\/news\/pages\/organisator-ch-695","https:\/\/www.youtube.com\/channel\/UCGP2Sq0iWaZwT3BdIAQFYpw"]},{"@type":"Person","@id":"https:\/\/www.organisator.ch\/#\/schema\/person\/aa2bace6c5c5aad60102004a50c4eb1c","name":"admin","image":{"@type":"ImageObject","inLanguage":"en-US","@id":"https:\/\/secure.gravatar.com\/avatar\/ae2f4d718e6c49043e314ce431e7e645d646302a24a5ef5a8bc8e3f5a032e319?s=96&d=mm&r=g","url":"https:\/\/secure.gravatar.com\/avatar\/ae2f4d718e6c49043e314ce431e7e645d646302a24a5ef5a8bc8e3f5a032e319?s=96&d=mm&r=g","contentUrl":"https:\/\/secure.gravatar.com\/avatar\/ae2f4d718e6c49043e314ce431e7e645d646302a24a5ef5a8bc8e3f5a032e319?s=96&d=mm&r=g","caption":"admin"},"sameAs":["https:\/\/www.organisator.ch"],"url":"https:\/\/www.organisator.ch\/en\/author\/admin\/"}]}},"_links":{"self":[{"href":"https:\/\/www.organisator.ch\/en\/wp-json\/wp\/v2\/posts\/23446","targetHints":{"allow":["GET"]}}],"collection":[{"href":"https:\/\/www.organisator.ch\/en\/wp-json\/wp\/v2\/posts"}],"about":[{"href":"https:\/\/www.organisator.ch\/en\/wp-json\/wp\/v2\/types\/post"}],"author":[{"embeddable":true,"href":"https:\/\/www.organisator.ch\/en\/wp-json\/wp\/v2\/users\/1"}],"replies":[{"embeddable":true,"href":"https:\/\/www.organisator.ch\/en\/wp-json\/wp\/v2\/comments?post=23446"}],"version-history":[{"count":2,"href":"https:\/\/www.organisator.ch\/en\/wp-json\/wp\/v2\/posts\/23446\/revisions"}],"predecessor-version":[{"id":23676,"href":"https:\/\/www.organisator.ch\/en\/wp-json\/wp\/v2\/posts\/23446\/revisions\/23676"}],"wp:featuredmedia":[{"embeddable":true,"href":"https:\/\/www.organisator.ch\/en\/wp-json\/wp\/v2\/media\/23443"}],"wp:attachment":[{"href":"https:\/\/www.organisator.ch\/en\/wp-json\/wp\/v2\/media?parent=23446"}],"wp:term":[{"taxonomy":"category","embeddable":true,"href":"https:\/\/www.organisator.ch\/en\/wp-json\/wp\/v2\/categories?post=23446"},{"taxonomy":"post_tag","embeddable":true,"href":"https:\/\/www.organisator.ch\/en\/wp-json\/wp\/v2\/tags?post=23446"}],"curies":[{"name":"wp","href":"https:\/\/api.w.org\/{rel}","templated":true}]}}