{"id":2346,"date":"2017-08-25T08:16:54","date_gmt":"2017-08-25T06:16:54","guid":{"rendered":"https:\/\/www.organisator.ch\/?p=2346"},"modified":"2017-08-25T08:16:54","modified_gmt":"2017-08-25T06:16:54","slug":"swissict-symposium-2017-setzt-auf-neue-geschaeftsmodelle-der-digitalen-schweiz","status":"publish","type":"post","link":"https:\/\/www.organisator.ch\/en\/management\/it\/2017-08-25\/swissict-symposium-2017-setzt-auf-neue-geschaeftsmodelle-der-digitalen-schweiz\/","title":{"rendered":"swissICT Symposium 2017 focuses on new business models for digital Switzerland"},"content":{"rendered":"<figure id=\"attachment_2355\" aria-describedby=\"caption-attachment-2355\" style=\"width: 640px\" class=\"wp-caption alignnone\"><img loading=\"lazy\" decoding=\"async\" class=\"size-full wp-image-2355\" src=\"https:\/\/www.organisator.ch\/wp-content\/uploads\/2017\/08\/swissICT-Symposium-2017-setzt-auf-neue-Geschaeftsmodelle-der-digitalen-Schweiz_Organisator.jpg\" alt=\"\" width=\"640\" height=\"427\" srcset=\"https:\/\/www.organisator.ch\/wp-content\/uploads\/2017\/08\/swissICT-Symposium-2017-setzt-auf-neue-Geschaeftsmodelle-der-digitalen-Schweiz_Organisator.jpg 640w, https:\/\/www.organisator.ch\/wp-content\/uploads\/2017\/08\/swissICT-Symposium-2017-setzt-auf-neue-Geschaeftsmodelle-der-digitalen-Schweiz_Organisator-16x12.jpg 16w, https:\/\/www.organisator.ch\/wp-content\/uploads\/2017\/08\/swissICT-Symposium-2017-setzt-auf-neue-Geschaeftsmodelle-der-digitalen-Schweiz_Organisator-262x175.jpg 262w, https:\/\/www.organisator.ch\/wp-content\/uploads\/2017\/08\/swissICT-Symposium-2017-setzt-auf-neue-Geschaeftsmodelle-der-digitalen-Schweiz_Organisator-525x350.jpg 525w, https:\/\/www.organisator.ch\/wp-content\/uploads\/2017\/08\/swissICT-Symposium-2017-setzt-auf-neue-Geschaeftsmodelle-der-digitalen-Schweiz_Organisator-300x200.jpg 300w\" sizes=\"auto, (max-width: 640px) 100vw, 640px\" \/><figcaption id=\"caption-attachment-2355\" class=\"wp-caption-text\">At this year's swissICT Symposium, topics such as blockchain, efficiency in business &amp; processes, organization &amp; working environment, business models and communication, as well as highly topical cybersecurity and \"artificial intelligence\" are on the list. (Image: zVg \/ Press Office swissICT Symposium)<\/figcaption><\/figure>\n<p>The swissICT Symposium traditionally begins the evening before with a gala dinner including a table talk. According to the organizer, the actual conference program on November 14 promises a lot: Two dozen top speakers will speak in six streams and three keynotes.<\/p>\n<h2>swissICT Symposium under the banner of cyber security<\/h2>\n<p>\"Pascal Lamia, head of the Reporting and Analysis Center for Information Assurance (MELANI), will ask \"How secure is (cyber)Switzerland? Lamia will make it clear that cyber attacks have become a real threat. Virtually anything that can be turned into money with little effort is under attack. It doesn't matter whether the company's own infrastructure is being sabotaged or the attackers are targeting data and information. In his keynote speech, the head of MELANIE will provide an overview of the current cyber threats and show how you can protect yourself better with a few simple measures.<\/p>\n<h2>Artificial Intelligence, Augmented Reality and Blockchain<\/h2>\n<p>In a mix of presentations, networking and know-how, the swissICT Symposium conveys current knowledge about the digital transformation and Industry 4.0, which affects the entire economy. For example, one keynote deals with data analysis and data-based services as well as income generation and risk minimization in a complex world. A world that will become even more complicated when, for example, personal customer service becomes effective thanks to machine learning and artificial intelligence, when psychometric factors become important in a recommendation system for multimedia platforms, or when analytics increases automation in tax assessment. Learn more at the swissICT Symposium 2017.<\/p>\n<p>Other important aspects at the symposium are augmented reality and mixed reality, for example with best practices for marketing, media and communication. Blockchain is challenging the traditional banking system and disruptive start-ups are posing new challenges to common production and economic processes. Finally, in a refreshing change of topics, participants will learn \"Insights from 14 years of FC Basel\" on value-based and team-oriented leadership from former president Dr. Bernhard Heusler.<\/p>\n<h2>Swiss ICT Award 2017<\/h2>\n<p>The Swiss ICT Award 2017 will also be presented at the swissICT Symposium in the KKL. The award honors particularly innovative, IT-based products launched in Switzerland. Five finalists in each of two categories have been nominated for this important award for the Swiss IT industry. The winners will be selected in Lucerne on November 14, 2017. All finalists are also up for election in the Swiss ICT Public Award, the audience award, which is determined by an online vote by Swiss IT Magazine and an auditorium vote at the award ceremony. The award ceremony is an important meeting point for players from the Swiss ICT industry in research, business and politics.<\/p>\n<p><em>More information: <a href=\"http:\/\/www.swissict-symposium.ch\">Swiss ICT Symposium <\/a><\/em><\/p>\n<p>&nbsp;<\/p>\n<p>&nbsp;<\/p>","protected":false},"excerpt":{"rendered":"<p>Das swissICT Symposium beginnt traditionellerweise schon am Vorabend mit einem Gala-Dinner inklusive Tischreferat. Das eigentliche Konferenzprogramm vom 14. November\u00a0verspricht gem\u00e4ss\u00a0den Angaben des Veranstalters einiges: Zwei Dutzend Top-Speaker referieren in sechs Streams und drei Keynotes. swissICT Symposium im Zeichen von Cyber-Sicherheit \u201eWie sicher ist die (Cyber)-Schweiz&#8220; weiss etwa Pascal Lamia, Leiter der Melde- und Analysestelle Informationssicherung [&hellip;]<\/p>\n","protected":false},"author":4,"featured_media":2355,"comment_status":"open","ping_status":"open","sticky":false,"template":"","format":"standard","meta":{"_acf_changed":false,"_yoast_wpseo_focuskw":"swissICT Symposium","_yoast_wpseo_metadesc":"F\u00fcr die 37. Ausgabe des SwissICT Symposiums am 13. und 14. November im KKL Luzern konnten 24 Topreferenten verpflichtet werden.","articlekey":"","footnotes":""},"categories":[27],"tags":[142,156,286,502],"class_list":["post-2346","post","type-post","status-publish","format-standard","has-post-thumbnail","hentry","category-it","tag-cyber-crime","tag-digitalisierung","tag-it","tag-veranstaltungen"],"acf":[],"yoast_head":"<!-- This site is optimized with the Yoast SEO plugin v27.5 - https:\/\/yoast.com\/product\/yoast-seo-wordpress\/ -->\n<title>swissICT Symposium 2017 setzt auf neue Gesch\u00e4ftsmodelle der digitalen Schweiz - Organisator<\/title>\n<meta name=\"description\" content=\"F\u00fcr die 37. Ausgabe des SwissICT Symposiums am 13. und 14. November im KKL Luzern konnten 24 Topreferenten verpflichtet werden.\" \/>\n<meta name=\"robots\" content=\"index, follow, max-snippet:-1, max-image-preview:large, max-video-preview:-1\" \/>\n<link rel=\"canonical\" href=\"https:\/\/www.organisator.ch\/en\/management\/it\/2017-08-25\/swissict-symposium-2017-setzt-auf-neue-geschaeftsmodelle-der-digitalen-schweiz\/\" \/>\n<meta property=\"og:locale\" content=\"en_US\" \/>\n<meta property=\"og:type\" content=\"article\" \/>\n<meta property=\"og:title\" content=\"swissICT Symposium 2017 setzt auf neue Gesch\u00e4ftsmodelle der digitalen Schweiz\" \/>\n<meta property=\"og:description\" content=\"Zum Titelthema &quot;Neue Gesch\u00e4ftsmodelle der digitalen Schweiz&quot; sind f\u00fcr die 37. Ausgabe des #SwissICT Symposiums am 13. und 14. November im KKL Luzern 24 Topreferenten verpflichtet worden.\" \/>\n<meta property=\"og:url\" content=\"https:\/\/www.organisator.ch\/en\/management\/it\/2017-08-25\/swissict-symposium-2017-setzt-auf-neue-geschaeftsmodelle-der-digitalen-schweiz\/\" \/>\n<meta property=\"og:site_name\" content=\"Organisator\" \/>\n<meta property=\"article:publisher\" content=\"https:\/\/www.facebook.com\/OrganisatorFachmagazin\" \/>\n<meta property=\"article:published_time\" content=\"2017-08-25T06:16:54+00:00\" \/>\n<meta property=\"og:image\" content=\"https:\/\/www.organisator.ch\/wp-content\/uploads\/2017\/08\/swissICT-Symposium-2017-setzt-auf-neue-Geschaeftsmodelle-der-digitalen-Schweiz_Organisator.jpg\" \/>\n\t<meta property=\"og:image:width\" content=\"640\" \/>\n\t<meta property=\"og:image:height\" content=\"427\" \/>\n\t<meta property=\"og:image:type\" content=\"image\/jpeg\" \/>\n<meta name=\"author\" content=\"thomas.berner\" \/>\n<meta name=\"twitter:card\" content=\"summary_large_image\" \/>\n<meta name=\"twitter:title\" content=\"#swissICT Symposium 2017 setzt auf neue Gesch\u00e4ftsmodelle der digitalen Schweiz #swissICTSymposium\" \/>\n<meta name=\"twitter:description\" content=\"Zum Titelthema &quot;Neue Gesch\u00e4ftsmodelle der digitalen Schweiz&quot; sind f\u00fcr die 37. Ausgabe des #SwissICT Symposiums am 13. und 14. November im KKL Luzern 24 Topreferenten verpflichtet worden.\" \/>\n<meta name=\"twitter:image\" content=\"https:\/\/www.organisator.ch\/wp-content\/uploads\/2017\/08\/swissICT-Symposium-2017-setzt-auf-neue-Gesch\u00e4ftsmodelle-der-digitalen-Schweiz_Organisator.jpg\" \/>\n<script type=\"application\/ld+json\" class=\"yoast-schema-graph\">{\"@context\":\"https:\\\/\\\/schema.org\",\"@graph\":[{\"@type\":\"Article\",\"@id\":\"https:\\\/\\\/www.organisator.ch\\\/management\\\/it\\\/2017-08-25\\\/swissict-symposium-2017-setzt-auf-neue-geschaeftsmodelle-der-digitalen-schweiz\\\/#article\",\"isPartOf\":{\"@id\":\"https:\\\/\\\/www.organisator.ch\\\/management\\\/it\\\/2017-08-25\\\/swissict-symposium-2017-setzt-auf-neue-geschaeftsmodelle-der-digitalen-schweiz\\\/\"},\"author\":{\"name\":\"thomas.berner\",\"@id\":\"https:\\\/\\\/www.organisator.ch\\\/#\\\/schema\\\/person\\\/6f650f90b2842cd4c0cc334b4e36f67e\"},\"headline\":\"swissICT Symposium 2017 setzt auf neue Gesch\u00e4ftsmodelle der digitalen Schweiz\",\"datePublished\":\"2017-08-25T06:16:54+00:00\",\"mainEntityOfPage\":{\"@id\":\"https:\\\/\\\/www.organisator.ch\\\/management\\\/it\\\/2017-08-25\\\/swissict-symposium-2017-setzt-auf-neue-geschaeftsmodelle-der-digitalen-schweiz\\\/\"},\"wordCount\":468,\"commentCount\":0,\"publisher\":{\"@id\":\"https:\\\/\\\/www.organisator.ch\\\/#organization\"},\"image\":{\"@id\":\"https:\\\/\\\/www.organisator.ch\\\/management\\\/it\\\/2017-08-25\\\/swissict-symposium-2017-setzt-auf-neue-geschaeftsmodelle-der-digitalen-schweiz\\\/#primaryimage\"},\"thumbnailUrl\":\"https:\\\/\\\/www.organisator.ch\\\/wp-content\\\/uploads\\\/2017\\\/08\\\/swissICT-Symposium-2017-setzt-auf-neue-Geschaeftsmodelle-der-digitalen-Schweiz_Organisator.jpg\",\"keywords\":[\"Cyber-Crime\",\"Digitalisierung\",\"IT\",\"Veranstaltungen\"],\"articleSection\":[\"IT\"],\"inLanguage\":\"en-US\"},{\"@type\":\"WebPage\",\"@id\":\"https:\\\/\\\/www.organisator.ch\\\/management\\\/it\\\/2017-08-25\\\/swissict-symposium-2017-setzt-auf-neue-geschaeftsmodelle-der-digitalen-schweiz\\\/\",\"url\":\"https:\\\/\\\/www.organisator.ch\\\/management\\\/it\\\/2017-08-25\\\/swissict-symposium-2017-setzt-auf-neue-geschaeftsmodelle-der-digitalen-schweiz\\\/\",\"name\":\"swissICT Symposium 2017 setzt auf neue Gesch\u00e4ftsmodelle der digitalen Schweiz - Organisator\",\"isPartOf\":{\"@id\":\"https:\\\/\\\/www.organisator.ch\\\/#website\"},\"primaryImageOfPage\":{\"@id\":\"https:\\\/\\\/www.organisator.ch\\\/management\\\/it\\\/2017-08-25\\\/swissict-symposium-2017-setzt-auf-neue-geschaeftsmodelle-der-digitalen-schweiz\\\/#primaryimage\"},\"image\":{\"@id\":\"https:\\\/\\\/www.organisator.ch\\\/management\\\/it\\\/2017-08-25\\\/swissict-symposium-2017-setzt-auf-neue-geschaeftsmodelle-der-digitalen-schweiz\\\/#primaryimage\"},\"thumbnailUrl\":\"https:\\\/\\\/www.organisator.ch\\\/wp-content\\\/uploads\\\/2017\\\/08\\\/swissICT-Symposium-2017-setzt-auf-neue-Geschaeftsmodelle-der-digitalen-Schweiz_Organisator.jpg\",\"datePublished\":\"2017-08-25T06:16:54+00:00\",\"description\":\"F\u00fcr die 37. Ausgabe des SwissICT Symposiums am 13. und 14. November im KKL Luzern konnten 24 Topreferenten verpflichtet werden.\",\"breadcrumb\":{\"@id\":\"https:\\\/\\\/www.organisator.ch\\\/management\\\/it\\\/2017-08-25\\\/swissict-symposium-2017-setzt-auf-neue-geschaeftsmodelle-der-digitalen-schweiz\\\/#breadcrumb\"},\"inLanguage\":\"en-US\",\"potentialAction\":[{\"@type\":\"ReadAction\",\"target\":[\"https:\\\/\\\/www.organisator.ch\\\/management\\\/it\\\/2017-08-25\\\/swissict-symposium-2017-setzt-auf-neue-geschaeftsmodelle-der-digitalen-schweiz\\\/\"]}]},{\"@type\":\"ImageObject\",\"inLanguage\":\"en-US\",\"@id\":\"https:\\\/\\\/www.organisator.ch\\\/management\\\/it\\\/2017-08-25\\\/swissict-symposium-2017-setzt-auf-neue-geschaeftsmodelle-der-digitalen-schweiz\\\/#primaryimage\",\"url\":\"https:\\\/\\\/www.organisator.ch\\\/wp-content\\\/uploads\\\/2017\\\/08\\\/swissICT-Symposium-2017-setzt-auf-neue-Geschaeftsmodelle-der-digitalen-Schweiz_Organisator.jpg\",\"contentUrl\":\"https:\\\/\\\/www.organisator.ch\\\/wp-content\\\/uploads\\\/2017\\\/08\\\/swissICT-Symposium-2017-setzt-auf-neue-Geschaeftsmodelle-der-digitalen-Schweiz_Organisator.jpg\",\"width\":640,\"height\":427,\"caption\":\"Am diesj\u00e4hrigen swissICT Symposium stehen Themen wie Blockchain, Effizienz in Business & Prozessen, Organisation & Arbeitswelt, Businessmodellen und Kommunikation sowie h\u00f6chst aktuell auch Cybersicherheit und \u201eK\u00fcnstliche Intelligenz\u201c auf der Liste. (Bild: zVg \\\/ Pressestelle swissICT Symposium)\"},{\"@type\":\"BreadcrumbList\",\"@id\":\"https:\\\/\\\/www.organisator.ch\\\/management\\\/it\\\/2017-08-25\\\/swissict-symposium-2017-setzt-auf-neue-geschaeftsmodelle-der-digitalen-schweiz\\\/#breadcrumb\",\"itemListElement\":[{\"@type\":\"ListItem\",\"position\":1,\"name\":\"Home\",\"item\":\"https:\\\/\\\/www.organisator.ch\\\/\"},{\"@type\":\"ListItem\",\"position\":2,\"name\":\"swissICT Symposium 2017 setzt auf neue Gesch\u00e4ftsmodelle der digitalen Schweiz\"}]},{\"@type\":\"WebSite\",\"@id\":\"https:\\\/\\\/www.organisator.ch\\\/#website\",\"url\":\"https:\\\/\\\/www.organisator.ch\\\/\",\"name\":\"Organisator\",\"description\":\"Kompetent. Praxisnah. Der ORGANISATOR bereitet in 10 Ausgaben pro Jahr die wesentlichen Themen f\u00fcr F\u00fchrungskr\u00e4fte von KMU auf.\",\"publisher\":{\"@id\":\"https:\\\/\\\/www.organisator.ch\\\/#organization\"},\"potentialAction\":[{\"@type\":\"SearchAction\",\"target\":{\"@type\":\"EntryPoint\",\"urlTemplate\":\"https:\\\/\\\/www.organisator.ch\\\/?s={search_term_string}\"},\"query-input\":{\"@type\":\"PropertyValueSpecification\",\"valueRequired\":true,\"valueName\":\"search_term_string\"}}],\"inLanguage\":\"en-US\"},{\"@type\":\"Organization\",\"@id\":\"https:\\\/\\\/www.organisator.ch\\\/#organization\",\"name\":\"Organisator\",\"url\":\"https:\\\/\\\/www.organisator.ch\\\/\",\"logo\":{\"@type\":\"ImageObject\",\"inLanguage\":\"en-US\",\"@id\":\"https:\\\/\\\/www.organisator.ch\\\/#\\\/schema\\\/logo\\\/image\\\/\",\"url\":\"https:\\\/\\\/www.organisator.ch\\\/wp-content\\\/uploads\\\/2022\\\/01\\\/Logo_Organisator_Website.png\",\"contentUrl\":\"https:\\\/\\\/www.organisator.ch\\\/wp-content\\\/uploads\\\/2022\\\/01\\\/Logo_Organisator_Website.png\",\"width\":800,\"height\":77,\"caption\":\"Organisator\"},\"image\":{\"@id\":\"https:\\\/\\\/www.organisator.ch\\\/#\\\/schema\\\/logo\\\/image\\\/\"},\"sameAs\":[\"https:\\\/\\\/www.facebook.com\\\/OrganisatorFachmagazin\",\"https:\\\/\\\/www.linkedin.com\\\/showcase\\\/organisator-das-magazin-fr-kmu\",\"https:\\\/\\\/www.xing.com\\\/news\\\/pages\\\/organisator-ch-695\",\"https:\\\/\\\/www.youtube.com\\\/channel\\\/UCGP2Sq0iWaZwT3BdIAQFYpw\"]},{\"@type\":\"Person\",\"@id\":\"https:\\\/\\\/www.organisator.ch\\\/#\\\/schema\\\/person\\\/6f650f90b2842cd4c0cc334b4e36f67e\",\"name\":\"thomas.berner\",\"image\":{\"@type\":\"ImageObject\",\"inLanguage\":\"en-US\",\"@id\":\"https:\\\/\\\/secure.gravatar.com\\\/avatar\\\/ac5001d2a36cb6c6cd3e50789007ffca834b477b74a2144564522e944eabff61?s=96&d=mm&r=g\",\"url\":\"https:\\\/\\\/secure.gravatar.com\\\/avatar\\\/ac5001d2a36cb6c6cd3e50789007ffca834b477b74a2144564522e944eabff61?s=96&d=mm&r=g\",\"contentUrl\":\"https:\\\/\\\/secure.gravatar.com\\\/avatar\\\/ac5001d2a36cb6c6cd3e50789007ffca834b477b74a2144564522e944eabff61?s=96&d=mm&r=g\",\"caption\":\"thomas.berner\"},\"url\":\"https:\\\/\\\/www.organisator.ch\\\/en\\\/author\\\/thomas-berner\\\/\"}]}<\/script>\n<!-- \/ Yoast SEO plugin. -->","yoast_head_json":{"title":"swissICT Symposium 2017 focuses on new business models for digital Switzerland - Organizer","description":"For the 37th edition of the SwissICT Symposium on November 13 and 14 in the KKL Luzern, 24 top speakers could be engaged.","robots":{"index":"index","follow":"follow","max-snippet":"max-snippet:-1","max-image-preview":"max-image-preview:large","max-video-preview":"max-video-preview:-1"},"canonical":"https:\/\/www.organisator.ch\/en\/management\/it\/2017-08-25\/swissict-symposium-2017-setzt-auf-neue-geschaeftsmodelle-der-digitalen-schweiz\/","og_locale":"en_US","og_type":"article","og_title":"swissICT Symposium 2017 setzt auf neue Gesch\u00e4ftsmodelle der digitalen Schweiz","og_description":"Zum Titelthema \"Neue Gesch\u00e4ftsmodelle der digitalen Schweiz\" sind f\u00fcr die 37. Ausgabe des #SwissICT Symposiums am 13. und 14. November im KKL Luzern 24 Topreferenten verpflichtet worden.","og_url":"https:\/\/www.organisator.ch\/en\/management\/it\/2017-08-25\/swissict-symposium-2017-setzt-auf-neue-geschaeftsmodelle-der-digitalen-schweiz\/","og_site_name":"Organisator","article_publisher":"https:\/\/www.facebook.com\/OrganisatorFachmagazin","article_published_time":"2017-08-25T06:16:54+00:00","og_image":[{"width":640,"height":427,"url":"https:\/\/www.organisator.ch\/wp-content\/uploads\/2017\/08\/swissICT-Symposium-2017-setzt-auf-neue-Geschaeftsmodelle-der-digitalen-Schweiz_Organisator.jpg","type":"image\/jpeg"}],"author":"thomas.berner","twitter_card":"summary_large_image","twitter_title":"#swissICT Symposium 2017 setzt auf neue Gesch\u00e4ftsmodelle der digitalen Schweiz #swissICTSymposium","twitter_description":"Zum Titelthema \"Neue Gesch\u00e4ftsmodelle der digitalen Schweiz\" sind f\u00fcr die 37. Ausgabe des #SwissICT Symposiums am 13. und 14. November im KKL Luzern 24 Topreferenten verpflichtet worden.","twitter_image":"https:\/\/www.organisator.ch\/wp-content\/uploads\/2017\/08\/swissICT-Symposium-2017-setzt-auf-neue-Gesch\u00e4ftsmodelle-der-digitalen-Schweiz_Organisator.jpg","schema":{"@context":"https:\/\/schema.org","@graph":[{"@type":"Article","@id":"https:\/\/www.organisator.ch\/management\/it\/2017-08-25\/swissict-symposium-2017-setzt-auf-neue-geschaeftsmodelle-der-digitalen-schweiz\/#article","isPartOf":{"@id":"https:\/\/www.organisator.ch\/management\/it\/2017-08-25\/swissict-symposium-2017-setzt-auf-neue-geschaeftsmodelle-der-digitalen-schweiz\/"},"author":{"name":"thomas.berner","@id":"https:\/\/www.organisator.ch\/#\/schema\/person\/6f650f90b2842cd4c0cc334b4e36f67e"},"headline":"swissICT Symposium 2017 setzt auf neue Gesch\u00e4ftsmodelle der digitalen Schweiz","datePublished":"2017-08-25T06:16:54+00:00","mainEntityOfPage":{"@id":"https:\/\/www.organisator.ch\/management\/it\/2017-08-25\/swissict-symposium-2017-setzt-auf-neue-geschaeftsmodelle-der-digitalen-schweiz\/"},"wordCount":468,"commentCount":0,"publisher":{"@id":"https:\/\/www.organisator.ch\/#organization"},"image":{"@id":"https:\/\/www.organisator.ch\/management\/it\/2017-08-25\/swissict-symposium-2017-setzt-auf-neue-geschaeftsmodelle-der-digitalen-schweiz\/#primaryimage"},"thumbnailUrl":"https:\/\/www.organisator.ch\/wp-content\/uploads\/2017\/08\/swissICT-Symposium-2017-setzt-auf-neue-Geschaeftsmodelle-der-digitalen-Schweiz_Organisator.jpg","keywords":["Cyber-Crime","Digitalisierung","IT","Veranstaltungen"],"articleSection":["IT"],"inLanguage":"en-US"},{"@type":"WebPage","@id":"https:\/\/www.organisator.ch\/management\/it\/2017-08-25\/swissict-symposium-2017-setzt-auf-neue-geschaeftsmodelle-der-digitalen-schweiz\/","url":"https:\/\/www.organisator.ch\/management\/it\/2017-08-25\/swissict-symposium-2017-setzt-auf-neue-geschaeftsmodelle-der-digitalen-schweiz\/","name":"swissICT Symposium 2017 focuses on new business models for digital Switzerland - Organizer","isPartOf":{"@id":"https:\/\/www.organisator.ch\/#website"},"primaryImageOfPage":{"@id":"https:\/\/www.organisator.ch\/management\/it\/2017-08-25\/swissict-symposium-2017-setzt-auf-neue-geschaeftsmodelle-der-digitalen-schweiz\/#primaryimage"},"image":{"@id":"https:\/\/www.organisator.ch\/management\/it\/2017-08-25\/swissict-symposium-2017-setzt-auf-neue-geschaeftsmodelle-der-digitalen-schweiz\/#primaryimage"},"thumbnailUrl":"https:\/\/www.organisator.ch\/wp-content\/uploads\/2017\/08\/swissICT-Symposium-2017-setzt-auf-neue-Geschaeftsmodelle-der-digitalen-Schweiz_Organisator.jpg","datePublished":"2017-08-25T06:16:54+00:00","description":"For the 37th edition of the SwissICT Symposium on November 13 and 14 in the KKL Luzern, 24 top speakers could be engaged.","breadcrumb":{"@id":"https:\/\/www.organisator.ch\/management\/it\/2017-08-25\/swissict-symposium-2017-setzt-auf-neue-geschaeftsmodelle-der-digitalen-schweiz\/#breadcrumb"},"inLanguage":"en-US","potentialAction":[{"@type":"ReadAction","target":["https:\/\/www.organisator.ch\/management\/it\/2017-08-25\/swissict-symposium-2017-setzt-auf-neue-geschaeftsmodelle-der-digitalen-schweiz\/"]}]},{"@type":"ImageObject","inLanguage":"en-US","@id":"https:\/\/www.organisator.ch\/management\/it\/2017-08-25\/swissict-symposium-2017-setzt-auf-neue-geschaeftsmodelle-der-digitalen-schweiz\/#primaryimage","url":"https:\/\/www.organisator.ch\/wp-content\/uploads\/2017\/08\/swissICT-Symposium-2017-setzt-auf-neue-Geschaeftsmodelle-der-digitalen-Schweiz_Organisator.jpg","contentUrl":"https:\/\/www.organisator.ch\/wp-content\/uploads\/2017\/08\/swissICT-Symposium-2017-setzt-auf-neue-Geschaeftsmodelle-der-digitalen-Schweiz_Organisator.jpg","width":640,"height":427,"caption":"Am diesj\u00e4hrigen swissICT Symposium stehen Themen wie Blockchain, Effizienz in Business & Prozessen, Organisation & Arbeitswelt, Businessmodellen und Kommunikation sowie h\u00f6chst aktuell auch Cybersicherheit und \u201eK\u00fcnstliche Intelligenz\u201c auf der Liste. (Bild: zVg \/ Pressestelle swissICT Symposium)"},{"@type":"BreadcrumbList","@id":"https:\/\/www.organisator.ch\/management\/it\/2017-08-25\/swissict-symposium-2017-setzt-auf-neue-geschaeftsmodelle-der-digitalen-schweiz\/#breadcrumb","itemListElement":[{"@type":"ListItem","position":1,"name":"Home","item":"https:\/\/www.organisator.ch\/"},{"@type":"ListItem","position":2,"name":"swissICT Symposium 2017 setzt auf neue Gesch\u00e4ftsmodelle der digitalen Schweiz"}]},{"@type":"WebSite","@id":"https:\/\/www.organisator.ch\/#website","url":"https:\/\/www.organisator.ch\/","name":"Organizer","description":"Competent. Practical. In 10 issues per year, ORGANISATOR presents the essential topics for managers of SMEs.","publisher":{"@id":"https:\/\/www.organisator.ch\/#organization"},"potentialAction":[{"@type":"SearchAction","target":{"@type":"EntryPoint","urlTemplate":"https:\/\/www.organisator.ch\/?s={search_term_string}"},"query-input":{"@type":"PropertyValueSpecification","valueRequired":true,"valueName":"search_term_string"}}],"inLanguage":"en-US"},{"@type":"Organization","@id":"https:\/\/www.organisator.ch\/#organization","name":"Organizer","url":"https:\/\/www.organisator.ch\/","logo":{"@type":"ImageObject","inLanguage":"en-US","@id":"https:\/\/www.organisator.ch\/#\/schema\/logo\/image\/","url":"https:\/\/www.organisator.ch\/wp-content\/uploads\/2022\/01\/Logo_Organisator_Website.png","contentUrl":"https:\/\/www.organisator.ch\/wp-content\/uploads\/2022\/01\/Logo_Organisator_Website.png","width":800,"height":77,"caption":"Organisator"},"image":{"@id":"https:\/\/www.organisator.ch\/#\/schema\/logo\/image\/"},"sameAs":["https:\/\/www.facebook.com\/OrganisatorFachmagazin","https:\/\/www.linkedin.com\/showcase\/organisator-das-magazin-fr-kmu","https:\/\/www.xing.com\/news\/pages\/organisator-ch-695","https:\/\/www.youtube.com\/channel\/UCGP2Sq0iWaZwT3BdIAQFYpw"]},{"@type":"Person","@id":"https:\/\/www.organisator.ch\/#\/schema\/person\/6f650f90b2842cd4c0cc334b4e36f67e","name":"thomas.berner","image":{"@type":"ImageObject","inLanguage":"en-US","@id":"https:\/\/secure.gravatar.com\/avatar\/ac5001d2a36cb6c6cd3e50789007ffca834b477b74a2144564522e944eabff61?s=96&d=mm&r=g","url":"https:\/\/secure.gravatar.com\/avatar\/ac5001d2a36cb6c6cd3e50789007ffca834b477b74a2144564522e944eabff61?s=96&d=mm&r=g","contentUrl":"https:\/\/secure.gravatar.com\/avatar\/ac5001d2a36cb6c6cd3e50789007ffca834b477b74a2144564522e944eabff61?s=96&d=mm&r=g","caption":"thomas.berner"},"url":"https:\/\/www.organisator.ch\/en\/author\/thomas-berner\/"}]}},"_links":{"self":[{"href":"https:\/\/www.organisator.ch\/en\/wp-json\/wp\/v2\/posts\/2346","targetHints":{"allow":["GET"]}}],"collection":[{"href":"https:\/\/www.organisator.ch\/en\/wp-json\/wp\/v2\/posts"}],"about":[{"href":"https:\/\/www.organisator.ch\/en\/wp-json\/wp\/v2\/types\/post"}],"author":[{"embeddable":true,"href":"https:\/\/www.organisator.ch\/en\/wp-json\/wp\/v2\/users\/4"}],"replies":[{"embeddable":true,"href":"https:\/\/www.organisator.ch\/en\/wp-json\/wp\/v2\/comments?post=2346"}],"version-history":[{"count":0,"href":"https:\/\/www.organisator.ch\/en\/wp-json\/wp\/v2\/posts\/2346\/revisions"}],"wp:featuredmedia":[{"embeddable":true,"href":"https:\/\/www.organisator.ch\/en\/wp-json\/wp\/v2\/media\/2355"}],"wp:attachment":[{"href":"https:\/\/www.organisator.ch\/en\/wp-json\/wp\/v2\/media?parent=2346"}],"wp:term":[{"taxonomy":"category","embeddable":true,"href":"https:\/\/www.organisator.ch\/en\/wp-json\/wp\/v2\/categories?post=2346"},{"taxonomy":"post_tag","embeddable":true,"href":"https:\/\/www.organisator.ch\/en\/wp-json\/wp\/v2\/tags?post=2346"}],"curies":[{"name":"wp","href":"https:\/\/api.w.org\/{rel}","templated":true}]}}