{"id":235,"date":"2016-04-07T09:14:32","date_gmt":"2016-04-07T07:14:32","guid":{"rendered":"http:\/\/dev.organisator.ch\/?p=235"},"modified":"2016-04-07T09:14:32","modified_gmt":"2016-04-07T07:14:32","slug":"from-40-gilt-own-market-ability-maintenance","status":"publish","type":"post","link":"https:\/\/www.organisator.ch\/en\/human-resources\/hrm\/2016-04-07\/ab-40-gilt-eigene-marktfaehigkeit-erhalten\/","title":{"rendered":"From 40 onwards: Maintain your own marketability!"},"content":{"rendered":"<figure id=\"attachment_236\" aria-describedby=\"caption-attachment-236\" style=\"width: 615px\" class=\"wp-caption alignnone\"><img loading=\"lazy\" decoding=\"async\" class=\"size-full wp-image-236\" src=\"https:\/\/www.organisator.ch\/wp-content\/uploads\/2016\/12\/Ab-40-gilt-Eigene-Marktfaehigkeit-erhalten-organisator.jpg\" alt=\"\" width=\"615\" height=\"480\" srcset=\"https:\/\/www.organisator.ch\/wp-content\/uploads\/2016\/12\/Ab-40-gilt-Eigene-Marktfaehigkeit-erhalten-organisator.jpg 615w, https:\/\/www.organisator.ch\/wp-content\/uploads\/2016\/12\/Ab-40-gilt-Eigene-Marktfaehigkeit-erhalten-organisator-16x12.jpg 16w, https:\/\/www.organisator.ch\/wp-content\/uploads\/2016\/12\/Ab-40-gilt-Eigene-Marktfaehigkeit-erhalten-organisator-224x175.jpg 224w, https:\/\/www.organisator.ch\/wp-content\/uploads\/2016\/12\/Ab-40-gilt-Eigene-Marktfaehigkeit-erhalten-organisator-448x350.jpg 448w, https:\/\/www.organisator.ch\/wp-content\/uploads\/2016\/12\/Ab-40-gilt-Eigene-Marktfaehigkeit-erhalten-organisator-300x234.jpg 300w\" sizes=\"auto, (max-width: 615px) 100vw, 615px\" \/><figcaption id=\"caption-attachment-236\" class=\"wp-caption-text\">Employees must actively cultivate and maintain their \"Personal Marketability\" even as they age. (Image: Fotolia.com)<\/figcaption><\/figure>\n<p>It is undisputed that this worrying development must be stopped. The political institutions and the interest groups of the 50-plus generation have recently repeatedly tried, by means of campaigns and political initiatives, to persuade companies to hire more older employees or to refrain from dismissing such employees. However, this approach shifts the responsibility one-sidedly onto the employer side. Particularly in the current very difficult economic times, however, they are not prepared to bear the costs of this social commitment alone.<\/p>\n<p>IdeeTransfer GmbH and the association 50plus Schweiz are taking a new approach: On Tuesday, March 22, 2016, they presented their jointly developed service offer under the label MarktF\u00e4higkeit40Plus on the occasion of the opening of the IdeeTransfer office for the Bern-Thun region. Instead of appealing to social responsibility, MarktF\u00e4higkeit40Plus aims to make the employment of experienced employees attractive and economically lucrative again for companies by maintaining the \"Personal Labor Market Capability\" in employees aged 40 and over and, at the same time, improving structures and processes on the employer side.<\/p>\n<p><strong>Course adaptable to personal starting position<\/strong><\/p>\n<p>Thus, the service portfolio presented is divided into two areas: On the private individuals' side, the MarktF\u00e4higkeit40Plus certificate course aims to ensure that employees continue to actively cultivate and maintain their \"personal marketability\" even as they grow older. Indeed, statistical surveys show that in Switzerland, investment in continuing education declines significantly after the age of 40 - which then takes its revenge a few years later and is reflected in the unemployment figures for the over-50s.<\/p>\n<p>The certificate course, which is specially designed to meet the needs of more experienced employees, specifically addresses the starting position of this generation. In addition, the course is designed in such a way that it can be individually adapted to the personal starting position; thanks to the modular structure of the course, it is also possible to take only individual modules, which means that the continuing education can be even more individualized.<\/p>\n<p>The offer of MarktF\u00e4higkeit40Plus is therefore aimed at all private individuals over 40 years of age - both employees who want to prevent any negative personnel decisions, as well as job seekers or people who want to return to work.<\/p>\n<p><strong>Also for companies<\/strong><\/p>\n<p>For companies, MarktF\u00e4higkeit40Plus offers a wide range of support services. These are intended to empower entrepreneurs and managing directors, but also those responsible for human resources and further training, to make better and more efficient use of the experience and know-how of older employees by means of targeted measures.<\/p>\n<p>The competent process facilitators all have years of practical experience in leadership and management and know how to use their know-how to generate sustainable benefits for the companies they support. Whether it is a question of improving the skills of employees through targeted personnel development or optimizing structures and processes in order to make sustainable use of the potential of the experienced generation - everything has been thought of. Even in the case of a reduction in personnel, MarktF\u00e4higkeit40Plus is actively at your side in the area of outplacement\/newplacement.<\/p>\n<p><em>The services of MarktF\u00e4higkeit40Plus are provided by the <a href=\"http:\/\/ideetransfer.ch\" target=\"_blank\" data-cke-saved-href=\"http:\/\/ideetransfer.ch\" rel=\"noopener\">IdeeTransfer GmbH<\/a> and the <a href=\"http:\/\/50plusschweiz.ch\" target=\"_blank\" data-cke-saved-href=\"http:\/\/50plusschweiz.ch\" rel=\"noopener\">Association 50plus Switzerland<\/a> offered together. <\/em><em>Information can also be found on the website <a href=\"http:\/\/marktfaehigkeit40plus.ch\" target=\"_blank\" data-cke-saved-href=\"http:\/\/marktfaehigkeit40plus.ch\" rel=\"noopener\">http:\/\/marktfaehigkeit40plus.ch<\/a>.<\/em><\/p>","protected":false},"excerpt":{"rendered":"<p>Dass diese besorgniserregende Entwicklung gestoppt werden muss, ist unbestritten. Die politischen Institutionen und die Interessensverb\u00e4nde der Generation 50Plus haben zuletzt wiederholt mittels Kampagnen und politischen Vorst\u00f6ssen versucht, die Unternehmen dazu zu bewegen, mehr \u00e4ltere Mitarbeitende einzustellen bzw. auf Entlassungen solcher Arbeitnehmer zu verzichten. Mit diesem Vorgehen wird die Verantwortung allerdings einseitig auf die Arbeitgeber-Seite abgeschoben. [&hellip;]<\/p>\n","protected":false},"author":1,"featured_media":236,"comment_status":"open","ping_status":"open","sticky":false,"template":"","format":"standard","meta":{"_acf_changed":false,"_yoast_wpseo_focuskw":"Marktf\u00e4higkeit","_yoast_wpseo_metadesc":"Die Arbeitslosenquote von Personen ab dem 50. Altersjahr ist in den vergangenen Jahren dramatisch angestiegen.","articlekey":"","footnotes":""},"categories":[26],"tags":[62,254,275,496,503,504],"class_list":["post-235","post","type-post","status-publish","format-standard","has-post-thumbnail","hentry","category-hrm","tag-aus-weiterbildung","tag-hrm","tag-institutionen","tag-unternehmensfuehrung","tag-verbaende","tag-vereine"],"acf":[],"yoast_head":"<!-- This site is optimized with the Yoast SEO plugin v27.4 - https:\/\/yoast.com\/product\/yoast-seo-wordpress\/ -->\n<title>Ab 40 gilt: Eigene Marktf\u00e4higkeit erhalten! - Organisator<\/title>\n<meta name=\"description\" content=\"Die Arbeitslosenquote von Personen ab dem 50. Altersjahr ist in den vergangenen Jahren dramatisch angestiegen.\" \/>\n<meta name=\"robots\" content=\"index, follow, max-snippet:-1, max-image-preview:large, max-video-preview:-1\" \/>\n<link rel=\"canonical\" href=\"https:\/\/www.organisator.ch\/en\/human-resources\/hrm\/2016-04-07\/from-40-gilt-own-market-ability-maintenance\/\" \/>\n<meta property=\"og:locale\" content=\"en_US\" \/>\n<meta property=\"og:type\" content=\"article\" \/>\n<meta property=\"og:title\" content=\"Ab 40 gilt: Eigene Marktf\u00e4higkeit erhalten!\" \/>\n<meta property=\"og:description\" content=\"Die Arbeitslosenquote von Personen ab dem 50. Altersjahr ist in den vergangenen Jahren dramatisch angestiegen \u2013 die Erhebungen des Bundesamtes f\u00fcr Statistik zeigen, dass der Anteil dieser Altersgruppe an den Arbeitslosenzahlen in den letzten 10 Jahren um einen Viertel angestiegen ist. Machten die \u00fcber 50-j\u00e4hrigen im Jahr 2005 noch 20 % der Arbeitslosen aus, waren dies per Ende 2014 bereits 25 %!\" \/>\n<meta property=\"og:url\" content=\"https:\/\/www.organisator.ch\/en\/human-resources\/hrm\/2016-04-07\/from-40-gilt-own-market-ability-maintenance\/\" \/>\n<meta property=\"og:site_name\" content=\"Organisator\" \/>\n<meta property=\"article:publisher\" content=\"https:\/\/www.facebook.com\/OrganisatorFachmagazin\" \/>\n<meta property=\"article:published_time\" content=\"2016-04-07T07:14:32+00:00\" \/>\n<meta name=\"author\" content=\"admin\" \/>\n<meta name=\"twitter:card\" content=\"summary_large_image\" \/>\n<meta name=\"twitter:image\" content=\"https:\/\/www.organisator.ch\/wp-content\/uploads\/2016\/12\/Ab-40-gilt-Eigene-Marktfaehigkeit-erhalten-organisator.jpg\" \/>\n<script type=\"application\/ld+json\" class=\"yoast-schema-graph\">{\"@context\":\"https:\\\/\\\/schema.org\",\"@graph\":[{\"@type\":\"Article\",\"@id\":\"https:\\\/\\\/www.organisator.ch\\\/human-resources\\\/hrm\\\/2016-04-07\\\/ab-40-gilt-eigene-marktfaehigkeit-erhalten\\\/#article\",\"isPartOf\":{\"@id\":\"https:\\\/\\\/www.organisator.ch\\\/human-resources\\\/hrm\\\/2016-04-07\\\/ab-40-gilt-eigene-marktfaehigkeit-erhalten\\\/\"},\"author\":{\"name\":\"admin\",\"@id\":\"https:\\\/\\\/www.organisator.ch\\\/#\\\/schema\\\/person\\\/aa2bace6c5c5aad60102004a50c4eb1c\"},\"headline\":\"Ab 40 gilt: Eigene Marktf\u00e4higkeit erhalten!\",\"datePublished\":\"2016-04-07T07:14:32+00:00\",\"mainEntityOfPage\":{\"@id\":\"https:\\\/\\\/www.organisator.ch\\\/human-resources\\\/hrm\\\/2016-04-07\\\/ab-40-gilt-eigene-marktfaehigkeit-erhalten\\\/\"},\"wordCount\":543,\"commentCount\":0,\"publisher\":{\"@id\":\"https:\\\/\\\/www.organisator.ch\\\/#organization\"},\"image\":{\"@id\":\"https:\\\/\\\/www.organisator.ch\\\/human-resources\\\/hrm\\\/2016-04-07\\\/ab-40-gilt-eigene-marktfaehigkeit-erhalten\\\/#primaryimage\"},\"thumbnailUrl\":\"https:\\\/\\\/www.organisator.ch\\\/wp-content\\\/uploads\\\/2016\\\/12\\\/Ab-40-gilt-Eigene-Marktfaehigkeit-erhalten-organisator.jpg\",\"keywords\":[\"Aus-\\\/Weiterbildung\",\"HRM\",\"Institutionen\",\"Unternehmensf\u00fchrung\",\"Verb\u00e4nde\",\"Vereine\"],\"articleSection\":[\"HRM\"],\"inLanguage\":\"en-US\"},{\"@type\":\"WebPage\",\"@id\":\"https:\\\/\\\/www.organisator.ch\\\/human-resources\\\/hrm\\\/2016-04-07\\\/ab-40-gilt-eigene-marktfaehigkeit-erhalten\\\/\",\"url\":\"https:\\\/\\\/www.organisator.ch\\\/human-resources\\\/hrm\\\/2016-04-07\\\/ab-40-gilt-eigene-marktfaehigkeit-erhalten\\\/\",\"name\":\"Ab 40 gilt: Eigene Marktf\u00e4higkeit erhalten! - Organisator\",\"isPartOf\":{\"@id\":\"https:\\\/\\\/www.organisator.ch\\\/#website\"},\"primaryImageOfPage\":{\"@id\":\"https:\\\/\\\/www.organisator.ch\\\/human-resources\\\/hrm\\\/2016-04-07\\\/ab-40-gilt-eigene-marktfaehigkeit-erhalten\\\/#primaryimage\"},\"image\":{\"@id\":\"https:\\\/\\\/www.organisator.ch\\\/human-resources\\\/hrm\\\/2016-04-07\\\/ab-40-gilt-eigene-marktfaehigkeit-erhalten\\\/#primaryimage\"},\"thumbnailUrl\":\"https:\\\/\\\/www.organisator.ch\\\/wp-content\\\/uploads\\\/2016\\\/12\\\/Ab-40-gilt-Eigene-Marktfaehigkeit-erhalten-organisator.jpg\",\"datePublished\":\"2016-04-07T07:14:32+00:00\",\"description\":\"Die Arbeitslosenquote von Personen ab dem 50. Altersjahr ist in den vergangenen Jahren dramatisch angestiegen.\",\"breadcrumb\":{\"@id\":\"https:\\\/\\\/www.organisator.ch\\\/human-resources\\\/hrm\\\/2016-04-07\\\/ab-40-gilt-eigene-marktfaehigkeit-erhalten\\\/#breadcrumb\"},\"inLanguage\":\"en-US\",\"potentialAction\":[{\"@type\":\"ReadAction\",\"target\":[\"https:\\\/\\\/www.organisator.ch\\\/human-resources\\\/hrm\\\/2016-04-07\\\/ab-40-gilt-eigene-marktfaehigkeit-erhalten\\\/\"]}]},{\"@type\":\"ImageObject\",\"inLanguage\":\"en-US\",\"@id\":\"https:\\\/\\\/www.organisator.ch\\\/human-resources\\\/hrm\\\/2016-04-07\\\/ab-40-gilt-eigene-marktfaehigkeit-erhalten\\\/#primaryimage\",\"url\":\"https:\\\/\\\/www.organisator.ch\\\/wp-content\\\/uploads\\\/2016\\\/12\\\/Ab-40-gilt-Eigene-Marktfaehigkeit-erhalten-organisator.jpg\",\"contentUrl\":\"https:\\\/\\\/www.organisator.ch\\\/wp-content\\\/uploads\\\/2016\\\/12\\\/Ab-40-gilt-Eigene-Marktfaehigkeit-erhalten-organisator.jpg\",\"width\":615,\"height\":480,\"caption\":\"Arbeitnehmer m\u00fcssen auch mit zunehmendem Alter aktiv ihre \u00abPers\u00f6nliche Marktf\u00e4higkeit\u00bb pflegen und erhalten. (Bild: Fotolia.com)\"},{\"@type\":\"BreadcrumbList\",\"@id\":\"https:\\\/\\\/www.organisator.ch\\\/human-resources\\\/hrm\\\/2016-04-07\\\/ab-40-gilt-eigene-marktfaehigkeit-erhalten\\\/#breadcrumb\",\"itemListElement\":[{\"@type\":\"ListItem\",\"position\":1,\"name\":\"Home\",\"item\":\"https:\\\/\\\/www.organisator.ch\\\/\"},{\"@type\":\"ListItem\",\"position\":2,\"name\":\"Ab 40 gilt: Eigene Marktf\u00e4higkeit erhalten!\"}]},{\"@type\":\"WebSite\",\"@id\":\"https:\\\/\\\/www.organisator.ch\\\/#website\",\"url\":\"https:\\\/\\\/www.organisator.ch\\\/\",\"name\":\"Organisator\",\"description\":\"Kompetent. Praxisnah. Der ORGANISATOR bereitet in 10 Ausgaben pro Jahr die wesentlichen Themen f\u00fcr F\u00fchrungskr\u00e4fte von KMU auf.\",\"publisher\":{\"@id\":\"https:\\\/\\\/www.organisator.ch\\\/#organization\"},\"potentialAction\":[{\"@type\":\"SearchAction\",\"target\":{\"@type\":\"EntryPoint\",\"urlTemplate\":\"https:\\\/\\\/www.organisator.ch\\\/?s={search_term_string}\"},\"query-input\":{\"@type\":\"PropertyValueSpecification\",\"valueRequired\":true,\"valueName\":\"search_term_string\"}}],\"inLanguage\":\"en-US\"},{\"@type\":\"Organization\",\"@id\":\"https:\\\/\\\/www.organisator.ch\\\/#organization\",\"name\":\"Organisator\",\"url\":\"https:\\\/\\\/www.organisator.ch\\\/\",\"logo\":{\"@type\":\"ImageObject\",\"inLanguage\":\"en-US\",\"@id\":\"https:\\\/\\\/www.organisator.ch\\\/#\\\/schema\\\/logo\\\/image\\\/\",\"url\":\"https:\\\/\\\/www.organisator.ch\\\/wp-content\\\/uploads\\\/2022\\\/01\\\/Logo_Organisator_Website.png\",\"contentUrl\":\"https:\\\/\\\/www.organisator.ch\\\/wp-content\\\/uploads\\\/2022\\\/01\\\/Logo_Organisator_Website.png\",\"width\":800,\"height\":77,\"caption\":\"Organisator\"},\"image\":{\"@id\":\"https:\\\/\\\/www.organisator.ch\\\/#\\\/schema\\\/logo\\\/image\\\/\"},\"sameAs\":[\"https:\\\/\\\/www.facebook.com\\\/OrganisatorFachmagazin\",\"https:\\\/\\\/www.linkedin.com\\\/showcase\\\/organisator-das-magazin-fr-kmu\",\"https:\\\/\\\/www.xing.com\\\/news\\\/pages\\\/organisator-ch-695\",\"https:\\\/\\\/www.youtube.com\\\/channel\\\/UCGP2Sq0iWaZwT3BdIAQFYpw\"]},{\"@type\":\"Person\",\"@id\":\"https:\\\/\\\/www.organisator.ch\\\/#\\\/schema\\\/person\\\/aa2bace6c5c5aad60102004a50c4eb1c\",\"name\":\"admin\",\"image\":{\"@type\":\"ImageObject\",\"inLanguage\":\"en-US\",\"@id\":\"https:\\\/\\\/secure.gravatar.com\\\/avatar\\\/ae2f4d718e6c49043e314ce431e7e645d646302a24a5ef5a8bc8e3f5a032e319?s=96&d=mm&r=g\",\"url\":\"https:\\\/\\\/secure.gravatar.com\\\/avatar\\\/ae2f4d718e6c49043e314ce431e7e645d646302a24a5ef5a8bc8e3f5a032e319?s=96&d=mm&r=g\",\"contentUrl\":\"https:\\\/\\\/secure.gravatar.com\\\/avatar\\\/ae2f4d718e6c49043e314ce431e7e645d646302a24a5ef5a8bc8e3f5a032e319?s=96&d=mm&r=g\",\"caption\":\"admin\"},\"sameAs\":[\"https:\\\/\\\/www.organisator.ch\"],\"url\":\"https:\\\/\\\/www.organisator.ch\\\/en\\\/author\\\/admin\\\/\"}]}<\/script>\n<!-- \/ Yoast SEO plugin. -->","yoast_head_json":{"title":"From 40 onwards: Maintain your own marketability! - Organizer","description":"The unemployment rate for people over the age of 50 has risen dramatically in recent years.","robots":{"index":"index","follow":"follow","max-snippet":"max-snippet:-1","max-image-preview":"max-image-preview:large","max-video-preview":"max-video-preview:-1"},"canonical":"https:\/\/www.organisator.ch\/en\/human-resources\/hrm\/2016-04-07\/from-40-gilt-own-market-ability-maintenance\/","og_locale":"en_US","og_type":"article","og_title":"Ab 40 gilt: Eigene Marktf\u00e4higkeit erhalten!","og_description":"Die Arbeitslosenquote von Personen ab dem 50. Altersjahr ist in den vergangenen Jahren dramatisch angestiegen \u2013 die Erhebungen des Bundesamtes f\u00fcr Statistik zeigen, dass der Anteil dieser Altersgruppe an den Arbeitslosenzahlen in den letzten 10 Jahren um einen Viertel angestiegen ist. Machten die \u00fcber 50-j\u00e4hrigen im Jahr 2005 noch 20 % der Arbeitslosen aus, waren dies per Ende 2014 bereits 25 %!","og_url":"https:\/\/www.organisator.ch\/en\/human-resources\/hrm\/2016-04-07\/from-40-gilt-own-market-ability-maintenance\/","og_site_name":"Organisator","article_publisher":"https:\/\/www.facebook.com\/OrganisatorFachmagazin","article_published_time":"2016-04-07T07:14:32+00:00","author":"admin","twitter_card":"summary_large_image","twitter_image":"https:\/\/www.organisator.ch\/wp-content\/uploads\/2016\/12\/Ab-40-gilt-Eigene-Marktfaehigkeit-erhalten-organisator.jpg","schema":{"@context":"https:\/\/schema.org","@graph":[{"@type":"Article","@id":"https:\/\/www.organisator.ch\/human-resources\/hrm\/2016-04-07\/ab-40-gilt-eigene-marktfaehigkeit-erhalten\/#article","isPartOf":{"@id":"https:\/\/www.organisator.ch\/human-resources\/hrm\/2016-04-07\/ab-40-gilt-eigene-marktfaehigkeit-erhalten\/"},"author":{"name":"admin","@id":"https:\/\/www.organisator.ch\/#\/schema\/person\/aa2bace6c5c5aad60102004a50c4eb1c"},"headline":"Ab 40 gilt: Eigene Marktf\u00e4higkeit erhalten!","datePublished":"2016-04-07T07:14:32+00:00","mainEntityOfPage":{"@id":"https:\/\/www.organisator.ch\/human-resources\/hrm\/2016-04-07\/ab-40-gilt-eigene-marktfaehigkeit-erhalten\/"},"wordCount":543,"commentCount":0,"publisher":{"@id":"https:\/\/www.organisator.ch\/#organization"},"image":{"@id":"https:\/\/www.organisator.ch\/human-resources\/hrm\/2016-04-07\/ab-40-gilt-eigene-marktfaehigkeit-erhalten\/#primaryimage"},"thumbnailUrl":"https:\/\/www.organisator.ch\/wp-content\/uploads\/2016\/12\/Ab-40-gilt-Eigene-Marktfaehigkeit-erhalten-organisator.jpg","keywords":["Aus-\/Weiterbildung","HRM","Institutionen","Unternehmensf\u00fchrung","Verb\u00e4nde","Vereine"],"articleSection":["HRM"],"inLanguage":"en-US"},{"@type":"WebPage","@id":"https:\/\/www.organisator.ch\/human-resources\/hrm\/2016-04-07\/ab-40-gilt-eigene-marktfaehigkeit-erhalten\/","url":"https:\/\/www.organisator.ch\/human-resources\/hrm\/2016-04-07\/ab-40-gilt-eigene-marktfaehigkeit-erhalten\/","name":"From 40 onwards: Maintain your own marketability! - Organizer","isPartOf":{"@id":"https:\/\/www.organisator.ch\/#website"},"primaryImageOfPage":{"@id":"https:\/\/www.organisator.ch\/human-resources\/hrm\/2016-04-07\/ab-40-gilt-eigene-marktfaehigkeit-erhalten\/#primaryimage"},"image":{"@id":"https:\/\/www.organisator.ch\/human-resources\/hrm\/2016-04-07\/ab-40-gilt-eigene-marktfaehigkeit-erhalten\/#primaryimage"},"thumbnailUrl":"https:\/\/www.organisator.ch\/wp-content\/uploads\/2016\/12\/Ab-40-gilt-Eigene-Marktfaehigkeit-erhalten-organisator.jpg","datePublished":"2016-04-07T07:14:32+00:00","description":"The unemployment rate for people over the age of 50 has risen dramatically in recent years.","breadcrumb":{"@id":"https:\/\/www.organisator.ch\/human-resources\/hrm\/2016-04-07\/ab-40-gilt-eigene-marktfaehigkeit-erhalten\/#breadcrumb"},"inLanguage":"en-US","potentialAction":[{"@type":"ReadAction","target":["https:\/\/www.organisator.ch\/human-resources\/hrm\/2016-04-07\/ab-40-gilt-eigene-marktfaehigkeit-erhalten\/"]}]},{"@type":"ImageObject","inLanguage":"en-US","@id":"https:\/\/www.organisator.ch\/human-resources\/hrm\/2016-04-07\/ab-40-gilt-eigene-marktfaehigkeit-erhalten\/#primaryimage","url":"https:\/\/www.organisator.ch\/wp-content\/uploads\/2016\/12\/Ab-40-gilt-Eigene-Marktfaehigkeit-erhalten-organisator.jpg","contentUrl":"https:\/\/www.organisator.ch\/wp-content\/uploads\/2016\/12\/Ab-40-gilt-Eigene-Marktfaehigkeit-erhalten-organisator.jpg","width":615,"height":480,"caption":"Arbeitnehmer m\u00fcssen auch mit zunehmendem Alter aktiv ihre \u00abPers\u00f6nliche Marktf\u00e4higkeit\u00bb pflegen und erhalten. (Bild: Fotolia.com)"},{"@type":"BreadcrumbList","@id":"https:\/\/www.organisator.ch\/human-resources\/hrm\/2016-04-07\/ab-40-gilt-eigene-marktfaehigkeit-erhalten\/#breadcrumb","itemListElement":[{"@type":"ListItem","position":1,"name":"Home","item":"https:\/\/www.organisator.ch\/"},{"@type":"ListItem","position":2,"name":"Ab 40 gilt: Eigene Marktf\u00e4higkeit erhalten!"}]},{"@type":"WebSite","@id":"https:\/\/www.organisator.ch\/#website","url":"https:\/\/www.organisator.ch\/","name":"Organizer","description":"Competent. Practical. In 10 issues per year, ORGANISATOR presents the essential topics for managers of SMEs.","publisher":{"@id":"https:\/\/www.organisator.ch\/#organization"},"potentialAction":[{"@type":"SearchAction","target":{"@type":"EntryPoint","urlTemplate":"https:\/\/www.organisator.ch\/?s={search_term_string}"},"query-input":{"@type":"PropertyValueSpecification","valueRequired":true,"valueName":"search_term_string"}}],"inLanguage":"en-US"},{"@type":"Organization","@id":"https:\/\/www.organisator.ch\/#organization","name":"Organizer","url":"https:\/\/www.organisator.ch\/","logo":{"@type":"ImageObject","inLanguage":"en-US","@id":"https:\/\/www.organisator.ch\/#\/schema\/logo\/image\/","url":"https:\/\/www.organisator.ch\/wp-content\/uploads\/2022\/01\/Logo_Organisator_Website.png","contentUrl":"https:\/\/www.organisator.ch\/wp-content\/uploads\/2022\/01\/Logo_Organisator_Website.png","width":800,"height":77,"caption":"Organisator"},"image":{"@id":"https:\/\/www.organisator.ch\/#\/schema\/logo\/image\/"},"sameAs":["https:\/\/www.facebook.com\/OrganisatorFachmagazin","https:\/\/www.linkedin.com\/showcase\/organisator-das-magazin-fr-kmu","https:\/\/www.xing.com\/news\/pages\/organisator-ch-695","https:\/\/www.youtube.com\/channel\/UCGP2Sq0iWaZwT3BdIAQFYpw"]},{"@type":"Person","@id":"https:\/\/www.organisator.ch\/#\/schema\/person\/aa2bace6c5c5aad60102004a50c4eb1c","name":"admin","image":{"@type":"ImageObject","inLanguage":"en-US","@id":"https:\/\/secure.gravatar.com\/avatar\/ae2f4d718e6c49043e314ce431e7e645d646302a24a5ef5a8bc8e3f5a032e319?s=96&d=mm&r=g","url":"https:\/\/secure.gravatar.com\/avatar\/ae2f4d718e6c49043e314ce431e7e645d646302a24a5ef5a8bc8e3f5a032e319?s=96&d=mm&r=g","contentUrl":"https:\/\/secure.gravatar.com\/avatar\/ae2f4d718e6c49043e314ce431e7e645d646302a24a5ef5a8bc8e3f5a032e319?s=96&d=mm&r=g","caption":"admin"},"sameAs":["https:\/\/www.organisator.ch"],"url":"https:\/\/www.organisator.ch\/en\/author\/admin\/"}]}},"_links":{"self":[{"href":"https:\/\/www.organisator.ch\/en\/wp-json\/wp\/v2\/posts\/235","targetHints":{"allow":["GET"]}}],"collection":[{"href":"https:\/\/www.organisator.ch\/en\/wp-json\/wp\/v2\/posts"}],"about":[{"href":"https:\/\/www.organisator.ch\/en\/wp-json\/wp\/v2\/types\/post"}],"author":[{"embeddable":true,"href":"https:\/\/www.organisator.ch\/en\/wp-json\/wp\/v2\/users\/1"}],"replies":[{"embeddable":true,"href":"https:\/\/www.organisator.ch\/en\/wp-json\/wp\/v2\/comments?post=235"}],"version-history":[{"count":0,"href":"https:\/\/www.organisator.ch\/en\/wp-json\/wp\/v2\/posts\/235\/revisions"}],"wp:featuredmedia":[{"embeddable":true,"href":"https:\/\/www.organisator.ch\/en\/wp-json\/wp\/v2\/media\/236"}],"wp:attachment":[{"href":"https:\/\/www.organisator.ch\/en\/wp-json\/wp\/v2\/media?parent=235"}],"wp:term":[{"taxonomy":"category","embeddable":true,"href":"https:\/\/www.organisator.ch\/en\/wp-json\/wp\/v2\/categories?post=235"},{"taxonomy":"post_tag","embeddable":true,"href":"https:\/\/www.organisator.ch\/en\/wp-json\/wp\/v2\/tags?post=235"}],"curies":[{"name":"wp","href":"https:\/\/api.w.org\/{rel}","templated":true}]}}