{"id":2352,"date":"2017-08-24T13:59:51","date_gmt":"2017-08-24T11:59:51","guid":{"rendered":"https:\/\/www.organisator.ch\/?p=2352"},"modified":"2017-08-24T13:59:51","modified_gmt":"2017-08-24T11:59:51","slug":"konjunktureller-boom-noch-nicht-in-sicht-industrie-leidet-unter-investitionsloch","status":"publish","type":"post","link":"https:\/\/www.organisator.ch\/en\/management\/2017-08-24\/konjunktureller-boom-noch-nicht-in-sicht-industrie-leidet-unter-investitionsloch\/","title":{"rendered":"Economic boom not yet in sight - industry suffers from \"investment hole"},"content":{"rendered":"<figure id=\"attachment_2353\" aria-describedby=\"caption-attachment-2353\" style=\"width: 640px\" class=\"wp-caption alignnone\"><img loading=\"lazy\" decoding=\"async\" class=\"size-full wp-image-2353\" src=\"https:\/\/www.organisator.ch\/wp-content\/uploads\/2017\/08\/Konjunktureller-Boom-noch-nicht-in-Sicht-Industrie-leidet-unter-Investitionsloch_Organisator.jpg\" alt=\"\" width=\"640\" height=\"426\" srcset=\"https:\/\/www.organisator.ch\/wp-content\/uploads\/2017\/08\/Konjunktureller-Boom-noch-nicht-in-Sicht-Industrie-leidet-unter-Investitionsloch_Organisator.jpg 640w, https:\/\/www.organisator.ch\/wp-content\/uploads\/2017\/08\/Konjunktureller-Boom-noch-nicht-in-Sicht-Industrie-leidet-unter-Investitionsloch_Organisator-16x12.jpg 16w, https:\/\/www.organisator.ch\/wp-content\/uploads\/2017\/08\/Konjunktureller-Boom-noch-nicht-in-Sicht-Industrie-leidet-unter-Investitionsloch_Organisator-263x175.jpg 263w, https:\/\/www.organisator.ch\/wp-content\/uploads\/2017\/08\/Konjunktureller-Boom-noch-nicht-in-Sicht-Industrie-leidet-unter-Investitionsloch_Organisator-526x350.jpg 526w, https:\/\/www.organisator.ch\/wp-content\/uploads\/2017\/08\/Konjunktureller-Boom-noch-nicht-in-Sicht-Industrie-leidet-unter-Investitionsloch_Organisator-300x200.jpg 300w\" sizes=\"auto, (max-width: 640px) 100vw, 640px\" \/><figcaption id=\"caption-attachment-2353\" class=\"wp-caption-text\">An economic boom is not yet in sight for the Swissmechanic association. (Photo: Marc-Steffen Unger)<\/figcaption><\/figure>\n<p>A sigh of relief is sweeping through Switzerland: The franc has eased, Swiss exports are on the rise, an economic boom has returned internationally and the expectations of Swiss industry are good beyond all measure. \"The Swiss economy is doing well again,\" is the general opinion. But as is well known, one swallow does not make a summer, because some things are not taken into account, as the association Swissmechanic writes in a new media release: Firstly, it is not at all certain whether the EURO boom will continue (danger of a new franc shock) and secondly, the economic consequences of the strength of the franc are far from over (convalescence of SMEs). Thirdly, the communication continues, the current soaring of the euro was partly created artificially. According to data from the Commodity Futures Trading Commission, large investors in particular are betting on continued euro strength against the dollar. The latest figures show that these speculative positions on a stronger euro have never been as high as they are now since at least the beginning of 2015.<\/p>\n<h2><strong>The Franc Island and the Euro Flood<\/strong><\/h2>\n<p>The value of the Swiss franc has therefore only been somewhat lower for a short time and can quickly rise again. If a crisis were only to emerge, Swiss companies would immediately be up to their necks in water again. International developments or the valuation of the euro represent a constant risk. Nevertheless, the franc remains a refuge for investors from all over the world in times of crisis. This results in constant appreciation pressure. Currently, the negative effects are being masked by the current economic upswing. However, in the context of low interest rates and the franc gaining in value, these should cause everyone to worry. If one does not want to see a \"mass death\" of the Swiss SME-MEM in the near future, the time has come to act - considering the risk of a new franc shock.<\/p>\n<h2><strong>Rebound versus recovery<\/strong><\/h2>\n<p>Already since the financial crisis in 2008 and then increasingly in 2015, the industry has had to struggle with the strong franc. Since then, there has been a margin problem for export-oriented SMEs, as they have to sell at the world market price. For many, this meant: The machinery was not renewed, but the capital reserves were nevertheless reduced and thus no new investment reserves were built up. For many small companies in particular, this is not a deliberate postponement of investment, but an investment hole and a huge problem. The negative interest rate has also not yet had a positive impact on investment in the manufacturing industry. A long-term upswing is needed for SMEs to convalesce. Just six months of upswing, which is by no means reaching all sectors and company sizes, is not enough. It would be illusionary and unrealistic to claim that the Swiss economy is doing well again.<\/p>\n<h2><strong>Economic boom prevented by investment hole and credit drought<\/strong><\/h2>\n<p>A new survey by Swissmechanic shows that over 70% of respondents would like to invest in Industry 4.0. However, the picture is split internationally with regard to financing. More than half of the established Swiss SME-MEMs manage without a bank loan. The proportion of companies with bank financing is accordingly significantly lower in Switzerland (35 %) than in neighboring countries: Italy (52%), France (49%), Austria (48%), Germany (45 %). A successful credit application needs a longer-term boost: in fact, it requires long-standing good business reports, modern infrastructure, collateral and future-oriented business models. Over 27% of the companies are therefore no longer getting loans and over 26% do not wish to comment on this. The larger companies also participating in this survey have other ways of raising money or simply relocate parts of their production abroad.<\/p>\n<p>Swissmechanic has identified this investment gap as an important problem for Swiss SMEs and will discuss it with over twenty experts from politics, technology, research and business at the Business Day on September 14. Among others, they will include: Gerhard Pfister, Ruedi Noser, Prof. Dr. Peter Jaeschke, Otto Hofstetter a.o. Read more at. <a href=\"http:\/\/www.swissmechanic-businessday.ch\">www.swissmechanic-businessday.ch<\/a>.<\/p>","protected":false},"excerpt":{"rendered":"<p>Ein Aufatmen geht durch die Schweiz: Der Franken hat sich entspannt, der Schweizer Export steigt,\u00a0ein konjunktureller Boom\u00a0ist international wieder\u00a0eingekehrt und die Erwartungen der Schweizer Industrie sind \u00fcber alle Massen gut. \u201eDer Schweizer Wirtschaft geht es wieder gut\u201c, so die allgemeine Meinung. Doch bekanntlich macht eine Schwalbe noch keinen Sommer, denn\u00a0es werden einige Dinge nicht ber\u00fccksichtigt, [&hellip;]<\/p>\n","protected":false},"author":4,"featured_media":2353,"comment_status":"open","ping_status":"open","sticky":false,"template":"","format":"standard","meta":{"_acf_changed":false,"_yoast_wpseo_focuskw":"konjunktureller Boom","_yoast_wpseo_metadesc":"Ein kleiner Aufschwung ist noch kein konjunktureller Boom. Die Frankeninsel ist weiterhin durch die Euroflut gef\u00e4hrdet, meint der Verband Swissmechanic.","articlekey":"","footnotes":""},"categories":[28],"tags":[335,340,531],"class_list":["post-2352","post","type-post","status-publish","format-standard","has-post-thumbnail","hentry","category-management","tag-management-und-unternehmensfuehrung","tag-maerkte","tag-wirtschaftspolitik"],"acf":[],"yoast_head":"<!-- This site is optimized with the Yoast SEO plugin v27.5 - https:\/\/yoast.com\/product\/yoast-seo-wordpress\/ -->\n<title>Konjunktureller Boom noch nicht in Sicht - Industrie leidet unter &quot;Investitionsloch&quot; - Organisator<\/title>\n<meta name=\"description\" content=\"Ein kleiner Aufschwung ist noch kein konjunktureller Boom. Die Frankeninsel ist weiterhin durch die Euroflut gef\u00e4hrdet, meint der Verband Swissmechanic.\" \/>\n<meta name=\"robots\" content=\"index, follow, max-snippet:-1, max-image-preview:large, max-video-preview:-1\" \/>\n<link rel=\"canonical\" href=\"https:\/\/www.organisator.ch\/en\/management\/2017-08-24\/konjunktureller-boom-noch-nicht-in-sicht-industrie-leidet-unter-investitionsloch\/\" \/>\n<meta property=\"og:locale\" content=\"en_US\" \/>\n<meta property=\"og:type\" content=\"article\" \/>\n<meta property=\"og:title\" content=\"Konjunktureller Boom noch nicht in Sicht - Industrie leidet unter &quot;Investitionsloch&quot;\" \/>\n<meta property=\"og:description\" content=\"Die Frankeninsel ist weiterhin durch die Euroflut gef\u00e4hrdet. Der langj\u00e4hrige #Margenkampf und das dadurch entstandene Investitionsloch k\u00f6nnen die #KMU-MEM nicht binnen Monaten wettmachen.\" \/>\n<meta property=\"og:url\" content=\"https:\/\/www.organisator.ch\/en\/management\/2017-08-24\/konjunktureller-boom-noch-nicht-in-sicht-industrie-leidet-unter-investitionsloch\/\" \/>\n<meta property=\"og:site_name\" content=\"Organisator\" \/>\n<meta property=\"article:publisher\" content=\"https:\/\/www.facebook.com\/OrganisatorFachmagazin\" \/>\n<meta property=\"article:published_time\" content=\"2017-08-24T11:59:51+00:00\" \/>\n<meta property=\"og:image\" content=\"https:\/\/www.organisator.ch\/wp-content\/uploads\/2017\/08\/Konjunktureller-Boom-noch-nicht-in-Sicht-Industrie-leidet-unter-Investitionsloch_Organisator.jpg\" \/>\n\t<meta property=\"og:image:width\" content=\"640\" \/>\n\t<meta property=\"og:image:height\" content=\"426\" \/>\n\t<meta property=\"og:image:type\" content=\"image\/jpeg\" \/>\n<meta name=\"author\" content=\"thomas.berner\" \/>\n<meta name=\"twitter:card\" content=\"summary_large_image\" \/>\n<meta name=\"twitter:title\" content=\"Konjunktureller #Boom noch nicht in Sicht - #Industrie leidet unter &quot;Investitionsloch&quot;\" \/>\n<meta name=\"twitter:description\" content=\"Die Frankeninsel ist weiterhin durch die Euroflut gef\u00e4hrdet. Der langj\u00e4hrige #Margenkampf und das dadurch entstandene Investitionsloch k\u00f6nnen die #KMU-MEM nicht binnen Monaten wettmachen.\" \/>\n<meta name=\"twitter:image\" content=\"https:\/\/www.organisator.ch\/wp-content\/uploads\/2017\/08\/Konjunktureller-Boom-noch-nicht-in-Sicht-Industrie-leidet-unter-Investitionsloch_Organisator.jpg\" \/>\n<script type=\"application\/ld+json\" class=\"yoast-schema-graph\">{\"@context\":\"https:\\\/\\\/schema.org\",\"@graph\":[{\"@type\":\"Article\",\"@id\":\"https:\\\/\\\/www.organisator.ch\\\/management\\\/2017-08-24\\\/konjunktureller-boom-noch-nicht-in-sicht-industrie-leidet-unter-investitionsloch\\\/#article\",\"isPartOf\":{\"@id\":\"https:\\\/\\\/www.organisator.ch\\\/management\\\/2017-08-24\\\/konjunktureller-boom-noch-nicht-in-sicht-industrie-leidet-unter-investitionsloch\\\/\"},\"author\":{\"name\":\"thomas.berner\",\"@id\":\"https:\\\/\\\/www.organisator.ch\\\/#\\\/schema\\\/person\\\/6f650f90b2842cd4c0cc334b4e36f67e\"},\"headline\":\"Konjunktureller Boom noch nicht in Sicht &#8211; Industrie leidet unter &#8222;Investitionsloch&#8220;\",\"datePublished\":\"2017-08-24T11:59:51+00:00\",\"mainEntityOfPage\":{\"@id\":\"https:\\\/\\\/www.organisator.ch\\\/management\\\/2017-08-24\\\/konjunktureller-boom-noch-nicht-in-sicht-industrie-leidet-unter-investitionsloch\\\/\"},\"wordCount\":658,\"commentCount\":0,\"publisher\":{\"@id\":\"https:\\\/\\\/www.organisator.ch\\\/#organization\"},\"image\":{\"@id\":\"https:\\\/\\\/www.organisator.ch\\\/management\\\/2017-08-24\\\/konjunktureller-boom-noch-nicht-in-sicht-industrie-leidet-unter-investitionsloch\\\/#primaryimage\"},\"thumbnailUrl\":\"https:\\\/\\\/www.organisator.ch\\\/wp-content\\\/uploads\\\/2017\\\/08\\\/Konjunktureller-Boom-noch-nicht-in-Sicht-Industrie-leidet-unter-Investitionsloch_Organisator.jpg\",\"keywords\":[\"Management und Unternehmensf\u00fchrung\",\"M\u00e4rkte\",\"Wirtschaftspolitik\"],\"articleSection\":[\"MANAGEMENT\"],\"inLanguage\":\"en-US\"},{\"@type\":\"WebPage\",\"@id\":\"https:\\\/\\\/www.organisator.ch\\\/management\\\/2017-08-24\\\/konjunktureller-boom-noch-nicht-in-sicht-industrie-leidet-unter-investitionsloch\\\/\",\"url\":\"https:\\\/\\\/www.organisator.ch\\\/management\\\/2017-08-24\\\/konjunktureller-boom-noch-nicht-in-sicht-industrie-leidet-unter-investitionsloch\\\/\",\"name\":\"Konjunktureller Boom noch nicht in Sicht - Industrie leidet unter \\\"Investitionsloch\\\" - Organisator\",\"isPartOf\":{\"@id\":\"https:\\\/\\\/www.organisator.ch\\\/#website\"},\"primaryImageOfPage\":{\"@id\":\"https:\\\/\\\/www.organisator.ch\\\/management\\\/2017-08-24\\\/konjunktureller-boom-noch-nicht-in-sicht-industrie-leidet-unter-investitionsloch\\\/#primaryimage\"},\"image\":{\"@id\":\"https:\\\/\\\/www.organisator.ch\\\/management\\\/2017-08-24\\\/konjunktureller-boom-noch-nicht-in-sicht-industrie-leidet-unter-investitionsloch\\\/#primaryimage\"},\"thumbnailUrl\":\"https:\\\/\\\/www.organisator.ch\\\/wp-content\\\/uploads\\\/2017\\\/08\\\/Konjunktureller-Boom-noch-nicht-in-Sicht-Industrie-leidet-unter-Investitionsloch_Organisator.jpg\",\"datePublished\":\"2017-08-24T11:59:51+00:00\",\"description\":\"Ein kleiner Aufschwung ist noch kein konjunktureller Boom. Die Frankeninsel ist weiterhin durch die Euroflut gef\u00e4hrdet, meint der Verband Swissmechanic.\",\"breadcrumb\":{\"@id\":\"https:\\\/\\\/www.organisator.ch\\\/management\\\/2017-08-24\\\/konjunktureller-boom-noch-nicht-in-sicht-industrie-leidet-unter-investitionsloch\\\/#breadcrumb\"},\"inLanguage\":\"en-US\",\"potentialAction\":[{\"@type\":\"ReadAction\",\"target\":[\"https:\\\/\\\/www.organisator.ch\\\/management\\\/2017-08-24\\\/konjunktureller-boom-noch-nicht-in-sicht-industrie-leidet-unter-investitionsloch\\\/\"]}]},{\"@type\":\"ImageObject\",\"inLanguage\":\"en-US\",\"@id\":\"https:\\\/\\\/www.organisator.ch\\\/management\\\/2017-08-24\\\/konjunktureller-boom-noch-nicht-in-sicht-industrie-leidet-unter-investitionsloch\\\/#primaryimage\",\"url\":\"https:\\\/\\\/www.organisator.ch\\\/wp-content\\\/uploads\\\/2017\\\/08\\\/Konjunktureller-Boom-noch-nicht-in-Sicht-Industrie-leidet-unter-Investitionsloch_Organisator.jpg\",\"contentUrl\":\"https:\\\/\\\/www.organisator.ch\\\/wp-content\\\/uploads\\\/2017\\\/08\\\/Konjunktureller-Boom-noch-nicht-in-Sicht-Industrie-leidet-unter-Investitionsloch_Organisator.jpg\",\"width\":640,\"height\":426,\"caption\":\"Ein konjunktureller Boom ist f\u00fcr den Verband Swissmechanic noch nicht in Sicht. (Foto: Marc-Steffen Unger)\"},{\"@type\":\"BreadcrumbList\",\"@id\":\"https:\\\/\\\/www.organisator.ch\\\/management\\\/2017-08-24\\\/konjunktureller-boom-noch-nicht-in-sicht-industrie-leidet-unter-investitionsloch\\\/#breadcrumb\",\"itemListElement\":[{\"@type\":\"ListItem\",\"position\":1,\"name\":\"Home\",\"item\":\"https:\\\/\\\/www.organisator.ch\\\/\"},{\"@type\":\"ListItem\",\"position\":2,\"name\":\"Konjunktureller Boom noch nicht in Sicht &#8211; Industrie leidet unter &#8222;Investitionsloch&#8220;\"}]},{\"@type\":\"WebSite\",\"@id\":\"https:\\\/\\\/www.organisator.ch\\\/#website\",\"url\":\"https:\\\/\\\/www.organisator.ch\\\/\",\"name\":\"Organisator\",\"description\":\"Kompetent. Praxisnah. Der ORGANISATOR bereitet in 10 Ausgaben pro Jahr die wesentlichen Themen f\u00fcr F\u00fchrungskr\u00e4fte von KMU auf.\",\"publisher\":{\"@id\":\"https:\\\/\\\/www.organisator.ch\\\/#organization\"},\"potentialAction\":[{\"@type\":\"SearchAction\",\"target\":{\"@type\":\"EntryPoint\",\"urlTemplate\":\"https:\\\/\\\/www.organisator.ch\\\/?s={search_term_string}\"},\"query-input\":{\"@type\":\"PropertyValueSpecification\",\"valueRequired\":true,\"valueName\":\"search_term_string\"}}],\"inLanguage\":\"en-US\"},{\"@type\":\"Organization\",\"@id\":\"https:\\\/\\\/www.organisator.ch\\\/#organization\",\"name\":\"Organisator\",\"url\":\"https:\\\/\\\/www.organisator.ch\\\/\",\"logo\":{\"@type\":\"ImageObject\",\"inLanguage\":\"en-US\",\"@id\":\"https:\\\/\\\/www.organisator.ch\\\/#\\\/schema\\\/logo\\\/image\\\/\",\"url\":\"https:\\\/\\\/www.organisator.ch\\\/wp-content\\\/uploads\\\/2022\\\/01\\\/Logo_Organisator_Website.png\",\"contentUrl\":\"https:\\\/\\\/www.organisator.ch\\\/wp-content\\\/uploads\\\/2022\\\/01\\\/Logo_Organisator_Website.png\",\"width\":800,\"height\":77,\"caption\":\"Organisator\"},\"image\":{\"@id\":\"https:\\\/\\\/www.organisator.ch\\\/#\\\/schema\\\/logo\\\/image\\\/\"},\"sameAs\":[\"https:\\\/\\\/www.facebook.com\\\/OrganisatorFachmagazin\",\"https:\\\/\\\/www.linkedin.com\\\/showcase\\\/organisator-das-magazin-fr-kmu\",\"https:\\\/\\\/www.xing.com\\\/news\\\/pages\\\/organisator-ch-695\",\"https:\\\/\\\/www.youtube.com\\\/channel\\\/UCGP2Sq0iWaZwT3BdIAQFYpw\"]},{\"@type\":\"Person\",\"@id\":\"https:\\\/\\\/www.organisator.ch\\\/#\\\/schema\\\/person\\\/6f650f90b2842cd4c0cc334b4e36f67e\",\"name\":\"thomas.berner\",\"image\":{\"@type\":\"ImageObject\",\"inLanguage\":\"en-US\",\"@id\":\"https:\\\/\\\/secure.gravatar.com\\\/avatar\\\/ac5001d2a36cb6c6cd3e50789007ffca834b477b74a2144564522e944eabff61?s=96&d=mm&r=g\",\"url\":\"https:\\\/\\\/secure.gravatar.com\\\/avatar\\\/ac5001d2a36cb6c6cd3e50789007ffca834b477b74a2144564522e944eabff61?s=96&d=mm&r=g\",\"contentUrl\":\"https:\\\/\\\/secure.gravatar.com\\\/avatar\\\/ac5001d2a36cb6c6cd3e50789007ffca834b477b74a2144564522e944eabff61?s=96&d=mm&r=g\",\"caption\":\"thomas.berner\"},\"url\":\"https:\\\/\\\/www.organisator.ch\\\/en\\\/author\\\/thomas-berner\\\/\"}]}<\/script>\n<!-- \/ Yoast SEO plugin. -->","yoast_head_json":{"title":"Economic boom not yet in sight - Industry suffers from \"investment hole\" - Organizer","description":"A small upswing is not yet an economic boom. The Swiss franc island is still at risk from the flood of euros, says the Swissmechanic association.","robots":{"index":"index","follow":"follow","max-snippet":"max-snippet:-1","max-image-preview":"max-image-preview:large","max-video-preview":"max-video-preview:-1"},"canonical":"https:\/\/www.organisator.ch\/en\/management\/2017-08-24\/konjunktureller-boom-noch-nicht-in-sicht-industrie-leidet-unter-investitionsloch\/","og_locale":"en_US","og_type":"article","og_title":"Konjunktureller Boom noch nicht in Sicht - Industrie leidet unter \"Investitionsloch\"","og_description":"Die Frankeninsel ist weiterhin durch die Euroflut gef\u00e4hrdet. Der langj\u00e4hrige #Margenkampf und das dadurch entstandene Investitionsloch k\u00f6nnen die #KMU-MEM nicht binnen Monaten wettmachen.","og_url":"https:\/\/www.organisator.ch\/en\/management\/2017-08-24\/konjunktureller-boom-noch-nicht-in-sicht-industrie-leidet-unter-investitionsloch\/","og_site_name":"Organisator","article_publisher":"https:\/\/www.facebook.com\/OrganisatorFachmagazin","article_published_time":"2017-08-24T11:59:51+00:00","og_image":[{"width":640,"height":426,"url":"https:\/\/www.organisator.ch\/wp-content\/uploads\/2017\/08\/Konjunktureller-Boom-noch-nicht-in-Sicht-Industrie-leidet-unter-Investitionsloch_Organisator.jpg","type":"image\/jpeg"}],"author":"thomas.berner","twitter_card":"summary_large_image","twitter_title":"Konjunktureller #Boom noch nicht in Sicht - #Industrie leidet unter \"Investitionsloch\"","twitter_description":"Die Frankeninsel ist weiterhin durch die Euroflut gef\u00e4hrdet. Der langj\u00e4hrige #Margenkampf und das dadurch entstandene Investitionsloch k\u00f6nnen die #KMU-MEM nicht binnen Monaten wettmachen.","twitter_image":"https:\/\/www.organisator.ch\/wp-content\/uploads\/2017\/08\/Konjunktureller-Boom-noch-nicht-in-Sicht-Industrie-leidet-unter-Investitionsloch_Organisator.jpg","schema":{"@context":"https:\/\/schema.org","@graph":[{"@type":"Article","@id":"https:\/\/www.organisator.ch\/management\/2017-08-24\/konjunktureller-boom-noch-nicht-in-sicht-industrie-leidet-unter-investitionsloch\/#article","isPartOf":{"@id":"https:\/\/www.organisator.ch\/management\/2017-08-24\/konjunktureller-boom-noch-nicht-in-sicht-industrie-leidet-unter-investitionsloch\/"},"author":{"name":"thomas.berner","@id":"https:\/\/www.organisator.ch\/#\/schema\/person\/6f650f90b2842cd4c0cc334b4e36f67e"},"headline":"Konjunktureller Boom noch nicht in Sicht &#8211; Industrie leidet unter &#8222;Investitionsloch&#8220;","datePublished":"2017-08-24T11:59:51+00:00","mainEntityOfPage":{"@id":"https:\/\/www.organisator.ch\/management\/2017-08-24\/konjunktureller-boom-noch-nicht-in-sicht-industrie-leidet-unter-investitionsloch\/"},"wordCount":658,"commentCount":0,"publisher":{"@id":"https:\/\/www.organisator.ch\/#organization"},"image":{"@id":"https:\/\/www.organisator.ch\/management\/2017-08-24\/konjunktureller-boom-noch-nicht-in-sicht-industrie-leidet-unter-investitionsloch\/#primaryimage"},"thumbnailUrl":"https:\/\/www.organisator.ch\/wp-content\/uploads\/2017\/08\/Konjunktureller-Boom-noch-nicht-in-Sicht-Industrie-leidet-unter-Investitionsloch_Organisator.jpg","keywords":["Management und Unternehmensf\u00fchrung","M\u00e4rkte","Wirtschaftspolitik"],"articleSection":["MANAGEMENT"],"inLanguage":"en-US"},{"@type":"WebPage","@id":"https:\/\/www.organisator.ch\/management\/2017-08-24\/konjunktureller-boom-noch-nicht-in-sicht-industrie-leidet-unter-investitionsloch\/","url":"https:\/\/www.organisator.ch\/management\/2017-08-24\/konjunktureller-boom-noch-nicht-in-sicht-industrie-leidet-unter-investitionsloch\/","name":"Economic boom not yet in sight - Industry suffers from \"investment hole\" - Organizer","isPartOf":{"@id":"https:\/\/www.organisator.ch\/#website"},"primaryImageOfPage":{"@id":"https:\/\/www.organisator.ch\/management\/2017-08-24\/konjunktureller-boom-noch-nicht-in-sicht-industrie-leidet-unter-investitionsloch\/#primaryimage"},"image":{"@id":"https:\/\/www.organisator.ch\/management\/2017-08-24\/konjunktureller-boom-noch-nicht-in-sicht-industrie-leidet-unter-investitionsloch\/#primaryimage"},"thumbnailUrl":"https:\/\/www.organisator.ch\/wp-content\/uploads\/2017\/08\/Konjunktureller-Boom-noch-nicht-in-Sicht-Industrie-leidet-unter-Investitionsloch_Organisator.jpg","datePublished":"2017-08-24T11:59:51+00:00","description":"A small upswing is not yet an economic boom. The Swiss franc island is still at risk from the flood of euros, says the Swissmechanic association.","breadcrumb":{"@id":"https:\/\/www.organisator.ch\/management\/2017-08-24\/konjunktureller-boom-noch-nicht-in-sicht-industrie-leidet-unter-investitionsloch\/#breadcrumb"},"inLanguage":"en-US","potentialAction":[{"@type":"ReadAction","target":["https:\/\/www.organisator.ch\/management\/2017-08-24\/konjunktureller-boom-noch-nicht-in-sicht-industrie-leidet-unter-investitionsloch\/"]}]},{"@type":"ImageObject","inLanguage":"en-US","@id":"https:\/\/www.organisator.ch\/management\/2017-08-24\/konjunktureller-boom-noch-nicht-in-sicht-industrie-leidet-unter-investitionsloch\/#primaryimage","url":"https:\/\/www.organisator.ch\/wp-content\/uploads\/2017\/08\/Konjunktureller-Boom-noch-nicht-in-Sicht-Industrie-leidet-unter-Investitionsloch_Organisator.jpg","contentUrl":"https:\/\/www.organisator.ch\/wp-content\/uploads\/2017\/08\/Konjunktureller-Boom-noch-nicht-in-Sicht-Industrie-leidet-unter-Investitionsloch_Organisator.jpg","width":640,"height":426,"caption":"Ein konjunktureller Boom ist f\u00fcr den Verband Swissmechanic noch nicht in Sicht. (Foto: Marc-Steffen Unger)"},{"@type":"BreadcrumbList","@id":"https:\/\/www.organisator.ch\/management\/2017-08-24\/konjunktureller-boom-noch-nicht-in-sicht-industrie-leidet-unter-investitionsloch\/#breadcrumb","itemListElement":[{"@type":"ListItem","position":1,"name":"Home","item":"https:\/\/www.organisator.ch\/"},{"@type":"ListItem","position":2,"name":"Konjunktureller Boom noch nicht in Sicht &#8211; Industrie leidet unter &#8222;Investitionsloch&#8220;"}]},{"@type":"WebSite","@id":"https:\/\/www.organisator.ch\/#website","url":"https:\/\/www.organisator.ch\/","name":"Organizer","description":"Competent. Practical. In 10 issues per year, ORGANISATOR presents the essential topics for managers of SMEs.","publisher":{"@id":"https:\/\/www.organisator.ch\/#organization"},"potentialAction":[{"@type":"SearchAction","target":{"@type":"EntryPoint","urlTemplate":"https:\/\/www.organisator.ch\/?s={search_term_string}"},"query-input":{"@type":"PropertyValueSpecification","valueRequired":true,"valueName":"search_term_string"}}],"inLanguage":"en-US"},{"@type":"Organization","@id":"https:\/\/www.organisator.ch\/#organization","name":"Organizer","url":"https:\/\/www.organisator.ch\/","logo":{"@type":"ImageObject","inLanguage":"en-US","@id":"https:\/\/www.organisator.ch\/#\/schema\/logo\/image\/","url":"https:\/\/www.organisator.ch\/wp-content\/uploads\/2022\/01\/Logo_Organisator_Website.png","contentUrl":"https:\/\/www.organisator.ch\/wp-content\/uploads\/2022\/01\/Logo_Organisator_Website.png","width":800,"height":77,"caption":"Organisator"},"image":{"@id":"https:\/\/www.organisator.ch\/#\/schema\/logo\/image\/"},"sameAs":["https:\/\/www.facebook.com\/OrganisatorFachmagazin","https:\/\/www.linkedin.com\/showcase\/organisator-das-magazin-fr-kmu","https:\/\/www.xing.com\/news\/pages\/organisator-ch-695","https:\/\/www.youtube.com\/channel\/UCGP2Sq0iWaZwT3BdIAQFYpw"]},{"@type":"Person","@id":"https:\/\/www.organisator.ch\/#\/schema\/person\/6f650f90b2842cd4c0cc334b4e36f67e","name":"thomas.berner","image":{"@type":"ImageObject","inLanguage":"en-US","@id":"https:\/\/secure.gravatar.com\/avatar\/ac5001d2a36cb6c6cd3e50789007ffca834b477b74a2144564522e944eabff61?s=96&d=mm&r=g","url":"https:\/\/secure.gravatar.com\/avatar\/ac5001d2a36cb6c6cd3e50789007ffca834b477b74a2144564522e944eabff61?s=96&d=mm&r=g","contentUrl":"https:\/\/secure.gravatar.com\/avatar\/ac5001d2a36cb6c6cd3e50789007ffca834b477b74a2144564522e944eabff61?s=96&d=mm&r=g","caption":"thomas.berner"},"url":"https:\/\/www.organisator.ch\/en\/author\/thomas-berner\/"}]}},"_links":{"self":[{"href":"https:\/\/www.organisator.ch\/en\/wp-json\/wp\/v2\/posts\/2352","targetHints":{"allow":["GET"]}}],"collection":[{"href":"https:\/\/www.organisator.ch\/en\/wp-json\/wp\/v2\/posts"}],"about":[{"href":"https:\/\/www.organisator.ch\/en\/wp-json\/wp\/v2\/types\/post"}],"author":[{"embeddable":true,"href":"https:\/\/www.organisator.ch\/en\/wp-json\/wp\/v2\/users\/4"}],"replies":[{"embeddable":true,"href":"https:\/\/www.organisator.ch\/en\/wp-json\/wp\/v2\/comments?post=2352"}],"version-history":[{"count":0,"href":"https:\/\/www.organisator.ch\/en\/wp-json\/wp\/v2\/posts\/2352\/revisions"}],"wp:featuredmedia":[{"embeddable":true,"href":"https:\/\/www.organisator.ch\/en\/wp-json\/wp\/v2\/media\/2353"}],"wp:attachment":[{"href":"https:\/\/www.organisator.ch\/en\/wp-json\/wp\/v2\/media?parent=2352"}],"wp:term":[{"taxonomy":"category","embeddable":true,"href":"https:\/\/www.organisator.ch\/en\/wp-json\/wp\/v2\/categories?post=2352"},{"taxonomy":"post_tag","embeddable":true,"href":"https:\/\/www.organisator.ch\/en\/wp-json\/wp\/v2\/tags?post=2352"}],"curies":[{"name":"wp","href":"https:\/\/api.w.org\/{rel}","templated":true}]}}