{"id":23645,"date":"2023-12-01T11:17:23","date_gmt":"2023-12-01T10:17:23","guid":{"rendered":"https:\/\/www.organisator.ch\/?p=23645"},"modified":"2023-12-01T13:15:49","modified_gmt":"2023-12-01T12:15:49","slug":"swiss-lean-award-2023-ein-award-fuer-effiziente-und-vorbildliche-prozesse","status":"publish","type":"post","link":"https:\/\/www.organisator.ch\/en\/sustainability\/2023-12-01\/swiss-lean-award-2023-ein-award-fuer-effiziente-und-vorbildliche-prozesse\/","title":{"rendered":"Swiss Lean Award 2023: An award for efficient and exemplary processes"},"content":{"rendered":"<figure id=\"attachment_23646\" class=\"wp-caption alignnone\" style=\"width: 680px;\" aria-describedby=\"caption-attachment-23646\"><img class=\"size-full wp-image-23646\" src=\"https:\/\/www.organisator.ch\/wp-content\/uploads\/2023\/12\/Swiss-Lean-Award-2023_Bild1_ps.jpg\" sizes=\"(max-width: 680px) 100vw, 680px\" srcset=\"https:\/\/www.organisator.ch\/wp-content\/uploads\/2023\/12\/Swiss-Lean-Award-2023_Bild1_ps.jpg 680w, https:\/\/www.organisator.ch\/wp-content\/uploads\/2023\/12\/Swiss-Lean-Award-2023_Bild1_ps-18x12.jpg 18w, https:\/\/www.organisator.ch\/wp-content\/uploads\/2023\/12\/Swiss-Lean-Award-2023_Bild1_ps-375x250.jpg 375w, https:\/\/www.organisator.ch\/wp-content\/uploads\/2023\/12\/Swiss-Lean-Award-2023_Bild1_ps-525x350.jpg 525w\" alt=\"\" width=\"680\" height=\"453\" \/>\r\n<figcaption id=\"caption-attachment-23646\" class=\"wp-caption-text\">At the award ceremony at the winner of the Swiss Lean Award 2023, Phoenix Mecano Solutions AG, based in Stein am Rhein (from left): Lukas H\u00e4nni, Seyer Ahadi, Markus Walde, Michael Jahn, Stefan Weitz, Romano Verdieri. (Image: www.leancom.ch)<\/figcaption>\r\n<\/figure>\r\n<p>The participating companies completed a professional assessment and impressed the expert jury with their various contributions to increasing competitiveness thanks to lean management. Romano Verdieri, Partner at Leancom AG, summarizes: \"The participants in this year's Swiss Lean Award 2023 impressively demonstrated with their consistent applications that lean management makes a significant and indispensable contribution to corporate success. The companies thus improve their resilience and create the basis for sustainable and lasting differentiation from their market competitors. The reduction of waste and the joint and continuous implementation of improvements within the company are indispensable.\" The jury members also emphasized the importance of a problem-solving process that not only focuses on the problem and solution, but also includes a root cause analysis.<\/p>\r\n<p>Last week, the technology company Phoenix Mecano Solutions AG, based in Stein am Rhein, came out on top against four other finalists. \"The overall package was convincing,\" says Stefan Weitz, who was part of the expert jury - consisting of experts from Leancom AG, KMU SWISS and the University of Applied Sciences of Eastern Switzerland. \"Not only because Phoenix Mecano Solutions AG applies the Hoshin Kanri method across all hierarchies, but also because the entire workforce lives the lean management philosophy excellently and has integrated it holistically as an integral part of the company.\"<\/p>\r\n<p>The other four finalists for the Swiss Lean Award 2023 are Post CH AG Logistik-Services in Zurich-M\u00fclligen, ELSA Group SA in Estavayer-le-Lac, Hypothekarbank Lenzburg AG in Lenzburg and Ypsomed AG in Burgdorf.<\/p>\r\n<p>The award ceremonies took place last week, where the winners were presented with their awards and certificates in person at their company headquarters.<\/p>\r\n<p><em>Source: <a href=\"https:\/\/www.leancom.ch\/\">www.leancom.ch<\/a><\/em><\/p>","protected":false},"excerpt":{"rendered":"<p>In November, the Swiss Lean Award, the only award for companies in Switzerland for excellence in lean management, was presented for the 13th time. <\/p>","protected":false},"author":58,"featured_media":23646,"comment_status":"closed","ping_status":"closed","sticky":false,"template":"","format":"standard","meta":{"_acf_changed":false,"_yoast_wpseo_focuskw":"Award","_yoast_wpseo_metadesc":"Im November wurde bereits zum 13. Mal der Swiss Lean Award, die einzige Auszeichnung f\u00fcr Unternehmen in der Schweiz f\u00fcr Spitzenleistungen im Bereich Lean Management vergeben.","articlekey":"","footnotes":""},"categories":[580],"tags":[66,321,1787,424,492],"class_list":["post-23645","post","type-post","status-publish","format-standard","has-post-thumbnail","hentry","category-sustainability","tag-awards","tag-lean-management","tag-nachhaltigkeit","tag-schweiz","tag-unternehmen"],"acf":[],"yoast_head":"<!-- This site is optimized with the Yoast SEO plugin v27.5 - https:\/\/yoast.com\/product\/yoast-seo-wordpress\/ -->\n<title>Swiss Lean Award 2023: Ein Award f\u00fcr effiziente und vorbildliche Prozesse - Organisator<\/title>\n<meta name=\"description\" content=\"Im November wurde bereits zum 13. Mal der Swiss Lean Award, die einzige Auszeichnung f\u00fcr Unternehmen in der Schweiz f\u00fcr Spitzenleistungen im Bereich Lean Management vergeben.\" \/>\n<meta name=\"robots\" content=\"index, follow, max-snippet:-1, max-image-preview:large, max-video-preview:-1\" \/>\n<link rel=\"canonical\" href=\"https:\/\/www.organisator.ch\/en\/sustainability\/2023-12-01\/swiss-lean-award-2023-ein-award-fuer-effiziente-und-vorbildliche-prozesse\/\" \/>\n<meta property=\"og:locale\" content=\"en_US\" \/>\n<meta property=\"og:type\" content=\"article\" \/>\n<meta property=\"og:title\" content=\"Der 13. Swiss Lean Award wurde verliehen\" \/>\n<meta property=\"og:description\" content=\"Im November wurde bereits zum 13. Mal der Swiss Lean Award, die einzige Auszeichnung f\u00fcr Unternehmen in der Schweiz f\u00fcr Spitzenleistungen im Bereich Lean Management vergeben.\" \/>\n<meta property=\"og:url\" content=\"https:\/\/www.organisator.ch\/en\/sustainability\/2023-12-01\/swiss-lean-award-2023-ein-award-fuer-effiziente-und-vorbildliche-prozesse\/\" \/>\n<meta property=\"og:site_name\" content=\"Organisator\" \/>\n<meta property=\"article:publisher\" content=\"https:\/\/www.facebook.com\/OrganisatorFachmagazin\" \/>\n<meta property=\"article:published_time\" content=\"2023-12-01T10:17:23+00:00\" \/>\n<meta property=\"article:modified_time\" content=\"2023-12-01T12:15:49+00:00\" \/>\n<meta property=\"og:image\" content=\"https:\/\/www.organisator.ch\/wp-content\/uploads\/2023\/12\/Swiss-Lean-Award-2023_Bild1_ps.jpg\" \/>\n\t<meta property=\"og:image:width\" content=\"680\" \/>\n\t<meta property=\"og:image:height\" content=\"453\" \/>\n\t<meta property=\"og:image:type\" content=\"image\/jpeg\" \/>\n<meta name=\"author\" content=\"Adelisa Kalajdzini\" \/>\n<meta name=\"twitter:card\" content=\"summary_large_image\" \/>\n<meta name=\"twitter:title\" content=\"Der 13. Swiss Lean Award wurde verliehen\" \/>\n<meta name=\"twitter:description\" content=\"Im November wurde bereits zum 13. Mal der #Swiss Lean Award, die einzige #Auszeichnung f\u00fcr #Unternehmen in der #Schweiz f\u00fcr Spitzenleistungen im Bereich Lean Management vergeben.\" \/>\n<meta name=\"twitter:image\" content=\"https:\/\/www.organisator.ch\/wp-content\/uploads\/2023\/12\/Swiss-Lean-Award-2023_Bild1_ps.jpg\" \/>\n<script type=\"application\/ld+json\" class=\"yoast-schema-graph\">{\"@context\":\"https:\\\/\\\/schema.org\",\"@graph\":[{\"@type\":\"Article\",\"@id\":\"https:\\\/\\\/www.organisator.ch\\\/sustainability\\\/2023-12-01\\\/swiss-lean-award-2023-ein-award-fuer-effiziente-und-vorbildliche-prozesse\\\/#article\",\"isPartOf\":{\"@id\":\"https:\\\/\\\/www.organisator.ch\\\/sustainability\\\/2023-12-01\\\/swiss-lean-award-2023-ein-award-fuer-effiziente-und-vorbildliche-prozesse\\\/\"},\"author\":{\"name\":\"Adelisa Kalajdzini\",\"@id\":\"https:\\\/\\\/www.organisator.ch\\\/#\\\/schema\\\/person\\\/2e1314a2172123f874db408d8911d3f3\"},\"headline\":\"Swiss Lean Award 2023: Ein Award f\u00fcr effiziente und vorbildliche Prozesse\",\"datePublished\":\"2023-12-01T10:17:23+00:00\",\"dateModified\":\"2023-12-01T12:15:49+00:00\",\"mainEntityOfPage\":{\"@id\":\"https:\\\/\\\/www.organisator.ch\\\/sustainability\\\/2023-12-01\\\/swiss-lean-award-2023-ein-award-fuer-effiziente-und-vorbildliche-prozesse\\\/\"},\"wordCount\":307,\"publisher\":{\"@id\":\"https:\\\/\\\/www.organisator.ch\\\/#organization\"},\"image\":{\"@id\":\"https:\\\/\\\/www.organisator.ch\\\/sustainability\\\/2023-12-01\\\/swiss-lean-award-2023-ein-award-fuer-effiziente-und-vorbildliche-prozesse\\\/#primaryimage\"},\"thumbnailUrl\":\"https:\\\/\\\/www.organisator.ch\\\/wp-content\\\/uploads\\\/2023\\\/12\\\/Swiss-Lean-Award-2023_Bild1_ps.jpg\",\"keywords\":[\"Awards\",\"Lean Management\",\"Nachhaltigkeit\",\"Schweiz\",\"Unternehmen\"],\"articleSection\":[\"SUSTAINABILITY\"],\"inLanguage\":\"en-US\"},{\"@type\":\"WebPage\",\"@id\":\"https:\\\/\\\/www.organisator.ch\\\/sustainability\\\/2023-12-01\\\/swiss-lean-award-2023-ein-award-fuer-effiziente-und-vorbildliche-prozesse\\\/\",\"url\":\"https:\\\/\\\/www.organisator.ch\\\/sustainability\\\/2023-12-01\\\/swiss-lean-award-2023-ein-award-fuer-effiziente-und-vorbildliche-prozesse\\\/\",\"name\":\"Swiss Lean Award 2023: Ein Award f\u00fcr effiziente und vorbildliche Prozesse - Organisator\",\"isPartOf\":{\"@id\":\"https:\\\/\\\/www.organisator.ch\\\/#website\"},\"primaryImageOfPage\":{\"@id\":\"https:\\\/\\\/www.organisator.ch\\\/sustainability\\\/2023-12-01\\\/swiss-lean-award-2023-ein-award-fuer-effiziente-und-vorbildliche-prozesse\\\/#primaryimage\"},\"image\":{\"@id\":\"https:\\\/\\\/www.organisator.ch\\\/sustainability\\\/2023-12-01\\\/swiss-lean-award-2023-ein-award-fuer-effiziente-und-vorbildliche-prozesse\\\/#primaryimage\"},\"thumbnailUrl\":\"https:\\\/\\\/www.organisator.ch\\\/wp-content\\\/uploads\\\/2023\\\/12\\\/Swiss-Lean-Award-2023_Bild1_ps.jpg\",\"datePublished\":\"2023-12-01T10:17:23+00:00\",\"dateModified\":\"2023-12-01T12:15:49+00:00\",\"description\":\"Im November wurde bereits zum 13. Mal der Swiss Lean Award, die einzige Auszeichnung f\u00fcr Unternehmen in der Schweiz f\u00fcr Spitzenleistungen im Bereich Lean Management vergeben.\",\"breadcrumb\":{\"@id\":\"https:\\\/\\\/www.organisator.ch\\\/sustainability\\\/2023-12-01\\\/swiss-lean-award-2023-ein-award-fuer-effiziente-und-vorbildliche-prozesse\\\/#breadcrumb\"},\"inLanguage\":\"en-US\",\"potentialAction\":[{\"@type\":\"ReadAction\",\"target\":[\"https:\\\/\\\/www.organisator.ch\\\/sustainability\\\/2023-12-01\\\/swiss-lean-award-2023-ein-award-fuer-effiziente-und-vorbildliche-prozesse\\\/\"]}]},{\"@type\":\"ImageObject\",\"inLanguage\":\"en-US\",\"@id\":\"https:\\\/\\\/www.organisator.ch\\\/sustainability\\\/2023-12-01\\\/swiss-lean-award-2023-ein-award-fuer-effiziente-und-vorbildliche-prozesse\\\/#primaryimage\",\"url\":\"https:\\\/\\\/www.organisator.ch\\\/wp-content\\\/uploads\\\/2023\\\/12\\\/Swiss-Lean-Award-2023_Bild1_ps.jpg\",\"contentUrl\":\"https:\\\/\\\/www.organisator.ch\\\/wp-content\\\/uploads\\\/2023\\\/12\\\/Swiss-Lean-Award-2023_Bild1_ps.jpg\",\"width\":680,\"height\":453,\"caption\":\"Bei der Preisverleihung bei der Gewinnerin des Swiss Lean Awards 2023, Phoenix Mecano Solutions AG mit Sitz in Stein am Rhein (v. l.): Lukas H\u00e4nni, Seyer Ahadi, Markus Walde, Michael Jahn, Stefan Weitz, Romano Verdieri. (Bild: www.leancom.ch)\"},{\"@type\":\"BreadcrumbList\",\"@id\":\"https:\\\/\\\/www.organisator.ch\\\/sustainability\\\/2023-12-01\\\/swiss-lean-award-2023-ein-award-fuer-effiziente-und-vorbildliche-prozesse\\\/#breadcrumb\",\"itemListElement\":[{\"@type\":\"ListItem\",\"position\":1,\"name\":\"Home\",\"item\":\"https:\\\/\\\/www.organisator.ch\\\/\"},{\"@type\":\"ListItem\",\"position\":2,\"name\":\"Swiss Lean Award 2023: Ein Award f\u00fcr effiziente und vorbildliche Prozesse\"}]},{\"@type\":\"WebSite\",\"@id\":\"https:\\\/\\\/www.organisator.ch\\\/#website\",\"url\":\"https:\\\/\\\/www.organisator.ch\\\/\",\"name\":\"Organisator\",\"description\":\"Kompetent. Praxisnah. Der ORGANISATOR bereitet in 10 Ausgaben pro Jahr die wesentlichen Themen f\u00fcr F\u00fchrungskr\u00e4fte von KMU auf.\",\"publisher\":{\"@id\":\"https:\\\/\\\/www.organisator.ch\\\/#organization\"},\"potentialAction\":[{\"@type\":\"SearchAction\",\"target\":{\"@type\":\"EntryPoint\",\"urlTemplate\":\"https:\\\/\\\/www.organisator.ch\\\/?s={search_term_string}\"},\"query-input\":{\"@type\":\"PropertyValueSpecification\",\"valueRequired\":true,\"valueName\":\"search_term_string\"}}],\"inLanguage\":\"en-US\"},{\"@type\":\"Organization\",\"@id\":\"https:\\\/\\\/www.organisator.ch\\\/#organization\",\"name\":\"Organisator\",\"url\":\"https:\\\/\\\/www.organisator.ch\\\/\",\"logo\":{\"@type\":\"ImageObject\",\"inLanguage\":\"en-US\",\"@id\":\"https:\\\/\\\/www.organisator.ch\\\/#\\\/schema\\\/logo\\\/image\\\/\",\"url\":\"https:\\\/\\\/www.organisator.ch\\\/wp-content\\\/uploads\\\/2022\\\/01\\\/Logo_Organisator_Website.png\",\"contentUrl\":\"https:\\\/\\\/www.organisator.ch\\\/wp-content\\\/uploads\\\/2022\\\/01\\\/Logo_Organisator_Website.png\",\"width\":800,\"height\":77,\"caption\":\"Organisator\"},\"image\":{\"@id\":\"https:\\\/\\\/www.organisator.ch\\\/#\\\/schema\\\/logo\\\/image\\\/\"},\"sameAs\":[\"https:\\\/\\\/www.facebook.com\\\/OrganisatorFachmagazin\",\"https:\\\/\\\/www.linkedin.com\\\/showcase\\\/organisator-das-magazin-fr-kmu\",\"https:\\\/\\\/www.xing.com\\\/news\\\/pages\\\/organisator-ch-695\",\"https:\\\/\\\/www.youtube.com\\\/channel\\\/UCGP2Sq0iWaZwT3BdIAQFYpw\"]},{\"@type\":\"Person\",\"@id\":\"https:\\\/\\\/www.organisator.ch\\\/#\\\/schema\\\/person\\\/2e1314a2172123f874db408d8911d3f3\",\"name\":\"Adelisa Kalajdzini\",\"image\":{\"@type\":\"ImageObject\",\"inLanguage\":\"en-US\",\"@id\":\"https:\\\/\\\/secure.gravatar.com\\\/avatar\\\/09a397c22ac58cad6f160ee8306348599df9df58a8ede73696226897b9fa4b24?s=96&d=mm&r=g\",\"url\":\"https:\\\/\\\/secure.gravatar.com\\\/avatar\\\/09a397c22ac58cad6f160ee8306348599df9df58a8ede73696226897b9fa4b24?s=96&d=mm&r=g\",\"contentUrl\":\"https:\\\/\\\/secure.gravatar.com\\\/avatar\\\/09a397c22ac58cad6f160ee8306348599df9df58a8ede73696226897b9fa4b24?s=96&d=mm&r=g\",\"caption\":\"Adelisa Kalajdzini\"},\"url\":\"https:\\\/\\\/www.organisator.ch\\\/en\\\/author\\\/adelisa-kalajdzini\\\/\"}]}<\/script>\n<!-- \/ Yoast SEO plugin. -->","yoast_head_json":{"title":"Swiss Lean Award 2023: An award for efficient and exemplary processes - Organizer","description":"In November, the Swiss Lean Award, the only award for companies in Switzerland for excellence in lean management, was presented for the 13th time.","robots":{"index":"index","follow":"follow","max-snippet":"max-snippet:-1","max-image-preview":"max-image-preview:large","max-video-preview":"max-video-preview:-1"},"canonical":"https:\/\/www.organisator.ch\/en\/sustainability\/2023-12-01\/swiss-lean-award-2023-ein-award-fuer-effiziente-und-vorbildliche-prozesse\/","og_locale":"en_US","og_type":"article","og_title":"Der 13. Swiss Lean Award wurde verliehen","og_description":"Im November wurde bereits zum 13. Mal der Swiss Lean Award, die einzige Auszeichnung f\u00fcr Unternehmen in der Schweiz f\u00fcr Spitzenleistungen im Bereich Lean Management vergeben.","og_url":"https:\/\/www.organisator.ch\/en\/sustainability\/2023-12-01\/swiss-lean-award-2023-ein-award-fuer-effiziente-und-vorbildliche-prozesse\/","og_site_name":"Organisator","article_publisher":"https:\/\/www.facebook.com\/OrganisatorFachmagazin","article_published_time":"2023-12-01T10:17:23+00:00","article_modified_time":"2023-12-01T12:15:49+00:00","og_image":[{"width":680,"height":453,"url":"https:\/\/www.organisator.ch\/wp-content\/uploads\/2023\/12\/Swiss-Lean-Award-2023_Bild1_ps.jpg","type":"image\/jpeg"}],"author":"Adelisa Kalajdzini","twitter_card":"summary_large_image","twitter_title":"Der 13. Swiss Lean Award wurde verliehen","twitter_description":"Im November wurde bereits zum 13. Mal der #Swiss Lean Award, die einzige #Auszeichnung f\u00fcr #Unternehmen in der #Schweiz f\u00fcr Spitzenleistungen im Bereich Lean Management vergeben.","twitter_image":"https:\/\/www.organisator.ch\/wp-content\/uploads\/2023\/12\/Swiss-Lean-Award-2023_Bild1_ps.jpg","schema":{"@context":"https:\/\/schema.org","@graph":[{"@type":"Article","@id":"https:\/\/www.organisator.ch\/sustainability\/2023-12-01\/swiss-lean-award-2023-ein-award-fuer-effiziente-und-vorbildliche-prozesse\/#article","isPartOf":{"@id":"https:\/\/www.organisator.ch\/sustainability\/2023-12-01\/swiss-lean-award-2023-ein-award-fuer-effiziente-und-vorbildliche-prozesse\/"},"author":{"name":"Adelisa Kalajdzini","@id":"https:\/\/www.organisator.ch\/#\/schema\/person\/2e1314a2172123f874db408d8911d3f3"},"headline":"Swiss Lean Award 2023: Ein Award f\u00fcr effiziente und vorbildliche Prozesse","datePublished":"2023-12-01T10:17:23+00:00","dateModified":"2023-12-01T12:15:49+00:00","mainEntityOfPage":{"@id":"https:\/\/www.organisator.ch\/sustainability\/2023-12-01\/swiss-lean-award-2023-ein-award-fuer-effiziente-und-vorbildliche-prozesse\/"},"wordCount":307,"publisher":{"@id":"https:\/\/www.organisator.ch\/#organization"},"image":{"@id":"https:\/\/www.organisator.ch\/sustainability\/2023-12-01\/swiss-lean-award-2023-ein-award-fuer-effiziente-und-vorbildliche-prozesse\/#primaryimage"},"thumbnailUrl":"https:\/\/www.organisator.ch\/wp-content\/uploads\/2023\/12\/Swiss-Lean-Award-2023_Bild1_ps.jpg","keywords":["Awards","Lean Management","Nachhaltigkeit","Schweiz","Unternehmen"],"articleSection":["SUSTAINABILITY"],"inLanguage":"en-US"},{"@type":"WebPage","@id":"https:\/\/www.organisator.ch\/sustainability\/2023-12-01\/swiss-lean-award-2023-ein-award-fuer-effiziente-und-vorbildliche-prozesse\/","url":"https:\/\/www.organisator.ch\/sustainability\/2023-12-01\/swiss-lean-award-2023-ein-award-fuer-effiziente-und-vorbildliche-prozesse\/","name":"Swiss Lean Award 2023: An award for efficient and exemplary processes - Organizer","isPartOf":{"@id":"https:\/\/www.organisator.ch\/#website"},"primaryImageOfPage":{"@id":"https:\/\/www.organisator.ch\/sustainability\/2023-12-01\/swiss-lean-award-2023-ein-award-fuer-effiziente-und-vorbildliche-prozesse\/#primaryimage"},"image":{"@id":"https:\/\/www.organisator.ch\/sustainability\/2023-12-01\/swiss-lean-award-2023-ein-award-fuer-effiziente-und-vorbildliche-prozesse\/#primaryimage"},"thumbnailUrl":"https:\/\/www.organisator.ch\/wp-content\/uploads\/2023\/12\/Swiss-Lean-Award-2023_Bild1_ps.jpg","datePublished":"2023-12-01T10:17:23+00:00","dateModified":"2023-12-01T12:15:49+00:00","description":"In November, the Swiss Lean Award, the only award for companies in Switzerland for excellence in lean management, was presented for the 13th time.","breadcrumb":{"@id":"https:\/\/www.organisator.ch\/sustainability\/2023-12-01\/swiss-lean-award-2023-ein-award-fuer-effiziente-und-vorbildliche-prozesse\/#breadcrumb"},"inLanguage":"en-US","potentialAction":[{"@type":"ReadAction","target":["https:\/\/www.organisator.ch\/sustainability\/2023-12-01\/swiss-lean-award-2023-ein-award-fuer-effiziente-und-vorbildliche-prozesse\/"]}]},{"@type":"ImageObject","inLanguage":"en-US","@id":"https:\/\/www.organisator.ch\/sustainability\/2023-12-01\/swiss-lean-award-2023-ein-award-fuer-effiziente-und-vorbildliche-prozesse\/#primaryimage","url":"https:\/\/www.organisator.ch\/wp-content\/uploads\/2023\/12\/Swiss-Lean-Award-2023_Bild1_ps.jpg","contentUrl":"https:\/\/www.organisator.ch\/wp-content\/uploads\/2023\/12\/Swiss-Lean-Award-2023_Bild1_ps.jpg","width":680,"height":453,"caption":"Bei der Preisverleihung bei der Gewinnerin des Swiss Lean Awards 2023, Phoenix Mecano Solutions AG mit Sitz in Stein am Rhein (v. l.): Lukas H\u00e4nni, Seyer Ahadi, Markus Walde, Michael Jahn, Stefan Weitz, Romano Verdieri. (Bild: www.leancom.ch)"},{"@type":"BreadcrumbList","@id":"https:\/\/www.organisator.ch\/sustainability\/2023-12-01\/swiss-lean-award-2023-ein-award-fuer-effiziente-und-vorbildliche-prozesse\/#breadcrumb","itemListElement":[{"@type":"ListItem","position":1,"name":"Home","item":"https:\/\/www.organisator.ch\/"},{"@type":"ListItem","position":2,"name":"Swiss Lean Award 2023: Ein Award f\u00fcr effiziente und vorbildliche Prozesse"}]},{"@type":"WebSite","@id":"https:\/\/www.organisator.ch\/#website","url":"https:\/\/www.organisator.ch\/","name":"Organizer","description":"Competent. Practical. In 10 issues per year, ORGANISATOR presents the essential topics for managers of SMEs.","publisher":{"@id":"https:\/\/www.organisator.ch\/#organization"},"potentialAction":[{"@type":"SearchAction","target":{"@type":"EntryPoint","urlTemplate":"https:\/\/www.organisator.ch\/?s={search_term_string}"},"query-input":{"@type":"PropertyValueSpecification","valueRequired":true,"valueName":"search_term_string"}}],"inLanguage":"en-US"},{"@type":"Organization","@id":"https:\/\/www.organisator.ch\/#organization","name":"Organizer","url":"https:\/\/www.organisator.ch\/","logo":{"@type":"ImageObject","inLanguage":"en-US","@id":"https:\/\/www.organisator.ch\/#\/schema\/logo\/image\/","url":"https:\/\/www.organisator.ch\/wp-content\/uploads\/2022\/01\/Logo_Organisator_Website.png","contentUrl":"https:\/\/www.organisator.ch\/wp-content\/uploads\/2022\/01\/Logo_Organisator_Website.png","width":800,"height":77,"caption":"Organisator"},"image":{"@id":"https:\/\/www.organisator.ch\/#\/schema\/logo\/image\/"},"sameAs":["https:\/\/www.facebook.com\/OrganisatorFachmagazin","https:\/\/www.linkedin.com\/showcase\/organisator-das-magazin-fr-kmu","https:\/\/www.xing.com\/news\/pages\/organisator-ch-695","https:\/\/www.youtube.com\/channel\/UCGP2Sq0iWaZwT3BdIAQFYpw"]},{"@type":"Person","@id":"https:\/\/www.organisator.ch\/#\/schema\/person\/2e1314a2172123f874db408d8911d3f3","name":"Adelisa Kalajdzini","image":{"@type":"ImageObject","inLanguage":"en-US","@id":"https:\/\/secure.gravatar.com\/avatar\/09a397c22ac58cad6f160ee8306348599df9df58a8ede73696226897b9fa4b24?s=96&d=mm&r=g","url":"https:\/\/secure.gravatar.com\/avatar\/09a397c22ac58cad6f160ee8306348599df9df58a8ede73696226897b9fa4b24?s=96&d=mm&r=g","contentUrl":"https:\/\/secure.gravatar.com\/avatar\/09a397c22ac58cad6f160ee8306348599df9df58a8ede73696226897b9fa4b24?s=96&d=mm&r=g","caption":"Adelisa Kalajdzini"},"url":"https:\/\/www.organisator.ch\/en\/author\/adelisa-kalajdzini\/"}]}},"_links":{"self":[{"href":"https:\/\/www.organisator.ch\/en\/wp-json\/wp\/v2\/posts\/23645","targetHints":{"allow":["GET"]}}],"collection":[{"href":"https:\/\/www.organisator.ch\/en\/wp-json\/wp\/v2\/posts"}],"about":[{"href":"https:\/\/www.organisator.ch\/en\/wp-json\/wp\/v2\/types\/post"}],"author":[{"embeddable":true,"href":"https:\/\/www.organisator.ch\/en\/wp-json\/wp\/v2\/users\/58"}],"replies":[{"embeddable":true,"href":"https:\/\/www.organisator.ch\/en\/wp-json\/wp\/v2\/comments?post=23645"}],"version-history":[{"count":7,"href":"https:\/\/www.organisator.ch\/en\/wp-json\/wp\/v2\/posts\/23645\/revisions"}],"predecessor-version":[{"id":23659,"href":"https:\/\/www.organisator.ch\/en\/wp-json\/wp\/v2\/posts\/23645\/revisions\/23659"}],"wp:featuredmedia":[{"embeddable":true,"href":"https:\/\/www.organisator.ch\/en\/wp-json\/wp\/v2\/media\/23646"}],"wp:attachment":[{"href":"https:\/\/www.organisator.ch\/en\/wp-json\/wp\/v2\/media?parent=23645"}],"wp:term":[{"taxonomy":"category","embeddable":true,"href":"https:\/\/www.organisator.ch\/en\/wp-json\/wp\/v2\/categories?post=23645"},{"taxonomy":"post_tag","embeddable":true,"href":"https:\/\/www.organisator.ch\/en\/wp-json\/wp\/v2\/tags?post=23645"}],"curies":[{"name":"wp","href":"https:\/\/api.w.org\/{rel}","templated":true}]}}