{"id":23690,"date":"2023-12-04T09:18:10","date_gmt":"2023-12-04T08:18:10","guid":{"rendered":"https:\/\/www.organisator.ch\/?p=23690"},"modified":"2023-12-13T11:35:02","modified_gmt":"2023-12-13T10:35:02","slug":"digitale-wettbewerbsfaehigkeit-die-schweiz-bleibt-auf-platz-5","status":"publish","type":"post","link":"https:\/\/www.organisator.ch\/en\/operational-excellence\/2023-12-04\/digitale-wettbewerbsfaehigkeit-die-schweiz-bleibt-auf-platz-5\/","title":{"rendered":"Digital competitiveness: Switzerland remains in 5th place"},"content":{"rendered":"<figure id=\"attachment_23694\" aria-describedby=\"caption-attachment-23694\" style=\"width: 680px\" class=\"wp-caption alignnone\"><img loading=\"lazy\" decoding=\"async\" class=\"size-full wp-image-23694\" src=\"https:\/\/www.organisator.ch\/wp-content\/uploads\/2023\/12\/Digitale_Bild1_ps.jpg\" alt=\"\" width=\"680\" height=\"453\" srcset=\"https:\/\/www.organisator.ch\/wp-content\/uploads\/2023\/12\/Digitale_Bild1_ps.jpg 680w, https:\/\/www.organisator.ch\/wp-content\/uploads\/2023\/12\/Digitale_Bild1_ps-18x12.jpg 18w, https:\/\/www.organisator.ch\/wp-content\/uploads\/2023\/12\/Digitale_Bild1_ps-375x250.jpg 375w, https:\/\/www.organisator.ch\/wp-content\/uploads\/2023\/12\/Digitale_Bild1_ps-525x350.jpg 525w\" sizes=\"auto, (max-width: 680px) 100vw, 680px\" \/><figcaption id=\"caption-attachment-23694\" class=\"wp-caption-text\">World ranking on \"Digital Competitiveness\": Switzerland secures 5th place out of 64 countries surveyed for the second time in a row. (Image: www.pixabay.com)<\/figcaption><\/figure>\n<p>After being overtaken by Denmark in 2022, the USA is back at the top of the rankings in 2023. Denmark, on the other hand, dropped three places to 4th place. The Netherlands climbed to second place (from 6th place), while Singapore improved by one place (3rd place).<\/p>\n<h3><strong>Switzerland is making progress<\/strong><\/h3>\n<p>The world ranking on \"Digital Competitiveness\" assesses an economy's ability and willingness to use and explore digital technologies as a key driver of economic change in business, government and society in general. The researchers assess digital competitiveness based on three main categories or factors: Knowledge, Future Readiness and Technology. Switzerland's solid position in the ranking is due to its excellent score in the knowledge factor. The World Competitiveness Center defines this as \"the necessary know-how to discover, understand and develop new technologies\". In the other two categories, Switzerland was able to improve slightly compared to the previous year, although there is still potential.<\/p>\n<h3><strong>Top rank in knowledge<\/strong><\/h3>\n<p>Switzerland ranks in the top 10 in all sub-categories in the area of knowledge, especially in terms of talent, where it takes second place. The international experience of the workforce and the proportion of highly qualified talent from third countries contribute to this ranking. In terms of scientific concentration, Switzerland is now in 10th place (2022: 8th place) and in the area of education and training in 7th place (2022: 8th place). In the area of technology, Switzerland rises to 10th place (2022: 12th place). This is mainly due to improvements in the regulatory framework - Switzerland ranks 4th in this sub-factor (2022: 8th place).<\/p>\n<p>\"For many years, digitalswitzerland's mission has been to transform Switzerland into a leading digital nation. The population's attitude towards technology is a crucial component in this regard. We want to sensitize and encourage the population to embrace and use digital innovations. A focus on education and training, especially in the area of digital skills, is crucial. This should - more than ever - start at a young age in order to create a broad basis of digital skills,\" says Marc Walder, founder of digitalswitzerland.<\/p>\n<h3><strong>Switzerland's pent-up demand and missed opportunities<\/strong><\/h3>\n<p>According to the report, there is also great potential for improvement in the population's attitude towards technology. Switzerland ranks 16th here. Prof. Arturo Bris, Director of IMD's World Competitiveness Center, explains: \"Switzerland rejected the e-ID law; the use of the COVID online application was very low; concerns about data protection are high; and digital banking is not as developed as in many other countries. This reflects Switzerland's culture of technology adoption at an individual level, which is much lower than in other<\/p>\n<p>countries, even though Switzerland has an excellent digital infrastructure, solid regulation and digital talent, and companies are also very agile when it comes to implementing digital transformation.\"<\/p>\n<p>Switzerland also needs to improve in the categories of cybersecurity (20th place) and state cybersecurity capacities (28th place): In the wake of the pandemic, the use of digital technologies increased, but a similar improvement in the area of cybersecurity could not be observed. This is particularly dangerous in view of the ever-increasing number of cyberattacks on companies and private individuals.<\/p>\n<p>\"We really are at a crossroads when it comes to the acceptance of technology. In the case of Switzerland, I find the poor provision of e-government and e-participation particularly worrying. It's time we tackled this issue at the highest level,\" says Sascha Zahnd, President of digitalswitzerland.<\/p>\n<h3><strong>Generative AI defines the competitiveness index of companies and therefore <\/strong><strong>of countries new<\/strong><\/h3>\n<p>Further insights were provided by a panel discussion at the \"World Digital Competitiveness Forum\", which was hosted by digitalswitzerland, IMD and EPFL on November 30. The guests discussed the following questions: \"Do the latest disruptive digital technologies such as generative AI signal a quantum leap in the field of further education? What impact will this have on the world of work - and consequently on each and every one of us?\"<\/p>\n<p>\"Partnerships like this one between digitalswitzerland, EPFL and IMD will lead us successfully into the era of generative AI. The next step in this partnership is a comprehensive white paper on the state of Gen AI in Switzerland, which will be published next week. We are only at the beginning in terms of collecting data and are just starting to understand what lies ahead\" - with these words, Sarah Toms, Chief Learning Innovation Officer at IMD, bids farewell to the participants of the World Digital Competitiveness Forum.<\/p>\n<p><em>Source: <a href=\"https:\/\/digitalswitzerland.com\/de\/\">www.digitalswitzerland.com\u00a0<\/a><\/em><\/p>","protected":false},"excerpt":{"rendered":"<p>The Institute for Management Development in Lausanne (IMD) published its global ranking of \"Digital Competitiveness\" last week. Switzerland secured 5th place out of 64 countries surveyed for the second time in a row. The results for Switzerland were explained in more detail on November 30 at the World Digital Competitiveness Forum 2023, which was organized by digitalswitzerland, IMD and EPFL at EPFL's SwissTech Convention Center. <\/p>","protected":false},"author":58,"featured_media":23694,"comment_status":"closed","ping_status":"closed","sticky":false,"template":"","format":"standard","meta":{"_acf_changed":false,"_yoast_wpseo_focuskw":"Schweiz","_yoast_wpseo_metadesc":"Das Institute for Management Development (IMD), ver\u00f6ffentlichte letzte Woche seine Weltrangliste zur \u201cDigitalen Wettbewerbsf\u00e4higkeit\u201d.","articlekey":"","footnotes":""},"categories":[582],"tags":[156,319,424,492,522],"class_list":["post-23690","post","type-post","status-publish","format-standard","has-post-thumbnail","hentry","category-operational-excellence","tag-digitalisierung","tag-kuenstliche-intelligenz","tag-schweiz","tag-unternehmen","tag-wettbewerb"],"acf":[],"yoast_head":"<!-- This site is optimized with the Yoast SEO plugin v27.5 - https:\/\/yoast.com\/product\/yoast-seo-wordpress\/ -->\n<title>Digitale Wettbewerbsf\u00e4higkeit: Die Schweiz bleibt auf Platz 5 - Organisator<\/title>\n<meta name=\"description\" content=\"Das Institute for Management Development (IMD), ver\u00f6ffentlichte letzte Woche seine Weltrangliste zur \u201cDigitalen Wettbewerbsf\u00e4higkeit\u201d.\" \/>\n<meta name=\"robots\" content=\"index, follow, max-snippet:-1, max-image-preview:large, max-video-preview:-1\" \/>\n<link rel=\"canonical\" href=\"https:\/\/www.organisator.ch\/en\/operational-excellence\/2023-12-04\/digitale-wettbewerbsfaehigkeit-die-schweiz-bleibt-auf-platz-5\/\" \/>\n<meta property=\"og:locale\" content=\"en_US\" \/>\n<meta property=\"og:type\" content=\"article\" \/>\n<meta property=\"og:title\" content=\"Digitale Wettbewerbsf\u00e4higkeit: Die Schweiz bleibt auf Platz 5\" \/>\n<meta property=\"og:description\" content=\"Das Institute for Management Development (IMD), ver\u00f6ffentlichte letzte Woche seine Weltrangliste zur \u201cDigitalen Wettbewerbsf\u00e4higkeit\u201d.\" \/>\n<meta property=\"og:url\" content=\"https:\/\/www.organisator.ch\/en\/operational-excellence\/2023-12-04\/digitale-wettbewerbsfaehigkeit-die-schweiz-bleibt-auf-platz-5\/\" \/>\n<meta property=\"og:site_name\" content=\"Organisator\" \/>\n<meta property=\"article:publisher\" content=\"https:\/\/www.facebook.com\/OrganisatorFachmagazin\" \/>\n<meta property=\"article:published_time\" content=\"2023-12-04T08:18:10+00:00\" \/>\n<meta property=\"article:modified_time\" content=\"2023-12-13T10:35:02+00:00\" \/>\n<meta property=\"og:image\" content=\"https:\/\/www.organisator.ch\/wp-content\/uploads\/2023\/12\/Digitale_Bild1_ps.jpg\" \/>\n\t<meta property=\"og:image:width\" content=\"680\" \/>\n\t<meta property=\"og:image:height\" content=\"453\" \/>\n\t<meta property=\"og:image:type\" content=\"image\/jpeg\" \/>\n<meta name=\"author\" content=\"Adelisa Kalajdzini\" \/>\n<meta name=\"twitter:card\" content=\"summary_large_image\" \/>\n<meta name=\"twitter:title\" content=\"Digitale Wettbewerbsf\u00e4higkeit: Die Schweiz bleibt auf Platz 5\" \/>\n<meta name=\"twitter:description\" content=\"Das Institute for Management Development #(IMD), ver\u00f6ffentlichte letzte Woche seine #Weltrangliste zur #\u201cDigitalen Wettbewerbsf\u00e4higkeit\u201d.\" \/>\n<meta name=\"twitter:image\" content=\"https:\/\/www.organisator.ch\/wp-content\/uploads\/2023\/12\/Digitale_Bild1_ps.jpg\" \/>\n<script type=\"application\/ld+json\" class=\"yoast-schema-graph\">{\"@context\":\"https:\\\/\\\/schema.org\",\"@graph\":[{\"@type\":\"Article\",\"@id\":\"https:\\\/\\\/www.organisator.ch\\\/operational-excellence\\\/2023-12-04\\\/digitale-wettbewerbsfaehigkeit-die-schweiz-bleibt-auf-platz-5\\\/#article\",\"isPartOf\":{\"@id\":\"https:\\\/\\\/www.organisator.ch\\\/operational-excellence\\\/2023-12-04\\\/digitale-wettbewerbsfaehigkeit-die-schweiz-bleibt-auf-platz-5\\\/\"},\"author\":{\"name\":\"Adelisa Kalajdzini\",\"@id\":\"https:\\\/\\\/www.organisator.ch\\\/#\\\/schema\\\/person\\\/2e1314a2172123f874db408d8911d3f3\"},\"headline\":\"Digitale Wettbewerbsf\u00e4higkeit: Die Schweiz bleibt auf Platz 5\",\"datePublished\":\"2023-12-04T08:18:10+00:00\",\"dateModified\":\"2023-12-13T10:35:02+00:00\",\"mainEntityOfPage\":{\"@id\":\"https:\\\/\\\/www.organisator.ch\\\/operational-excellence\\\/2023-12-04\\\/digitale-wettbewerbsfaehigkeit-die-schweiz-bleibt-auf-platz-5\\\/\"},\"wordCount\":779,\"publisher\":{\"@id\":\"https:\\\/\\\/www.organisator.ch\\\/#organization\"},\"image\":{\"@id\":\"https:\\\/\\\/www.organisator.ch\\\/operational-excellence\\\/2023-12-04\\\/digitale-wettbewerbsfaehigkeit-die-schweiz-bleibt-auf-platz-5\\\/#primaryimage\"},\"thumbnailUrl\":\"https:\\\/\\\/www.organisator.ch\\\/wp-content\\\/uploads\\\/2023\\\/12\\\/Digitale_Bild1_ps.jpg\",\"keywords\":[\"Digitalisierung\",\"K\u00fcnstliche Intelligenz\",\"Schweiz\",\"Unternehmen\",\"Wettbewerb\"],\"articleSection\":[\"OPERATIONAL EXCELLENCE\"],\"inLanguage\":\"en-US\"},{\"@type\":\"WebPage\",\"@id\":\"https:\\\/\\\/www.organisator.ch\\\/operational-excellence\\\/2023-12-04\\\/digitale-wettbewerbsfaehigkeit-die-schweiz-bleibt-auf-platz-5\\\/\",\"url\":\"https:\\\/\\\/www.organisator.ch\\\/operational-excellence\\\/2023-12-04\\\/digitale-wettbewerbsfaehigkeit-die-schweiz-bleibt-auf-platz-5\\\/\",\"name\":\"Digitale Wettbewerbsf\u00e4higkeit: Die Schweiz bleibt auf Platz 5 - Organisator\",\"isPartOf\":{\"@id\":\"https:\\\/\\\/www.organisator.ch\\\/#website\"},\"primaryImageOfPage\":{\"@id\":\"https:\\\/\\\/www.organisator.ch\\\/operational-excellence\\\/2023-12-04\\\/digitale-wettbewerbsfaehigkeit-die-schweiz-bleibt-auf-platz-5\\\/#primaryimage\"},\"image\":{\"@id\":\"https:\\\/\\\/www.organisator.ch\\\/operational-excellence\\\/2023-12-04\\\/digitale-wettbewerbsfaehigkeit-die-schweiz-bleibt-auf-platz-5\\\/#primaryimage\"},\"thumbnailUrl\":\"https:\\\/\\\/www.organisator.ch\\\/wp-content\\\/uploads\\\/2023\\\/12\\\/Digitale_Bild1_ps.jpg\",\"datePublished\":\"2023-12-04T08:18:10+00:00\",\"dateModified\":\"2023-12-13T10:35:02+00:00\",\"description\":\"Das Institute for Management Development (IMD), ver\u00f6ffentlichte letzte Woche seine Weltrangliste zur \u201cDigitalen Wettbewerbsf\u00e4higkeit\u201d.\",\"breadcrumb\":{\"@id\":\"https:\\\/\\\/www.organisator.ch\\\/operational-excellence\\\/2023-12-04\\\/digitale-wettbewerbsfaehigkeit-die-schweiz-bleibt-auf-platz-5\\\/#breadcrumb\"},\"inLanguage\":\"en-US\",\"potentialAction\":[{\"@type\":\"ReadAction\",\"target\":[\"https:\\\/\\\/www.organisator.ch\\\/operational-excellence\\\/2023-12-04\\\/digitale-wettbewerbsfaehigkeit-die-schweiz-bleibt-auf-platz-5\\\/\"]}]},{\"@type\":\"ImageObject\",\"inLanguage\":\"en-US\",\"@id\":\"https:\\\/\\\/www.organisator.ch\\\/operational-excellence\\\/2023-12-04\\\/digitale-wettbewerbsfaehigkeit-die-schweiz-bleibt-auf-platz-5\\\/#primaryimage\",\"url\":\"https:\\\/\\\/www.organisator.ch\\\/wp-content\\\/uploads\\\/2023\\\/12\\\/Digitale_Bild1_ps.jpg\",\"contentUrl\":\"https:\\\/\\\/www.organisator.ch\\\/wp-content\\\/uploads\\\/2023\\\/12\\\/Digitale_Bild1_ps.jpg\",\"width\":680,\"height\":453,\"caption\":\"Weltrangliste zur \u201cDigitalen Wettbewerbsf\u00e4higkeit\u201d: Die Schweiz sichert sich zum zweiten Mal in Folge Platz 5 von 64 untersuchten L\u00e4ndern. (Bild: www.pixabay.com)\"},{\"@type\":\"BreadcrumbList\",\"@id\":\"https:\\\/\\\/www.organisator.ch\\\/operational-excellence\\\/2023-12-04\\\/digitale-wettbewerbsfaehigkeit-die-schweiz-bleibt-auf-platz-5\\\/#breadcrumb\",\"itemListElement\":[{\"@type\":\"ListItem\",\"position\":1,\"name\":\"Home\",\"item\":\"https:\\\/\\\/www.organisator.ch\\\/\"},{\"@type\":\"ListItem\",\"position\":2,\"name\":\"Digitale Wettbewerbsf\u00e4higkeit: Die Schweiz bleibt auf Platz 5\"}]},{\"@type\":\"WebSite\",\"@id\":\"https:\\\/\\\/www.organisator.ch\\\/#website\",\"url\":\"https:\\\/\\\/www.organisator.ch\\\/\",\"name\":\"Organisator\",\"description\":\"Kompetent. Praxisnah. Der ORGANISATOR bereitet in 10 Ausgaben pro Jahr die wesentlichen Themen f\u00fcr F\u00fchrungskr\u00e4fte von KMU auf.\",\"publisher\":{\"@id\":\"https:\\\/\\\/www.organisator.ch\\\/#organization\"},\"potentialAction\":[{\"@type\":\"SearchAction\",\"target\":{\"@type\":\"EntryPoint\",\"urlTemplate\":\"https:\\\/\\\/www.organisator.ch\\\/?s={search_term_string}\"},\"query-input\":{\"@type\":\"PropertyValueSpecification\",\"valueRequired\":true,\"valueName\":\"search_term_string\"}}],\"inLanguage\":\"en-US\"},{\"@type\":\"Organization\",\"@id\":\"https:\\\/\\\/www.organisator.ch\\\/#organization\",\"name\":\"Organisator\",\"url\":\"https:\\\/\\\/www.organisator.ch\\\/\",\"logo\":{\"@type\":\"ImageObject\",\"inLanguage\":\"en-US\",\"@id\":\"https:\\\/\\\/www.organisator.ch\\\/#\\\/schema\\\/logo\\\/image\\\/\",\"url\":\"https:\\\/\\\/www.organisator.ch\\\/wp-content\\\/uploads\\\/2022\\\/01\\\/Logo_Organisator_Website.png\",\"contentUrl\":\"https:\\\/\\\/www.organisator.ch\\\/wp-content\\\/uploads\\\/2022\\\/01\\\/Logo_Organisator_Website.png\",\"width\":800,\"height\":77,\"caption\":\"Organisator\"},\"image\":{\"@id\":\"https:\\\/\\\/www.organisator.ch\\\/#\\\/schema\\\/logo\\\/image\\\/\"},\"sameAs\":[\"https:\\\/\\\/www.facebook.com\\\/OrganisatorFachmagazin\",\"https:\\\/\\\/www.linkedin.com\\\/showcase\\\/organisator-das-magazin-fr-kmu\",\"https:\\\/\\\/www.xing.com\\\/news\\\/pages\\\/organisator-ch-695\",\"https:\\\/\\\/www.youtube.com\\\/channel\\\/UCGP2Sq0iWaZwT3BdIAQFYpw\"]},{\"@type\":\"Person\",\"@id\":\"https:\\\/\\\/www.organisator.ch\\\/#\\\/schema\\\/person\\\/2e1314a2172123f874db408d8911d3f3\",\"name\":\"Adelisa Kalajdzini\",\"image\":{\"@type\":\"ImageObject\",\"inLanguage\":\"en-US\",\"@id\":\"https:\\\/\\\/secure.gravatar.com\\\/avatar\\\/09a397c22ac58cad6f160ee8306348599df9df58a8ede73696226897b9fa4b24?s=96&d=mm&r=g\",\"url\":\"https:\\\/\\\/secure.gravatar.com\\\/avatar\\\/09a397c22ac58cad6f160ee8306348599df9df58a8ede73696226897b9fa4b24?s=96&d=mm&r=g\",\"contentUrl\":\"https:\\\/\\\/secure.gravatar.com\\\/avatar\\\/09a397c22ac58cad6f160ee8306348599df9df58a8ede73696226897b9fa4b24?s=96&d=mm&r=g\",\"caption\":\"Adelisa Kalajdzini\"},\"url\":\"https:\\\/\\\/www.organisator.ch\\\/en\\\/author\\\/adelisa-kalajdzini\\\/\"}]}<\/script>\n<!-- \/ Yoast SEO plugin. -->","yoast_head_json":{"title":"Digital competitiveness: Switzerland remains in 5th place - Organizer","description":"The Institute for Management Development (IMD) published its global ranking of \"Digital Competitiveness\" last week.","robots":{"index":"index","follow":"follow","max-snippet":"max-snippet:-1","max-image-preview":"max-image-preview:large","max-video-preview":"max-video-preview:-1"},"canonical":"https:\/\/www.organisator.ch\/en\/operational-excellence\/2023-12-04\/digitale-wettbewerbsfaehigkeit-die-schweiz-bleibt-auf-platz-5\/","og_locale":"en_US","og_type":"article","og_title":"Digitale Wettbewerbsf\u00e4higkeit: Die Schweiz bleibt auf Platz 5","og_description":"Das Institute for Management Development (IMD), ver\u00f6ffentlichte letzte Woche seine Weltrangliste zur \u201cDigitalen Wettbewerbsf\u00e4higkeit\u201d.","og_url":"https:\/\/www.organisator.ch\/en\/operational-excellence\/2023-12-04\/digitale-wettbewerbsfaehigkeit-die-schweiz-bleibt-auf-platz-5\/","og_site_name":"Organisator","article_publisher":"https:\/\/www.facebook.com\/OrganisatorFachmagazin","article_published_time":"2023-12-04T08:18:10+00:00","article_modified_time":"2023-12-13T10:35:02+00:00","og_image":[{"width":680,"height":453,"url":"https:\/\/www.organisator.ch\/wp-content\/uploads\/2023\/12\/Digitale_Bild1_ps.jpg","type":"image\/jpeg"}],"author":"Adelisa Kalajdzini","twitter_card":"summary_large_image","twitter_title":"Digitale Wettbewerbsf\u00e4higkeit: Die Schweiz bleibt auf Platz 5","twitter_description":"Das Institute for Management Development #(IMD), ver\u00f6ffentlichte letzte Woche seine #Weltrangliste zur #\u201cDigitalen Wettbewerbsf\u00e4higkeit\u201d.","twitter_image":"https:\/\/www.organisator.ch\/wp-content\/uploads\/2023\/12\/Digitale_Bild1_ps.jpg","schema":{"@context":"https:\/\/schema.org","@graph":[{"@type":"Article","@id":"https:\/\/www.organisator.ch\/operational-excellence\/2023-12-04\/digitale-wettbewerbsfaehigkeit-die-schweiz-bleibt-auf-platz-5\/#article","isPartOf":{"@id":"https:\/\/www.organisator.ch\/operational-excellence\/2023-12-04\/digitale-wettbewerbsfaehigkeit-die-schweiz-bleibt-auf-platz-5\/"},"author":{"name":"Adelisa Kalajdzini","@id":"https:\/\/www.organisator.ch\/#\/schema\/person\/2e1314a2172123f874db408d8911d3f3"},"headline":"Digitale Wettbewerbsf\u00e4higkeit: Die Schweiz bleibt auf Platz 5","datePublished":"2023-12-04T08:18:10+00:00","dateModified":"2023-12-13T10:35:02+00:00","mainEntityOfPage":{"@id":"https:\/\/www.organisator.ch\/operational-excellence\/2023-12-04\/digitale-wettbewerbsfaehigkeit-die-schweiz-bleibt-auf-platz-5\/"},"wordCount":779,"publisher":{"@id":"https:\/\/www.organisator.ch\/#organization"},"image":{"@id":"https:\/\/www.organisator.ch\/operational-excellence\/2023-12-04\/digitale-wettbewerbsfaehigkeit-die-schweiz-bleibt-auf-platz-5\/#primaryimage"},"thumbnailUrl":"https:\/\/www.organisator.ch\/wp-content\/uploads\/2023\/12\/Digitale_Bild1_ps.jpg","keywords":["Digitalisierung","K\u00fcnstliche Intelligenz","Schweiz","Unternehmen","Wettbewerb"],"articleSection":["OPERATIONAL EXCELLENCE"],"inLanguage":"en-US"},{"@type":"WebPage","@id":"https:\/\/www.organisator.ch\/operational-excellence\/2023-12-04\/digitale-wettbewerbsfaehigkeit-die-schweiz-bleibt-auf-platz-5\/","url":"https:\/\/www.organisator.ch\/operational-excellence\/2023-12-04\/digitale-wettbewerbsfaehigkeit-die-schweiz-bleibt-auf-platz-5\/","name":"Digital competitiveness: Switzerland remains in 5th place - Organizer","isPartOf":{"@id":"https:\/\/www.organisator.ch\/#website"},"primaryImageOfPage":{"@id":"https:\/\/www.organisator.ch\/operational-excellence\/2023-12-04\/digitale-wettbewerbsfaehigkeit-die-schweiz-bleibt-auf-platz-5\/#primaryimage"},"image":{"@id":"https:\/\/www.organisator.ch\/operational-excellence\/2023-12-04\/digitale-wettbewerbsfaehigkeit-die-schweiz-bleibt-auf-platz-5\/#primaryimage"},"thumbnailUrl":"https:\/\/www.organisator.ch\/wp-content\/uploads\/2023\/12\/Digitale_Bild1_ps.jpg","datePublished":"2023-12-04T08:18:10+00:00","dateModified":"2023-12-13T10:35:02+00:00","description":"The Institute for Management Development (IMD) published its global ranking of \"Digital Competitiveness\" last week.","breadcrumb":{"@id":"https:\/\/www.organisator.ch\/operational-excellence\/2023-12-04\/digitale-wettbewerbsfaehigkeit-die-schweiz-bleibt-auf-platz-5\/#breadcrumb"},"inLanguage":"en-US","potentialAction":[{"@type":"ReadAction","target":["https:\/\/www.organisator.ch\/operational-excellence\/2023-12-04\/digitale-wettbewerbsfaehigkeit-die-schweiz-bleibt-auf-platz-5\/"]}]},{"@type":"ImageObject","inLanguage":"en-US","@id":"https:\/\/www.organisator.ch\/operational-excellence\/2023-12-04\/digitale-wettbewerbsfaehigkeit-die-schweiz-bleibt-auf-platz-5\/#primaryimage","url":"https:\/\/www.organisator.ch\/wp-content\/uploads\/2023\/12\/Digitale_Bild1_ps.jpg","contentUrl":"https:\/\/www.organisator.ch\/wp-content\/uploads\/2023\/12\/Digitale_Bild1_ps.jpg","width":680,"height":453,"caption":"Weltrangliste zur \u201cDigitalen Wettbewerbsf\u00e4higkeit\u201d: Die Schweiz sichert sich zum zweiten Mal in Folge Platz 5 von 64 untersuchten L\u00e4ndern. (Bild: www.pixabay.com)"},{"@type":"BreadcrumbList","@id":"https:\/\/www.organisator.ch\/operational-excellence\/2023-12-04\/digitale-wettbewerbsfaehigkeit-die-schweiz-bleibt-auf-platz-5\/#breadcrumb","itemListElement":[{"@type":"ListItem","position":1,"name":"Home","item":"https:\/\/www.organisator.ch\/"},{"@type":"ListItem","position":2,"name":"Digitale Wettbewerbsf\u00e4higkeit: Die Schweiz bleibt auf Platz 5"}]},{"@type":"WebSite","@id":"https:\/\/www.organisator.ch\/#website","url":"https:\/\/www.organisator.ch\/","name":"Organizer","description":"Competent. Practical. In 10 issues per year, ORGANISATOR presents the essential topics for managers of SMEs.","publisher":{"@id":"https:\/\/www.organisator.ch\/#organization"},"potentialAction":[{"@type":"SearchAction","target":{"@type":"EntryPoint","urlTemplate":"https:\/\/www.organisator.ch\/?s={search_term_string}"},"query-input":{"@type":"PropertyValueSpecification","valueRequired":true,"valueName":"search_term_string"}}],"inLanguage":"en-US"},{"@type":"Organization","@id":"https:\/\/www.organisator.ch\/#organization","name":"Organizer","url":"https:\/\/www.organisator.ch\/","logo":{"@type":"ImageObject","inLanguage":"en-US","@id":"https:\/\/www.organisator.ch\/#\/schema\/logo\/image\/","url":"https:\/\/www.organisator.ch\/wp-content\/uploads\/2022\/01\/Logo_Organisator_Website.png","contentUrl":"https:\/\/www.organisator.ch\/wp-content\/uploads\/2022\/01\/Logo_Organisator_Website.png","width":800,"height":77,"caption":"Organisator"},"image":{"@id":"https:\/\/www.organisator.ch\/#\/schema\/logo\/image\/"},"sameAs":["https:\/\/www.facebook.com\/OrganisatorFachmagazin","https:\/\/www.linkedin.com\/showcase\/organisator-das-magazin-fr-kmu","https:\/\/www.xing.com\/news\/pages\/organisator-ch-695","https:\/\/www.youtube.com\/channel\/UCGP2Sq0iWaZwT3BdIAQFYpw"]},{"@type":"Person","@id":"https:\/\/www.organisator.ch\/#\/schema\/person\/2e1314a2172123f874db408d8911d3f3","name":"Adelisa Kalajdzini","image":{"@type":"ImageObject","inLanguage":"en-US","@id":"https:\/\/secure.gravatar.com\/avatar\/09a397c22ac58cad6f160ee8306348599df9df58a8ede73696226897b9fa4b24?s=96&d=mm&r=g","url":"https:\/\/secure.gravatar.com\/avatar\/09a397c22ac58cad6f160ee8306348599df9df58a8ede73696226897b9fa4b24?s=96&d=mm&r=g","contentUrl":"https:\/\/secure.gravatar.com\/avatar\/09a397c22ac58cad6f160ee8306348599df9df58a8ede73696226897b9fa4b24?s=96&d=mm&r=g","caption":"Adelisa Kalajdzini"},"url":"https:\/\/www.organisator.ch\/en\/author\/adelisa-kalajdzini\/"}]}},"_links":{"self":[{"href":"https:\/\/www.organisator.ch\/en\/wp-json\/wp\/v2\/posts\/23690","targetHints":{"allow":["GET"]}}],"collection":[{"href":"https:\/\/www.organisator.ch\/en\/wp-json\/wp\/v2\/posts"}],"about":[{"href":"https:\/\/www.organisator.ch\/en\/wp-json\/wp\/v2\/types\/post"}],"author":[{"embeddable":true,"href":"https:\/\/www.organisator.ch\/en\/wp-json\/wp\/v2\/users\/58"}],"replies":[{"embeddable":true,"href":"https:\/\/www.organisator.ch\/en\/wp-json\/wp\/v2\/comments?post=23690"}],"version-history":[{"count":4,"href":"https:\/\/www.organisator.ch\/en\/wp-json\/wp\/v2\/posts\/23690\/revisions"}],"predecessor-version":[{"id":23695,"href":"https:\/\/www.organisator.ch\/en\/wp-json\/wp\/v2\/posts\/23690\/revisions\/23695"}],"wp:featuredmedia":[{"embeddable":true,"href":"https:\/\/www.organisator.ch\/en\/wp-json\/wp\/v2\/media\/23694"}],"wp:attachment":[{"href":"https:\/\/www.organisator.ch\/en\/wp-json\/wp\/v2\/media?parent=23690"}],"wp:term":[{"taxonomy":"category","embeddable":true,"href":"https:\/\/www.organisator.ch\/en\/wp-json\/wp\/v2\/categories?post=23690"},{"taxonomy":"post_tag","embeddable":true,"href":"https:\/\/www.organisator.ch\/en\/wp-json\/wp\/v2\/tags?post=23690"}],"curies":[{"name":"wp","href":"https:\/\/api.w.org\/{rel}","templated":true}]}}