{"id":23759,"date":"2023-12-07T10:21:20","date_gmt":"2023-12-07T09:21:20","guid":{"rendered":"https:\/\/www.organisator.ch\/?p=23759"},"modified":"2023-12-13T11:00:32","modified_gmt":"2023-12-13T10:00:32","slug":"schweizer-digitaltage-2023-gemeinsam-in-die-digitale-zukunft","status":"publish","type":"post","link":"https:\/\/www.organisator.ch\/en\/allgemein\/2023-12-07\/schweizer-digitaltage-2023-gemeinsam-in-die-digitale-zukunft\/","title":{"rendered":"Swiss Digital Days 2023: Together into the digital future"},"content":{"rendered":"<figure id=\"attachment_23760\" class=\"wp-caption alignnone\" style=\"width: 680px;\" aria-describedby=\"caption-attachment-23760\">\r\n<p><img class=\"alignnone wp-image-23760 size-full\" src=\"https:\/\/www.organisator.ch\/wp-content\/uploads\/2023\/12\/Schweizer-Digitaltage_Bild1_ps.jpg\" sizes=\"(max-width: 680px) 100vw, 680px\" srcset=\"https:\/\/www.organisator.ch\/wp-content\/uploads\/2023\/12\/Schweizer-Digitaltage_Bild1_ps.jpg 680w, https:\/\/www.organisator.ch\/wp-content\/uploads\/2023\/12\/Schweizer-Digitaltage_Bild1_ps-18x12.jpg 18w, https:\/\/www.organisator.ch\/wp-content\/uploads\/2023\/12\/Schweizer-Digitaltage_Bild1_ps-375x250.jpg 375w, https:\/\/www.organisator.ch\/wp-content\/uploads\/2023\/12\/Schweizer-Digitaltage_Bild1_ps-525x350.jpg 525w\" alt=\"\" width=\"680\" height=\"453\" \/><\/p>\r\n<figcaption id=\"caption-attachment-23760\" class=\"wp-caption-text\">Lighthouse Event Lucerne: Together into the digital future - Swiss Museum of Transport and digitalswitzerland design new meeting space. (Image: www.digitalswitzerland.com\/photographer: Noor Staring)<\/figcaption>\r\n<\/figure>\r\n<p>Anthony Corbaz, co-lead of digitalswitzerland's Swiss Digital Days: \"The Swiss Digital Days 2023 united the population, cities, cantons and regions of Switzerland under the guiding theme 'Our digital future is now! Between September and December, with the support of our 59 partners, we talked to more than 3,000 citizens about topics such as AI, the future of work, diversity, equality and inclusion. Our Lighthouse event on December 6 celebrated the spirit of the movement.\"<\/p>\r\n<h3><strong>\"AI Hope Machine\": What are the hopes of youth?\u00a0<\/strong><\/h3>\r\n<p>Dreams are one of the strongest drivers of our progress. For this reason, digitalswitzerland unveiled the \"AI Hope Machine\" at the closing event of the Digital Days. The project aims to create a collective image of the future - from the perspective of the next generation. With the possibilities of artificial intelligence, thousands of voices of the next generation will become one unit, one point of contact that can provide concrete answers to questions in the interests of young people. The AI Hope Machine is being created in cooperation with Ringier and Samsung Electronics.<\/p>\r\n<h3><strong>Swiss Museum of Transport and digitalswitzerland set the tone for Switzerland's digital development<\/strong><\/h3>\r\n<p>The Swiss Museum of Transport is breaking new ground and, in cooperation with digitalswitzerland, is creating a permanent presence for current developments and milestones in the field of digitalization. Martin B\u00fctikofer, Director of the Swiss Museum of Transport, and Marcel Stalder, Executive Committee member of digitalswitzerland, emphasized at the Lighthouse Event: \"We are convinced that with this commitment, we will one day create indispensable access to initiatives of the digital present and future for the whole of Switzerland.\" The aim of the cooperation is to create a permanent meeting place where the population can find out about digitalization, generate enthusiasm and overcome reservations. In order to do justice to the ambitious project, digitalswitzerland - financed by Swiss Post - has commissioned a corresponding study. The results are expected in the middle of next year, on the basis of which the concept will be developed.\u00a0<\/p>\r\n<h3><strong>#herHACK: victory goes to sustAInos<\/strong><\/h3>\r\n<p>With a share of just 20 percent, women are still severely underrepresented in the technology sector. With #herHACK, digitalswitzerland offered women and underrepresented groups the opportunity to engage with technology and sustainability topics and develop solutions in a safe environment for the third time. More than 450 people took part in the activities in 2023 (3 regional networking events, 6 training workshops), with 162 participants taking part in the two-day hackathon in November. Out of 32 teams, six made it to the final. The winning title went to the \"SustAInable shopper\" project.<\/p>\r\n<p>With SustAInable shopper, the sustAInos team aims to transform the Migros shopping experience into a measurable and effective personal sustainability journey. Migros customers should be empowered to act according to the values that are close to their hearts. The innovative, AI-powered add-on for the Migros app aims to revolutionize the grocery shopping experience by analyzing consumers' behavior on the go and encouraging them to make sustainable shopping decisions on the go. It compares this with extensive data on the carbon footprint, matches it with the customer's stated sustainability preferences and delivers a personalized sustainability performance metric at the end of each purchase.<\/p>\r\n<h3><strong>NextGen brings artificial intelligence into Swiss classrooms<\/strong><\/h3>\r\n<p>Artificial intelligence (AI) does not stop at Swiss schools. Between September and November, over 1000 children and young people aged 13-16 from all over Switzerland took part in the workshops. Not only did the participants gain fascinating insights into the world of future skills and artificial intelligence, they also tackled the challenges of the future in a practical way. The learning content was developed together with experts from Pro Juventute, Kids.Code and the education agency kik and led by Kids.Code. At the Lighthouse event, prizes were awarded for the best images created by the workshop participants with the help of AI. The series of events was made possible by digitalswitzerland and a donation from Swiss Post of the proceeds from the auction of the special editions of the Swiss Crypto Stamp 3.0 as part of #RicardoForGood.<\/p>\r\n<h3><strong>Digital Xchange involves the Swiss population in particular<\/strong><\/h3>\r\n<p>More than 250 participants came together at a total of 5 Digital Xchange events to discuss today's digital topics. At this year's events, a special focus was placed on artificial intelligence and its influence on our everyday lives. The Digital Xchange format creates space for the hopes, fears and needs of the Swiss population - the expression of different opinions is explicitly encouraged. At the end of the format, four select panel guests discussed the role of artificial intelligence in ensuring diversity, equality and inclusion (DEI) at the Lighthouse event. The conclusion of the discussion: Artificial intelligence offers numerous opportunities for DEI, while being aware of the risks of bias. The key is to ensure that the data provided to train AIs such as ChatGPT is of high quality and meets DEI standards so that it produces unbiased results. This requires conscious human effort.<\/p>\r\n<p><em>Source: <a href=\"https:\/\/digitalswitzerland.com\/de\/\">www.digitalswitzerland.com<\/a><\/em><\/p>","protected":false},"excerpt":{"rendered":"<p>After more than three months of educational, exciting and interactive events throughout Switzerland, the Swiss Digital Days 2023 ended with the big Lighthouse Event at the Swiss Museum of Transport in Lucerne. The varied program of the Digital Days ranged from interactive, digital radio drama thrillers to panel discussions on cyber security for SMEs and building your own robots. <\/p>","protected":false},"author":58,"featured_media":23760,"comment_status":"closed","ping_status":"closed","sticky":false,"template":"","format":"standard","meta":{"_acf_changed":false,"_yoast_wpseo_focuskw":"Schweizer Digitaltage","_yoast_wpseo_metadesc":"Die Schweizer Digitaltage 2023 endeten mit dem grossen Lighthouse Event im Verkehrshaus der Schweiz in Luzern.","articlekey":"","footnotes":""},"categories":[1],"tags":[986,156,424,492],"class_list":["post-23759","post","type-post","status-publish","format-standard","has-post-thumbnail","hentry","category-allgemein","tag-digitale-transformation","tag-digitalisierung","tag-schweiz","tag-unternehmen"],"acf":[],"yoast_head":"<!-- This site is optimized with the Yoast SEO plugin v27.5 - https:\/\/yoast.com\/product\/yoast-seo-wordpress\/ -->\n<title>Schweizer Digitaltage 2023: Gemeinsam in die digitale Zukunft - Organisator<\/title>\n<meta name=\"description\" content=\"Die Schweizer Digitaltage 2023 endeten mit dem grossen Lighthouse Event im Verkehrshaus der Schweiz in Luzern.\" \/>\n<meta name=\"robots\" content=\"index, follow, max-snippet:-1, max-image-preview:large, max-video-preview:-1\" \/>\n<link rel=\"canonical\" href=\"https:\/\/www.organisator.ch\/en\/general\/2023-12-07\/schweizer-digitaltage-2023-gemeinsam-in-die-digitale-zukunft\/\" \/>\n<meta property=\"og:locale\" content=\"en_US\" \/>\n<meta property=\"og:type\" content=\"article\" \/>\n<meta property=\"og:title\" content=\"Schweizer Digitaltage 2023: Gemeinsam in die digitale Zukunft\" \/>\n<meta property=\"og:description\" content=\"Die Schweizer Digitaltage 2023 endeten mit dem grossen Lighthouse Event im Verkehrshaus der Schweiz in Luzern.\" \/>\n<meta property=\"og:url\" content=\"https:\/\/www.organisator.ch\/en\/general\/2023-12-07\/schweizer-digitaltage-2023-gemeinsam-in-die-digitale-zukunft\/\" \/>\n<meta property=\"og:site_name\" content=\"Organisator\" \/>\n<meta property=\"article:publisher\" content=\"https:\/\/www.facebook.com\/OrganisatorFachmagazin\" \/>\n<meta property=\"article:published_time\" content=\"2023-12-07T09:21:20+00:00\" \/>\n<meta property=\"article:modified_time\" content=\"2023-12-13T10:00:32+00:00\" \/>\n<meta property=\"og:image\" content=\"https:\/\/www.organisator.ch\/wp-content\/uploads\/2023\/12\/Schweizer-Digitaltage_Bild1_ps.jpg\" \/>\n\t<meta property=\"og:image:width\" content=\"680\" \/>\n\t<meta property=\"og:image:height\" content=\"453\" \/>\n\t<meta property=\"og:image:type\" content=\"image\/jpeg\" \/>\n<meta name=\"author\" content=\"Adelisa Kalajdzini\" \/>\n<meta name=\"twitter:card\" content=\"summary_large_image\" \/>\n<meta name=\"twitter:title\" content=\"Schweizer Digitaltage 2023: Gemeinsam in die digitale Zukunft\" \/>\n<meta name=\"twitter:description\" content=\"Die Schweizer #Digitaltage 2023 endeten mit dem grossen Lighthouse Event im #Verkehrshaus der #Schweiz in Luzern.\" \/>\n<meta name=\"twitter:image\" content=\"https:\/\/www.organisator.ch\/wp-content\/uploads\/2023\/12\/Schweizer-Digitaltage_Bild1_ps.jpg\" \/>\n<script type=\"application\/ld+json\" class=\"yoast-schema-graph\">{\"@context\":\"https:\\\/\\\/schema.org\",\"@graph\":[{\"@type\":\"Article\",\"@id\":\"https:\\\/\\\/www.organisator.ch\\\/allgemein\\\/2023-12-07\\\/schweizer-digitaltage-2023-gemeinsam-in-die-digitale-zukunft\\\/#article\",\"isPartOf\":{\"@id\":\"https:\\\/\\\/www.organisator.ch\\\/allgemein\\\/2023-12-07\\\/schweizer-digitaltage-2023-gemeinsam-in-die-digitale-zukunft\\\/\"},\"author\":{\"name\":\"Adelisa Kalajdzini\",\"@id\":\"https:\\\/\\\/www.organisator.ch\\\/#\\\/schema\\\/person\\\/2e1314a2172123f874db408d8911d3f3\"},\"headline\":\"Schweizer Digitaltage 2023: Gemeinsam in die digitale Zukunft\",\"datePublished\":\"2023-12-07T09:21:20+00:00\",\"dateModified\":\"2023-12-13T10:00:32+00:00\",\"mainEntityOfPage\":{\"@id\":\"https:\\\/\\\/www.organisator.ch\\\/allgemein\\\/2023-12-07\\\/schweizer-digitaltage-2023-gemeinsam-in-die-digitale-zukunft\\\/\"},\"wordCount\":844,\"publisher\":{\"@id\":\"https:\\\/\\\/www.organisator.ch\\\/#organization\"},\"image\":{\"@id\":\"https:\\\/\\\/www.organisator.ch\\\/allgemein\\\/2023-12-07\\\/schweizer-digitaltage-2023-gemeinsam-in-die-digitale-zukunft\\\/#primaryimage\"},\"thumbnailUrl\":\"https:\\\/\\\/www.organisator.ch\\\/wp-content\\\/uploads\\\/2023\\\/12\\\/Schweizer-Digitaltage_Bild1_ps.jpg\",\"keywords\":[\"Digitale Transformation\",\"Digitalisierung\",\"Schweiz\",\"Unternehmen\"],\"articleSection\":[\"Allgemein\"],\"inLanguage\":\"en-US\"},{\"@type\":\"WebPage\",\"@id\":\"https:\\\/\\\/www.organisator.ch\\\/allgemein\\\/2023-12-07\\\/schweizer-digitaltage-2023-gemeinsam-in-die-digitale-zukunft\\\/\",\"url\":\"https:\\\/\\\/www.organisator.ch\\\/allgemein\\\/2023-12-07\\\/schweizer-digitaltage-2023-gemeinsam-in-die-digitale-zukunft\\\/\",\"name\":\"Schweizer Digitaltage 2023: Gemeinsam in die digitale Zukunft - Organisator\",\"isPartOf\":{\"@id\":\"https:\\\/\\\/www.organisator.ch\\\/#website\"},\"primaryImageOfPage\":{\"@id\":\"https:\\\/\\\/www.organisator.ch\\\/allgemein\\\/2023-12-07\\\/schweizer-digitaltage-2023-gemeinsam-in-die-digitale-zukunft\\\/#primaryimage\"},\"image\":{\"@id\":\"https:\\\/\\\/www.organisator.ch\\\/allgemein\\\/2023-12-07\\\/schweizer-digitaltage-2023-gemeinsam-in-die-digitale-zukunft\\\/#primaryimage\"},\"thumbnailUrl\":\"https:\\\/\\\/www.organisator.ch\\\/wp-content\\\/uploads\\\/2023\\\/12\\\/Schweizer-Digitaltage_Bild1_ps.jpg\",\"datePublished\":\"2023-12-07T09:21:20+00:00\",\"dateModified\":\"2023-12-13T10:00:32+00:00\",\"description\":\"Die Schweizer Digitaltage 2023 endeten mit dem grossen Lighthouse Event im Verkehrshaus der Schweiz in Luzern.\",\"breadcrumb\":{\"@id\":\"https:\\\/\\\/www.organisator.ch\\\/allgemein\\\/2023-12-07\\\/schweizer-digitaltage-2023-gemeinsam-in-die-digitale-zukunft\\\/#breadcrumb\"},\"inLanguage\":\"en-US\",\"potentialAction\":[{\"@type\":\"ReadAction\",\"target\":[\"https:\\\/\\\/www.organisator.ch\\\/allgemein\\\/2023-12-07\\\/schweizer-digitaltage-2023-gemeinsam-in-die-digitale-zukunft\\\/\"]}]},{\"@type\":\"ImageObject\",\"inLanguage\":\"en-US\",\"@id\":\"https:\\\/\\\/www.organisator.ch\\\/allgemein\\\/2023-12-07\\\/schweizer-digitaltage-2023-gemeinsam-in-die-digitale-zukunft\\\/#primaryimage\",\"url\":\"https:\\\/\\\/www.organisator.ch\\\/wp-content\\\/uploads\\\/2023\\\/12\\\/Schweizer-Digitaltage_Bild1_ps.jpg\",\"contentUrl\":\"https:\\\/\\\/www.organisator.ch\\\/wp-content\\\/uploads\\\/2023\\\/12\\\/Schweizer-Digitaltage_Bild1_ps.jpg\",\"width\":680,\"height\":453,\"caption\":\"Lighthouse Event Luzern: Gemeinsam in die digitale Zukunft \u2013 Verkehrshaus und digitalswitzerland gestalten neuen Begegnungsraum. (Bild: www.digitalswitzerland.com\\\/photographer: Noor Staring)\"},{\"@type\":\"BreadcrumbList\",\"@id\":\"https:\\\/\\\/www.organisator.ch\\\/allgemein\\\/2023-12-07\\\/schweizer-digitaltage-2023-gemeinsam-in-die-digitale-zukunft\\\/#breadcrumb\",\"itemListElement\":[{\"@type\":\"ListItem\",\"position\":1,\"name\":\"Home\",\"item\":\"https:\\\/\\\/www.organisator.ch\\\/\"},{\"@type\":\"ListItem\",\"position\":2,\"name\":\"Schweizer Digitaltage 2023: Gemeinsam in die digitale Zukunft\"}]},{\"@type\":\"WebSite\",\"@id\":\"https:\\\/\\\/www.organisator.ch\\\/#website\",\"url\":\"https:\\\/\\\/www.organisator.ch\\\/\",\"name\":\"Organisator\",\"description\":\"Kompetent. Praxisnah. Der ORGANISATOR bereitet in 10 Ausgaben pro Jahr die wesentlichen Themen f\u00fcr F\u00fchrungskr\u00e4fte von KMU auf.\",\"publisher\":{\"@id\":\"https:\\\/\\\/www.organisator.ch\\\/#organization\"},\"potentialAction\":[{\"@type\":\"SearchAction\",\"target\":{\"@type\":\"EntryPoint\",\"urlTemplate\":\"https:\\\/\\\/www.organisator.ch\\\/?s={search_term_string}\"},\"query-input\":{\"@type\":\"PropertyValueSpecification\",\"valueRequired\":true,\"valueName\":\"search_term_string\"}}],\"inLanguage\":\"en-US\"},{\"@type\":\"Organization\",\"@id\":\"https:\\\/\\\/www.organisator.ch\\\/#organization\",\"name\":\"Organisator\",\"url\":\"https:\\\/\\\/www.organisator.ch\\\/\",\"logo\":{\"@type\":\"ImageObject\",\"inLanguage\":\"en-US\",\"@id\":\"https:\\\/\\\/www.organisator.ch\\\/#\\\/schema\\\/logo\\\/image\\\/\",\"url\":\"https:\\\/\\\/www.organisator.ch\\\/wp-content\\\/uploads\\\/2022\\\/01\\\/Logo_Organisator_Website.png\",\"contentUrl\":\"https:\\\/\\\/www.organisator.ch\\\/wp-content\\\/uploads\\\/2022\\\/01\\\/Logo_Organisator_Website.png\",\"width\":800,\"height\":77,\"caption\":\"Organisator\"},\"image\":{\"@id\":\"https:\\\/\\\/www.organisator.ch\\\/#\\\/schema\\\/logo\\\/image\\\/\"},\"sameAs\":[\"https:\\\/\\\/www.facebook.com\\\/OrganisatorFachmagazin\",\"https:\\\/\\\/www.linkedin.com\\\/showcase\\\/organisator-das-magazin-fr-kmu\",\"https:\\\/\\\/www.xing.com\\\/news\\\/pages\\\/organisator-ch-695\",\"https:\\\/\\\/www.youtube.com\\\/channel\\\/UCGP2Sq0iWaZwT3BdIAQFYpw\"]},{\"@type\":\"Person\",\"@id\":\"https:\\\/\\\/www.organisator.ch\\\/#\\\/schema\\\/person\\\/2e1314a2172123f874db408d8911d3f3\",\"name\":\"Adelisa Kalajdzini\",\"image\":{\"@type\":\"ImageObject\",\"inLanguage\":\"en-US\",\"@id\":\"https:\\\/\\\/secure.gravatar.com\\\/avatar\\\/09a397c22ac58cad6f160ee8306348599df9df58a8ede73696226897b9fa4b24?s=96&d=mm&r=g\",\"url\":\"https:\\\/\\\/secure.gravatar.com\\\/avatar\\\/09a397c22ac58cad6f160ee8306348599df9df58a8ede73696226897b9fa4b24?s=96&d=mm&r=g\",\"contentUrl\":\"https:\\\/\\\/secure.gravatar.com\\\/avatar\\\/09a397c22ac58cad6f160ee8306348599df9df58a8ede73696226897b9fa4b24?s=96&d=mm&r=g\",\"caption\":\"Adelisa Kalajdzini\"},\"url\":\"https:\\\/\\\/www.organisator.ch\\\/en\\\/author\\\/adelisa-kalajdzini\\\/\"}]}<\/script>\n<!-- \/ Yoast SEO plugin. -->","yoast_head_json":{"title":"Swiss Digital Days 2023: Together into the digital future - Organizer","description":"The Swiss Digital Days 2023 ended with the big Lighthouse Event at the Swiss Museum of Transport in Lucerne.","robots":{"index":"index","follow":"follow","max-snippet":"max-snippet:-1","max-image-preview":"max-image-preview:large","max-video-preview":"max-video-preview:-1"},"canonical":"https:\/\/www.organisator.ch\/en\/general\/2023-12-07\/schweizer-digitaltage-2023-gemeinsam-in-die-digitale-zukunft\/","og_locale":"en_US","og_type":"article","og_title":"Schweizer Digitaltage 2023: Gemeinsam in die digitale Zukunft","og_description":"Die Schweizer Digitaltage 2023 endeten mit dem grossen Lighthouse Event im Verkehrshaus der Schweiz in Luzern.","og_url":"https:\/\/www.organisator.ch\/en\/general\/2023-12-07\/schweizer-digitaltage-2023-gemeinsam-in-die-digitale-zukunft\/","og_site_name":"Organisator","article_publisher":"https:\/\/www.facebook.com\/OrganisatorFachmagazin","article_published_time":"2023-12-07T09:21:20+00:00","article_modified_time":"2023-12-13T10:00:32+00:00","og_image":[{"width":680,"height":453,"url":"https:\/\/www.organisator.ch\/wp-content\/uploads\/2023\/12\/Schweizer-Digitaltage_Bild1_ps.jpg","type":"image\/jpeg"}],"author":"Adelisa Kalajdzini","twitter_card":"summary_large_image","twitter_title":"Schweizer Digitaltage 2023: Gemeinsam in die digitale Zukunft","twitter_description":"Die Schweizer #Digitaltage 2023 endeten mit dem grossen Lighthouse Event im #Verkehrshaus der #Schweiz in Luzern.","twitter_image":"https:\/\/www.organisator.ch\/wp-content\/uploads\/2023\/12\/Schweizer-Digitaltage_Bild1_ps.jpg","schema":{"@context":"https:\/\/schema.org","@graph":[{"@type":"Article","@id":"https:\/\/www.organisator.ch\/allgemein\/2023-12-07\/schweizer-digitaltage-2023-gemeinsam-in-die-digitale-zukunft\/#article","isPartOf":{"@id":"https:\/\/www.organisator.ch\/allgemein\/2023-12-07\/schweizer-digitaltage-2023-gemeinsam-in-die-digitale-zukunft\/"},"author":{"name":"Adelisa Kalajdzini","@id":"https:\/\/www.organisator.ch\/#\/schema\/person\/2e1314a2172123f874db408d8911d3f3"},"headline":"Schweizer Digitaltage 2023: Gemeinsam in die digitale Zukunft","datePublished":"2023-12-07T09:21:20+00:00","dateModified":"2023-12-13T10:00:32+00:00","mainEntityOfPage":{"@id":"https:\/\/www.organisator.ch\/allgemein\/2023-12-07\/schweizer-digitaltage-2023-gemeinsam-in-die-digitale-zukunft\/"},"wordCount":844,"publisher":{"@id":"https:\/\/www.organisator.ch\/#organization"},"image":{"@id":"https:\/\/www.organisator.ch\/allgemein\/2023-12-07\/schweizer-digitaltage-2023-gemeinsam-in-die-digitale-zukunft\/#primaryimage"},"thumbnailUrl":"https:\/\/www.organisator.ch\/wp-content\/uploads\/2023\/12\/Schweizer-Digitaltage_Bild1_ps.jpg","keywords":["Digitale Transformation","Digitalisierung","Schweiz","Unternehmen"],"articleSection":["Allgemein"],"inLanguage":"en-US"},{"@type":"WebPage","@id":"https:\/\/www.organisator.ch\/allgemein\/2023-12-07\/schweizer-digitaltage-2023-gemeinsam-in-die-digitale-zukunft\/","url":"https:\/\/www.organisator.ch\/allgemein\/2023-12-07\/schweizer-digitaltage-2023-gemeinsam-in-die-digitale-zukunft\/","name":"Swiss Digital Days 2023: Together into the digital future - Organizer","isPartOf":{"@id":"https:\/\/www.organisator.ch\/#website"},"primaryImageOfPage":{"@id":"https:\/\/www.organisator.ch\/allgemein\/2023-12-07\/schweizer-digitaltage-2023-gemeinsam-in-die-digitale-zukunft\/#primaryimage"},"image":{"@id":"https:\/\/www.organisator.ch\/allgemein\/2023-12-07\/schweizer-digitaltage-2023-gemeinsam-in-die-digitale-zukunft\/#primaryimage"},"thumbnailUrl":"https:\/\/www.organisator.ch\/wp-content\/uploads\/2023\/12\/Schweizer-Digitaltage_Bild1_ps.jpg","datePublished":"2023-12-07T09:21:20+00:00","dateModified":"2023-12-13T10:00:32+00:00","description":"The Swiss Digital Days 2023 ended with the big Lighthouse Event at the Swiss Museum of Transport in Lucerne.","breadcrumb":{"@id":"https:\/\/www.organisator.ch\/allgemein\/2023-12-07\/schweizer-digitaltage-2023-gemeinsam-in-die-digitale-zukunft\/#breadcrumb"},"inLanguage":"en-US","potentialAction":[{"@type":"ReadAction","target":["https:\/\/www.organisator.ch\/allgemein\/2023-12-07\/schweizer-digitaltage-2023-gemeinsam-in-die-digitale-zukunft\/"]}]},{"@type":"ImageObject","inLanguage":"en-US","@id":"https:\/\/www.organisator.ch\/allgemein\/2023-12-07\/schweizer-digitaltage-2023-gemeinsam-in-die-digitale-zukunft\/#primaryimage","url":"https:\/\/www.organisator.ch\/wp-content\/uploads\/2023\/12\/Schweizer-Digitaltage_Bild1_ps.jpg","contentUrl":"https:\/\/www.organisator.ch\/wp-content\/uploads\/2023\/12\/Schweizer-Digitaltage_Bild1_ps.jpg","width":680,"height":453,"caption":"Lighthouse Event Luzern: Gemeinsam in die digitale Zukunft \u2013 Verkehrshaus und digitalswitzerland gestalten neuen Begegnungsraum. (Bild: www.digitalswitzerland.com\/photographer: Noor Staring)"},{"@type":"BreadcrumbList","@id":"https:\/\/www.organisator.ch\/allgemein\/2023-12-07\/schweizer-digitaltage-2023-gemeinsam-in-die-digitale-zukunft\/#breadcrumb","itemListElement":[{"@type":"ListItem","position":1,"name":"Home","item":"https:\/\/www.organisator.ch\/"},{"@type":"ListItem","position":2,"name":"Schweizer Digitaltage 2023: Gemeinsam in die digitale Zukunft"}]},{"@type":"WebSite","@id":"https:\/\/www.organisator.ch\/#website","url":"https:\/\/www.organisator.ch\/","name":"Organizer","description":"Competent. Practical. In 10 issues per year, ORGANISATOR presents the essential topics for managers of SMEs.","publisher":{"@id":"https:\/\/www.organisator.ch\/#organization"},"potentialAction":[{"@type":"SearchAction","target":{"@type":"EntryPoint","urlTemplate":"https:\/\/www.organisator.ch\/?s={search_term_string}"},"query-input":{"@type":"PropertyValueSpecification","valueRequired":true,"valueName":"search_term_string"}}],"inLanguage":"en-US"},{"@type":"Organization","@id":"https:\/\/www.organisator.ch\/#organization","name":"Organizer","url":"https:\/\/www.organisator.ch\/","logo":{"@type":"ImageObject","inLanguage":"en-US","@id":"https:\/\/www.organisator.ch\/#\/schema\/logo\/image\/","url":"https:\/\/www.organisator.ch\/wp-content\/uploads\/2022\/01\/Logo_Organisator_Website.png","contentUrl":"https:\/\/www.organisator.ch\/wp-content\/uploads\/2022\/01\/Logo_Organisator_Website.png","width":800,"height":77,"caption":"Organisator"},"image":{"@id":"https:\/\/www.organisator.ch\/#\/schema\/logo\/image\/"},"sameAs":["https:\/\/www.facebook.com\/OrganisatorFachmagazin","https:\/\/www.linkedin.com\/showcase\/organisator-das-magazin-fr-kmu","https:\/\/www.xing.com\/news\/pages\/organisator-ch-695","https:\/\/www.youtube.com\/channel\/UCGP2Sq0iWaZwT3BdIAQFYpw"]},{"@type":"Person","@id":"https:\/\/www.organisator.ch\/#\/schema\/person\/2e1314a2172123f874db408d8911d3f3","name":"Adelisa Kalajdzini","image":{"@type":"ImageObject","inLanguage":"en-US","@id":"https:\/\/secure.gravatar.com\/avatar\/09a397c22ac58cad6f160ee8306348599df9df58a8ede73696226897b9fa4b24?s=96&d=mm&r=g","url":"https:\/\/secure.gravatar.com\/avatar\/09a397c22ac58cad6f160ee8306348599df9df58a8ede73696226897b9fa4b24?s=96&d=mm&r=g","contentUrl":"https:\/\/secure.gravatar.com\/avatar\/09a397c22ac58cad6f160ee8306348599df9df58a8ede73696226897b9fa4b24?s=96&d=mm&r=g","caption":"Adelisa Kalajdzini"},"url":"https:\/\/www.organisator.ch\/en\/author\/adelisa-kalajdzini\/"}]}},"_links":{"self":[{"href":"https:\/\/www.organisator.ch\/en\/wp-json\/wp\/v2\/posts\/23759","targetHints":{"allow":["GET"]}}],"collection":[{"href":"https:\/\/www.organisator.ch\/en\/wp-json\/wp\/v2\/posts"}],"about":[{"href":"https:\/\/www.organisator.ch\/en\/wp-json\/wp\/v2\/types\/post"}],"author":[{"embeddable":true,"href":"https:\/\/www.organisator.ch\/en\/wp-json\/wp\/v2\/users\/58"}],"replies":[{"embeddable":true,"href":"https:\/\/www.organisator.ch\/en\/wp-json\/wp\/v2\/comments?post=23759"}],"version-history":[{"count":6,"href":"https:\/\/www.organisator.ch\/en\/wp-json\/wp\/v2\/posts\/23759\/revisions"}],"predecessor-version":[{"id":23886,"href":"https:\/\/www.organisator.ch\/en\/wp-json\/wp\/v2\/posts\/23759\/revisions\/23886"}],"wp:featuredmedia":[{"embeddable":true,"href":"https:\/\/www.organisator.ch\/en\/wp-json\/wp\/v2\/media\/23760"}],"wp:attachment":[{"href":"https:\/\/www.organisator.ch\/en\/wp-json\/wp\/v2\/media?parent=23759"}],"wp:term":[{"taxonomy":"category","embeddable":true,"href":"https:\/\/www.organisator.ch\/en\/wp-json\/wp\/v2\/categories?post=23759"},{"taxonomy":"post_tag","embeddable":true,"href":"https:\/\/www.organisator.ch\/en\/wp-json\/wp\/v2\/tags?post=23759"}],"curies":[{"name":"wp","href":"https:\/\/api.w.org\/{rel}","templated":true}]}}