{"id":2382,"date":"2017-09-01T09:26:41","date_gmt":"2017-09-01T07:26:41","guid":{"rendered":"https:\/\/www.organisator.ch\/?p=2382"},"modified":"2017-09-01T09:26:41","modified_gmt":"2017-09-01T07:26:41","slug":"die-sieben-handlungsfelder-der-digitalisierung","status":"publish","type":"post","link":"https:\/\/www.organisator.ch\/en\/management\/2017-09-01\/die-sieben-handlungsfelder-der-digitalisierung\/","title":{"rendered":"The seven fields of action for digitization"},"content":{"rendered":"<figure id=\"attachment_2383\" aria-describedby=\"caption-attachment-2383\" style=\"width: 640px\" class=\"wp-caption alignnone\"><img loading=\"lazy\" decoding=\"async\" class=\"size-full wp-image-2383\" src=\"https:\/\/www.organisator.ch\/wp-content\/uploads\/2017\/09\/Die-sieben-Handlungsfelder-der-Digitalisierung_Organisator.jpg\" alt=\"\" width=\"640\" height=\"427\" srcset=\"https:\/\/www.organisator.ch\/wp-content\/uploads\/2017\/09\/Die-sieben-Handlungsfelder-der-Digitalisierung_Organisator.jpg 640w, https:\/\/www.organisator.ch\/wp-content\/uploads\/2017\/09\/Die-sieben-Handlungsfelder-der-Digitalisierung_Organisator-16x12.jpg 16w, https:\/\/www.organisator.ch\/wp-content\/uploads\/2017\/09\/Die-sieben-Handlungsfelder-der-Digitalisierung_Organisator-262x175.jpg 262w, https:\/\/www.organisator.ch\/wp-content\/uploads\/2017\/09\/Die-sieben-Handlungsfelder-der-Digitalisierung_Organisator-525x350.jpg 525w, https:\/\/www.organisator.ch\/wp-content\/uploads\/2017\/09\/Die-sieben-Handlungsfelder-der-Digitalisierung_Organisator-300x200.jpg 300w\" sizes=\"auto, (max-width: 640px) 100vw, 640px\" \/><figcaption id=\"caption-attachment-2383\" class=\"wp-caption-text\">\"Total digital\" at the Digital Summit for SMEs: But where are the decisive fields of action for digitization? A study provided initial answers. (Photo: Digital Summit press service)<\/figcaption><\/figure>\n<p>The first Digital Summit for SMEs was completely booked out with over 550 participants. This showed how high the demand for information from small and medium-sized enterprises in connection with the digital transformation still is. In addition to 20 keynotes, the event offered visitors 42 learning workshops on a wide range of topics related to digitization.<\/p>\n<h2>The true content of digitization<\/h2>\n<p>The FHNW also investigated the state of digital transformation in SMEs on behalf of Postfinance. The detailed results are to be published in November of this year. The authors of the study, Dr. Marc K. Peter (FHNW) and Patrik Vonlanthen (Postfinance), presented the first results to those present. They sent ahead that many companies still forget what digital transformation is fundamentally about: namely, finding a competitive position in the digital age. One goal of the study was to show the companies fields of action for digitization.<\/p>\n<h2>Many activities, little satisfaction<\/h2>\n<p>The survey of a representative sample of SMEs showed that many companies are already using technologies and processes for better customer benefits. For 85 of the respondents, digital transformation has a concrete impact, and 70 percent have correspondingly concrete projects in the pipeline. What is surprising, however, is that only 30 percent are really satisfied with the progress and developments of digitization.<\/p>\n<p>The study also revealed how important companies consider their culture. Managers in particular need to be more innovative and focus more on intrinsic motivation of their employees. Employees are also expected to adopt new forms of work more readily.<\/p>\n<h2>Seven fields of action for digitization and recommendations<\/h2>\n<p>From the results, the study authors derived the following seven fields of action for digitization:<\/p>\n<ol>\n<li>Constant customer orientation<\/li>\n<li>New strategies and business models<\/li>\n<li>New approaches to leadership and culture<\/li>\n<li>Optimized workflows<\/li>\n<li>Digital marketing<\/li>\n<li>New technologies such as the Internet of Things<\/li>\n<li>Cloud &amp; data, i.e. modern IT infrastructure<\/li>\n<\/ol>\n<p>As recommendations, the two speakers urged the audience to consider the following points:<\/p>\n<ul>\n<li>Maturity models (such as that of the University of St.Gallen) should be used to tap the \"digital maturity level\" of one's own company<\/li>\n<li>The above-mentioned seven fields of action are to be used to initiate one's own transformation<\/li>\n<li>Define priorities and develop a plan or strategy<\/li>\n<li>Identify and minimize barriers and risks<\/li>\n<li>Define a feasible project scope<\/li>\n<li>Collaborate with partners<\/li>\n<\/ul>\n<p>Further information is available via <a href=\"http:\/\/www.kmu-transformation.ch\">www.kmu-transformation.ch<\/a>.<\/p>","protected":false},"excerpt":{"rendered":"<p>Der erste Digital Summit f\u00fcr KMU war mit \u00fcber 550 Teilnehmenden restlos ausgebucht. Dies zeigte, wie hoch der Informationsbedarf von kleineren und mittleren Unternehmen im Zusammenhang mit der digitalen Transformation nach wie vor ist. Der Anlass bot den Besuchern neben 20 Keynotes 42 Lernwerkst\u00e4tten zu den unterschiedlichsten Themen rund um die Digitalisierung. Der wahre Gehalt [&hellip;]<\/p>\n","protected":false},"author":4,"featured_media":2383,"comment_status":"open","ping_status":"open","sticky":false,"template":"","format":"standard","meta":{"_acf_changed":false,"_yoast_wpseo_focuskw":"Handlungsfelder der Digitalisierung","_yoast_wpseo_metadesc":"Am 1. Digital Summit f\u00fcr KMU stiess vor allem die Pr\u00e4sentation einer noch unver\u00f6ffentlichten Studie der Fachhochschule Nordwestschweiz FHNW auf Interesse.","articlekey":"","footnotes":""},"categories":[28],"tags":[156,193,286,496],"class_list":["post-2382","post","type-post","status-publish","format-standard","has-post-thumbnail","hentry","category-management","tag-digitalisierung","tag-fachkongressfachmesse","tag-it","tag-unternehmensfuehrung"],"acf":[],"yoast_head":"<!-- This site is optimized with the Yoast SEO plugin v27.5 - https:\/\/yoast.com\/product\/yoast-seo-wordpress\/ -->\n<title>Die sieben Handlungsfelder der Digitalisierung - Organisator<\/title>\n<meta name=\"description\" content=\"Am 1. Digital Summit f\u00fcr KMU stiess vor allem die Pr\u00e4sentation einer noch unver\u00f6ffentlichten Studie der Fachhochschule Nordwestschweiz FHNW auf Interesse.\" \/>\n<meta name=\"robots\" content=\"index, follow, max-snippet:-1, max-image-preview:large, max-video-preview:-1\" \/>\n<link rel=\"canonical\" href=\"https:\/\/www.organisator.ch\/en\/management\/2017-09-01\/die-sieben-handlungsfelder-der-digitalisierung\/\" \/>\n<meta property=\"og:locale\" content=\"en_US\" \/>\n<meta property=\"og:type\" content=\"article\" \/>\n<meta property=\"og:title\" content=\"Die sieben Handlungsfelder der Digitalisierung\" \/>\n<meta property=\"og:description\" content=\"Am Digital Summit f\u00fcr KMU stiess vor allem die Pr\u00e4sentation einer noch unver\u00f6ffentlichten Studie der Fachhochschule Nordwestschweiz #FHNW auf Interesse.\" \/>\n<meta property=\"og:url\" content=\"https:\/\/www.organisator.ch\/en\/management\/2017-09-01\/die-sieben-handlungsfelder-der-digitalisierung\/\" \/>\n<meta property=\"og:site_name\" content=\"Organisator\" \/>\n<meta property=\"article:publisher\" content=\"https:\/\/www.facebook.com\/OrganisatorFachmagazin\" \/>\n<meta property=\"article:published_time\" content=\"2017-09-01T07:26:41+00:00\" \/>\n<meta property=\"og:image\" content=\"https:\/\/www.organisator.ch\/wp-content\/uploads\/2017\/09\/Die-sieben-Handlungsfelder-der-Digitalisierung_Organisator.jpg\" \/>\n\t<meta property=\"og:image:width\" content=\"640\" \/>\n\t<meta property=\"og:image:height\" content=\"427\" \/>\n\t<meta property=\"og:image:type\" content=\"image\/jpeg\" \/>\n<meta name=\"author\" content=\"thomas.berner\" \/>\n<meta name=\"twitter:card\" content=\"summary_large_image\" \/>\n<meta name=\"twitter:title\" content=\"Die sieben #Handlungsfelder der #Digitalisierung #DigitalSummitKMU\" \/>\n<meta name=\"twitter:description\" content=\"Am Digital Summit f\u00fcr KMU stiess vor allem die Pr\u00e4sentation einer noch unver\u00f6ffentlichten Studie der Fachhochschule Nordwestschweiz #FHNW auf Interesse.\" \/>\n<meta name=\"twitter:image\" content=\"https:\/\/www.organisator.ch\/wp-content\/uploads\/2017\/09\/Die-sieben-Handlungsfelder-der-Digitalisierung_Organisator.jpg\" \/>\n<script type=\"application\/ld+json\" class=\"yoast-schema-graph\">{\"@context\":\"https:\\\/\\\/schema.org\",\"@graph\":[{\"@type\":\"Article\",\"@id\":\"https:\\\/\\\/www.organisator.ch\\\/management\\\/2017-09-01\\\/die-sieben-handlungsfelder-der-digitalisierung\\\/#article\",\"isPartOf\":{\"@id\":\"https:\\\/\\\/www.organisator.ch\\\/management\\\/2017-09-01\\\/die-sieben-handlungsfelder-der-digitalisierung\\\/\"},\"author\":{\"name\":\"thomas.berner\",\"@id\":\"https:\\\/\\\/www.organisator.ch\\\/#\\\/schema\\\/person\\\/6f650f90b2842cd4c0cc334b4e36f67e\"},\"headline\":\"Die sieben Handlungsfelder der Digitalisierung\",\"datePublished\":\"2017-09-01T07:26:41+00:00\",\"mainEntityOfPage\":{\"@id\":\"https:\\\/\\\/www.organisator.ch\\\/management\\\/2017-09-01\\\/die-sieben-handlungsfelder-der-digitalisierung\\\/\"},\"wordCount\":432,\"commentCount\":0,\"publisher\":{\"@id\":\"https:\\\/\\\/www.organisator.ch\\\/#organization\"},\"image\":{\"@id\":\"https:\\\/\\\/www.organisator.ch\\\/management\\\/2017-09-01\\\/die-sieben-handlungsfelder-der-digitalisierung\\\/#primaryimage\"},\"thumbnailUrl\":\"https:\\\/\\\/www.organisator.ch\\\/wp-content\\\/uploads\\\/2017\\\/09\\\/Die-sieben-Handlungsfelder-der-Digitalisierung_Organisator.jpg\",\"keywords\":[\"Digitalisierung\",\"Fachkongress\\\/Fachmesse\",\"IT\",\"Unternehmensf\u00fchrung\"],\"articleSection\":[\"MANAGEMENT\"],\"inLanguage\":\"en-US\"},{\"@type\":\"WebPage\",\"@id\":\"https:\\\/\\\/www.organisator.ch\\\/management\\\/2017-09-01\\\/die-sieben-handlungsfelder-der-digitalisierung\\\/\",\"url\":\"https:\\\/\\\/www.organisator.ch\\\/management\\\/2017-09-01\\\/die-sieben-handlungsfelder-der-digitalisierung\\\/\",\"name\":\"Die sieben Handlungsfelder der Digitalisierung - Organisator\",\"isPartOf\":{\"@id\":\"https:\\\/\\\/www.organisator.ch\\\/#website\"},\"primaryImageOfPage\":{\"@id\":\"https:\\\/\\\/www.organisator.ch\\\/management\\\/2017-09-01\\\/die-sieben-handlungsfelder-der-digitalisierung\\\/#primaryimage\"},\"image\":{\"@id\":\"https:\\\/\\\/www.organisator.ch\\\/management\\\/2017-09-01\\\/die-sieben-handlungsfelder-der-digitalisierung\\\/#primaryimage\"},\"thumbnailUrl\":\"https:\\\/\\\/www.organisator.ch\\\/wp-content\\\/uploads\\\/2017\\\/09\\\/Die-sieben-Handlungsfelder-der-Digitalisierung_Organisator.jpg\",\"datePublished\":\"2017-09-01T07:26:41+00:00\",\"description\":\"Am 1. Digital Summit f\u00fcr KMU stiess vor allem die Pr\u00e4sentation einer noch unver\u00f6ffentlichten Studie der Fachhochschule Nordwestschweiz FHNW auf Interesse.\",\"breadcrumb\":{\"@id\":\"https:\\\/\\\/www.organisator.ch\\\/management\\\/2017-09-01\\\/die-sieben-handlungsfelder-der-digitalisierung\\\/#breadcrumb\"},\"inLanguage\":\"en-US\",\"potentialAction\":[{\"@type\":\"ReadAction\",\"target\":[\"https:\\\/\\\/www.organisator.ch\\\/management\\\/2017-09-01\\\/die-sieben-handlungsfelder-der-digitalisierung\\\/\"]}]},{\"@type\":\"ImageObject\",\"inLanguage\":\"en-US\",\"@id\":\"https:\\\/\\\/www.organisator.ch\\\/management\\\/2017-09-01\\\/die-sieben-handlungsfelder-der-digitalisierung\\\/#primaryimage\",\"url\":\"https:\\\/\\\/www.organisator.ch\\\/wp-content\\\/uploads\\\/2017\\\/09\\\/Die-sieben-Handlungsfelder-der-Digitalisierung_Organisator.jpg\",\"contentUrl\":\"https:\\\/\\\/www.organisator.ch\\\/wp-content\\\/uploads\\\/2017\\\/09\\\/Die-sieben-Handlungsfelder-der-Digitalisierung_Organisator.jpg\",\"width\":640,\"height\":427,\"caption\":\"\\\"Total digital\\\" am Digital Summit f\u00fcr KMU: Doch wo liegen die entscheidenden Handlungsfelder der Digitalisierung? Eine Studie lieferte erste Antworten. (Foto: Pressedienst Digital Summit)\"},{\"@type\":\"BreadcrumbList\",\"@id\":\"https:\\\/\\\/www.organisator.ch\\\/management\\\/2017-09-01\\\/die-sieben-handlungsfelder-der-digitalisierung\\\/#breadcrumb\",\"itemListElement\":[{\"@type\":\"ListItem\",\"position\":1,\"name\":\"Home\",\"item\":\"https:\\\/\\\/www.organisator.ch\\\/\"},{\"@type\":\"ListItem\",\"position\":2,\"name\":\"Die sieben Handlungsfelder der Digitalisierung\"}]},{\"@type\":\"WebSite\",\"@id\":\"https:\\\/\\\/www.organisator.ch\\\/#website\",\"url\":\"https:\\\/\\\/www.organisator.ch\\\/\",\"name\":\"Organisator\",\"description\":\"Kompetent. Praxisnah. Der ORGANISATOR bereitet in 10 Ausgaben pro Jahr die wesentlichen Themen f\u00fcr F\u00fchrungskr\u00e4fte von KMU auf.\",\"publisher\":{\"@id\":\"https:\\\/\\\/www.organisator.ch\\\/#organization\"},\"potentialAction\":[{\"@type\":\"SearchAction\",\"target\":{\"@type\":\"EntryPoint\",\"urlTemplate\":\"https:\\\/\\\/www.organisator.ch\\\/?s={search_term_string}\"},\"query-input\":{\"@type\":\"PropertyValueSpecification\",\"valueRequired\":true,\"valueName\":\"search_term_string\"}}],\"inLanguage\":\"en-US\"},{\"@type\":\"Organization\",\"@id\":\"https:\\\/\\\/www.organisator.ch\\\/#organization\",\"name\":\"Organisator\",\"url\":\"https:\\\/\\\/www.organisator.ch\\\/\",\"logo\":{\"@type\":\"ImageObject\",\"inLanguage\":\"en-US\",\"@id\":\"https:\\\/\\\/www.organisator.ch\\\/#\\\/schema\\\/logo\\\/image\\\/\",\"url\":\"https:\\\/\\\/www.organisator.ch\\\/wp-content\\\/uploads\\\/2022\\\/01\\\/Logo_Organisator_Website.png\",\"contentUrl\":\"https:\\\/\\\/www.organisator.ch\\\/wp-content\\\/uploads\\\/2022\\\/01\\\/Logo_Organisator_Website.png\",\"width\":800,\"height\":77,\"caption\":\"Organisator\"},\"image\":{\"@id\":\"https:\\\/\\\/www.organisator.ch\\\/#\\\/schema\\\/logo\\\/image\\\/\"},\"sameAs\":[\"https:\\\/\\\/www.facebook.com\\\/OrganisatorFachmagazin\",\"https:\\\/\\\/www.linkedin.com\\\/showcase\\\/organisator-das-magazin-fr-kmu\",\"https:\\\/\\\/www.xing.com\\\/news\\\/pages\\\/organisator-ch-695\",\"https:\\\/\\\/www.youtube.com\\\/channel\\\/UCGP2Sq0iWaZwT3BdIAQFYpw\"]},{\"@type\":\"Person\",\"@id\":\"https:\\\/\\\/www.organisator.ch\\\/#\\\/schema\\\/person\\\/6f650f90b2842cd4c0cc334b4e36f67e\",\"name\":\"thomas.berner\",\"image\":{\"@type\":\"ImageObject\",\"inLanguage\":\"en-US\",\"@id\":\"https:\\\/\\\/secure.gravatar.com\\\/avatar\\\/ac5001d2a36cb6c6cd3e50789007ffca834b477b74a2144564522e944eabff61?s=96&d=mm&r=g\",\"url\":\"https:\\\/\\\/secure.gravatar.com\\\/avatar\\\/ac5001d2a36cb6c6cd3e50789007ffca834b477b74a2144564522e944eabff61?s=96&d=mm&r=g\",\"contentUrl\":\"https:\\\/\\\/secure.gravatar.com\\\/avatar\\\/ac5001d2a36cb6c6cd3e50789007ffca834b477b74a2144564522e944eabff61?s=96&d=mm&r=g\",\"caption\":\"thomas.berner\"},\"url\":\"https:\\\/\\\/www.organisator.ch\\\/en\\\/author\\\/thomas-berner\\\/\"}]}<\/script>\n<!-- \/ Yoast SEO plugin. -->","yoast_head_json":{"title":"The seven fields of action for digitization - Organizer","description":"At the 1st Digital Summit for SMEs, the presentation of an as yet unpublished study by the University of Applied Sciences Northwestern Switzerland FHNW attracted particular interest.","robots":{"index":"index","follow":"follow","max-snippet":"max-snippet:-1","max-image-preview":"max-image-preview:large","max-video-preview":"max-video-preview:-1"},"canonical":"https:\/\/www.organisator.ch\/en\/management\/2017-09-01\/die-sieben-handlungsfelder-der-digitalisierung\/","og_locale":"en_US","og_type":"article","og_title":"Die sieben Handlungsfelder der Digitalisierung","og_description":"Am Digital Summit f\u00fcr KMU stiess vor allem die Pr\u00e4sentation einer noch unver\u00f6ffentlichten Studie der Fachhochschule Nordwestschweiz #FHNW auf Interesse.","og_url":"https:\/\/www.organisator.ch\/en\/management\/2017-09-01\/die-sieben-handlungsfelder-der-digitalisierung\/","og_site_name":"Organisator","article_publisher":"https:\/\/www.facebook.com\/OrganisatorFachmagazin","article_published_time":"2017-09-01T07:26:41+00:00","og_image":[{"width":640,"height":427,"url":"https:\/\/www.organisator.ch\/wp-content\/uploads\/2017\/09\/Die-sieben-Handlungsfelder-der-Digitalisierung_Organisator.jpg","type":"image\/jpeg"}],"author":"thomas.berner","twitter_card":"summary_large_image","twitter_title":"Die sieben #Handlungsfelder der #Digitalisierung #DigitalSummitKMU","twitter_description":"Am Digital Summit f\u00fcr KMU stiess vor allem die Pr\u00e4sentation einer noch unver\u00f6ffentlichten Studie der Fachhochschule Nordwestschweiz #FHNW auf Interesse.","twitter_image":"https:\/\/www.organisator.ch\/wp-content\/uploads\/2017\/09\/Die-sieben-Handlungsfelder-der-Digitalisierung_Organisator.jpg","schema":{"@context":"https:\/\/schema.org","@graph":[{"@type":"Article","@id":"https:\/\/www.organisator.ch\/management\/2017-09-01\/die-sieben-handlungsfelder-der-digitalisierung\/#article","isPartOf":{"@id":"https:\/\/www.organisator.ch\/management\/2017-09-01\/die-sieben-handlungsfelder-der-digitalisierung\/"},"author":{"name":"thomas.berner","@id":"https:\/\/www.organisator.ch\/#\/schema\/person\/6f650f90b2842cd4c0cc334b4e36f67e"},"headline":"Die sieben Handlungsfelder der Digitalisierung","datePublished":"2017-09-01T07:26:41+00:00","mainEntityOfPage":{"@id":"https:\/\/www.organisator.ch\/management\/2017-09-01\/die-sieben-handlungsfelder-der-digitalisierung\/"},"wordCount":432,"commentCount":0,"publisher":{"@id":"https:\/\/www.organisator.ch\/#organization"},"image":{"@id":"https:\/\/www.organisator.ch\/management\/2017-09-01\/die-sieben-handlungsfelder-der-digitalisierung\/#primaryimage"},"thumbnailUrl":"https:\/\/www.organisator.ch\/wp-content\/uploads\/2017\/09\/Die-sieben-Handlungsfelder-der-Digitalisierung_Organisator.jpg","keywords":["Digitalisierung","Fachkongress\/Fachmesse","IT","Unternehmensf\u00fchrung"],"articleSection":["MANAGEMENT"],"inLanguage":"en-US"},{"@type":"WebPage","@id":"https:\/\/www.organisator.ch\/management\/2017-09-01\/die-sieben-handlungsfelder-der-digitalisierung\/","url":"https:\/\/www.organisator.ch\/management\/2017-09-01\/die-sieben-handlungsfelder-der-digitalisierung\/","name":"The seven fields of action for digitization - Organizer","isPartOf":{"@id":"https:\/\/www.organisator.ch\/#website"},"primaryImageOfPage":{"@id":"https:\/\/www.organisator.ch\/management\/2017-09-01\/die-sieben-handlungsfelder-der-digitalisierung\/#primaryimage"},"image":{"@id":"https:\/\/www.organisator.ch\/management\/2017-09-01\/die-sieben-handlungsfelder-der-digitalisierung\/#primaryimage"},"thumbnailUrl":"https:\/\/www.organisator.ch\/wp-content\/uploads\/2017\/09\/Die-sieben-Handlungsfelder-der-Digitalisierung_Organisator.jpg","datePublished":"2017-09-01T07:26:41+00:00","description":"At the 1st Digital Summit for SMEs, the presentation of an as yet unpublished study by the University of Applied Sciences Northwestern Switzerland FHNW attracted particular interest.","breadcrumb":{"@id":"https:\/\/www.organisator.ch\/management\/2017-09-01\/die-sieben-handlungsfelder-der-digitalisierung\/#breadcrumb"},"inLanguage":"en-US","potentialAction":[{"@type":"ReadAction","target":["https:\/\/www.organisator.ch\/management\/2017-09-01\/die-sieben-handlungsfelder-der-digitalisierung\/"]}]},{"@type":"ImageObject","inLanguage":"en-US","@id":"https:\/\/www.organisator.ch\/management\/2017-09-01\/die-sieben-handlungsfelder-der-digitalisierung\/#primaryimage","url":"https:\/\/www.organisator.ch\/wp-content\/uploads\/2017\/09\/Die-sieben-Handlungsfelder-der-Digitalisierung_Organisator.jpg","contentUrl":"https:\/\/www.organisator.ch\/wp-content\/uploads\/2017\/09\/Die-sieben-Handlungsfelder-der-Digitalisierung_Organisator.jpg","width":640,"height":427,"caption":"\"Total digital\" am Digital Summit f\u00fcr KMU: Doch wo liegen die entscheidenden Handlungsfelder der Digitalisierung? Eine Studie lieferte erste Antworten. (Foto: Pressedienst Digital Summit)"},{"@type":"BreadcrumbList","@id":"https:\/\/www.organisator.ch\/management\/2017-09-01\/die-sieben-handlungsfelder-der-digitalisierung\/#breadcrumb","itemListElement":[{"@type":"ListItem","position":1,"name":"Home","item":"https:\/\/www.organisator.ch\/"},{"@type":"ListItem","position":2,"name":"Die sieben Handlungsfelder der Digitalisierung"}]},{"@type":"WebSite","@id":"https:\/\/www.organisator.ch\/#website","url":"https:\/\/www.organisator.ch\/","name":"Organizer","description":"Competent. Practical. In 10 issues per year, ORGANISATOR presents the essential topics for managers of SMEs.","publisher":{"@id":"https:\/\/www.organisator.ch\/#organization"},"potentialAction":[{"@type":"SearchAction","target":{"@type":"EntryPoint","urlTemplate":"https:\/\/www.organisator.ch\/?s={search_term_string}"},"query-input":{"@type":"PropertyValueSpecification","valueRequired":true,"valueName":"search_term_string"}}],"inLanguage":"en-US"},{"@type":"Organization","@id":"https:\/\/www.organisator.ch\/#organization","name":"Organizer","url":"https:\/\/www.organisator.ch\/","logo":{"@type":"ImageObject","inLanguage":"en-US","@id":"https:\/\/www.organisator.ch\/#\/schema\/logo\/image\/","url":"https:\/\/www.organisator.ch\/wp-content\/uploads\/2022\/01\/Logo_Organisator_Website.png","contentUrl":"https:\/\/www.organisator.ch\/wp-content\/uploads\/2022\/01\/Logo_Organisator_Website.png","width":800,"height":77,"caption":"Organisator"},"image":{"@id":"https:\/\/www.organisator.ch\/#\/schema\/logo\/image\/"},"sameAs":["https:\/\/www.facebook.com\/OrganisatorFachmagazin","https:\/\/www.linkedin.com\/showcase\/organisator-das-magazin-fr-kmu","https:\/\/www.xing.com\/news\/pages\/organisator-ch-695","https:\/\/www.youtube.com\/channel\/UCGP2Sq0iWaZwT3BdIAQFYpw"]},{"@type":"Person","@id":"https:\/\/www.organisator.ch\/#\/schema\/person\/6f650f90b2842cd4c0cc334b4e36f67e","name":"thomas.berner","image":{"@type":"ImageObject","inLanguage":"en-US","@id":"https:\/\/secure.gravatar.com\/avatar\/ac5001d2a36cb6c6cd3e50789007ffca834b477b74a2144564522e944eabff61?s=96&d=mm&r=g","url":"https:\/\/secure.gravatar.com\/avatar\/ac5001d2a36cb6c6cd3e50789007ffca834b477b74a2144564522e944eabff61?s=96&d=mm&r=g","contentUrl":"https:\/\/secure.gravatar.com\/avatar\/ac5001d2a36cb6c6cd3e50789007ffca834b477b74a2144564522e944eabff61?s=96&d=mm&r=g","caption":"thomas.berner"},"url":"https:\/\/www.organisator.ch\/en\/author\/thomas-berner\/"}]}},"_links":{"self":[{"href":"https:\/\/www.organisator.ch\/en\/wp-json\/wp\/v2\/posts\/2382","targetHints":{"allow":["GET"]}}],"collection":[{"href":"https:\/\/www.organisator.ch\/en\/wp-json\/wp\/v2\/posts"}],"about":[{"href":"https:\/\/www.organisator.ch\/en\/wp-json\/wp\/v2\/types\/post"}],"author":[{"embeddable":true,"href":"https:\/\/www.organisator.ch\/en\/wp-json\/wp\/v2\/users\/4"}],"replies":[{"embeddable":true,"href":"https:\/\/www.organisator.ch\/en\/wp-json\/wp\/v2\/comments?post=2382"}],"version-history":[{"count":0,"href":"https:\/\/www.organisator.ch\/en\/wp-json\/wp\/v2\/posts\/2382\/revisions"}],"wp:featuredmedia":[{"embeddable":true,"href":"https:\/\/www.organisator.ch\/en\/wp-json\/wp\/v2\/media\/2383"}],"wp:attachment":[{"href":"https:\/\/www.organisator.ch\/en\/wp-json\/wp\/v2\/media?parent=2382"}],"wp:term":[{"taxonomy":"category","embeddable":true,"href":"https:\/\/www.organisator.ch\/en\/wp-json\/wp\/v2\/categories?post=2382"},{"taxonomy":"post_tag","embeddable":true,"href":"https:\/\/www.organisator.ch\/en\/wp-json\/wp\/v2\/tags?post=2382"}],"curies":[{"name":"wp","href":"https:\/\/api.w.org\/{rel}","templated":true}]}}