{"id":23843,"date":"2023-12-13T08:22:24","date_gmt":"2023-12-13T07:22:24","guid":{"rendered":"https:\/\/www.organisator.ch\/?p=23843"},"modified":"2023-12-14T14:41:42","modified_gmt":"2023-12-14T13:41:42","slug":"schweizer-arbeitsmarkt-widersteht-dem-globalen-abschwung","status":"publish","type":"post","link":"https:\/\/www.organisator.ch\/en\/human-resources\/2023-12-13\/schweizer-arbeitsmarkt-widersteht-dem-globalen-abschwung\/","title":{"rendered":"Swiss labor market resists the global downturn"},"content":{"rendered":"<figure id=\"attachment_23845\" class=\"wp-caption alignnone\" style=\"width: 680px;\" aria-describedby=\"caption-attachment-23845\"><img class=\"size-full wp-image-23845\" src=\"https:\/\/www.organisator.ch\/wp-content\/uploads\/2023\/12\/Manpowergroup_Bild1_ps.jpg\" sizes=\"(max-width: 680px) 100vw, 680px\" srcset=\"https:\/\/www.organisator.ch\/wp-content\/uploads\/2023\/12\/Manpowergroup_Bild1_ps.jpg 680w, https:\/\/www.organisator.ch\/wp-content\/uploads\/2023\/12\/Manpowergroup_Bild1_ps-18x12.jpg 18w, https:\/\/www.organisator.ch\/wp-content\/uploads\/2023\/12\/Manpowergroup_Bild1_ps-375x250.jpg 375w, https:\/\/www.organisator.ch\/wp-content\/uploads\/2023\/12\/Manpowergroup_Bild1_ps-525x350.jpg 525w\" alt=\"\" width=\"680\" height=\"453\" \/>\r\n<figcaption id=\"caption-attachment-23845\" class=\"wp-caption-text\">Despite challenges, the employment outlook for Swiss companies remains positive for the coming quarter. (Image: www.pexels.com)<\/figcaption>\r\n<\/figure>\r\n<p>Although the ongoing talent shortage has decreased slightly since last year, its impact remains a key issue. This underlines the need for strategic staffing solutions in order to successfully overcome the evolving economic challenges.<\/p>\r\n<p>Against the backdrop of inflation, the strength of the Swiss franc, the global economic slowdown and ongoing political tensions, moderate economic growth is expected for Switzerland in 2024. Despite these challenges, the employment outlook for Swiss companies remains positive for the coming quarter. In fact, the forecast Net Employment Outlook (NEO) stands at 33%, which is a decrease of 6 percentage points compared to the previous quarter, but 6 percentage points higher than last year.<\/p>\r\n<p>The breakdown indicates a positive hiring trend: 44% of respondents expect an increase in the number of employees, 41% expect no change and 13% forecast a decrease. Compared to the Europe, Middle East and Africa (EMEA) region, Switzerland is in second place in terms of employment prospects after the Netherlands (37%) and is therefore 10 percentage points above the regional average.<\/p>\r\n<h3><strong>Strength in the domestic market, challenges for export industries<\/strong><\/h3>\r\n<p>The sectors operating in Germany show a generally positive outlook for the coming quarter. The information technology (IT) sector in particular has a hiring outlook of 62%, an increase of 38 percentage points compared to the previous quarter and 16 percentage points compared to the same period last year. The finance and real estate sector follows with an outlook of 54%, an increase of 28 percentage points compared to the previous quarter and 36 percentage points year-on-year. Although the communication services sector has seen a decline of 20 percentage points since the last quarter, it still maintains a positive outlook of 46%. Year-on-year, the sector continues to show an increase in hiring prospects of 16%.<\/p>\r\n<p>However, the picture is more moderate for the export-oriented sectors, where hiring prospects are more cautious. The transportation, logistics and automotive sector has a net employment outlook of 25%, which represents a significant decline of 37 percentage points since the last quarter. Similarly, the energy and industry sector has an outlook of 23%, which represents a decrease of 30 percentage points compared to the previous quarter.\u00a0<\/p>\r\n<p>At a regional level, the employment outlook is positive throughout Switzerland. The strongest labor markets are expected in Central Switzerland (45%) and Zurich (44%), both with an increase of 7 percentage points compared to the previous quarter. These regions show a significant increase of 30 and 19 percentage points respectively compared to the previous year. The remaining seven regions show a decline compared to the previous quarter: With an employment outlook of 26 %, the Ticino region recorded the most significant decline of 31 percentage points compared to the previous quarter and 19 percentage points compared to the previous year.<\/p>\r\n<h3><strong>Overcoming the talent shortage\u00a0<\/strong><\/h3>\r\n<p>Despite an optimistic employment outlook, Swiss employers are facing a significant challenge: In fact, 73% of companies are struggling to fill vacancies due to a lack of qualified talent. The low unemployment rate further exacerbates this problem and intensifies the competition for qualified specialists. According to a study, skills in IT and data (29%), production and manufacturing (22%), engineering (21%) and operations and logistics (20%) are most in demand.<\/p>\r\n<p>To find, attract and recruit talent, Swiss employers are prioritizing work flexibility (48%) and offering more options in terms of working hours and locations. They are also considering salary increases (30%) and evaluating new talent pools, such as older workers and cross-border talent (28%).<\/p>\r\n<h3><strong>Strategic priorities for 2024: overcoming trends and challenges in the HR sector<\/strong><\/h3>\r\n<p>Looking ahead to 2024, companies say they are proactively aligning their strategies with the diverse and influential trends shaping the world of work. The most important trend is employee wellbeing, as emphasized by 65% of respondents. This trend has a high or medium influence on companies' strategic plans. Recruitment of skilled workers follows closely behind, with 63% stating that this trend has a significant impact on their plans. This underlines companies' focus on attracting and retaining skilled talent.<\/p>\r\n<p>Furthermore, 55% of companies show an interest in dynamics such as overcoming potential threats from a recession, promoting diversity, equality and inclusion initiatives and optimizing fixed-term contracts. In addition, 50-55% of companies are looking closely at issues such as internal office labor policies, the phenomenon of mass layoffs and the transition to artificial intelligence (AI) and technology.<\/p>\r\n<p>In terms of integrating (AI) into the workforce, employers cite training employees (26 %) and understanding what new skills need to be acquired. Finding qualified talent and creating relevant training and development programs are also cited as the most significant challenges (20 %) to take full advantage of the technology.<\/p>\r\n<p><em>Source: <a href=\"https:\/\/www.manpowergroup.ch\/de\/\">www.manpowergroup.ch<\/a><\/em><\/p>","protected":false},"excerpt":{"rendered":"<p>Despite the current economic challenges, the latest results of the ManpowerGroup Employment Survey show that hiring plans in Switzerland remain robust and the outlook for the next three months remains optimistic. <\/p>","protected":false},"author":58,"featured_media":23845,"comment_status":"closed","ping_status":"closed","sticky":false,"template":"","format":"standard","meta":{"_acf_changed":false,"_yoast_wpseo_focuskw":"Arbeitsmarkt","_yoast_wpseo_metadesc":"Trotz der aktuellen wirtschaftlichen Herausforderungen zeigen die neuesten Ergebnisse der ManpowerGroup Studie, dass die Einstellungspl\u00e4ne in der Schweiz weiterhin robust sind.","articlekey":"","footnotes":""},"categories":[579],"tags":[47,3506,459,492],"class_list":["post-23843","post","type-post","status-publish","format-standard","has-post-thumbnail","hentry","category-human-resources","tag-arbeitsmarkt","tag-human-resources","tag-studie","tag-unternehmen"],"acf":[],"yoast_head":"<!-- This site is optimized with the Yoast SEO plugin v27.5 - https:\/\/yoast.com\/product\/yoast-seo-wordpress\/ -->\n<title>Schweizer Arbeitsmarkt widersteht dem globalen Abschwung - Organisator<\/title>\n<meta name=\"description\" content=\"Trotz der aktuellen wirtschaftlichen Herausforderungen zeigen die neuesten Ergebnisse der ManpowerGroup Studie, dass die Einstellungspl\u00e4ne in der Schweiz weiterhin robust sind.\" \/>\n<meta name=\"robots\" content=\"index, follow, max-snippet:-1, max-image-preview:large, max-video-preview:-1\" \/>\n<link rel=\"canonical\" href=\"https:\/\/www.organisator.ch\/en\/human-resources\/2023-12-13\/schweizer-arbeitsmarkt-widersteht-dem-globalen-abschwung\/\" \/>\n<meta property=\"og:locale\" content=\"en_US\" \/>\n<meta property=\"og:type\" content=\"article\" \/>\n<meta property=\"og:title\" content=\"Schweizer Arbeitsmarkt widersteht dem globalen Abschwung\" \/>\n<meta property=\"og:description\" content=\"Trotz der aktuellen wirtschaftlichen Herausforderungen zeigen die neuesten Ergebnisse der ManpowerGroup Studie, dass die Einstellungspl\u00e4ne in der Schweiz weiterhin robust sind.\" \/>\n<meta property=\"og:url\" content=\"https:\/\/www.organisator.ch\/en\/human-resources\/2023-12-13\/schweizer-arbeitsmarkt-widersteht-dem-globalen-abschwung\/\" \/>\n<meta property=\"og:site_name\" content=\"Organisator\" \/>\n<meta property=\"article:publisher\" content=\"https:\/\/www.facebook.com\/OrganisatorFachmagazin\" \/>\n<meta property=\"article:published_time\" content=\"2023-12-13T07:22:24+00:00\" \/>\n<meta property=\"article:modified_time\" content=\"2023-12-14T13:41:42+00:00\" \/>\n<meta property=\"og:image\" content=\"https:\/\/www.organisator.ch\/wp-content\/uploads\/2023\/12\/Manpowergroup_Bild1_ps.jpg\" \/>\n\t<meta property=\"og:image:width\" content=\"680\" \/>\n\t<meta property=\"og:image:height\" content=\"453\" \/>\n\t<meta property=\"og:image:type\" content=\"image\/jpeg\" \/>\n<meta name=\"author\" content=\"Adelisa Kalajdzini\" \/>\n<meta name=\"twitter:card\" content=\"summary_large_image\" \/>\n<meta name=\"twitter:title\" content=\"Schweizer Arbeitsmarkt widersteht dem globalen Abschwung\" \/>\n<meta name=\"twitter:description\" content=\"Trotz der aktuellen wirtschaftlichen Herausforderungen zeigen die neuesten Ergebnisse der #ManpowerGroup #Studie, dass die #Einstellungspl\u00e4ne in der #Schweiz weiterhin robust sind.\" \/>\n<meta name=\"twitter:image\" content=\"https:\/\/www.organisator.ch\/wp-content\/uploads\/2023\/12\/Manpowergroup_Bild1_ps.jpg\" \/>\n<script type=\"application\/ld+json\" class=\"yoast-schema-graph\">{\"@context\":\"https:\\\/\\\/schema.org\",\"@graph\":[{\"@type\":\"Article\",\"@id\":\"https:\\\/\\\/www.organisator.ch\\\/human-resources\\\/2023-12-13\\\/schweizer-arbeitsmarkt-widersteht-dem-globalen-abschwung\\\/#article\",\"isPartOf\":{\"@id\":\"https:\\\/\\\/www.organisator.ch\\\/human-resources\\\/2023-12-13\\\/schweizer-arbeitsmarkt-widersteht-dem-globalen-abschwung\\\/\"},\"author\":{\"name\":\"Adelisa Kalajdzini\",\"@id\":\"https:\\\/\\\/www.organisator.ch\\\/#\\\/schema\\\/person\\\/2e1314a2172123f874db408d8911d3f3\"},\"headline\":\"Schweizer Arbeitsmarkt widersteht dem globalen Abschwung\",\"datePublished\":\"2023-12-13T07:22:24+00:00\",\"dateModified\":\"2023-12-14T13:41:42+00:00\",\"mainEntityOfPage\":{\"@id\":\"https:\\\/\\\/www.organisator.ch\\\/human-resources\\\/2023-12-13\\\/schweizer-arbeitsmarkt-widersteht-dem-globalen-abschwung\\\/\"},\"wordCount\":812,\"publisher\":{\"@id\":\"https:\\\/\\\/www.organisator.ch\\\/#organization\"},\"image\":{\"@id\":\"https:\\\/\\\/www.organisator.ch\\\/human-resources\\\/2023-12-13\\\/schweizer-arbeitsmarkt-widersteht-dem-globalen-abschwung\\\/#primaryimage\"},\"thumbnailUrl\":\"https:\\\/\\\/www.organisator.ch\\\/wp-content\\\/uploads\\\/2023\\\/12\\\/Manpowergroup_Bild1_ps.jpg\",\"keywords\":[\"Arbeitsmarkt\",\"Human Resources\",\"Studie\",\"Unternehmen\"],\"articleSection\":[\"HUMAN RESOURCES\"],\"inLanguage\":\"en-US\"},{\"@type\":\"WebPage\",\"@id\":\"https:\\\/\\\/www.organisator.ch\\\/human-resources\\\/2023-12-13\\\/schweizer-arbeitsmarkt-widersteht-dem-globalen-abschwung\\\/\",\"url\":\"https:\\\/\\\/www.organisator.ch\\\/human-resources\\\/2023-12-13\\\/schweizer-arbeitsmarkt-widersteht-dem-globalen-abschwung\\\/\",\"name\":\"Schweizer Arbeitsmarkt widersteht dem globalen Abschwung - Organisator\",\"isPartOf\":{\"@id\":\"https:\\\/\\\/www.organisator.ch\\\/#website\"},\"primaryImageOfPage\":{\"@id\":\"https:\\\/\\\/www.organisator.ch\\\/human-resources\\\/2023-12-13\\\/schweizer-arbeitsmarkt-widersteht-dem-globalen-abschwung\\\/#primaryimage\"},\"image\":{\"@id\":\"https:\\\/\\\/www.organisator.ch\\\/human-resources\\\/2023-12-13\\\/schweizer-arbeitsmarkt-widersteht-dem-globalen-abschwung\\\/#primaryimage\"},\"thumbnailUrl\":\"https:\\\/\\\/www.organisator.ch\\\/wp-content\\\/uploads\\\/2023\\\/12\\\/Manpowergroup_Bild1_ps.jpg\",\"datePublished\":\"2023-12-13T07:22:24+00:00\",\"dateModified\":\"2023-12-14T13:41:42+00:00\",\"description\":\"Trotz der aktuellen wirtschaftlichen Herausforderungen zeigen die neuesten Ergebnisse der ManpowerGroup Studie, dass die Einstellungspl\u00e4ne in der Schweiz weiterhin robust sind.\",\"breadcrumb\":{\"@id\":\"https:\\\/\\\/www.organisator.ch\\\/human-resources\\\/2023-12-13\\\/schweizer-arbeitsmarkt-widersteht-dem-globalen-abschwung\\\/#breadcrumb\"},\"inLanguage\":\"en-US\",\"potentialAction\":[{\"@type\":\"ReadAction\",\"target\":[\"https:\\\/\\\/www.organisator.ch\\\/human-resources\\\/2023-12-13\\\/schweizer-arbeitsmarkt-widersteht-dem-globalen-abschwung\\\/\"]}]},{\"@type\":\"ImageObject\",\"inLanguage\":\"en-US\",\"@id\":\"https:\\\/\\\/www.organisator.ch\\\/human-resources\\\/2023-12-13\\\/schweizer-arbeitsmarkt-widersteht-dem-globalen-abschwung\\\/#primaryimage\",\"url\":\"https:\\\/\\\/www.organisator.ch\\\/wp-content\\\/uploads\\\/2023\\\/12\\\/Manpowergroup_Bild1_ps.jpg\",\"contentUrl\":\"https:\\\/\\\/www.organisator.ch\\\/wp-content\\\/uploads\\\/2023\\\/12\\\/Manpowergroup_Bild1_ps.jpg\",\"width\":680,\"height\":453,\"caption\":\"Trotz Herausforderungen bleiben die Besch\u00e4ftigungsaussichten der Schweizer Unternehmen f\u00fcr das kommende Quartal positiv. (Bild: www.pexels.com)\"},{\"@type\":\"BreadcrumbList\",\"@id\":\"https:\\\/\\\/www.organisator.ch\\\/human-resources\\\/2023-12-13\\\/schweizer-arbeitsmarkt-widersteht-dem-globalen-abschwung\\\/#breadcrumb\",\"itemListElement\":[{\"@type\":\"ListItem\",\"position\":1,\"name\":\"Home\",\"item\":\"https:\\\/\\\/www.organisator.ch\\\/\"},{\"@type\":\"ListItem\",\"position\":2,\"name\":\"Schweizer Arbeitsmarkt widersteht dem globalen Abschwung\"}]},{\"@type\":\"WebSite\",\"@id\":\"https:\\\/\\\/www.organisator.ch\\\/#website\",\"url\":\"https:\\\/\\\/www.organisator.ch\\\/\",\"name\":\"Organisator\",\"description\":\"Kompetent. Praxisnah. Der ORGANISATOR bereitet in 10 Ausgaben pro Jahr die wesentlichen Themen f\u00fcr F\u00fchrungskr\u00e4fte von KMU auf.\",\"publisher\":{\"@id\":\"https:\\\/\\\/www.organisator.ch\\\/#organization\"},\"potentialAction\":[{\"@type\":\"SearchAction\",\"target\":{\"@type\":\"EntryPoint\",\"urlTemplate\":\"https:\\\/\\\/www.organisator.ch\\\/?s={search_term_string}\"},\"query-input\":{\"@type\":\"PropertyValueSpecification\",\"valueRequired\":true,\"valueName\":\"search_term_string\"}}],\"inLanguage\":\"en-US\"},{\"@type\":\"Organization\",\"@id\":\"https:\\\/\\\/www.organisator.ch\\\/#organization\",\"name\":\"Organisator\",\"url\":\"https:\\\/\\\/www.organisator.ch\\\/\",\"logo\":{\"@type\":\"ImageObject\",\"inLanguage\":\"en-US\",\"@id\":\"https:\\\/\\\/www.organisator.ch\\\/#\\\/schema\\\/logo\\\/image\\\/\",\"url\":\"https:\\\/\\\/www.organisator.ch\\\/wp-content\\\/uploads\\\/2022\\\/01\\\/Logo_Organisator_Website.png\",\"contentUrl\":\"https:\\\/\\\/www.organisator.ch\\\/wp-content\\\/uploads\\\/2022\\\/01\\\/Logo_Organisator_Website.png\",\"width\":800,\"height\":77,\"caption\":\"Organisator\"},\"image\":{\"@id\":\"https:\\\/\\\/www.organisator.ch\\\/#\\\/schema\\\/logo\\\/image\\\/\"},\"sameAs\":[\"https:\\\/\\\/www.facebook.com\\\/OrganisatorFachmagazin\",\"https:\\\/\\\/www.linkedin.com\\\/showcase\\\/organisator-das-magazin-fr-kmu\",\"https:\\\/\\\/www.xing.com\\\/news\\\/pages\\\/organisator-ch-695\",\"https:\\\/\\\/www.youtube.com\\\/channel\\\/UCGP2Sq0iWaZwT3BdIAQFYpw\"]},{\"@type\":\"Person\",\"@id\":\"https:\\\/\\\/www.organisator.ch\\\/#\\\/schema\\\/person\\\/2e1314a2172123f874db408d8911d3f3\",\"name\":\"Adelisa Kalajdzini\",\"image\":{\"@type\":\"ImageObject\",\"inLanguage\":\"en-US\",\"@id\":\"https:\\\/\\\/secure.gravatar.com\\\/avatar\\\/09a397c22ac58cad6f160ee8306348599df9df58a8ede73696226897b9fa4b24?s=96&d=mm&r=g\",\"url\":\"https:\\\/\\\/secure.gravatar.com\\\/avatar\\\/09a397c22ac58cad6f160ee8306348599df9df58a8ede73696226897b9fa4b24?s=96&d=mm&r=g\",\"contentUrl\":\"https:\\\/\\\/secure.gravatar.com\\\/avatar\\\/09a397c22ac58cad6f160ee8306348599df9df58a8ede73696226897b9fa4b24?s=96&d=mm&r=g\",\"caption\":\"Adelisa Kalajdzini\"},\"url\":\"https:\\\/\\\/www.organisator.ch\\\/en\\\/author\\\/adelisa-kalajdzini\\\/\"}]}<\/script>\n<!-- \/ Yoast SEO plugin. -->","yoast_head_json":{"title":"Swiss labor market resists global downturn - Organizer","description":"Despite the current economic challenges, the latest results of the ManpowerGroup study show that recruitment plans in Switzerland remain robust.","robots":{"index":"index","follow":"follow","max-snippet":"max-snippet:-1","max-image-preview":"max-image-preview:large","max-video-preview":"max-video-preview:-1"},"canonical":"https:\/\/www.organisator.ch\/en\/human-resources\/2023-12-13\/schweizer-arbeitsmarkt-widersteht-dem-globalen-abschwung\/","og_locale":"en_US","og_type":"article","og_title":"Schweizer Arbeitsmarkt widersteht dem globalen Abschwung","og_description":"Trotz der aktuellen wirtschaftlichen Herausforderungen zeigen die neuesten Ergebnisse der ManpowerGroup Studie, dass die Einstellungspl\u00e4ne in der Schweiz weiterhin robust sind.","og_url":"https:\/\/www.organisator.ch\/en\/human-resources\/2023-12-13\/schweizer-arbeitsmarkt-widersteht-dem-globalen-abschwung\/","og_site_name":"Organisator","article_publisher":"https:\/\/www.facebook.com\/OrganisatorFachmagazin","article_published_time":"2023-12-13T07:22:24+00:00","article_modified_time":"2023-12-14T13:41:42+00:00","og_image":[{"width":680,"height":453,"url":"https:\/\/www.organisator.ch\/wp-content\/uploads\/2023\/12\/Manpowergroup_Bild1_ps.jpg","type":"image\/jpeg"}],"author":"Adelisa Kalajdzini","twitter_card":"summary_large_image","twitter_title":"Schweizer Arbeitsmarkt widersteht dem globalen Abschwung","twitter_description":"Trotz der aktuellen wirtschaftlichen Herausforderungen zeigen die neuesten Ergebnisse der #ManpowerGroup #Studie, dass die #Einstellungspl\u00e4ne in der #Schweiz weiterhin robust sind.","twitter_image":"https:\/\/www.organisator.ch\/wp-content\/uploads\/2023\/12\/Manpowergroup_Bild1_ps.jpg","schema":{"@context":"https:\/\/schema.org","@graph":[{"@type":"Article","@id":"https:\/\/www.organisator.ch\/human-resources\/2023-12-13\/schweizer-arbeitsmarkt-widersteht-dem-globalen-abschwung\/#article","isPartOf":{"@id":"https:\/\/www.organisator.ch\/human-resources\/2023-12-13\/schweizer-arbeitsmarkt-widersteht-dem-globalen-abschwung\/"},"author":{"name":"Adelisa Kalajdzini","@id":"https:\/\/www.organisator.ch\/#\/schema\/person\/2e1314a2172123f874db408d8911d3f3"},"headline":"Schweizer Arbeitsmarkt widersteht dem globalen Abschwung","datePublished":"2023-12-13T07:22:24+00:00","dateModified":"2023-12-14T13:41:42+00:00","mainEntityOfPage":{"@id":"https:\/\/www.organisator.ch\/human-resources\/2023-12-13\/schweizer-arbeitsmarkt-widersteht-dem-globalen-abschwung\/"},"wordCount":812,"publisher":{"@id":"https:\/\/www.organisator.ch\/#organization"},"image":{"@id":"https:\/\/www.organisator.ch\/human-resources\/2023-12-13\/schweizer-arbeitsmarkt-widersteht-dem-globalen-abschwung\/#primaryimage"},"thumbnailUrl":"https:\/\/www.organisator.ch\/wp-content\/uploads\/2023\/12\/Manpowergroup_Bild1_ps.jpg","keywords":["Arbeitsmarkt","Human Resources","Studie","Unternehmen"],"articleSection":["HUMAN RESOURCES"],"inLanguage":"en-US"},{"@type":"WebPage","@id":"https:\/\/www.organisator.ch\/human-resources\/2023-12-13\/schweizer-arbeitsmarkt-widersteht-dem-globalen-abschwung\/","url":"https:\/\/www.organisator.ch\/human-resources\/2023-12-13\/schweizer-arbeitsmarkt-widersteht-dem-globalen-abschwung\/","name":"Swiss labor market resists global downturn - Organizer","isPartOf":{"@id":"https:\/\/www.organisator.ch\/#website"},"primaryImageOfPage":{"@id":"https:\/\/www.organisator.ch\/human-resources\/2023-12-13\/schweizer-arbeitsmarkt-widersteht-dem-globalen-abschwung\/#primaryimage"},"image":{"@id":"https:\/\/www.organisator.ch\/human-resources\/2023-12-13\/schweizer-arbeitsmarkt-widersteht-dem-globalen-abschwung\/#primaryimage"},"thumbnailUrl":"https:\/\/www.organisator.ch\/wp-content\/uploads\/2023\/12\/Manpowergroup_Bild1_ps.jpg","datePublished":"2023-12-13T07:22:24+00:00","dateModified":"2023-12-14T13:41:42+00:00","description":"Despite the current economic challenges, the latest results of the ManpowerGroup study show that recruitment plans in Switzerland remain robust.","breadcrumb":{"@id":"https:\/\/www.organisator.ch\/human-resources\/2023-12-13\/schweizer-arbeitsmarkt-widersteht-dem-globalen-abschwung\/#breadcrumb"},"inLanguage":"en-US","potentialAction":[{"@type":"ReadAction","target":["https:\/\/www.organisator.ch\/human-resources\/2023-12-13\/schweizer-arbeitsmarkt-widersteht-dem-globalen-abschwung\/"]}]},{"@type":"ImageObject","inLanguage":"en-US","@id":"https:\/\/www.organisator.ch\/human-resources\/2023-12-13\/schweizer-arbeitsmarkt-widersteht-dem-globalen-abschwung\/#primaryimage","url":"https:\/\/www.organisator.ch\/wp-content\/uploads\/2023\/12\/Manpowergroup_Bild1_ps.jpg","contentUrl":"https:\/\/www.organisator.ch\/wp-content\/uploads\/2023\/12\/Manpowergroup_Bild1_ps.jpg","width":680,"height":453,"caption":"Trotz Herausforderungen bleiben die Besch\u00e4ftigungsaussichten der Schweizer Unternehmen f\u00fcr das kommende Quartal positiv. (Bild: www.pexels.com)"},{"@type":"BreadcrumbList","@id":"https:\/\/www.organisator.ch\/human-resources\/2023-12-13\/schweizer-arbeitsmarkt-widersteht-dem-globalen-abschwung\/#breadcrumb","itemListElement":[{"@type":"ListItem","position":1,"name":"Home","item":"https:\/\/www.organisator.ch\/"},{"@type":"ListItem","position":2,"name":"Schweizer Arbeitsmarkt widersteht dem globalen Abschwung"}]},{"@type":"WebSite","@id":"https:\/\/www.organisator.ch\/#website","url":"https:\/\/www.organisator.ch\/","name":"Organizer","description":"Competent. Practical. In 10 issues per year, ORGANISATOR presents the essential topics for managers of SMEs.","publisher":{"@id":"https:\/\/www.organisator.ch\/#organization"},"potentialAction":[{"@type":"SearchAction","target":{"@type":"EntryPoint","urlTemplate":"https:\/\/www.organisator.ch\/?s={search_term_string}"},"query-input":{"@type":"PropertyValueSpecification","valueRequired":true,"valueName":"search_term_string"}}],"inLanguage":"en-US"},{"@type":"Organization","@id":"https:\/\/www.organisator.ch\/#organization","name":"Organizer","url":"https:\/\/www.organisator.ch\/","logo":{"@type":"ImageObject","inLanguage":"en-US","@id":"https:\/\/www.organisator.ch\/#\/schema\/logo\/image\/","url":"https:\/\/www.organisator.ch\/wp-content\/uploads\/2022\/01\/Logo_Organisator_Website.png","contentUrl":"https:\/\/www.organisator.ch\/wp-content\/uploads\/2022\/01\/Logo_Organisator_Website.png","width":800,"height":77,"caption":"Organisator"},"image":{"@id":"https:\/\/www.organisator.ch\/#\/schema\/logo\/image\/"},"sameAs":["https:\/\/www.facebook.com\/OrganisatorFachmagazin","https:\/\/www.linkedin.com\/showcase\/organisator-das-magazin-fr-kmu","https:\/\/www.xing.com\/news\/pages\/organisator-ch-695","https:\/\/www.youtube.com\/channel\/UCGP2Sq0iWaZwT3BdIAQFYpw"]},{"@type":"Person","@id":"https:\/\/www.organisator.ch\/#\/schema\/person\/2e1314a2172123f874db408d8911d3f3","name":"Adelisa Kalajdzini","image":{"@type":"ImageObject","inLanguage":"en-US","@id":"https:\/\/secure.gravatar.com\/avatar\/09a397c22ac58cad6f160ee8306348599df9df58a8ede73696226897b9fa4b24?s=96&d=mm&r=g","url":"https:\/\/secure.gravatar.com\/avatar\/09a397c22ac58cad6f160ee8306348599df9df58a8ede73696226897b9fa4b24?s=96&d=mm&r=g","contentUrl":"https:\/\/secure.gravatar.com\/avatar\/09a397c22ac58cad6f160ee8306348599df9df58a8ede73696226897b9fa4b24?s=96&d=mm&r=g","caption":"Adelisa Kalajdzini"},"url":"https:\/\/www.organisator.ch\/en\/author\/adelisa-kalajdzini\/"}]}},"_links":{"self":[{"href":"https:\/\/www.organisator.ch\/en\/wp-json\/wp\/v2\/posts\/23843","targetHints":{"allow":["GET"]}}],"collection":[{"href":"https:\/\/www.organisator.ch\/en\/wp-json\/wp\/v2\/posts"}],"about":[{"href":"https:\/\/www.organisator.ch\/en\/wp-json\/wp\/v2\/types\/post"}],"author":[{"embeddable":true,"href":"https:\/\/www.organisator.ch\/en\/wp-json\/wp\/v2\/users\/58"}],"replies":[{"embeddable":true,"href":"https:\/\/www.organisator.ch\/en\/wp-json\/wp\/v2\/comments?post=23843"}],"version-history":[{"count":7,"href":"https:\/\/www.organisator.ch\/en\/wp-json\/wp\/v2\/posts\/23843\/revisions"}],"predecessor-version":[{"id":23873,"href":"https:\/\/www.organisator.ch\/en\/wp-json\/wp\/v2\/posts\/23843\/revisions\/23873"}],"wp:featuredmedia":[{"embeddable":true,"href":"https:\/\/www.organisator.ch\/en\/wp-json\/wp\/v2\/media\/23845"}],"wp:attachment":[{"href":"https:\/\/www.organisator.ch\/en\/wp-json\/wp\/v2\/media?parent=23843"}],"wp:term":[{"taxonomy":"category","embeddable":true,"href":"https:\/\/www.organisator.ch\/en\/wp-json\/wp\/v2\/categories?post=23843"},{"taxonomy":"post_tag","embeddable":true,"href":"https:\/\/www.organisator.ch\/en\/wp-json\/wp\/v2\/tags?post=23843"}],"curies":[{"name":"wp","href":"https:\/\/api.w.org\/{rel}","templated":true}]}}