{"id":2385,"date":"2017-09-05T08:15:25","date_gmt":"2017-09-05T06:15:25","guid":{"rendered":"https:\/\/www.organisator.ch\/?p=2385"},"modified":"2017-09-05T08:15:25","modified_gmt":"2017-09-05T06:15:25","slug":"erster-digital-summit-fuer-kmu-erfolgreicher-startschuss","status":"publish","type":"post","link":"https:\/\/www.organisator.ch\/en\/allgemein\/2017-09-05\/erster-digital-summit-fuer-kmu-erfolgreicher-startschuss\/","title":{"rendered":"First Digital Summit for SMEs: Successful kick-off"},"content":{"rendered":"<figure id=\"attachment_2386\" aria-describedby=\"caption-attachment-2386\" style=\"width: 640px\" class=\"wp-caption alignnone\"><img loading=\"lazy\" decoding=\"async\" class=\"size-full wp-image-2386\" src=\"https:\/\/www.organisator.ch\/wp-content\/uploads\/2017\/09\/Erster-Digital-Summit-fuer-KMU-Erfolgreicher-Startschuss_Organisator.jpg\" alt=\"\" width=\"640\" height=\"427\" srcset=\"https:\/\/www.organisator.ch\/wp-content\/uploads\/2017\/09\/Erster-Digital-Summit-fuer-KMU-Erfolgreicher-Startschuss_Organisator.jpg 640w, https:\/\/www.organisator.ch\/wp-content\/uploads\/2017\/09\/Erster-Digital-Summit-fuer-KMU-Erfolgreicher-Startschuss_Organisator-16x12.jpg 16w, https:\/\/www.organisator.ch\/wp-content\/uploads\/2017\/09\/Erster-Digital-Summit-fuer-KMU-Erfolgreicher-Startschuss_Organisator-262x175.jpg 262w, https:\/\/www.organisator.ch\/wp-content\/uploads\/2017\/09\/Erster-Digital-Summit-fuer-KMU-Erfolgreicher-Startschuss_Organisator-525x350.jpg 525w, https:\/\/www.organisator.ch\/wp-content\/uploads\/2017\/09\/Erster-Digital-Summit-fuer-KMU-Erfolgreicher-Startschuss_Organisator-300x200.jpg 300w\" sizes=\"auto, (max-width: 640px) 100vw, 640px\" \/><figcaption id=\"caption-attachment-2386\" class=\"wp-caption-text\">Rolf Schumann from SAP showed some concrete examples of \"digitized\" products at the Digital Summit for SMEs. (Image: Press Service \/ zVg)<\/figcaption><\/figure>\n<p>The more than 550 participants of the first Digital Summit for SMEs gave consistently positive feedback to the initiators and organizers, namely Ewa Ming, CEO Emex Management GmbH and Thomas Bergmann, Digital Head and founder of DIGIRATIS - Swiss Network of Digital Elite. Not only the organization of the event and the ambience, but especially the quality of the learning workshops and keynotes, the competence of the experts and speakers as well as the Digital EXPO with practical showcases of the digitalization of SMEs, were praised.<\/p>\n<h2>Fully booked congress<\/h2>\n<p>The fully booked congress with its concrete solutions and tools shows that there is a great need for practice-oriented further education among the managing directors of SMEs, as we have already <a href=\"https:\/\/www.organisator.ch\/die-sieben-handlungsfelder-der-digitalisierung\/\">here<\/a> Have reported. \"We are overwhelmed. It has been shown that digitization is an important topic for Swiss SMEs and that focusing on the core question \"Digitization yes, but how?\" was the key success factor,\" says Ewa Ming. Around 500 partners, experts and speakers were involved in the success. Together with them, the concept is now being further developed and optimized - because despite all the praise, the organizers see starting points for this. The first inquiries have already been received for 2018.<\/p>\n<h2>Digital Summit for SMEs on the road<\/h2>\n<p>Now the Digital Summit is ON TOUR, bringing expert knowledge to the regions by visiting several Swiss cities. In fall 2017, the first Academy courses with renowned digital experts will already start in the MFO building in Oerlikon. The goal of the Digital Summit for SMEs continues to be to support companies on the path to digitization through knowledge transfer and neutral, competent on-site consulting. The connection to SuisseEMEX as the largest Swiss expo for digital marketing, event and promotion will thus remain in place next year and will be expanded to include a marketing congress.<\/p>\n<p>For more information, interested parties can visit <a href=\"http:\/\/www.digital-summit-kmu.ch\">digital-summit-kmu.ch<\/a> and <a href=\"http:\/\/www.suisse-emex.ch\">suisse-emex.ch<\/a>.<\/p>","protected":false},"excerpt":{"rendered":"<p>Die \u00fcber 550 Teilnehmer des ersten Digital Summit f\u00fcr KMU gaben durchweg positives Feedback an die Initianten und Organisatoren, namentlich an\u00a0Ewa Ming, CEO Emex Management GmbH und Thomas Bergmann, Digital Head und Gr\u00fcnder von DIGIRATIS \u2013 Schweizer Netzwerk der Digitalen Elite. Nicht nur die Organisation des Events und das Ambiente, sondern vor allem die Qualit\u00e4t [&hellip;]<\/p>\n","protected":false},"author":4,"featured_media":2386,"comment_status":"open","ping_status":"open","sticky":false,"template":"","format":"standard","meta":{"_acf_changed":false,"_yoast_wpseo_focuskw":"Digital Summit","_yoast_wpseo_metadesc":"Die Premiere des Digital Summit f\u00fcr KMU, der am 29. & 30. August 2017 parallel zur SuisseEMEX in der Messe Z\u00fcrich stattfand, war ein Erfolg.","articlekey":"","footnotes":""},"categories":[1],"tags":[156,193,286,508],"class_list":["post-2385","post","type-post","status-publish","format-standard","has-post-thumbnail","hentry","category-allgemein","tag-digitalisierung","tag-fachkongressfachmesse","tag-it","tag-vermischtes"],"acf":[],"yoast_head":"<!-- This site is optimized with the Yoast SEO plugin v27.5 - https:\/\/yoast.com\/product\/yoast-seo-wordpress\/ -->\n<title>Erster Digital Summit f\u00fcr KMU: Erfolgreicher Startschuss - Organisator<\/title>\n<meta name=\"description\" content=\"Die Premiere des Digital Summit f\u00fcr KMU, der am 29. &amp; 30. August 2017 parallel zur SuisseEMEX in der Messe Z\u00fcrich stattfand, war ein Erfolg.\" \/>\n<meta name=\"robots\" content=\"index, follow, max-snippet:-1, max-image-preview:large, max-video-preview:-1\" \/>\n<link rel=\"canonical\" href=\"https:\/\/www.organisator.ch\/en\/general\/2017-09-05\/erster-digital-summit-fuer-kmu-erfolgreicher-startschuss\/\" \/>\n<meta property=\"og:locale\" content=\"en_US\" \/>\n<meta property=\"og:type\" content=\"article\" \/>\n<meta property=\"og:title\" content=\"Erster Digital Summit f\u00fcr KMU: Erfolgreicher Startschuss\" \/>\n<meta property=\"og:description\" content=\"Die Premiere des Digital #Summit f\u00fcr KMU, der am 29. und 30. August 2017 parallel zur #SuisseEMEX in der Messe Z\u00fcrich stattfand, war ein Erfolg.\" \/>\n<meta property=\"og:url\" content=\"https:\/\/www.organisator.ch\/en\/general\/2017-09-05\/erster-digital-summit-fuer-kmu-erfolgreicher-startschuss\/\" \/>\n<meta property=\"og:site_name\" content=\"Organisator\" \/>\n<meta property=\"article:publisher\" content=\"https:\/\/www.facebook.com\/OrganisatorFachmagazin\" \/>\n<meta property=\"article:published_time\" content=\"2017-09-05T06:15:25+00:00\" \/>\n<meta property=\"og:image\" content=\"https:\/\/www.organisator.ch\/wp-content\/uploads\/2017\/09\/Erster-Digital-Summit-fuer-KMU-Erfolgreicher-Startschuss_Organisator.jpg\" \/>\n\t<meta property=\"og:image:width\" content=\"640\" \/>\n\t<meta property=\"og:image:height\" content=\"427\" \/>\n\t<meta property=\"og:image:type\" content=\"image\/jpeg\" \/>\n<meta name=\"author\" content=\"thomas.berner\" \/>\n<meta name=\"twitter:card\" content=\"summary_large_image\" \/>\n<meta name=\"twitter:title\" content=\"Erster Digital Summit f\u00fcr KMU: Erfolgreicher Startschuss #DigitalSummitKMU\" \/>\n<meta name=\"twitter:description\" content=\"Die Premiere des Digital #Summit f\u00fcr KMU, der am 29. und 30. August 2017 parallel zur #SuisseEMEX in der Messe Z\u00fcrich stattfand, war ein Erfolg.\" \/>\n<meta name=\"twitter:image\" content=\"https:\/\/www.organisator.ch\/wp-content\/uploads\/2017\/09\/Erster-Digital-Summit-f\u00fcr-KMU-Erfolgreicher-Startschuss_Organisator.jpg\" \/>\n<script type=\"application\/ld+json\" class=\"yoast-schema-graph\">{\"@context\":\"https:\\\/\\\/schema.org\",\"@graph\":[{\"@type\":\"Article\",\"@id\":\"https:\\\/\\\/www.organisator.ch\\\/de\\\/allgemein\\\/2017-09-05\\\/erster-digital-summit-fuer-kmu-erfolgreicher-startschuss\\\/#article\",\"isPartOf\":{\"@id\":\"https:\\\/\\\/www.organisator.ch\\\/de\\\/allgemein\\\/2017-09-05\\\/erster-digital-summit-fuer-kmu-erfolgreicher-startschuss\\\/\"},\"author\":{\"name\":\"thomas.berner\",\"@id\":\"https:\\\/\\\/www.organisator.ch\\\/#\\\/schema\\\/person\\\/6f650f90b2842cd4c0cc334b4e36f67e\"},\"headline\":\"Erster Digital Summit f\u00fcr KMU: Erfolgreicher Startschuss\",\"datePublished\":\"2017-09-05T06:15:25+00:00\",\"mainEntityOfPage\":{\"@id\":\"https:\\\/\\\/www.organisator.ch\\\/de\\\/allgemein\\\/2017-09-05\\\/erster-digital-summit-fuer-kmu-erfolgreicher-startschuss\\\/\"},\"wordCount\":334,\"commentCount\":0,\"publisher\":{\"@id\":\"https:\\\/\\\/www.organisator.ch\\\/#organization\"},\"image\":{\"@id\":\"https:\\\/\\\/www.organisator.ch\\\/de\\\/allgemein\\\/2017-09-05\\\/erster-digital-summit-fuer-kmu-erfolgreicher-startschuss\\\/#primaryimage\"},\"thumbnailUrl\":\"https:\\\/\\\/www.organisator.ch\\\/wp-content\\\/uploads\\\/2017\\\/09\\\/Erster-Digital-Summit-fuer-KMU-Erfolgreicher-Startschuss_Organisator.jpg\",\"keywords\":[\"Digitalisierung\",\"Fachkongress\\\/Fachmesse\",\"IT\",\"Vermischtes\"],\"articleSection\":[\"Allgemein\"],\"inLanguage\":\"en-US\"},{\"@type\":\"WebPage\",\"@id\":\"https:\\\/\\\/www.organisator.ch\\\/de\\\/allgemein\\\/2017-09-05\\\/erster-digital-summit-fuer-kmu-erfolgreicher-startschuss\\\/\",\"url\":\"https:\\\/\\\/www.organisator.ch\\\/de\\\/allgemein\\\/2017-09-05\\\/erster-digital-summit-fuer-kmu-erfolgreicher-startschuss\\\/\",\"name\":\"Erster Digital Summit f\u00fcr KMU: Erfolgreicher Startschuss - Organisator\",\"isPartOf\":{\"@id\":\"https:\\\/\\\/www.organisator.ch\\\/#website\"},\"primaryImageOfPage\":{\"@id\":\"https:\\\/\\\/www.organisator.ch\\\/de\\\/allgemein\\\/2017-09-05\\\/erster-digital-summit-fuer-kmu-erfolgreicher-startschuss\\\/#primaryimage\"},\"image\":{\"@id\":\"https:\\\/\\\/www.organisator.ch\\\/de\\\/allgemein\\\/2017-09-05\\\/erster-digital-summit-fuer-kmu-erfolgreicher-startschuss\\\/#primaryimage\"},\"thumbnailUrl\":\"https:\\\/\\\/www.organisator.ch\\\/wp-content\\\/uploads\\\/2017\\\/09\\\/Erster-Digital-Summit-fuer-KMU-Erfolgreicher-Startschuss_Organisator.jpg\",\"datePublished\":\"2017-09-05T06:15:25+00:00\",\"description\":\"Die Premiere des Digital Summit f\u00fcr KMU, der am 29. & 30. August 2017 parallel zur SuisseEMEX in der Messe Z\u00fcrich stattfand, war ein Erfolg.\",\"breadcrumb\":{\"@id\":\"https:\\\/\\\/www.organisator.ch\\\/de\\\/allgemein\\\/2017-09-05\\\/erster-digital-summit-fuer-kmu-erfolgreicher-startschuss\\\/#breadcrumb\"},\"inLanguage\":\"en-US\",\"potentialAction\":[{\"@type\":\"ReadAction\",\"target\":[\"https:\\\/\\\/www.organisator.ch\\\/de\\\/allgemein\\\/2017-09-05\\\/erster-digital-summit-fuer-kmu-erfolgreicher-startschuss\\\/\"]}]},{\"@type\":\"ImageObject\",\"inLanguage\":\"en-US\",\"@id\":\"https:\\\/\\\/www.organisator.ch\\\/de\\\/allgemein\\\/2017-09-05\\\/erster-digital-summit-fuer-kmu-erfolgreicher-startschuss\\\/#primaryimage\",\"url\":\"https:\\\/\\\/www.organisator.ch\\\/wp-content\\\/uploads\\\/2017\\\/09\\\/Erster-Digital-Summit-fuer-KMU-Erfolgreicher-Startschuss_Organisator.jpg\",\"contentUrl\":\"https:\\\/\\\/www.organisator.ch\\\/wp-content\\\/uploads\\\/2017\\\/09\\\/Erster-Digital-Summit-fuer-KMU-Erfolgreicher-Startschuss_Organisator.jpg\",\"width\":640,\"height\":427,\"caption\":\"Rolf Schumann von SAP zeigte am Digital Summit f\u00fcr KMU einige konkrete Beispiele \\\"digitalisierter\\\" Produkte. (Bild: Pressedienst \\\/ zVg)\"},{\"@type\":\"BreadcrumbList\",\"@id\":\"https:\\\/\\\/www.organisator.ch\\\/de\\\/allgemein\\\/2017-09-05\\\/erster-digital-summit-fuer-kmu-erfolgreicher-startschuss\\\/#breadcrumb\",\"itemListElement\":[{\"@type\":\"ListItem\",\"position\":1,\"name\":\"Home\",\"item\":\"https:\\\/\\\/www.organisator.ch\\\/\"},{\"@type\":\"ListItem\",\"position\":2,\"name\":\"Erster Digital Summit f\u00fcr KMU: Erfolgreicher Startschuss\"}]},{\"@type\":\"WebSite\",\"@id\":\"https:\\\/\\\/www.organisator.ch\\\/#website\",\"url\":\"https:\\\/\\\/www.organisator.ch\\\/\",\"name\":\"Organisator\",\"description\":\"Kompetent. Praxisnah. Der ORGANISATOR bereitet in 10 Ausgaben pro Jahr die wesentlichen Themen f\u00fcr F\u00fchrungskr\u00e4fte von KMU auf.\",\"publisher\":{\"@id\":\"https:\\\/\\\/www.organisator.ch\\\/#organization\"},\"potentialAction\":[{\"@type\":\"SearchAction\",\"target\":{\"@type\":\"EntryPoint\",\"urlTemplate\":\"https:\\\/\\\/www.organisator.ch\\\/?s={search_term_string}\"},\"query-input\":{\"@type\":\"PropertyValueSpecification\",\"valueRequired\":true,\"valueName\":\"search_term_string\"}}],\"inLanguage\":\"en-US\"},{\"@type\":\"Organization\",\"@id\":\"https:\\\/\\\/www.organisator.ch\\\/#organization\",\"name\":\"Organisator\",\"url\":\"https:\\\/\\\/www.organisator.ch\\\/\",\"logo\":{\"@type\":\"ImageObject\",\"inLanguage\":\"en-US\",\"@id\":\"https:\\\/\\\/www.organisator.ch\\\/#\\\/schema\\\/logo\\\/image\\\/\",\"url\":\"https:\\\/\\\/www.organisator.ch\\\/wp-content\\\/uploads\\\/2022\\\/01\\\/Logo_Organisator_Website.png\",\"contentUrl\":\"https:\\\/\\\/www.organisator.ch\\\/wp-content\\\/uploads\\\/2022\\\/01\\\/Logo_Organisator_Website.png\",\"width\":800,\"height\":77,\"caption\":\"Organisator\"},\"image\":{\"@id\":\"https:\\\/\\\/www.organisator.ch\\\/#\\\/schema\\\/logo\\\/image\\\/\"},\"sameAs\":[\"https:\\\/\\\/www.facebook.com\\\/OrganisatorFachmagazin\",\"https:\\\/\\\/www.linkedin.com\\\/showcase\\\/organisator-das-magazin-fr-kmu\",\"https:\\\/\\\/www.xing.com\\\/news\\\/pages\\\/organisator-ch-695\",\"https:\\\/\\\/www.youtube.com\\\/channel\\\/UCGP2Sq0iWaZwT3BdIAQFYpw\"]},{\"@type\":\"Person\",\"@id\":\"https:\\\/\\\/www.organisator.ch\\\/#\\\/schema\\\/person\\\/6f650f90b2842cd4c0cc334b4e36f67e\",\"name\":\"thomas.berner\",\"image\":{\"@type\":\"ImageObject\",\"inLanguage\":\"en-US\",\"@id\":\"https:\\\/\\\/secure.gravatar.com\\\/avatar\\\/ac5001d2a36cb6c6cd3e50789007ffca834b477b74a2144564522e944eabff61?s=96&d=mm&r=g\",\"url\":\"https:\\\/\\\/secure.gravatar.com\\\/avatar\\\/ac5001d2a36cb6c6cd3e50789007ffca834b477b74a2144564522e944eabff61?s=96&d=mm&r=g\",\"contentUrl\":\"https:\\\/\\\/secure.gravatar.com\\\/avatar\\\/ac5001d2a36cb6c6cd3e50789007ffca834b477b74a2144564522e944eabff61?s=96&d=mm&r=g\",\"caption\":\"thomas.berner\"},\"url\":\"https:\\\/\\\/www.organisator.ch\\\/en\\\/author\\\/thomas-berner\\\/\"}]}<\/script>\n<!-- \/ Yoast SEO plugin. -->","yoast_head_json":{"title":"First Digital Summit for SMEs: Successful launch - Organizer","description":"The premiere of the Digital Summit for SMEs, which took place in parallel to SuisseEMEX at Messe Z\u00fcrich on August 29 &amp; 30, 2017, was a success.","robots":{"index":"index","follow":"follow","max-snippet":"max-snippet:-1","max-image-preview":"max-image-preview:large","max-video-preview":"max-video-preview:-1"},"canonical":"https:\/\/www.organisator.ch\/en\/general\/2017-09-05\/erster-digital-summit-fuer-kmu-erfolgreicher-startschuss\/","og_locale":"en_US","og_type":"article","og_title":"Erster Digital Summit f\u00fcr KMU: Erfolgreicher Startschuss","og_description":"Die Premiere des Digital #Summit f\u00fcr KMU, der am 29. und 30. August 2017 parallel zur #SuisseEMEX in der Messe Z\u00fcrich stattfand, war ein Erfolg.","og_url":"https:\/\/www.organisator.ch\/en\/general\/2017-09-05\/erster-digital-summit-fuer-kmu-erfolgreicher-startschuss\/","og_site_name":"Organisator","article_publisher":"https:\/\/www.facebook.com\/OrganisatorFachmagazin","article_published_time":"2017-09-05T06:15:25+00:00","og_image":[{"width":640,"height":427,"url":"https:\/\/www.organisator.ch\/wp-content\/uploads\/2017\/09\/Erster-Digital-Summit-fuer-KMU-Erfolgreicher-Startschuss_Organisator.jpg","type":"image\/jpeg"}],"author":"thomas.berner","twitter_card":"summary_large_image","twitter_title":"Erster Digital Summit f\u00fcr KMU: Erfolgreicher Startschuss #DigitalSummitKMU","twitter_description":"Die Premiere des Digital #Summit f\u00fcr KMU, der am 29. und 30. August 2017 parallel zur #SuisseEMEX in der Messe Z\u00fcrich stattfand, war ein Erfolg.","twitter_image":"https:\/\/www.organisator.ch\/wp-content\/uploads\/2017\/09\/Erster-Digital-Summit-f\u00fcr-KMU-Erfolgreicher-Startschuss_Organisator.jpg","schema":{"@context":"https:\/\/schema.org","@graph":[{"@type":"Article","@id":"https:\/\/www.organisator.ch\/de\/allgemein\/2017-09-05\/erster-digital-summit-fuer-kmu-erfolgreicher-startschuss\/#article","isPartOf":{"@id":"https:\/\/www.organisator.ch\/de\/allgemein\/2017-09-05\/erster-digital-summit-fuer-kmu-erfolgreicher-startschuss\/"},"author":{"name":"thomas.berner","@id":"https:\/\/www.organisator.ch\/#\/schema\/person\/6f650f90b2842cd4c0cc334b4e36f67e"},"headline":"Erster Digital Summit f\u00fcr KMU: Erfolgreicher Startschuss","datePublished":"2017-09-05T06:15:25+00:00","mainEntityOfPage":{"@id":"https:\/\/www.organisator.ch\/de\/allgemein\/2017-09-05\/erster-digital-summit-fuer-kmu-erfolgreicher-startschuss\/"},"wordCount":334,"commentCount":0,"publisher":{"@id":"https:\/\/www.organisator.ch\/#organization"},"image":{"@id":"https:\/\/www.organisator.ch\/de\/allgemein\/2017-09-05\/erster-digital-summit-fuer-kmu-erfolgreicher-startschuss\/#primaryimage"},"thumbnailUrl":"https:\/\/www.organisator.ch\/wp-content\/uploads\/2017\/09\/Erster-Digital-Summit-fuer-KMU-Erfolgreicher-Startschuss_Organisator.jpg","keywords":["Digitalisierung","Fachkongress\/Fachmesse","IT","Vermischtes"],"articleSection":["Allgemein"],"inLanguage":"en-US"},{"@type":"WebPage","@id":"https:\/\/www.organisator.ch\/de\/allgemein\/2017-09-05\/erster-digital-summit-fuer-kmu-erfolgreicher-startschuss\/","url":"https:\/\/www.organisator.ch\/de\/allgemein\/2017-09-05\/erster-digital-summit-fuer-kmu-erfolgreicher-startschuss\/","name":"First Digital Summit for SMEs: Successful launch - Organizer","isPartOf":{"@id":"https:\/\/www.organisator.ch\/#website"},"primaryImageOfPage":{"@id":"https:\/\/www.organisator.ch\/de\/allgemein\/2017-09-05\/erster-digital-summit-fuer-kmu-erfolgreicher-startschuss\/#primaryimage"},"image":{"@id":"https:\/\/www.organisator.ch\/de\/allgemein\/2017-09-05\/erster-digital-summit-fuer-kmu-erfolgreicher-startschuss\/#primaryimage"},"thumbnailUrl":"https:\/\/www.organisator.ch\/wp-content\/uploads\/2017\/09\/Erster-Digital-Summit-fuer-KMU-Erfolgreicher-Startschuss_Organisator.jpg","datePublished":"2017-09-05T06:15:25+00:00","description":"The premiere of the Digital Summit for SMEs, which took place in parallel to SuisseEMEX at Messe Z\u00fcrich on August 29 &amp; 30, 2017, was a success.","breadcrumb":{"@id":"https:\/\/www.organisator.ch\/de\/allgemein\/2017-09-05\/erster-digital-summit-fuer-kmu-erfolgreicher-startschuss\/#breadcrumb"},"inLanguage":"en-US","potentialAction":[{"@type":"ReadAction","target":["https:\/\/www.organisator.ch\/de\/allgemein\/2017-09-05\/erster-digital-summit-fuer-kmu-erfolgreicher-startschuss\/"]}]},{"@type":"ImageObject","inLanguage":"en-US","@id":"https:\/\/www.organisator.ch\/de\/allgemein\/2017-09-05\/erster-digital-summit-fuer-kmu-erfolgreicher-startschuss\/#primaryimage","url":"https:\/\/www.organisator.ch\/wp-content\/uploads\/2017\/09\/Erster-Digital-Summit-fuer-KMU-Erfolgreicher-Startschuss_Organisator.jpg","contentUrl":"https:\/\/www.organisator.ch\/wp-content\/uploads\/2017\/09\/Erster-Digital-Summit-fuer-KMU-Erfolgreicher-Startschuss_Organisator.jpg","width":640,"height":427,"caption":"Rolf Schumann von SAP zeigte am Digital Summit f\u00fcr KMU einige konkrete Beispiele \"digitalisierter\" Produkte. (Bild: Pressedienst \/ zVg)"},{"@type":"BreadcrumbList","@id":"https:\/\/www.organisator.ch\/de\/allgemein\/2017-09-05\/erster-digital-summit-fuer-kmu-erfolgreicher-startschuss\/#breadcrumb","itemListElement":[{"@type":"ListItem","position":1,"name":"Home","item":"https:\/\/www.organisator.ch\/"},{"@type":"ListItem","position":2,"name":"Erster Digital Summit f\u00fcr KMU: Erfolgreicher Startschuss"}]},{"@type":"WebSite","@id":"https:\/\/www.organisator.ch\/#website","url":"https:\/\/www.organisator.ch\/","name":"Organizer","description":"Competent. Practical. In 10 issues per year, ORGANISATOR presents the essential topics for managers of SMEs.","publisher":{"@id":"https:\/\/www.organisator.ch\/#organization"},"potentialAction":[{"@type":"SearchAction","target":{"@type":"EntryPoint","urlTemplate":"https:\/\/www.organisator.ch\/?s={search_term_string}"},"query-input":{"@type":"PropertyValueSpecification","valueRequired":true,"valueName":"search_term_string"}}],"inLanguage":"en-US"},{"@type":"Organization","@id":"https:\/\/www.organisator.ch\/#organization","name":"Organizer","url":"https:\/\/www.organisator.ch\/","logo":{"@type":"ImageObject","inLanguage":"en-US","@id":"https:\/\/www.organisator.ch\/#\/schema\/logo\/image\/","url":"https:\/\/www.organisator.ch\/wp-content\/uploads\/2022\/01\/Logo_Organisator_Website.png","contentUrl":"https:\/\/www.organisator.ch\/wp-content\/uploads\/2022\/01\/Logo_Organisator_Website.png","width":800,"height":77,"caption":"Organisator"},"image":{"@id":"https:\/\/www.organisator.ch\/#\/schema\/logo\/image\/"},"sameAs":["https:\/\/www.facebook.com\/OrganisatorFachmagazin","https:\/\/www.linkedin.com\/showcase\/organisator-das-magazin-fr-kmu","https:\/\/www.xing.com\/news\/pages\/organisator-ch-695","https:\/\/www.youtube.com\/channel\/UCGP2Sq0iWaZwT3BdIAQFYpw"]},{"@type":"Person","@id":"https:\/\/www.organisator.ch\/#\/schema\/person\/6f650f90b2842cd4c0cc334b4e36f67e","name":"thomas.berner","image":{"@type":"ImageObject","inLanguage":"en-US","@id":"https:\/\/secure.gravatar.com\/avatar\/ac5001d2a36cb6c6cd3e50789007ffca834b477b74a2144564522e944eabff61?s=96&d=mm&r=g","url":"https:\/\/secure.gravatar.com\/avatar\/ac5001d2a36cb6c6cd3e50789007ffca834b477b74a2144564522e944eabff61?s=96&d=mm&r=g","contentUrl":"https:\/\/secure.gravatar.com\/avatar\/ac5001d2a36cb6c6cd3e50789007ffca834b477b74a2144564522e944eabff61?s=96&d=mm&r=g","caption":"thomas.berner"},"url":"https:\/\/www.organisator.ch\/en\/author\/thomas-berner\/"}]}},"_links":{"self":[{"href":"https:\/\/www.organisator.ch\/en\/wp-json\/wp\/v2\/posts\/2385","targetHints":{"allow":["GET"]}}],"collection":[{"href":"https:\/\/www.organisator.ch\/en\/wp-json\/wp\/v2\/posts"}],"about":[{"href":"https:\/\/www.organisator.ch\/en\/wp-json\/wp\/v2\/types\/post"}],"author":[{"embeddable":true,"href":"https:\/\/www.organisator.ch\/en\/wp-json\/wp\/v2\/users\/4"}],"replies":[{"embeddable":true,"href":"https:\/\/www.organisator.ch\/en\/wp-json\/wp\/v2\/comments?post=2385"}],"version-history":[{"count":0,"href":"https:\/\/www.organisator.ch\/en\/wp-json\/wp\/v2\/posts\/2385\/revisions"}],"wp:featuredmedia":[{"embeddable":true,"href":"https:\/\/www.organisator.ch\/en\/wp-json\/wp\/v2\/media\/2386"}],"wp:attachment":[{"href":"https:\/\/www.organisator.ch\/en\/wp-json\/wp\/v2\/media?parent=2385"}],"wp:term":[{"taxonomy":"category","embeddable":true,"href":"https:\/\/www.organisator.ch\/en\/wp-json\/wp\/v2\/categories?post=2385"},{"taxonomy":"post_tag","embeddable":true,"href":"https:\/\/www.organisator.ch\/en\/wp-json\/wp\/v2\/tags?post=2385"}],"curies":[{"name":"wp","href":"https:\/\/api.w.org\/{rel}","templated":true}]}}