{"id":2391,"date":"2017-09-06T08:50:09","date_gmt":"2017-09-06T06:50:09","guid":{"rendered":"https:\/\/www.organisator.ch\/?p=2391"},"modified":"2017-09-06T08:50:09","modified_gmt":"2017-09-06T06:50:09","slug":"neuer-forschungsschwerpunkt-design-driven-digitalization-an-der-fhs-st-gallen","status":"publish","type":"post","link":"https:\/\/www.organisator.ch\/en\/allgemein\/2017-09-06\/neuer-forschungsschwerpunkt-design-driven-digitalization-an-der-fhs-st-gallen\/","title":{"rendered":"New research focus Design-Driven Digitalization at the FHS St.Gallen"},"content":{"rendered":"<figure id=\"attachment_2392\" aria-describedby=\"caption-attachment-2392\" style=\"width: 640px\" class=\"wp-caption alignnone\"><img loading=\"lazy\" decoding=\"async\" class=\"size-full wp-image-2392\" src=\"https:\/\/www.organisator.ch\/wp-content\/uploads\/2017\/09\/Neuer-Forschungsschwerpunkt-Design-Driven-Digitalization-an-der-FHS-St.Gallen_Organisator.jpg\" alt=\"\" width=\"640\" height=\"347\" srcset=\"https:\/\/www.organisator.ch\/wp-content\/uploads\/2017\/09\/Neuer-Forschungsschwerpunkt-Design-Driven-Digitalization-an-der-FHS-St.Gallen_Organisator.jpg 640w, https:\/\/www.organisator.ch\/wp-content\/uploads\/2017\/09\/Neuer-Forschungsschwerpunkt-Design-Driven-Digitalization-an-der-FHS-St.Gallen_Organisator-16x9.jpg 16w, https:\/\/www.organisator.ch\/wp-content\/uploads\/2017\/09\/Neuer-Forschungsschwerpunkt-Design-Driven-Digitalization-an-der-FHS-St.Gallen_Organisator-323x175.jpg 323w, https:\/\/www.organisator.ch\/wp-content\/uploads\/2017\/09\/Neuer-Forschungsschwerpunkt-Design-Driven-Digitalization-an-der-FHS-St.Gallen_Organisator-300x163.jpg 300w\" sizes=\"auto, (max-width: 640px) 100vw, 640px\" \/><figcaption id=\"caption-attachment-2392\" class=\"wp-caption-text\">FHS St.Gallen establishes a new research unit Design-Driven Digitalization. (Image: FHS St.Gallen)<\/figcaption><\/figure>\n<p>This fall, the first business engineers will graduate with a Bachelor's degree from the University of Applied Sciences St.Gallen (FHS). To enable them to continue their studies here, the FHS is now offering a specialization in Business Engineering and Production as part of the technical master's program. To this end, it founded a new research unit under the lead of the Institute for Innovation, Design and Engineering (IDEE-FHS) and with the participation of other institutes of the FHS St.Gallen, the Hochschule f\u00fcr Technik Rapperswil (HSR) and the Interstate University of Applied Sciences Buchs (NTB): the Master Research Unit (MRU) Design-Driven Digitalization.<\/p>\n<h2>Design-driven innovation development<\/h2>\n<p>In its research activities, the Design-Driven Digitalization MRU addresses all aspects of digitalization in industrial companies. Digitization here means the use of digital technologies to create new opportunities and possibilities as well as to ensure and strengthen the market relevance of new digital offerings and models during the development process. This is done with the help of approaches, methods and processes of design-driven innovation development. The central element here is the early creation of prototypes. In the master's program at the MRU Design-Driven Digitalization, students learn to analyze and forecast future market developments and customer needs as well as to develop, implement, and improve innovative products, services, and business models.<\/p>\n<h2>Cooperation masters of all universities of applied sciences<\/h2>\n<p>The Master of Science in Engineering (MSE) is a unique cooperative program of all universities of applied sciences in Switzerland and is the highest university of applied sciences degree in the fields of engineering, information technology, and construction and planning. The program is characterized by a diverse range of courses and great freedom of choice. Graduates can design their own study focus according to their personal interests and career aspirations. The study program is modular and comprises 90 ECTS points (European Credit Transfer System). The core of the program is the practice-oriented, specialized specialization at a research unit (MRU Master Research Unit). Here, students work on projects - often directly for clients from industry or the public sector - to acquire knowledge and expand their experience in their area of expertise. The MSE qualifies graduates for leadership positions and the management of interdisciplinary projects. They have advanced knowledge of project management, are aware of business contexts and contribute to innovative solutions analytically, conceptually and technically or in terms of planning.<\/p>\n<p><a href=\"http:\/\/www.fhsg.ch\/design-driven-digitalization\"><em>More information<\/em><\/a><\/p>\n<p>&nbsp;<\/p>\n<p>&nbsp;<\/p>","protected":false},"excerpt":{"rendered":"<p>Diesen Herbst schliessen die ersten Wirtschaftsingenieurinnen und -ingenieure ihren Bachelor an der Fachhochschule St.Gallen (FHS) ab. Damit sie ihre Studien hier weiterf\u00fchren k\u00f6nnen, bietet die FHS neu die Vertiefung im Fachgebiet Business Engineering and Production im Rahmen des technischen Master-Studiums an. Dazu gr\u00fcndete sie unter dem Lead des Instituts f\u00fcr Innovation, Design und Engineering (IDEE-FHS) [&hellip;]<\/p>\n","protected":false},"author":4,"featured_media":2392,"comment_status":"open","ping_status":"open","sticky":false,"template":"","format":"standard","meta":{"_acf_changed":false,"_yoast_wpseo_focuskw":"Design-Driven Digitalization","_yoast_wpseo_metadesc":"Unter Anwendung designgetriebener Innovationsentwicklungsmethoden analysieren und prognostizieren Studierende zuk\u00fcnftige Marktentwicklungen.","articlekey":"","footnotes":""},"categories":[1],"tags":[62,156,294,533],"class_list":["post-2391","post","type-post","status-publish","format-standard","has-post-thumbnail","hentry","category-allgemein","tag-aus-weiterbildung","tag-digitalisierung","tag-karriere","tag-wissenschaft"],"acf":[],"yoast_head":"<!-- This site is optimized with the Yoast SEO plugin v27.4 - https:\/\/yoast.com\/product\/yoast-seo-wordpress\/ -->\n<title>Neuer Forschungsschwerpunkt Design-Driven Digitalization an der FHS St.Gallen - Organisator<\/title>\n<meta name=\"description\" content=\"Unter Anwendung designgetriebener Innovationsentwicklungsmethoden analysieren und prognostizieren Studierende zuk\u00fcnftige Marktentwicklungen.\" \/>\n<meta name=\"robots\" content=\"index, follow, max-snippet:-1, max-image-preview:large, max-video-preview:-1\" \/>\n<link rel=\"canonical\" href=\"https:\/\/www.organisator.ch\/en\/general\/2017-09-06\/neuer-forschungsschwerpunkt-design-driven-digitalization-an-der-fhs-st-gallen\/\" \/>\n<meta property=\"og:locale\" content=\"en_US\" \/>\n<meta property=\"og:type\" content=\"article\" \/>\n<meta property=\"og:title\" content=\"Neuer Forschungsschwerpunkt Design-Driven Digitalization an der FHS St.Gallen\" \/>\n<meta property=\"og:description\" content=\"Ab Herbst 2017 bietet die #Fachhochschule St.Gallen neu einen #Master-Studiengang in #Engineering mit Vertiefung im Fachgebiet Business Engineering and Production an.\" \/>\n<meta property=\"og:url\" content=\"https:\/\/www.organisator.ch\/en\/general\/2017-09-06\/neuer-forschungsschwerpunkt-design-driven-digitalization-an-der-fhs-st-gallen\/\" \/>\n<meta property=\"og:site_name\" content=\"Organisator\" \/>\n<meta property=\"article:publisher\" content=\"https:\/\/www.facebook.com\/OrganisatorFachmagazin\" \/>\n<meta property=\"article:published_time\" content=\"2017-09-06T06:50:09+00:00\" \/>\n<meta property=\"og:image\" content=\"https:\/\/www.organisator.ch\/wp-content\/uploads\/2017\/09\/Neuer-Forschungsschwerpunkt-Design-Driven-Digitalization-an-der-FHS-St.Gallen_Organisator.jpg\" \/>\n\t<meta property=\"og:image:width\" content=\"640\" \/>\n\t<meta property=\"og:image:height\" content=\"347\" \/>\n\t<meta property=\"og:image:type\" content=\"image\/jpeg\" \/>\n<meta name=\"author\" content=\"thomas.berner\" \/>\n<meta name=\"twitter:card\" content=\"summary_large_image\" \/>\n<meta name=\"twitter:title\" content=\"Neuer #Forschungsschwerpunkt #Design-Driven #Digitalization an der FHS St.Gallen\" \/>\n<meta name=\"twitter:description\" content=\"Ab Herbst 2017 bietet die #Fachhochschule St.Gallen neu einen #Master-Studiengang in #Engineering mit Vertiefung im Fachgebiet Business Engineering and Production an.\" \/>\n<meta name=\"twitter:image\" content=\"https:\/\/www.organisator.ch\/wp-content\/uploads\/2017\/09\/Neuer-Forschungsschwerpunkt-Design-Driven-Digitalization-an-der-FHS-St.Gallen_Organisator.jpg\" \/>\n<script type=\"application\/ld+json\" class=\"yoast-schema-graph\">{\"@context\":\"https:\\\/\\\/schema.org\",\"@graph\":[{\"@type\":\"Article\",\"@id\":\"https:\\\/\\\/www.organisator.ch\\\/en\\\/general\\\/2017-09-06\\\/neuer-forschungsschwerpunkt-design-driven-digitalization-an-der-fhs-st-gallen\\\/#article\",\"isPartOf\":{\"@id\":\"https:\\\/\\\/www.organisator.ch\\\/en\\\/general\\\/2017-09-06\\\/neuer-forschungsschwerpunkt-design-driven-digitalization-an-der-fhs-st-gallen\\\/\"},\"author\":{\"name\":\"thomas.berner\",\"@id\":\"https:\\\/\\\/www.organisator.ch\\\/#\\\/schema\\\/person\\\/6f650f90b2842cd4c0cc334b4e36f67e\"},\"headline\":\"Neuer Forschungsschwerpunkt Design-Driven Digitalization an der FHS St.Gallen\",\"datePublished\":\"2017-09-06T06:50:09+00:00\",\"mainEntityOfPage\":{\"@id\":\"https:\\\/\\\/www.organisator.ch\\\/en\\\/general\\\/2017-09-06\\\/neuer-forschungsschwerpunkt-design-driven-digitalization-an-der-fhs-st-gallen\\\/\"},\"wordCount\":395,\"commentCount\":0,\"publisher\":{\"@id\":\"https:\\\/\\\/www.organisator.ch\\\/#organization\"},\"image\":{\"@id\":\"https:\\\/\\\/www.organisator.ch\\\/en\\\/general\\\/2017-09-06\\\/neuer-forschungsschwerpunkt-design-driven-digitalization-an-der-fhs-st-gallen\\\/#primaryimage\"},\"thumbnailUrl\":\"https:\\\/\\\/www.organisator.ch\\\/wp-content\\\/uploads\\\/2017\\\/09\\\/Neuer-Forschungsschwerpunkt-Design-Driven-Digitalization-an-der-FHS-St.Gallen_Organisator.jpg\",\"keywords\":[\"Aus-\\\/Weiterbildung\",\"Digitalisierung\",\"Karriere\",\"Wissenschaft\"],\"articleSection\":[\"Allgemein\"],\"inLanguage\":\"en-US\"},{\"@type\":\"WebPage\",\"@id\":\"https:\\\/\\\/www.organisator.ch\\\/en\\\/general\\\/2017-09-06\\\/neuer-forschungsschwerpunkt-design-driven-digitalization-an-der-fhs-st-gallen\\\/\",\"url\":\"https:\\\/\\\/www.organisator.ch\\\/en\\\/general\\\/2017-09-06\\\/neuer-forschungsschwerpunkt-design-driven-digitalization-an-der-fhs-st-gallen\\\/\",\"name\":\"Neuer Forschungsschwerpunkt Design-Driven Digitalization an der FHS St.Gallen - Organisator\",\"isPartOf\":{\"@id\":\"https:\\\/\\\/www.organisator.ch\\\/#website\"},\"primaryImageOfPage\":{\"@id\":\"https:\\\/\\\/www.organisator.ch\\\/en\\\/general\\\/2017-09-06\\\/neuer-forschungsschwerpunkt-design-driven-digitalization-an-der-fhs-st-gallen\\\/#primaryimage\"},\"image\":{\"@id\":\"https:\\\/\\\/www.organisator.ch\\\/en\\\/general\\\/2017-09-06\\\/neuer-forschungsschwerpunkt-design-driven-digitalization-an-der-fhs-st-gallen\\\/#primaryimage\"},\"thumbnailUrl\":\"https:\\\/\\\/www.organisator.ch\\\/wp-content\\\/uploads\\\/2017\\\/09\\\/Neuer-Forschungsschwerpunkt-Design-Driven-Digitalization-an-der-FHS-St.Gallen_Organisator.jpg\",\"datePublished\":\"2017-09-06T06:50:09+00:00\",\"description\":\"Unter Anwendung designgetriebener Innovationsentwicklungsmethoden analysieren und prognostizieren Studierende zuk\u00fcnftige Marktentwicklungen.\",\"breadcrumb\":{\"@id\":\"https:\\\/\\\/www.organisator.ch\\\/en\\\/general\\\/2017-09-06\\\/neuer-forschungsschwerpunkt-design-driven-digitalization-an-der-fhs-st-gallen\\\/#breadcrumb\"},\"inLanguage\":\"en-US\",\"potentialAction\":[{\"@type\":\"ReadAction\",\"target\":[\"https:\\\/\\\/www.organisator.ch\\\/en\\\/general\\\/2017-09-06\\\/neuer-forschungsschwerpunkt-design-driven-digitalization-an-der-fhs-st-gallen\\\/\"]}]},{\"@type\":\"ImageObject\",\"inLanguage\":\"en-US\",\"@id\":\"https:\\\/\\\/www.organisator.ch\\\/en\\\/general\\\/2017-09-06\\\/neuer-forschungsschwerpunkt-design-driven-digitalization-an-der-fhs-st-gallen\\\/#primaryimage\",\"url\":\"https:\\\/\\\/www.organisator.ch\\\/wp-content\\\/uploads\\\/2017\\\/09\\\/Neuer-Forschungsschwerpunkt-Design-Driven-Digitalization-an-der-FHS-St.Gallen_Organisator.jpg\",\"contentUrl\":\"https:\\\/\\\/www.organisator.ch\\\/wp-content\\\/uploads\\\/2017\\\/09\\\/Neuer-Forschungsschwerpunkt-Design-Driven-Digitalization-an-der-FHS-St.Gallen_Organisator.jpg\",\"width\":640,\"height\":347,\"caption\":\"Die FHS gr\u00fcndet neue Forschungseinheit Design-Driven Digitalization. (Bild: FHS St.Gallen)\"},{\"@type\":\"BreadcrumbList\",\"@id\":\"https:\\\/\\\/www.organisator.ch\\\/en\\\/general\\\/2017-09-06\\\/neuer-forschungsschwerpunkt-design-driven-digitalization-an-der-fhs-st-gallen\\\/#breadcrumb\",\"itemListElement\":[{\"@type\":\"ListItem\",\"position\":1,\"name\":\"Home\",\"item\":\"https:\\\/\\\/www.organisator.ch\\\/\"},{\"@type\":\"ListItem\",\"position\":2,\"name\":\"Neuer Forschungsschwerpunkt Design-Driven Digitalization an der FHS St.Gallen\"}]},{\"@type\":\"WebSite\",\"@id\":\"https:\\\/\\\/www.organisator.ch\\\/#website\",\"url\":\"https:\\\/\\\/www.organisator.ch\\\/\",\"name\":\"Organisator\",\"description\":\"Kompetent. Praxisnah. Der ORGANISATOR bereitet in 10 Ausgaben pro Jahr die wesentlichen Themen f\u00fcr F\u00fchrungskr\u00e4fte von KMU auf.\",\"publisher\":{\"@id\":\"https:\\\/\\\/www.organisator.ch\\\/#organization\"},\"potentialAction\":[{\"@type\":\"SearchAction\",\"target\":{\"@type\":\"EntryPoint\",\"urlTemplate\":\"https:\\\/\\\/www.organisator.ch\\\/?s={search_term_string}\"},\"query-input\":{\"@type\":\"PropertyValueSpecification\",\"valueRequired\":true,\"valueName\":\"search_term_string\"}}],\"inLanguage\":\"en-US\"},{\"@type\":\"Organization\",\"@id\":\"https:\\\/\\\/www.organisator.ch\\\/#organization\",\"name\":\"Organisator\",\"url\":\"https:\\\/\\\/www.organisator.ch\\\/\",\"logo\":{\"@type\":\"ImageObject\",\"inLanguage\":\"en-US\",\"@id\":\"https:\\\/\\\/www.organisator.ch\\\/#\\\/schema\\\/logo\\\/image\\\/\",\"url\":\"https:\\\/\\\/www.organisator.ch\\\/wp-content\\\/uploads\\\/2022\\\/01\\\/Logo_Organisator_Website.png\",\"contentUrl\":\"https:\\\/\\\/www.organisator.ch\\\/wp-content\\\/uploads\\\/2022\\\/01\\\/Logo_Organisator_Website.png\",\"width\":800,\"height\":77,\"caption\":\"Organisator\"},\"image\":{\"@id\":\"https:\\\/\\\/www.organisator.ch\\\/#\\\/schema\\\/logo\\\/image\\\/\"},\"sameAs\":[\"https:\\\/\\\/www.facebook.com\\\/OrganisatorFachmagazin\",\"https:\\\/\\\/www.linkedin.com\\\/showcase\\\/organisator-das-magazin-fr-kmu\",\"https:\\\/\\\/www.xing.com\\\/news\\\/pages\\\/organisator-ch-695\",\"https:\\\/\\\/www.youtube.com\\\/channel\\\/UCGP2Sq0iWaZwT3BdIAQFYpw\"]},{\"@type\":\"Person\",\"@id\":\"https:\\\/\\\/www.organisator.ch\\\/#\\\/schema\\\/person\\\/6f650f90b2842cd4c0cc334b4e36f67e\",\"name\":\"thomas.berner\",\"image\":{\"@type\":\"ImageObject\",\"inLanguage\":\"en-US\",\"@id\":\"https:\\\/\\\/secure.gravatar.com\\\/avatar\\\/ac5001d2a36cb6c6cd3e50789007ffca834b477b74a2144564522e944eabff61?s=96&d=mm&r=g\",\"url\":\"https:\\\/\\\/secure.gravatar.com\\\/avatar\\\/ac5001d2a36cb6c6cd3e50789007ffca834b477b74a2144564522e944eabff61?s=96&d=mm&r=g\",\"contentUrl\":\"https:\\\/\\\/secure.gravatar.com\\\/avatar\\\/ac5001d2a36cb6c6cd3e50789007ffca834b477b74a2144564522e944eabff61?s=96&d=mm&r=g\",\"caption\":\"thomas.berner\"},\"url\":\"https:\\\/\\\/www.organisator.ch\\\/en\\\/author\\\/thomas-berner\\\/\"}]}<\/script>\n<!-- \/ Yoast SEO plugin. -->","yoast_head_json":{"title":"New research focus Design-Driven Digitalization at the FHS St.Gallen - Organizer","description":"Using design-driven innovation development methods, students analyze and forecast future market developments.","robots":{"index":"index","follow":"follow","max-snippet":"max-snippet:-1","max-image-preview":"max-image-preview:large","max-video-preview":"max-video-preview:-1"},"canonical":"https:\/\/www.organisator.ch\/en\/general\/2017-09-06\/neuer-forschungsschwerpunkt-design-driven-digitalization-an-der-fhs-st-gallen\/","og_locale":"en_US","og_type":"article","og_title":"Neuer Forschungsschwerpunkt Design-Driven Digitalization an der FHS St.Gallen","og_description":"Ab Herbst 2017 bietet die #Fachhochschule St.Gallen neu einen #Master-Studiengang in #Engineering mit Vertiefung im Fachgebiet Business Engineering and Production an.","og_url":"https:\/\/www.organisator.ch\/en\/general\/2017-09-06\/neuer-forschungsschwerpunkt-design-driven-digitalization-an-der-fhs-st-gallen\/","og_site_name":"Organisator","article_publisher":"https:\/\/www.facebook.com\/OrganisatorFachmagazin","article_published_time":"2017-09-06T06:50:09+00:00","og_image":[{"width":640,"height":347,"url":"https:\/\/www.organisator.ch\/wp-content\/uploads\/2017\/09\/Neuer-Forschungsschwerpunkt-Design-Driven-Digitalization-an-der-FHS-St.Gallen_Organisator.jpg","type":"image\/jpeg"}],"author":"thomas.berner","twitter_card":"summary_large_image","twitter_title":"Neuer #Forschungsschwerpunkt #Design-Driven #Digitalization an der FHS St.Gallen","twitter_description":"Ab Herbst 2017 bietet die #Fachhochschule St.Gallen neu einen #Master-Studiengang in #Engineering mit Vertiefung im Fachgebiet Business Engineering and Production an.","twitter_image":"https:\/\/www.organisator.ch\/wp-content\/uploads\/2017\/09\/Neuer-Forschungsschwerpunkt-Design-Driven-Digitalization-an-der-FHS-St.Gallen_Organisator.jpg","schema":{"@context":"https:\/\/schema.org","@graph":[{"@type":"Article","@id":"https:\/\/www.organisator.ch\/en\/general\/2017-09-06\/neuer-forschungsschwerpunkt-design-driven-digitalization-an-der-fhs-st-gallen\/#article","isPartOf":{"@id":"https:\/\/www.organisator.ch\/en\/general\/2017-09-06\/neuer-forschungsschwerpunkt-design-driven-digitalization-an-der-fhs-st-gallen\/"},"author":{"name":"thomas.berner","@id":"https:\/\/www.organisator.ch\/#\/schema\/person\/6f650f90b2842cd4c0cc334b4e36f67e"},"headline":"Neuer Forschungsschwerpunkt Design-Driven Digitalization an der FHS St.Gallen","datePublished":"2017-09-06T06:50:09+00:00","mainEntityOfPage":{"@id":"https:\/\/www.organisator.ch\/en\/general\/2017-09-06\/neuer-forschungsschwerpunkt-design-driven-digitalization-an-der-fhs-st-gallen\/"},"wordCount":395,"commentCount":0,"publisher":{"@id":"https:\/\/www.organisator.ch\/#organization"},"image":{"@id":"https:\/\/www.organisator.ch\/en\/general\/2017-09-06\/neuer-forschungsschwerpunkt-design-driven-digitalization-an-der-fhs-st-gallen\/#primaryimage"},"thumbnailUrl":"https:\/\/www.organisator.ch\/wp-content\/uploads\/2017\/09\/Neuer-Forschungsschwerpunkt-Design-Driven-Digitalization-an-der-FHS-St.Gallen_Organisator.jpg","keywords":["Aus-\/Weiterbildung","Digitalisierung","Karriere","Wissenschaft"],"articleSection":["Allgemein"],"inLanguage":"en-US"},{"@type":"WebPage","@id":"https:\/\/www.organisator.ch\/en\/general\/2017-09-06\/neuer-forschungsschwerpunkt-design-driven-digitalization-an-der-fhs-st-gallen\/","url":"https:\/\/www.organisator.ch\/en\/general\/2017-09-06\/neuer-forschungsschwerpunkt-design-driven-digitalization-an-der-fhs-st-gallen\/","name":"New research focus Design-Driven Digitalization at the FHS St.Gallen - Organizer","isPartOf":{"@id":"https:\/\/www.organisator.ch\/#website"},"primaryImageOfPage":{"@id":"https:\/\/www.organisator.ch\/en\/general\/2017-09-06\/neuer-forschungsschwerpunkt-design-driven-digitalization-an-der-fhs-st-gallen\/#primaryimage"},"image":{"@id":"https:\/\/www.organisator.ch\/en\/general\/2017-09-06\/neuer-forschungsschwerpunkt-design-driven-digitalization-an-der-fhs-st-gallen\/#primaryimage"},"thumbnailUrl":"https:\/\/www.organisator.ch\/wp-content\/uploads\/2017\/09\/Neuer-Forschungsschwerpunkt-Design-Driven-Digitalization-an-der-FHS-St.Gallen_Organisator.jpg","datePublished":"2017-09-06T06:50:09+00:00","description":"Using design-driven innovation development methods, students analyze and forecast future market developments.","breadcrumb":{"@id":"https:\/\/www.organisator.ch\/en\/general\/2017-09-06\/neuer-forschungsschwerpunkt-design-driven-digitalization-an-der-fhs-st-gallen\/#breadcrumb"},"inLanguage":"en-US","potentialAction":[{"@type":"ReadAction","target":["https:\/\/www.organisator.ch\/en\/general\/2017-09-06\/neuer-forschungsschwerpunkt-design-driven-digitalization-an-der-fhs-st-gallen\/"]}]},{"@type":"ImageObject","inLanguage":"en-US","@id":"https:\/\/www.organisator.ch\/en\/general\/2017-09-06\/neuer-forschungsschwerpunkt-design-driven-digitalization-an-der-fhs-st-gallen\/#primaryimage","url":"https:\/\/www.organisator.ch\/wp-content\/uploads\/2017\/09\/Neuer-Forschungsschwerpunkt-Design-Driven-Digitalization-an-der-FHS-St.Gallen_Organisator.jpg","contentUrl":"https:\/\/www.organisator.ch\/wp-content\/uploads\/2017\/09\/Neuer-Forschungsschwerpunkt-Design-Driven-Digitalization-an-der-FHS-St.Gallen_Organisator.jpg","width":640,"height":347,"caption":"Die FHS gr\u00fcndet neue Forschungseinheit Design-Driven Digitalization. (Bild: FHS St.Gallen)"},{"@type":"BreadcrumbList","@id":"https:\/\/www.organisator.ch\/en\/general\/2017-09-06\/neuer-forschungsschwerpunkt-design-driven-digitalization-an-der-fhs-st-gallen\/#breadcrumb","itemListElement":[{"@type":"ListItem","position":1,"name":"Home","item":"https:\/\/www.organisator.ch\/"},{"@type":"ListItem","position":2,"name":"Neuer Forschungsschwerpunkt Design-Driven Digitalization an der FHS St.Gallen"}]},{"@type":"WebSite","@id":"https:\/\/www.organisator.ch\/#website","url":"https:\/\/www.organisator.ch\/","name":"Organizer","description":"Competent. Practical. In 10 issues per year, ORGANISATOR presents the essential topics for managers of SMEs.","publisher":{"@id":"https:\/\/www.organisator.ch\/#organization"},"potentialAction":[{"@type":"SearchAction","target":{"@type":"EntryPoint","urlTemplate":"https:\/\/www.organisator.ch\/?s={search_term_string}"},"query-input":{"@type":"PropertyValueSpecification","valueRequired":true,"valueName":"search_term_string"}}],"inLanguage":"en-US"},{"@type":"Organization","@id":"https:\/\/www.organisator.ch\/#organization","name":"Organizer","url":"https:\/\/www.organisator.ch\/","logo":{"@type":"ImageObject","inLanguage":"en-US","@id":"https:\/\/www.organisator.ch\/#\/schema\/logo\/image\/","url":"https:\/\/www.organisator.ch\/wp-content\/uploads\/2022\/01\/Logo_Organisator_Website.png","contentUrl":"https:\/\/www.organisator.ch\/wp-content\/uploads\/2022\/01\/Logo_Organisator_Website.png","width":800,"height":77,"caption":"Organisator"},"image":{"@id":"https:\/\/www.organisator.ch\/#\/schema\/logo\/image\/"},"sameAs":["https:\/\/www.facebook.com\/OrganisatorFachmagazin","https:\/\/www.linkedin.com\/showcase\/organisator-das-magazin-fr-kmu","https:\/\/www.xing.com\/news\/pages\/organisator-ch-695","https:\/\/www.youtube.com\/channel\/UCGP2Sq0iWaZwT3BdIAQFYpw"]},{"@type":"Person","@id":"https:\/\/www.organisator.ch\/#\/schema\/person\/6f650f90b2842cd4c0cc334b4e36f67e","name":"thomas.berner","image":{"@type":"ImageObject","inLanguage":"en-US","@id":"https:\/\/secure.gravatar.com\/avatar\/ac5001d2a36cb6c6cd3e50789007ffca834b477b74a2144564522e944eabff61?s=96&d=mm&r=g","url":"https:\/\/secure.gravatar.com\/avatar\/ac5001d2a36cb6c6cd3e50789007ffca834b477b74a2144564522e944eabff61?s=96&d=mm&r=g","contentUrl":"https:\/\/secure.gravatar.com\/avatar\/ac5001d2a36cb6c6cd3e50789007ffca834b477b74a2144564522e944eabff61?s=96&d=mm&r=g","caption":"thomas.berner"},"url":"https:\/\/www.organisator.ch\/en\/author\/thomas-berner\/"}]}},"_links":{"self":[{"href":"https:\/\/www.organisator.ch\/en\/wp-json\/wp\/v2\/posts\/2391","targetHints":{"allow":["GET"]}}],"collection":[{"href":"https:\/\/www.organisator.ch\/en\/wp-json\/wp\/v2\/posts"}],"about":[{"href":"https:\/\/www.organisator.ch\/en\/wp-json\/wp\/v2\/types\/post"}],"author":[{"embeddable":true,"href":"https:\/\/www.organisator.ch\/en\/wp-json\/wp\/v2\/users\/4"}],"replies":[{"embeddable":true,"href":"https:\/\/www.organisator.ch\/en\/wp-json\/wp\/v2\/comments?post=2391"}],"version-history":[{"count":0,"href":"https:\/\/www.organisator.ch\/en\/wp-json\/wp\/v2\/posts\/2391\/revisions"}],"wp:featuredmedia":[{"embeddable":true,"href":"https:\/\/www.organisator.ch\/en\/wp-json\/wp\/v2\/media\/2392"}],"wp:attachment":[{"href":"https:\/\/www.organisator.ch\/en\/wp-json\/wp\/v2\/media?parent=2391"}],"wp:term":[{"taxonomy":"category","embeddable":true,"href":"https:\/\/www.organisator.ch\/en\/wp-json\/wp\/v2\/categories?post=2391"},{"taxonomy":"post_tag","embeddable":true,"href":"https:\/\/www.organisator.ch\/en\/wp-json\/wp\/v2\/tags?post=2391"}],"curies":[{"name":"wp","href":"https:\/\/api.w.org\/{rel}","templated":true}]}}