{"id":2419,"date":"2017-09-11T11:08:20","date_gmt":"2017-09-11T09:08:20","guid":{"rendered":"https:\/\/www.organisator.ch\/?p=2419"},"modified":"2017-09-11T11:08:20","modified_gmt":"2017-09-11T09:08:20","slug":"visionaere-stehen-immer-wieder-auf","status":"publish","type":"post","link":"https:\/\/www.organisator.ch\/en\/management\/2017-09-11\/visionaere-stehen-immer-wieder-auf\/","title":{"rendered":"Visionaries get up again and again"},"content":{"rendered":"<figure id=\"attachment_2421\" aria-describedby=\"caption-attachment-2421\" style=\"width: 640px\" class=\"wp-caption alignnone\"><img loading=\"lazy\" decoding=\"async\" class=\"size-full wp-image-2421\" src=\"https:\/\/www.organisator.ch\/wp-content\/uploads\/2017\/09\/Visionaere-stehen-immer-wieder-auf_Organisator.jpg\" alt=\"\" width=\"640\" height=\"360\" srcset=\"https:\/\/www.organisator.ch\/wp-content\/uploads\/2017\/09\/Visionaere-stehen-immer-wieder-auf_Organisator.jpg 640w, https:\/\/www.organisator.ch\/wp-content\/uploads\/2017\/09\/Visionaere-stehen-immer-wieder-auf_Organisator-16x9.jpg 16w, https:\/\/www.organisator.ch\/wp-content\/uploads\/2017\/09\/Visionaere-stehen-immer-wieder-auf_Organisator-311x175.jpg 311w, https:\/\/www.organisator.ch\/wp-content\/uploads\/2017\/09\/Visionaere-stehen-immer-wieder-auf_Organisator-622x350.jpg 622w, https:\/\/www.organisator.ch\/wp-content\/uploads\/2017\/09\/Visionaere-stehen-immer-wieder-auf_Organisator-300x169.jpg 300w\" sizes=\"auto, (max-width: 640px) 100vw, 640px\" \/><figcaption id=\"caption-attachment-2421\" class=\"wp-caption-text\">Entrepreneurs and visionaries: The participants of the KMU Swiss Podium on September 7, 2017. (Image: KMU Swiss)<\/figcaption><\/figure>\n<p>An exciting topic attracted more than 300 business representatives to the KMU SWISS panel in the Campus Hall in Brugg-Windisch on Thursday, September 7, 2017. In three presentations and a panel discussion, successful entrepreneurs gave an insight into their careers and reported on what it takes to realize a vision. Representative for all was the statement of Robert Nussbaumer: \"Visionaries always get up again. It's a matter of persevering. Keep at it. Win.\"<\/p>\n<h2><strong>Visionaries take off<\/strong><\/h2>\n<p>Keynote speaker, trainer and author Robert Nussbaumer is convinced that visionaries must have a \"perseverance gene\". In his first presentation, he emphasized that it is not enough to have a dream, you also have to take action. But many are afraid of failure, of hurdles that have to be overcome, or they are not motivated enough. The second speaker Roland Brack (Brack.ch) agreed with this and added that it takes a lot of courage to implement a vision: \"I was always initially thought to be crazy when I made my biggest decisions.\" He first supplied customers with electronic goods from the attic of his parents' house. His company now employs 550 people, and the online store stocks 150,000 items. In his last presentation, Oliver Furrer showed that you can literally take off with visions. The multiple world champion and record holder in skydiving is approaching his dream of \"flying like a bird\" step by step. In addition to his job as CCO of the airline SkyWork in Bern, he jumps on weekends with a so-called wingsuit from rocky edges and helps to improve the wingsuit.<\/p>\n<h2><strong>Fun and passion for a cause<\/strong><\/h2>\n<p>In the second part of the KMU SWISS podium, moderator Tamara Sedmak welcomed the legendary Hausi Leutenegger on stage first. The Olympic four-man bobsleigh champion, film actor and founder of Hans Leutenegger AG was extremely entertaining as he explained how he never looked \"left or right\" during his career and always went his own way. His company now employs around 1,000 people. Leutenegger advised the participants to deal with people in a friendly manner, to have an open ear for the employees' concerns and to trust them. In addition, an entrepreneur should be open and communicative and always look ahead.<\/p>\n<p>Marc Gianola also made the leap from sports to business. The four-time Swiss field hockey champion and OC President of the Spengler Cup Davos believes that top athletes have good prerequisites for realizing visions. Athletes have to be ambitious, determined and persistent in order to prevail in a tough environment. Robert Nussbaumer and Oliver Furrer joined us again for the final panel discussion. They all had a lively discussion about visionary behavior and emphasized that, in addition to a vision, what is needed above all is fun and passion for the cause. These help to achieve the necessary stamina when things don't go according to plan. After all, everyone falls on their face once in a while, that's part of it.<\/p>\n<h2><strong>\u00a0<\/strong><strong>Establish contacts<\/strong><\/h2>\n<p>The KMU SWISS Podium, which traditionally takes place once a year in September, not only thrives on the presentations and the panel discussion. Just as important for the managers and entrepreneurs are the encounters during the breaks, at the stands of the 35 exhibitors or at the subsequent dinner. There, valuable contacts are made and cultivated. The guests philosophize about visions and who knows, maybe one or the other idea will be implemented. In any case, the same applies here: stay tuned!<\/p>\n<p><em>More information: <a href=\"http:\/\/www.kmuswiss.ch\">SME Swiss<\/a><\/em><\/p>","protected":false},"excerpt":{"rendered":"<p>Ein spannendes Thema hat am Donnerstag, 7. September 2017,\u00a0\u00fcber 300 Wirtschaftsvertreter an das KMU SWISS Podium in den Campussaal nach Brugg-Windisch gelockt. In drei Referaten und einem Podiumsgespr\u00e4ch gaben erfolgreiche Unternehmer Einblick in ihre Karrieren und berichteten dar\u00fcber, was es braucht, um eine Vision zu verwirklichen. Stellvertretend f\u00fcr alle war die Aussage von Robert Nussbaumer: [&hellip;]<\/p>\n","protected":false},"author":4,"featured_media":2421,"comment_status":"open","ping_status":"open","sticky":false,"template":"","format":"standard","meta":{"_acf_changed":false,"_yoast_wpseo_focuskw":"Vision\u00e4re","_yoast_wpseo_metadesc":"Am KMU SWISS Podium in Brugg-Windisch erz\u00e4hlten Unternehmer und Vision\u00e4re wie Roland Brack (Brack.ch) oder Hausi Leutenegger von ihrem Weg zum Erfolg.","articlekey":"","footnotes":""},"categories":[28],"tags":[335,492,502,508],"class_list":["post-2419","post","type-post","status-publish","format-standard","has-post-thumbnail","hentry","category-management","tag-management-und-unternehmensfuehrung","tag-unternehmen","tag-veranstaltungen","tag-vermischtes"],"acf":[],"yoast_head":"<!-- This site is optimized with the Yoast SEO plugin v27.5 - https:\/\/yoast.com\/product\/yoast-seo-wordpress\/ -->\n<title>Vision\u00e4re stehen immer wieder auf - Organisator<\/title>\n<meta name=\"description\" content=\"Am KMU SWISS Podium in Brugg-Windisch erz\u00e4hlten Unternehmer und Vision\u00e4re wie Roland Brack (Brack.ch) oder Hausi Leutenegger von ihrem Weg zum Erfolg.\" \/>\n<meta name=\"robots\" content=\"index, follow, max-snippet:-1, max-image-preview:large, max-video-preview:-1\" \/>\n<link rel=\"canonical\" href=\"https:\/\/www.organisator.ch\/en\/management\/2017-09-11\/visionaere-stehen-immer-wieder-auf\/\" \/>\n<meta property=\"og:locale\" content=\"en_US\" \/>\n<meta property=\"og:type\" content=\"article\" \/>\n<meta property=\"og:title\" content=\"Vision\u00e4re stehen immer wieder auf\" \/>\n<meta property=\"og:description\" content=\"Am KMU SWISS Podium in Brugg-Windisch vom 7. September 2017 ist das Thema \u201eVision\u00e4res Verhalten\u201c auf grosses Interesse gestossen.\" \/>\n<meta property=\"og:url\" content=\"https:\/\/www.organisator.ch\/en\/management\/2017-09-11\/visionaere-stehen-immer-wieder-auf\/\" \/>\n<meta property=\"og:site_name\" content=\"Organisator\" \/>\n<meta property=\"article:publisher\" content=\"https:\/\/www.facebook.com\/OrganisatorFachmagazin\" \/>\n<meta property=\"article:published_time\" content=\"2017-09-11T09:08:20+00:00\" \/>\n<meta property=\"og:image\" content=\"https:\/\/www.organisator.ch\/wp-content\/uploads\/2017\/09\/Visionaere-stehen-immer-wieder-auf_Organisator.jpg\" \/>\n\t<meta property=\"og:image:width\" content=\"640\" \/>\n\t<meta property=\"og:image:height\" content=\"360\" \/>\n\t<meta property=\"og:image:type\" content=\"image\/jpeg\" \/>\n<meta name=\"author\" content=\"thomas.berner\" \/>\n<meta name=\"twitter:card\" content=\"summary_large_image\" \/>\n<meta name=\"twitter:title\" content=\"#Vision\u00e4re stehen immer wieder auf\" \/>\n<meta name=\"twitter:description\" content=\"Am KMU SWISS Podium in Brugg-Windisch vom 7. September 2017 ist das Thema \u201eVision\u00e4res Verhalten\u201c auf grosses Interesse gestossen.\" \/>\n<meta name=\"twitter:image\" content=\"https:\/\/www.organisator.ch\/wp-content\/uploads\/2017\/09\/Vision\u00e4re-stehen-immer-wieder-auf_Organisator.jpg\" \/>\n<script type=\"application\/ld+json\" class=\"yoast-schema-graph\">{\"@context\":\"https:\\\/\\\/schema.org\",\"@graph\":[{\"@type\":\"Article\",\"@id\":\"https:\\\/\\\/www.organisator.ch\\\/management\\\/2017-09-11\\\/visionaere-stehen-immer-wieder-auf\\\/#article\",\"isPartOf\":{\"@id\":\"https:\\\/\\\/www.organisator.ch\\\/management\\\/2017-09-11\\\/visionaere-stehen-immer-wieder-auf\\\/\"},\"author\":{\"name\":\"thomas.berner\",\"@id\":\"https:\\\/\\\/www.organisator.ch\\\/#\\\/schema\\\/person\\\/6f650f90b2842cd4c0cc334b4e36f67e\"},\"headline\":\"Vision\u00e4re stehen immer wieder auf\",\"datePublished\":\"2017-09-11T09:08:20+00:00\",\"mainEntityOfPage\":{\"@id\":\"https:\\\/\\\/www.organisator.ch\\\/management\\\/2017-09-11\\\/visionaere-stehen-immer-wieder-auf\\\/\"},\"wordCount\":593,\"commentCount\":0,\"publisher\":{\"@id\":\"https:\\\/\\\/www.organisator.ch\\\/#organization\"},\"image\":{\"@id\":\"https:\\\/\\\/www.organisator.ch\\\/management\\\/2017-09-11\\\/visionaere-stehen-immer-wieder-auf\\\/#primaryimage\"},\"thumbnailUrl\":\"https:\\\/\\\/www.organisator.ch\\\/wp-content\\\/uploads\\\/2017\\\/09\\\/Visionaere-stehen-immer-wieder-auf_Organisator.jpg\",\"keywords\":[\"Management und Unternehmensf\u00fchrung\",\"Unternehmen\",\"Veranstaltungen\",\"Vermischtes\"],\"articleSection\":[\"MANAGEMENT\"],\"inLanguage\":\"en-US\"},{\"@type\":\"WebPage\",\"@id\":\"https:\\\/\\\/www.organisator.ch\\\/management\\\/2017-09-11\\\/visionaere-stehen-immer-wieder-auf\\\/\",\"url\":\"https:\\\/\\\/www.organisator.ch\\\/management\\\/2017-09-11\\\/visionaere-stehen-immer-wieder-auf\\\/\",\"name\":\"Vision\u00e4re stehen immer wieder auf - Organisator\",\"isPartOf\":{\"@id\":\"https:\\\/\\\/www.organisator.ch\\\/#website\"},\"primaryImageOfPage\":{\"@id\":\"https:\\\/\\\/www.organisator.ch\\\/management\\\/2017-09-11\\\/visionaere-stehen-immer-wieder-auf\\\/#primaryimage\"},\"image\":{\"@id\":\"https:\\\/\\\/www.organisator.ch\\\/management\\\/2017-09-11\\\/visionaere-stehen-immer-wieder-auf\\\/#primaryimage\"},\"thumbnailUrl\":\"https:\\\/\\\/www.organisator.ch\\\/wp-content\\\/uploads\\\/2017\\\/09\\\/Visionaere-stehen-immer-wieder-auf_Organisator.jpg\",\"datePublished\":\"2017-09-11T09:08:20+00:00\",\"description\":\"Am KMU SWISS Podium in Brugg-Windisch erz\u00e4hlten Unternehmer und Vision\u00e4re wie Roland Brack (Brack.ch) oder Hausi Leutenegger von ihrem Weg zum Erfolg.\",\"breadcrumb\":{\"@id\":\"https:\\\/\\\/www.organisator.ch\\\/management\\\/2017-09-11\\\/visionaere-stehen-immer-wieder-auf\\\/#breadcrumb\"},\"inLanguage\":\"en-US\",\"potentialAction\":[{\"@type\":\"ReadAction\",\"target\":[\"https:\\\/\\\/www.organisator.ch\\\/management\\\/2017-09-11\\\/visionaere-stehen-immer-wieder-auf\\\/\"]}]},{\"@type\":\"ImageObject\",\"inLanguage\":\"en-US\",\"@id\":\"https:\\\/\\\/www.organisator.ch\\\/management\\\/2017-09-11\\\/visionaere-stehen-immer-wieder-auf\\\/#primaryimage\",\"url\":\"https:\\\/\\\/www.organisator.ch\\\/wp-content\\\/uploads\\\/2017\\\/09\\\/Visionaere-stehen-immer-wieder-auf_Organisator.jpg\",\"contentUrl\":\"https:\\\/\\\/www.organisator.ch\\\/wp-content\\\/uploads\\\/2017\\\/09\\\/Visionaere-stehen-immer-wieder-auf_Organisator.jpg\",\"width\":640,\"height\":360,\"caption\":\"Unternehmer und Vision\u00e4re: Die Teilnehmer des KMU Swiss Podium vom 7. September 2017. (Bild: KMU Swiss)\"},{\"@type\":\"BreadcrumbList\",\"@id\":\"https:\\\/\\\/www.organisator.ch\\\/management\\\/2017-09-11\\\/visionaere-stehen-immer-wieder-auf\\\/#breadcrumb\",\"itemListElement\":[{\"@type\":\"ListItem\",\"position\":1,\"name\":\"Home\",\"item\":\"https:\\\/\\\/www.organisator.ch\\\/\"},{\"@type\":\"ListItem\",\"position\":2,\"name\":\"Vision\u00e4re stehen immer wieder auf\"}]},{\"@type\":\"WebSite\",\"@id\":\"https:\\\/\\\/www.organisator.ch\\\/#website\",\"url\":\"https:\\\/\\\/www.organisator.ch\\\/\",\"name\":\"Organisator\",\"description\":\"Kompetent. Praxisnah. Der ORGANISATOR bereitet in 10 Ausgaben pro Jahr die wesentlichen Themen f\u00fcr F\u00fchrungskr\u00e4fte von KMU auf.\",\"publisher\":{\"@id\":\"https:\\\/\\\/www.organisator.ch\\\/#organization\"},\"potentialAction\":[{\"@type\":\"SearchAction\",\"target\":{\"@type\":\"EntryPoint\",\"urlTemplate\":\"https:\\\/\\\/www.organisator.ch\\\/?s={search_term_string}\"},\"query-input\":{\"@type\":\"PropertyValueSpecification\",\"valueRequired\":true,\"valueName\":\"search_term_string\"}}],\"inLanguage\":\"en-US\"},{\"@type\":\"Organization\",\"@id\":\"https:\\\/\\\/www.organisator.ch\\\/#organization\",\"name\":\"Organisator\",\"url\":\"https:\\\/\\\/www.organisator.ch\\\/\",\"logo\":{\"@type\":\"ImageObject\",\"inLanguage\":\"en-US\",\"@id\":\"https:\\\/\\\/www.organisator.ch\\\/#\\\/schema\\\/logo\\\/image\\\/\",\"url\":\"https:\\\/\\\/www.organisator.ch\\\/wp-content\\\/uploads\\\/2022\\\/01\\\/Logo_Organisator_Website.png\",\"contentUrl\":\"https:\\\/\\\/www.organisator.ch\\\/wp-content\\\/uploads\\\/2022\\\/01\\\/Logo_Organisator_Website.png\",\"width\":800,\"height\":77,\"caption\":\"Organisator\"},\"image\":{\"@id\":\"https:\\\/\\\/www.organisator.ch\\\/#\\\/schema\\\/logo\\\/image\\\/\"},\"sameAs\":[\"https:\\\/\\\/www.facebook.com\\\/OrganisatorFachmagazin\",\"https:\\\/\\\/www.linkedin.com\\\/showcase\\\/organisator-das-magazin-fr-kmu\",\"https:\\\/\\\/www.xing.com\\\/news\\\/pages\\\/organisator-ch-695\",\"https:\\\/\\\/www.youtube.com\\\/channel\\\/UCGP2Sq0iWaZwT3BdIAQFYpw\"]},{\"@type\":\"Person\",\"@id\":\"https:\\\/\\\/www.organisator.ch\\\/#\\\/schema\\\/person\\\/6f650f90b2842cd4c0cc334b4e36f67e\",\"name\":\"thomas.berner\",\"image\":{\"@type\":\"ImageObject\",\"inLanguage\":\"en-US\",\"@id\":\"https:\\\/\\\/secure.gravatar.com\\\/avatar\\\/ac5001d2a36cb6c6cd3e50789007ffca834b477b74a2144564522e944eabff61?s=96&d=mm&r=g\",\"url\":\"https:\\\/\\\/secure.gravatar.com\\\/avatar\\\/ac5001d2a36cb6c6cd3e50789007ffca834b477b74a2144564522e944eabff61?s=96&d=mm&r=g\",\"contentUrl\":\"https:\\\/\\\/secure.gravatar.com\\\/avatar\\\/ac5001d2a36cb6c6cd3e50789007ffca834b477b74a2144564522e944eabff61?s=96&d=mm&r=g\",\"caption\":\"thomas.berner\"},\"url\":\"https:\\\/\\\/www.organisator.ch\\\/en\\\/author\\\/thomas-berner\\\/\"}]}<\/script>\n<!-- \/ Yoast SEO plugin. -->","yoast_head_json":{"title":"Visionaries always stand up - organizer","description":"At the KMU SWISS panel in Brugg-Windisch, entrepreneurs and visionaries such as Roland Brack (Brack.ch) and Hausi Leutenegger talked about their path to success.","robots":{"index":"index","follow":"follow","max-snippet":"max-snippet:-1","max-image-preview":"max-image-preview:large","max-video-preview":"max-video-preview:-1"},"canonical":"https:\/\/www.organisator.ch\/en\/management\/2017-09-11\/visionaere-stehen-immer-wieder-auf\/","og_locale":"en_US","og_type":"article","og_title":"Vision\u00e4re stehen immer wieder auf","og_description":"Am KMU SWISS Podium in Brugg-Windisch vom 7. September 2017 ist das Thema \u201eVision\u00e4res Verhalten\u201c auf grosses Interesse gestossen.","og_url":"https:\/\/www.organisator.ch\/en\/management\/2017-09-11\/visionaere-stehen-immer-wieder-auf\/","og_site_name":"Organisator","article_publisher":"https:\/\/www.facebook.com\/OrganisatorFachmagazin","article_published_time":"2017-09-11T09:08:20+00:00","og_image":[{"width":640,"height":360,"url":"https:\/\/www.organisator.ch\/wp-content\/uploads\/2017\/09\/Visionaere-stehen-immer-wieder-auf_Organisator.jpg","type":"image\/jpeg"}],"author":"thomas.berner","twitter_card":"summary_large_image","twitter_title":"#Vision\u00e4re stehen immer wieder auf","twitter_description":"Am KMU SWISS Podium in Brugg-Windisch vom 7. September 2017 ist das Thema \u201eVision\u00e4res Verhalten\u201c auf grosses Interesse gestossen.","twitter_image":"https:\/\/www.organisator.ch\/wp-content\/uploads\/2017\/09\/Vision\u00e4re-stehen-immer-wieder-auf_Organisator.jpg","schema":{"@context":"https:\/\/schema.org","@graph":[{"@type":"Article","@id":"https:\/\/www.organisator.ch\/management\/2017-09-11\/visionaere-stehen-immer-wieder-auf\/#article","isPartOf":{"@id":"https:\/\/www.organisator.ch\/management\/2017-09-11\/visionaere-stehen-immer-wieder-auf\/"},"author":{"name":"thomas.berner","@id":"https:\/\/www.organisator.ch\/#\/schema\/person\/6f650f90b2842cd4c0cc334b4e36f67e"},"headline":"Vision\u00e4re stehen immer wieder auf","datePublished":"2017-09-11T09:08:20+00:00","mainEntityOfPage":{"@id":"https:\/\/www.organisator.ch\/management\/2017-09-11\/visionaere-stehen-immer-wieder-auf\/"},"wordCount":593,"commentCount":0,"publisher":{"@id":"https:\/\/www.organisator.ch\/#organization"},"image":{"@id":"https:\/\/www.organisator.ch\/management\/2017-09-11\/visionaere-stehen-immer-wieder-auf\/#primaryimage"},"thumbnailUrl":"https:\/\/www.organisator.ch\/wp-content\/uploads\/2017\/09\/Visionaere-stehen-immer-wieder-auf_Organisator.jpg","keywords":["Management und Unternehmensf\u00fchrung","Unternehmen","Veranstaltungen","Vermischtes"],"articleSection":["MANAGEMENT"],"inLanguage":"en-US"},{"@type":"WebPage","@id":"https:\/\/www.organisator.ch\/management\/2017-09-11\/visionaere-stehen-immer-wieder-auf\/","url":"https:\/\/www.organisator.ch\/management\/2017-09-11\/visionaere-stehen-immer-wieder-auf\/","name":"Visionaries always stand up - organizer","isPartOf":{"@id":"https:\/\/www.organisator.ch\/#website"},"primaryImageOfPage":{"@id":"https:\/\/www.organisator.ch\/management\/2017-09-11\/visionaere-stehen-immer-wieder-auf\/#primaryimage"},"image":{"@id":"https:\/\/www.organisator.ch\/management\/2017-09-11\/visionaere-stehen-immer-wieder-auf\/#primaryimage"},"thumbnailUrl":"https:\/\/www.organisator.ch\/wp-content\/uploads\/2017\/09\/Visionaere-stehen-immer-wieder-auf_Organisator.jpg","datePublished":"2017-09-11T09:08:20+00:00","description":"At the KMU SWISS panel in Brugg-Windisch, entrepreneurs and visionaries such as Roland Brack (Brack.ch) and Hausi Leutenegger talked about their path to success.","breadcrumb":{"@id":"https:\/\/www.organisator.ch\/management\/2017-09-11\/visionaere-stehen-immer-wieder-auf\/#breadcrumb"},"inLanguage":"en-US","potentialAction":[{"@type":"ReadAction","target":["https:\/\/www.organisator.ch\/management\/2017-09-11\/visionaere-stehen-immer-wieder-auf\/"]}]},{"@type":"ImageObject","inLanguage":"en-US","@id":"https:\/\/www.organisator.ch\/management\/2017-09-11\/visionaere-stehen-immer-wieder-auf\/#primaryimage","url":"https:\/\/www.organisator.ch\/wp-content\/uploads\/2017\/09\/Visionaere-stehen-immer-wieder-auf_Organisator.jpg","contentUrl":"https:\/\/www.organisator.ch\/wp-content\/uploads\/2017\/09\/Visionaere-stehen-immer-wieder-auf_Organisator.jpg","width":640,"height":360,"caption":"Unternehmer und Vision\u00e4re: Die Teilnehmer des KMU Swiss Podium vom 7. September 2017. (Bild: KMU Swiss)"},{"@type":"BreadcrumbList","@id":"https:\/\/www.organisator.ch\/management\/2017-09-11\/visionaere-stehen-immer-wieder-auf\/#breadcrumb","itemListElement":[{"@type":"ListItem","position":1,"name":"Home","item":"https:\/\/www.organisator.ch\/"},{"@type":"ListItem","position":2,"name":"Vision\u00e4re stehen immer wieder auf"}]},{"@type":"WebSite","@id":"https:\/\/www.organisator.ch\/#website","url":"https:\/\/www.organisator.ch\/","name":"Organizer","description":"Competent. Practical. In 10 issues per year, ORGANISATOR presents the essential topics for managers of SMEs.","publisher":{"@id":"https:\/\/www.organisator.ch\/#organization"},"potentialAction":[{"@type":"SearchAction","target":{"@type":"EntryPoint","urlTemplate":"https:\/\/www.organisator.ch\/?s={search_term_string}"},"query-input":{"@type":"PropertyValueSpecification","valueRequired":true,"valueName":"search_term_string"}}],"inLanguage":"en-US"},{"@type":"Organization","@id":"https:\/\/www.organisator.ch\/#organization","name":"Organizer","url":"https:\/\/www.organisator.ch\/","logo":{"@type":"ImageObject","inLanguage":"en-US","@id":"https:\/\/www.organisator.ch\/#\/schema\/logo\/image\/","url":"https:\/\/www.organisator.ch\/wp-content\/uploads\/2022\/01\/Logo_Organisator_Website.png","contentUrl":"https:\/\/www.organisator.ch\/wp-content\/uploads\/2022\/01\/Logo_Organisator_Website.png","width":800,"height":77,"caption":"Organisator"},"image":{"@id":"https:\/\/www.organisator.ch\/#\/schema\/logo\/image\/"},"sameAs":["https:\/\/www.facebook.com\/OrganisatorFachmagazin","https:\/\/www.linkedin.com\/showcase\/organisator-das-magazin-fr-kmu","https:\/\/www.xing.com\/news\/pages\/organisator-ch-695","https:\/\/www.youtube.com\/channel\/UCGP2Sq0iWaZwT3BdIAQFYpw"]},{"@type":"Person","@id":"https:\/\/www.organisator.ch\/#\/schema\/person\/6f650f90b2842cd4c0cc334b4e36f67e","name":"thomas.berner","image":{"@type":"ImageObject","inLanguage":"en-US","@id":"https:\/\/secure.gravatar.com\/avatar\/ac5001d2a36cb6c6cd3e50789007ffca834b477b74a2144564522e944eabff61?s=96&d=mm&r=g","url":"https:\/\/secure.gravatar.com\/avatar\/ac5001d2a36cb6c6cd3e50789007ffca834b477b74a2144564522e944eabff61?s=96&d=mm&r=g","contentUrl":"https:\/\/secure.gravatar.com\/avatar\/ac5001d2a36cb6c6cd3e50789007ffca834b477b74a2144564522e944eabff61?s=96&d=mm&r=g","caption":"thomas.berner"},"url":"https:\/\/www.organisator.ch\/en\/author\/thomas-berner\/"}]}},"_links":{"self":[{"href":"https:\/\/www.organisator.ch\/en\/wp-json\/wp\/v2\/posts\/2419","targetHints":{"allow":["GET"]}}],"collection":[{"href":"https:\/\/www.organisator.ch\/en\/wp-json\/wp\/v2\/posts"}],"about":[{"href":"https:\/\/www.organisator.ch\/en\/wp-json\/wp\/v2\/types\/post"}],"author":[{"embeddable":true,"href":"https:\/\/www.organisator.ch\/en\/wp-json\/wp\/v2\/users\/4"}],"replies":[{"embeddable":true,"href":"https:\/\/www.organisator.ch\/en\/wp-json\/wp\/v2\/comments?post=2419"}],"version-history":[{"count":0,"href":"https:\/\/www.organisator.ch\/en\/wp-json\/wp\/v2\/posts\/2419\/revisions"}],"wp:featuredmedia":[{"embeddable":true,"href":"https:\/\/www.organisator.ch\/en\/wp-json\/wp\/v2\/media\/2421"}],"wp:attachment":[{"href":"https:\/\/www.organisator.ch\/en\/wp-json\/wp\/v2\/media?parent=2419"}],"wp:term":[{"taxonomy":"category","embeddable":true,"href":"https:\/\/www.organisator.ch\/en\/wp-json\/wp\/v2\/categories?post=2419"},{"taxonomy":"post_tag","embeddable":true,"href":"https:\/\/www.organisator.ch\/en\/wp-json\/wp\/v2\/tags?post=2419"}],"curies":[{"name":"wp","href":"https:\/\/api.w.org\/{rel}","templated":true}]}}