{"id":24383,"date":"2024-01-18T05:05:52","date_gmt":"2024-01-18T04:05:52","guid":{"rendered":"https:\/\/www.organisator.ch\/?p=24383"},"modified":"2024-01-18T08:08:02","modified_gmt":"2024-01-18T07:08:02","slug":"bumerang-mitarbeiter-eine-loesung-fuer-den-talentmangel","status":"publish","type":"post","link":"https:\/\/www.organisator.ch\/en\/human-resources\/2024-01-18\/bumerang-mitarbeiter-eine-loesung-fuer-den-talentmangel\/","title":{"rendered":"Boomerang employees: a solution to the talent shortage?"},"content":{"rendered":"<figure id=\"attachment_24384\" class=\"wp-caption alignnone\" style=\"width: 680px;\" aria-describedby=\"caption-attachment-24384\"><img class=\"size-full wp-image-24384\" src=\"https:\/\/www.organisator.ch\/wp-content\/uploads\/2024\/01\/Bumerangmitarbeitende_Bild1_ps.jpg\" sizes=\"(max-width: 680px) 100vw, 680px\" srcset=\"https:\/\/www.organisator.ch\/wp-content\/uploads\/2024\/01\/Bumerangmitarbeitende_Bild1_ps.jpg 680w, https:\/\/www.organisator.ch\/wp-content\/uploads\/2024\/01\/Bumerangmitarbeitende_Bild1_ps-18x12.jpg 18w, https:\/\/www.organisator.ch\/wp-content\/uploads\/2024\/01\/Bumerangmitarbeitende_Bild1_ps-375x250.jpg 375w, https:\/\/www.organisator.ch\/wp-content\/uploads\/2024\/01\/Bumerangmitarbeitende_Bild1_ps-525x350.jpg 525w\" alt=\"\" width=\"680\" height=\"453\" \/>\r\n<figcaption id=\"caption-attachment-24384\" class=\"wp-caption-text\">79% of the Swiss company managers surveyed are open to taking back a valuable employee. While 9% are reluctant, 12% are not in favor. (www.pexels.com)<\/figcaption>\r\n<\/figure>\r\n<h3><strong>Keep the door open<\/strong><\/h3>\r\n<p>According to the latest Robert Walters survey, many respondents maintain some form of contact with their former manager. 24% of them do so primarily to keep the door open for future employment opportunities. In addition, 6% admitted that they have not yet approached their former employer about a possible return, but intend to do so.\u00a0\u00a0\u00a0\u00a0<\/p>\r\n<h3><strong>Support from company managers\u00a0<\/strong><\/h3>\r\n<p>Returning employees also appear to be viewed positively by employers. An astonishing 79% of the Swiss company managers surveyed are open to welcoming back a valuable employee. While 9% are reluctant, 12% are not in favor.\u00a0\u00a0\u00a0\u00a0<\/p>\r\n<p>Christian Atkinson, Country Manager at Robert Walters, adds: \"The tight labor market undoubtedly plays an important role here. Many positions are difficult to fill, so rehiring former employees who have left on good terms is undoubtedly a good idea. They are familiar with the work dynamics and company culture and require less time for training and induction. This speeds up and simplifies the induction process. They are also more likely to be more committed to the company because they have returned voluntarily.\"\u00a0\u00a0\u00a0\u00a0<\/p>\r\n<figure id=\"attachment_24385\" class=\"wp-caption alignnone\" style=\"width: 680px;\" aria-describedby=\"caption-attachment-24385\"><img class=\"size-full wp-image-24385\" src=\"https:\/\/www.organisator.ch\/wp-content\/uploads\/2024\/01\/Christian-Atkinson-photo_ps.jpg\" sizes=\"(max-width: 680px) 100vw, 680px\" srcset=\"https:\/\/www.organisator.ch\/wp-content\/uploads\/2024\/01\/Christian-Atkinson-photo_ps.jpg 680w, https:\/\/www.organisator.ch\/wp-content\/uploads\/2024\/01\/Christian-Atkinson-photo_ps-12x12.jpg 12w, https:\/\/www.organisator.ch\/wp-content\/uploads\/2024\/01\/Christian-Atkinson-photo_ps-311x300.jpg 311w, https:\/\/www.organisator.ch\/wp-content\/uploads\/2024\/01\/Christian-Atkinson-photo_ps-363x350.jpg 363w\" alt=\"\" width=\"680\" height=\"656\" \/>\r\n<figcaption id=\"caption-attachment-24385\" class=\"wp-caption-text\">Christian Atkinson - Country Manager at Robert Walters. (www.robertwalters.com)<\/figcaption>\r\n<\/figure>\r\n<h3><strong>Creating a path to return\u00a0<\/strong>\u00a0\u00a0<\/h3>\r\n<p>No company likes to see valuable employees leave the company. It is therefore important for companies to create a positive offboarding experience and let departing employees know that the door is open for a possible return, be it in the same or a new role.\u00a0\u00a0\u00a0\u00a0<\/p>\r\n<p>To get the best out of boomerang employees, companies need to establish clear policies and procedures for rehiring former employees. Christian Atkinson emphasizes: \"Such policies are a must, especially if someone is returning to a higher position than they left. As a business leader, you must ensure that every employee has suitable development opportunities within the company. Otherwise, you run the risk of sending the message that the path to promotion or better pay is a boomerang. And that shouldn't be the intention.\"\u00a0\u00a0<\/p>\r\n<p><em>Source: <a href=\"http:\/\/www.robertwalters.com\/\">www.robertwalters.com<\/a><\/em><\/p>","protected":false},"excerpt":{"rendered":"<p>A recent survey conducted by Swiss recruiter Robert Walters shows that 69% of Swiss professionals are open to the idea of returning to their former employer. This is potentially a key solution to the global talent shortage. Re-hiring former employees can ease the burden on companies and reduce pressure in a tight labor market where it is often difficult to fill vacancies.<\/p>","protected":false},"author":58,"featured_media":24384,"comment_status":"closed","ping_status":"closed","sticky":false,"template":"","format":"standard","meta":{"_acf_changed":false,"_yoast_wpseo_focuskw":"Bumerang-Mitarbeiter","_yoast_wpseo_metadesc":"Umfrage zeigt, dass 69% der Schweizer Fachkr\u00e4fte der Idee offen gegen\u00fcberstehen, zu ihrem fr\u00fcheren Arbeitgeber zur\u00fcckzukehren.","articlekey":"","footnotes":""},"categories":[579],"tags":[194,3506,424,487,492],"class_list":["post-24383","post","type-post","status-publish","format-standard","has-post-thumbnail","hentry","category-human-resources","tag-fachkraeftemangel","tag-human-resources","tag-schweiz","tag-umfrage","tag-unternehmen"],"acf":[],"yoast_head":"<!-- This site is optimized with the Yoast SEO plugin v27.5 - https:\/\/yoast.com\/product\/yoast-seo-wordpress\/ -->\n<title>Bumerang-Mitarbeiter: eine L\u00f6sung f\u00fcr den Talentmangel? - Organisator<\/title>\n<meta name=\"description\" content=\"Umfrage zeigt, dass 69% der Schweizer Fachkr\u00e4fte der Idee offen gegen\u00fcberstehen, zu ihrem fr\u00fcheren Arbeitgeber zur\u00fcckzukehren.\" \/>\n<meta name=\"robots\" content=\"index, follow, max-snippet:-1, max-image-preview:large, max-video-preview:-1\" \/>\n<link rel=\"canonical\" href=\"https:\/\/www.organisator.ch\/en\/human-resources\/2024-01-18\/bumerang-mitarbeiter-eine-loesung-fuer-den-talentmangel\/\" \/>\n<meta property=\"og:locale\" content=\"en_US\" \/>\n<meta property=\"og:type\" content=\"article\" \/>\n<meta property=\"og:title\" content=\"Bumerang-Mitarbeiter: eine L\u00f6sung f\u00fcr den Talentmangel?\" \/>\n<meta property=\"og:description\" content=\"Umfrage zeigt, dass 69% der Schweizer Fachkr\u00e4fte der Idee offen gegen\u00fcberstehen, zu ihrem fr\u00fcheren Arbeitgeber zur\u00fcckzukehren.\" \/>\n<meta property=\"og:url\" content=\"https:\/\/www.organisator.ch\/en\/human-resources\/2024-01-18\/bumerang-mitarbeiter-eine-loesung-fuer-den-talentmangel\/\" \/>\n<meta property=\"og:site_name\" content=\"Organisator\" \/>\n<meta property=\"article:publisher\" content=\"https:\/\/www.facebook.com\/OrganisatorFachmagazin\" \/>\n<meta property=\"article:published_time\" content=\"2024-01-18T04:05:52+00:00\" \/>\n<meta property=\"article:modified_time\" content=\"2024-01-18T07:08:02+00:00\" \/>\n<meta property=\"og:image\" content=\"https:\/\/www.organisator.ch\/wp-content\/uploads\/2024\/01\/Bumerangmitarbeitende_Bild1_ps.jpg\" \/>\n\t<meta property=\"og:image:width\" content=\"680\" \/>\n\t<meta property=\"og:image:height\" content=\"453\" \/>\n\t<meta property=\"og:image:type\" content=\"image\/jpeg\" \/>\n<meta name=\"author\" content=\"Adelisa Kalajdzini\" \/>\n<meta name=\"twitter:card\" content=\"summary_large_image\" \/>\n<meta name=\"twitter:title\" content=\"Bumerang-Mitarbeiter: eine L\u00f6sung f\u00fcr den Talentmangel?\" \/>\n<meta name=\"twitter:description\" content=\"#Umfrage zeigt, dass 69% der Schweizer #Fachkr\u00e4fte der Idee offen gegen\u00fcberstehen, zu ihrem fr\u00fcheren #Arbeitgeber #zur\u00fcckzukehren.\" \/>\n<meta name=\"twitter:image\" content=\"https:\/\/www.organisator.ch\/wp-content\/uploads\/2024\/01\/Bumerangmitarbeitende_Bild1_ps.jpg\" \/>\n<script type=\"application\/ld+json\" class=\"yoast-schema-graph\">{\"@context\":\"https:\\\/\\\/schema.org\",\"@graph\":[{\"@type\":\"Article\",\"@id\":\"https:\\\/\\\/www.organisator.ch\\\/human-resources\\\/2024-01-18\\\/bumerang-mitarbeiter-eine-loesung-fuer-den-talentmangel\\\/#article\",\"isPartOf\":{\"@id\":\"https:\\\/\\\/www.organisator.ch\\\/human-resources\\\/2024-01-18\\\/bumerang-mitarbeiter-eine-loesung-fuer-den-talentmangel\\\/\"},\"author\":{\"name\":\"Adelisa Kalajdzini\",\"@id\":\"https:\\\/\\\/www.organisator.ch\\\/#\\\/schema\\\/person\\\/2e1314a2172123f874db408d8911d3f3\"},\"headline\":\"Bumerang-Mitarbeiter: eine L\u00f6sung f\u00fcr den Talentmangel?\",\"datePublished\":\"2024-01-18T04:05:52+00:00\",\"dateModified\":\"2024-01-18T07:08:02+00:00\",\"mainEntityOfPage\":{\"@id\":\"https:\\\/\\\/www.organisator.ch\\\/human-resources\\\/2024-01-18\\\/bumerang-mitarbeiter-eine-loesung-fuer-den-talentmangel\\\/\"},\"wordCount\":392,\"publisher\":{\"@id\":\"https:\\\/\\\/www.organisator.ch\\\/#organization\"},\"image\":{\"@id\":\"https:\\\/\\\/www.organisator.ch\\\/human-resources\\\/2024-01-18\\\/bumerang-mitarbeiter-eine-loesung-fuer-den-talentmangel\\\/#primaryimage\"},\"thumbnailUrl\":\"https:\\\/\\\/www.organisator.ch\\\/wp-content\\\/uploads\\\/2024\\\/01\\\/Bumerangmitarbeitende_Bild1_ps.jpg\",\"keywords\":[\"Fachkr\u00e4ftemangel\",\"Human Resources\",\"Schweiz\",\"Umfrage\",\"Unternehmen\"],\"articleSection\":[\"HUMAN RESOURCES\"],\"inLanguage\":\"en-US\"},{\"@type\":\"WebPage\",\"@id\":\"https:\\\/\\\/www.organisator.ch\\\/human-resources\\\/2024-01-18\\\/bumerang-mitarbeiter-eine-loesung-fuer-den-talentmangel\\\/\",\"url\":\"https:\\\/\\\/www.organisator.ch\\\/human-resources\\\/2024-01-18\\\/bumerang-mitarbeiter-eine-loesung-fuer-den-talentmangel\\\/\",\"name\":\"Bumerang-Mitarbeiter: eine L\u00f6sung f\u00fcr den Talentmangel? - Organisator\",\"isPartOf\":{\"@id\":\"https:\\\/\\\/www.organisator.ch\\\/#website\"},\"primaryImageOfPage\":{\"@id\":\"https:\\\/\\\/www.organisator.ch\\\/human-resources\\\/2024-01-18\\\/bumerang-mitarbeiter-eine-loesung-fuer-den-talentmangel\\\/#primaryimage\"},\"image\":{\"@id\":\"https:\\\/\\\/www.organisator.ch\\\/human-resources\\\/2024-01-18\\\/bumerang-mitarbeiter-eine-loesung-fuer-den-talentmangel\\\/#primaryimage\"},\"thumbnailUrl\":\"https:\\\/\\\/www.organisator.ch\\\/wp-content\\\/uploads\\\/2024\\\/01\\\/Bumerangmitarbeitende_Bild1_ps.jpg\",\"datePublished\":\"2024-01-18T04:05:52+00:00\",\"dateModified\":\"2024-01-18T07:08:02+00:00\",\"description\":\"Umfrage zeigt, dass 69% der Schweizer Fachkr\u00e4fte der Idee offen gegen\u00fcberstehen, zu ihrem fr\u00fcheren Arbeitgeber zur\u00fcckzukehren.\",\"breadcrumb\":{\"@id\":\"https:\\\/\\\/www.organisator.ch\\\/human-resources\\\/2024-01-18\\\/bumerang-mitarbeiter-eine-loesung-fuer-den-talentmangel\\\/#breadcrumb\"},\"inLanguage\":\"en-US\",\"potentialAction\":[{\"@type\":\"ReadAction\",\"target\":[\"https:\\\/\\\/www.organisator.ch\\\/human-resources\\\/2024-01-18\\\/bumerang-mitarbeiter-eine-loesung-fuer-den-talentmangel\\\/\"]}]},{\"@type\":\"ImageObject\",\"inLanguage\":\"en-US\",\"@id\":\"https:\\\/\\\/www.organisator.ch\\\/human-resources\\\/2024-01-18\\\/bumerang-mitarbeiter-eine-loesung-fuer-den-talentmangel\\\/#primaryimage\",\"url\":\"https:\\\/\\\/www.organisator.ch\\\/wp-content\\\/uploads\\\/2024\\\/01\\\/Bumerangmitarbeitende_Bild1_ps.jpg\",\"contentUrl\":\"https:\\\/\\\/www.organisator.ch\\\/wp-content\\\/uploads\\\/2024\\\/01\\\/Bumerangmitarbeitende_Bild1_ps.jpg\",\"width\":680,\"height\":453,\"caption\":\"79% der befragten Schweizer Unternehmensleiter zeigen sich offen daf\u00fcr, einen wertvollen Mitarbeiter wieder aufzunehmen. W\u00e4hrend 9% zur\u00fcckhaltend sind, sind 12% nicht daf\u00fcr. (www.pexels.com)\"},{\"@type\":\"BreadcrumbList\",\"@id\":\"https:\\\/\\\/www.organisator.ch\\\/human-resources\\\/2024-01-18\\\/bumerang-mitarbeiter-eine-loesung-fuer-den-talentmangel\\\/#breadcrumb\",\"itemListElement\":[{\"@type\":\"ListItem\",\"position\":1,\"name\":\"Home\",\"item\":\"https:\\\/\\\/www.organisator.ch\\\/\"},{\"@type\":\"ListItem\",\"position\":2,\"name\":\"Bumerang-Mitarbeiter: eine L\u00f6sung f\u00fcr den Talentmangel?\"}]},{\"@type\":\"WebSite\",\"@id\":\"https:\\\/\\\/www.organisator.ch\\\/#website\",\"url\":\"https:\\\/\\\/www.organisator.ch\\\/\",\"name\":\"Organisator\",\"description\":\"Kompetent. Praxisnah. Der ORGANISATOR bereitet in 10 Ausgaben pro Jahr die wesentlichen Themen f\u00fcr F\u00fchrungskr\u00e4fte von KMU auf.\",\"publisher\":{\"@id\":\"https:\\\/\\\/www.organisator.ch\\\/#organization\"},\"potentialAction\":[{\"@type\":\"SearchAction\",\"target\":{\"@type\":\"EntryPoint\",\"urlTemplate\":\"https:\\\/\\\/www.organisator.ch\\\/?s={search_term_string}\"},\"query-input\":{\"@type\":\"PropertyValueSpecification\",\"valueRequired\":true,\"valueName\":\"search_term_string\"}}],\"inLanguage\":\"en-US\"},{\"@type\":\"Organization\",\"@id\":\"https:\\\/\\\/www.organisator.ch\\\/#organization\",\"name\":\"Organisator\",\"url\":\"https:\\\/\\\/www.organisator.ch\\\/\",\"logo\":{\"@type\":\"ImageObject\",\"inLanguage\":\"en-US\",\"@id\":\"https:\\\/\\\/www.organisator.ch\\\/#\\\/schema\\\/logo\\\/image\\\/\",\"url\":\"https:\\\/\\\/www.organisator.ch\\\/wp-content\\\/uploads\\\/2022\\\/01\\\/Logo_Organisator_Website.png\",\"contentUrl\":\"https:\\\/\\\/www.organisator.ch\\\/wp-content\\\/uploads\\\/2022\\\/01\\\/Logo_Organisator_Website.png\",\"width\":800,\"height\":77,\"caption\":\"Organisator\"},\"image\":{\"@id\":\"https:\\\/\\\/www.organisator.ch\\\/#\\\/schema\\\/logo\\\/image\\\/\"},\"sameAs\":[\"https:\\\/\\\/www.facebook.com\\\/OrganisatorFachmagazin\",\"https:\\\/\\\/www.linkedin.com\\\/showcase\\\/organisator-das-magazin-fr-kmu\",\"https:\\\/\\\/www.xing.com\\\/news\\\/pages\\\/organisator-ch-695\",\"https:\\\/\\\/www.youtube.com\\\/channel\\\/UCGP2Sq0iWaZwT3BdIAQFYpw\"]},{\"@type\":\"Person\",\"@id\":\"https:\\\/\\\/www.organisator.ch\\\/#\\\/schema\\\/person\\\/2e1314a2172123f874db408d8911d3f3\",\"name\":\"Adelisa Kalajdzini\",\"image\":{\"@type\":\"ImageObject\",\"inLanguage\":\"en-US\",\"@id\":\"https:\\\/\\\/secure.gravatar.com\\\/avatar\\\/09a397c22ac58cad6f160ee8306348599df9df58a8ede73696226897b9fa4b24?s=96&d=mm&r=g\",\"url\":\"https:\\\/\\\/secure.gravatar.com\\\/avatar\\\/09a397c22ac58cad6f160ee8306348599df9df58a8ede73696226897b9fa4b24?s=96&d=mm&r=g\",\"contentUrl\":\"https:\\\/\\\/secure.gravatar.com\\\/avatar\\\/09a397c22ac58cad6f160ee8306348599df9df58a8ede73696226897b9fa4b24?s=96&d=mm&r=g\",\"caption\":\"Adelisa Kalajdzini\"},\"url\":\"https:\\\/\\\/www.organisator.ch\\\/en\\\/author\\\/adelisa-kalajdzini\\\/\"}]}<\/script>\n<!-- \/ Yoast SEO plugin. -->","yoast_head_json":{"title":"Boomerang employees: a solution to the talent shortage? - Organizer","description":"survey shows that 69% of Swiss professionals are open to the idea of returning to their former employer.","robots":{"index":"index","follow":"follow","max-snippet":"max-snippet:-1","max-image-preview":"max-image-preview:large","max-video-preview":"max-video-preview:-1"},"canonical":"https:\/\/www.organisator.ch\/en\/human-resources\/2024-01-18\/bumerang-mitarbeiter-eine-loesung-fuer-den-talentmangel\/","og_locale":"en_US","og_type":"article","og_title":"Bumerang-Mitarbeiter: eine L\u00f6sung f\u00fcr den Talentmangel?","og_description":"Umfrage zeigt, dass 69% der Schweizer Fachkr\u00e4fte der Idee offen gegen\u00fcberstehen, zu ihrem fr\u00fcheren Arbeitgeber zur\u00fcckzukehren.","og_url":"https:\/\/www.organisator.ch\/en\/human-resources\/2024-01-18\/bumerang-mitarbeiter-eine-loesung-fuer-den-talentmangel\/","og_site_name":"Organisator","article_publisher":"https:\/\/www.facebook.com\/OrganisatorFachmagazin","article_published_time":"2024-01-18T04:05:52+00:00","article_modified_time":"2024-01-18T07:08:02+00:00","og_image":[{"width":680,"height":453,"url":"https:\/\/www.organisator.ch\/wp-content\/uploads\/2024\/01\/Bumerangmitarbeitende_Bild1_ps.jpg","type":"image\/jpeg"}],"author":"Adelisa Kalajdzini","twitter_card":"summary_large_image","twitter_title":"Bumerang-Mitarbeiter: eine L\u00f6sung f\u00fcr den Talentmangel?","twitter_description":"#Umfrage zeigt, dass 69% der Schweizer #Fachkr\u00e4fte der Idee offen gegen\u00fcberstehen, zu ihrem fr\u00fcheren #Arbeitgeber #zur\u00fcckzukehren.","twitter_image":"https:\/\/www.organisator.ch\/wp-content\/uploads\/2024\/01\/Bumerangmitarbeitende_Bild1_ps.jpg","schema":{"@context":"https:\/\/schema.org","@graph":[{"@type":"Article","@id":"https:\/\/www.organisator.ch\/human-resources\/2024-01-18\/bumerang-mitarbeiter-eine-loesung-fuer-den-talentmangel\/#article","isPartOf":{"@id":"https:\/\/www.organisator.ch\/human-resources\/2024-01-18\/bumerang-mitarbeiter-eine-loesung-fuer-den-talentmangel\/"},"author":{"name":"Adelisa Kalajdzini","@id":"https:\/\/www.organisator.ch\/#\/schema\/person\/2e1314a2172123f874db408d8911d3f3"},"headline":"Bumerang-Mitarbeiter: eine L\u00f6sung f\u00fcr den Talentmangel?","datePublished":"2024-01-18T04:05:52+00:00","dateModified":"2024-01-18T07:08:02+00:00","mainEntityOfPage":{"@id":"https:\/\/www.organisator.ch\/human-resources\/2024-01-18\/bumerang-mitarbeiter-eine-loesung-fuer-den-talentmangel\/"},"wordCount":392,"publisher":{"@id":"https:\/\/www.organisator.ch\/#organization"},"image":{"@id":"https:\/\/www.organisator.ch\/human-resources\/2024-01-18\/bumerang-mitarbeiter-eine-loesung-fuer-den-talentmangel\/#primaryimage"},"thumbnailUrl":"https:\/\/www.organisator.ch\/wp-content\/uploads\/2024\/01\/Bumerangmitarbeitende_Bild1_ps.jpg","keywords":["Fachkr\u00e4ftemangel","Human Resources","Schweiz","Umfrage","Unternehmen"],"articleSection":["HUMAN RESOURCES"],"inLanguage":"en-US"},{"@type":"WebPage","@id":"https:\/\/www.organisator.ch\/human-resources\/2024-01-18\/bumerang-mitarbeiter-eine-loesung-fuer-den-talentmangel\/","url":"https:\/\/www.organisator.ch\/human-resources\/2024-01-18\/bumerang-mitarbeiter-eine-loesung-fuer-den-talentmangel\/","name":"Boomerang employees: a solution to the talent shortage? - Organizer","isPartOf":{"@id":"https:\/\/www.organisator.ch\/#website"},"primaryImageOfPage":{"@id":"https:\/\/www.organisator.ch\/human-resources\/2024-01-18\/bumerang-mitarbeiter-eine-loesung-fuer-den-talentmangel\/#primaryimage"},"image":{"@id":"https:\/\/www.organisator.ch\/human-resources\/2024-01-18\/bumerang-mitarbeiter-eine-loesung-fuer-den-talentmangel\/#primaryimage"},"thumbnailUrl":"https:\/\/www.organisator.ch\/wp-content\/uploads\/2024\/01\/Bumerangmitarbeitende_Bild1_ps.jpg","datePublished":"2024-01-18T04:05:52+00:00","dateModified":"2024-01-18T07:08:02+00:00","description":"survey shows that 69% of Swiss professionals are open to the idea of returning to their former employer.","breadcrumb":{"@id":"https:\/\/www.organisator.ch\/human-resources\/2024-01-18\/bumerang-mitarbeiter-eine-loesung-fuer-den-talentmangel\/#breadcrumb"},"inLanguage":"en-US","potentialAction":[{"@type":"ReadAction","target":["https:\/\/www.organisator.ch\/human-resources\/2024-01-18\/bumerang-mitarbeiter-eine-loesung-fuer-den-talentmangel\/"]}]},{"@type":"ImageObject","inLanguage":"en-US","@id":"https:\/\/www.organisator.ch\/human-resources\/2024-01-18\/bumerang-mitarbeiter-eine-loesung-fuer-den-talentmangel\/#primaryimage","url":"https:\/\/www.organisator.ch\/wp-content\/uploads\/2024\/01\/Bumerangmitarbeitende_Bild1_ps.jpg","contentUrl":"https:\/\/www.organisator.ch\/wp-content\/uploads\/2024\/01\/Bumerangmitarbeitende_Bild1_ps.jpg","width":680,"height":453,"caption":"79% der befragten Schweizer Unternehmensleiter zeigen sich offen daf\u00fcr, einen wertvollen Mitarbeiter wieder aufzunehmen. W\u00e4hrend 9% zur\u00fcckhaltend sind, sind 12% nicht daf\u00fcr. (www.pexels.com)"},{"@type":"BreadcrumbList","@id":"https:\/\/www.organisator.ch\/human-resources\/2024-01-18\/bumerang-mitarbeiter-eine-loesung-fuer-den-talentmangel\/#breadcrumb","itemListElement":[{"@type":"ListItem","position":1,"name":"Home","item":"https:\/\/www.organisator.ch\/"},{"@type":"ListItem","position":2,"name":"Bumerang-Mitarbeiter: eine L\u00f6sung f\u00fcr den Talentmangel?"}]},{"@type":"WebSite","@id":"https:\/\/www.organisator.ch\/#website","url":"https:\/\/www.organisator.ch\/","name":"Organizer","description":"Competent. Practical. In 10 issues per year, ORGANISATOR presents the essential topics for managers of SMEs.","publisher":{"@id":"https:\/\/www.organisator.ch\/#organization"},"potentialAction":[{"@type":"SearchAction","target":{"@type":"EntryPoint","urlTemplate":"https:\/\/www.organisator.ch\/?s={search_term_string}"},"query-input":{"@type":"PropertyValueSpecification","valueRequired":true,"valueName":"search_term_string"}}],"inLanguage":"en-US"},{"@type":"Organization","@id":"https:\/\/www.organisator.ch\/#organization","name":"Organizer","url":"https:\/\/www.organisator.ch\/","logo":{"@type":"ImageObject","inLanguage":"en-US","@id":"https:\/\/www.organisator.ch\/#\/schema\/logo\/image\/","url":"https:\/\/www.organisator.ch\/wp-content\/uploads\/2022\/01\/Logo_Organisator_Website.png","contentUrl":"https:\/\/www.organisator.ch\/wp-content\/uploads\/2022\/01\/Logo_Organisator_Website.png","width":800,"height":77,"caption":"Organisator"},"image":{"@id":"https:\/\/www.organisator.ch\/#\/schema\/logo\/image\/"},"sameAs":["https:\/\/www.facebook.com\/OrganisatorFachmagazin","https:\/\/www.linkedin.com\/showcase\/organisator-das-magazin-fr-kmu","https:\/\/www.xing.com\/news\/pages\/organisator-ch-695","https:\/\/www.youtube.com\/channel\/UCGP2Sq0iWaZwT3BdIAQFYpw"]},{"@type":"Person","@id":"https:\/\/www.organisator.ch\/#\/schema\/person\/2e1314a2172123f874db408d8911d3f3","name":"Adelisa Kalajdzini","image":{"@type":"ImageObject","inLanguage":"en-US","@id":"https:\/\/secure.gravatar.com\/avatar\/09a397c22ac58cad6f160ee8306348599df9df58a8ede73696226897b9fa4b24?s=96&d=mm&r=g","url":"https:\/\/secure.gravatar.com\/avatar\/09a397c22ac58cad6f160ee8306348599df9df58a8ede73696226897b9fa4b24?s=96&d=mm&r=g","contentUrl":"https:\/\/secure.gravatar.com\/avatar\/09a397c22ac58cad6f160ee8306348599df9df58a8ede73696226897b9fa4b24?s=96&d=mm&r=g","caption":"Adelisa Kalajdzini"},"url":"https:\/\/www.organisator.ch\/en\/author\/adelisa-kalajdzini\/"}]}},"_links":{"self":[{"href":"https:\/\/www.organisator.ch\/en\/wp-json\/wp\/v2\/posts\/24383","targetHints":{"allow":["GET"]}}],"collection":[{"href":"https:\/\/www.organisator.ch\/en\/wp-json\/wp\/v2\/posts"}],"about":[{"href":"https:\/\/www.organisator.ch\/en\/wp-json\/wp\/v2\/types\/post"}],"author":[{"embeddable":true,"href":"https:\/\/www.organisator.ch\/en\/wp-json\/wp\/v2\/users\/58"}],"replies":[{"embeddable":true,"href":"https:\/\/www.organisator.ch\/en\/wp-json\/wp\/v2\/comments?post=24383"}],"version-history":[{"count":7,"href":"https:\/\/www.organisator.ch\/en\/wp-json\/wp\/v2\/posts\/24383\/revisions"}],"predecessor-version":[{"id":24407,"href":"https:\/\/www.organisator.ch\/en\/wp-json\/wp\/v2\/posts\/24383\/revisions\/24407"}],"wp:featuredmedia":[{"embeddable":true,"href":"https:\/\/www.organisator.ch\/en\/wp-json\/wp\/v2\/media\/24384"}],"wp:attachment":[{"href":"https:\/\/www.organisator.ch\/en\/wp-json\/wp\/v2\/media?parent=24383"}],"wp:term":[{"taxonomy":"category","embeddable":true,"href":"https:\/\/www.organisator.ch\/en\/wp-json\/wp\/v2\/categories?post=24383"},{"taxonomy":"post_tag","embeddable":true,"href":"https:\/\/www.organisator.ch\/en\/wp-json\/wp\/v2\/tags?post=24383"}],"curies":[{"name":"wp","href":"https:\/\/api.w.org\/{rel}","templated":true}]}}