{"id":24392,"date":"2024-01-17T13:37:59","date_gmt":"2024-01-17T12:37:59","guid":{"rendered":"https:\/\/www.werbewoche.ch\/?p=208961"},"modified":"2024-11-12T08:04:47","modified_gmt":"2024-11-12T07:04:47","slug":"staempfli-kommunikation-realisiert-rebranding-fuer-den-sfv","status":"publish","type":"post","link":"https:\/\/www.organisator.ch\/en\/marketing\/2024-01-17\/staempfli-kommunikation-realisiert-rebranding-fuer-den-sfv\/","title":{"rendered":"St\u00e4mpfli Kommunikation realizes rebranding for the SFV"},"content":{"rendered":"<p><img class=\"aligncenter wp-image-208964 size-full\" src=\"https:\/\/www.werbewoche.ch\/wp-content\/uploads\/2024\/01\/Visual-MM_Schweizerischer-Feuerwehrverband.jpg\" alt=\"Schweizerischer \" width=\"1200\" height=\"740\" \/><\/p>\r\n<p>Der Markenwelt und dem Corporate-Design-Manual des Schweizerischen Feuerwehrverbandes SFV fehlte es in der Ausgangslage an Einheit und Klarheit. \u00dcber die letzten 150 Jahre hatte die Marke des Verbandes durch verschiedene Anwendungsinterpretationen an Form und Klarheit eingeb\u00fcsst.<\/p>\r\n<p>Nach einer fundierten Analyse der Marke und einer Designstudie wurden die Werte gesch\u00e4rft und die grafischen Grundlagen f\u00fcr das \u00fcberarbeitete Corporate-Design-Manual geschaffen: mit neuem Logo, neuer Schrift, Illustrationen, Farb- und Bildwelt. Zudem wurde das Verbandslabel \u00abSwissfire\u00bb stilistisch angepasst und ein Anwendungskonzept definiert. Weiter folgte die Adaption der Gesch\u00e4ftsdrucksachen und der Informationsunterlagen sowie die Gestaltung neuer Merchandise-Artikel. Parallel dazu wurde die dreisprachige Website <a href=\"https:\/\/www.swissfire.ch\/\" rel=\"noopener\">Swissfire.ch<\/a> neu konzipiert und gestaltet.<\/p>\r\n<p>St\u00e4mpfli Kommunikation zeichnet f\u00fcr das Designkonzept verantwortlich und hat das Gesamtprojekt inklusive aller grafischen Leistungen und der Bildbearbeitung orchestriert.<\/p>\r\n<div class=\"wp-video\" style=\"width: 768px\"><!-- [if lt IE 9]&gt;document.createElement('video');&lt;![endif]--> <video id=\"video-208961-1\" class=\"wp-video-shortcode\" preload=\"metadata\" controls=\"controls\" width=\"768\" height=\"432\"><a href=\"https:\/\/www.werbewoche.ch\/wp-content\/uploads\/2024\/01\/Komp-1_1.mp4\">https:\/\/www.werbewoche.ch\/wp-content\/uploads\/2024\/01\/Komp-1_1.mp4<\/a><\/video><\/div>\r\n<p>\u00abDie Ausgangslage war f\u00fcr St\u00e4mpfli Kommunikation un\u00fcblich, der g\u00e4ngige Projektablauf konnte aufgrund der Dringlichkeit nicht eingehalten werden. So musste einerseits das Corporate-Design-Manual erarbeitet und anderseits bereits die Website designt werden. Die Aufgabe war keine leichte, wurde jedoch vom St\u00e4mpfli-Team einwandfrei umgesetzt\u00bb, so Hanan Estelle Bou\u00e2ll\u00e8gue, Projektverantwortliche Marketing und Verbandskommunikation beim SFV.<\/p>\r\n<p>\u00abDie Herausforderung bestand darin, den Kontrast zwischen dem amtlichen Auftritt des Feuerwehrverbandes und der oft heroisch gezeichneten Welt der Feuerwehr in eine zeitgem\u00e4sse Designsprache zu \u00fcberf\u00fchren. Aus den Farben der Brandschutzfahrzeuge und der Arbeitsuniformen wurden die Prim\u00e4rfarben Rot und Dunkelblau abgeleitet und zu einem diagonalen Streifenmuster zusammengef\u00fchrt, wie man es beispielsweise von Warnb\u00e4ndern, L\u00f6schfahrzeugen oder Ausr\u00fcstungen von Feuerwehrangeh\u00f6rigen kennt. Das Design ist einfach und einpr\u00e4gsam und st\u00e4rkt die emotionale Verbindung zur Zielgruppe\u00bb, erg\u00e4nzt Rahel Gr\u00fcnig, Head of Design Strategy bei St\u00e4mpfli Kommunikation.<\/p>\r\n<div class=\"wp-video\" style=\"width: 768px\"><video id=\"video-208961-2\" class=\"wp-video-shortcode\" preload=\"metadata\" controls=\"controls\" width=\"768\" height=\"432\"><a href=\"https:\/\/www.werbewoche.ch\/wp-content\/uploads\/2024\/01\/Herleitung_Keyvisual.mp4\">https:\/\/www.werbewoche.ch\/wp-content\/uploads\/2024\/01\/Herleitung_Keyvisual.mp4<\/a><\/video><\/div>\r\n<hr \/>\r\n<p><strong>Verantwortlich beim Schweizerischen Feuerwehrverband: <\/strong>Thomas Widmer (Direktor) und Hanan Estelle Bou\u00e2ll\u00e8gue (Projektverantwortliche Marketing und Verbandskommunikation). <strong>Verantwortlich bei St\u00e4mpfli Kommunikation: <\/strong>Rahel Gr\u00fcnig (Head of Design Strategy), Christoph Tim Schneider (UX Designer), Claudia Fahrni (Projektleiterin) und Anna Henkel (Designerin).<\/p>","protected":false},"excerpt":{"rendered":"<p>The Swiss Fire Brigade Association SFV has commissioned the Bern-based agency St\u00e4mpfli Kommunikation to create a new brand and website.<\/p>","protected":false},"author":8,"featured_media":0,"comment_status":"closed","ping_status":"closed","sticky":false,"template":"","format":"standard","meta":{"_acf_changed":false,"_yoast_wpseo_focuskw":"Schweizerischer","_yoast_wpseo_metadesc":"Neuer einheitlicher Markenauftritt f\u00fcr den Schweizerischen Feuerwehrverband. Frisches Design f\u00fcr starke Zielgruppenbindung.","articlekey":"","footnotes":""},"categories":[29],"tags":[4070],"class_list":["post-24392","post","type-post","status-publish","format-standard","hentry","category-marketing","tag-staempfli-kommunikation"],"acf":[],"yoast_head":"<!-- This site is optimized with the Yoast SEO plugin v27.5 - https:\/\/yoast.com\/product\/yoast-seo-wordpress\/ -->\n<title>St\u00e4mpfli Kommunikation realisiert Rebranding f\u00fcr den SFV - Organisator<\/title>\n<meta name=\"description\" content=\"Neuer einheitlicher Markenauftritt f\u00fcr den Schweizerischen Feuerwehrverband. Frisches Design f\u00fcr starke Zielgruppenbindung.\" \/>\n<meta name=\"robots\" content=\"index, follow, max-snippet:-1, max-image-preview:large, max-video-preview:-1\" \/>\n<link rel=\"canonical\" href=\"https:\/\/www.organisator.ch\/en\/marketing\/2024-01-17\/staempfli-kommunikation-realisiert-rebranding-fuer-den-sfv\/\" \/>\n<meta property=\"og:locale\" content=\"en_US\" \/>\n<meta property=\"og:type\" content=\"article\" \/>\n<meta property=\"og:title\" content=\"St\u00e4mpfli Kommunikation realisiert Rebranding f\u00fcr den SFV - Organisator\" \/>\n<meta property=\"og:description\" content=\"Neuer einheitlicher Markenauftritt f\u00fcr den Schweizerischen Feuerwehrverband. Frisches Design f\u00fcr starke Zielgruppenbindung.\" \/>\n<meta property=\"og:url\" content=\"https:\/\/www.organisator.ch\/en\/marketing\/2024-01-17\/staempfli-kommunikation-realisiert-rebranding-fuer-den-sfv\/\" \/>\n<meta property=\"og:site_name\" content=\"Organisator\" \/>\n<meta property=\"article:publisher\" content=\"https:\/\/www.facebook.com\/OrganisatorFachmagazin\" \/>\n<meta property=\"article:published_time\" content=\"2024-01-17T12:37:59+00:00\" \/>\n<meta property=\"article:modified_time\" content=\"2024-11-12T07:04:47+00:00\" \/>\n<meta property=\"og:image\" content=\"https:\/\/www.werbewoche.ch\/wp-content\/uploads\/2024\/01\/Visual-MM_Schweizerischer-Feuerwehrverband.jpg\" \/>\n<meta name=\"author\" content=\"galledia\" \/>\n<meta name=\"twitter:card\" content=\"summary_large_image\" \/>\n<meta name=\"twitter:creator\" content=\"@admin\" \/>\n<script type=\"application\/ld+json\" class=\"yoast-schema-graph\">{\"@context\":\"https:\\\/\\\/schema.org\",\"@graph\":[{\"@type\":\"Article\",\"@id\":\"https:\\\/\\\/www.organisator.ch\\\/marketing\\\/2024-01-17\\\/staempfli-kommunikation-realisiert-rebranding-fuer-den-sfv\\\/#article\",\"isPartOf\":{\"@id\":\"https:\\\/\\\/www.organisator.ch\\\/marketing\\\/2024-01-17\\\/staempfli-kommunikation-realisiert-rebranding-fuer-den-sfv\\\/\"},\"author\":{\"name\":\"galledia\",\"@id\":\"https:\\\/\\\/www.organisator.ch\\\/#\\\/schema\\\/person\\\/4e51799071cd2dd1232ac003643ef5f0\"},\"headline\":\"St\u00e4mpfli Kommunikation realisiert Rebranding f\u00fcr den SFV\",\"datePublished\":\"2024-01-17T12:37:59+00:00\",\"dateModified\":\"2024-11-12T07:04:47+00:00\",\"mainEntityOfPage\":{\"@id\":\"https:\\\/\\\/www.organisator.ch\\\/marketing\\\/2024-01-17\\\/staempfli-kommunikation-realisiert-rebranding-fuer-den-sfv\\\/\"},\"wordCount\":348,\"publisher\":{\"@id\":\"https:\\\/\\\/www.organisator.ch\\\/#organization\"},\"image\":{\"@id\":\"https:\\\/\\\/www.organisator.ch\\\/marketing\\\/2024-01-17\\\/staempfli-kommunikation-realisiert-rebranding-fuer-den-sfv\\\/#primaryimage\"},\"thumbnailUrl\":\"https:\\\/\\\/www.werbewoche.ch\\\/wp-content\\\/uploads\\\/2024\\\/01\\\/Visual-MM_Schweizerischer-Feuerwehrverband.jpg\",\"keywords\":[\"St\u00e4mpfli Kommunikation\"],\"articleSection\":[\"MARKETING\"],\"inLanguage\":\"en-US\"},{\"@type\":\"WebPage\",\"@id\":\"https:\\\/\\\/www.organisator.ch\\\/marketing\\\/2024-01-17\\\/staempfli-kommunikation-realisiert-rebranding-fuer-den-sfv\\\/\",\"url\":\"https:\\\/\\\/www.organisator.ch\\\/marketing\\\/2024-01-17\\\/staempfli-kommunikation-realisiert-rebranding-fuer-den-sfv\\\/\",\"name\":\"St\u00e4mpfli Kommunikation realisiert Rebranding f\u00fcr den SFV - Organisator\",\"isPartOf\":{\"@id\":\"https:\\\/\\\/www.organisator.ch\\\/#website\"},\"primaryImageOfPage\":{\"@id\":\"https:\\\/\\\/www.organisator.ch\\\/marketing\\\/2024-01-17\\\/staempfli-kommunikation-realisiert-rebranding-fuer-den-sfv\\\/#primaryimage\"},\"image\":{\"@id\":\"https:\\\/\\\/www.organisator.ch\\\/marketing\\\/2024-01-17\\\/staempfli-kommunikation-realisiert-rebranding-fuer-den-sfv\\\/#primaryimage\"},\"thumbnailUrl\":\"https:\\\/\\\/www.werbewoche.ch\\\/wp-content\\\/uploads\\\/2024\\\/01\\\/Visual-MM_Schweizerischer-Feuerwehrverband.jpg\",\"datePublished\":\"2024-01-17T12:37:59+00:00\",\"dateModified\":\"2024-11-12T07:04:47+00:00\",\"description\":\"Neuer einheitlicher Markenauftritt f\u00fcr den Schweizerischen Feuerwehrverband. Frisches Design f\u00fcr starke Zielgruppenbindung.\",\"breadcrumb\":{\"@id\":\"https:\\\/\\\/www.organisator.ch\\\/marketing\\\/2024-01-17\\\/staempfli-kommunikation-realisiert-rebranding-fuer-den-sfv\\\/#breadcrumb\"},\"inLanguage\":\"en-US\",\"potentialAction\":[{\"@type\":\"ReadAction\",\"target\":[\"https:\\\/\\\/www.organisator.ch\\\/marketing\\\/2024-01-17\\\/staempfli-kommunikation-realisiert-rebranding-fuer-den-sfv\\\/\"]}]},{\"@type\":\"ImageObject\",\"inLanguage\":\"en-US\",\"@id\":\"https:\\\/\\\/www.organisator.ch\\\/marketing\\\/2024-01-17\\\/staempfli-kommunikation-realisiert-rebranding-fuer-den-sfv\\\/#primaryimage\",\"url\":\"https:\\\/\\\/www.werbewoche.ch\\\/wp-content\\\/uploads\\\/2024\\\/01\\\/Visual-MM_Schweizerischer-Feuerwehrverband.jpg\",\"contentUrl\":\"https:\\\/\\\/www.werbewoche.ch\\\/wp-content\\\/uploads\\\/2024\\\/01\\\/Visual-MM_Schweizerischer-Feuerwehrverband.jpg\"},{\"@type\":\"BreadcrumbList\",\"@id\":\"https:\\\/\\\/www.organisator.ch\\\/marketing\\\/2024-01-17\\\/staempfli-kommunikation-realisiert-rebranding-fuer-den-sfv\\\/#breadcrumb\",\"itemListElement\":[{\"@type\":\"ListItem\",\"position\":1,\"name\":\"Home\",\"item\":\"https:\\\/\\\/www.organisator.ch\\\/\"},{\"@type\":\"ListItem\",\"position\":2,\"name\":\"St\u00e4mpfli Kommunikation realisiert Rebranding f\u00fcr den SFV\"}]},{\"@type\":\"WebSite\",\"@id\":\"https:\\\/\\\/www.organisator.ch\\\/#website\",\"url\":\"https:\\\/\\\/www.organisator.ch\\\/\",\"name\":\"Organisator\",\"description\":\"Kompetent. Praxisnah. Der ORGANISATOR bereitet in 10 Ausgaben pro Jahr die wesentlichen Themen f\u00fcr F\u00fchrungskr\u00e4fte von KMU auf.\",\"publisher\":{\"@id\":\"https:\\\/\\\/www.organisator.ch\\\/#organization\"},\"potentialAction\":[{\"@type\":\"SearchAction\",\"target\":{\"@type\":\"EntryPoint\",\"urlTemplate\":\"https:\\\/\\\/www.organisator.ch\\\/?s={search_term_string}\"},\"query-input\":{\"@type\":\"PropertyValueSpecification\",\"valueRequired\":true,\"valueName\":\"search_term_string\"}}],\"inLanguage\":\"en-US\"},{\"@type\":\"Organization\",\"@id\":\"https:\\\/\\\/www.organisator.ch\\\/#organization\",\"name\":\"Organisator\",\"url\":\"https:\\\/\\\/www.organisator.ch\\\/\",\"logo\":{\"@type\":\"ImageObject\",\"inLanguage\":\"en-US\",\"@id\":\"https:\\\/\\\/www.organisator.ch\\\/#\\\/schema\\\/logo\\\/image\\\/\",\"url\":\"https:\\\/\\\/www.organisator.ch\\\/wp-content\\\/uploads\\\/2022\\\/01\\\/Logo_Organisator_Website.png\",\"contentUrl\":\"https:\\\/\\\/www.organisator.ch\\\/wp-content\\\/uploads\\\/2022\\\/01\\\/Logo_Organisator_Website.png\",\"width\":800,\"height\":77,\"caption\":\"Organisator\"},\"image\":{\"@id\":\"https:\\\/\\\/www.organisator.ch\\\/#\\\/schema\\\/logo\\\/image\\\/\"},\"sameAs\":[\"https:\\\/\\\/www.facebook.com\\\/OrganisatorFachmagazin\",\"https:\\\/\\\/www.linkedin.com\\\/showcase\\\/organisator-das-magazin-fr-kmu\",\"https:\\\/\\\/www.xing.com\\\/news\\\/pages\\\/organisator-ch-695\",\"https:\\\/\\\/www.youtube.com\\\/channel\\\/UCGP2Sq0iWaZwT3BdIAQFYpw\"]},{\"@type\":\"Person\",\"@id\":\"https:\\\/\\\/www.organisator.ch\\\/#\\\/schema\\\/person\\\/4e51799071cd2dd1232ac003643ef5f0\",\"name\":\"galledia\",\"image\":{\"@type\":\"ImageObject\",\"inLanguage\":\"en-US\",\"@id\":\"https:\\\/\\\/secure.gravatar.com\\\/avatar\\\/78a7f90c01fc2bfc875782a0d4922b37cde2cf184ce347b91316d23cd7f69a36?s=96&d=mm&r=g\",\"url\":\"https:\\\/\\\/secure.gravatar.com\\\/avatar\\\/78a7f90c01fc2bfc875782a0d4922b37cde2cf184ce347b91316d23cd7f69a36?s=96&d=mm&r=g\",\"contentUrl\":\"https:\\\/\\\/secure.gravatar.com\\\/avatar\\\/78a7f90c01fc2bfc875782a0d4922b37cde2cf184ce347b91316d23cd7f69a36?s=96&d=mm&r=g\",\"caption\":\"galledia\"},\"sameAs\":[\"https:\\\/\\\/x.com\\\/admin\"],\"url\":\"https:\\\/\\\/www.organisator.ch\\\/en\\\/author\\\/galledia\\\/\"}]}<\/script>\n<!-- \/ Yoast SEO plugin. -->","yoast_head_json":{"title":"St\u00e4mpfli Kommunikation realizes rebranding for the SFV - Organizer","description":"New uniform brand identity for the Swiss Fire Brigade Association. Fresh design for strong target group loyalty.","robots":{"index":"index","follow":"follow","max-snippet":"max-snippet:-1","max-image-preview":"max-image-preview:large","max-video-preview":"max-video-preview:-1"},"canonical":"https:\/\/www.organisator.ch\/en\/marketing\/2024-01-17\/staempfli-kommunikation-realisiert-rebranding-fuer-den-sfv\/","og_locale":"en_US","og_type":"article","og_title":"St\u00e4mpfli Kommunikation realisiert Rebranding f\u00fcr den SFV - Organisator","og_description":"Neuer einheitlicher Markenauftritt f\u00fcr den Schweizerischen Feuerwehrverband. Frisches Design f\u00fcr starke Zielgruppenbindung.","og_url":"https:\/\/www.organisator.ch\/en\/marketing\/2024-01-17\/staempfli-kommunikation-realisiert-rebranding-fuer-den-sfv\/","og_site_name":"Organisator","article_publisher":"https:\/\/www.facebook.com\/OrganisatorFachmagazin","article_published_time":"2024-01-17T12:37:59+00:00","article_modified_time":"2024-11-12T07:04:47+00:00","og_image":[{"url":"https:\/\/www.werbewoche.ch\/wp-content\/uploads\/2024\/01\/Visual-MM_Schweizerischer-Feuerwehrverband.jpg","type":"","width":"","height":""}],"author":"galledia","twitter_card":"summary_large_image","twitter_creator":"@admin","schema":{"@context":"https:\/\/schema.org","@graph":[{"@type":"Article","@id":"https:\/\/www.organisator.ch\/marketing\/2024-01-17\/staempfli-kommunikation-realisiert-rebranding-fuer-den-sfv\/#article","isPartOf":{"@id":"https:\/\/www.organisator.ch\/marketing\/2024-01-17\/staempfli-kommunikation-realisiert-rebranding-fuer-den-sfv\/"},"author":{"name":"galledia","@id":"https:\/\/www.organisator.ch\/#\/schema\/person\/4e51799071cd2dd1232ac003643ef5f0"},"headline":"St\u00e4mpfli Kommunikation realisiert Rebranding f\u00fcr den SFV","datePublished":"2024-01-17T12:37:59+00:00","dateModified":"2024-11-12T07:04:47+00:00","mainEntityOfPage":{"@id":"https:\/\/www.organisator.ch\/marketing\/2024-01-17\/staempfli-kommunikation-realisiert-rebranding-fuer-den-sfv\/"},"wordCount":348,"publisher":{"@id":"https:\/\/www.organisator.ch\/#organization"},"image":{"@id":"https:\/\/www.organisator.ch\/marketing\/2024-01-17\/staempfli-kommunikation-realisiert-rebranding-fuer-den-sfv\/#primaryimage"},"thumbnailUrl":"https:\/\/www.werbewoche.ch\/wp-content\/uploads\/2024\/01\/Visual-MM_Schweizerischer-Feuerwehrverband.jpg","keywords":["St\u00e4mpfli Kommunikation"],"articleSection":["MARKETING"],"inLanguage":"en-US"},{"@type":"WebPage","@id":"https:\/\/www.organisator.ch\/marketing\/2024-01-17\/staempfli-kommunikation-realisiert-rebranding-fuer-den-sfv\/","url":"https:\/\/www.organisator.ch\/marketing\/2024-01-17\/staempfli-kommunikation-realisiert-rebranding-fuer-den-sfv\/","name":"St\u00e4mpfli Kommunikation realizes rebranding for the SFV - Organizer","isPartOf":{"@id":"https:\/\/www.organisator.ch\/#website"},"primaryImageOfPage":{"@id":"https:\/\/www.organisator.ch\/marketing\/2024-01-17\/staempfli-kommunikation-realisiert-rebranding-fuer-den-sfv\/#primaryimage"},"image":{"@id":"https:\/\/www.organisator.ch\/marketing\/2024-01-17\/staempfli-kommunikation-realisiert-rebranding-fuer-den-sfv\/#primaryimage"},"thumbnailUrl":"https:\/\/www.werbewoche.ch\/wp-content\/uploads\/2024\/01\/Visual-MM_Schweizerischer-Feuerwehrverband.jpg","datePublished":"2024-01-17T12:37:59+00:00","dateModified":"2024-11-12T07:04:47+00:00","description":"New uniform brand identity for the Swiss Fire Brigade Association. Fresh design for strong target group loyalty.","breadcrumb":{"@id":"https:\/\/www.organisator.ch\/marketing\/2024-01-17\/staempfli-kommunikation-realisiert-rebranding-fuer-den-sfv\/#breadcrumb"},"inLanguage":"en-US","potentialAction":[{"@type":"ReadAction","target":["https:\/\/www.organisator.ch\/marketing\/2024-01-17\/staempfli-kommunikation-realisiert-rebranding-fuer-den-sfv\/"]}]},{"@type":"ImageObject","inLanguage":"en-US","@id":"https:\/\/www.organisator.ch\/marketing\/2024-01-17\/staempfli-kommunikation-realisiert-rebranding-fuer-den-sfv\/#primaryimage","url":"https:\/\/www.werbewoche.ch\/wp-content\/uploads\/2024\/01\/Visual-MM_Schweizerischer-Feuerwehrverband.jpg","contentUrl":"https:\/\/www.werbewoche.ch\/wp-content\/uploads\/2024\/01\/Visual-MM_Schweizerischer-Feuerwehrverband.jpg"},{"@type":"BreadcrumbList","@id":"https:\/\/www.organisator.ch\/marketing\/2024-01-17\/staempfli-kommunikation-realisiert-rebranding-fuer-den-sfv\/#breadcrumb","itemListElement":[{"@type":"ListItem","position":1,"name":"Home","item":"https:\/\/www.organisator.ch\/"},{"@type":"ListItem","position":2,"name":"St\u00e4mpfli Kommunikation realisiert Rebranding f\u00fcr den SFV"}]},{"@type":"WebSite","@id":"https:\/\/www.organisator.ch\/#website","url":"https:\/\/www.organisator.ch\/","name":"Organizer","description":"Competent. Practical. In 10 issues per year, ORGANISATOR presents the essential topics for managers of SMEs.","publisher":{"@id":"https:\/\/www.organisator.ch\/#organization"},"potentialAction":[{"@type":"SearchAction","target":{"@type":"EntryPoint","urlTemplate":"https:\/\/www.organisator.ch\/?s={search_term_string}"},"query-input":{"@type":"PropertyValueSpecification","valueRequired":true,"valueName":"search_term_string"}}],"inLanguage":"en-US"},{"@type":"Organization","@id":"https:\/\/www.organisator.ch\/#organization","name":"Organizer","url":"https:\/\/www.organisator.ch\/","logo":{"@type":"ImageObject","inLanguage":"en-US","@id":"https:\/\/www.organisator.ch\/#\/schema\/logo\/image\/","url":"https:\/\/www.organisator.ch\/wp-content\/uploads\/2022\/01\/Logo_Organisator_Website.png","contentUrl":"https:\/\/www.organisator.ch\/wp-content\/uploads\/2022\/01\/Logo_Organisator_Website.png","width":800,"height":77,"caption":"Organisator"},"image":{"@id":"https:\/\/www.organisator.ch\/#\/schema\/logo\/image\/"},"sameAs":["https:\/\/www.facebook.com\/OrganisatorFachmagazin","https:\/\/www.linkedin.com\/showcase\/organisator-das-magazin-fr-kmu","https:\/\/www.xing.com\/news\/pages\/organisator-ch-695","https:\/\/www.youtube.com\/channel\/UCGP2Sq0iWaZwT3BdIAQFYpw"]},{"@type":"Person","@id":"https:\/\/www.organisator.ch\/#\/schema\/person\/4e51799071cd2dd1232ac003643ef5f0","name":"galledia","image":{"@type":"ImageObject","inLanguage":"en-US","@id":"https:\/\/secure.gravatar.com\/avatar\/78a7f90c01fc2bfc875782a0d4922b37cde2cf184ce347b91316d23cd7f69a36?s=96&d=mm&r=g","url":"https:\/\/secure.gravatar.com\/avatar\/78a7f90c01fc2bfc875782a0d4922b37cde2cf184ce347b91316d23cd7f69a36?s=96&d=mm&r=g","contentUrl":"https:\/\/secure.gravatar.com\/avatar\/78a7f90c01fc2bfc875782a0d4922b37cde2cf184ce347b91316d23cd7f69a36?s=96&d=mm&r=g","caption":"galledia"},"sameAs":["https:\/\/x.com\/admin"],"url":"https:\/\/www.organisator.ch\/en\/author\/galledia\/"}]}},"_links":{"self":[{"href":"https:\/\/www.organisator.ch\/en\/wp-json\/wp\/v2\/posts\/24392","targetHints":{"allow":["GET"]}}],"collection":[{"href":"https:\/\/www.organisator.ch\/en\/wp-json\/wp\/v2\/posts"}],"about":[{"href":"https:\/\/www.organisator.ch\/en\/wp-json\/wp\/v2\/types\/post"}],"author":[{"embeddable":true,"href":"https:\/\/www.organisator.ch\/en\/wp-json\/wp\/v2\/users\/8"}],"replies":[{"embeddable":true,"href":"https:\/\/www.organisator.ch\/en\/wp-json\/wp\/v2\/comments?post=24392"}],"version-history":[{"count":7,"href":"https:\/\/www.organisator.ch\/en\/wp-json\/wp\/v2\/posts\/24392\/revisions"}],"predecessor-version":[{"id":32548,"href":"https:\/\/www.organisator.ch\/en\/wp-json\/wp\/v2\/posts\/24392\/revisions\/32548"}],"wp:attachment":[{"href":"https:\/\/www.organisator.ch\/en\/wp-json\/wp\/v2\/media?parent=24392"}],"wp:term":[{"taxonomy":"category","embeddable":true,"href":"https:\/\/www.organisator.ch\/en\/wp-json\/wp\/v2\/categories?post=24392"},{"taxonomy":"post_tag","embeddable":true,"href":"https:\/\/www.organisator.ch\/en\/wp-json\/wp\/v2\/tags?post=24392"}],"curies":[{"name":"wp","href":"https:\/\/api.w.org\/{rel}","templated":true}]}}