{"id":24604,"date":"2024-01-29T09:15:19","date_gmt":"2024-01-29T08:15:19","guid":{"rendered":"https:\/\/www.organisator.ch\/?p=24604"},"modified":"2024-01-29T11:13:15","modified_gmt":"2024-01-29T10:13:15","slug":"ki-digitalisierung-wegbereiter-fuer-eine-bessere-welt-oder-nur-ein-wendepunkt","status":"publish","type":"post","link":"https:\/\/www.organisator.ch\/en\/management\/2024-01-29\/ki-digitalisierung-wegbereiter-fuer-eine-bessere-welt-oder-nur-ein-wendepunkt\/","title":{"rendered":"AI\/digitalization: Paving the way for a better world or just a turning point?"},"content":{"rendered":"<figure id=\"attachment_24605\" aria-describedby=\"caption-attachment-24605\" style=\"width: 680px\" class=\"wp-caption alignnone\"><img loading=\"lazy\" decoding=\"async\" class=\"size-full wp-image-24605\" src=\"https:\/\/www.organisator.ch\/wp-content\/uploads\/2024\/01\/KMU-Swiss_Bild1_ps.jpg\" alt=\"\" width=\"680\" height=\"457\" srcset=\"https:\/\/www.organisator.ch\/wp-content\/uploads\/2024\/01\/KMU-Swiss_Bild1_ps.jpg 680w, https:\/\/www.organisator.ch\/wp-content\/uploads\/2024\/01\/KMU-Swiss_Bild1_ps-18x12.jpg 18w, https:\/\/www.organisator.ch\/wp-content\/uploads\/2024\/01\/KMU-Swiss_Bild1_ps-375x252.jpg 375w, https:\/\/www.organisator.ch\/wp-content\/uploads\/2024\/01\/KMU-Swiss_Bild1_ps-521x350.jpg 521w\" sizes=\"auto, (max-width: 680px) 100vw, 680px\" \/><figcaption id=\"caption-attachment-24605\" class=\"wp-caption-text\">The anniversary KMU Swiss Symposium will take place on Thursday, March 21, 2024 at Trafo Baden. (Image: www.kmuswiss.ch)<\/figcaption><\/figure>\n<p>The 20th KMU Swiss Symposium will take place on Thursday, March 21, 2024 at Trafo Baden. The event will focus on the challenges of AI and digitalization and their current and future impact on our labour market and economy. The new world of work 4.0 offers both opportunities and risks for employees and the welfare state. In the best-case scenario, new work processes and occupational groups can develop thanks to AI, digitalization and automation, offering employees a wide range of opportunities to shape their own working lives. At the same time, there is a risk of a growing global concentration of data in the hands of a handful of monopolists who evade state control and taxation. Further risks lie in the loss, blurring of boundaries and consolidation of work, further acceleration, intensification and stress for everyone involved.<\/p>\n<p>A number of former speakers and illustrious personalities from business and politics are expected to attend the anniversary event. \"In addition to the informal atmosphere, participants appreciate the practical relevance of the presentations,\" says Armin Baumann, initiator of KMU Swiss. The symposium also allows many exhibitors to present themselves during the networking breaks.<\/p>\n<h3><strong>AI and digitalization: key factors for technological upheaval?<\/strong><\/h3>\n<p>The world of work and the economy are constantly changing. With the prudent introduction of new technologies and techniques, employers and employees can benefit from this change. It is important that politicians and entrepreneurs create the right and necessary framework conditions. Politicians believe they can get a grip on this with laws and regulations, which restricts entrepreneurial freedom. This corresponds to the management principle: the freedom to act! Tomorrow's world will increasingly be subject to rapid change, with innovation, flexibility and courage likely to be the key elements of a \"game changing\" approach.<\/p>\n<h3><strong>Notable personalities<\/strong><\/h3>\n<p>In addition to a few surprises, the following entrepreneurial personalities will make a lasting impression:<\/p>\n<ul>\n<li>Dalith Steiger, co-founder of the AI start-up SwissCognitive<\/li>\n<li>Sabrina Schenardi, co-founder of BLP Digital<\/li>\n<li>Matthias M\u00f6lleney, owner of peopleXpert GmbH<\/li>\n<li>Michael B\u00f6ni, CEO Grand Casino Baden<\/li>\n<li>J\u00f6rg Eugster, the future ambassador and author<\/li>\n<li>Urs Rickenbacher and Luzius Rickenbacher, Lantal Textiles AG<\/li>\n<li>\/Mrs. surprise guest, communication pioneer, well-known personality<\/li>\n<li>Moderator: Hugo Bigi<\/li>\n<\/ul>\n<p><em>Source: <a href=\"http:\/\/www.kmuswiss.ch\">www.kmuswiss.ch<\/a><\/em><\/p>","protected":false},"excerpt":{"rendered":"<p>The anniversary KMU Swiss Symposium offers solutions to operational challenges and opportunities for genuine networking.  This year's symposium is dedicated to current issues relating to artificial intelligence and digitalization. Around 400 participants are once again expected to attend. Renowned experts will speak on digital changes, AI challenges and their impact. <\/p>","protected":false},"author":58,"featured_media":24605,"comment_status":"closed","ping_status":"closed","sticky":false,"template":"","format":"standard","meta":{"_acf_changed":false,"_yoast_wpseo_focuskw":"KMU Swiss","_yoast_wpseo_metadesc":"Das diesj\u00e4hrige KMU Swiss Symposium widmet sich aktuellen Fragen rund um K\u00fcnstliche Intelligenz und Digitalisierung.","articlekey":"","footnotes":""},"categories":[28],"tags":[156,298,334,492,496],"class_list":["post-24604","post","type-post","status-publish","format-standard","has-post-thumbnail","hentry","category-management","tag-digitalisierung","tag-ki","tag-management","tag-unternehmen","tag-unternehmensfuehrung"],"acf":[],"yoast_head":"<!-- This site is optimized with the Yoast SEO plugin v27.5 - https:\/\/yoast.com\/product\/yoast-seo-wordpress\/ -->\n<title>KI\/Digitalisierung: Wegbereiter f\u00fcr eine bessere Welt oder nur ein Wendepunkt? - Organisator<\/title>\n<meta name=\"description\" content=\"Das diesj\u00e4hrige KMU Swiss Symposium widmet sich aktuellen Fragen rund um K\u00fcnstliche Intelligenz und Digitalisierung.\" \/>\n<meta name=\"robots\" content=\"index, follow, max-snippet:-1, max-image-preview:large, max-video-preview:-1\" \/>\n<link rel=\"canonical\" href=\"https:\/\/www.organisator.ch\/en\/management\/2024-01-29\/ki-digitalisierung-wegbereiter-fuer-eine-bessere-welt-oder-nur-ein-wendepunkt\/\" \/>\n<meta property=\"og:locale\" content=\"en_US\" \/>\n<meta property=\"og:type\" content=\"article\" \/>\n<meta property=\"og:title\" content=\"KI\/Digitalisierung: Wegbereiter f\u00fcr eine bessere Welt oder nur ein Wendepunkt?\" \/>\n<meta property=\"og:description\" content=\"Das diesj\u00e4hrige KMU Swiss Symposium widmet sich aktuellen Fragen rund um K\u00fcnstliche Intelligenz und Digitalisierung.\" \/>\n<meta property=\"og:url\" content=\"https:\/\/www.organisator.ch\/en\/management\/2024-01-29\/ki-digitalisierung-wegbereiter-fuer-eine-bessere-welt-oder-nur-ein-wendepunkt\/\" \/>\n<meta property=\"og:site_name\" content=\"Organisator\" \/>\n<meta property=\"article:publisher\" content=\"https:\/\/www.facebook.com\/OrganisatorFachmagazin\" \/>\n<meta property=\"article:published_time\" content=\"2024-01-29T08:15:19+00:00\" \/>\n<meta property=\"article:modified_time\" content=\"2024-01-29T10:13:15+00:00\" \/>\n<meta property=\"og:image\" content=\"https:\/\/www.organisator.ch\/wp-content\/uploads\/2024\/01\/KMU-Swiss_Bild1_ps.jpg\" \/>\n\t<meta property=\"og:image:width\" content=\"680\" \/>\n\t<meta property=\"og:image:height\" content=\"457\" \/>\n\t<meta property=\"og:image:type\" content=\"image\/jpeg\" \/>\n<meta name=\"author\" content=\"Adelisa Kalajdzini\" \/>\n<meta name=\"twitter:card\" content=\"summary_large_image\" \/>\n<meta name=\"twitter:title\" content=\"KI\/Digitalisierung: Wegbereiter f\u00fcr eine bessere Welt oder nur ein Wendepunkt?\" \/>\n<meta name=\"twitter:description\" content=\"Das diesj\u00e4hrige K#MU #Swiss #Symposium widmet sich aktuellen Fragen rund um K\u00fcnstliche Intelligenz und #Digitalisierung.\" \/>\n<meta name=\"twitter:image\" content=\"https:\/\/www.organisator.ch\/wp-content\/uploads\/2024\/01\/KMU-Swiss_Bild1_ps.jpg\" \/>\n<script type=\"application\/ld+json\" class=\"yoast-schema-graph\">{\"@context\":\"https:\\\/\\\/schema.org\",\"@graph\":[{\"@type\":\"Article\",\"@id\":\"https:\\\/\\\/www.organisator.ch\\\/management\\\/2024-01-29\\\/ki-digitalisierung-wegbereiter-fuer-eine-bessere-welt-oder-nur-ein-wendepunkt\\\/#article\",\"isPartOf\":{\"@id\":\"https:\\\/\\\/www.organisator.ch\\\/management\\\/2024-01-29\\\/ki-digitalisierung-wegbereiter-fuer-eine-bessere-welt-oder-nur-ein-wendepunkt\\\/\"},\"author\":{\"name\":\"Adelisa Kalajdzini\",\"@id\":\"https:\\\/\\\/www.organisator.ch\\\/#\\\/schema\\\/person\\\/2e1314a2172123f874db408d8911d3f3\"},\"headline\":\"KI\\\/Digitalisierung: Wegbereiter f\u00fcr eine bessere Welt oder nur ein Wendepunkt?\",\"datePublished\":\"2024-01-29T08:15:19+00:00\",\"dateModified\":\"2024-01-29T10:13:15+00:00\",\"mainEntityOfPage\":{\"@id\":\"https:\\\/\\\/www.organisator.ch\\\/management\\\/2024-01-29\\\/ki-digitalisierung-wegbereiter-fuer-eine-bessere-welt-oder-nur-ein-wendepunkt\\\/\"},\"wordCount\":392,\"publisher\":{\"@id\":\"https:\\\/\\\/www.organisator.ch\\\/#organization\"},\"image\":{\"@id\":\"https:\\\/\\\/www.organisator.ch\\\/management\\\/2024-01-29\\\/ki-digitalisierung-wegbereiter-fuer-eine-bessere-welt-oder-nur-ein-wendepunkt\\\/#primaryimage\"},\"thumbnailUrl\":\"https:\\\/\\\/www.organisator.ch\\\/wp-content\\\/uploads\\\/2024\\\/01\\\/KMU-Swiss_Bild1_ps.jpg\",\"keywords\":[\"Digitalisierung\",\"KI\",\"Management\",\"Unternehmen\",\"Unternehmensf\u00fchrung\"],\"articleSection\":[\"MANAGEMENT\"],\"inLanguage\":\"en-US\"},{\"@type\":\"WebPage\",\"@id\":\"https:\\\/\\\/www.organisator.ch\\\/management\\\/2024-01-29\\\/ki-digitalisierung-wegbereiter-fuer-eine-bessere-welt-oder-nur-ein-wendepunkt\\\/\",\"url\":\"https:\\\/\\\/www.organisator.ch\\\/management\\\/2024-01-29\\\/ki-digitalisierung-wegbereiter-fuer-eine-bessere-welt-oder-nur-ein-wendepunkt\\\/\",\"name\":\"KI\\\/Digitalisierung: Wegbereiter f\u00fcr eine bessere Welt oder nur ein Wendepunkt? - Organisator\",\"isPartOf\":{\"@id\":\"https:\\\/\\\/www.organisator.ch\\\/#website\"},\"primaryImageOfPage\":{\"@id\":\"https:\\\/\\\/www.organisator.ch\\\/management\\\/2024-01-29\\\/ki-digitalisierung-wegbereiter-fuer-eine-bessere-welt-oder-nur-ein-wendepunkt\\\/#primaryimage\"},\"image\":{\"@id\":\"https:\\\/\\\/www.organisator.ch\\\/management\\\/2024-01-29\\\/ki-digitalisierung-wegbereiter-fuer-eine-bessere-welt-oder-nur-ein-wendepunkt\\\/#primaryimage\"},\"thumbnailUrl\":\"https:\\\/\\\/www.organisator.ch\\\/wp-content\\\/uploads\\\/2024\\\/01\\\/KMU-Swiss_Bild1_ps.jpg\",\"datePublished\":\"2024-01-29T08:15:19+00:00\",\"dateModified\":\"2024-01-29T10:13:15+00:00\",\"description\":\"Das diesj\u00e4hrige KMU Swiss Symposium widmet sich aktuellen Fragen rund um K\u00fcnstliche Intelligenz und Digitalisierung.\",\"breadcrumb\":{\"@id\":\"https:\\\/\\\/www.organisator.ch\\\/management\\\/2024-01-29\\\/ki-digitalisierung-wegbereiter-fuer-eine-bessere-welt-oder-nur-ein-wendepunkt\\\/#breadcrumb\"},\"inLanguage\":\"en-US\",\"potentialAction\":[{\"@type\":\"ReadAction\",\"target\":[\"https:\\\/\\\/www.organisator.ch\\\/management\\\/2024-01-29\\\/ki-digitalisierung-wegbereiter-fuer-eine-bessere-welt-oder-nur-ein-wendepunkt\\\/\"]}]},{\"@type\":\"ImageObject\",\"inLanguage\":\"en-US\",\"@id\":\"https:\\\/\\\/www.organisator.ch\\\/management\\\/2024-01-29\\\/ki-digitalisierung-wegbereiter-fuer-eine-bessere-welt-oder-nur-ein-wendepunkt\\\/#primaryimage\",\"url\":\"https:\\\/\\\/www.organisator.ch\\\/wp-content\\\/uploads\\\/2024\\\/01\\\/KMU-Swiss_Bild1_ps.jpg\",\"contentUrl\":\"https:\\\/\\\/www.organisator.ch\\\/wp-content\\\/uploads\\\/2024\\\/01\\\/KMU-Swiss_Bild1_ps.jpg\",\"width\":680,\"height\":457,\"caption\":\"Das Jubil\u00e4ums KMU Swiss Symposium findet am Donnerstag, 21. M\u00e4rz 2024 im Trafo Baden statt. (Bild: www.kmuswiss.ch)\"},{\"@type\":\"BreadcrumbList\",\"@id\":\"https:\\\/\\\/www.organisator.ch\\\/management\\\/2024-01-29\\\/ki-digitalisierung-wegbereiter-fuer-eine-bessere-welt-oder-nur-ein-wendepunkt\\\/#breadcrumb\",\"itemListElement\":[{\"@type\":\"ListItem\",\"position\":1,\"name\":\"Home\",\"item\":\"https:\\\/\\\/www.organisator.ch\\\/\"},{\"@type\":\"ListItem\",\"position\":2,\"name\":\"KI\\\/Digitalisierung: Wegbereiter f\u00fcr eine bessere Welt oder nur ein Wendepunkt?\"}]},{\"@type\":\"WebSite\",\"@id\":\"https:\\\/\\\/www.organisator.ch\\\/#website\",\"url\":\"https:\\\/\\\/www.organisator.ch\\\/\",\"name\":\"Organisator\",\"description\":\"Kompetent. Praxisnah. Der ORGANISATOR bereitet in 10 Ausgaben pro Jahr die wesentlichen Themen f\u00fcr F\u00fchrungskr\u00e4fte von KMU auf.\",\"publisher\":{\"@id\":\"https:\\\/\\\/www.organisator.ch\\\/#organization\"},\"potentialAction\":[{\"@type\":\"SearchAction\",\"target\":{\"@type\":\"EntryPoint\",\"urlTemplate\":\"https:\\\/\\\/www.organisator.ch\\\/?s={search_term_string}\"},\"query-input\":{\"@type\":\"PropertyValueSpecification\",\"valueRequired\":true,\"valueName\":\"search_term_string\"}}],\"inLanguage\":\"en-US\"},{\"@type\":\"Organization\",\"@id\":\"https:\\\/\\\/www.organisator.ch\\\/#organization\",\"name\":\"Organisator\",\"url\":\"https:\\\/\\\/www.organisator.ch\\\/\",\"logo\":{\"@type\":\"ImageObject\",\"inLanguage\":\"en-US\",\"@id\":\"https:\\\/\\\/www.organisator.ch\\\/#\\\/schema\\\/logo\\\/image\\\/\",\"url\":\"https:\\\/\\\/www.organisator.ch\\\/wp-content\\\/uploads\\\/2022\\\/01\\\/Logo_Organisator_Website.png\",\"contentUrl\":\"https:\\\/\\\/www.organisator.ch\\\/wp-content\\\/uploads\\\/2022\\\/01\\\/Logo_Organisator_Website.png\",\"width\":800,\"height\":77,\"caption\":\"Organisator\"},\"image\":{\"@id\":\"https:\\\/\\\/www.organisator.ch\\\/#\\\/schema\\\/logo\\\/image\\\/\"},\"sameAs\":[\"https:\\\/\\\/www.facebook.com\\\/OrganisatorFachmagazin\",\"https:\\\/\\\/www.linkedin.com\\\/showcase\\\/organisator-das-magazin-fr-kmu\",\"https:\\\/\\\/www.xing.com\\\/news\\\/pages\\\/organisator-ch-695\",\"https:\\\/\\\/www.youtube.com\\\/channel\\\/UCGP2Sq0iWaZwT3BdIAQFYpw\"]},{\"@type\":\"Person\",\"@id\":\"https:\\\/\\\/www.organisator.ch\\\/#\\\/schema\\\/person\\\/2e1314a2172123f874db408d8911d3f3\",\"name\":\"Adelisa Kalajdzini\",\"image\":{\"@type\":\"ImageObject\",\"inLanguage\":\"en-US\",\"@id\":\"https:\\\/\\\/secure.gravatar.com\\\/avatar\\\/09a397c22ac58cad6f160ee8306348599df9df58a8ede73696226897b9fa4b24?s=96&d=mm&r=g\",\"url\":\"https:\\\/\\\/secure.gravatar.com\\\/avatar\\\/09a397c22ac58cad6f160ee8306348599df9df58a8ede73696226897b9fa4b24?s=96&d=mm&r=g\",\"contentUrl\":\"https:\\\/\\\/secure.gravatar.com\\\/avatar\\\/09a397c22ac58cad6f160ee8306348599df9df58a8ede73696226897b9fa4b24?s=96&d=mm&r=g\",\"caption\":\"Adelisa Kalajdzini\"},\"url\":\"https:\\\/\\\/www.organisator.ch\\\/en\\\/author\\\/adelisa-kalajdzini\\\/\"}]}<\/script>\n<!-- \/ Yoast SEO plugin. -->","yoast_head_json":{"title":"AI\/digitalization: Paving the way for a better world or just a turning point? - Organizer","description":"This year's KMU Swiss Symposium is dedicated to current issues relating to artificial intelligence and digitalization.","robots":{"index":"index","follow":"follow","max-snippet":"max-snippet:-1","max-image-preview":"max-image-preview:large","max-video-preview":"max-video-preview:-1"},"canonical":"https:\/\/www.organisator.ch\/en\/management\/2024-01-29\/ki-digitalisierung-wegbereiter-fuer-eine-bessere-welt-oder-nur-ein-wendepunkt\/","og_locale":"en_US","og_type":"article","og_title":"KI\/Digitalisierung: Wegbereiter f\u00fcr eine bessere Welt oder nur ein Wendepunkt?","og_description":"Das diesj\u00e4hrige KMU Swiss Symposium widmet sich aktuellen Fragen rund um K\u00fcnstliche Intelligenz und Digitalisierung.","og_url":"https:\/\/www.organisator.ch\/en\/management\/2024-01-29\/ki-digitalisierung-wegbereiter-fuer-eine-bessere-welt-oder-nur-ein-wendepunkt\/","og_site_name":"Organisator","article_publisher":"https:\/\/www.facebook.com\/OrganisatorFachmagazin","article_published_time":"2024-01-29T08:15:19+00:00","article_modified_time":"2024-01-29T10:13:15+00:00","og_image":[{"width":680,"height":457,"url":"https:\/\/www.organisator.ch\/wp-content\/uploads\/2024\/01\/KMU-Swiss_Bild1_ps.jpg","type":"image\/jpeg"}],"author":"Adelisa Kalajdzini","twitter_card":"summary_large_image","twitter_title":"KI\/Digitalisierung: Wegbereiter f\u00fcr eine bessere Welt oder nur ein Wendepunkt?","twitter_description":"Das diesj\u00e4hrige K#MU #Swiss #Symposium widmet sich aktuellen Fragen rund um K\u00fcnstliche Intelligenz und #Digitalisierung.","twitter_image":"https:\/\/www.organisator.ch\/wp-content\/uploads\/2024\/01\/KMU-Swiss_Bild1_ps.jpg","schema":{"@context":"https:\/\/schema.org","@graph":[{"@type":"Article","@id":"https:\/\/www.organisator.ch\/management\/2024-01-29\/ki-digitalisierung-wegbereiter-fuer-eine-bessere-welt-oder-nur-ein-wendepunkt\/#article","isPartOf":{"@id":"https:\/\/www.organisator.ch\/management\/2024-01-29\/ki-digitalisierung-wegbereiter-fuer-eine-bessere-welt-oder-nur-ein-wendepunkt\/"},"author":{"name":"Adelisa Kalajdzini","@id":"https:\/\/www.organisator.ch\/#\/schema\/person\/2e1314a2172123f874db408d8911d3f3"},"headline":"KI\/Digitalisierung: Wegbereiter f\u00fcr eine bessere Welt oder nur ein Wendepunkt?","datePublished":"2024-01-29T08:15:19+00:00","dateModified":"2024-01-29T10:13:15+00:00","mainEntityOfPage":{"@id":"https:\/\/www.organisator.ch\/management\/2024-01-29\/ki-digitalisierung-wegbereiter-fuer-eine-bessere-welt-oder-nur-ein-wendepunkt\/"},"wordCount":392,"publisher":{"@id":"https:\/\/www.organisator.ch\/#organization"},"image":{"@id":"https:\/\/www.organisator.ch\/management\/2024-01-29\/ki-digitalisierung-wegbereiter-fuer-eine-bessere-welt-oder-nur-ein-wendepunkt\/#primaryimage"},"thumbnailUrl":"https:\/\/www.organisator.ch\/wp-content\/uploads\/2024\/01\/KMU-Swiss_Bild1_ps.jpg","keywords":["Digitalisierung","KI","Management","Unternehmen","Unternehmensf\u00fchrung"],"articleSection":["MANAGEMENT"],"inLanguage":"en-US"},{"@type":"WebPage","@id":"https:\/\/www.organisator.ch\/management\/2024-01-29\/ki-digitalisierung-wegbereiter-fuer-eine-bessere-welt-oder-nur-ein-wendepunkt\/","url":"https:\/\/www.organisator.ch\/management\/2024-01-29\/ki-digitalisierung-wegbereiter-fuer-eine-bessere-welt-oder-nur-ein-wendepunkt\/","name":"AI\/digitalization: Paving the way for a better world or just a turning point? - Organizer","isPartOf":{"@id":"https:\/\/www.organisator.ch\/#website"},"primaryImageOfPage":{"@id":"https:\/\/www.organisator.ch\/management\/2024-01-29\/ki-digitalisierung-wegbereiter-fuer-eine-bessere-welt-oder-nur-ein-wendepunkt\/#primaryimage"},"image":{"@id":"https:\/\/www.organisator.ch\/management\/2024-01-29\/ki-digitalisierung-wegbereiter-fuer-eine-bessere-welt-oder-nur-ein-wendepunkt\/#primaryimage"},"thumbnailUrl":"https:\/\/www.organisator.ch\/wp-content\/uploads\/2024\/01\/KMU-Swiss_Bild1_ps.jpg","datePublished":"2024-01-29T08:15:19+00:00","dateModified":"2024-01-29T10:13:15+00:00","description":"This year's KMU Swiss Symposium is dedicated to current issues relating to artificial intelligence and digitalization.","breadcrumb":{"@id":"https:\/\/www.organisator.ch\/management\/2024-01-29\/ki-digitalisierung-wegbereiter-fuer-eine-bessere-welt-oder-nur-ein-wendepunkt\/#breadcrumb"},"inLanguage":"en-US","potentialAction":[{"@type":"ReadAction","target":["https:\/\/www.organisator.ch\/management\/2024-01-29\/ki-digitalisierung-wegbereiter-fuer-eine-bessere-welt-oder-nur-ein-wendepunkt\/"]}]},{"@type":"ImageObject","inLanguage":"en-US","@id":"https:\/\/www.organisator.ch\/management\/2024-01-29\/ki-digitalisierung-wegbereiter-fuer-eine-bessere-welt-oder-nur-ein-wendepunkt\/#primaryimage","url":"https:\/\/www.organisator.ch\/wp-content\/uploads\/2024\/01\/KMU-Swiss_Bild1_ps.jpg","contentUrl":"https:\/\/www.organisator.ch\/wp-content\/uploads\/2024\/01\/KMU-Swiss_Bild1_ps.jpg","width":680,"height":457,"caption":"Das Jubil\u00e4ums KMU Swiss Symposium findet am Donnerstag, 21. M\u00e4rz 2024 im Trafo Baden statt. (Bild: www.kmuswiss.ch)"},{"@type":"BreadcrumbList","@id":"https:\/\/www.organisator.ch\/management\/2024-01-29\/ki-digitalisierung-wegbereiter-fuer-eine-bessere-welt-oder-nur-ein-wendepunkt\/#breadcrumb","itemListElement":[{"@type":"ListItem","position":1,"name":"Home","item":"https:\/\/www.organisator.ch\/"},{"@type":"ListItem","position":2,"name":"KI\/Digitalisierung: Wegbereiter f\u00fcr eine bessere Welt oder nur ein Wendepunkt?"}]},{"@type":"WebSite","@id":"https:\/\/www.organisator.ch\/#website","url":"https:\/\/www.organisator.ch\/","name":"Organizer","description":"Competent. Practical. In 10 issues per year, ORGANISATOR presents the essential topics for managers of SMEs.","publisher":{"@id":"https:\/\/www.organisator.ch\/#organization"},"potentialAction":[{"@type":"SearchAction","target":{"@type":"EntryPoint","urlTemplate":"https:\/\/www.organisator.ch\/?s={search_term_string}"},"query-input":{"@type":"PropertyValueSpecification","valueRequired":true,"valueName":"search_term_string"}}],"inLanguage":"en-US"},{"@type":"Organization","@id":"https:\/\/www.organisator.ch\/#organization","name":"Organizer","url":"https:\/\/www.organisator.ch\/","logo":{"@type":"ImageObject","inLanguage":"en-US","@id":"https:\/\/www.organisator.ch\/#\/schema\/logo\/image\/","url":"https:\/\/www.organisator.ch\/wp-content\/uploads\/2022\/01\/Logo_Organisator_Website.png","contentUrl":"https:\/\/www.organisator.ch\/wp-content\/uploads\/2022\/01\/Logo_Organisator_Website.png","width":800,"height":77,"caption":"Organisator"},"image":{"@id":"https:\/\/www.organisator.ch\/#\/schema\/logo\/image\/"},"sameAs":["https:\/\/www.facebook.com\/OrganisatorFachmagazin","https:\/\/www.linkedin.com\/showcase\/organisator-das-magazin-fr-kmu","https:\/\/www.xing.com\/news\/pages\/organisator-ch-695","https:\/\/www.youtube.com\/channel\/UCGP2Sq0iWaZwT3BdIAQFYpw"]},{"@type":"Person","@id":"https:\/\/www.organisator.ch\/#\/schema\/person\/2e1314a2172123f874db408d8911d3f3","name":"Adelisa Kalajdzini","image":{"@type":"ImageObject","inLanguage":"en-US","@id":"https:\/\/secure.gravatar.com\/avatar\/09a397c22ac58cad6f160ee8306348599df9df58a8ede73696226897b9fa4b24?s=96&d=mm&r=g","url":"https:\/\/secure.gravatar.com\/avatar\/09a397c22ac58cad6f160ee8306348599df9df58a8ede73696226897b9fa4b24?s=96&d=mm&r=g","contentUrl":"https:\/\/secure.gravatar.com\/avatar\/09a397c22ac58cad6f160ee8306348599df9df58a8ede73696226897b9fa4b24?s=96&d=mm&r=g","caption":"Adelisa Kalajdzini"},"url":"https:\/\/www.organisator.ch\/en\/author\/adelisa-kalajdzini\/"}]}},"_links":{"self":[{"href":"https:\/\/www.organisator.ch\/en\/wp-json\/wp\/v2\/posts\/24604","targetHints":{"allow":["GET"]}}],"collection":[{"href":"https:\/\/www.organisator.ch\/en\/wp-json\/wp\/v2\/posts"}],"about":[{"href":"https:\/\/www.organisator.ch\/en\/wp-json\/wp\/v2\/types\/post"}],"author":[{"embeddable":true,"href":"https:\/\/www.organisator.ch\/en\/wp-json\/wp\/v2\/users\/58"}],"replies":[{"embeddable":true,"href":"https:\/\/www.organisator.ch\/en\/wp-json\/wp\/v2\/comments?post=24604"}],"version-history":[{"count":6,"href":"https:\/\/www.organisator.ch\/en\/wp-json\/wp\/v2\/posts\/24604\/revisions"}],"predecessor-version":[{"id":24615,"href":"https:\/\/www.organisator.ch\/en\/wp-json\/wp\/v2\/posts\/24604\/revisions\/24615"}],"wp:featuredmedia":[{"embeddable":true,"href":"https:\/\/www.organisator.ch\/en\/wp-json\/wp\/v2\/media\/24605"}],"wp:attachment":[{"href":"https:\/\/www.organisator.ch\/en\/wp-json\/wp\/v2\/media?parent=24604"}],"wp:term":[{"taxonomy":"category","embeddable":true,"href":"https:\/\/www.organisator.ch\/en\/wp-json\/wp\/v2\/categories?post=24604"},{"taxonomy":"post_tag","embeddable":true,"href":"https:\/\/www.organisator.ch\/en\/wp-json\/wp\/v2\/tags?post=24604"}],"curies":[{"name":"wp","href":"https:\/\/api.w.org\/{rel}","templated":true}]}}