{"id":24724,"date":"2024-02-01T09:10:56","date_gmt":"2024-02-01T08:10:56","guid":{"rendered":"https:\/\/www.organisator.ch\/?p=24724"},"modified":"2024-02-09T07:19:59","modified_gmt":"2024-02-09T06:19:59","slug":"internationales-alpensymposium-erfolgreiche-neuauflage","status":"publish","type":"post","link":"https:\/\/www.organisator.ch\/en\/management\/2024-02-01\/internationales-alpensymposium-erfolgreiche-neuauflage\/","title":{"rendered":"International Alpine Symposium: Successful new edition"},"content":{"rendered":"<figure id=\"attachment_24725\" aria-describedby=\"caption-attachment-24725\" style=\"width: 680px\" class=\"wp-caption alignnone\"><img loading=\"lazy\" decoding=\"async\" class=\"size-full wp-image-24725\" src=\"https:\/\/www.organisator.ch\/wp-content\/uploads\/2024\/02\/Internationales-Alpensymposium-Erfolgreiche-Neuauflage_Organisator.jpg\" alt=\"\" width=\"680\" height=\"419\" srcset=\"https:\/\/www.organisator.ch\/wp-content\/uploads\/2024\/02\/Internationales-Alpensymposium-Erfolgreiche-Neuauflage_Organisator.jpg 680w, https:\/\/www.organisator.ch\/wp-content\/uploads\/2024\/02\/Internationales-Alpensymposium-Erfolgreiche-Neuauflage_Organisator-18x12.jpg 18w, https:\/\/www.organisator.ch\/wp-content\/uploads\/2024\/02\/Internationales-Alpensymposium-Erfolgreiche-Neuauflage_Organisator-375x231.jpg 375w, https:\/\/www.organisator.ch\/wp-content\/uploads\/2024\/02\/Internationales-Alpensymposium-Erfolgreiche-Neuauflage_Organisator-568x350.jpg 568w\" sizes=\"auto, (max-width: 680px) 100vw, 680px\" \/><figcaption id=\"caption-attachment-24725\" class=\"wp-caption-text\">The stars of the Alpine Symposium: Boris Becker and Joschka Fischer. (Image: Tobias Sutter \/ Alpensymposium)<\/figcaption><\/figure>\n<p>Long-time attendees of the Alpine Symposium will have noticed that there were fewer visitors to the two-day symposium at the beautiful Hotel Victoria-Jungfrau in Interlaken on January 30 and 31, 2024 than in the \"heyday\" before the coronavirus pandemic. However, those in attendance were able to enjoy a varied program packed with all the latest topics: artificial intelligence, cancel culture, the opportunities and limitations of ChatGPT, discovering new trends and successfully overcoming crises.<\/p>\n<h3>Proven mix of topics<\/h3>\n<p>In this respect, the Alpine Symposium remained true to its proven and successful formula under its new leadership: panel discussions and presentations by people who have something to say on their core topics. Futurist Magnus Lindquist, for example, gave tips on how to prepare for the uncertainties of the future, while former FCB President Bernhard Heusler shared his experiences as a leader with the audience. And of course there was also some local color: Urs Kessler, CEO of Jungfrau Railways, proudly presented the latest achievement of the \"V-Cableway\", which takes guests to the Jungfraujoch even faster, and Marc A. Trauffer said in a panel discussion on the contrast between AI vs. creativity that computers cannot reproduce the emotionality in music.<\/p>\n<h3>International celebrities<\/h3>\n<p>But there was also no lack of political topics at the traditional management event in Interlaken. For example, the Afghan women's and civil rights activist Zarifa Ghafari, who lives in exile in Germany, spoke about her fight against the mullahs. And former German Foreign Minister Joschka Fischer spoke about current global political issues, in particular the war in Ukraine. However, he did not want to give any advice to Switzerland - for example regarding neutrality. \"Switzerland does not need our advice. It reacts very sensitively to advice from outside,\" said the elder statesman.<\/p>\n<p>The top star alongside Fischer was a second German: tennis legend Boris Becker. The youngest Wimbledon winner of all time answered questions from presenter Florian Inhauser about the highs and lows of his life to date in a good-humored and visibly relaxed manner. The final applause showed that Becker still has many fans in Switzerland.<\/p>\n<p>The only downer of the two-day event was the cancellation at short notice of Eugene Chaplin, Charlie Chaplin's son, who had to cancel his trip to Interlaken due to a Covid-related illness. On the evening of the first day of the congress, he missed the performance by the Swedish cover band \"ABBA Gold\", who were cheered on by the audience with the hits of their idols.<\/p>\n<h3><strong>International Alpine Symposium: \"Rocker of business meetings\"<\/strong><\/h3>\n<p>Overall, the organizers were highly satisfied with the symposium, which was held under their leadership for the first time. \"The response from the participants was very good, and the support we received from the public sector and our sponsors was fantastic,\" says Thomas D\u00fcrr from the management team. \"We are already looking forward to the next Alpine Symposium in 2025.\" And his co-leader Iris Huggler was self-confident: \"We are the rockers of business meetings.\" One visitor's personal conclusion: \"International Alpine Symposium - as if it had never been away...\"<\/p>\n<p><em>More information: <a href=\"https:\/\/alpensymposium.ch\/\">www.alpensymposium.ch<\/a><\/em><\/p>","protected":false},"excerpt":{"rendered":"<p>The new management of the International Alpine Symposium has successfully relaunched the event. More than 200 participants a day attended the congress, which was held under the motto \"Showing your face\". The stars of the symposium were former German Foreign Minister Joschka Fischer and German tennis legend Boris Becker. <\/p>","protected":false},"author":4,"featured_media":24725,"comment_status":"closed","ping_status":"closed","sticky":false,"template":"","format":"standard","meta":{"_acf_changed":false,"_yoast_wpseo_focuskw":"Internationales Alpensymposium","_yoast_wpseo_metadesc":"Internationales Alpensymposium vermeldet erfolgreichen Relaunch: \u00dcber 200 Besucher kamen am 30.\/31. Januar nach Interlaken.","articlekey":"","footnotes":""},"categories":[28],"tags":[3556,193,339],"class_list":["post-24724","post","type-post","status-publish","format-standard","has-post-thumbnail","hentry","category-management","tag-alpensymposium","tag-fachkongressfachmesse","tag-marketing"],"acf":[],"yoast_head":"<!-- This site is optimized with the Yoast SEO plugin v27.5 - https:\/\/yoast.com\/product\/yoast-seo-wordpress\/ -->\n<title>Internationales Alpensymposium: Erfolgreiche Neuauflage - Organisator<\/title>\n<meta name=\"description\" content=\"Internationales Alpensymposium vermeldet erfolgreichen Relaunch: \u00dcber 200 Besucher kamen am 30.\/31. Januar nach Interlaken.\" \/>\n<meta name=\"robots\" content=\"index, follow, max-snippet:-1, max-image-preview:large, max-video-preview:-1\" \/>\n<link rel=\"canonical\" href=\"https:\/\/www.organisator.ch\/en\/management\/2024-02-01\/internationales-alpensymposium-erfolgreiche-neuauflage\/\" \/>\n<meta property=\"og:locale\" content=\"en_US\" \/>\n<meta property=\"og:type\" content=\"article\" \/>\n<meta property=\"og:title\" content=\"Internationales Alpensymposium: Erfolgreiche Neuauflage\" \/>\n<meta property=\"og:description\" content=\"Internationales Alpensymposium vermeldet erfolgreichen Relaunch: \u00dcber 200 Besucher kamen am 30.\/31. Januar nach Interlaken.\" \/>\n<meta property=\"og:url\" content=\"https:\/\/www.organisator.ch\/en\/management\/2024-02-01\/internationales-alpensymposium-erfolgreiche-neuauflage\/\" \/>\n<meta property=\"og:site_name\" content=\"Organisator\" \/>\n<meta property=\"article:publisher\" content=\"https:\/\/www.facebook.com\/OrganisatorFachmagazin\" \/>\n<meta property=\"article:published_time\" content=\"2024-02-01T08:10:56+00:00\" \/>\n<meta property=\"article:modified_time\" content=\"2024-02-09T06:19:59+00:00\" \/>\n<meta property=\"og:image\" content=\"https:\/\/www.organisator.ch\/wp-content\/uploads\/2024\/02\/Internationales-Alpensymposium-Erfolgreiche-Neuauflage_Organisator.jpg\" \/>\n\t<meta property=\"og:image:width\" content=\"680\" \/>\n\t<meta property=\"og:image:height\" content=\"419\" \/>\n\t<meta property=\"og:image:type\" content=\"image\/jpeg\" \/>\n<meta name=\"author\" content=\"thomas.berner\" \/>\n<meta name=\"twitter:card\" content=\"summary_large_image\" \/>\n<meta name=\"twitter:title\" content=\"Internationales #Alpensymposium: Erfolgreiche #Neuauflage\" \/>\n<meta name=\"twitter:description\" content=\"Internationales #Alpensymposium vermeldet erfolgreichen #Relaunch: \u00dcber 200 Besucher kamen am 30.\/31. Januar nach Interlaken.\" \/>\n<meta name=\"twitter:image\" content=\"https:\/\/www.organisator.ch\/wp-content\/uploads\/2024\/02\/Internationales-Alpensymposium-Erfolgreiche-Neuauflage_Organisator.jpg\" \/>\n<script type=\"application\/ld+json\" class=\"yoast-schema-graph\">{\"@context\":\"https:\\\/\\\/schema.org\",\"@graph\":[{\"@type\":\"Article\",\"@id\":\"https:\\\/\\\/www.organisator.ch\\\/management\\\/2024-02-01\\\/internationales-alpensymposium-erfolgreiche-neuauflage\\\/#article\",\"isPartOf\":{\"@id\":\"https:\\\/\\\/www.organisator.ch\\\/management\\\/2024-02-01\\\/internationales-alpensymposium-erfolgreiche-neuauflage\\\/\"},\"author\":{\"name\":\"thomas.berner\",\"@id\":\"https:\\\/\\\/www.organisator.ch\\\/#\\\/schema\\\/person\\\/6f650f90b2842cd4c0cc334b4e36f67e\"},\"headline\":\"Internationales Alpensymposium: Erfolgreiche Neuauflage\",\"datePublished\":\"2024-02-01T08:10:56+00:00\",\"dateModified\":\"2024-02-09T06:19:59+00:00\",\"mainEntityOfPage\":{\"@id\":\"https:\\\/\\\/www.organisator.ch\\\/management\\\/2024-02-01\\\/internationales-alpensymposium-erfolgreiche-neuauflage\\\/\"},\"wordCount\":513,\"publisher\":{\"@id\":\"https:\\\/\\\/www.organisator.ch\\\/#organization\"},\"image\":{\"@id\":\"https:\\\/\\\/www.organisator.ch\\\/management\\\/2024-02-01\\\/internationales-alpensymposium-erfolgreiche-neuauflage\\\/#primaryimage\"},\"thumbnailUrl\":\"https:\\\/\\\/www.organisator.ch\\\/wp-content\\\/uploads\\\/2024\\\/02\\\/Internationales-Alpensymposium-Erfolgreiche-Neuauflage_Organisator.jpg\",\"keywords\":[\"Alpensymposium\",\"Fachkongress\\\/Fachmesse\",\"Marketing\"],\"articleSection\":[\"MANAGEMENT\"],\"inLanguage\":\"en-US\"},{\"@type\":\"WebPage\",\"@id\":\"https:\\\/\\\/www.organisator.ch\\\/management\\\/2024-02-01\\\/internationales-alpensymposium-erfolgreiche-neuauflage\\\/\",\"url\":\"https:\\\/\\\/www.organisator.ch\\\/management\\\/2024-02-01\\\/internationales-alpensymposium-erfolgreiche-neuauflage\\\/\",\"name\":\"Internationales Alpensymposium: Erfolgreiche Neuauflage - Organisator\",\"isPartOf\":{\"@id\":\"https:\\\/\\\/www.organisator.ch\\\/#website\"},\"primaryImageOfPage\":{\"@id\":\"https:\\\/\\\/www.organisator.ch\\\/management\\\/2024-02-01\\\/internationales-alpensymposium-erfolgreiche-neuauflage\\\/#primaryimage\"},\"image\":{\"@id\":\"https:\\\/\\\/www.organisator.ch\\\/management\\\/2024-02-01\\\/internationales-alpensymposium-erfolgreiche-neuauflage\\\/#primaryimage\"},\"thumbnailUrl\":\"https:\\\/\\\/www.organisator.ch\\\/wp-content\\\/uploads\\\/2024\\\/02\\\/Internationales-Alpensymposium-Erfolgreiche-Neuauflage_Organisator.jpg\",\"datePublished\":\"2024-02-01T08:10:56+00:00\",\"dateModified\":\"2024-02-09T06:19:59+00:00\",\"description\":\"Internationales Alpensymposium vermeldet erfolgreichen Relaunch: \u00dcber 200 Besucher kamen am 30.\\\/31. Januar nach Interlaken.\",\"breadcrumb\":{\"@id\":\"https:\\\/\\\/www.organisator.ch\\\/management\\\/2024-02-01\\\/internationales-alpensymposium-erfolgreiche-neuauflage\\\/#breadcrumb\"},\"inLanguage\":\"en-US\",\"potentialAction\":[{\"@type\":\"ReadAction\",\"target\":[\"https:\\\/\\\/www.organisator.ch\\\/management\\\/2024-02-01\\\/internationales-alpensymposium-erfolgreiche-neuauflage\\\/\"]}]},{\"@type\":\"ImageObject\",\"inLanguage\":\"en-US\",\"@id\":\"https:\\\/\\\/www.organisator.ch\\\/management\\\/2024-02-01\\\/internationales-alpensymposium-erfolgreiche-neuauflage\\\/#primaryimage\",\"url\":\"https:\\\/\\\/www.organisator.ch\\\/wp-content\\\/uploads\\\/2024\\\/02\\\/Internationales-Alpensymposium-Erfolgreiche-Neuauflage_Organisator.jpg\",\"contentUrl\":\"https:\\\/\\\/www.organisator.ch\\\/wp-content\\\/uploads\\\/2024\\\/02\\\/Internationales-Alpensymposium-Erfolgreiche-Neuauflage_Organisator.jpg\",\"width\":680,\"height\":419,\"caption\":\"Waren die Stars am Alpensymposium: Boris Becker und Joschka Fischer. (Bild: Tobias Sutter \\\/ Alpensymposium)\"},{\"@type\":\"BreadcrumbList\",\"@id\":\"https:\\\/\\\/www.organisator.ch\\\/management\\\/2024-02-01\\\/internationales-alpensymposium-erfolgreiche-neuauflage\\\/#breadcrumb\",\"itemListElement\":[{\"@type\":\"ListItem\",\"position\":1,\"name\":\"Home\",\"item\":\"https:\\\/\\\/www.organisator.ch\\\/\"},{\"@type\":\"ListItem\",\"position\":2,\"name\":\"Internationales Alpensymposium: Erfolgreiche Neuauflage\"}]},{\"@type\":\"WebSite\",\"@id\":\"https:\\\/\\\/www.organisator.ch\\\/#website\",\"url\":\"https:\\\/\\\/www.organisator.ch\\\/\",\"name\":\"Organisator\",\"description\":\"Kompetent. Praxisnah. Der ORGANISATOR bereitet in 10 Ausgaben pro Jahr die wesentlichen Themen f\u00fcr F\u00fchrungskr\u00e4fte von KMU auf.\",\"publisher\":{\"@id\":\"https:\\\/\\\/www.organisator.ch\\\/#organization\"},\"potentialAction\":[{\"@type\":\"SearchAction\",\"target\":{\"@type\":\"EntryPoint\",\"urlTemplate\":\"https:\\\/\\\/www.organisator.ch\\\/?s={search_term_string}\"},\"query-input\":{\"@type\":\"PropertyValueSpecification\",\"valueRequired\":true,\"valueName\":\"search_term_string\"}}],\"inLanguage\":\"en-US\"},{\"@type\":\"Organization\",\"@id\":\"https:\\\/\\\/www.organisator.ch\\\/#organization\",\"name\":\"Organisator\",\"url\":\"https:\\\/\\\/www.organisator.ch\\\/\",\"logo\":{\"@type\":\"ImageObject\",\"inLanguage\":\"en-US\",\"@id\":\"https:\\\/\\\/www.organisator.ch\\\/#\\\/schema\\\/logo\\\/image\\\/\",\"url\":\"https:\\\/\\\/www.organisator.ch\\\/wp-content\\\/uploads\\\/2022\\\/01\\\/Logo_Organisator_Website.png\",\"contentUrl\":\"https:\\\/\\\/www.organisator.ch\\\/wp-content\\\/uploads\\\/2022\\\/01\\\/Logo_Organisator_Website.png\",\"width\":800,\"height\":77,\"caption\":\"Organisator\"},\"image\":{\"@id\":\"https:\\\/\\\/www.organisator.ch\\\/#\\\/schema\\\/logo\\\/image\\\/\"},\"sameAs\":[\"https:\\\/\\\/www.facebook.com\\\/OrganisatorFachmagazin\",\"https:\\\/\\\/www.linkedin.com\\\/showcase\\\/organisator-das-magazin-fr-kmu\",\"https:\\\/\\\/www.xing.com\\\/news\\\/pages\\\/organisator-ch-695\",\"https:\\\/\\\/www.youtube.com\\\/channel\\\/UCGP2Sq0iWaZwT3BdIAQFYpw\"]},{\"@type\":\"Person\",\"@id\":\"https:\\\/\\\/www.organisator.ch\\\/#\\\/schema\\\/person\\\/6f650f90b2842cd4c0cc334b4e36f67e\",\"name\":\"thomas.berner\",\"image\":{\"@type\":\"ImageObject\",\"inLanguage\":\"en-US\",\"@id\":\"https:\\\/\\\/secure.gravatar.com\\\/avatar\\\/ac5001d2a36cb6c6cd3e50789007ffca834b477b74a2144564522e944eabff61?s=96&d=mm&r=g\",\"url\":\"https:\\\/\\\/secure.gravatar.com\\\/avatar\\\/ac5001d2a36cb6c6cd3e50789007ffca834b477b74a2144564522e944eabff61?s=96&d=mm&r=g\",\"contentUrl\":\"https:\\\/\\\/secure.gravatar.com\\\/avatar\\\/ac5001d2a36cb6c6cd3e50789007ffca834b477b74a2144564522e944eabff61?s=96&d=mm&r=g\",\"caption\":\"thomas.berner\"},\"url\":\"https:\\\/\\\/www.organisator.ch\\\/en\\\/author\\\/thomas-berner\\\/\"}]}<\/script>\n<!-- \/ Yoast SEO plugin. -->","yoast_head_json":{"title":"International Alpine Symposium: Successful new edition - Organizer","description":"International Alpine Symposium announces successful relaunch: Over 200 visitors came to Interlaken on January 30\/31.","robots":{"index":"index","follow":"follow","max-snippet":"max-snippet:-1","max-image-preview":"max-image-preview:large","max-video-preview":"max-video-preview:-1"},"canonical":"https:\/\/www.organisator.ch\/en\/management\/2024-02-01\/internationales-alpensymposium-erfolgreiche-neuauflage\/","og_locale":"en_US","og_type":"article","og_title":"Internationales Alpensymposium: Erfolgreiche Neuauflage","og_description":"Internationales Alpensymposium vermeldet erfolgreichen Relaunch: \u00dcber 200 Besucher kamen am 30.\/31. Januar nach Interlaken.","og_url":"https:\/\/www.organisator.ch\/en\/management\/2024-02-01\/internationales-alpensymposium-erfolgreiche-neuauflage\/","og_site_name":"Organisator","article_publisher":"https:\/\/www.facebook.com\/OrganisatorFachmagazin","article_published_time":"2024-02-01T08:10:56+00:00","article_modified_time":"2024-02-09T06:19:59+00:00","og_image":[{"width":680,"height":419,"url":"https:\/\/www.organisator.ch\/wp-content\/uploads\/2024\/02\/Internationales-Alpensymposium-Erfolgreiche-Neuauflage_Organisator.jpg","type":"image\/jpeg"}],"author":"thomas.berner","twitter_card":"summary_large_image","twitter_title":"Internationales #Alpensymposium: Erfolgreiche #Neuauflage","twitter_description":"Internationales #Alpensymposium vermeldet erfolgreichen #Relaunch: \u00dcber 200 Besucher kamen am 30.\/31. Januar nach Interlaken.","twitter_image":"https:\/\/www.organisator.ch\/wp-content\/uploads\/2024\/02\/Internationales-Alpensymposium-Erfolgreiche-Neuauflage_Organisator.jpg","schema":{"@context":"https:\/\/schema.org","@graph":[{"@type":"Article","@id":"https:\/\/www.organisator.ch\/management\/2024-02-01\/internationales-alpensymposium-erfolgreiche-neuauflage\/#article","isPartOf":{"@id":"https:\/\/www.organisator.ch\/management\/2024-02-01\/internationales-alpensymposium-erfolgreiche-neuauflage\/"},"author":{"name":"thomas.berner","@id":"https:\/\/www.organisator.ch\/#\/schema\/person\/6f650f90b2842cd4c0cc334b4e36f67e"},"headline":"Internationales Alpensymposium: Erfolgreiche Neuauflage","datePublished":"2024-02-01T08:10:56+00:00","dateModified":"2024-02-09T06:19:59+00:00","mainEntityOfPage":{"@id":"https:\/\/www.organisator.ch\/management\/2024-02-01\/internationales-alpensymposium-erfolgreiche-neuauflage\/"},"wordCount":513,"publisher":{"@id":"https:\/\/www.organisator.ch\/#organization"},"image":{"@id":"https:\/\/www.organisator.ch\/management\/2024-02-01\/internationales-alpensymposium-erfolgreiche-neuauflage\/#primaryimage"},"thumbnailUrl":"https:\/\/www.organisator.ch\/wp-content\/uploads\/2024\/02\/Internationales-Alpensymposium-Erfolgreiche-Neuauflage_Organisator.jpg","keywords":["Alpensymposium","Fachkongress\/Fachmesse","Marketing"],"articleSection":["MANAGEMENT"],"inLanguage":"en-US"},{"@type":"WebPage","@id":"https:\/\/www.organisator.ch\/management\/2024-02-01\/internationales-alpensymposium-erfolgreiche-neuauflage\/","url":"https:\/\/www.organisator.ch\/management\/2024-02-01\/internationales-alpensymposium-erfolgreiche-neuauflage\/","name":"International Alpine Symposium: Successful new edition - Organizer","isPartOf":{"@id":"https:\/\/www.organisator.ch\/#website"},"primaryImageOfPage":{"@id":"https:\/\/www.organisator.ch\/management\/2024-02-01\/internationales-alpensymposium-erfolgreiche-neuauflage\/#primaryimage"},"image":{"@id":"https:\/\/www.organisator.ch\/management\/2024-02-01\/internationales-alpensymposium-erfolgreiche-neuauflage\/#primaryimage"},"thumbnailUrl":"https:\/\/www.organisator.ch\/wp-content\/uploads\/2024\/02\/Internationales-Alpensymposium-Erfolgreiche-Neuauflage_Organisator.jpg","datePublished":"2024-02-01T08:10:56+00:00","dateModified":"2024-02-09T06:19:59+00:00","description":"International Alpine Symposium announces successful relaunch: Over 200 visitors came to Interlaken on January 30\/31.","breadcrumb":{"@id":"https:\/\/www.organisator.ch\/management\/2024-02-01\/internationales-alpensymposium-erfolgreiche-neuauflage\/#breadcrumb"},"inLanguage":"en-US","potentialAction":[{"@type":"ReadAction","target":["https:\/\/www.organisator.ch\/management\/2024-02-01\/internationales-alpensymposium-erfolgreiche-neuauflage\/"]}]},{"@type":"ImageObject","inLanguage":"en-US","@id":"https:\/\/www.organisator.ch\/management\/2024-02-01\/internationales-alpensymposium-erfolgreiche-neuauflage\/#primaryimage","url":"https:\/\/www.organisator.ch\/wp-content\/uploads\/2024\/02\/Internationales-Alpensymposium-Erfolgreiche-Neuauflage_Organisator.jpg","contentUrl":"https:\/\/www.organisator.ch\/wp-content\/uploads\/2024\/02\/Internationales-Alpensymposium-Erfolgreiche-Neuauflage_Organisator.jpg","width":680,"height":419,"caption":"Waren die Stars am Alpensymposium: Boris Becker und Joschka Fischer. (Bild: Tobias Sutter \/ Alpensymposium)"},{"@type":"BreadcrumbList","@id":"https:\/\/www.organisator.ch\/management\/2024-02-01\/internationales-alpensymposium-erfolgreiche-neuauflage\/#breadcrumb","itemListElement":[{"@type":"ListItem","position":1,"name":"Home","item":"https:\/\/www.organisator.ch\/"},{"@type":"ListItem","position":2,"name":"Internationales Alpensymposium: Erfolgreiche Neuauflage"}]},{"@type":"WebSite","@id":"https:\/\/www.organisator.ch\/#website","url":"https:\/\/www.organisator.ch\/","name":"Organizer","description":"Competent. Practical. In 10 issues per year, ORGANISATOR presents the essential topics for managers of SMEs.","publisher":{"@id":"https:\/\/www.organisator.ch\/#organization"},"potentialAction":[{"@type":"SearchAction","target":{"@type":"EntryPoint","urlTemplate":"https:\/\/www.organisator.ch\/?s={search_term_string}"},"query-input":{"@type":"PropertyValueSpecification","valueRequired":true,"valueName":"search_term_string"}}],"inLanguage":"en-US"},{"@type":"Organization","@id":"https:\/\/www.organisator.ch\/#organization","name":"Organizer","url":"https:\/\/www.organisator.ch\/","logo":{"@type":"ImageObject","inLanguage":"en-US","@id":"https:\/\/www.organisator.ch\/#\/schema\/logo\/image\/","url":"https:\/\/www.organisator.ch\/wp-content\/uploads\/2022\/01\/Logo_Organisator_Website.png","contentUrl":"https:\/\/www.organisator.ch\/wp-content\/uploads\/2022\/01\/Logo_Organisator_Website.png","width":800,"height":77,"caption":"Organisator"},"image":{"@id":"https:\/\/www.organisator.ch\/#\/schema\/logo\/image\/"},"sameAs":["https:\/\/www.facebook.com\/OrganisatorFachmagazin","https:\/\/www.linkedin.com\/showcase\/organisator-das-magazin-fr-kmu","https:\/\/www.xing.com\/news\/pages\/organisator-ch-695","https:\/\/www.youtube.com\/channel\/UCGP2Sq0iWaZwT3BdIAQFYpw"]},{"@type":"Person","@id":"https:\/\/www.organisator.ch\/#\/schema\/person\/6f650f90b2842cd4c0cc334b4e36f67e","name":"thomas.berner","image":{"@type":"ImageObject","inLanguage":"en-US","@id":"https:\/\/secure.gravatar.com\/avatar\/ac5001d2a36cb6c6cd3e50789007ffca834b477b74a2144564522e944eabff61?s=96&d=mm&r=g","url":"https:\/\/secure.gravatar.com\/avatar\/ac5001d2a36cb6c6cd3e50789007ffca834b477b74a2144564522e944eabff61?s=96&d=mm&r=g","contentUrl":"https:\/\/secure.gravatar.com\/avatar\/ac5001d2a36cb6c6cd3e50789007ffca834b477b74a2144564522e944eabff61?s=96&d=mm&r=g","caption":"thomas.berner"},"url":"https:\/\/www.organisator.ch\/en\/author\/thomas-berner\/"}]}},"_links":{"self":[{"href":"https:\/\/www.organisator.ch\/en\/wp-json\/wp\/v2\/posts\/24724","targetHints":{"allow":["GET"]}}],"collection":[{"href":"https:\/\/www.organisator.ch\/en\/wp-json\/wp\/v2\/posts"}],"about":[{"href":"https:\/\/www.organisator.ch\/en\/wp-json\/wp\/v2\/types\/post"}],"author":[{"embeddable":true,"href":"https:\/\/www.organisator.ch\/en\/wp-json\/wp\/v2\/users\/4"}],"replies":[{"embeddable":true,"href":"https:\/\/www.organisator.ch\/en\/wp-json\/wp\/v2\/comments?post=24724"}],"version-history":[{"count":5,"href":"https:\/\/www.organisator.ch\/en\/wp-json\/wp\/v2\/posts\/24724\/revisions"}],"predecessor-version":[{"id":24897,"href":"https:\/\/www.organisator.ch\/en\/wp-json\/wp\/v2\/posts\/24724\/revisions\/24897"}],"wp:featuredmedia":[{"embeddable":true,"href":"https:\/\/www.organisator.ch\/en\/wp-json\/wp\/v2\/media\/24725"}],"wp:attachment":[{"href":"https:\/\/www.organisator.ch\/en\/wp-json\/wp\/v2\/media?parent=24724"}],"wp:term":[{"taxonomy":"category","embeddable":true,"href":"https:\/\/www.organisator.ch\/en\/wp-json\/wp\/v2\/categories?post=24724"},{"taxonomy":"post_tag","embeddable":true,"href":"https:\/\/www.organisator.ch\/en\/wp-json\/wp\/v2\/tags?post=24724"}],"curies":[{"name":"wp","href":"https:\/\/api.w.org\/{rel}","templated":true}]}}