{"id":2476,"date":"2017-09-26T09:11:28","date_gmt":"2017-09-26T07:11:28","guid":{"rendered":"https:\/\/www.organisator.ch\/?p=2476"},"modified":"2017-09-26T09:11:28","modified_gmt":"2017-09-26T07:11:28","slug":"gerald-brandt-wird-neuer-director-human-resources-von-kelly-services","status":"publish","type":"post","link":"https:\/\/www.organisator.ch\/en\/human-resources\/hrm\/2017-09-26\/gerald-brandt-wird-neuer-director-human-resources-von-kelly-services\/","title":{"rendered":"G\u00e9rald Brandt becomes new Director Human Resources of Kelly Services"},"content":{"rendered":"<figure id=\"attachment_2477\" aria-describedby=\"caption-attachment-2477\" style=\"width: 505px\" class=\"wp-caption alignnone\"><img loading=\"lazy\" decoding=\"async\" class=\"size-full wp-image-2477\" src=\"https:\/\/www.organisator.ch\/wp-content\/uploads\/2017\/09\/Gerald-Brandt-wird-neuer-Director-Human-Resources-von-Kelly-Services_Organisator.jpg\" alt=\"\" width=\"505\" height=\"480\" srcset=\"https:\/\/www.organisator.ch\/wp-content\/uploads\/2017\/09\/Gerald-Brandt-wird-neuer-Director-Human-Resources-von-Kelly-Services_Organisator.jpg 505w, https:\/\/www.organisator.ch\/wp-content\/uploads\/2017\/09\/Gerald-Brandt-wird-neuer-Director-Human-Resources-von-Kelly-Services_Organisator-13x12.jpg 13w, https:\/\/www.organisator.ch\/wp-content\/uploads\/2017\/09\/Gerald-Brandt-wird-neuer-Director-Human-Resources-von-Kelly-Services_Organisator-184x175.jpg 184w, https:\/\/www.organisator.ch\/wp-content\/uploads\/2017\/09\/Gerald-Brandt-wird-neuer-Director-Human-Resources-von-Kelly-Services_Organisator-368x350.jpg 368w, https:\/\/www.organisator.ch\/wp-content\/uploads\/2017\/09\/Gerald-Brandt-wird-neuer-Director-Human-Resources-von-Kelly-Services_Organisator-300x285.jpg 300w\" sizes=\"auto, (max-width: 505px) 100vw, 505px\" \/><figcaption id=\"caption-attachment-2477\" class=\"wp-caption-text\">G\u00e9rald Brandt is Kelly Services' new director of human resources as of October 1, 2017. (Image: zVg)<\/figcaption><\/figure>\n<p>G\u00e9rald Brandt studied at the \"Haute Ecole d'Ing\u00e9nierie et de Gestion du Canton de Vaud\" (HEIG-VD) and holds a Master in Human Resources Management. He brings many years of sustainable and successful experience in Human Resources Management, which he gained in various national and international companies. His last position was Director Human Resources at the Fribourg Hospital. Before that, he worked for many years at Protectas SA, but also at companies such as Saint-Gobain or BG Ing\u00e9nieurs Conseils SA. In all positions, he was also a highly valued member of the respective general managements. G\u00e9rald Brandt speaks German, French and English and has a very broad network in associations and in HR expert bodies throughout Switzerland. He is married and father of two children.<\/p>\n<p><em>Source: <a href=\"http:\/\/www.kellyservices.ch\">Kelly Services<\/a><\/em><\/p>\n<p>&nbsp;<\/p>","protected":false},"excerpt":{"rendered":"<p>G\u00e9rald Brandt hat an der \u00abHaute Ecole d&#8217;Ing\u00e9nierie et de Gestion du Canton de Vaud\u00bb (HEIG-VD) studiert und verf\u00fcgt zus\u00e4tzlich \u00fcber einen Master in Human Resources Management. Er bringt viele Jahre nachhaltige sowie erfolgreiche Erfahrung im Human Resources Management mit, welches er in unterschiedlichen nationalen sowie internationalen Unternehmungen gesammelt hat. Zuletzt war er als Direktor [&hellip;]<\/p>\n","protected":false},"author":4,"featured_media":2477,"comment_status":"open","ping_status":"open","sticky":false,"template":"","format":"standard","meta":{"_acf_changed":false,"_yoast_wpseo_focuskw":"G\u00e9rald Brandt","_yoast_wpseo_metadesc":"G\u00e9rald Brandt (44) wird ab 1. Oktober 2017 die Position als \u00abDirector Human Resources\u00bb von Kelly Services in der Schweiz \u00fcbernehmen.","articlekey":"","footnotes":""},"categories":[26],"tags":[254,381,492],"class_list":["post-2476","post","type-post","status-publish","format-standard","has-post-thumbnail","hentry","category-hrm","tag-hrm","tag-personalia","tag-unternehmen"],"acf":[],"yoast_head":"<!-- This site is optimized with the Yoast SEO plugin v27.5 - https:\/\/yoast.com\/product\/yoast-seo-wordpress\/ -->\n<title>G\u00e9rald Brandt wird neuer Director Human Resources von Kelly Services - Organisator<\/title>\n<meta name=\"description\" content=\"G\u00e9rald Brandt (44) wird ab 1. Oktober 2017 die Position als \u00abDirector Human Resources\u00bb von Kelly Services in der Schweiz \u00fcbernehmen.\" \/>\n<meta name=\"robots\" content=\"index, follow, max-snippet:-1, max-image-preview:large, max-video-preview:-1\" \/>\n<link rel=\"canonical\" href=\"https:\/\/www.organisator.ch\/en\/human-resources\/hrm\/2017-09-26\/gerald-brandt-wird-neuer-director-human-resources-von-kelly-services\/\" \/>\n<meta property=\"og:locale\" content=\"en_US\" \/>\n<meta property=\"og:type\" content=\"article\" \/>\n<meta property=\"og:title\" content=\"G\u00e9rald Brandt wird neuer Director Human Resources von Kelly Services\" \/>\n<meta property=\"og:description\" content=\"G\u00e9rald Brandt (44) wird ab 1. Oktober 2017 die Position als \u00abDirector Human Resources\u00bb von #Kelly Services in der Schweiz \u00fcbernehmen.\" \/>\n<meta property=\"og:url\" content=\"https:\/\/www.organisator.ch\/en\/human-resources\/hrm\/2017-09-26\/gerald-brandt-wird-neuer-director-human-resources-von-kelly-services\/\" \/>\n<meta property=\"og:site_name\" content=\"Organisator\" \/>\n<meta property=\"article:publisher\" content=\"https:\/\/www.facebook.com\/OrganisatorFachmagazin\" \/>\n<meta property=\"article:published_time\" content=\"2017-09-26T07:11:28+00:00\" \/>\n<meta property=\"og:image\" content=\"https:\/\/www.organisator.ch\/wp-content\/uploads\/2017\/09\/Gerald-Brandt-wird-neuer-Director-Human-Resources-von-Kelly-Services_Organisator.jpg\" \/>\n\t<meta property=\"og:image:width\" content=\"505\" \/>\n\t<meta property=\"og:image:height\" content=\"480\" \/>\n\t<meta property=\"og:image:type\" content=\"image\/jpeg\" \/>\n<meta name=\"author\" content=\"thomas.berner\" \/>\n<meta name=\"twitter:card\" content=\"summary_large_image\" \/>\n<script type=\"application\/ld+json\" class=\"yoast-schema-graph\">{\"@context\":\"https:\\\/\\\/schema.org\",\"@graph\":[{\"@type\":\"Article\",\"@id\":\"https:\\\/\\\/www.organisator.ch\\\/human-resources\\\/hrm\\\/2017-09-26\\\/gerald-brandt-wird-neuer-director-human-resources-von-kelly-services\\\/#article\",\"isPartOf\":{\"@id\":\"https:\\\/\\\/www.organisator.ch\\\/human-resources\\\/hrm\\\/2017-09-26\\\/gerald-brandt-wird-neuer-director-human-resources-von-kelly-services\\\/\"},\"author\":{\"name\":\"thomas.berner\",\"@id\":\"https:\\\/\\\/www.organisator.ch\\\/#\\\/schema\\\/person\\\/6f650f90b2842cd4c0cc334b4e36f67e\"},\"headline\":\"G\u00e9rald Brandt wird neuer Director Human Resources von Kelly Services\",\"datePublished\":\"2017-09-26T07:11:28+00:00\",\"mainEntityOfPage\":{\"@id\":\"https:\\\/\\\/www.organisator.ch\\\/human-resources\\\/hrm\\\/2017-09-26\\\/gerald-brandt-wird-neuer-director-human-resources-von-kelly-services\\\/\"},\"wordCount\":172,\"commentCount\":0,\"publisher\":{\"@id\":\"https:\\\/\\\/www.organisator.ch\\\/#organization\"},\"image\":{\"@id\":\"https:\\\/\\\/www.organisator.ch\\\/human-resources\\\/hrm\\\/2017-09-26\\\/gerald-brandt-wird-neuer-director-human-resources-von-kelly-services\\\/#primaryimage\"},\"thumbnailUrl\":\"https:\\\/\\\/www.organisator.ch\\\/wp-content\\\/uploads\\\/2017\\\/09\\\/Gerald-Brandt-wird-neuer-Director-Human-Resources-von-Kelly-Services_Organisator.jpg\",\"keywords\":[\"HRM\",\"Personalia\",\"Unternehmen\"],\"articleSection\":[\"HRM\"],\"inLanguage\":\"en-US\"},{\"@type\":\"WebPage\",\"@id\":\"https:\\\/\\\/www.organisator.ch\\\/human-resources\\\/hrm\\\/2017-09-26\\\/gerald-brandt-wird-neuer-director-human-resources-von-kelly-services\\\/\",\"url\":\"https:\\\/\\\/www.organisator.ch\\\/human-resources\\\/hrm\\\/2017-09-26\\\/gerald-brandt-wird-neuer-director-human-resources-von-kelly-services\\\/\",\"name\":\"G\u00e9rald Brandt wird neuer Director Human Resources von Kelly Services - Organisator\",\"isPartOf\":{\"@id\":\"https:\\\/\\\/www.organisator.ch\\\/#website\"},\"primaryImageOfPage\":{\"@id\":\"https:\\\/\\\/www.organisator.ch\\\/human-resources\\\/hrm\\\/2017-09-26\\\/gerald-brandt-wird-neuer-director-human-resources-von-kelly-services\\\/#primaryimage\"},\"image\":{\"@id\":\"https:\\\/\\\/www.organisator.ch\\\/human-resources\\\/hrm\\\/2017-09-26\\\/gerald-brandt-wird-neuer-director-human-resources-von-kelly-services\\\/#primaryimage\"},\"thumbnailUrl\":\"https:\\\/\\\/www.organisator.ch\\\/wp-content\\\/uploads\\\/2017\\\/09\\\/Gerald-Brandt-wird-neuer-Director-Human-Resources-von-Kelly-Services_Organisator.jpg\",\"datePublished\":\"2017-09-26T07:11:28+00:00\",\"description\":\"G\u00e9rald Brandt (44) wird ab 1. Oktober 2017 die Position als \u00abDirector Human Resources\u00bb von Kelly Services in der Schweiz \u00fcbernehmen.\",\"breadcrumb\":{\"@id\":\"https:\\\/\\\/www.organisator.ch\\\/human-resources\\\/hrm\\\/2017-09-26\\\/gerald-brandt-wird-neuer-director-human-resources-von-kelly-services\\\/#breadcrumb\"},\"inLanguage\":\"en-US\",\"potentialAction\":[{\"@type\":\"ReadAction\",\"target\":[\"https:\\\/\\\/www.organisator.ch\\\/human-resources\\\/hrm\\\/2017-09-26\\\/gerald-brandt-wird-neuer-director-human-resources-von-kelly-services\\\/\"]}]},{\"@type\":\"ImageObject\",\"inLanguage\":\"en-US\",\"@id\":\"https:\\\/\\\/www.organisator.ch\\\/human-resources\\\/hrm\\\/2017-09-26\\\/gerald-brandt-wird-neuer-director-human-resources-von-kelly-services\\\/#primaryimage\",\"url\":\"https:\\\/\\\/www.organisator.ch\\\/wp-content\\\/uploads\\\/2017\\\/09\\\/Gerald-Brandt-wird-neuer-Director-Human-Resources-von-Kelly-Services_Organisator.jpg\",\"contentUrl\":\"https:\\\/\\\/www.organisator.ch\\\/wp-content\\\/uploads\\\/2017\\\/09\\\/Gerald-Brandt-wird-neuer-Director-Human-Resources-von-Kelly-Services_Organisator.jpg\",\"width\":505,\"height\":480,\"caption\":\"G\u00e9rald Brandt ist ab 1. Oktober 2017 neuer Director Human Resources von Kelly Services. (Bild: zVg)\"},{\"@type\":\"BreadcrumbList\",\"@id\":\"https:\\\/\\\/www.organisator.ch\\\/human-resources\\\/hrm\\\/2017-09-26\\\/gerald-brandt-wird-neuer-director-human-resources-von-kelly-services\\\/#breadcrumb\",\"itemListElement\":[{\"@type\":\"ListItem\",\"position\":1,\"name\":\"Home\",\"item\":\"https:\\\/\\\/www.organisator.ch\\\/\"},{\"@type\":\"ListItem\",\"position\":2,\"name\":\"G\u00e9rald Brandt wird neuer Director Human Resources von Kelly Services\"}]},{\"@type\":\"WebSite\",\"@id\":\"https:\\\/\\\/www.organisator.ch\\\/#website\",\"url\":\"https:\\\/\\\/www.organisator.ch\\\/\",\"name\":\"Organisator\",\"description\":\"Kompetent. Praxisnah. Der ORGANISATOR bereitet in 10 Ausgaben pro Jahr die wesentlichen Themen f\u00fcr F\u00fchrungskr\u00e4fte von KMU auf.\",\"publisher\":{\"@id\":\"https:\\\/\\\/www.organisator.ch\\\/#organization\"},\"potentialAction\":[{\"@type\":\"SearchAction\",\"target\":{\"@type\":\"EntryPoint\",\"urlTemplate\":\"https:\\\/\\\/www.organisator.ch\\\/?s={search_term_string}\"},\"query-input\":{\"@type\":\"PropertyValueSpecification\",\"valueRequired\":true,\"valueName\":\"search_term_string\"}}],\"inLanguage\":\"en-US\"},{\"@type\":\"Organization\",\"@id\":\"https:\\\/\\\/www.organisator.ch\\\/#organization\",\"name\":\"Organisator\",\"url\":\"https:\\\/\\\/www.organisator.ch\\\/\",\"logo\":{\"@type\":\"ImageObject\",\"inLanguage\":\"en-US\",\"@id\":\"https:\\\/\\\/www.organisator.ch\\\/#\\\/schema\\\/logo\\\/image\\\/\",\"url\":\"https:\\\/\\\/www.organisator.ch\\\/wp-content\\\/uploads\\\/2022\\\/01\\\/Logo_Organisator_Website.png\",\"contentUrl\":\"https:\\\/\\\/www.organisator.ch\\\/wp-content\\\/uploads\\\/2022\\\/01\\\/Logo_Organisator_Website.png\",\"width\":800,\"height\":77,\"caption\":\"Organisator\"},\"image\":{\"@id\":\"https:\\\/\\\/www.organisator.ch\\\/#\\\/schema\\\/logo\\\/image\\\/\"},\"sameAs\":[\"https:\\\/\\\/www.facebook.com\\\/OrganisatorFachmagazin\",\"https:\\\/\\\/www.linkedin.com\\\/showcase\\\/organisator-das-magazin-fr-kmu\",\"https:\\\/\\\/www.xing.com\\\/news\\\/pages\\\/organisator-ch-695\",\"https:\\\/\\\/www.youtube.com\\\/channel\\\/UCGP2Sq0iWaZwT3BdIAQFYpw\"]},{\"@type\":\"Person\",\"@id\":\"https:\\\/\\\/www.organisator.ch\\\/#\\\/schema\\\/person\\\/6f650f90b2842cd4c0cc334b4e36f67e\",\"name\":\"thomas.berner\",\"image\":{\"@type\":\"ImageObject\",\"inLanguage\":\"en-US\",\"@id\":\"https:\\\/\\\/secure.gravatar.com\\\/avatar\\\/ac5001d2a36cb6c6cd3e50789007ffca834b477b74a2144564522e944eabff61?s=96&d=mm&r=g\",\"url\":\"https:\\\/\\\/secure.gravatar.com\\\/avatar\\\/ac5001d2a36cb6c6cd3e50789007ffca834b477b74a2144564522e944eabff61?s=96&d=mm&r=g\",\"contentUrl\":\"https:\\\/\\\/secure.gravatar.com\\\/avatar\\\/ac5001d2a36cb6c6cd3e50789007ffca834b477b74a2144564522e944eabff61?s=96&d=mm&r=g\",\"caption\":\"thomas.berner\"},\"url\":\"https:\\\/\\\/www.organisator.ch\\\/en\\\/author\\\/thomas-berner\\\/\"}]}<\/script>\n<!-- \/ Yoast SEO plugin. -->","yoast_head_json":{"title":"G\u00e9rald Brandt becomes new Director Human Resources of Kelly Services - Organizer","description":"G\u00e9rald Brandt (44) will take over the position as \"Director Human Resources\" of Kelly Services in Switzerland as of October 1, 2017.","robots":{"index":"index","follow":"follow","max-snippet":"max-snippet:-1","max-image-preview":"max-image-preview:large","max-video-preview":"max-video-preview:-1"},"canonical":"https:\/\/www.organisator.ch\/en\/human-resources\/hrm\/2017-09-26\/gerald-brandt-wird-neuer-director-human-resources-von-kelly-services\/","og_locale":"en_US","og_type":"article","og_title":"G\u00e9rald Brandt wird neuer Director Human Resources von Kelly Services","og_description":"G\u00e9rald Brandt (44) wird ab 1. Oktober 2017 die Position als \u00abDirector Human Resources\u00bb von #Kelly Services in der Schweiz \u00fcbernehmen.","og_url":"https:\/\/www.organisator.ch\/en\/human-resources\/hrm\/2017-09-26\/gerald-brandt-wird-neuer-director-human-resources-von-kelly-services\/","og_site_name":"Organisator","article_publisher":"https:\/\/www.facebook.com\/OrganisatorFachmagazin","article_published_time":"2017-09-26T07:11:28+00:00","og_image":[{"width":505,"height":480,"url":"https:\/\/www.organisator.ch\/wp-content\/uploads\/2017\/09\/Gerald-Brandt-wird-neuer-Director-Human-Resources-von-Kelly-Services_Organisator.jpg","type":"image\/jpeg"}],"author":"thomas.berner","twitter_card":"summary_large_image","schema":{"@context":"https:\/\/schema.org","@graph":[{"@type":"Article","@id":"https:\/\/www.organisator.ch\/human-resources\/hrm\/2017-09-26\/gerald-brandt-wird-neuer-director-human-resources-von-kelly-services\/#article","isPartOf":{"@id":"https:\/\/www.organisator.ch\/human-resources\/hrm\/2017-09-26\/gerald-brandt-wird-neuer-director-human-resources-von-kelly-services\/"},"author":{"name":"thomas.berner","@id":"https:\/\/www.organisator.ch\/#\/schema\/person\/6f650f90b2842cd4c0cc334b4e36f67e"},"headline":"G\u00e9rald Brandt wird neuer Director Human Resources von Kelly Services","datePublished":"2017-09-26T07:11:28+00:00","mainEntityOfPage":{"@id":"https:\/\/www.organisator.ch\/human-resources\/hrm\/2017-09-26\/gerald-brandt-wird-neuer-director-human-resources-von-kelly-services\/"},"wordCount":172,"commentCount":0,"publisher":{"@id":"https:\/\/www.organisator.ch\/#organization"},"image":{"@id":"https:\/\/www.organisator.ch\/human-resources\/hrm\/2017-09-26\/gerald-brandt-wird-neuer-director-human-resources-von-kelly-services\/#primaryimage"},"thumbnailUrl":"https:\/\/www.organisator.ch\/wp-content\/uploads\/2017\/09\/Gerald-Brandt-wird-neuer-Director-Human-Resources-von-Kelly-Services_Organisator.jpg","keywords":["HRM","Personalia","Unternehmen"],"articleSection":["HRM"],"inLanguage":"en-US"},{"@type":"WebPage","@id":"https:\/\/www.organisator.ch\/human-resources\/hrm\/2017-09-26\/gerald-brandt-wird-neuer-director-human-resources-von-kelly-services\/","url":"https:\/\/www.organisator.ch\/human-resources\/hrm\/2017-09-26\/gerald-brandt-wird-neuer-director-human-resources-von-kelly-services\/","name":"G\u00e9rald Brandt becomes new Director Human Resources of Kelly Services - Organizer","isPartOf":{"@id":"https:\/\/www.organisator.ch\/#website"},"primaryImageOfPage":{"@id":"https:\/\/www.organisator.ch\/human-resources\/hrm\/2017-09-26\/gerald-brandt-wird-neuer-director-human-resources-von-kelly-services\/#primaryimage"},"image":{"@id":"https:\/\/www.organisator.ch\/human-resources\/hrm\/2017-09-26\/gerald-brandt-wird-neuer-director-human-resources-von-kelly-services\/#primaryimage"},"thumbnailUrl":"https:\/\/www.organisator.ch\/wp-content\/uploads\/2017\/09\/Gerald-Brandt-wird-neuer-Director-Human-Resources-von-Kelly-Services_Organisator.jpg","datePublished":"2017-09-26T07:11:28+00:00","description":"G\u00e9rald Brandt (44) will take over the position as \"Director Human Resources\" of Kelly Services in Switzerland as of October 1, 2017.","breadcrumb":{"@id":"https:\/\/www.organisator.ch\/human-resources\/hrm\/2017-09-26\/gerald-brandt-wird-neuer-director-human-resources-von-kelly-services\/#breadcrumb"},"inLanguage":"en-US","potentialAction":[{"@type":"ReadAction","target":["https:\/\/www.organisator.ch\/human-resources\/hrm\/2017-09-26\/gerald-brandt-wird-neuer-director-human-resources-von-kelly-services\/"]}]},{"@type":"ImageObject","inLanguage":"en-US","@id":"https:\/\/www.organisator.ch\/human-resources\/hrm\/2017-09-26\/gerald-brandt-wird-neuer-director-human-resources-von-kelly-services\/#primaryimage","url":"https:\/\/www.organisator.ch\/wp-content\/uploads\/2017\/09\/Gerald-Brandt-wird-neuer-Director-Human-Resources-von-Kelly-Services_Organisator.jpg","contentUrl":"https:\/\/www.organisator.ch\/wp-content\/uploads\/2017\/09\/Gerald-Brandt-wird-neuer-Director-Human-Resources-von-Kelly-Services_Organisator.jpg","width":505,"height":480,"caption":"G\u00e9rald Brandt ist ab 1. Oktober 2017 neuer Director Human Resources von Kelly Services. (Bild: zVg)"},{"@type":"BreadcrumbList","@id":"https:\/\/www.organisator.ch\/human-resources\/hrm\/2017-09-26\/gerald-brandt-wird-neuer-director-human-resources-von-kelly-services\/#breadcrumb","itemListElement":[{"@type":"ListItem","position":1,"name":"Home","item":"https:\/\/www.organisator.ch\/"},{"@type":"ListItem","position":2,"name":"G\u00e9rald Brandt wird neuer Director Human Resources von Kelly Services"}]},{"@type":"WebSite","@id":"https:\/\/www.organisator.ch\/#website","url":"https:\/\/www.organisator.ch\/","name":"Organizer","description":"Competent. Practical. In 10 issues per year, ORGANISATOR presents the essential topics for managers of SMEs.","publisher":{"@id":"https:\/\/www.organisator.ch\/#organization"},"potentialAction":[{"@type":"SearchAction","target":{"@type":"EntryPoint","urlTemplate":"https:\/\/www.organisator.ch\/?s={search_term_string}"},"query-input":{"@type":"PropertyValueSpecification","valueRequired":true,"valueName":"search_term_string"}}],"inLanguage":"en-US"},{"@type":"Organization","@id":"https:\/\/www.organisator.ch\/#organization","name":"Organizer","url":"https:\/\/www.organisator.ch\/","logo":{"@type":"ImageObject","inLanguage":"en-US","@id":"https:\/\/www.organisator.ch\/#\/schema\/logo\/image\/","url":"https:\/\/www.organisator.ch\/wp-content\/uploads\/2022\/01\/Logo_Organisator_Website.png","contentUrl":"https:\/\/www.organisator.ch\/wp-content\/uploads\/2022\/01\/Logo_Organisator_Website.png","width":800,"height":77,"caption":"Organisator"},"image":{"@id":"https:\/\/www.organisator.ch\/#\/schema\/logo\/image\/"},"sameAs":["https:\/\/www.facebook.com\/OrganisatorFachmagazin","https:\/\/www.linkedin.com\/showcase\/organisator-das-magazin-fr-kmu","https:\/\/www.xing.com\/news\/pages\/organisator-ch-695","https:\/\/www.youtube.com\/channel\/UCGP2Sq0iWaZwT3BdIAQFYpw"]},{"@type":"Person","@id":"https:\/\/www.organisator.ch\/#\/schema\/person\/6f650f90b2842cd4c0cc334b4e36f67e","name":"thomas.berner","image":{"@type":"ImageObject","inLanguage":"en-US","@id":"https:\/\/secure.gravatar.com\/avatar\/ac5001d2a36cb6c6cd3e50789007ffca834b477b74a2144564522e944eabff61?s=96&d=mm&r=g","url":"https:\/\/secure.gravatar.com\/avatar\/ac5001d2a36cb6c6cd3e50789007ffca834b477b74a2144564522e944eabff61?s=96&d=mm&r=g","contentUrl":"https:\/\/secure.gravatar.com\/avatar\/ac5001d2a36cb6c6cd3e50789007ffca834b477b74a2144564522e944eabff61?s=96&d=mm&r=g","caption":"thomas.berner"},"url":"https:\/\/www.organisator.ch\/en\/author\/thomas-berner\/"}]}},"_links":{"self":[{"href":"https:\/\/www.organisator.ch\/en\/wp-json\/wp\/v2\/posts\/2476","targetHints":{"allow":["GET"]}}],"collection":[{"href":"https:\/\/www.organisator.ch\/en\/wp-json\/wp\/v2\/posts"}],"about":[{"href":"https:\/\/www.organisator.ch\/en\/wp-json\/wp\/v2\/types\/post"}],"author":[{"embeddable":true,"href":"https:\/\/www.organisator.ch\/en\/wp-json\/wp\/v2\/users\/4"}],"replies":[{"embeddable":true,"href":"https:\/\/www.organisator.ch\/en\/wp-json\/wp\/v2\/comments?post=2476"}],"version-history":[{"count":0,"href":"https:\/\/www.organisator.ch\/en\/wp-json\/wp\/v2\/posts\/2476\/revisions"}],"wp:featuredmedia":[{"embeddable":true,"href":"https:\/\/www.organisator.ch\/en\/wp-json\/wp\/v2\/media\/2477"}],"wp:attachment":[{"href":"https:\/\/www.organisator.ch\/en\/wp-json\/wp\/v2\/media?parent=2476"}],"wp:term":[{"taxonomy":"category","embeddable":true,"href":"https:\/\/www.organisator.ch\/en\/wp-json\/wp\/v2\/categories?post=2476"},{"taxonomy":"post_tag","embeddable":true,"href":"https:\/\/www.organisator.ch\/en\/wp-json\/wp\/v2\/tags?post=2476"}],"curies":[{"name":"wp","href":"https:\/\/api.w.org\/{rel}","templated":true}]}}