{"id":24769,"date":"2024-02-05T08:39:59","date_gmt":"2024-02-05T07:39:59","guid":{"rendered":"https:\/\/www.organisator.ch\/?p=24769"},"modified":"2024-02-05T08:39:59","modified_gmt":"2024-02-05T07:39:59","slug":"swiss-cloud-wird-teil-der-convotis-gruppe","status":"publish","type":"post","link":"https:\/\/www.organisator.ch\/en\/management\/2024-02-05\/swiss-cloud-wird-teil-der-convotis-gruppe\/","title":{"rendered":"Swiss Cloud becomes part of the Convotis Group"},"content":{"rendered":"<figure id=\"attachment_24770\" aria-describedby=\"caption-attachment-24770\" style=\"width: 680px\" class=\"wp-caption alignnone\"><img loading=\"lazy\" decoding=\"async\" class=\"size-full wp-image-24770\" src=\"https:\/\/www.organisator.ch\/wp-content\/uploads\/2024\/02\/Convotis_Bild1_ps.jpg\" alt=\"\" width=\"680\" height=\"453\" srcset=\"https:\/\/www.organisator.ch\/wp-content\/uploads\/2024\/02\/Convotis_Bild1_ps.jpg 680w, https:\/\/www.organisator.ch\/wp-content\/uploads\/2024\/02\/Convotis_Bild1_ps-18x12.jpg 18w, https:\/\/www.organisator.ch\/wp-content\/uploads\/2024\/02\/Convotis_Bild1_ps-375x250.jpg 375w, https:\/\/www.organisator.ch\/wp-content\/uploads\/2024\/02\/Convotis_Bild1_ps-525x350.jpg 525w\" sizes=\"auto, (max-width: 680px) 100vw, 680px\" \/><figcaption id=\"caption-attachment-24770\" class=\"wp-caption-text\">swiss cloud computing ag becomes part of the Convotis Group. (Image: www.pexels.com)<\/figcaption><\/figure>\n<p>Convotis acquired all shares in swiss cloud computing ag at the end of January with retroactive effect from September 30, 2023. Existing customers can continue to count on the tried-and-tested services of Swiss Cloud, and the contacts will also remain unchanged.<\/p>\n<p>Since it was founded in 2013, swiss cloud computing ag, based in Zurich, has developed into the leading Swiss cloud provider for independent software providers and ICT resellers with a focus on SMEs. The company has benefited from strong growth in the past two years in particular, doubling the number of Swiss Cloud users to around 20,000 in 2022. With the retroactive takeover by the Convotis Group at the end of September 2023, swiss cloud computing ag and its services will be integrated into an internationally successful company. The founder and CEO of swiss cloud computing ag, Vito Critti, announced the move abroad last year. The integration into a group of companies active in nine countries means that swiss cloud computing ag's solutions will benefit from already established sales channels. With the acquisition, Convotis is strengthening its expertise in cloud computing and digital platforms as well as its presence in Switzerland.<\/p>\n<p>Convotis is taking over all employees of swiss cloud computing ag. Service, performance and contacts will therefore remain unchanged for all Swiss Cloud users. The server location with data storage in Switzerland will also remain the same. Swiss Cloud founder Vito Critti will become a member of the Executive Board and Chief Sales Officer of Convotis in Switzerland. Convotis' customers include the international technology and mechanical engineering company Palfinger, the logistics company DB Schenker and the Langenthal-based mechanical engineering group Ammann.<\/p>\n<p>Vito Critti, founder and CEO of swiss cloud computing ag, on the future under a new umbrella: \"swiss cloud computing ag has reached a critical size thanks to its growth in recent years. Integration into a company that is already operating successfully internationally is the best solution for rolling out the range of services in other markets while continuing to serve the domestic market with the usual stability and security. I am delighted that our customers can continue to rely on the services of their existing contacts and at the same time benefit from even more opportunities. At the same time, I would like to thank them for their great trust over the past few years, without which we would not have been able to write this success story.\"<\/p>\n<p>Jos\u00e9 Lopez, Managing Director of Convotis' Swiss business, adds: \"With Swiss Cloud, we are acquiring a major player in the Swiss cloud B2B market. This is an important step for Convotis to further strengthen our foothold in Switzerland. We look forward to working with our new colleagues.\"<\/p>\n<p><em>Source: <a href=\"http:\/\/www.swiss.cloud\">www.swiss.cloud<\/a><\/em><\/p>","protected":false},"excerpt":{"rendered":"<p>swiss cloud computing ag, the Swiss cloud provider for independent software vendors and ICT resellers with a focus on SMEs, is becoming part of the Convotis Group, an international IT service provider for business solutions, digital platform solutions and managed IT services. This creates the basis for scaling the services of Swiss Cloud in the European market. <\/p>","protected":false},"author":58,"featured_media":24770,"comment_status":"closed","ping_status":"closed","sticky":false,"template":"","format":"standard","meta":{"_acf_changed":false,"_yoast_wpseo_focuskw":"Convotis","_yoast_wpseo_metadesc":"Die swiss cloud computing ag, der Schweizer Cloud- Provider f\u00fcr unabh\u00e4ngige Software-Anbieter und ICT-Reseller mit Fokus KMU, wird Teil der Convotis Gruppe.","articlekey":"","footnotes":""},"categories":[28],"tags":[123,334,424,492],"class_list":["post-24769","post","type-post","status-publish","format-standard","has-post-thumbnail","hentry","category-management","tag-cloud-computing","tag-management","tag-schweiz","tag-unternehmen"],"acf":[],"yoast_head":"<!-- This site is optimized with the Yoast SEO plugin v27.5 - https:\/\/yoast.com\/product\/yoast-seo-wordpress\/ -->\n<title>Swiss Cloud wird Teil der Convotis Gruppe - Organisator<\/title>\n<meta name=\"description\" content=\"Die swiss cloud computing ag, der Schweizer Cloud- Provider f\u00fcr unabh\u00e4ngige Software-Anbieter und ICT-Reseller mit Fokus KMU, wird Teil der Convotis Gruppe.\" \/>\n<meta name=\"robots\" content=\"index, follow, max-snippet:-1, max-image-preview:large, max-video-preview:-1\" \/>\n<link rel=\"canonical\" href=\"https:\/\/www.organisator.ch\/en\/management\/2024-02-05\/swiss-cloud-wird-teil-der-convotis-gruppe\/\" \/>\n<meta property=\"og:locale\" content=\"en_US\" \/>\n<meta property=\"og:type\" content=\"article\" \/>\n<meta property=\"og:title\" content=\"Swiss Cloud wird Teil der Convotis Gruppe\" \/>\n<meta property=\"og:description\" content=\"Die swiss cloud computing ag, der Schweizer Cloud- Provider f\u00fcr unabh\u00e4ngige Software-Anbieter und ICT-Reseller mit Fokus KMU, wird Teil der Convotis Gruppe.\" \/>\n<meta property=\"og:url\" content=\"https:\/\/www.organisator.ch\/en\/management\/2024-02-05\/swiss-cloud-wird-teil-der-convotis-gruppe\/\" \/>\n<meta property=\"og:site_name\" content=\"Organisator\" \/>\n<meta property=\"article:publisher\" content=\"https:\/\/www.facebook.com\/OrganisatorFachmagazin\" \/>\n<meta property=\"article:published_time\" content=\"2024-02-05T07:39:59+00:00\" \/>\n<meta property=\"og:image\" content=\"https:\/\/www.organisator.ch\/wp-content\/uploads\/2024\/02\/Convotis_Bild1_ps.jpg\" \/>\n\t<meta property=\"og:image:width\" content=\"680\" \/>\n\t<meta property=\"og:image:height\" content=\"453\" \/>\n\t<meta property=\"og:image:type\" content=\"image\/jpeg\" \/>\n<meta name=\"author\" content=\"Adelisa Kalajdzini\" \/>\n<meta name=\"twitter:card\" content=\"summary_large_image\" \/>\n<meta name=\"twitter:title\" content=\"Swiss Cloud wird Teil der Convotis Gruppe\" \/>\n<meta name=\"twitter:description\" content=\"Die #swiss #cloud #computing ag, der Schweizer Cloud- Provider f\u00fcr unabh\u00e4ngige Software-Anbieter und ICT-Reseller mit Fokus #KMU, wird Teil der #Convotis Gruppe.\" \/>\n<meta name=\"twitter:image\" content=\"https:\/\/www.organisator.ch\/wp-content\/uploads\/2024\/02\/Convotis_Bild1_ps.jpg\" \/>\n<script type=\"application\/ld+json\" class=\"yoast-schema-graph\">{\"@context\":\"https:\\\/\\\/schema.org\",\"@graph\":[{\"@type\":\"Article\",\"@id\":\"https:\\\/\\\/www.organisator.ch\\\/management\\\/2024-02-05\\\/swiss-cloud-wird-teil-der-convotis-gruppe\\\/#article\",\"isPartOf\":{\"@id\":\"https:\\\/\\\/www.organisator.ch\\\/management\\\/2024-02-05\\\/swiss-cloud-wird-teil-der-convotis-gruppe\\\/\"},\"author\":{\"name\":\"Adelisa Kalajdzini\",\"@id\":\"https:\\\/\\\/www.organisator.ch\\\/#\\\/schema\\\/person\\\/2e1314a2172123f874db408d8911d3f3\"},\"headline\":\"Swiss Cloud wird Teil der Convotis Gruppe\",\"datePublished\":\"2024-02-05T07:39:59+00:00\",\"mainEntityOfPage\":{\"@id\":\"https:\\\/\\\/www.organisator.ch\\\/management\\\/2024-02-05\\\/swiss-cloud-wird-teil-der-convotis-gruppe\\\/\"},\"wordCount\":481,\"publisher\":{\"@id\":\"https:\\\/\\\/www.organisator.ch\\\/#organization\"},\"image\":{\"@id\":\"https:\\\/\\\/www.organisator.ch\\\/management\\\/2024-02-05\\\/swiss-cloud-wird-teil-der-convotis-gruppe\\\/#primaryimage\"},\"thumbnailUrl\":\"https:\\\/\\\/www.organisator.ch\\\/wp-content\\\/uploads\\\/2024\\\/02\\\/Convotis_Bild1_ps.jpg\",\"keywords\":[\"Cloud Computing\",\"Management\",\"Schweiz\",\"Unternehmen\"],\"articleSection\":[\"MANAGEMENT\"],\"inLanguage\":\"en-US\"},{\"@type\":\"WebPage\",\"@id\":\"https:\\\/\\\/www.organisator.ch\\\/management\\\/2024-02-05\\\/swiss-cloud-wird-teil-der-convotis-gruppe\\\/\",\"url\":\"https:\\\/\\\/www.organisator.ch\\\/management\\\/2024-02-05\\\/swiss-cloud-wird-teil-der-convotis-gruppe\\\/\",\"name\":\"Swiss Cloud wird Teil der Convotis Gruppe - Organisator\",\"isPartOf\":{\"@id\":\"https:\\\/\\\/www.organisator.ch\\\/#website\"},\"primaryImageOfPage\":{\"@id\":\"https:\\\/\\\/www.organisator.ch\\\/management\\\/2024-02-05\\\/swiss-cloud-wird-teil-der-convotis-gruppe\\\/#primaryimage\"},\"image\":{\"@id\":\"https:\\\/\\\/www.organisator.ch\\\/management\\\/2024-02-05\\\/swiss-cloud-wird-teil-der-convotis-gruppe\\\/#primaryimage\"},\"thumbnailUrl\":\"https:\\\/\\\/www.organisator.ch\\\/wp-content\\\/uploads\\\/2024\\\/02\\\/Convotis_Bild1_ps.jpg\",\"datePublished\":\"2024-02-05T07:39:59+00:00\",\"description\":\"Die swiss cloud computing ag, der Schweizer Cloud- Provider f\u00fcr unabh\u00e4ngige Software-Anbieter und ICT-Reseller mit Fokus KMU, wird Teil der Convotis Gruppe.\",\"breadcrumb\":{\"@id\":\"https:\\\/\\\/www.organisator.ch\\\/management\\\/2024-02-05\\\/swiss-cloud-wird-teil-der-convotis-gruppe\\\/#breadcrumb\"},\"inLanguage\":\"en-US\",\"potentialAction\":[{\"@type\":\"ReadAction\",\"target\":[\"https:\\\/\\\/www.organisator.ch\\\/management\\\/2024-02-05\\\/swiss-cloud-wird-teil-der-convotis-gruppe\\\/\"]}]},{\"@type\":\"ImageObject\",\"inLanguage\":\"en-US\",\"@id\":\"https:\\\/\\\/www.organisator.ch\\\/management\\\/2024-02-05\\\/swiss-cloud-wird-teil-der-convotis-gruppe\\\/#primaryimage\",\"url\":\"https:\\\/\\\/www.organisator.ch\\\/wp-content\\\/uploads\\\/2024\\\/02\\\/Convotis_Bild1_ps.jpg\",\"contentUrl\":\"https:\\\/\\\/www.organisator.ch\\\/wp-content\\\/uploads\\\/2024\\\/02\\\/Convotis_Bild1_ps.jpg\",\"width\":680,\"height\":453,\"caption\":\"Die swiss cloud computing ag wird Teil der Convotis Gruppe. (Bild: www.pexels.com)\"},{\"@type\":\"BreadcrumbList\",\"@id\":\"https:\\\/\\\/www.organisator.ch\\\/management\\\/2024-02-05\\\/swiss-cloud-wird-teil-der-convotis-gruppe\\\/#breadcrumb\",\"itemListElement\":[{\"@type\":\"ListItem\",\"position\":1,\"name\":\"Home\",\"item\":\"https:\\\/\\\/www.organisator.ch\\\/\"},{\"@type\":\"ListItem\",\"position\":2,\"name\":\"Swiss Cloud wird Teil der Convotis Gruppe\"}]},{\"@type\":\"WebSite\",\"@id\":\"https:\\\/\\\/www.organisator.ch\\\/#website\",\"url\":\"https:\\\/\\\/www.organisator.ch\\\/\",\"name\":\"Organisator\",\"description\":\"Kompetent. Praxisnah. Der ORGANISATOR bereitet in 10 Ausgaben pro Jahr die wesentlichen Themen f\u00fcr F\u00fchrungskr\u00e4fte von KMU auf.\",\"publisher\":{\"@id\":\"https:\\\/\\\/www.organisator.ch\\\/#organization\"},\"potentialAction\":[{\"@type\":\"SearchAction\",\"target\":{\"@type\":\"EntryPoint\",\"urlTemplate\":\"https:\\\/\\\/www.organisator.ch\\\/?s={search_term_string}\"},\"query-input\":{\"@type\":\"PropertyValueSpecification\",\"valueRequired\":true,\"valueName\":\"search_term_string\"}}],\"inLanguage\":\"en-US\"},{\"@type\":\"Organization\",\"@id\":\"https:\\\/\\\/www.organisator.ch\\\/#organization\",\"name\":\"Organisator\",\"url\":\"https:\\\/\\\/www.organisator.ch\\\/\",\"logo\":{\"@type\":\"ImageObject\",\"inLanguage\":\"en-US\",\"@id\":\"https:\\\/\\\/www.organisator.ch\\\/#\\\/schema\\\/logo\\\/image\\\/\",\"url\":\"https:\\\/\\\/www.organisator.ch\\\/wp-content\\\/uploads\\\/2022\\\/01\\\/Logo_Organisator_Website.png\",\"contentUrl\":\"https:\\\/\\\/www.organisator.ch\\\/wp-content\\\/uploads\\\/2022\\\/01\\\/Logo_Organisator_Website.png\",\"width\":800,\"height\":77,\"caption\":\"Organisator\"},\"image\":{\"@id\":\"https:\\\/\\\/www.organisator.ch\\\/#\\\/schema\\\/logo\\\/image\\\/\"},\"sameAs\":[\"https:\\\/\\\/www.facebook.com\\\/OrganisatorFachmagazin\",\"https:\\\/\\\/www.linkedin.com\\\/showcase\\\/organisator-das-magazin-fr-kmu\",\"https:\\\/\\\/www.xing.com\\\/news\\\/pages\\\/organisator-ch-695\",\"https:\\\/\\\/www.youtube.com\\\/channel\\\/UCGP2Sq0iWaZwT3BdIAQFYpw\"]},{\"@type\":\"Person\",\"@id\":\"https:\\\/\\\/www.organisator.ch\\\/#\\\/schema\\\/person\\\/2e1314a2172123f874db408d8911d3f3\",\"name\":\"Adelisa Kalajdzini\",\"image\":{\"@type\":\"ImageObject\",\"inLanguage\":\"en-US\",\"@id\":\"https:\\\/\\\/secure.gravatar.com\\\/avatar\\\/09a397c22ac58cad6f160ee8306348599df9df58a8ede73696226897b9fa4b24?s=96&d=mm&r=g\",\"url\":\"https:\\\/\\\/secure.gravatar.com\\\/avatar\\\/09a397c22ac58cad6f160ee8306348599df9df58a8ede73696226897b9fa4b24?s=96&d=mm&r=g\",\"contentUrl\":\"https:\\\/\\\/secure.gravatar.com\\\/avatar\\\/09a397c22ac58cad6f160ee8306348599df9df58a8ede73696226897b9fa4b24?s=96&d=mm&r=g\",\"caption\":\"Adelisa Kalajdzini\"},\"url\":\"https:\\\/\\\/www.organisator.ch\\\/en\\\/author\\\/adelisa-kalajdzini\\\/\"}]}<\/script>\n<!-- \/ Yoast SEO plugin. -->","yoast_head_json":{"title":"Swiss Cloud becomes part of the Convotis Group - Organizer","description":"swiss cloud computing ag, the Swiss cloud provider for independent software vendors and ICT resellers with a focus on SMEs, becomes part of the Convotis Group.","robots":{"index":"index","follow":"follow","max-snippet":"max-snippet:-1","max-image-preview":"max-image-preview:large","max-video-preview":"max-video-preview:-1"},"canonical":"https:\/\/www.organisator.ch\/en\/management\/2024-02-05\/swiss-cloud-wird-teil-der-convotis-gruppe\/","og_locale":"en_US","og_type":"article","og_title":"Swiss Cloud wird Teil der Convotis Gruppe","og_description":"Die swiss cloud computing ag, der Schweizer Cloud- Provider f\u00fcr unabh\u00e4ngige Software-Anbieter und ICT-Reseller mit Fokus KMU, wird Teil der Convotis Gruppe.","og_url":"https:\/\/www.organisator.ch\/en\/management\/2024-02-05\/swiss-cloud-wird-teil-der-convotis-gruppe\/","og_site_name":"Organisator","article_publisher":"https:\/\/www.facebook.com\/OrganisatorFachmagazin","article_published_time":"2024-02-05T07:39:59+00:00","og_image":[{"width":680,"height":453,"url":"https:\/\/www.organisator.ch\/wp-content\/uploads\/2024\/02\/Convotis_Bild1_ps.jpg","type":"image\/jpeg"}],"author":"Adelisa Kalajdzini","twitter_card":"summary_large_image","twitter_title":"Swiss Cloud wird Teil der Convotis Gruppe","twitter_description":"Die #swiss #cloud #computing ag, der Schweizer Cloud- Provider f\u00fcr unabh\u00e4ngige Software-Anbieter und ICT-Reseller mit Fokus #KMU, wird Teil der #Convotis Gruppe.","twitter_image":"https:\/\/www.organisator.ch\/wp-content\/uploads\/2024\/02\/Convotis_Bild1_ps.jpg","schema":{"@context":"https:\/\/schema.org","@graph":[{"@type":"Article","@id":"https:\/\/www.organisator.ch\/management\/2024-02-05\/swiss-cloud-wird-teil-der-convotis-gruppe\/#article","isPartOf":{"@id":"https:\/\/www.organisator.ch\/management\/2024-02-05\/swiss-cloud-wird-teil-der-convotis-gruppe\/"},"author":{"name":"Adelisa Kalajdzini","@id":"https:\/\/www.organisator.ch\/#\/schema\/person\/2e1314a2172123f874db408d8911d3f3"},"headline":"Swiss Cloud wird Teil der Convotis Gruppe","datePublished":"2024-02-05T07:39:59+00:00","mainEntityOfPage":{"@id":"https:\/\/www.organisator.ch\/management\/2024-02-05\/swiss-cloud-wird-teil-der-convotis-gruppe\/"},"wordCount":481,"publisher":{"@id":"https:\/\/www.organisator.ch\/#organization"},"image":{"@id":"https:\/\/www.organisator.ch\/management\/2024-02-05\/swiss-cloud-wird-teil-der-convotis-gruppe\/#primaryimage"},"thumbnailUrl":"https:\/\/www.organisator.ch\/wp-content\/uploads\/2024\/02\/Convotis_Bild1_ps.jpg","keywords":["Cloud Computing","Management","Schweiz","Unternehmen"],"articleSection":["MANAGEMENT"],"inLanguage":"en-US"},{"@type":"WebPage","@id":"https:\/\/www.organisator.ch\/management\/2024-02-05\/swiss-cloud-wird-teil-der-convotis-gruppe\/","url":"https:\/\/www.organisator.ch\/management\/2024-02-05\/swiss-cloud-wird-teil-der-convotis-gruppe\/","name":"Swiss Cloud becomes part of the Convotis Group - Organizer","isPartOf":{"@id":"https:\/\/www.organisator.ch\/#website"},"primaryImageOfPage":{"@id":"https:\/\/www.organisator.ch\/management\/2024-02-05\/swiss-cloud-wird-teil-der-convotis-gruppe\/#primaryimage"},"image":{"@id":"https:\/\/www.organisator.ch\/management\/2024-02-05\/swiss-cloud-wird-teil-der-convotis-gruppe\/#primaryimage"},"thumbnailUrl":"https:\/\/www.organisator.ch\/wp-content\/uploads\/2024\/02\/Convotis_Bild1_ps.jpg","datePublished":"2024-02-05T07:39:59+00:00","description":"swiss cloud computing ag, the Swiss cloud provider for independent software vendors and ICT resellers with a focus on SMEs, becomes part of the Convotis Group.","breadcrumb":{"@id":"https:\/\/www.organisator.ch\/management\/2024-02-05\/swiss-cloud-wird-teil-der-convotis-gruppe\/#breadcrumb"},"inLanguage":"en-US","potentialAction":[{"@type":"ReadAction","target":["https:\/\/www.organisator.ch\/management\/2024-02-05\/swiss-cloud-wird-teil-der-convotis-gruppe\/"]}]},{"@type":"ImageObject","inLanguage":"en-US","@id":"https:\/\/www.organisator.ch\/management\/2024-02-05\/swiss-cloud-wird-teil-der-convotis-gruppe\/#primaryimage","url":"https:\/\/www.organisator.ch\/wp-content\/uploads\/2024\/02\/Convotis_Bild1_ps.jpg","contentUrl":"https:\/\/www.organisator.ch\/wp-content\/uploads\/2024\/02\/Convotis_Bild1_ps.jpg","width":680,"height":453,"caption":"Die swiss cloud computing ag wird Teil der Convotis Gruppe. (Bild: www.pexels.com)"},{"@type":"BreadcrumbList","@id":"https:\/\/www.organisator.ch\/management\/2024-02-05\/swiss-cloud-wird-teil-der-convotis-gruppe\/#breadcrumb","itemListElement":[{"@type":"ListItem","position":1,"name":"Home","item":"https:\/\/www.organisator.ch\/"},{"@type":"ListItem","position":2,"name":"Swiss Cloud wird Teil der Convotis Gruppe"}]},{"@type":"WebSite","@id":"https:\/\/www.organisator.ch\/#website","url":"https:\/\/www.organisator.ch\/","name":"Organizer","description":"Competent. Practical. In 10 issues per year, ORGANISATOR presents the essential topics for managers of SMEs.","publisher":{"@id":"https:\/\/www.organisator.ch\/#organization"},"potentialAction":[{"@type":"SearchAction","target":{"@type":"EntryPoint","urlTemplate":"https:\/\/www.organisator.ch\/?s={search_term_string}"},"query-input":{"@type":"PropertyValueSpecification","valueRequired":true,"valueName":"search_term_string"}}],"inLanguage":"en-US"},{"@type":"Organization","@id":"https:\/\/www.organisator.ch\/#organization","name":"Organizer","url":"https:\/\/www.organisator.ch\/","logo":{"@type":"ImageObject","inLanguage":"en-US","@id":"https:\/\/www.organisator.ch\/#\/schema\/logo\/image\/","url":"https:\/\/www.organisator.ch\/wp-content\/uploads\/2022\/01\/Logo_Organisator_Website.png","contentUrl":"https:\/\/www.organisator.ch\/wp-content\/uploads\/2022\/01\/Logo_Organisator_Website.png","width":800,"height":77,"caption":"Organisator"},"image":{"@id":"https:\/\/www.organisator.ch\/#\/schema\/logo\/image\/"},"sameAs":["https:\/\/www.facebook.com\/OrganisatorFachmagazin","https:\/\/www.linkedin.com\/showcase\/organisator-das-magazin-fr-kmu","https:\/\/www.xing.com\/news\/pages\/organisator-ch-695","https:\/\/www.youtube.com\/channel\/UCGP2Sq0iWaZwT3BdIAQFYpw"]},{"@type":"Person","@id":"https:\/\/www.organisator.ch\/#\/schema\/person\/2e1314a2172123f874db408d8911d3f3","name":"Adelisa Kalajdzini","image":{"@type":"ImageObject","inLanguage":"en-US","@id":"https:\/\/secure.gravatar.com\/avatar\/09a397c22ac58cad6f160ee8306348599df9df58a8ede73696226897b9fa4b24?s=96&d=mm&r=g","url":"https:\/\/secure.gravatar.com\/avatar\/09a397c22ac58cad6f160ee8306348599df9df58a8ede73696226897b9fa4b24?s=96&d=mm&r=g","contentUrl":"https:\/\/secure.gravatar.com\/avatar\/09a397c22ac58cad6f160ee8306348599df9df58a8ede73696226897b9fa4b24?s=96&d=mm&r=g","caption":"Adelisa Kalajdzini"},"url":"https:\/\/www.organisator.ch\/en\/author\/adelisa-kalajdzini\/"}]}},"_links":{"self":[{"href":"https:\/\/www.organisator.ch\/en\/wp-json\/wp\/v2\/posts\/24769","targetHints":{"allow":["GET"]}}],"collection":[{"href":"https:\/\/www.organisator.ch\/en\/wp-json\/wp\/v2\/posts"}],"about":[{"href":"https:\/\/www.organisator.ch\/en\/wp-json\/wp\/v2\/types\/post"}],"author":[{"embeddable":true,"href":"https:\/\/www.organisator.ch\/en\/wp-json\/wp\/v2\/users\/58"}],"replies":[{"embeddable":true,"href":"https:\/\/www.organisator.ch\/en\/wp-json\/wp\/v2\/comments?post=24769"}],"version-history":[{"count":5,"href":"https:\/\/www.organisator.ch\/en\/wp-json\/wp\/v2\/posts\/24769\/revisions"}],"predecessor-version":[{"id":24790,"href":"https:\/\/www.organisator.ch\/en\/wp-json\/wp\/v2\/posts\/24769\/revisions\/24790"}],"wp:featuredmedia":[{"embeddable":true,"href":"https:\/\/www.organisator.ch\/en\/wp-json\/wp\/v2\/media\/24770"}],"wp:attachment":[{"href":"https:\/\/www.organisator.ch\/en\/wp-json\/wp\/v2\/media?parent=24769"}],"wp:term":[{"taxonomy":"category","embeddable":true,"href":"https:\/\/www.organisator.ch\/en\/wp-json\/wp\/v2\/categories?post=24769"},{"taxonomy":"post_tag","embeddable":true,"href":"https:\/\/www.organisator.ch\/en\/wp-json\/wp\/v2\/tags?post=24769"}],"curies":[{"name":"wp","href":"https:\/\/api.w.org\/{rel}","templated":true}]}}