{"id":2478,"date":"2019-09-20T10:56:12","date_gmt":"2019-09-20T08:56:12","guid":{"rendered":"https:\/\/www.umweltperspektiven.ch\/?p=2478"},"modified":"2022-02-09T11:06:51","modified_gmt":"2022-02-09T10:06:51","slug":"rueckschau-2-tag-der-insekten-schweiz","status":"publish","type":"post","link":"https:\/\/www.organisator.ch\/en\/sustainability\/2019-09-20\/rueckschau-2-tag-der-insekten-schweiz\/","title":{"rendered":"Review: \"2nd Insect Day Switzerland\""},"content":{"rendered":"<figure id=\"attachment_2479\" aria-describedby=\"caption-attachment-2479\" style=\"width: 680px\" class=\"wp-caption alignnone\"><img loading=\"lazy\" decoding=\"async\" class=\"size-medium wp-image-2479\" src=\"\/\/www.umweltperspektiven.ch\/wp-content\/uploads\/2019\/09\/Insekt.jpg\" alt=\"\" width=\"680\" height=\"454\" srcset=\"https:\/\/www.organisator.ch\/wp-content\/uploads\/2019\/09\/Insekt.jpg 2048w, https:\/\/www.organisator.ch\/wp-content\/uploads\/2019\/09\/Insekt-680x454.jpg 680w, https:\/\/www.organisator.ch\/wp-content\/uploads\/2019\/09\/Insekt-1024x684.jpg 1024w, https:\/\/www.organisator.ch\/wp-content\/uploads\/2019\/09\/Insekt-768x513.jpg 768w, https:\/\/www.organisator.ch\/wp-content\/uploads\/2019\/09\/Insekt-1536x1025.jpg 1536w, https:\/\/www.organisator.ch\/wp-content\/uploads\/2019\/09\/Insekt-18x12.jpg 18w, https:\/\/www.organisator.ch\/wp-content\/uploads\/2019\/09\/Insekt-262x175.jpg 262w, https:\/\/www.organisator.ch\/wp-content\/uploads\/2019\/09\/Insekt-524x350.jpg 524w, https:\/\/www.organisator.ch\/wp-content\/uploads\/2019\/09\/Insekt-1199x800.jpg 1199w, https:\/\/www.organisator.ch\/wp-content\/uploads\/2019\/09\/Insekt-920x614.jpg 920w, https:\/\/www.organisator.ch\/wp-content\/uploads\/2019\/09\/Insekt-1400x934.jpg 1400w, https:\/\/www.organisator.ch\/wp-content\/uploads\/2019\/09\/Insekt-300x200.jpg 300w\" sizes=\"auto, (max-width: 680px) 100vw, 680px\" \/><figcaption id=\"caption-attachment-2479\" class=\"wp-caption-text\">In Switzerland, the Red Lists show that over 40 percent of insect species are endangered and 5 percent are already extinct. In some German-speaking areas, their numbers have declined by more than 70 percent, numerous participants at the \"2nd Insect Day Switzerland\" were informed. (Image: Insect Respect)<\/figcaption><\/figure>\n<p>On the \"2nd Insect Day Switzerland\" one was informed about the serious insect loss in Switzerland as well as in neighboring countries.  The amount and diversity of insects has drastically decreased in the last decades. Edward Wilson, the renowned American entomologist, has calculated that humans could survive only a few months without insects. But the number and diversity of insects are decreasing dramatically:<\/p>\n<p>In Switzerland, Red Lists show that over 40 percent of insect species are endangered and 5 percent are already extinct. In some German-speaking areas, their numbers have declined by over 70 percent. The reasons are manifold, as the experts also emphasized at the \"2nd Insect Day Switzerland\" on September 19, 2019 in Aarau: On the one hand, more and more insects are disappearing from our landscape due to intensive agriculture; on the other hand, increasing overbuilding and fragmentation of habitats are leading to massive insect mortality.<\/p>\n<p><strong>Disproportionate fertilization\u00a0\u00a0<\/strong><br \/>\nProf. Dr. Josef H. Reichholf, keynote speaker on Insect Day and butterfly expert from Bavaria, stated in his presentation: \"Nitrogen fertilizer has become the suffocating substance of biodiversity in cultivated land. Plant protection products decimate insects in addition, just as also our massively exaggerated cleanliness mania.\" In many places, this leads to insect-rich roadsides being mowed at inopportune times or public areas being sprayed with poison.<\/p>\n<p>Ulrich Veith, mayor of the municipality of Mals in South Tyrol, gave an encouraging speech and showed how it could also be possible in Switzerland to make cultivated land more insect-friendly again. \"We didn't want to wait until something came from the high politicians to protect nature and insects, but to do something within the municipality itself.\" Despite a lot of headwind, Mals has now succeeded, with the support of the local population, in legally banning the use of pesticides on all agricultural and private land in the municipality. Today, organic products of all kinds are finding ever greater sales there.<\/p>\n<p><strong>Deeds instead of words<\/strong><br \/>\nIn order to highlight not only problems but also solutions, the participants discussed various measures in workshops on how insects can best be promoted. In almost all workshops, it emerged that the first step should be to create better access to insects, for example by actually seeing or experiencing their beauty and diversity.<\/p>\n<p>The two organizers BirdLife Switzerland and Insect Respect are pleased with how the conference went. Werner M\u00fcller, Executive Director of BirdLife Switzerland: \"Informing, networking and acting, that's what Insect Day is all about. We are convinced that many new projects will now be launched to defy insect mortality.\" Dr. Hans-Dietrich Reckhaus, Managing Director of the biocide company Reckhaus AG and initiator of Insect Respect, is also convinced that the conference has not only inspired reflection but also action: \"Respect does not stop with two- or four-legged friends. Anyone who still sprays their garden now has understood nothing.\"<\/p>\n<p><strong>Politics is called for<\/strong><br \/>\nHowever, a change in thinking and action is not only required of each individual on a small scale. After this conference, it is not least the politicians who are called upon. Or to put it in the words of Prof. Dr. Josef H. Reichholf: \"The Day of Insects is particularly important to me because it introduces essential facts into the current discussions. The ever-new facts surrounding insect decline must now enter the political arena.\" With agricultural policy AP22+, the drinking water and pesticide initiative, the revision of the spatial planning law and the upcoming double initiative for biodiversity and landscape, a lot has been set in motion. This must be used to counteract insect mortality.<\/p>\n<p><em>Ten good reasons to respect insects:<\/em><br \/>\n<em>1. ecosystem: insects give nature more resilience.<\/em><br \/>\n<em>2. pollination: insects keep the plant world alive.<\/em><br \/>\n<em>3rd cycle: Insects are an important part of the food chain.<\/em><br \/>\n<em>4. forage and food: Insects secure the world's food supply.<\/em><br \/>\n<em>5. hygiene: insects rid us of \"garbage\".<\/em><br \/>\n<em>6. soils: insects make our earth fertile.<\/em><br \/>\n<em>7. clothing: Insects are indispensable for textile production.<\/em><br \/>\n<em>8. industry: insects produce chemicals.<\/em><br \/>\n<em>Medicine 9: Cure insects.<\/em><br \/>\n<em>10. research: insects are extremely valuable scientifically.<\/em><\/p>\n<p><a href=\"\/\/www.birdlife.ch\/tag-der-insekten\">www.birdlife.ch\/tag-der-insekten<\/a><\/p>\n<p>&nbsp;<\/p>\n<p>&nbsp;<\/p>","protected":false},"excerpt":{"rendered":"<p>Am &#8222;2. Tag der Insekten Schweiz&#8220; wurde man \u00fcber den gravierenden Insektenschwund in der Schweiz sowie in Nachbarl\u00e4ndern informiert.\u00a0 Die Menge und Vielfalt an Insekten hat in den letzten Jahrzehnten drastisch abgenommen.\u00a0Edward Wilson, der renommierte amerikanische Entomologe, hat errechnet, dass die Menschen ohne Insekten nur wenige Monate \u00fcberleben k\u00f6nnten. Doch Zahl und Vielfalt der Insekten [&hellip;]<\/p>\n","protected":false},"author":5,"featured_media":2479,"comment_status":"open","ping_status":"open","sticky":false,"template":"","format":"standard","meta":{"_acf_changed":false,"_yoast_wpseo_focuskw":"2. Tag der Insekten Schweiz","_yoast_wpseo_metadesc":"\u00dcber 300 Personen aus Forschung, Politik, Wirtschaft und Naturschutz suchten am \"2. Tag der Insekten Schweiz\" nach Massnahmen gegen das Insektensterben.","articlekey":"","footnotes":""},"categories":[580],"tags":[829,1150,1426,1667,424],"class_list":["post-2478","post","type-post","status-publish","format-standard","has-post-thumbnail","hentry","category-sustainability","tag-biodiversitaet","tag-fachtagung","tag-insektensterben","tag-massnahmen","tag-schweiz"],"acf":[],"yoast_head":"<!-- This site is optimized with the Yoast SEO plugin v27.4 - https:\/\/yoast.com\/product\/yoast-seo-wordpress\/ -->\n<title>R\u00fcckschau: &quot;2. Tag der Insekten Schweiz&quot; - Organisator<\/title>\n<meta name=\"description\" content=\"\u00dcber 300 Personen aus Forschung, Politik, Wirtschaft und Naturschutz suchten am &quot;2. Tag der Insekten Schweiz&quot; nach Massnahmen gegen das Insektensterben.\" \/>\n<meta name=\"robots\" content=\"index, follow, max-snippet:-1, max-image-preview:large, max-video-preview:-1\" \/>\n<link rel=\"canonical\" href=\"https:\/\/www.organisator.ch\/en\/sustainability\/2019-09-20\/rueckschau-2-tag-der-insekten-schweiz\/\" \/>\n<meta property=\"og:locale\" content=\"en_US\" \/>\n<meta property=\"og:type\" content=\"article\" \/>\n<meta property=\"og:title\" content=\"R\u00fcckschau: &quot;2. Tag der Insekten Schweiz&quot; - Organisator\" \/>\n<meta property=\"og:description\" content=\"\u00dcber 300 Personen aus Forschung, Politik, Wirtschaft und Naturschutz suchten am &quot;2. Tag der Insekten Schweiz&quot; nach Massnahmen gegen das Insektensterben.\" \/>\n<meta property=\"og:url\" content=\"https:\/\/www.organisator.ch\/en\/sustainability\/2019-09-20\/rueckschau-2-tag-der-insekten-schweiz\/\" \/>\n<meta property=\"og:site_name\" content=\"Organisator\" \/>\n<meta property=\"article:publisher\" content=\"https:\/\/www.facebook.com\/OrganisatorFachmagazin\" \/>\n<meta property=\"article:published_time\" content=\"2019-09-20T08:56:12+00:00\" \/>\n<meta property=\"article:modified_time\" content=\"2022-02-09T10:06:51+00:00\" \/>\n<meta property=\"og:image\" content=\"https:\/\/www.organisator.ch\/wp-content\/uploads\/2019\/09\/Insekt.jpg\" \/>\n\t<meta property=\"og:image:width\" content=\"2048\" \/>\n\t<meta property=\"og:image:height\" content=\"1367\" \/>\n\t<meta property=\"og:image:type\" content=\"image\/jpeg\" \/>\n<meta name=\"author\" content=\"michael.merz\" \/>\n<meta name=\"twitter:card\" content=\"summary_large_image\" \/>\n<script type=\"application\/ld+json\" class=\"yoast-schema-graph\">{\"@context\":\"https:\\\/\\\/schema.org\",\"@graph\":[{\"@type\":\"Article\",\"@id\":\"https:\\\/\\\/www.organisator.ch\\\/sustainability\\\/2019-09-20\\\/rueckschau-2-tag-der-insekten-schweiz\\\/#article\",\"isPartOf\":{\"@id\":\"https:\\\/\\\/www.organisator.ch\\\/sustainability\\\/2019-09-20\\\/rueckschau-2-tag-der-insekten-schweiz\\\/\"},\"author\":{\"name\":\"michael.merz\",\"@id\":\"https:\\\/\\\/www.organisator.ch\\\/#\\\/schema\\\/person\\\/134708ca9321c57b0362cceb7948ffbd\"},\"headline\":\"R\u00fcckschau: &#8222;2. Tag der Insekten Schweiz&#8220;\",\"datePublished\":\"2019-09-20T08:56:12+00:00\",\"dateModified\":\"2022-02-09T10:06:51+00:00\",\"mainEntityOfPage\":{\"@id\":\"https:\\\/\\\/www.organisator.ch\\\/sustainability\\\/2019-09-20\\\/rueckschau-2-tag-der-insekten-schweiz\\\/\"},\"wordCount\":708,\"commentCount\":0,\"publisher\":{\"@id\":\"https:\\\/\\\/www.organisator.ch\\\/#organization\"},\"image\":{\"@id\":\"https:\\\/\\\/www.organisator.ch\\\/sustainability\\\/2019-09-20\\\/rueckschau-2-tag-der-insekten-schweiz\\\/#primaryimage\"},\"thumbnailUrl\":\"https:\\\/\\\/www.organisator.ch\\\/wp-content\\\/uploads\\\/2019\\\/09\\\/Insekt.jpg\",\"keywords\":[\"Biodiversit\u00e4t\",\"Fachtagung\",\"Insektensterben\",\"Massnahmen\",\"Schweiz\"],\"articleSection\":[\"SUSTAINABILITY\"],\"inLanguage\":\"en-US\"},{\"@type\":\"WebPage\",\"@id\":\"https:\\\/\\\/www.organisator.ch\\\/sustainability\\\/2019-09-20\\\/rueckschau-2-tag-der-insekten-schweiz\\\/\",\"url\":\"https:\\\/\\\/www.organisator.ch\\\/sustainability\\\/2019-09-20\\\/rueckschau-2-tag-der-insekten-schweiz\\\/\",\"name\":\"R\u00fcckschau: \\\"2. Tag der Insekten Schweiz\\\" - Organisator\",\"isPartOf\":{\"@id\":\"https:\\\/\\\/www.organisator.ch\\\/#website\"},\"primaryImageOfPage\":{\"@id\":\"https:\\\/\\\/www.organisator.ch\\\/sustainability\\\/2019-09-20\\\/rueckschau-2-tag-der-insekten-schweiz\\\/#primaryimage\"},\"image\":{\"@id\":\"https:\\\/\\\/www.organisator.ch\\\/sustainability\\\/2019-09-20\\\/rueckschau-2-tag-der-insekten-schweiz\\\/#primaryimage\"},\"thumbnailUrl\":\"https:\\\/\\\/www.organisator.ch\\\/wp-content\\\/uploads\\\/2019\\\/09\\\/Insekt.jpg\",\"datePublished\":\"2019-09-20T08:56:12+00:00\",\"dateModified\":\"2022-02-09T10:06:51+00:00\",\"description\":\"\u00dcber 300 Personen aus Forschung, Politik, Wirtschaft und Naturschutz suchten am \\\"2. Tag der Insekten Schweiz\\\" nach Massnahmen gegen das Insektensterben.\",\"breadcrumb\":{\"@id\":\"https:\\\/\\\/www.organisator.ch\\\/sustainability\\\/2019-09-20\\\/rueckschau-2-tag-der-insekten-schweiz\\\/#breadcrumb\"},\"inLanguage\":\"en-US\",\"potentialAction\":[{\"@type\":\"ReadAction\",\"target\":[\"https:\\\/\\\/www.organisator.ch\\\/sustainability\\\/2019-09-20\\\/rueckschau-2-tag-der-insekten-schweiz\\\/\"]}]},{\"@type\":\"ImageObject\",\"inLanguage\":\"en-US\",\"@id\":\"https:\\\/\\\/www.organisator.ch\\\/sustainability\\\/2019-09-20\\\/rueckschau-2-tag-der-insekten-schweiz\\\/#primaryimage\",\"url\":\"https:\\\/\\\/www.organisator.ch\\\/wp-content\\\/uploads\\\/2019\\\/09\\\/Insekt.jpg\",\"contentUrl\":\"https:\\\/\\\/www.organisator.ch\\\/wp-content\\\/uploads\\\/2019\\\/09\\\/Insekt.jpg\",\"width\":2048,\"height\":1367,\"caption\":\"In der Schweiz zeigen die Roten Listen, dass \u00fcber 40 Prozent der Insektenarten gef\u00e4hrdet und 5 Prozent bereits ausgestorben sind. In manchen deutschsprachigen Gebieten ist ihre Anzahl um \u00fcber 70 Prozent zur\u00fcckgegangen, wurden zahlreiche Teilnehmende am \\\"2. Tag der Insekten Schweiz\\\" informiert. (Bild: Insect Respect)\"},{\"@type\":\"BreadcrumbList\",\"@id\":\"https:\\\/\\\/www.organisator.ch\\\/sustainability\\\/2019-09-20\\\/rueckschau-2-tag-der-insekten-schweiz\\\/#breadcrumb\",\"itemListElement\":[{\"@type\":\"ListItem\",\"position\":1,\"name\":\"Home\",\"item\":\"https:\\\/\\\/www.organisator.ch\\\/\"},{\"@type\":\"ListItem\",\"position\":2,\"name\":\"R\u00fcckschau: &#8222;2. Tag der Insekten Schweiz&#8220;\"}]},{\"@type\":\"WebSite\",\"@id\":\"https:\\\/\\\/www.organisator.ch\\\/#website\",\"url\":\"https:\\\/\\\/www.organisator.ch\\\/\",\"name\":\"Organisator\",\"description\":\"Kompetent. Praxisnah. Der ORGANISATOR bereitet in 10 Ausgaben pro Jahr die wesentlichen Themen f\u00fcr F\u00fchrungskr\u00e4fte von KMU auf.\",\"publisher\":{\"@id\":\"https:\\\/\\\/www.organisator.ch\\\/#organization\"},\"potentialAction\":[{\"@type\":\"SearchAction\",\"target\":{\"@type\":\"EntryPoint\",\"urlTemplate\":\"https:\\\/\\\/www.organisator.ch\\\/?s={search_term_string}\"},\"query-input\":{\"@type\":\"PropertyValueSpecification\",\"valueRequired\":true,\"valueName\":\"search_term_string\"}}],\"inLanguage\":\"en-US\"},{\"@type\":\"Organization\",\"@id\":\"https:\\\/\\\/www.organisator.ch\\\/#organization\",\"name\":\"Organisator\",\"url\":\"https:\\\/\\\/www.organisator.ch\\\/\",\"logo\":{\"@type\":\"ImageObject\",\"inLanguage\":\"en-US\",\"@id\":\"https:\\\/\\\/www.organisator.ch\\\/#\\\/schema\\\/logo\\\/image\\\/\",\"url\":\"https:\\\/\\\/www.organisator.ch\\\/wp-content\\\/uploads\\\/2022\\\/01\\\/Logo_Organisator_Website.png\",\"contentUrl\":\"https:\\\/\\\/www.organisator.ch\\\/wp-content\\\/uploads\\\/2022\\\/01\\\/Logo_Organisator_Website.png\",\"width\":800,\"height\":77,\"caption\":\"Organisator\"},\"image\":{\"@id\":\"https:\\\/\\\/www.organisator.ch\\\/#\\\/schema\\\/logo\\\/image\\\/\"},\"sameAs\":[\"https:\\\/\\\/www.facebook.com\\\/OrganisatorFachmagazin\",\"https:\\\/\\\/www.linkedin.com\\\/showcase\\\/organisator-das-magazin-fr-kmu\",\"https:\\\/\\\/www.xing.com\\\/news\\\/pages\\\/organisator-ch-695\",\"https:\\\/\\\/www.youtube.com\\\/channel\\\/UCGP2Sq0iWaZwT3BdIAQFYpw\"]},{\"@type\":\"Person\",\"@id\":\"https:\\\/\\\/www.organisator.ch\\\/#\\\/schema\\\/person\\\/134708ca9321c57b0362cceb7948ffbd\",\"name\":\"michael.merz\",\"image\":{\"@type\":\"ImageObject\",\"inLanguage\":\"en-US\",\"@id\":\"https:\\\/\\\/secure.gravatar.com\\\/avatar\\\/?s=96&d=mm&r=g\",\"url\":\"https:\\\/\\\/secure.gravatar.com\\\/avatar\\\/?s=96&d=mm&r=g\",\"contentUrl\":\"https:\\\/\\\/secure.gravatar.com\\\/avatar\\\/?s=96&d=mm&r=g\",\"caption\":\"michael.merz\"},\"url\":\"https:\\\/\\\/www.organisator.ch\\\/en\\\/author\\\/michael-merz\\\/\"}]}<\/script>\n<!-- \/ Yoast SEO plugin. -->","yoast_head_json":{"title":"Review: \"2nd Insect Day Switzerland\" - Organizer","description":"More than 300 people from research, politics, business and nature conservation sought measures against insect mortality at the \"2nd Insect Day Switzerland\".","robots":{"index":"index","follow":"follow","max-snippet":"max-snippet:-1","max-image-preview":"max-image-preview:large","max-video-preview":"max-video-preview:-1"},"canonical":"https:\/\/www.organisator.ch\/en\/sustainability\/2019-09-20\/rueckschau-2-tag-der-insekten-schweiz\/","og_locale":"en_US","og_type":"article","og_title":"R\u00fcckschau: \"2. Tag der Insekten Schweiz\" - Organisator","og_description":"\u00dcber 300 Personen aus Forschung, Politik, Wirtschaft und Naturschutz suchten am \"2. Tag der Insekten Schweiz\" nach Massnahmen gegen das Insektensterben.","og_url":"https:\/\/www.organisator.ch\/en\/sustainability\/2019-09-20\/rueckschau-2-tag-der-insekten-schweiz\/","og_site_name":"Organisator","article_publisher":"https:\/\/www.facebook.com\/OrganisatorFachmagazin","article_published_time":"2019-09-20T08:56:12+00:00","article_modified_time":"2022-02-09T10:06:51+00:00","og_image":[{"width":2048,"height":1367,"url":"https:\/\/www.organisator.ch\/wp-content\/uploads\/2019\/09\/Insekt.jpg","type":"image\/jpeg"}],"author":"michael.merz","twitter_card":"summary_large_image","schema":{"@context":"https:\/\/schema.org","@graph":[{"@type":"Article","@id":"https:\/\/www.organisator.ch\/sustainability\/2019-09-20\/rueckschau-2-tag-der-insekten-schweiz\/#article","isPartOf":{"@id":"https:\/\/www.organisator.ch\/sustainability\/2019-09-20\/rueckschau-2-tag-der-insekten-schweiz\/"},"author":{"name":"michael.merz","@id":"https:\/\/www.organisator.ch\/#\/schema\/person\/134708ca9321c57b0362cceb7948ffbd"},"headline":"R\u00fcckschau: &#8222;2. Tag der Insekten Schweiz&#8220;","datePublished":"2019-09-20T08:56:12+00:00","dateModified":"2022-02-09T10:06:51+00:00","mainEntityOfPage":{"@id":"https:\/\/www.organisator.ch\/sustainability\/2019-09-20\/rueckschau-2-tag-der-insekten-schweiz\/"},"wordCount":708,"commentCount":0,"publisher":{"@id":"https:\/\/www.organisator.ch\/#organization"},"image":{"@id":"https:\/\/www.organisator.ch\/sustainability\/2019-09-20\/rueckschau-2-tag-der-insekten-schweiz\/#primaryimage"},"thumbnailUrl":"https:\/\/www.organisator.ch\/wp-content\/uploads\/2019\/09\/Insekt.jpg","keywords":["Biodiversit\u00e4t","Fachtagung","Insektensterben","Massnahmen","Schweiz"],"articleSection":["SUSTAINABILITY"],"inLanguage":"en-US"},{"@type":"WebPage","@id":"https:\/\/www.organisator.ch\/sustainability\/2019-09-20\/rueckschau-2-tag-der-insekten-schweiz\/","url":"https:\/\/www.organisator.ch\/sustainability\/2019-09-20\/rueckschau-2-tag-der-insekten-schweiz\/","name":"Review: \"2nd Insect Day Switzerland\" - Organizer","isPartOf":{"@id":"https:\/\/www.organisator.ch\/#website"},"primaryImageOfPage":{"@id":"https:\/\/www.organisator.ch\/sustainability\/2019-09-20\/rueckschau-2-tag-der-insekten-schweiz\/#primaryimage"},"image":{"@id":"https:\/\/www.organisator.ch\/sustainability\/2019-09-20\/rueckschau-2-tag-der-insekten-schweiz\/#primaryimage"},"thumbnailUrl":"https:\/\/www.organisator.ch\/wp-content\/uploads\/2019\/09\/Insekt.jpg","datePublished":"2019-09-20T08:56:12+00:00","dateModified":"2022-02-09T10:06:51+00:00","description":"More than 300 people from research, politics, business and nature conservation sought measures against insect mortality at the \"2nd Insect Day Switzerland\".","breadcrumb":{"@id":"https:\/\/www.organisator.ch\/sustainability\/2019-09-20\/rueckschau-2-tag-der-insekten-schweiz\/#breadcrumb"},"inLanguage":"en-US","potentialAction":[{"@type":"ReadAction","target":["https:\/\/www.organisator.ch\/sustainability\/2019-09-20\/rueckschau-2-tag-der-insekten-schweiz\/"]}]},{"@type":"ImageObject","inLanguage":"en-US","@id":"https:\/\/www.organisator.ch\/sustainability\/2019-09-20\/rueckschau-2-tag-der-insekten-schweiz\/#primaryimage","url":"https:\/\/www.organisator.ch\/wp-content\/uploads\/2019\/09\/Insekt.jpg","contentUrl":"https:\/\/www.organisator.ch\/wp-content\/uploads\/2019\/09\/Insekt.jpg","width":2048,"height":1367,"caption":"In der Schweiz zeigen die Roten Listen, dass \u00fcber 40 Prozent der Insektenarten gef\u00e4hrdet und 5 Prozent bereits ausgestorben sind. In manchen deutschsprachigen Gebieten ist ihre Anzahl um \u00fcber 70 Prozent zur\u00fcckgegangen, wurden zahlreiche Teilnehmende am \"2. Tag der Insekten Schweiz\" informiert. (Bild: Insect Respect)"},{"@type":"BreadcrumbList","@id":"https:\/\/www.organisator.ch\/sustainability\/2019-09-20\/rueckschau-2-tag-der-insekten-schweiz\/#breadcrumb","itemListElement":[{"@type":"ListItem","position":1,"name":"Home","item":"https:\/\/www.organisator.ch\/"},{"@type":"ListItem","position":2,"name":"R\u00fcckschau: &#8222;2. Tag der Insekten Schweiz&#8220;"}]},{"@type":"WebSite","@id":"https:\/\/www.organisator.ch\/#website","url":"https:\/\/www.organisator.ch\/","name":"Organizer","description":"Competent. Practical. In 10 issues per year, ORGANISATOR presents the essential topics for managers of SMEs.","publisher":{"@id":"https:\/\/www.organisator.ch\/#organization"},"potentialAction":[{"@type":"SearchAction","target":{"@type":"EntryPoint","urlTemplate":"https:\/\/www.organisator.ch\/?s={search_term_string}"},"query-input":{"@type":"PropertyValueSpecification","valueRequired":true,"valueName":"search_term_string"}}],"inLanguage":"en-US"},{"@type":"Organization","@id":"https:\/\/www.organisator.ch\/#organization","name":"Organizer","url":"https:\/\/www.organisator.ch\/","logo":{"@type":"ImageObject","inLanguage":"en-US","@id":"https:\/\/www.organisator.ch\/#\/schema\/logo\/image\/","url":"https:\/\/www.organisator.ch\/wp-content\/uploads\/2022\/01\/Logo_Organisator_Website.png","contentUrl":"https:\/\/www.organisator.ch\/wp-content\/uploads\/2022\/01\/Logo_Organisator_Website.png","width":800,"height":77,"caption":"Organisator"},"image":{"@id":"https:\/\/www.organisator.ch\/#\/schema\/logo\/image\/"},"sameAs":["https:\/\/www.facebook.com\/OrganisatorFachmagazin","https:\/\/www.linkedin.com\/showcase\/organisator-das-magazin-fr-kmu","https:\/\/www.xing.com\/news\/pages\/organisator-ch-695","https:\/\/www.youtube.com\/channel\/UCGP2Sq0iWaZwT3BdIAQFYpw"]},{"@type":"Person","@id":"https:\/\/www.organisator.ch\/#\/schema\/person\/134708ca9321c57b0362cceb7948ffbd","name":"michael.merz","image":{"@type":"ImageObject","inLanguage":"en-US","@id":"https:\/\/secure.gravatar.com\/avatar\/?s=96&d=mm&r=g","url":"https:\/\/secure.gravatar.com\/avatar\/?s=96&d=mm&r=g","contentUrl":"https:\/\/secure.gravatar.com\/avatar\/?s=96&d=mm&r=g","caption":"michael.merz"},"url":"https:\/\/www.organisator.ch\/en\/author\/michael-merz\/"}]}},"_links":{"self":[{"href":"https:\/\/www.organisator.ch\/en\/wp-json\/wp\/v2\/posts\/2478","targetHints":{"allow":["GET"]}}],"collection":[{"href":"https:\/\/www.organisator.ch\/en\/wp-json\/wp\/v2\/posts"}],"about":[{"href":"https:\/\/www.organisator.ch\/en\/wp-json\/wp\/v2\/types\/post"}],"author":[{"embeddable":true,"href":"https:\/\/www.organisator.ch\/en\/wp-json\/wp\/v2\/users\/5"}],"replies":[{"embeddable":true,"href":"https:\/\/www.organisator.ch\/en\/wp-json\/wp\/v2\/comments?post=2478"}],"version-history":[{"count":1,"href":"https:\/\/www.organisator.ch\/en\/wp-json\/wp\/v2\/posts\/2478\/revisions"}],"predecessor-version":[{"id":10693,"href":"https:\/\/www.organisator.ch\/en\/wp-json\/wp\/v2\/posts\/2478\/revisions\/10693"}],"wp:featuredmedia":[{"embeddable":true,"href":"https:\/\/www.organisator.ch\/en\/wp-json\/wp\/v2\/media\/2479"}],"wp:attachment":[{"href":"https:\/\/www.organisator.ch\/en\/wp-json\/wp\/v2\/media?parent=2478"}],"wp:term":[{"taxonomy":"category","embeddable":true,"href":"https:\/\/www.organisator.ch\/en\/wp-json\/wp\/v2\/categories?post=2478"},{"taxonomy":"post_tag","embeddable":true,"href":"https:\/\/www.organisator.ch\/en\/wp-json\/wp\/v2\/tags?post=2478"}],"curies":[{"name":"wp","href":"https:\/\/api.w.org\/{rel}","templated":true}]}}