{"id":25034,"date":"2024-02-15T10:59:39","date_gmt":"2024-02-15T09:59:39","guid":{"rendered":"https:\/\/www.organisator.ch\/?p=25034"},"modified":"2024-02-15T10:59:39","modified_gmt":"2024-02-15T09:59:39","slug":"equal-pay-day-2024-befragung-zum-thema-lohn-bei-beschaeftigten-in-der-deutschschweiz","status":"publish","type":"post","link":"https:\/\/www.organisator.ch\/en\/human-resources\/2024-02-15\/equal-pay-day-2024-befragung-zum-thema-lohn-bei-beschaeftigten-in-der-deutschschweiz\/","title":{"rendered":"Equal Pay Day 2024: Survey on the topic of wages among employees in German-speaking Switzerland"},"content":{"rendered":"<figure id=\"attachment_25036\" aria-describedby=\"caption-attachment-25036\" style=\"width: 680px\" class=\"wp-caption alignnone\"><img loading=\"lazy\" decoding=\"async\" class=\"size-full wp-image-25036\" src=\"https:\/\/www.organisator.ch\/wp-content\/uploads\/2024\/02\/Equal-Pay_Bild1_ps.jpg\" alt=\"\" width=\"680\" height=\"453\" srcset=\"https:\/\/www.organisator.ch\/wp-content\/uploads\/2024\/02\/Equal-Pay_Bild1_ps.jpg 680w, https:\/\/www.organisator.ch\/wp-content\/uploads\/2024\/02\/Equal-Pay_Bild1_ps-18x12.jpg 18w, https:\/\/www.organisator.ch\/wp-content\/uploads\/2024\/02\/Equal-Pay_Bild1_ps-375x250.jpg 375w, https:\/\/www.organisator.ch\/wp-content\/uploads\/2024\/02\/Equal-Pay_Bild1_ps-525x350.jpg 525w\" sizes=\"auto, (max-width: 680px) 100vw, 680px\" \/><figcaption id=\"caption-attachment-25036\" class=\"wp-caption-text\">Women are just as concerned about pay as men, but a salary below market value is less of a reason for them to negotiate. (Image: www.pexels.com)<\/figcaption><\/figure>\n<p>February 17 is Equal Pay Day in Switzerland. The day of action is intended to symbolically highlight the pay gap between women and men. Up until this date, women in Switzerland have worked for free in arithmetical terms if men are paid from January 1.<\/p>\n<p>The jobs network Xing surveyed 500 employees in the German-speaking part of Switzerland on the subject of pay, among other things, and found the following gender-specific differences:<\/p>\n<h3><strong>Women often find their pay too low<\/strong><\/h3>\n<p>A higher salary is the most important criterion for both women and men when choosing a new employer. At 62 percent, this point tends to be even more important to women than men (55 percent). At the same time, 46% of women feel that their salary is too low in relation to their work performance. The figure for men is 37 percent.<\/p>\n<p>Of the women who feel their salary is too low, 60 percent would be prepared to change their employer for this reason. The proportion of men is roughly the same.<\/p>\n<h3><strong>Different reasons for wage demands <\/strong><\/h3>\n<p>There are also differences between the sexes when it comes to the reasons why employees ask for a pay rise. 26 percent of men base their request on the fact that their current salary is below market value. Among women, only 16 percent use a salary below market value as a reason for salary negotiations. 9 percent of the women surveyed state that they ask for a salary increase every year. Among men, the proportion tends to be slightly higher at 13 percent.<\/p>\n<p>\"Women don't earn less because their salary is less important to them. And they would change jobs just as often as men because their salary is too low,\" says Sandra Bascha, Xing Communications Manager for Switzerland. \"But female employees find it more difficult than men to link the demand for more pay to their own market value. And this is despite the fact that they feel more often than men that their performance is not sufficiently compensated.\"<\/p>\n<p><em>Source: <a href=\"http:\/\/www.xing.com\">www.xing.com<\/a><\/em><\/p>","protected":false},"excerpt":{"rendered":"<p>Gender pay gaps are still a reality in Switzerland. Equal Pay Day on February 17 is intended to draw attention to this situation. The jobs network Xing conducted a survey of employees in German-speaking Switzerland on the subject of pay and found out that pay is at least as important to women as it is to men: Pay is at least as important to women as it is to men. However, although they feel their pay is too low more often than men, they are less likely to ask for a pay rise if their salary is below market value.<\/p>","protected":false},"author":58,"featured_media":25036,"comment_status":"closed","ping_status":"closed","sticky":false,"template":"","format":"standard","meta":{"_acf_changed":false,"_yoast_wpseo_focuskw":"Lohnunterschiede","_yoast_wpseo_metadesc":"Der Equal Pay Day am 17. Februar soll auf die Lohnunterschiede in der Schweiz aufmerksam machen.","articlekey":"","footnotes":""},"categories":[579],"tags":[3506,330,424,492],"class_list":["post-25034","post","type-post","status-publish","format-standard","has-post-thumbnail","hentry","category-human-resources","tag-human-resources","tag-lohngleichheit","tag-schweiz","tag-unternehmen"],"acf":[],"yoast_head":"<!-- This site is optimized with the Yoast SEO plugin v27.5 - https:\/\/yoast.com\/product\/yoast-seo-wordpress\/ -->\n<title>Equal Pay Day 2024: Befragung zum Thema Lohn bei Besch\u00e4ftigten in der Deutschschweiz - Organisator<\/title>\n<meta name=\"description\" content=\"Der Equal Pay Day am 17. Februar soll auf die Lohnunterschiede in der Schweiz aufmerksam machen.\" \/>\n<meta name=\"robots\" content=\"index, follow, max-snippet:-1, max-image-preview:large, max-video-preview:-1\" \/>\n<link rel=\"canonical\" href=\"https:\/\/www.organisator.ch\/en\/human-resources\/2024-02-15\/equal-pay-day-2024-befragung-zum-thema-lohn-bei-beschaeftigten-in-der-deutschschweiz\/\" \/>\n<meta property=\"og:locale\" content=\"en_US\" \/>\n<meta property=\"og:type\" content=\"article\" \/>\n<meta property=\"og:title\" content=\"Equal Pay Day 2024: Befragung zum Thema Lohn bei Besch\u00e4ftigten in der Deutschschweiz\" \/>\n<meta property=\"og:description\" content=\"Der Equal Pay Day am 17. Februar soll auf die Lohnunterschiede in der Schweiz aufmerksam machen.\" \/>\n<meta property=\"og:url\" content=\"https:\/\/www.organisator.ch\/en\/human-resources\/2024-02-15\/equal-pay-day-2024-befragung-zum-thema-lohn-bei-beschaeftigten-in-der-deutschschweiz\/\" \/>\n<meta property=\"og:site_name\" content=\"Organisator\" \/>\n<meta property=\"article:publisher\" content=\"https:\/\/www.facebook.com\/OrganisatorFachmagazin\" \/>\n<meta property=\"article:published_time\" content=\"2024-02-15T09:59:39+00:00\" \/>\n<meta property=\"og:image\" content=\"https:\/\/www.organisator.ch\/wp-content\/uploads\/2024\/02\/Equal-Pay_Bild1_ps.jpg\" \/>\n\t<meta property=\"og:image:width\" content=\"680\" \/>\n\t<meta property=\"og:image:height\" content=\"453\" \/>\n\t<meta property=\"og:image:type\" content=\"image\/jpeg\" \/>\n<meta name=\"author\" content=\"Adelisa Kalajdzini\" \/>\n<meta name=\"twitter:card\" content=\"summary_large_image\" \/>\n<meta name=\"twitter:title\" content=\"Equal Pay Day 2024: Befragung zum Thema Lohn bei Besch\u00e4ftigten in der Deutschschweiz\" \/>\n<meta name=\"twitter:description\" content=\"Der Equal Pay Day am #17. Februar soll auf die #Lohnunterschiede in der #Schweiz aufmerksam machen.\" \/>\n<meta name=\"twitter:image\" content=\"https:\/\/www.organisator.ch\/wp-content\/uploads\/2024\/02\/Equal-Pay_Bild1_ps.jpg\" \/>\n<script type=\"application\/ld+json\" class=\"yoast-schema-graph\">{\"@context\":\"https:\\\/\\\/schema.org\",\"@graph\":[{\"@type\":\"Article\",\"@id\":\"https:\\\/\\\/www.organisator.ch\\\/human-resources\\\/2024-02-15\\\/equal-pay-day-2024-befragung-zum-thema-lohn-bei-beschaeftigten-in-der-deutschschweiz\\\/#article\",\"isPartOf\":{\"@id\":\"https:\\\/\\\/www.organisator.ch\\\/human-resources\\\/2024-02-15\\\/equal-pay-day-2024-befragung-zum-thema-lohn-bei-beschaeftigten-in-der-deutschschweiz\\\/\"},\"author\":{\"name\":\"Adelisa Kalajdzini\",\"@id\":\"https:\\\/\\\/www.organisator.ch\\\/#\\\/schema\\\/person\\\/2e1314a2172123f874db408d8911d3f3\"},\"headline\":\"Equal Pay Day 2024: Befragung zum Thema Lohn bei Besch\u00e4ftigten in der Deutschschweiz\",\"datePublished\":\"2024-02-15T09:59:39+00:00\",\"mainEntityOfPage\":{\"@id\":\"https:\\\/\\\/www.organisator.ch\\\/human-resources\\\/2024-02-15\\\/equal-pay-day-2024-befragung-zum-thema-lohn-bei-beschaeftigten-in-der-deutschschweiz\\\/\"},\"wordCount\":388,\"publisher\":{\"@id\":\"https:\\\/\\\/www.organisator.ch\\\/#organization\"},\"image\":{\"@id\":\"https:\\\/\\\/www.organisator.ch\\\/human-resources\\\/2024-02-15\\\/equal-pay-day-2024-befragung-zum-thema-lohn-bei-beschaeftigten-in-der-deutschschweiz\\\/#primaryimage\"},\"thumbnailUrl\":\"https:\\\/\\\/www.organisator.ch\\\/wp-content\\\/uploads\\\/2024\\\/02\\\/Equal-Pay_Bild1_ps.jpg\",\"keywords\":[\"Human Resources\",\"Lohngleichheit\",\"Schweiz\",\"Unternehmen\"],\"articleSection\":[\"HUMAN RESOURCES\"],\"inLanguage\":\"en-US\"},{\"@type\":\"WebPage\",\"@id\":\"https:\\\/\\\/www.organisator.ch\\\/human-resources\\\/2024-02-15\\\/equal-pay-day-2024-befragung-zum-thema-lohn-bei-beschaeftigten-in-der-deutschschweiz\\\/\",\"url\":\"https:\\\/\\\/www.organisator.ch\\\/human-resources\\\/2024-02-15\\\/equal-pay-day-2024-befragung-zum-thema-lohn-bei-beschaeftigten-in-der-deutschschweiz\\\/\",\"name\":\"Equal Pay Day 2024: Befragung zum Thema Lohn bei Besch\u00e4ftigten in der Deutschschweiz - Organisator\",\"isPartOf\":{\"@id\":\"https:\\\/\\\/www.organisator.ch\\\/#website\"},\"primaryImageOfPage\":{\"@id\":\"https:\\\/\\\/www.organisator.ch\\\/human-resources\\\/2024-02-15\\\/equal-pay-day-2024-befragung-zum-thema-lohn-bei-beschaeftigten-in-der-deutschschweiz\\\/#primaryimage\"},\"image\":{\"@id\":\"https:\\\/\\\/www.organisator.ch\\\/human-resources\\\/2024-02-15\\\/equal-pay-day-2024-befragung-zum-thema-lohn-bei-beschaeftigten-in-der-deutschschweiz\\\/#primaryimage\"},\"thumbnailUrl\":\"https:\\\/\\\/www.organisator.ch\\\/wp-content\\\/uploads\\\/2024\\\/02\\\/Equal-Pay_Bild1_ps.jpg\",\"datePublished\":\"2024-02-15T09:59:39+00:00\",\"description\":\"Der Equal Pay Day am 17. Februar soll auf die Lohnunterschiede in der Schweiz aufmerksam machen.\",\"breadcrumb\":{\"@id\":\"https:\\\/\\\/www.organisator.ch\\\/human-resources\\\/2024-02-15\\\/equal-pay-day-2024-befragung-zum-thema-lohn-bei-beschaeftigten-in-der-deutschschweiz\\\/#breadcrumb\"},\"inLanguage\":\"en-US\",\"potentialAction\":[{\"@type\":\"ReadAction\",\"target\":[\"https:\\\/\\\/www.organisator.ch\\\/human-resources\\\/2024-02-15\\\/equal-pay-day-2024-befragung-zum-thema-lohn-bei-beschaeftigten-in-der-deutschschweiz\\\/\"]}]},{\"@type\":\"ImageObject\",\"inLanguage\":\"en-US\",\"@id\":\"https:\\\/\\\/www.organisator.ch\\\/human-resources\\\/2024-02-15\\\/equal-pay-day-2024-befragung-zum-thema-lohn-bei-beschaeftigten-in-der-deutschschweiz\\\/#primaryimage\",\"url\":\"https:\\\/\\\/www.organisator.ch\\\/wp-content\\\/uploads\\\/2024\\\/02\\\/Equal-Pay_Bild1_ps.jpg\",\"contentUrl\":\"https:\\\/\\\/www.organisator.ch\\\/wp-content\\\/uploads\\\/2024\\\/02\\\/Equal-Pay_Bild1_ps.jpg\",\"width\":680,\"height\":453,\"caption\":\"Frauen ist der Lohn genauso wichtig wie M\u00e4nnern, doch ein Gehalt unter Marktwert ist f\u00fcr sie seltener Grund zum Verhandeln. (Bild: www.pexels.com)\"},{\"@type\":\"BreadcrumbList\",\"@id\":\"https:\\\/\\\/www.organisator.ch\\\/human-resources\\\/2024-02-15\\\/equal-pay-day-2024-befragung-zum-thema-lohn-bei-beschaeftigten-in-der-deutschschweiz\\\/#breadcrumb\",\"itemListElement\":[{\"@type\":\"ListItem\",\"position\":1,\"name\":\"Home\",\"item\":\"https:\\\/\\\/www.organisator.ch\\\/\"},{\"@type\":\"ListItem\",\"position\":2,\"name\":\"Equal Pay Day 2024: Befragung zum Thema Lohn bei Besch\u00e4ftigten in der Deutschschweiz\"}]},{\"@type\":\"WebSite\",\"@id\":\"https:\\\/\\\/www.organisator.ch\\\/#website\",\"url\":\"https:\\\/\\\/www.organisator.ch\\\/\",\"name\":\"Organisator\",\"description\":\"Kompetent. Praxisnah. Der ORGANISATOR bereitet in 10 Ausgaben pro Jahr die wesentlichen Themen f\u00fcr F\u00fchrungskr\u00e4fte von KMU auf.\",\"publisher\":{\"@id\":\"https:\\\/\\\/www.organisator.ch\\\/#organization\"},\"potentialAction\":[{\"@type\":\"SearchAction\",\"target\":{\"@type\":\"EntryPoint\",\"urlTemplate\":\"https:\\\/\\\/www.organisator.ch\\\/?s={search_term_string}\"},\"query-input\":{\"@type\":\"PropertyValueSpecification\",\"valueRequired\":true,\"valueName\":\"search_term_string\"}}],\"inLanguage\":\"en-US\"},{\"@type\":\"Organization\",\"@id\":\"https:\\\/\\\/www.organisator.ch\\\/#organization\",\"name\":\"Organisator\",\"url\":\"https:\\\/\\\/www.organisator.ch\\\/\",\"logo\":{\"@type\":\"ImageObject\",\"inLanguage\":\"en-US\",\"@id\":\"https:\\\/\\\/www.organisator.ch\\\/#\\\/schema\\\/logo\\\/image\\\/\",\"url\":\"https:\\\/\\\/www.organisator.ch\\\/wp-content\\\/uploads\\\/2022\\\/01\\\/Logo_Organisator_Website.png\",\"contentUrl\":\"https:\\\/\\\/www.organisator.ch\\\/wp-content\\\/uploads\\\/2022\\\/01\\\/Logo_Organisator_Website.png\",\"width\":800,\"height\":77,\"caption\":\"Organisator\"},\"image\":{\"@id\":\"https:\\\/\\\/www.organisator.ch\\\/#\\\/schema\\\/logo\\\/image\\\/\"},\"sameAs\":[\"https:\\\/\\\/www.facebook.com\\\/OrganisatorFachmagazin\",\"https:\\\/\\\/www.linkedin.com\\\/showcase\\\/organisator-das-magazin-fr-kmu\",\"https:\\\/\\\/www.xing.com\\\/news\\\/pages\\\/organisator-ch-695\",\"https:\\\/\\\/www.youtube.com\\\/channel\\\/UCGP2Sq0iWaZwT3BdIAQFYpw\"]},{\"@type\":\"Person\",\"@id\":\"https:\\\/\\\/www.organisator.ch\\\/#\\\/schema\\\/person\\\/2e1314a2172123f874db408d8911d3f3\",\"name\":\"Adelisa Kalajdzini\",\"image\":{\"@type\":\"ImageObject\",\"inLanguage\":\"en-US\",\"@id\":\"https:\\\/\\\/secure.gravatar.com\\\/avatar\\\/09a397c22ac58cad6f160ee8306348599df9df58a8ede73696226897b9fa4b24?s=96&d=mm&r=g\",\"url\":\"https:\\\/\\\/secure.gravatar.com\\\/avatar\\\/09a397c22ac58cad6f160ee8306348599df9df58a8ede73696226897b9fa4b24?s=96&d=mm&r=g\",\"contentUrl\":\"https:\\\/\\\/secure.gravatar.com\\\/avatar\\\/09a397c22ac58cad6f160ee8306348599df9df58a8ede73696226897b9fa4b24?s=96&d=mm&r=g\",\"caption\":\"Adelisa Kalajdzini\"},\"url\":\"https:\\\/\\\/www.organisator.ch\\\/en\\\/author\\\/adelisa-kalajdzini\\\/\"}]}<\/script>\n<!-- \/ Yoast SEO plugin. -->","yoast_head_json":{"title":"Equal Pay Day 2024: Survey on the topic of wages among employees in German-speaking Switzerland - Organizer","description":"Equal Pay Day on February 17 is intended to draw attention to the pay gap in Switzerland.","robots":{"index":"index","follow":"follow","max-snippet":"max-snippet:-1","max-image-preview":"max-image-preview:large","max-video-preview":"max-video-preview:-1"},"canonical":"https:\/\/www.organisator.ch\/en\/human-resources\/2024-02-15\/equal-pay-day-2024-befragung-zum-thema-lohn-bei-beschaeftigten-in-der-deutschschweiz\/","og_locale":"en_US","og_type":"article","og_title":"Equal Pay Day 2024: Befragung zum Thema Lohn bei Besch\u00e4ftigten in der Deutschschweiz","og_description":"Der Equal Pay Day am 17. Februar soll auf die Lohnunterschiede in der Schweiz aufmerksam machen.","og_url":"https:\/\/www.organisator.ch\/en\/human-resources\/2024-02-15\/equal-pay-day-2024-befragung-zum-thema-lohn-bei-beschaeftigten-in-der-deutschschweiz\/","og_site_name":"Organisator","article_publisher":"https:\/\/www.facebook.com\/OrganisatorFachmagazin","article_published_time":"2024-02-15T09:59:39+00:00","og_image":[{"width":680,"height":453,"url":"https:\/\/www.organisator.ch\/wp-content\/uploads\/2024\/02\/Equal-Pay_Bild1_ps.jpg","type":"image\/jpeg"}],"author":"Adelisa Kalajdzini","twitter_card":"summary_large_image","twitter_title":"Equal Pay Day 2024: Befragung zum Thema Lohn bei Besch\u00e4ftigten in der Deutschschweiz","twitter_description":"Der Equal Pay Day am #17. Februar soll auf die #Lohnunterschiede in der #Schweiz aufmerksam machen.","twitter_image":"https:\/\/www.organisator.ch\/wp-content\/uploads\/2024\/02\/Equal-Pay_Bild1_ps.jpg","schema":{"@context":"https:\/\/schema.org","@graph":[{"@type":"Article","@id":"https:\/\/www.organisator.ch\/human-resources\/2024-02-15\/equal-pay-day-2024-befragung-zum-thema-lohn-bei-beschaeftigten-in-der-deutschschweiz\/#article","isPartOf":{"@id":"https:\/\/www.organisator.ch\/human-resources\/2024-02-15\/equal-pay-day-2024-befragung-zum-thema-lohn-bei-beschaeftigten-in-der-deutschschweiz\/"},"author":{"name":"Adelisa Kalajdzini","@id":"https:\/\/www.organisator.ch\/#\/schema\/person\/2e1314a2172123f874db408d8911d3f3"},"headline":"Equal Pay Day 2024: Befragung zum Thema Lohn bei Besch\u00e4ftigten in der Deutschschweiz","datePublished":"2024-02-15T09:59:39+00:00","mainEntityOfPage":{"@id":"https:\/\/www.organisator.ch\/human-resources\/2024-02-15\/equal-pay-day-2024-befragung-zum-thema-lohn-bei-beschaeftigten-in-der-deutschschweiz\/"},"wordCount":388,"publisher":{"@id":"https:\/\/www.organisator.ch\/#organization"},"image":{"@id":"https:\/\/www.organisator.ch\/human-resources\/2024-02-15\/equal-pay-day-2024-befragung-zum-thema-lohn-bei-beschaeftigten-in-der-deutschschweiz\/#primaryimage"},"thumbnailUrl":"https:\/\/www.organisator.ch\/wp-content\/uploads\/2024\/02\/Equal-Pay_Bild1_ps.jpg","keywords":["Human Resources","Lohngleichheit","Schweiz","Unternehmen"],"articleSection":["HUMAN RESOURCES"],"inLanguage":"en-US"},{"@type":"WebPage","@id":"https:\/\/www.organisator.ch\/human-resources\/2024-02-15\/equal-pay-day-2024-befragung-zum-thema-lohn-bei-beschaeftigten-in-der-deutschschweiz\/","url":"https:\/\/www.organisator.ch\/human-resources\/2024-02-15\/equal-pay-day-2024-befragung-zum-thema-lohn-bei-beschaeftigten-in-der-deutschschweiz\/","name":"Equal Pay Day 2024: Survey on the topic of wages among employees in German-speaking Switzerland - Organizer","isPartOf":{"@id":"https:\/\/www.organisator.ch\/#website"},"primaryImageOfPage":{"@id":"https:\/\/www.organisator.ch\/human-resources\/2024-02-15\/equal-pay-day-2024-befragung-zum-thema-lohn-bei-beschaeftigten-in-der-deutschschweiz\/#primaryimage"},"image":{"@id":"https:\/\/www.organisator.ch\/human-resources\/2024-02-15\/equal-pay-day-2024-befragung-zum-thema-lohn-bei-beschaeftigten-in-der-deutschschweiz\/#primaryimage"},"thumbnailUrl":"https:\/\/www.organisator.ch\/wp-content\/uploads\/2024\/02\/Equal-Pay_Bild1_ps.jpg","datePublished":"2024-02-15T09:59:39+00:00","description":"Equal Pay Day on February 17 is intended to draw attention to the pay gap in Switzerland.","breadcrumb":{"@id":"https:\/\/www.organisator.ch\/human-resources\/2024-02-15\/equal-pay-day-2024-befragung-zum-thema-lohn-bei-beschaeftigten-in-der-deutschschweiz\/#breadcrumb"},"inLanguage":"en-US","potentialAction":[{"@type":"ReadAction","target":["https:\/\/www.organisator.ch\/human-resources\/2024-02-15\/equal-pay-day-2024-befragung-zum-thema-lohn-bei-beschaeftigten-in-der-deutschschweiz\/"]}]},{"@type":"ImageObject","inLanguage":"en-US","@id":"https:\/\/www.organisator.ch\/human-resources\/2024-02-15\/equal-pay-day-2024-befragung-zum-thema-lohn-bei-beschaeftigten-in-der-deutschschweiz\/#primaryimage","url":"https:\/\/www.organisator.ch\/wp-content\/uploads\/2024\/02\/Equal-Pay_Bild1_ps.jpg","contentUrl":"https:\/\/www.organisator.ch\/wp-content\/uploads\/2024\/02\/Equal-Pay_Bild1_ps.jpg","width":680,"height":453,"caption":"Frauen ist der Lohn genauso wichtig wie M\u00e4nnern, doch ein Gehalt unter Marktwert ist f\u00fcr sie seltener Grund zum Verhandeln. (Bild: www.pexels.com)"},{"@type":"BreadcrumbList","@id":"https:\/\/www.organisator.ch\/human-resources\/2024-02-15\/equal-pay-day-2024-befragung-zum-thema-lohn-bei-beschaeftigten-in-der-deutschschweiz\/#breadcrumb","itemListElement":[{"@type":"ListItem","position":1,"name":"Home","item":"https:\/\/www.organisator.ch\/"},{"@type":"ListItem","position":2,"name":"Equal Pay Day 2024: Befragung zum Thema Lohn bei Besch\u00e4ftigten in der Deutschschweiz"}]},{"@type":"WebSite","@id":"https:\/\/www.organisator.ch\/#website","url":"https:\/\/www.organisator.ch\/","name":"Organizer","description":"Competent. Practical. In 10 issues per year, ORGANISATOR presents the essential topics for managers of SMEs.","publisher":{"@id":"https:\/\/www.organisator.ch\/#organization"},"potentialAction":[{"@type":"SearchAction","target":{"@type":"EntryPoint","urlTemplate":"https:\/\/www.organisator.ch\/?s={search_term_string}"},"query-input":{"@type":"PropertyValueSpecification","valueRequired":true,"valueName":"search_term_string"}}],"inLanguage":"en-US"},{"@type":"Organization","@id":"https:\/\/www.organisator.ch\/#organization","name":"Organizer","url":"https:\/\/www.organisator.ch\/","logo":{"@type":"ImageObject","inLanguage":"en-US","@id":"https:\/\/www.organisator.ch\/#\/schema\/logo\/image\/","url":"https:\/\/www.organisator.ch\/wp-content\/uploads\/2022\/01\/Logo_Organisator_Website.png","contentUrl":"https:\/\/www.organisator.ch\/wp-content\/uploads\/2022\/01\/Logo_Organisator_Website.png","width":800,"height":77,"caption":"Organisator"},"image":{"@id":"https:\/\/www.organisator.ch\/#\/schema\/logo\/image\/"},"sameAs":["https:\/\/www.facebook.com\/OrganisatorFachmagazin","https:\/\/www.linkedin.com\/showcase\/organisator-das-magazin-fr-kmu","https:\/\/www.xing.com\/news\/pages\/organisator-ch-695","https:\/\/www.youtube.com\/channel\/UCGP2Sq0iWaZwT3BdIAQFYpw"]},{"@type":"Person","@id":"https:\/\/www.organisator.ch\/#\/schema\/person\/2e1314a2172123f874db408d8911d3f3","name":"Adelisa Kalajdzini","image":{"@type":"ImageObject","inLanguage":"en-US","@id":"https:\/\/secure.gravatar.com\/avatar\/09a397c22ac58cad6f160ee8306348599df9df58a8ede73696226897b9fa4b24?s=96&d=mm&r=g","url":"https:\/\/secure.gravatar.com\/avatar\/09a397c22ac58cad6f160ee8306348599df9df58a8ede73696226897b9fa4b24?s=96&d=mm&r=g","contentUrl":"https:\/\/secure.gravatar.com\/avatar\/09a397c22ac58cad6f160ee8306348599df9df58a8ede73696226897b9fa4b24?s=96&d=mm&r=g","caption":"Adelisa Kalajdzini"},"url":"https:\/\/www.organisator.ch\/en\/author\/adelisa-kalajdzini\/"}]}},"_links":{"self":[{"href":"https:\/\/www.organisator.ch\/en\/wp-json\/wp\/v2\/posts\/25034","targetHints":{"allow":["GET"]}}],"collection":[{"href":"https:\/\/www.organisator.ch\/en\/wp-json\/wp\/v2\/posts"}],"about":[{"href":"https:\/\/www.organisator.ch\/en\/wp-json\/wp\/v2\/types\/post"}],"author":[{"embeddable":true,"href":"https:\/\/www.organisator.ch\/en\/wp-json\/wp\/v2\/users\/58"}],"replies":[{"embeddable":true,"href":"https:\/\/www.organisator.ch\/en\/wp-json\/wp\/v2\/comments?post=25034"}],"version-history":[{"count":6,"href":"https:\/\/www.organisator.ch\/en\/wp-json\/wp\/v2\/posts\/25034\/revisions"}],"predecessor-version":[{"id":25058,"href":"https:\/\/www.organisator.ch\/en\/wp-json\/wp\/v2\/posts\/25034\/revisions\/25058"}],"wp:featuredmedia":[{"embeddable":true,"href":"https:\/\/www.organisator.ch\/en\/wp-json\/wp\/v2\/media\/25036"}],"wp:attachment":[{"href":"https:\/\/www.organisator.ch\/en\/wp-json\/wp\/v2\/media?parent=25034"}],"wp:term":[{"taxonomy":"category","embeddable":true,"href":"https:\/\/www.organisator.ch\/en\/wp-json\/wp\/v2\/categories?post=25034"},{"taxonomy":"post_tag","embeddable":true,"href":"https:\/\/www.organisator.ch\/en\/wp-json\/wp\/v2\/tags?post=25034"}],"curies":[{"name":"wp","href":"https:\/\/api.w.org\/{rel}","templated":true}]}}