{"id":2508,"date":"2019-10-01T11:52:41","date_gmt":"2019-10-01T09:52:41","guid":{"rendered":"https:\/\/www.umweltperspektiven.ch\/?p=2508"},"modified":"2022-02-09T11:06:16","modified_gmt":"2022-02-09T10:06:16","slug":"wasserstoffproduktion-ostschweiz-ag-gegruendet","status":"publish","type":"post","link":"https:\/\/www.organisator.ch\/en\/sustainability\/2019-10-01\/wasserstoffproduktion-ostschweiz-ag-gegruendet\/","title":{"rendered":"Hydrogen Production Eastern Switzerland AG founded"},"content":{"rendered":"<figure id=\"attachment_2509\" aria-describedby=\"caption-attachment-2509\" style=\"width: 680px\" class=\"wp-caption alignnone\"><img loading=\"lazy\" decoding=\"async\" class=\"size-medium wp-image-2509\" src=\"\/\/www.umweltperspektiven.ch\/wp-content\/uploads\/2019\/10\/Avia_Osterwalder-Up_Umwelt-Perspektiven.jpg\" alt=\"\" width=\"680\" height=\"453\" srcset=\"https:\/\/www.organisator.ch\/wp-content\/uploads\/2019\/10\/Avia_Osterwalder-Up_Umwelt-Perspektiven.jpg 690w, https:\/\/www.organisator.ch\/wp-content\/uploads\/2019\/10\/Avia_Osterwalder-Up_Umwelt-Perspektiven-680x453.jpg 680w, https:\/\/www.organisator.ch\/wp-content\/uploads\/2019\/10\/Avia_Osterwalder-Up_Umwelt-Perspektiven-18x12.jpg 18w, https:\/\/www.organisator.ch\/wp-content\/uploads\/2019\/10\/Avia_Osterwalder-Up_Umwelt-Perspektiven-263x175.jpg 263w, https:\/\/www.organisator.ch\/wp-content\/uploads\/2019\/10\/Avia_Osterwalder-Up_Umwelt-Perspektiven-525x350.jpg 525w, https:\/\/www.organisator.ch\/wp-content\/uploads\/2019\/10\/Avia_Osterwalder-Up_Umwelt-Perspektiven-300x200.jpg 300w\" sizes=\"auto, (max-width: 680px) 100vw, 680px\" \/><figcaption id=\"caption-attachment-2509\" class=\"wp-caption-text\">An Avia Osterwalder filling station in eastern Switzerland in the last century. Now the initiators are submitting a building application for the realization of a hydrogen production plant at the St. Gallen-Kubel site. (Image: Avia Osterwalder)<\/figcaption><\/figure>\n<p>The founding of Hydrogen Production Ostschweiz AG makes it clear: AVIA Osterwalder and SAK are jointly investing in hydrogen as a renewable and clean energy for innovative mobility solutions. The plan is to build a production plant in the middle of the city of St. Gallen at the Kubel site, where SAK operates the hydroelectric and storage power plant of the same name. The site is only a few kilometers from the hydrogen filling station planned by AVIA Osterwalder on Oberstrasse.<\/p>\n<p><strong>Exclusively renewable energy sources<\/strong><\/p>\n<p>The advantages of hydrogen (H2) as an energy carrier for mobility solutions are pleasing. A vehicle can be refueled in just a few minutes, the only emissions are water vapor, and its range and performance are comparable to vehicles with conventional fuel drives. The H2 produced at the Kubel site is made exclusively from renewable energy sources. For the initiators, it is clear: H2 offers enormous potential in the field of mobility for the implementation of climate targets.<\/p>\n<p><strong>H2 mobility solutions on the verge of a breakthrough<\/strong><\/p>\n<p>The need for a nationwide supply of H2 filling stations is unbroken. This is evidenced by recently announced initiatives, such as Hyundai's ambitious project. Together with H2- Energy AG, the Koreans are preparing the world's first fleet of over 1600 fuel cell commercial vehicles exclusively for Switzerland. The roll-out has already been initiated and is expected to last until 2025. For the success of a functioning and emission-free market, the establishment of local H2 production facilities and a nationwide network of H2 filling stations is crucial.<\/p>\n<p><strong>Groundbreaking in spring 2020<\/strong><\/p>\n<p>As with all AVIA Osterwalder and SAK construction projects, sustainability plays a decisive role. The building application will be submitted soon.<br \/>\nIf no objections to the project are received, construction work is expected to start in spring 2020 once planning has been completed. AVIA Osterwalder and SAK will provide detailed information on the specific project once approval has been received.<\/p>\n<p><a href=\"\/\/www.osterwalder.ch\">www.osterwalder.ch<\/a><\/p>\n<p>&nbsp;<\/p>","protected":false},"excerpt":{"rendered":"<p>Die Gr\u00fcndung der Wasserstoffproduktion Ostschweiz AG macht deutlich: AVIA Osterwalder und die SAK investieren gemeinsam in Wasserstoff als erneuerbare und saubere Energie f\u00fcr innovative Mobilit\u00e4tsl\u00f6sungen. Geplant ist der Bau einer Produktionsanlage inmitten der Stadt St. Gallen am Standort Kubel, wo die SAK das gleichnamige Wasser- und Speicherkraftwerk betreibt. Der Standort ist nur wenige Kilometer von [&hellip;]<\/p>\n","protected":false},"author":5,"featured_media":2509,"comment_status":"open","ping_status":"open","sticky":false,"template":"","format":"standard","meta":{"_acf_changed":false,"_yoast_wpseo_focuskw":"Wasserstoffproduktion Ostschweiz AG","_yoast_wpseo_metadesc":"AVIA Osterwalder und die St.Gallisch-Appenzellische Kraftwerke AG SAK haben die Wasserstoffproduktion Ostschweiz AG gegr\u00fcndet.","articlekey":"","footnotes":""},"categories":[580],"tags":[875,1341,598,1951,424,2524],"class_list":["post-2508","post","type-post","status-publish","format-standard","has-post-thumbnail","hentry","category-sustainability","tag-brennstoffzellen","tag-h2","tag-nutzfahrzeuge","tag-produktionsanlage","tag-schweiz","tag-wasserstoff"],"acf":[],"yoast_head":"<!-- This site is optimized with the Yoast SEO plugin v27.4 - https:\/\/yoast.com\/product\/yoast-seo-wordpress\/ -->\n<title>Wasserstoffproduktion Ostschweiz AG gegr\u00fcndet - Organisator<\/title>\n<meta name=\"description\" content=\"AVIA Osterwalder und die St.Gallisch-Appenzellische Kraftwerke AG SAK haben die Wasserstoffproduktion Ostschweiz AG gegr\u00fcndet.\" \/>\n<meta name=\"robots\" content=\"index, follow, max-snippet:-1, max-image-preview:large, max-video-preview:-1\" \/>\n<link rel=\"canonical\" href=\"https:\/\/www.organisator.ch\/en\/sustainability\/2019-10-01\/wasserstoffproduktion-ostschweiz-ag-gegruendet\/\" \/>\n<meta property=\"og:locale\" content=\"en_US\" \/>\n<meta property=\"og:type\" content=\"article\" \/>\n<meta property=\"og:title\" content=\"Wasserstoffproduktion Ostschweiz AG gegr\u00fcndet - Organisator\" \/>\n<meta property=\"og:description\" content=\"AVIA Osterwalder und die St.Gallisch-Appenzellische Kraftwerke AG SAK haben die Wasserstoffproduktion Ostschweiz AG gegr\u00fcndet.\" \/>\n<meta property=\"og:url\" content=\"https:\/\/www.organisator.ch\/en\/sustainability\/2019-10-01\/wasserstoffproduktion-ostschweiz-ag-gegruendet\/\" \/>\n<meta property=\"og:site_name\" content=\"Organisator\" \/>\n<meta property=\"article:publisher\" content=\"https:\/\/www.facebook.com\/OrganisatorFachmagazin\" \/>\n<meta property=\"article:published_time\" content=\"2019-10-01T09:52:41+00:00\" \/>\n<meta property=\"article:modified_time\" content=\"2022-02-09T10:06:16+00:00\" \/>\n<meta property=\"og:image\" content=\"https:\/\/www.organisator.ch\/wp-content\/uploads\/2019\/10\/Avia_Osterwalder-Up_Umwelt-Perspektiven.jpg\" \/>\n\t<meta property=\"og:image:width\" content=\"690\" \/>\n\t<meta property=\"og:image:height\" content=\"460\" \/>\n\t<meta property=\"og:image:type\" content=\"image\/jpeg\" \/>\n<meta name=\"author\" content=\"michael.merz\" \/>\n<meta name=\"twitter:card\" content=\"summary_large_image\" \/>\n<script type=\"application\/ld+json\" class=\"yoast-schema-graph\">{\"@context\":\"https:\\\/\\\/schema.org\",\"@graph\":[{\"@type\":\"Article\",\"@id\":\"https:\\\/\\\/www.organisator.ch\\\/sustainability\\\/2019-10-01\\\/wasserstoffproduktion-ostschweiz-ag-gegruendet\\\/#article\",\"isPartOf\":{\"@id\":\"https:\\\/\\\/www.organisator.ch\\\/sustainability\\\/2019-10-01\\\/wasserstoffproduktion-ostschweiz-ag-gegruendet\\\/\"},\"author\":{\"name\":\"michael.merz\",\"@id\":\"https:\\\/\\\/www.organisator.ch\\\/#\\\/schema\\\/person\\\/134708ca9321c57b0362cceb7948ffbd\"},\"headline\":\"Wasserstoffproduktion Ostschweiz AG gegr\u00fcndet\",\"datePublished\":\"2019-10-01T09:52:41+00:00\",\"dateModified\":\"2022-02-09T10:06:16+00:00\",\"mainEntityOfPage\":{\"@id\":\"https:\\\/\\\/www.organisator.ch\\\/sustainability\\\/2019-10-01\\\/wasserstoffproduktion-ostschweiz-ag-gegruendet\\\/\"},\"wordCount\":334,\"commentCount\":0,\"publisher\":{\"@id\":\"https:\\\/\\\/www.organisator.ch\\\/#organization\"},\"image\":{\"@id\":\"https:\\\/\\\/www.organisator.ch\\\/sustainability\\\/2019-10-01\\\/wasserstoffproduktion-ostschweiz-ag-gegruendet\\\/#primaryimage\"},\"thumbnailUrl\":\"https:\\\/\\\/www.organisator.ch\\\/wp-content\\\/uploads\\\/2019\\\/10\\\/Avia_Osterwalder-Up_Umwelt-Perspektiven.jpg\",\"keywords\":[\"Brennstoffzellen\",\"H2\",\"Nutzfahrzeuge\",\"Produktionsanlage\",\"Schweiz\",\"Wasserstoff\"],\"articleSection\":[\"SUSTAINABILITY\"],\"inLanguage\":\"en-US\"},{\"@type\":\"WebPage\",\"@id\":\"https:\\\/\\\/www.organisator.ch\\\/sustainability\\\/2019-10-01\\\/wasserstoffproduktion-ostschweiz-ag-gegruendet\\\/\",\"url\":\"https:\\\/\\\/www.organisator.ch\\\/sustainability\\\/2019-10-01\\\/wasserstoffproduktion-ostschweiz-ag-gegruendet\\\/\",\"name\":\"Wasserstoffproduktion Ostschweiz AG gegr\u00fcndet - Organisator\",\"isPartOf\":{\"@id\":\"https:\\\/\\\/www.organisator.ch\\\/#website\"},\"primaryImageOfPage\":{\"@id\":\"https:\\\/\\\/www.organisator.ch\\\/sustainability\\\/2019-10-01\\\/wasserstoffproduktion-ostschweiz-ag-gegruendet\\\/#primaryimage\"},\"image\":{\"@id\":\"https:\\\/\\\/www.organisator.ch\\\/sustainability\\\/2019-10-01\\\/wasserstoffproduktion-ostschweiz-ag-gegruendet\\\/#primaryimage\"},\"thumbnailUrl\":\"https:\\\/\\\/www.organisator.ch\\\/wp-content\\\/uploads\\\/2019\\\/10\\\/Avia_Osterwalder-Up_Umwelt-Perspektiven.jpg\",\"datePublished\":\"2019-10-01T09:52:41+00:00\",\"dateModified\":\"2022-02-09T10:06:16+00:00\",\"description\":\"AVIA Osterwalder und die St.Gallisch-Appenzellische Kraftwerke AG SAK haben die Wasserstoffproduktion Ostschweiz AG gegr\u00fcndet.\",\"breadcrumb\":{\"@id\":\"https:\\\/\\\/www.organisator.ch\\\/sustainability\\\/2019-10-01\\\/wasserstoffproduktion-ostschweiz-ag-gegruendet\\\/#breadcrumb\"},\"inLanguage\":\"en-US\",\"potentialAction\":[{\"@type\":\"ReadAction\",\"target\":[\"https:\\\/\\\/www.organisator.ch\\\/sustainability\\\/2019-10-01\\\/wasserstoffproduktion-ostschweiz-ag-gegruendet\\\/\"]}]},{\"@type\":\"ImageObject\",\"inLanguage\":\"en-US\",\"@id\":\"https:\\\/\\\/www.organisator.ch\\\/sustainability\\\/2019-10-01\\\/wasserstoffproduktion-ostschweiz-ag-gegruendet\\\/#primaryimage\",\"url\":\"https:\\\/\\\/www.organisator.ch\\\/wp-content\\\/uploads\\\/2019\\\/10\\\/Avia_Osterwalder-Up_Umwelt-Perspektiven.jpg\",\"contentUrl\":\"https:\\\/\\\/www.organisator.ch\\\/wp-content\\\/uploads\\\/2019\\\/10\\\/Avia_Osterwalder-Up_Umwelt-Perspektiven.jpg\",\"width\":690,\"height\":460,\"caption\":\"Eine Tankstelle von Avia Osterwalder in der Ostschweiz im letzten Jahrhundert. Jetzt Ireichen die Initianten ihr Baugesuch zur Realisation einer Wasserstoff-Produktionsanlage am Standort St. Gallen-Kubel ein. (Bild: Avia Osterwalder)\"},{\"@type\":\"BreadcrumbList\",\"@id\":\"https:\\\/\\\/www.organisator.ch\\\/sustainability\\\/2019-10-01\\\/wasserstoffproduktion-ostschweiz-ag-gegruendet\\\/#breadcrumb\",\"itemListElement\":[{\"@type\":\"ListItem\",\"position\":1,\"name\":\"Home\",\"item\":\"https:\\\/\\\/www.organisator.ch\\\/\"},{\"@type\":\"ListItem\",\"position\":2,\"name\":\"Wasserstoffproduktion Ostschweiz AG gegr\u00fcndet\"}]},{\"@type\":\"WebSite\",\"@id\":\"https:\\\/\\\/www.organisator.ch\\\/#website\",\"url\":\"https:\\\/\\\/www.organisator.ch\\\/\",\"name\":\"Organisator\",\"description\":\"Kompetent. Praxisnah. Der ORGANISATOR bereitet in 10 Ausgaben pro Jahr die wesentlichen Themen f\u00fcr F\u00fchrungskr\u00e4fte von KMU auf.\",\"publisher\":{\"@id\":\"https:\\\/\\\/www.organisator.ch\\\/#organization\"},\"potentialAction\":[{\"@type\":\"SearchAction\",\"target\":{\"@type\":\"EntryPoint\",\"urlTemplate\":\"https:\\\/\\\/www.organisator.ch\\\/?s={search_term_string}\"},\"query-input\":{\"@type\":\"PropertyValueSpecification\",\"valueRequired\":true,\"valueName\":\"search_term_string\"}}],\"inLanguage\":\"en-US\"},{\"@type\":\"Organization\",\"@id\":\"https:\\\/\\\/www.organisator.ch\\\/#organization\",\"name\":\"Organisator\",\"url\":\"https:\\\/\\\/www.organisator.ch\\\/\",\"logo\":{\"@type\":\"ImageObject\",\"inLanguage\":\"en-US\",\"@id\":\"https:\\\/\\\/www.organisator.ch\\\/#\\\/schema\\\/logo\\\/image\\\/\",\"url\":\"https:\\\/\\\/www.organisator.ch\\\/wp-content\\\/uploads\\\/2022\\\/01\\\/Logo_Organisator_Website.png\",\"contentUrl\":\"https:\\\/\\\/www.organisator.ch\\\/wp-content\\\/uploads\\\/2022\\\/01\\\/Logo_Organisator_Website.png\",\"width\":800,\"height\":77,\"caption\":\"Organisator\"},\"image\":{\"@id\":\"https:\\\/\\\/www.organisator.ch\\\/#\\\/schema\\\/logo\\\/image\\\/\"},\"sameAs\":[\"https:\\\/\\\/www.facebook.com\\\/OrganisatorFachmagazin\",\"https:\\\/\\\/www.linkedin.com\\\/showcase\\\/organisator-das-magazin-fr-kmu\",\"https:\\\/\\\/www.xing.com\\\/news\\\/pages\\\/organisator-ch-695\",\"https:\\\/\\\/www.youtube.com\\\/channel\\\/UCGP2Sq0iWaZwT3BdIAQFYpw\"]},{\"@type\":\"Person\",\"@id\":\"https:\\\/\\\/www.organisator.ch\\\/#\\\/schema\\\/person\\\/134708ca9321c57b0362cceb7948ffbd\",\"name\":\"michael.merz\",\"image\":{\"@type\":\"ImageObject\",\"inLanguage\":\"en-US\",\"@id\":\"https:\\\/\\\/secure.gravatar.com\\\/avatar\\\/?s=96&d=mm&r=g\",\"url\":\"https:\\\/\\\/secure.gravatar.com\\\/avatar\\\/?s=96&d=mm&r=g\",\"contentUrl\":\"https:\\\/\\\/secure.gravatar.com\\\/avatar\\\/?s=96&d=mm&r=g\",\"caption\":\"michael.merz\"},\"url\":\"https:\\\/\\\/www.organisator.ch\\\/en\\\/author\\\/michael-merz\\\/\"}]}<\/script>\n<!-- \/ Yoast SEO plugin. -->","yoast_head_json":{"title":"Hydrogen production Ostschweiz AG founded - Organizer","description":"AVIA Osterwalder and St.Gallisch-Appenzellische Kraftwerke AG SAK have founded Hydrogen Production Eastern Switzerland AG.","robots":{"index":"index","follow":"follow","max-snippet":"max-snippet:-1","max-image-preview":"max-image-preview:large","max-video-preview":"max-video-preview:-1"},"canonical":"https:\/\/www.organisator.ch\/en\/sustainability\/2019-10-01\/wasserstoffproduktion-ostschweiz-ag-gegruendet\/","og_locale":"en_US","og_type":"article","og_title":"Wasserstoffproduktion Ostschweiz AG gegr\u00fcndet - Organisator","og_description":"AVIA Osterwalder und die St.Gallisch-Appenzellische Kraftwerke AG SAK haben die Wasserstoffproduktion Ostschweiz AG gegr\u00fcndet.","og_url":"https:\/\/www.organisator.ch\/en\/sustainability\/2019-10-01\/wasserstoffproduktion-ostschweiz-ag-gegruendet\/","og_site_name":"Organisator","article_publisher":"https:\/\/www.facebook.com\/OrganisatorFachmagazin","article_published_time":"2019-10-01T09:52:41+00:00","article_modified_time":"2022-02-09T10:06:16+00:00","og_image":[{"width":690,"height":460,"url":"https:\/\/www.organisator.ch\/wp-content\/uploads\/2019\/10\/Avia_Osterwalder-Up_Umwelt-Perspektiven.jpg","type":"image\/jpeg"}],"author":"michael.merz","twitter_card":"summary_large_image","schema":{"@context":"https:\/\/schema.org","@graph":[{"@type":"Article","@id":"https:\/\/www.organisator.ch\/sustainability\/2019-10-01\/wasserstoffproduktion-ostschweiz-ag-gegruendet\/#article","isPartOf":{"@id":"https:\/\/www.organisator.ch\/sustainability\/2019-10-01\/wasserstoffproduktion-ostschweiz-ag-gegruendet\/"},"author":{"name":"michael.merz","@id":"https:\/\/www.organisator.ch\/#\/schema\/person\/134708ca9321c57b0362cceb7948ffbd"},"headline":"Wasserstoffproduktion Ostschweiz AG gegr\u00fcndet","datePublished":"2019-10-01T09:52:41+00:00","dateModified":"2022-02-09T10:06:16+00:00","mainEntityOfPage":{"@id":"https:\/\/www.organisator.ch\/sustainability\/2019-10-01\/wasserstoffproduktion-ostschweiz-ag-gegruendet\/"},"wordCount":334,"commentCount":0,"publisher":{"@id":"https:\/\/www.organisator.ch\/#organization"},"image":{"@id":"https:\/\/www.organisator.ch\/sustainability\/2019-10-01\/wasserstoffproduktion-ostschweiz-ag-gegruendet\/#primaryimage"},"thumbnailUrl":"https:\/\/www.organisator.ch\/wp-content\/uploads\/2019\/10\/Avia_Osterwalder-Up_Umwelt-Perspektiven.jpg","keywords":["Brennstoffzellen","H2","Nutzfahrzeuge","Produktionsanlage","Schweiz","Wasserstoff"],"articleSection":["SUSTAINABILITY"],"inLanguage":"en-US"},{"@type":"WebPage","@id":"https:\/\/www.organisator.ch\/sustainability\/2019-10-01\/wasserstoffproduktion-ostschweiz-ag-gegruendet\/","url":"https:\/\/www.organisator.ch\/sustainability\/2019-10-01\/wasserstoffproduktion-ostschweiz-ag-gegruendet\/","name":"Hydrogen production Ostschweiz AG founded - Organizer","isPartOf":{"@id":"https:\/\/www.organisator.ch\/#website"},"primaryImageOfPage":{"@id":"https:\/\/www.organisator.ch\/sustainability\/2019-10-01\/wasserstoffproduktion-ostschweiz-ag-gegruendet\/#primaryimage"},"image":{"@id":"https:\/\/www.organisator.ch\/sustainability\/2019-10-01\/wasserstoffproduktion-ostschweiz-ag-gegruendet\/#primaryimage"},"thumbnailUrl":"https:\/\/www.organisator.ch\/wp-content\/uploads\/2019\/10\/Avia_Osterwalder-Up_Umwelt-Perspektiven.jpg","datePublished":"2019-10-01T09:52:41+00:00","dateModified":"2022-02-09T10:06:16+00:00","description":"AVIA Osterwalder and St.Gallisch-Appenzellische Kraftwerke AG SAK have founded Hydrogen Production Eastern Switzerland AG.","breadcrumb":{"@id":"https:\/\/www.organisator.ch\/sustainability\/2019-10-01\/wasserstoffproduktion-ostschweiz-ag-gegruendet\/#breadcrumb"},"inLanguage":"en-US","potentialAction":[{"@type":"ReadAction","target":["https:\/\/www.organisator.ch\/sustainability\/2019-10-01\/wasserstoffproduktion-ostschweiz-ag-gegruendet\/"]}]},{"@type":"ImageObject","inLanguage":"en-US","@id":"https:\/\/www.organisator.ch\/sustainability\/2019-10-01\/wasserstoffproduktion-ostschweiz-ag-gegruendet\/#primaryimage","url":"https:\/\/www.organisator.ch\/wp-content\/uploads\/2019\/10\/Avia_Osterwalder-Up_Umwelt-Perspektiven.jpg","contentUrl":"https:\/\/www.organisator.ch\/wp-content\/uploads\/2019\/10\/Avia_Osterwalder-Up_Umwelt-Perspektiven.jpg","width":690,"height":460,"caption":"Eine Tankstelle von Avia Osterwalder in der Ostschweiz im letzten Jahrhundert. Jetzt Ireichen die Initianten ihr Baugesuch zur Realisation einer Wasserstoff-Produktionsanlage am Standort St. Gallen-Kubel ein. (Bild: Avia Osterwalder)"},{"@type":"BreadcrumbList","@id":"https:\/\/www.organisator.ch\/sustainability\/2019-10-01\/wasserstoffproduktion-ostschweiz-ag-gegruendet\/#breadcrumb","itemListElement":[{"@type":"ListItem","position":1,"name":"Home","item":"https:\/\/www.organisator.ch\/"},{"@type":"ListItem","position":2,"name":"Wasserstoffproduktion Ostschweiz AG gegr\u00fcndet"}]},{"@type":"WebSite","@id":"https:\/\/www.organisator.ch\/#website","url":"https:\/\/www.organisator.ch\/","name":"Organizer","description":"Competent. Practical. In 10 issues per year, ORGANISATOR presents the essential topics for managers of SMEs.","publisher":{"@id":"https:\/\/www.organisator.ch\/#organization"},"potentialAction":[{"@type":"SearchAction","target":{"@type":"EntryPoint","urlTemplate":"https:\/\/www.organisator.ch\/?s={search_term_string}"},"query-input":{"@type":"PropertyValueSpecification","valueRequired":true,"valueName":"search_term_string"}}],"inLanguage":"en-US"},{"@type":"Organization","@id":"https:\/\/www.organisator.ch\/#organization","name":"Organizer","url":"https:\/\/www.organisator.ch\/","logo":{"@type":"ImageObject","inLanguage":"en-US","@id":"https:\/\/www.organisator.ch\/#\/schema\/logo\/image\/","url":"https:\/\/www.organisator.ch\/wp-content\/uploads\/2022\/01\/Logo_Organisator_Website.png","contentUrl":"https:\/\/www.organisator.ch\/wp-content\/uploads\/2022\/01\/Logo_Organisator_Website.png","width":800,"height":77,"caption":"Organisator"},"image":{"@id":"https:\/\/www.organisator.ch\/#\/schema\/logo\/image\/"},"sameAs":["https:\/\/www.facebook.com\/OrganisatorFachmagazin","https:\/\/www.linkedin.com\/showcase\/organisator-das-magazin-fr-kmu","https:\/\/www.xing.com\/news\/pages\/organisator-ch-695","https:\/\/www.youtube.com\/channel\/UCGP2Sq0iWaZwT3BdIAQFYpw"]},{"@type":"Person","@id":"https:\/\/www.organisator.ch\/#\/schema\/person\/134708ca9321c57b0362cceb7948ffbd","name":"michael.merz","image":{"@type":"ImageObject","inLanguage":"en-US","@id":"https:\/\/secure.gravatar.com\/avatar\/?s=96&d=mm&r=g","url":"https:\/\/secure.gravatar.com\/avatar\/?s=96&d=mm&r=g","contentUrl":"https:\/\/secure.gravatar.com\/avatar\/?s=96&d=mm&r=g","caption":"michael.merz"},"url":"https:\/\/www.organisator.ch\/en\/author\/michael-merz\/"}]}},"_links":{"self":[{"href":"https:\/\/www.organisator.ch\/en\/wp-json\/wp\/v2\/posts\/2508","targetHints":{"allow":["GET"]}}],"collection":[{"href":"https:\/\/www.organisator.ch\/en\/wp-json\/wp\/v2\/posts"}],"about":[{"href":"https:\/\/www.organisator.ch\/en\/wp-json\/wp\/v2\/types\/post"}],"author":[{"embeddable":true,"href":"https:\/\/www.organisator.ch\/en\/wp-json\/wp\/v2\/users\/5"}],"replies":[{"embeddable":true,"href":"https:\/\/www.organisator.ch\/en\/wp-json\/wp\/v2\/comments?post=2508"}],"version-history":[{"count":1,"href":"https:\/\/www.organisator.ch\/en\/wp-json\/wp\/v2\/posts\/2508\/revisions"}],"predecessor-version":[{"id":10545,"href":"https:\/\/www.organisator.ch\/en\/wp-json\/wp\/v2\/posts\/2508\/revisions\/10545"}],"wp:featuredmedia":[{"embeddable":true,"href":"https:\/\/www.organisator.ch\/en\/wp-json\/wp\/v2\/media\/2509"}],"wp:attachment":[{"href":"https:\/\/www.organisator.ch\/en\/wp-json\/wp\/v2\/media?parent=2508"}],"wp:term":[{"taxonomy":"category","embeddable":true,"href":"https:\/\/www.organisator.ch\/en\/wp-json\/wp\/v2\/categories?post=2508"},{"taxonomy":"post_tag","embeddable":true,"href":"https:\/\/www.organisator.ch\/en\/wp-json\/wp\/v2\/tags?post=2508"}],"curies":[{"name":"wp","href":"https:\/\/api.w.org\/{rel}","templated":true}]}}