{"id":251,"date":"2016-03-12T15:05:14","date_gmt":"2016-03-12T14:05:14","guid":{"rendered":"https:\/\/dev.umweltperspektiven.ch\/?p=251"},"modified":"2016-03-12T15:05:14","modified_gmt":"2016-03-12T14:05:14","slug":"vier-schwerpunkte-fuer-die-umweltforschung","status":"publish","type":"post","link":"https:\/\/www.organisator.ch\/en\/allgemein\/2016-03-12\/vier-schwerpunkte-fuer-die-umweltforschung\/","title":{"rendered":"Four focal points for environmental research"},"content":{"rendered":"<figure id=\"attachment_252\" aria-describedby=\"caption-attachment-252\" style=\"width: 680px\" class=\"wp-caption alignnone\"><a href=\"\/\/dev.umweltperspektiven.ch\/wp-content\/uploads\/2016\/12\/Vier-Schwerpunkte-f\u00fcr-die-Umweltforschung-umweltperspektiven.jpg\"><img loading=\"lazy\" decoding=\"async\" class=\"wp-image-252 size-medium\" src=\"\/\/www.umweltperspektiven.ch\/wp-content\/uploads\/2016\/12\/Vier-Schwerpunkte-f\u00fcr-die-Umweltforschung-umweltperspektiven.jpg\" alt=\"The FOEN&#039;s environmental research focuses, among other things, on environmental monitoring.\" width=\"680\" height=\"736\" \/><\/a><figcaption id=\"caption-attachment-252\" class=\"wp-caption-text\">The FOEN's environmental research focuses, among other things, on environmental monitoring.<\/figcaption><\/figure>\n<p>The FOEN's Environment Research Concept 2017-2020 contains four research priorities and 21 research areas.<\/p>\n<p>The aim of FOEN's environmental research is to lay a foundation for effective and efficient environmental and resource policy in Switzerland. It also aims to help identify environmental problems at an early stage and develop technologies that protect the environment and conserve resources.<\/p>\n<p><strong>Four focal points<\/strong><\/p>\n<p>The FOEN identifies four priority topics for the next four years<\/p>\n<ul>\n<li>Strengthening a resource-efficient economy<\/li>\n<li>Limiting and managing climate change<\/li>\n<li>Preserving biodiversity as a basis for life<\/li>\n<li>Strengthen the enforcement of environmental legislation and intensify environmental monitoring<\/li>\n<\/ul>\n<p>Specific research areas include the green economy, environmental communication and education, contaminated sites and air, soil, water, natural resource management, and chemical and biosafety. Priority research topics are identified in all areas.<\/p>\n<p>The complete concept is available on the <a href=\"http:\/\/www.bafu.admin.ch\/publikationen\/publikation\/01843\/index.html?lang=de\" target=\"_blank\" data-cke-saved-href=\"\/\/www.bafu.admin.ch\/publikationen\/publikation\/01843\/index.html?lang=de\" rel=\"noopener\">Website of the FOEN<\/a> available for download.<\/p>","protected":false},"excerpt":{"rendered":"<p>Das Forschungskonzept Umwelt 2017-2020\u00a0des BAFU enth\u00e4lt vier Forschungsschwerpunkte sowie 21 Forschungsbereiche. Ziel der Umweltforschung des BAFU ist es, eine Grundlage f\u00fcr eine wirksame und effiziente Umwelt- und Ressourcenpolitik in der Schweiz zu legen. Zudem soll sie mithelfen, Umweltprobleme fr\u00fch zu erkennen sowie umwelt- und ressourcenschonende Technologien zu entwickeln. Vier Schwerpunkte Das BAFU identifiziert vier Schwerpunktthemen [&hellip;]<\/p>\n","protected":false},"author":1,"featured_media":252,"comment_status":"open","ping_status":"open","sticky":false,"template":"","format":"standard","meta":{"_acf_changed":false,"_yoast_wpseo_focuskw":"Umweltforschung","_yoast_wpseo_metadesc":"Umweltforschung: Das Bundesamt f\u00fcr Umwelt (BAFU) legt das Forschungskonzept Umwelt f\u00fcr die Jahre 2017 bis 2020 vor. Es enth\u00e4lt vier Forschungsschwerpunkte.","articlekey":"","footnotes":""},"categories":[1],"tags":[762,829,218,1532,489],"class_list":["post-251","post","type-post","status-publish","format-standard","has-post-thumbnail","hentry","category-allgemein","tag-bafu","tag-biodiversitaet","tag-forschung","tag-klimawandel","tag-umweltschutz"],"acf":[],"yoast_head":"<!-- This site is optimized with the Yoast SEO plugin v27.4 - https:\/\/yoast.com\/product\/yoast-seo-wordpress\/ -->\n<title>Vier Schwerpunkte f\u00fcr die Umweltforschung - Organisator<\/title>\n<meta name=\"description\" content=\"Umweltforschung: Das Bundesamt f\u00fcr Umwelt (BAFU) legt das Forschungskonzept Umwelt f\u00fcr die Jahre 2017 bis 2020 vor. Es enth\u00e4lt vier Forschungsschwerpunkte.\" \/>\n<meta name=\"robots\" content=\"index, follow, max-snippet:-1, max-image-preview:large, max-video-preview:-1\" \/>\n<link rel=\"canonical\" href=\"https:\/\/www.organisator.ch\/en\/general\/2016-03-12\/vier-schwerpunkte-fuer-die-umweltforschung\/\" \/>\n<meta property=\"og:locale\" content=\"en_US\" \/>\n<meta property=\"og:type\" content=\"article\" \/>\n<meta property=\"og:title\" content=\"Vier Schwerpunkte f\u00fcr die Umweltforschung - Organisator\" \/>\n<meta property=\"og:description\" content=\"Umweltforschung: Das Bundesamt f\u00fcr Umwelt (BAFU) legt das Forschungskonzept Umwelt f\u00fcr die Jahre 2017 bis 2020 vor. Es enth\u00e4lt vier Forschungsschwerpunkte.\" \/>\n<meta property=\"og:url\" content=\"https:\/\/www.organisator.ch\/en\/general\/2016-03-12\/vier-schwerpunkte-fuer-die-umweltforschung\/\" \/>\n<meta property=\"og:site_name\" content=\"Organisator\" \/>\n<meta property=\"article:publisher\" content=\"https:\/\/www.facebook.com\/OrganisatorFachmagazin\" \/>\n<meta property=\"article:published_time\" content=\"2016-03-12T14:05:14+00:00\" \/>\n<meta property=\"og:image\" content=\"https:\/\/www.organisator.ch\/wp-content\/uploads\/2016\/12\/Vier-Schwerpunkte-fuer-die-Umweltforschung-umweltperspektiven.jpg\" \/>\n\t<meta property=\"og:image:width\" content=\"739\" \/>\n\t<meta property=\"og:image:height\" content=\"800\" \/>\n\t<meta property=\"og:image:type\" content=\"image\/jpeg\" \/>\n<meta name=\"author\" content=\"admin\" \/>\n<meta name=\"twitter:card\" content=\"summary_large_image\" \/>\n<script type=\"application\/ld+json\" class=\"yoast-schema-graph\">{\"@context\":\"https:\\\/\\\/schema.org\",\"@graph\":[{\"@type\":\"Article\",\"@id\":\"https:\\\/\\\/www.organisator.ch\\\/de\\\/allgemein\\\/2016-03-12\\\/vier-schwerpunkte-fuer-die-umweltforschung\\\/#article\",\"isPartOf\":{\"@id\":\"https:\\\/\\\/www.organisator.ch\\\/de\\\/allgemein\\\/2016-03-12\\\/vier-schwerpunkte-fuer-die-umweltforschung\\\/\"},\"author\":{\"name\":\"admin\",\"@id\":\"https:\\\/\\\/www.organisator.ch\\\/#\\\/schema\\\/person\\\/aa2bace6c5c5aad60102004a50c4eb1c\"},\"headline\":\"Vier Schwerpunkte f\u00fcr die Umweltforschung\",\"datePublished\":\"2016-03-12T14:05:14+00:00\",\"mainEntityOfPage\":{\"@id\":\"https:\\\/\\\/www.organisator.ch\\\/de\\\/allgemein\\\/2016-03-12\\\/vier-schwerpunkte-fuer-die-umweltforschung\\\/\"},\"wordCount\":162,\"commentCount\":0,\"publisher\":{\"@id\":\"https:\\\/\\\/www.organisator.ch\\\/#organization\"},\"image\":{\"@id\":\"https:\\\/\\\/www.organisator.ch\\\/de\\\/allgemein\\\/2016-03-12\\\/vier-schwerpunkte-fuer-die-umweltforschung\\\/#primaryimage\"},\"thumbnailUrl\":\"https:\\\/\\\/www.organisator.ch\\\/wp-content\\\/uploads\\\/2016\\\/12\\\/Vier-Schwerpunkte-fuer-die-Umweltforschung-umweltperspektiven.jpg\",\"keywords\":[\"BAFU\",\"Biodiversit\u00e4t\",\"Forschung\",\"Klimawandel\",\"Umweltschutz\"],\"articleSection\":[\"Allgemein\"],\"inLanguage\":\"en-US\"},{\"@type\":\"WebPage\",\"@id\":\"https:\\\/\\\/www.organisator.ch\\\/de\\\/allgemein\\\/2016-03-12\\\/vier-schwerpunkte-fuer-die-umweltforschung\\\/\",\"url\":\"https:\\\/\\\/www.organisator.ch\\\/de\\\/allgemein\\\/2016-03-12\\\/vier-schwerpunkte-fuer-die-umweltforschung\\\/\",\"name\":\"Vier Schwerpunkte f\u00fcr die Umweltforschung - Organisator\",\"isPartOf\":{\"@id\":\"https:\\\/\\\/www.organisator.ch\\\/#website\"},\"primaryImageOfPage\":{\"@id\":\"https:\\\/\\\/www.organisator.ch\\\/de\\\/allgemein\\\/2016-03-12\\\/vier-schwerpunkte-fuer-die-umweltforschung\\\/#primaryimage\"},\"image\":{\"@id\":\"https:\\\/\\\/www.organisator.ch\\\/de\\\/allgemein\\\/2016-03-12\\\/vier-schwerpunkte-fuer-die-umweltforschung\\\/#primaryimage\"},\"thumbnailUrl\":\"https:\\\/\\\/www.organisator.ch\\\/wp-content\\\/uploads\\\/2016\\\/12\\\/Vier-Schwerpunkte-fuer-die-Umweltforschung-umweltperspektiven.jpg\",\"datePublished\":\"2016-03-12T14:05:14+00:00\",\"description\":\"Umweltforschung: Das Bundesamt f\u00fcr Umwelt (BAFU) legt das Forschungskonzept Umwelt f\u00fcr die Jahre 2017 bis 2020 vor. Es enth\u00e4lt vier Forschungsschwerpunkte.\",\"breadcrumb\":{\"@id\":\"https:\\\/\\\/www.organisator.ch\\\/de\\\/allgemein\\\/2016-03-12\\\/vier-schwerpunkte-fuer-die-umweltforschung\\\/#breadcrumb\"},\"inLanguage\":\"en-US\",\"potentialAction\":[{\"@type\":\"ReadAction\",\"target\":[\"https:\\\/\\\/www.organisator.ch\\\/de\\\/allgemein\\\/2016-03-12\\\/vier-schwerpunkte-fuer-die-umweltforschung\\\/\"]}]},{\"@type\":\"ImageObject\",\"inLanguage\":\"en-US\",\"@id\":\"https:\\\/\\\/www.organisator.ch\\\/de\\\/allgemein\\\/2016-03-12\\\/vier-schwerpunkte-fuer-die-umweltforschung\\\/#primaryimage\",\"url\":\"https:\\\/\\\/www.organisator.ch\\\/wp-content\\\/uploads\\\/2016\\\/12\\\/Vier-Schwerpunkte-fuer-die-Umweltforschung-umweltperspektiven.jpg\",\"contentUrl\":\"https:\\\/\\\/www.organisator.ch\\\/wp-content\\\/uploads\\\/2016\\\/12\\\/Vier-Schwerpunkte-fuer-die-Umweltforschung-umweltperspektiven.jpg\",\"width\":739,\"height\":800,\"caption\":\"Die Umweltforschung des BAFU konzentriert sich unter anderem auf die Umweltbeobachtung.\"},{\"@type\":\"BreadcrumbList\",\"@id\":\"https:\\\/\\\/www.organisator.ch\\\/de\\\/allgemein\\\/2016-03-12\\\/vier-schwerpunkte-fuer-die-umweltforschung\\\/#breadcrumb\",\"itemListElement\":[{\"@type\":\"ListItem\",\"position\":1,\"name\":\"Home\",\"item\":\"https:\\\/\\\/www.organisator.ch\\\/\"},{\"@type\":\"ListItem\",\"position\":2,\"name\":\"Vier Schwerpunkte f\u00fcr die Umweltforschung\"}]},{\"@type\":\"WebSite\",\"@id\":\"https:\\\/\\\/www.organisator.ch\\\/#website\",\"url\":\"https:\\\/\\\/www.organisator.ch\\\/\",\"name\":\"Organisator\",\"description\":\"Kompetent. Praxisnah. Der ORGANISATOR bereitet in 10 Ausgaben pro Jahr die wesentlichen Themen f\u00fcr F\u00fchrungskr\u00e4fte von KMU auf.\",\"publisher\":{\"@id\":\"https:\\\/\\\/www.organisator.ch\\\/#organization\"},\"potentialAction\":[{\"@type\":\"SearchAction\",\"target\":{\"@type\":\"EntryPoint\",\"urlTemplate\":\"https:\\\/\\\/www.organisator.ch\\\/?s={search_term_string}\"},\"query-input\":{\"@type\":\"PropertyValueSpecification\",\"valueRequired\":true,\"valueName\":\"search_term_string\"}}],\"inLanguage\":\"en-US\"},{\"@type\":\"Organization\",\"@id\":\"https:\\\/\\\/www.organisator.ch\\\/#organization\",\"name\":\"Organisator\",\"url\":\"https:\\\/\\\/www.organisator.ch\\\/\",\"logo\":{\"@type\":\"ImageObject\",\"inLanguage\":\"en-US\",\"@id\":\"https:\\\/\\\/www.organisator.ch\\\/#\\\/schema\\\/logo\\\/image\\\/\",\"url\":\"https:\\\/\\\/www.organisator.ch\\\/wp-content\\\/uploads\\\/2022\\\/01\\\/Logo_Organisator_Website.png\",\"contentUrl\":\"https:\\\/\\\/www.organisator.ch\\\/wp-content\\\/uploads\\\/2022\\\/01\\\/Logo_Organisator_Website.png\",\"width\":800,\"height\":77,\"caption\":\"Organisator\"},\"image\":{\"@id\":\"https:\\\/\\\/www.organisator.ch\\\/#\\\/schema\\\/logo\\\/image\\\/\"},\"sameAs\":[\"https:\\\/\\\/www.facebook.com\\\/OrganisatorFachmagazin\",\"https:\\\/\\\/www.linkedin.com\\\/showcase\\\/organisator-das-magazin-fr-kmu\",\"https:\\\/\\\/www.xing.com\\\/news\\\/pages\\\/organisator-ch-695\",\"https:\\\/\\\/www.youtube.com\\\/channel\\\/UCGP2Sq0iWaZwT3BdIAQFYpw\"]},{\"@type\":\"Person\",\"@id\":\"https:\\\/\\\/www.organisator.ch\\\/#\\\/schema\\\/person\\\/aa2bace6c5c5aad60102004a50c4eb1c\",\"name\":\"admin\",\"image\":{\"@type\":\"ImageObject\",\"inLanguage\":\"en-US\",\"@id\":\"https:\\\/\\\/secure.gravatar.com\\\/avatar\\\/ae2f4d718e6c49043e314ce431e7e645d646302a24a5ef5a8bc8e3f5a032e319?s=96&d=mm&r=g\",\"url\":\"https:\\\/\\\/secure.gravatar.com\\\/avatar\\\/ae2f4d718e6c49043e314ce431e7e645d646302a24a5ef5a8bc8e3f5a032e319?s=96&d=mm&r=g\",\"contentUrl\":\"https:\\\/\\\/secure.gravatar.com\\\/avatar\\\/ae2f4d718e6c49043e314ce431e7e645d646302a24a5ef5a8bc8e3f5a032e319?s=96&d=mm&r=g\",\"caption\":\"admin\"},\"sameAs\":[\"https:\\\/\\\/www.organisator.ch\"],\"url\":\"https:\\\/\\\/www.organisator.ch\\\/en\\\/author\\\/admin\\\/\"}]}<\/script>\n<!-- \/ Yoast SEO plugin. -->","yoast_head_json":{"title":"Four focal points for environmental research - Organizer","description":"Environmental research: The Federal Office for the Environment (FOEN) presents the environmental research concept for the years 2017 to 2020. It contains four research priorities.","robots":{"index":"index","follow":"follow","max-snippet":"max-snippet:-1","max-image-preview":"max-image-preview:large","max-video-preview":"max-video-preview:-1"},"canonical":"https:\/\/www.organisator.ch\/en\/general\/2016-03-12\/vier-schwerpunkte-fuer-die-umweltforschung\/","og_locale":"en_US","og_type":"article","og_title":"Vier Schwerpunkte f\u00fcr die Umweltforschung - Organisator","og_description":"Umweltforschung: Das Bundesamt f\u00fcr Umwelt (BAFU) legt das Forschungskonzept Umwelt f\u00fcr die Jahre 2017 bis 2020 vor. Es enth\u00e4lt vier Forschungsschwerpunkte.","og_url":"https:\/\/www.organisator.ch\/en\/general\/2016-03-12\/vier-schwerpunkte-fuer-die-umweltforschung\/","og_site_name":"Organisator","article_publisher":"https:\/\/www.facebook.com\/OrganisatorFachmagazin","article_published_time":"2016-03-12T14:05:14+00:00","og_image":[{"width":739,"height":800,"url":"https:\/\/www.organisator.ch\/wp-content\/uploads\/2016\/12\/Vier-Schwerpunkte-fuer-die-Umweltforschung-umweltperspektiven.jpg","type":"image\/jpeg"}],"author":"admin","twitter_card":"summary_large_image","schema":{"@context":"https:\/\/schema.org","@graph":[{"@type":"Article","@id":"https:\/\/www.organisator.ch\/de\/allgemein\/2016-03-12\/vier-schwerpunkte-fuer-die-umweltforschung\/#article","isPartOf":{"@id":"https:\/\/www.organisator.ch\/de\/allgemein\/2016-03-12\/vier-schwerpunkte-fuer-die-umweltforschung\/"},"author":{"name":"admin","@id":"https:\/\/www.organisator.ch\/#\/schema\/person\/aa2bace6c5c5aad60102004a50c4eb1c"},"headline":"Vier Schwerpunkte f\u00fcr die Umweltforschung","datePublished":"2016-03-12T14:05:14+00:00","mainEntityOfPage":{"@id":"https:\/\/www.organisator.ch\/de\/allgemein\/2016-03-12\/vier-schwerpunkte-fuer-die-umweltforschung\/"},"wordCount":162,"commentCount":0,"publisher":{"@id":"https:\/\/www.organisator.ch\/#organization"},"image":{"@id":"https:\/\/www.organisator.ch\/de\/allgemein\/2016-03-12\/vier-schwerpunkte-fuer-die-umweltforschung\/#primaryimage"},"thumbnailUrl":"https:\/\/www.organisator.ch\/wp-content\/uploads\/2016\/12\/Vier-Schwerpunkte-fuer-die-Umweltforschung-umweltperspektiven.jpg","keywords":["BAFU","Biodiversit\u00e4t","Forschung","Klimawandel","Umweltschutz"],"articleSection":["Allgemein"],"inLanguage":"en-US"},{"@type":"WebPage","@id":"https:\/\/www.organisator.ch\/de\/allgemein\/2016-03-12\/vier-schwerpunkte-fuer-die-umweltforschung\/","url":"https:\/\/www.organisator.ch\/de\/allgemein\/2016-03-12\/vier-schwerpunkte-fuer-die-umweltforschung\/","name":"Four focal points for environmental research - Organizer","isPartOf":{"@id":"https:\/\/www.organisator.ch\/#website"},"primaryImageOfPage":{"@id":"https:\/\/www.organisator.ch\/de\/allgemein\/2016-03-12\/vier-schwerpunkte-fuer-die-umweltforschung\/#primaryimage"},"image":{"@id":"https:\/\/www.organisator.ch\/de\/allgemein\/2016-03-12\/vier-schwerpunkte-fuer-die-umweltforschung\/#primaryimage"},"thumbnailUrl":"https:\/\/www.organisator.ch\/wp-content\/uploads\/2016\/12\/Vier-Schwerpunkte-fuer-die-Umweltforschung-umweltperspektiven.jpg","datePublished":"2016-03-12T14:05:14+00:00","description":"Environmental research: The Federal Office for the Environment (FOEN) presents the environmental research concept for the years 2017 to 2020. It contains four research priorities.","breadcrumb":{"@id":"https:\/\/www.organisator.ch\/de\/allgemein\/2016-03-12\/vier-schwerpunkte-fuer-die-umweltforschung\/#breadcrumb"},"inLanguage":"en-US","potentialAction":[{"@type":"ReadAction","target":["https:\/\/www.organisator.ch\/de\/allgemein\/2016-03-12\/vier-schwerpunkte-fuer-die-umweltforschung\/"]}]},{"@type":"ImageObject","inLanguage":"en-US","@id":"https:\/\/www.organisator.ch\/de\/allgemein\/2016-03-12\/vier-schwerpunkte-fuer-die-umweltforschung\/#primaryimage","url":"https:\/\/www.organisator.ch\/wp-content\/uploads\/2016\/12\/Vier-Schwerpunkte-fuer-die-Umweltforschung-umweltperspektiven.jpg","contentUrl":"https:\/\/www.organisator.ch\/wp-content\/uploads\/2016\/12\/Vier-Schwerpunkte-fuer-die-Umweltforschung-umweltperspektiven.jpg","width":739,"height":800,"caption":"Die Umweltforschung des BAFU konzentriert sich unter anderem auf die Umweltbeobachtung."},{"@type":"BreadcrumbList","@id":"https:\/\/www.organisator.ch\/de\/allgemein\/2016-03-12\/vier-schwerpunkte-fuer-die-umweltforschung\/#breadcrumb","itemListElement":[{"@type":"ListItem","position":1,"name":"Home","item":"https:\/\/www.organisator.ch\/"},{"@type":"ListItem","position":2,"name":"Vier Schwerpunkte f\u00fcr die Umweltforschung"}]},{"@type":"WebSite","@id":"https:\/\/www.organisator.ch\/#website","url":"https:\/\/www.organisator.ch\/","name":"Organizer","description":"Competent. Practical. In 10 issues per year, ORGANISATOR presents the essential topics for managers of SMEs.","publisher":{"@id":"https:\/\/www.organisator.ch\/#organization"},"potentialAction":[{"@type":"SearchAction","target":{"@type":"EntryPoint","urlTemplate":"https:\/\/www.organisator.ch\/?s={search_term_string}"},"query-input":{"@type":"PropertyValueSpecification","valueRequired":true,"valueName":"search_term_string"}}],"inLanguage":"en-US"},{"@type":"Organization","@id":"https:\/\/www.organisator.ch\/#organization","name":"Organizer","url":"https:\/\/www.organisator.ch\/","logo":{"@type":"ImageObject","inLanguage":"en-US","@id":"https:\/\/www.organisator.ch\/#\/schema\/logo\/image\/","url":"https:\/\/www.organisator.ch\/wp-content\/uploads\/2022\/01\/Logo_Organisator_Website.png","contentUrl":"https:\/\/www.organisator.ch\/wp-content\/uploads\/2022\/01\/Logo_Organisator_Website.png","width":800,"height":77,"caption":"Organisator"},"image":{"@id":"https:\/\/www.organisator.ch\/#\/schema\/logo\/image\/"},"sameAs":["https:\/\/www.facebook.com\/OrganisatorFachmagazin","https:\/\/www.linkedin.com\/showcase\/organisator-das-magazin-fr-kmu","https:\/\/www.xing.com\/news\/pages\/organisator-ch-695","https:\/\/www.youtube.com\/channel\/UCGP2Sq0iWaZwT3BdIAQFYpw"]},{"@type":"Person","@id":"https:\/\/www.organisator.ch\/#\/schema\/person\/aa2bace6c5c5aad60102004a50c4eb1c","name":"admin","image":{"@type":"ImageObject","inLanguage":"en-US","@id":"https:\/\/secure.gravatar.com\/avatar\/ae2f4d718e6c49043e314ce431e7e645d646302a24a5ef5a8bc8e3f5a032e319?s=96&d=mm&r=g","url":"https:\/\/secure.gravatar.com\/avatar\/ae2f4d718e6c49043e314ce431e7e645d646302a24a5ef5a8bc8e3f5a032e319?s=96&d=mm&r=g","contentUrl":"https:\/\/secure.gravatar.com\/avatar\/ae2f4d718e6c49043e314ce431e7e645d646302a24a5ef5a8bc8e3f5a032e319?s=96&d=mm&r=g","caption":"admin"},"sameAs":["https:\/\/www.organisator.ch"],"url":"https:\/\/www.organisator.ch\/en\/author\/admin\/"}]}},"_links":{"self":[{"href":"https:\/\/www.organisator.ch\/en\/wp-json\/wp\/v2\/posts\/251","targetHints":{"allow":["GET"]}}],"collection":[{"href":"https:\/\/www.organisator.ch\/en\/wp-json\/wp\/v2\/posts"}],"about":[{"href":"https:\/\/www.organisator.ch\/en\/wp-json\/wp\/v2\/types\/post"}],"author":[{"embeddable":true,"href":"https:\/\/www.organisator.ch\/en\/wp-json\/wp\/v2\/users\/1"}],"replies":[{"embeddable":true,"href":"https:\/\/www.organisator.ch\/en\/wp-json\/wp\/v2\/comments?post=251"}],"version-history":[{"count":0,"href":"https:\/\/www.organisator.ch\/en\/wp-json\/wp\/v2\/posts\/251\/revisions"}],"wp:featuredmedia":[{"embeddable":true,"href":"https:\/\/www.organisator.ch\/en\/wp-json\/wp\/v2\/media\/252"}],"wp:attachment":[{"href":"https:\/\/www.organisator.ch\/en\/wp-json\/wp\/v2\/media?parent=251"}],"wp:term":[{"taxonomy":"category","embeddable":true,"href":"https:\/\/www.organisator.ch\/en\/wp-json\/wp\/v2\/categories?post=251"},{"taxonomy":"post_tag","embeddable":true,"href":"https:\/\/www.organisator.ch\/en\/wp-json\/wp\/v2\/tags?post=251"}],"curies":[{"name":"wp","href":"https:\/\/api.w.org\/{rel}","templated":true}]}}