{"id":2510,"date":"2017-09-29T08:14:43","date_gmt":"2017-09-29T06:14:43","guid":{"rendered":"https:\/\/www.organisator.ch\/?p=2510"},"modified":"2017-09-29T08:14:43","modified_gmt":"2017-09-29T06:14:43","slug":"wenn-die-cloud-expertise-fehlt-droht-umsatzverlust","status":"publish","type":"post","link":"https:\/\/www.organisator.ch\/en\/management\/it\/2017-09-29\/wenn-die-cloud-expertise-fehlt-droht-umsatzverlust\/","title":{"rendered":"Lack of cloud expertise threatens loss of revenue"},"content":{"rendered":"<figure id=\"attachment_2512\" aria-describedby=\"caption-attachment-2512\" style=\"width: 640px\" class=\"wp-caption alignnone\"><img loading=\"lazy\" decoding=\"async\" class=\"size-full wp-image-2512\" src=\"https:\/\/www.organisator.ch\/wp-content\/uploads\/2017\/09\/Wenn-die-Cloud-Expertise-fehlt-droht-Umsatzverlust-1_Organisator.jpg\" alt=\"\" width=\"640\" height=\"428\" srcset=\"https:\/\/www.organisator.ch\/wp-content\/uploads\/2017\/09\/Wenn-die-Cloud-Expertise-fehlt-droht-Umsatzverlust-1_Organisator.jpg 640w, https:\/\/www.organisator.ch\/wp-content\/uploads\/2017\/09\/Wenn-die-Cloud-Expertise-fehlt-droht-Umsatzverlust-1_Organisator-16x12.jpg 16w, https:\/\/www.organisator.ch\/wp-content\/uploads\/2017\/09\/Wenn-die-Cloud-Expertise-fehlt-droht-Umsatzverlust-1_Organisator-262x175.jpg 262w, https:\/\/www.organisator.ch\/wp-content\/uploads\/2017\/09\/Wenn-die-Cloud-Expertise-fehlt-droht-Umsatzverlust-1_Organisator-523x350.jpg 523w, https:\/\/www.organisator.ch\/wp-content\/uploads\/2017\/09\/Wenn-die-Cloud-Expertise-fehlt-droht-Umsatzverlust-1_Organisator-300x201.jpg 300w\" sizes=\"auto, (max-width: 640px) 100vw, 640px\" \/><figcaption id=\"caption-attachment-2512\" class=\"wp-caption-text\">More cloud expertise in companies would lead to more innovation, according to many IT professionals. (Image: Aka - pixelio.de)<\/figcaption><\/figure>\n<p><span style=\"font-size: medium;\">Large companies in Switzerland may be losing revenue because 82 percent of IT decision-makers do not have the necessary cloud expertise. Globally, large enterprises lose more than $250 million annually<\/span> <span style=\"font-size: medium;\">due to knowledge gaps on the subject of the cloud. This is shown by a new study conducted by Rackspace in collaboration with researchers from the London School of Economics and Political Science (LSE). <\/span><span style=\"font-size: medium;\">950 IT decision-makers and 950 IT professionals were surveyed, and there were<\/span><span style=\"font-family: Calibri,Calibri; font-size: medium;\">\u00a0<\/span><span style=\"font-size: medium;\">conducted detailed interviews with IT executives.<\/span><\/p>\n<h2>Lack of cloud expertise inhibits innovation<\/h2>\n<p>The study also found that this lack of expertise hinders creativity. For example, 47 percent of IT pros say they could bring greater innovation to their organizations with the right cloud knowledge. Thirty-nine percent of IT decision makers believe their company is lagging behind in installing cloud platforms due to a lack of skills. In addition, 79 percent said they need to invest more in their workforce to meet the evolving demands of cloud computing.<\/p>\n<p>John Engates, chief technology officer at Rackspace, says, \"With the advent of artificial intelligence and automation, some believe human knowledge is less important. Our study proves this is not the case. With technology and cloud now supporting business transformation, the growing knowledge gap means organizations must have a strategy in place to access the experience they need. Otherwise, they will struggle to compete and innovate.\"<\/p>\n<h2>The realities of modern IT<\/h2>\n<p>IT decision makers are realizing the benefits of migrating all or part of their IT to the cloud. In fact, 44 percent of respondents say their company already has a positive return on investment (ROI) from cloud adoption. Another 46 percent expect the cloud to deliver a positive ROI in the future. Despite the benefits, IT pros and IT decision makers are frustrated by their inability to realize the full potential of the cloud:<\/p>\n<ul>\n<li>44 percent of IT pros spend more time than expected managing day-to-day cloud processes<\/li>\n<\/ul>\n<ul>\n<li>52 percent of IT decision makers recognize that a lack of expertise is holding back their business<\/li>\n<\/ul>\n<ul>\n<li>81 percent of IT pros say detailed cloud knowledge within their organization would help them increase cloud ROI<\/li>\n<\/ul>\n<figure id=\"attachment_2513\" aria-describedby=\"caption-attachment-2513\" style=\"width: 680px\" class=\"wp-caption alignnone\"><img loading=\"lazy\" decoding=\"async\" class=\"size-medium wp-image-2513\" src=\"https:\/\/www.organisator.ch\/wp-content\/uploads\/2017\/09\/Wenn-die-Cloud-Expertise-fehlt-droht-Umsatzverlust-2_Organisator.jpg\" alt=\"\" width=\"680\" height=\"270\" srcset=\"https:\/\/www.organisator.ch\/wp-content\/uploads\/2017\/09\/Wenn-die-Cloud-Expertise-fehlt-droht-Umsatzverlust-2_Organisator.jpg 1206w, https:\/\/www.organisator.ch\/wp-content\/uploads\/2017\/09\/Wenn-die-Cloud-Expertise-fehlt-droht-Umsatzverlust-2_Organisator-680x270.jpg 680w, https:\/\/www.organisator.ch\/wp-content\/uploads\/2017\/09\/Wenn-die-Cloud-Expertise-fehlt-droht-Umsatzverlust-2_Organisator-1024x407.jpg 1024w, https:\/\/www.organisator.ch\/wp-content\/uploads\/2017\/09\/Wenn-die-Cloud-Expertise-fehlt-droht-Umsatzverlust-2_Organisator-768x305.jpg 768w, https:\/\/www.organisator.ch\/wp-content\/uploads\/2017\/09\/Wenn-die-Cloud-Expertise-fehlt-droht-Umsatzverlust-2_Organisator-16x6.jpg 16w, https:\/\/www.organisator.ch\/wp-content\/uploads\/2017\/09\/Wenn-die-Cloud-Expertise-fehlt-droht-Umsatzverlust-2_Organisator-375x149.jpg 375w, https:\/\/www.organisator.ch\/wp-content\/uploads\/2017\/09\/Wenn-die-Cloud-Expertise-fehlt-droht-Umsatzverlust-2_Organisator-760x302.jpg 760w, https:\/\/www.organisator.ch\/wp-content\/uploads\/2017\/09\/Wenn-die-Cloud-Expertise-fehlt-droht-Umsatzverlust-2_Organisator-920x365.jpg 920w, https:\/\/www.organisator.ch\/wp-content\/uploads\/2017\/09\/Wenn-die-Cloud-Expertise-fehlt-droht-Umsatzverlust-2_Organisator-300x119.jpg 300w\" sizes=\"auto, (max-width: 680px) 100vw, 680px\" \/><figcaption id=\"caption-attachment-2513\" class=\"wp-caption-text\">Finding the right cloud expertise is seen as a priority by IT decision makers (53%) and IT professionals (48%) over the next five years. (Image\/Graphic: Rackspace)<\/figcaption><\/figure>\n<h2>The most needed cloud skills<\/h2>\n<p>For half of IT decision makers (50 percent), hiring the right professionals to help them manage the cloud is difficult. Native cloud app development (43 percent) is the most difficult skill to find, according to IT decision makers, followed by project management for migrations and cloud security (40 percent each). The biggest hurdles to hiring are:<\/p>\n<ul>\n<li>Companies cannot provide enough training or career opportunities (28 percent each)<\/li>\n<li>The positions are not attractive enough because they are focused on maintenance (24 percent)<\/li>\n<li>Industry-wide competition for skilled workers (22 percent)<\/li>\n<\/ul>\n<p>What IT professionals expect from their new position can offer companies some clues when competing for new employees. While salary and benefits are most important (62 percent), career opportunities within the company (41 percent) and the chance to work on interesting projects (37 percent) are also high on the list. This shows that companies should not only look at attractive salaries to get and keep skilled workers.<\/p>\n<p>However, 56 percent of IT decision-makers want to increase their company's cloud usage over the next five years, and 39 percent have concerns about retaining skilled workers. Thus, workforce development challenges are likely to increase. This is exacerbated by the fact that it takes \"several weeks or longer\" to train new employees, according to the majority of IT decision makers (84 percent). 22 percent need \"months\" for training and onboarding new colleagues.<\/p>\n<h2>Overcoming the challenges<\/h2>\n<p>Based on the study, some tips have been compiled on how companies can address the cloud knowledge gap:<\/p>\n<ul>\n<li><strong>Breakdown of IT functions into individual streams:<\/strong> The concept of splitting IT functions into two areas enables companies to focus on the priorities of business- and process-oriented digital innovation. Both are important for companies to succeed in a technology-led market.<\/li>\n<li><strong>Develop a cloud skills strategy: <\/strong>Every IT leader should implement a strategy that matches current skills in the organization with future innovation trends and changes (both in the business and in the cloud). They should compare this with realistic market analyses of the available skilled workforce.<\/li>\n<li><strong>Complete cloud system assessment:<\/strong> Enterprises should develop a comprehensive approach to the provision of basic cloud services (for example, provider risk bundling). The business and process-oriented challenges can be overcome much more easily through constant improvements and significant innovations if the company relies on a balanced pool of skills and competencies within and outside its own boundaries.<\/li>\n<\/ul>\n<p>Mariano Mamertino, EMEA Economist at global job board Indeed, comments, \"Finding, hiring and retaining technology professionals is critical to success for businesses, but it is becoming increasingly difficult to find the talent they need as the corresponding demand increases. Our data shows that there is a global mismatch between cloud positions advertised and those sought by IT professionals. This could further widen the cloud knowledge gap. As this new study shows, a funding and innovation gap exists for businesses worldwide that needs to be plugged.\"<\/p>\n<p><em>Source: <a href=\"http:\/\/www.rackspace.com\/de\">Rackspace<\/a><\/em><\/p>\n<p>&nbsp;<\/p>","protected":false},"excerpt":{"rendered":"<p>Grossen Unternehmen in Schweiz geht m\u00f6glicherweise Umsatz verloren, da 82 Prozent der IT-Entscheider nicht die n\u00f6tige Cloud-Expertise besitzen. Weltweit b\u00fcssen grosse Unternehmen j\u00e4hrlich mehr als 250 Millionen US-Dollar aufgrund von Wissensl\u00fccken beim Thema Cloud ein. Dies zeigt eine neue Studie, die von Rackspace in Zusammenarbeit mit Wissenschaftlern der London School of Economics and Political Science [&hellip;]<\/p>\n","protected":false},"author":4,"featured_media":2512,"comment_status":"open","ping_status":"open","sticky":false,"template":"","format":"standard","meta":{"_acf_changed":false,"_yoast_wpseo_focuskw":"Cloud-Expertise","_yoast_wpseo_metadesc":"Grosse Unternehmen verlieren j\u00e4hrlich 258 Millionen US-Dollar \u2013 oder f\u00fcnf Prozent des globalen Umsatzes \u2013 aufgrund mangelnder Cloud-Expertise.","articlekey":"","footnotes":""},"categories":[27],"tags":[123,286,294,459],"class_list":["post-2510","post","type-post","status-publish","format-standard","has-post-thumbnail","hentry","category-it","tag-cloud-computing","tag-it","tag-karriere","tag-studie"],"acf":[],"yoast_head":"<!-- This site is optimized with the Yoast SEO plugin v27.5 - https:\/\/yoast.com\/product\/yoast-seo-wordpress\/ -->\n<title>Wenn die Cloud-Expertise fehlt, droht Umsatzverlust - Organisator<\/title>\n<meta name=\"description\" content=\"Grosse Unternehmen verlieren j\u00e4hrlich 258 Millionen US-Dollar \u2013 oder f\u00fcnf Prozent des globalen Umsatzes \u2013 aufgrund mangelnder Cloud-Expertise.\" \/>\n<meta name=\"robots\" content=\"index, follow, max-snippet:-1, max-image-preview:large, max-video-preview:-1\" \/>\n<link rel=\"canonical\" href=\"https:\/\/www.organisator.ch\/en\/management\/it\/2017-09-29\/wenn-die-cloud-expertise-fehlt-droht-umsatzverlust\/\" \/>\n<meta property=\"og:locale\" content=\"en_US\" \/>\n<meta property=\"og:type\" content=\"article\" \/>\n<meta property=\"og:title\" content=\"Wenn die Cloud-Expertise fehlt, droht Umsatzverlust\" \/>\n<meta property=\"og:description\" content=\"Grosse Unternehmen verlieren j\u00e4hrlich 258 Millionen US-Dollar aufgrund mangelnder #Cloud-Expertise. 47 Prozent der #IT-Profis glauben, dass sie mit dem richtigen #Cloud-Wissen gr\u00f6ssere Innovationen in ihren Unternehmen einf\u00fchren k\u00f6nnten.\" \/>\n<meta property=\"og:url\" content=\"https:\/\/www.organisator.ch\/en\/management\/it\/2017-09-29\/wenn-die-cloud-expertise-fehlt-droht-umsatzverlust\/\" \/>\n<meta property=\"og:site_name\" content=\"Organisator\" \/>\n<meta property=\"article:publisher\" content=\"https:\/\/www.facebook.com\/OrganisatorFachmagazin\" \/>\n<meta property=\"article:published_time\" content=\"2017-09-29T06:14:43+00:00\" \/>\n<meta property=\"og:image\" content=\"https:\/\/www.organisator.ch\/wp-content\/uploads\/2017\/09\/Wenn-die-Cloud-Expertise-fehlt-droht-Umsatzverlust-2_Organisator.jpg\" \/>\n\t<meta property=\"og:image:width\" content=\"1206\" \/>\n\t<meta property=\"og:image:height\" content=\"479\" \/>\n\t<meta property=\"og:image:type\" content=\"image\/jpeg\" \/>\n<meta name=\"author\" content=\"thomas.berner\" \/>\n<meta name=\"twitter:card\" content=\"summary_large_image\" \/>\n<meta name=\"twitter:title\" content=\"Wenn die Cloud-Expertise fehlt, droht Umsatzverlust\" \/>\n<meta name=\"twitter:description\" content=\"Grosse Unternehmen verlieren j\u00e4hrlich 258 Millionen US-Dollar aufgrund mangelnder #Cloud-Expertise. 47 Prozent der #IT-Profis glauben, dass sie mit dem richtigen #Cloud-Wissen gr\u00f6ssere Innovationen in ihren Unternehmen einf\u00fchren k\u00f6nnten.\" \/>\n<meta name=\"twitter:image\" content=\"https:\/\/www.organisator.ch\/wp-content\/uploads\/2017\/09\/Wenn-die-Cloud-Expertise-fehlt-droht-Umsatzverlust-2_Organisator.jpg\" \/>\n<script type=\"application\/ld+json\" class=\"yoast-schema-graph\">{\"@context\":\"https:\\\/\\\/schema.org\",\"@graph\":[{\"@type\":\"Article\",\"@id\":\"https:\\\/\\\/www.organisator.ch\\\/management\\\/it\\\/2017-09-29\\\/wenn-die-cloud-expertise-fehlt-droht-umsatzverlust\\\/#article\",\"isPartOf\":{\"@id\":\"https:\\\/\\\/www.organisator.ch\\\/management\\\/it\\\/2017-09-29\\\/wenn-die-cloud-expertise-fehlt-droht-umsatzverlust\\\/\"},\"author\":{\"name\":\"thomas.berner\",\"@id\":\"https:\\\/\\\/www.organisator.ch\\\/#\\\/schema\\\/person\\\/6f650f90b2842cd4c0cc334b4e36f67e\"},\"headline\":\"Wenn die Cloud-Expertise fehlt, droht Umsatzverlust\",\"datePublished\":\"2017-09-29T06:14:43+00:00\",\"mainEntityOfPage\":{\"@id\":\"https:\\\/\\\/www.organisator.ch\\\/management\\\/it\\\/2017-09-29\\\/wenn-die-cloud-expertise-fehlt-droht-umsatzverlust\\\/\"},\"wordCount\":930,\"commentCount\":0,\"publisher\":{\"@id\":\"https:\\\/\\\/www.organisator.ch\\\/#organization\"},\"image\":{\"@id\":\"https:\\\/\\\/www.organisator.ch\\\/management\\\/it\\\/2017-09-29\\\/wenn-die-cloud-expertise-fehlt-droht-umsatzverlust\\\/#primaryimage\"},\"thumbnailUrl\":\"https:\\\/\\\/www.organisator.ch\\\/wp-content\\\/uploads\\\/2017\\\/09\\\/Wenn-die-Cloud-Expertise-fehlt-droht-Umsatzverlust-1_Organisator.jpg\",\"keywords\":[\"Cloud Computing\",\"IT\",\"Karriere\",\"Studie\"],\"articleSection\":[\"IT\"],\"inLanguage\":\"en-US\"},{\"@type\":\"WebPage\",\"@id\":\"https:\\\/\\\/www.organisator.ch\\\/management\\\/it\\\/2017-09-29\\\/wenn-die-cloud-expertise-fehlt-droht-umsatzverlust\\\/\",\"url\":\"https:\\\/\\\/www.organisator.ch\\\/management\\\/it\\\/2017-09-29\\\/wenn-die-cloud-expertise-fehlt-droht-umsatzverlust\\\/\",\"name\":\"Wenn die Cloud-Expertise fehlt, droht Umsatzverlust - Organisator\",\"isPartOf\":{\"@id\":\"https:\\\/\\\/www.organisator.ch\\\/#website\"},\"primaryImageOfPage\":{\"@id\":\"https:\\\/\\\/www.organisator.ch\\\/management\\\/it\\\/2017-09-29\\\/wenn-die-cloud-expertise-fehlt-droht-umsatzverlust\\\/#primaryimage\"},\"image\":{\"@id\":\"https:\\\/\\\/www.organisator.ch\\\/management\\\/it\\\/2017-09-29\\\/wenn-die-cloud-expertise-fehlt-droht-umsatzverlust\\\/#primaryimage\"},\"thumbnailUrl\":\"https:\\\/\\\/www.organisator.ch\\\/wp-content\\\/uploads\\\/2017\\\/09\\\/Wenn-die-Cloud-Expertise-fehlt-droht-Umsatzverlust-1_Organisator.jpg\",\"datePublished\":\"2017-09-29T06:14:43+00:00\",\"description\":\"Grosse Unternehmen verlieren j\u00e4hrlich 258 Millionen US-Dollar \u2013 oder f\u00fcnf Prozent des globalen Umsatzes \u2013 aufgrund mangelnder Cloud-Expertise.\",\"breadcrumb\":{\"@id\":\"https:\\\/\\\/www.organisator.ch\\\/management\\\/it\\\/2017-09-29\\\/wenn-die-cloud-expertise-fehlt-droht-umsatzverlust\\\/#breadcrumb\"},\"inLanguage\":\"en-US\",\"potentialAction\":[{\"@type\":\"ReadAction\",\"target\":[\"https:\\\/\\\/www.organisator.ch\\\/management\\\/it\\\/2017-09-29\\\/wenn-die-cloud-expertise-fehlt-droht-umsatzverlust\\\/\"]}]},{\"@type\":\"ImageObject\",\"inLanguage\":\"en-US\",\"@id\":\"https:\\\/\\\/www.organisator.ch\\\/management\\\/it\\\/2017-09-29\\\/wenn-die-cloud-expertise-fehlt-droht-umsatzverlust\\\/#primaryimage\",\"url\":\"https:\\\/\\\/www.organisator.ch\\\/wp-content\\\/uploads\\\/2017\\\/09\\\/Wenn-die-Cloud-Expertise-fehlt-droht-Umsatzverlust-1_Organisator.jpg\",\"contentUrl\":\"https:\\\/\\\/www.organisator.ch\\\/wp-content\\\/uploads\\\/2017\\\/09\\\/Wenn-die-Cloud-Expertise-fehlt-droht-Umsatzverlust-1_Organisator.jpg\",\"width\":640,\"height\":428,\"caption\":\"Mehr Cloud-Expertise in Unternehmen w\u00fcrde zu mehr Innovation f\u00fchren, so die Meinung vieler IT-Profis. (Bild: Aka - pixelio.de)\"},{\"@type\":\"BreadcrumbList\",\"@id\":\"https:\\\/\\\/www.organisator.ch\\\/management\\\/it\\\/2017-09-29\\\/wenn-die-cloud-expertise-fehlt-droht-umsatzverlust\\\/#breadcrumb\",\"itemListElement\":[{\"@type\":\"ListItem\",\"position\":1,\"name\":\"Home\",\"item\":\"https:\\\/\\\/www.organisator.ch\\\/\"},{\"@type\":\"ListItem\",\"position\":2,\"name\":\"Wenn die Cloud-Expertise fehlt, droht Umsatzverlust\"}]},{\"@type\":\"WebSite\",\"@id\":\"https:\\\/\\\/www.organisator.ch\\\/#website\",\"url\":\"https:\\\/\\\/www.organisator.ch\\\/\",\"name\":\"Organisator\",\"description\":\"Kompetent. Praxisnah. Der ORGANISATOR bereitet in 10 Ausgaben pro Jahr die wesentlichen Themen f\u00fcr F\u00fchrungskr\u00e4fte von KMU auf.\",\"publisher\":{\"@id\":\"https:\\\/\\\/www.organisator.ch\\\/#organization\"},\"potentialAction\":[{\"@type\":\"SearchAction\",\"target\":{\"@type\":\"EntryPoint\",\"urlTemplate\":\"https:\\\/\\\/www.organisator.ch\\\/?s={search_term_string}\"},\"query-input\":{\"@type\":\"PropertyValueSpecification\",\"valueRequired\":true,\"valueName\":\"search_term_string\"}}],\"inLanguage\":\"en-US\"},{\"@type\":\"Organization\",\"@id\":\"https:\\\/\\\/www.organisator.ch\\\/#organization\",\"name\":\"Organisator\",\"url\":\"https:\\\/\\\/www.organisator.ch\\\/\",\"logo\":{\"@type\":\"ImageObject\",\"inLanguage\":\"en-US\",\"@id\":\"https:\\\/\\\/www.organisator.ch\\\/#\\\/schema\\\/logo\\\/image\\\/\",\"url\":\"https:\\\/\\\/www.organisator.ch\\\/wp-content\\\/uploads\\\/2022\\\/01\\\/Logo_Organisator_Website.png\",\"contentUrl\":\"https:\\\/\\\/www.organisator.ch\\\/wp-content\\\/uploads\\\/2022\\\/01\\\/Logo_Organisator_Website.png\",\"width\":800,\"height\":77,\"caption\":\"Organisator\"},\"image\":{\"@id\":\"https:\\\/\\\/www.organisator.ch\\\/#\\\/schema\\\/logo\\\/image\\\/\"},\"sameAs\":[\"https:\\\/\\\/www.facebook.com\\\/OrganisatorFachmagazin\",\"https:\\\/\\\/www.linkedin.com\\\/showcase\\\/organisator-das-magazin-fr-kmu\",\"https:\\\/\\\/www.xing.com\\\/news\\\/pages\\\/organisator-ch-695\",\"https:\\\/\\\/www.youtube.com\\\/channel\\\/UCGP2Sq0iWaZwT3BdIAQFYpw\"]},{\"@type\":\"Person\",\"@id\":\"https:\\\/\\\/www.organisator.ch\\\/#\\\/schema\\\/person\\\/6f650f90b2842cd4c0cc334b4e36f67e\",\"name\":\"thomas.berner\",\"image\":{\"@type\":\"ImageObject\",\"inLanguage\":\"en-US\",\"@id\":\"https:\\\/\\\/secure.gravatar.com\\\/avatar\\\/ac5001d2a36cb6c6cd3e50789007ffca834b477b74a2144564522e944eabff61?s=96&d=mm&r=g\",\"url\":\"https:\\\/\\\/secure.gravatar.com\\\/avatar\\\/ac5001d2a36cb6c6cd3e50789007ffca834b477b74a2144564522e944eabff61?s=96&d=mm&r=g\",\"contentUrl\":\"https:\\\/\\\/secure.gravatar.com\\\/avatar\\\/ac5001d2a36cb6c6cd3e50789007ffca834b477b74a2144564522e944eabff61?s=96&d=mm&r=g\",\"caption\":\"thomas.berner\"},\"url\":\"https:\\\/\\\/www.organisator.ch\\\/en\\\/author\\\/thomas-berner\\\/\"}]}<\/script>\n<!-- \/ Yoast SEO plugin. -->","yoast_head_json":{"title":"Lack of cloud expertise threatens loss of revenue - Organizer","description":"Large enterprises lose $258 million annually - or five percent of global revenue - due to a lack of cloud expertise.","robots":{"index":"index","follow":"follow","max-snippet":"max-snippet:-1","max-image-preview":"max-image-preview:large","max-video-preview":"max-video-preview:-1"},"canonical":"https:\/\/www.organisator.ch\/en\/management\/it\/2017-09-29\/wenn-die-cloud-expertise-fehlt-droht-umsatzverlust\/","og_locale":"en_US","og_type":"article","og_title":"Wenn die Cloud-Expertise fehlt, droht Umsatzverlust","og_description":"Grosse Unternehmen verlieren j\u00e4hrlich 258 Millionen US-Dollar aufgrund mangelnder #Cloud-Expertise. 47 Prozent der #IT-Profis glauben, dass sie mit dem richtigen #Cloud-Wissen gr\u00f6ssere Innovationen in ihren Unternehmen einf\u00fchren k\u00f6nnten.","og_url":"https:\/\/www.organisator.ch\/en\/management\/it\/2017-09-29\/wenn-die-cloud-expertise-fehlt-droht-umsatzverlust\/","og_site_name":"Organisator","article_publisher":"https:\/\/www.facebook.com\/OrganisatorFachmagazin","article_published_time":"2017-09-29T06:14:43+00:00","og_image":[{"width":1206,"height":479,"url":"https:\/\/www.organisator.ch\/wp-content\/uploads\/2017\/09\/Wenn-die-Cloud-Expertise-fehlt-droht-Umsatzverlust-2_Organisator.jpg","type":"image\/jpeg"}],"author":"thomas.berner","twitter_card":"summary_large_image","twitter_title":"Wenn die Cloud-Expertise fehlt, droht Umsatzverlust","twitter_description":"Grosse Unternehmen verlieren j\u00e4hrlich 258 Millionen US-Dollar aufgrund mangelnder #Cloud-Expertise. 47 Prozent der #IT-Profis glauben, dass sie mit dem richtigen #Cloud-Wissen gr\u00f6ssere Innovationen in ihren Unternehmen einf\u00fchren k\u00f6nnten.","twitter_image":"https:\/\/www.organisator.ch\/wp-content\/uploads\/2017\/09\/Wenn-die-Cloud-Expertise-fehlt-droht-Umsatzverlust-2_Organisator.jpg","schema":{"@context":"https:\/\/schema.org","@graph":[{"@type":"Article","@id":"https:\/\/www.organisator.ch\/management\/it\/2017-09-29\/wenn-die-cloud-expertise-fehlt-droht-umsatzverlust\/#article","isPartOf":{"@id":"https:\/\/www.organisator.ch\/management\/it\/2017-09-29\/wenn-die-cloud-expertise-fehlt-droht-umsatzverlust\/"},"author":{"name":"thomas.berner","@id":"https:\/\/www.organisator.ch\/#\/schema\/person\/6f650f90b2842cd4c0cc334b4e36f67e"},"headline":"Wenn die Cloud-Expertise fehlt, droht Umsatzverlust","datePublished":"2017-09-29T06:14:43+00:00","mainEntityOfPage":{"@id":"https:\/\/www.organisator.ch\/management\/it\/2017-09-29\/wenn-die-cloud-expertise-fehlt-droht-umsatzverlust\/"},"wordCount":930,"commentCount":0,"publisher":{"@id":"https:\/\/www.organisator.ch\/#organization"},"image":{"@id":"https:\/\/www.organisator.ch\/management\/it\/2017-09-29\/wenn-die-cloud-expertise-fehlt-droht-umsatzverlust\/#primaryimage"},"thumbnailUrl":"https:\/\/www.organisator.ch\/wp-content\/uploads\/2017\/09\/Wenn-die-Cloud-Expertise-fehlt-droht-Umsatzverlust-1_Organisator.jpg","keywords":["Cloud Computing","IT","Karriere","Studie"],"articleSection":["IT"],"inLanguage":"en-US"},{"@type":"WebPage","@id":"https:\/\/www.organisator.ch\/management\/it\/2017-09-29\/wenn-die-cloud-expertise-fehlt-droht-umsatzverlust\/","url":"https:\/\/www.organisator.ch\/management\/it\/2017-09-29\/wenn-die-cloud-expertise-fehlt-droht-umsatzverlust\/","name":"Lack of cloud expertise threatens loss of revenue - Organizer","isPartOf":{"@id":"https:\/\/www.organisator.ch\/#website"},"primaryImageOfPage":{"@id":"https:\/\/www.organisator.ch\/management\/it\/2017-09-29\/wenn-die-cloud-expertise-fehlt-droht-umsatzverlust\/#primaryimage"},"image":{"@id":"https:\/\/www.organisator.ch\/management\/it\/2017-09-29\/wenn-die-cloud-expertise-fehlt-droht-umsatzverlust\/#primaryimage"},"thumbnailUrl":"https:\/\/www.organisator.ch\/wp-content\/uploads\/2017\/09\/Wenn-die-Cloud-Expertise-fehlt-droht-Umsatzverlust-1_Organisator.jpg","datePublished":"2017-09-29T06:14:43+00:00","description":"Large enterprises lose $258 million annually - or five percent of global revenue - due to a lack of cloud expertise.","breadcrumb":{"@id":"https:\/\/www.organisator.ch\/management\/it\/2017-09-29\/wenn-die-cloud-expertise-fehlt-droht-umsatzverlust\/#breadcrumb"},"inLanguage":"en-US","potentialAction":[{"@type":"ReadAction","target":["https:\/\/www.organisator.ch\/management\/it\/2017-09-29\/wenn-die-cloud-expertise-fehlt-droht-umsatzverlust\/"]}]},{"@type":"ImageObject","inLanguage":"en-US","@id":"https:\/\/www.organisator.ch\/management\/it\/2017-09-29\/wenn-die-cloud-expertise-fehlt-droht-umsatzverlust\/#primaryimage","url":"https:\/\/www.organisator.ch\/wp-content\/uploads\/2017\/09\/Wenn-die-Cloud-Expertise-fehlt-droht-Umsatzverlust-1_Organisator.jpg","contentUrl":"https:\/\/www.organisator.ch\/wp-content\/uploads\/2017\/09\/Wenn-die-Cloud-Expertise-fehlt-droht-Umsatzverlust-1_Organisator.jpg","width":640,"height":428,"caption":"Mehr Cloud-Expertise in Unternehmen w\u00fcrde zu mehr Innovation f\u00fchren, so die Meinung vieler IT-Profis. (Bild: Aka - pixelio.de)"},{"@type":"BreadcrumbList","@id":"https:\/\/www.organisator.ch\/management\/it\/2017-09-29\/wenn-die-cloud-expertise-fehlt-droht-umsatzverlust\/#breadcrumb","itemListElement":[{"@type":"ListItem","position":1,"name":"Home","item":"https:\/\/www.organisator.ch\/"},{"@type":"ListItem","position":2,"name":"Wenn die Cloud-Expertise fehlt, droht Umsatzverlust"}]},{"@type":"WebSite","@id":"https:\/\/www.organisator.ch\/#website","url":"https:\/\/www.organisator.ch\/","name":"Organizer","description":"Competent. Practical. In 10 issues per year, ORGANISATOR presents the essential topics for managers of SMEs.","publisher":{"@id":"https:\/\/www.organisator.ch\/#organization"},"potentialAction":[{"@type":"SearchAction","target":{"@type":"EntryPoint","urlTemplate":"https:\/\/www.organisator.ch\/?s={search_term_string}"},"query-input":{"@type":"PropertyValueSpecification","valueRequired":true,"valueName":"search_term_string"}}],"inLanguage":"en-US"},{"@type":"Organization","@id":"https:\/\/www.organisator.ch\/#organization","name":"Organizer","url":"https:\/\/www.organisator.ch\/","logo":{"@type":"ImageObject","inLanguage":"en-US","@id":"https:\/\/www.organisator.ch\/#\/schema\/logo\/image\/","url":"https:\/\/www.organisator.ch\/wp-content\/uploads\/2022\/01\/Logo_Organisator_Website.png","contentUrl":"https:\/\/www.organisator.ch\/wp-content\/uploads\/2022\/01\/Logo_Organisator_Website.png","width":800,"height":77,"caption":"Organisator"},"image":{"@id":"https:\/\/www.organisator.ch\/#\/schema\/logo\/image\/"},"sameAs":["https:\/\/www.facebook.com\/OrganisatorFachmagazin","https:\/\/www.linkedin.com\/showcase\/organisator-das-magazin-fr-kmu","https:\/\/www.xing.com\/news\/pages\/organisator-ch-695","https:\/\/www.youtube.com\/channel\/UCGP2Sq0iWaZwT3BdIAQFYpw"]},{"@type":"Person","@id":"https:\/\/www.organisator.ch\/#\/schema\/person\/6f650f90b2842cd4c0cc334b4e36f67e","name":"thomas.berner","image":{"@type":"ImageObject","inLanguage":"en-US","@id":"https:\/\/secure.gravatar.com\/avatar\/ac5001d2a36cb6c6cd3e50789007ffca834b477b74a2144564522e944eabff61?s=96&d=mm&r=g","url":"https:\/\/secure.gravatar.com\/avatar\/ac5001d2a36cb6c6cd3e50789007ffca834b477b74a2144564522e944eabff61?s=96&d=mm&r=g","contentUrl":"https:\/\/secure.gravatar.com\/avatar\/ac5001d2a36cb6c6cd3e50789007ffca834b477b74a2144564522e944eabff61?s=96&d=mm&r=g","caption":"thomas.berner"},"url":"https:\/\/www.organisator.ch\/en\/author\/thomas-berner\/"}]}},"_links":{"self":[{"href":"https:\/\/www.organisator.ch\/en\/wp-json\/wp\/v2\/posts\/2510","targetHints":{"allow":["GET"]}}],"collection":[{"href":"https:\/\/www.organisator.ch\/en\/wp-json\/wp\/v2\/posts"}],"about":[{"href":"https:\/\/www.organisator.ch\/en\/wp-json\/wp\/v2\/types\/post"}],"author":[{"embeddable":true,"href":"https:\/\/www.organisator.ch\/en\/wp-json\/wp\/v2\/users\/4"}],"replies":[{"embeddable":true,"href":"https:\/\/www.organisator.ch\/en\/wp-json\/wp\/v2\/comments?post=2510"}],"version-history":[{"count":0,"href":"https:\/\/www.organisator.ch\/en\/wp-json\/wp\/v2\/posts\/2510\/revisions"}],"wp:featuredmedia":[{"embeddable":true,"href":"https:\/\/www.organisator.ch\/en\/wp-json\/wp\/v2\/media\/2512"}],"wp:attachment":[{"href":"https:\/\/www.organisator.ch\/en\/wp-json\/wp\/v2\/media?parent=2510"}],"wp:term":[{"taxonomy":"category","embeddable":true,"href":"https:\/\/www.organisator.ch\/en\/wp-json\/wp\/v2\/categories?post=2510"},{"taxonomy":"post_tag","embeddable":true,"href":"https:\/\/www.organisator.ch\/en\/wp-json\/wp\/v2\/tags?post=2510"}],"curies":[{"name":"wp","href":"https:\/\/api.w.org\/{rel}","templated":true}]}}