{"id":2521,"date":"2017-10-03T14:24:37","date_gmt":"2017-10-03T12:24:37","guid":{"rendered":"https:\/\/www.organisator.ch\/?p=2521"},"modified":"2017-10-03T14:24:37","modified_gmt":"2017-10-03T12:24:37","slug":"affaere-am-arbeitsplatz-deutschschweizer-auf-spitzenposition","status":"publish","type":"post","link":"https:\/\/www.organisator.ch\/en\/allgemein\/2017-10-03\/affaere-am-arbeitsplatz-deutschschweizer-auf-spitzenposition\/","title":{"rendered":"Affair at the workplace: German-speaking Swiss in top position"},"content":{"rendered":"<figure id=\"attachment_2522\" aria-describedby=\"caption-attachment-2522\" style=\"width: 428px\" class=\"wp-caption alignnone\"><img loading=\"lazy\" decoding=\"async\" class=\"size-full wp-image-2522\" src=\"https:\/\/www.organisator.ch\/wp-content\/uploads\/2017\/10\/Affaere-am-Arbeitsplatz-Deutschschweizer-auf-Spitzenposition_Organisator.jpg\" alt=\"\" width=\"428\" height=\"281\" srcset=\"https:\/\/www.organisator.ch\/wp-content\/uploads\/2017\/10\/Affaere-am-Arbeitsplatz-Deutschschweizer-auf-Spitzenposition_Organisator.jpg 428w, https:\/\/www.organisator.ch\/wp-content\/uploads\/2017\/10\/Affaere-am-Arbeitsplatz-Deutschschweizer-auf-Spitzenposition_Organisator-16x12.jpg 16w, https:\/\/www.organisator.ch\/wp-content\/uploads\/2017\/10\/Affaere-am-Arbeitsplatz-Deutschschweizer-auf-Spitzenposition_Organisator-267x175.jpg 267w, https:\/\/www.organisator.ch\/wp-content\/uploads\/2017\/10\/Affaere-am-Arbeitsplatz-Deutschschweizer-auf-Spitzenposition_Organisator-300x197.jpg 300w\" sizes=\"auto, (max-width: 428px) 100vw, 428px\" \/><figcaption id=\"caption-attachment-2522\" class=\"wp-caption-text\">Working life is still an important partner exchange. Many an affair has also developed into a permanent relationship. (Image: Andrey Burmakin - Fotolia.com)<\/figcaption><\/figure>\n<p>Furtive glances behind the computer screen, fleeting touches in the coffee kitchen: for one in five German-speaking Swiss, an affair at work even turned into a committed relationship. These are the findings of a representative study commissioned by the online professional network XING. On its behalf, the market and opinion research company <a href=\"http:\/\/marketagent.com\/\">Marketagent.com<\/a>\u00a0surveyed a thousand working people in German-speaking Switzerland on the subject of love at work. Here are the most important results:<\/p>\n<h2><strong>One in four has had an affair at work<\/strong><\/h2>\n<p>There is a sizzle in Swiss workplaces. Almost one in four German-speaking Swiss (24 percent) have already had an affair with someone from the same company. Men are somewhat more active: 28 percent of them say they have already spiced up their working day with an erotic adventure. Among women, the figure is 20 percent. The atmosphere in German-speaking Switzerland seems to be much more conducive to office romance than in our neighbor to the north. Only 15 percent of Germans say they have ever had an affair with someone from their own company. In Austria, the figure is 21 percent.<\/p>\n<p>If you want to have an affair at work, it's best to look for your next job in the Mittelland. In this region, 26 percent of respondents say they have already had an affair with someone from their own company. The working climate is apparently less conducive to a fling in eastern Switzerland. The figure there is the lowest at 22 percent.<\/p>\n<h2><strong>Every fifth affair begins at the company party<\/strong><\/h2>\n<p>The German-speaking Swiss most frequently have an affair at work with colleagues (in 62 percent of cases). Women tend to be more upwardly oriented in the hierarchy: 13 percent of female respondents who had ever had an affair had done so with their supervisor. Among men, the figure was only 7 percent. On the other hand, 30 percent of the men turned to their own employees for their adventure. Among women, the figure is 18 percent. People in Germany seem to be much more reluctant to have affairs with their own employees. North of the Rhine, employees were involved in only 7 percent of all affairs.<\/p>\n<p>Affairs most frequently began during joint activities outside working hours (in 36 percent of cases). Second on the list of breeding grounds for office romances are company parties (21 percent). In the Central Plateau in particular, it's better to think twice before letting your partner go to a company dinner: In this region, 28 percent of affairs started there. In comparison, company parties are apparently more sober in central and northwestern Switzerland: only 18 percent of the affairs there started at such events. In central Switzerland, on the other hand, things sometimes start to sizzle at lunchtime, where 18 percent of the affairs also originated during the lunch break. Employees in eastern Switzerland have little taste for romance over lunch: the corresponding figure there is only 4 percent.<\/p>\n<h2><strong>21 percent already had a committed relationship at work<\/strong><\/h2>\n<p>But feelings at work don't just lead to erotic adventures. Cupid also makes his rounds in Swiss workplaces. Around one in five German-speaking Swiss (21 percent) have already entered into a committed relationship with someone from their own company. And that can have its advantages: 36 percent of men find it particularly positive that they already know each other and don't have to buy a pig in a poke. The most important advantage from the women's point of view: You can talk about the work you do together (34 percent).<\/p>\n<p>But there are also factors that make a harmonious relationship at work more difficult. For example, 48 percent of men express concerns because work and private life could become too intermingled. The female respondents see similar disadvantages: 49 percent of them say that spatial and temporal distance from their partner is important to them. In addition, 61 percent of respondents fear that the failure of such a relationship could have a negative impact on the working atmosphere. However, such disadvantages can apparently be endured quite well: Only 6 percent of all respondents say they have already changed jobs because of a partnership or affair within the company.<\/p>\n<p><em>Source: <a href=\"http:\/\/www.xing.com\">XING<\/a><\/em><\/p>","protected":false},"excerpt":{"rendered":"<p>Verstohlene Blicke hinter dem Bildschirm, fl\u00fcchtige Ber\u00fchrungen in der Kaffeek\u00fcche: Bei jedem f\u00fcnften Deutschschweizer\u00a0entstand aus einer Aff\u00e4re am Arbeitsplatz gar eine feste Beziehung. Zu diesen Ergebnissen kommt eine repr\u00e4sentative Studie im Auftrag des beruflichen Online-Netzwerks XING.\u00a0In dessen Auftrag hat das Markt- und Meinungsforschungsunternehmen Marketagent.com\u00a0tausend berufst\u00e4tige Personen in der Deutschschweiz zum Thema Liebe am Arbeitsplatz befragt. [&hellip;]<\/p>\n","protected":false},"author":4,"featured_media":2522,"comment_status":"open","ping_status":"open","sticky":false,"template":"","format":"standard","meta":{"_acf_changed":false,"_yoast_wpseo_focuskw":"Aff\u00e4re","_yoast_wpseo_metadesc":"Das Arbeitsleben dreht sich l\u00e4ngst nicht nur um Sitzungen, Pr\u00e4sentationen usw. Auch im Internetzeitalter bleibt der Arbeitsplatz eine wichtige Partnerb\u00f6rse.","articlekey":"","footnotes":""},"categories":[1],"tags":[51,254,459,508],"class_list":["post-2521","post","type-post","status-publish","format-standard","has-post-thumbnail","hentry","category-allgemein","tag-arbeitsplatzgestaltung","tag-hrm","tag-studie","tag-vermischtes"],"acf":[],"yoast_head":"<!-- This site is optimized with the Yoast SEO plugin v27.5 - https:\/\/yoast.com\/product\/yoast-seo-wordpress\/ -->\n<title>Aff\u00e4re am Arbeitsplatz: Deutschschweizer auf Spitzenposition - Organisator<\/title>\n<meta name=\"description\" content=\"Das Arbeitsleben dreht sich l\u00e4ngst nicht nur um Sitzungen, Pr\u00e4sentationen usw. Auch im Internetzeitalter bleibt der Arbeitsplatz eine wichtige Partnerb\u00f6rse.\" \/>\n<meta name=\"robots\" content=\"index, follow, max-snippet:-1, max-image-preview:large, max-video-preview:-1\" \/>\n<link rel=\"canonical\" href=\"https:\/\/www.organisator.ch\/en\/general\/2017-10-03\/affaere-am-arbeitsplatz-deutschschweizer-auf-spitzenposition\/\" \/>\n<meta property=\"og:locale\" content=\"en_US\" \/>\n<meta property=\"og:type\" content=\"article\" \/>\n<meta property=\"og:title\" content=\"Aff\u00e4re am Arbeitsplatz: Deutschschweizer auf Spitzenposition\" \/>\n<meta property=\"og:description\" content=\"Das #Arbeitsleben dreht sich l\u00e4ngst nicht nur um Sitzungen, Pr\u00e4sentationen und Abgabefristen. Auch im Internetzeitalter bleibt der Arbeitsplatz eine der wichtigsten #Partnerb\u00f6rsen.\" \/>\n<meta property=\"og:url\" content=\"https:\/\/www.organisator.ch\/en\/general\/2017-10-03\/affaere-am-arbeitsplatz-deutschschweizer-auf-spitzenposition\/\" \/>\n<meta property=\"og:site_name\" content=\"Organisator\" \/>\n<meta property=\"article:publisher\" content=\"https:\/\/www.facebook.com\/OrganisatorFachmagazin\" \/>\n<meta property=\"article:published_time\" content=\"2017-10-03T12:24:37+00:00\" \/>\n<meta property=\"og:image\" content=\"https:\/\/www.organisator.ch\/wp-content\/uploads\/2017\/10\/Affaere-am-Arbeitsplatz-Deutschschweizer-auf-Spitzenposition_Organisator.jpg\" \/>\n\t<meta property=\"og:image:width\" content=\"428\" \/>\n\t<meta property=\"og:image:height\" content=\"281\" \/>\n\t<meta property=\"og:image:type\" content=\"image\/jpeg\" \/>\n<meta name=\"author\" content=\"thomas.berner\" \/>\n<meta name=\"twitter:card\" content=\"summary_large_image\" \/>\n<meta name=\"twitter:title\" content=\"#Aff\u00e4re am Arbeitsplatz: #Deutschschweizer auf Spitzenposition\" \/>\n<meta name=\"twitter:description\" content=\"Das #Arbeitsleben dreht sich l\u00e4ngst nicht nur um Sitzungen, Pr\u00e4sentationen und Abgabefristen. Auch im Internetzeitalter bleibt der Arbeitsplatz eine der wichtigsten #Partnerb\u00f6rsen.\" \/>\n<meta name=\"twitter:image\" content=\"https:\/\/www.organisator.ch\/wp-content\/uploads\/2017\/10\/Aff\u00e4re-am-Arbeitsplatz-Deutschschweizer-auf-Spitzenposition_Organisator.jpg\" \/>\n<script type=\"application\/ld+json\" class=\"yoast-schema-graph\">{\"@context\":\"https:\\\/\\\/schema.org\",\"@graph\":[{\"@type\":\"Article\",\"@id\":\"https:\\\/\\\/www.organisator.ch\\\/de\\\/allgemein\\\/2017-10-03\\\/affaere-am-arbeitsplatz-deutschschweizer-auf-spitzenposition\\\/#article\",\"isPartOf\":{\"@id\":\"https:\\\/\\\/www.organisator.ch\\\/de\\\/allgemein\\\/2017-10-03\\\/affaere-am-arbeitsplatz-deutschschweizer-auf-spitzenposition\\\/\"},\"author\":{\"name\":\"thomas.berner\",\"@id\":\"https:\\\/\\\/www.organisator.ch\\\/#\\\/schema\\\/person\\\/6f650f90b2842cd4c0cc334b4e36f67e\"},\"headline\":\"Aff\u00e4re am Arbeitsplatz: Deutschschweizer auf Spitzenposition\",\"datePublished\":\"2017-10-03T12:24:37+00:00\",\"mainEntityOfPage\":{\"@id\":\"https:\\\/\\\/www.organisator.ch\\\/de\\\/allgemein\\\/2017-10-03\\\/affaere-am-arbeitsplatz-deutschschweizer-auf-spitzenposition\\\/\"},\"wordCount\":719,\"commentCount\":0,\"publisher\":{\"@id\":\"https:\\\/\\\/www.organisator.ch\\\/#organization\"},\"image\":{\"@id\":\"https:\\\/\\\/www.organisator.ch\\\/de\\\/allgemein\\\/2017-10-03\\\/affaere-am-arbeitsplatz-deutschschweizer-auf-spitzenposition\\\/#primaryimage\"},\"thumbnailUrl\":\"https:\\\/\\\/www.organisator.ch\\\/wp-content\\\/uploads\\\/2017\\\/10\\\/Affaere-am-Arbeitsplatz-Deutschschweizer-auf-Spitzenposition_Organisator.jpg\",\"keywords\":[\"Arbeitsplatzgestaltung\",\"HRM\",\"Studie\",\"Vermischtes\"],\"articleSection\":[\"Allgemein\"],\"inLanguage\":\"en-US\"},{\"@type\":\"WebPage\",\"@id\":\"https:\\\/\\\/www.organisator.ch\\\/de\\\/allgemein\\\/2017-10-03\\\/affaere-am-arbeitsplatz-deutschschweizer-auf-spitzenposition\\\/\",\"url\":\"https:\\\/\\\/www.organisator.ch\\\/de\\\/allgemein\\\/2017-10-03\\\/affaere-am-arbeitsplatz-deutschschweizer-auf-spitzenposition\\\/\",\"name\":\"Aff\u00e4re am Arbeitsplatz: Deutschschweizer auf Spitzenposition - Organisator\",\"isPartOf\":{\"@id\":\"https:\\\/\\\/www.organisator.ch\\\/#website\"},\"primaryImageOfPage\":{\"@id\":\"https:\\\/\\\/www.organisator.ch\\\/de\\\/allgemein\\\/2017-10-03\\\/affaere-am-arbeitsplatz-deutschschweizer-auf-spitzenposition\\\/#primaryimage\"},\"image\":{\"@id\":\"https:\\\/\\\/www.organisator.ch\\\/de\\\/allgemein\\\/2017-10-03\\\/affaere-am-arbeitsplatz-deutschschweizer-auf-spitzenposition\\\/#primaryimage\"},\"thumbnailUrl\":\"https:\\\/\\\/www.organisator.ch\\\/wp-content\\\/uploads\\\/2017\\\/10\\\/Affaere-am-Arbeitsplatz-Deutschschweizer-auf-Spitzenposition_Organisator.jpg\",\"datePublished\":\"2017-10-03T12:24:37+00:00\",\"description\":\"Das Arbeitsleben dreht sich l\u00e4ngst nicht nur um Sitzungen, Pr\u00e4sentationen usw. Auch im Internetzeitalter bleibt der Arbeitsplatz eine wichtige Partnerb\u00f6rse.\",\"breadcrumb\":{\"@id\":\"https:\\\/\\\/www.organisator.ch\\\/de\\\/allgemein\\\/2017-10-03\\\/affaere-am-arbeitsplatz-deutschschweizer-auf-spitzenposition\\\/#breadcrumb\"},\"inLanguage\":\"en-US\",\"potentialAction\":[{\"@type\":\"ReadAction\",\"target\":[\"https:\\\/\\\/www.organisator.ch\\\/de\\\/allgemein\\\/2017-10-03\\\/affaere-am-arbeitsplatz-deutschschweizer-auf-spitzenposition\\\/\"]}]},{\"@type\":\"ImageObject\",\"inLanguage\":\"en-US\",\"@id\":\"https:\\\/\\\/www.organisator.ch\\\/de\\\/allgemein\\\/2017-10-03\\\/affaere-am-arbeitsplatz-deutschschweizer-auf-spitzenposition\\\/#primaryimage\",\"url\":\"https:\\\/\\\/www.organisator.ch\\\/wp-content\\\/uploads\\\/2017\\\/10\\\/Affaere-am-Arbeitsplatz-Deutschschweizer-auf-Spitzenposition_Organisator.jpg\",\"contentUrl\":\"https:\\\/\\\/www.organisator.ch\\\/wp-content\\\/uploads\\\/2017\\\/10\\\/Affaere-am-Arbeitsplatz-Deutschschweizer-auf-Spitzenposition_Organisator.jpg\",\"width\":428,\"height\":281,\"caption\":\"Das Arbeitsleben ist immer noch eine wichtigste Partnerb\u00f6rse. Manche Aff\u00e4re entwickelte sich auch schon zu einer festen Beziehung. (Bild: Andrey Burmakin - Fotolia.com)\"},{\"@type\":\"BreadcrumbList\",\"@id\":\"https:\\\/\\\/www.organisator.ch\\\/de\\\/allgemein\\\/2017-10-03\\\/affaere-am-arbeitsplatz-deutschschweizer-auf-spitzenposition\\\/#breadcrumb\",\"itemListElement\":[{\"@type\":\"ListItem\",\"position\":1,\"name\":\"Home\",\"item\":\"https:\\\/\\\/www.organisator.ch\\\/\"},{\"@type\":\"ListItem\",\"position\":2,\"name\":\"Aff\u00e4re am Arbeitsplatz: Deutschschweizer auf Spitzenposition\"}]},{\"@type\":\"WebSite\",\"@id\":\"https:\\\/\\\/www.organisator.ch\\\/#website\",\"url\":\"https:\\\/\\\/www.organisator.ch\\\/\",\"name\":\"Organisator\",\"description\":\"Kompetent. Praxisnah. Der ORGANISATOR bereitet in 10 Ausgaben pro Jahr die wesentlichen Themen f\u00fcr F\u00fchrungskr\u00e4fte von KMU auf.\",\"publisher\":{\"@id\":\"https:\\\/\\\/www.organisator.ch\\\/#organization\"},\"potentialAction\":[{\"@type\":\"SearchAction\",\"target\":{\"@type\":\"EntryPoint\",\"urlTemplate\":\"https:\\\/\\\/www.organisator.ch\\\/?s={search_term_string}\"},\"query-input\":{\"@type\":\"PropertyValueSpecification\",\"valueRequired\":true,\"valueName\":\"search_term_string\"}}],\"inLanguage\":\"en-US\"},{\"@type\":\"Organization\",\"@id\":\"https:\\\/\\\/www.organisator.ch\\\/#organization\",\"name\":\"Organisator\",\"url\":\"https:\\\/\\\/www.organisator.ch\\\/\",\"logo\":{\"@type\":\"ImageObject\",\"inLanguage\":\"en-US\",\"@id\":\"https:\\\/\\\/www.organisator.ch\\\/#\\\/schema\\\/logo\\\/image\\\/\",\"url\":\"https:\\\/\\\/www.organisator.ch\\\/wp-content\\\/uploads\\\/2022\\\/01\\\/Logo_Organisator_Website.png\",\"contentUrl\":\"https:\\\/\\\/www.organisator.ch\\\/wp-content\\\/uploads\\\/2022\\\/01\\\/Logo_Organisator_Website.png\",\"width\":800,\"height\":77,\"caption\":\"Organisator\"},\"image\":{\"@id\":\"https:\\\/\\\/www.organisator.ch\\\/#\\\/schema\\\/logo\\\/image\\\/\"},\"sameAs\":[\"https:\\\/\\\/www.facebook.com\\\/OrganisatorFachmagazin\",\"https:\\\/\\\/www.linkedin.com\\\/showcase\\\/organisator-das-magazin-fr-kmu\",\"https:\\\/\\\/www.xing.com\\\/news\\\/pages\\\/organisator-ch-695\",\"https:\\\/\\\/www.youtube.com\\\/channel\\\/UCGP2Sq0iWaZwT3BdIAQFYpw\"]},{\"@type\":\"Person\",\"@id\":\"https:\\\/\\\/www.organisator.ch\\\/#\\\/schema\\\/person\\\/6f650f90b2842cd4c0cc334b4e36f67e\",\"name\":\"thomas.berner\",\"image\":{\"@type\":\"ImageObject\",\"inLanguage\":\"en-US\",\"@id\":\"https:\\\/\\\/secure.gravatar.com\\\/avatar\\\/ac5001d2a36cb6c6cd3e50789007ffca834b477b74a2144564522e944eabff61?s=96&d=mm&r=g\",\"url\":\"https:\\\/\\\/secure.gravatar.com\\\/avatar\\\/ac5001d2a36cb6c6cd3e50789007ffca834b477b74a2144564522e944eabff61?s=96&d=mm&r=g\",\"contentUrl\":\"https:\\\/\\\/secure.gravatar.com\\\/avatar\\\/ac5001d2a36cb6c6cd3e50789007ffca834b477b74a2144564522e944eabff61?s=96&d=mm&r=g\",\"caption\":\"thomas.berner\"},\"url\":\"https:\\\/\\\/www.organisator.ch\\\/en\\\/author\\\/thomas-berner\\\/\"}]}<\/script>\n<!-- \/ Yoast SEO plugin. -->","yoast_head_json":{"title":"Affair at the workplace: German-speaking Swiss in top position - Organizer","description":"Working life has long since revolved around more than just meetings, presentations, etc. Even in the Internet age, the workplace remains an important partner exchange.","robots":{"index":"index","follow":"follow","max-snippet":"max-snippet:-1","max-image-preview":"max-image-preview:large","max-video-preview":"max-video-preview:-1"},"canonical":"https:\/\/www.organisator.ch\/en\/general\/2017-10-03\/affaere-am-arbeitsplatz-deutschschweizer-auf-spitzenposition\/","og_locale":"en_US","og_type":"article","og_title":"Aff\u00e4re am Arbeitsplatz: Deutschschweizer auf Spitzenposition","og_description":"Das #Arbeitsleben dreht sich l\u00e4ngst nicht nur um Sitzungen, Pr\u00e4sentationen und Abgabefristen. Auch im Internetzeitalter bleibt der Arbeitsplatz eine der wichtigsten #Partnerb\u00f6rsen.","og_url":"https:\/\/www.organisator.ch\/en\/general\/2017-10-03\/affaere-am-arbeitsplatz-deutschschweizer-auf-spitzenposition\/","og_site_name":"Organisator","article_publisher":"https:\/\/www.facebook.com\/OrganisatorFachmagazin","article_published_time":"2017-10-03T12:24:37+00:00","og_image":[{"width":428,"height":281,"url":"https:\/\/www.organisator.ch\/wp-content\/uploads\/2017\/10\/Affaere-am-Arbeitsplatz-Deutschschweizer-auf-Spitzenposition_Organisator.jpg","type":"image\/jpeg"}],"author":"thomas.berner","twitter_card":"summary_large_image","twitter_title":"#Aff\u00e4re am Arbeitsplatz: #Deutschschweizer auf Spitzenposition","twitter_description":"Das #Arbeitsleben dreht sich l\u00e4ngst nicht nur um Sitzungen, Pr\u00e4sentationen und Abgabefristen. Auch im Internetzeitalter bleibt der Arbeitsplatz eine der wichtigsten #Partnerb\u00f6rsen.","twitter_image":"https:\/\/www.organisator.ch\/wp-content\/uploads\/2017\/10\/Aff\u00e4re-am-Arbeitsplatz-Deutschschweizer-auf-Spitzenposition_Organisator.jpg","schema":{"@context":"https:\/\/schema.org","@graph":[{"@type":"Article","@id":"https:\/\/www.organisator.ch\/de\/allgemein\/2017-10-03\/affaere-am-arbeitsplatz-deutschschweizer-auf-spitzenposition\/#article","isPartOf":{"@id":"https:\/\/www.organisator.ch\/de\/allgemein\/2017-10-03\/affaere-am-arbeitsplatz-deutschschweizer-auf-spitzenposition\/"},"author":{"name":"thomas.berner","@id":"https:\/\/www.organisator.ch\/#\/schema\/person\/6f650f90b2842cd4c0cc334b4e36f67e"},"headline":"Aff\u00e4re am Arbeitsplatz: Deutschschweizer auf Spitzenposition","datePublished":"2017-10-03T12:24:37+00:00","mainEntityOfPage":{"@id":"https:\/\/www.organisator.ch\/de\/allgemein\/2017-10-03\/affaere-am-arbeitsplatz-deutschschweizer-auf-spitzenposition\/"},"wordCount":719,"commentCount":0,"publisher":{"@id":"https:\/\/www.organisator.ch\/#organization"},"image":{"@id":"https:\/\/www.organisator.ch\/de\/allgemein\/2017-10-03\/affaere-am-arbeitsplatz-deutschschweizer-auf-spitzenposition\/#primaryimage"},"thumbnailUrl":"https:\/\/www.organisator.ch\/wp-content\/uploads\/2017\/10\/Affaere-am-Arbeitsplatz-Deutschschweizer-auf-Spitzenposition_Organisator.jpg","keywords":["Arbeitsplatzgestaltung","HRM","Studie","Vermischtes"],"articleSection":["Allgemein"],"inLanguage":"en-US"},{"@type":"WebPage","@id":"https:\/\/www.organisator.ch\/de\/allgemein\/2017-10-03\/affaere-am-arbeitsplatz-deutschschweizer-auf-spitzenposition\/","url":"https:\/\/www.organisator.ch\/de\/allgemein\/2017-10-03\/affaere-am-arbeitsplatz-deutschschweizer-auf-spitzenposition\/","name":"Affair at the workplace: German-speaking Swiss in top position - Organizer","isPartOf":{"@id":"https:\/\/www.organisator.ch\/#website"},"primaryImageOfPage":{"@id":"https:\/\/www.organisator.ch\/de\/allgemein\/2017-10-03\/affaere-am-arbeitsplatz-deutschschweizer-auf-spitzenposition\/#primaryimage"},"image":{"@id":"https:\/\/www.organisator.ch\/de\/allgemein\/2017-10-03\/affaere-am-arbeitsplatz-deutschschweizer-auf-spitzenposition\/#primaryimage"},"thumbnailUrl":"https:\/\/www.organisator.ch\/wp-content\/uploads\/2017\/10\/Affaere-am-Arbeitsplatz-Deutschschweizer-auf-Spitzenposition_Organisator.jpg","datePublished":"2017-10-03T12:24:37+00:00","description":"Working life has long since revolved around more than just meetings, presentations, etc. Even in the Internet age, the workplace remains an important partner exchange.","breadcrumb":{"@id":"https:\/\/www.organisator.ch\/de\/allgemein\/2017-10-03\/affaere-am-arbeitsplatz-deutschschweizer-auf-spitzenposition\/#breadcrumb"},"inLanguage":"en-US","potentialAction":[{"@type":"ReadAction","target":["https:\/\/www.organisator.ch\/de\/allgemein\/2017-10-03\/affaere-am-arbeitsplatz-deutschschweizer-auf-spitzenposition\/"]}]},{"@type":"ImageObject","inLanguage":"en-US","@id":"https:\/\/www.organisator.ch\/de\/allgemein\/2017-10-03\/affaere-am-arbeitsplatz-deutschschweizer-auf-spitzenposition\/#primaryimage","url":"https:\/\/www.organisator.ch\/wp-content\/uploads\/2017\/10\/Affaere-am-Arbeitsplatz-Deutschschweizer-auf-Spitzenposition_Organisator.jpg","contentUrl":"https:\/\/www.organisator.ch\/wp-content\/uploads\/2017\/10\/Affaere-am-Arbeitsplatz-Deutschschweizer-auf-Spitzenposition_Organisator.jpg","width":428,"height":281,"caption":"Das Arbeitsleben ist immer noch eine wichtigste Partnerb\u00f6rse. Manche Aff\u00e4re entwickelte sich auch schon zu einer festen Beziehung. (Bild: Andrey Burmakin - Fotolia.com)"},{"@type":"BreadcrumbList","@id":"https:\/\/www.organisator.ch\/de\/allgemein\/2017-10-03\/affaere-am-arbeitsplatz-deutschschweizer-auf-spitzenposition\/#breadcrumb","itemListElement":[{"@type":"ListItem","position":1,"name":"Home","item":"https:\/\/www.organisator.ch\/"},{"@type":"ListItem","position":2,"name":"Aff\u00e4re am Arbeitsplatz: Deutschschweizer auf Spitzenposition"}]},{"@type":"WebSite","@id":"https:\/\/www.organisator.ch\/#website","url":"https:\/\/www.organisator.ch\/","name":"Organizer","description":"Competent. Practical. In 10 issues per year, ORGANISATOR presents the essential topics for managers of SMEs.","publisher":{"@id":"https:\/\/www.organisator.ch\/#organization"},"potentialAction":[{"@type":"SearchAction","target":{"@type":"EntryPoint","urlTemplate":"https:\/\/www.organisator.ch\/?s={search_term_string}"},"query-input":{"@type":"PropertyValueSpecification","valueRequired":true,"valueName":"search_term_string"}}],"inLanguage":"en-US"},{"@type":"Organization","@id":"https:\/\/www.organisator.ch\/#organization","name":"Organizer","url":"https:\/\/www.organisator.ch\/","logo":{"@type":"ImageObject","inLanguage":"en-US","@id":"https:\/\/www.organisator.ch\/#\/schema\/logo\/image\/","url":"https:\/\/www.organisator.ch\/wp-content\/uploads\/2022\/01\/Logo_Organisator_Website.png","contentUrl":"https:\/\/www.organisator.ch\/wp-content\/uploads\/2022\/01\/Logo_Organisator_Website.png","width":800,"height":77,"caption":"Organisator"},"image":{"@id":"https:\/\/www.organisator.ch\/#\/schema\/logo\/image\/"},"sameAs":["https:\/\/www.facebook.com\/OrganisatorFachmagazin","https:\/\/www.linkedin.com\/showcase\/organisator-das-magazin-fr-kmu","https:\/\/www.xing.com\/news\/pages\/organisator-ch-695","https:\/\/www.youtube.com\/channel\/UCGP2Sq0iWaZwT3BdIAQFYpw"]},{"@type":"Person","@id":"https:\/\/www.organisator.ch\/#\/schema\/person\/6f650f90b2842cd4c0cc334b4e36f67e","name":"thomas.berner","image":{"@type":"ImageObject","inLanguage":"en-US","@id":"https:\/\/secure.gravatar.com\/avatar\/ac5001d2a36cb6c6cd3e50789007ffca834b477b74a2144564522e944eabff61?s=96&d=mm&r=g","url":"https:\/\/secure.gravatar.com\/avatar\/ac5001d2a36cb6c6cd3e50789007ffca834b477b74a2144564522e944eabff61?s=96&d=mm&r=g","contentUrl":"https:\/\/secure.gravatar.com\/avatar\/ac5001d2a36cb6c6cd3e50789007ffca834b477b74a2144564522e944eabff61?s=96&d=mm&r=g","caption":"thomas.berner"},"url":"https:\/\/www.organisator.ch\/en\/author\/thomas-berner\/"}]}},"_links":{"self":[{"href":"https:\/\/www.organisator.ch\/en\/wp-json\/wp\/v2\/posts\/2521","targetHints":{"allow":["GET"]}}],"collection":[{"href":"https:\/\/www.organisator.ch\/en\/wp-json\/wp\/v2\/posts"}],"about":[{"href":"https:\/\/www.organisator.ch\/en\/wp-json\/wp\/v2\/types\/post"}],"author":[{"embeddable":true,"href":"https:\/\/www.organisator.ch\/en\/wp-json\/wp\/v2\/users\/4"}],"replies":[{"embeddable":true,"href":"https:\/\/www.organisator.ch\/en\/wp-json\/wp\/v2\/comments?post=2521"}],"version-history":[{"count":0,"href":"https:\/\/www.organisator.ch\/en\/wp-json\/wp\/v2\/posts\/2521\/revisions"}],"wp:featuredmedia":[{"embeddable":true,"href":"https:\/\/www.organisator.ch\/en\/wp-json\/wp\/v2\/media\/2522"}],"wp:attachment":[{"href":"https:\/\/www.organisator.ch\/en\/wp-json\/wp\/v2\/media?parent=2521"}],"wp:term":[{"taxonomy":"category","embeddable":true,"href":"https:\/\/www.organisator.ch\/en\/wp-json\/wp\/v2\/categories?post=2521"},{"taxonomy":"post_tag","embeddable":true,"href":"https:\/\/www.organisator.ch\/en\/wp-json\/wp\/v2\/tags?post=2521"}],"curies":[{"name":"wp","href":"https:\/\/api.w.org\/{rel}","templated":true}]}}