{"id":2525,"date":"2017-10-04T07:57:20","date_gmt":"2017-10-04T05:57:20","guid":{"rendered":"https:\/\/www.organisator.ch\/?p=2525"},"modified":"2017-10-04T07:57:20","modified_gmt":"2017-10-04T05:57:20","slug":"cloud-computing-kmu-mit-hoher-maturitaet","status":"publish","type":"post","link":"https:\/\/www.organisator.ch\/en\/management\/it\/2017-10-04\/cloud-computing-kmu-mit-hoher-maturitaet\/","title":{"rendered":"Cloud computing: SMEs with high maturity"},"content":{"rendered":"<figure id=\"attachment_2526\" aria-describedby=\"caption-attachment-2526\" style=\"width: 480px\" class=\"wp-caption alignnone\"><img loading=\"lazy\" decoding=\"async\" class=\"size-full wp-image-2526\" src=\"https:\/\/www.organisator.ch\/wp-content\/uploads\/2017\/10\/Cloud-Computing-KMU-mit-hoher-Maturitaet-1_Organisator.jpg\" alt=\"\" width=\"480\" height=\"480\" srcset=\"https:\/\/www.organisator.ch\/wp-content\/uploads\/2017\/10\/Cloud-Computing-KMU-mit-hoher-Maturitaet-1_Organisator.jpg 480w, https:\/\/www.organisator.ch\/wp-content\/uploads\/2017\/10\/Cloud-Computing-KMU-mit-hoher-Maturitaet-1_Organisator-150x150.jpg 150w, https:\/\/www.organisator.ch\/wp-content\/uploads\/2017\/10\/Cloud-Computing-KMU-mit-hoher-Maturitaet-1_Organisator-12x12.jpg 12w, https:\/\/www.organisator.ch\/wp-content\/uploads\/2017\/10\/Cloud-Computing-KMU-mit-hoher-Maturitaet-1_Organisator-175x175.jpg 175w, https:\/\/www.organisator.ch\/wp-content\/uploads\/2017\/10\/Cloud-Computing-KMU-mit-hoher-Maturitaet-1_Organisator-350x350.jpg 350w, https:\/\/www.organisator.ch\/wp-content\/uploads\/2017\/10\/Cloud-Computing-KMU-mit-hoher-Maturitaet-1_Organisator-250x250.jpg 250w, https:\/\/www.organisator.ch\/wp-content\/uploads\/2017\/10\/Cloud-Computing-KMU-mit-hoher-Maturitaet-1_Organisator-300x300.jpg 300w, https:\/\/www.organisator.ch\/wp-content\/uploads\/2017\/10\/Cloud-Computing-KMU-mit-hoher-Maturitaet-1_Organisator-100x100.jpg 100w\" sizes=\"auto, (max-width: 480px) 100vw, 480px\" \/><figcaption id=\"caption-attachment-2526\" class=\"wp-caption-text\">When it comes to cloud computing, smaller companies already have a high level of maturity. (Image: Fotolia.com)<\/figcaption><\/figure>\n<p>How is IT preparing to optimally support the company in the digital transformation? How intensively are business and IT working together and what is the motivation for cloud deployment? Is digital transformation really not possible without cloud, or are these terms just marketed together without having anything in common? Such and similar questions were addressed in the study initiated by the Cloud Computing Competence Center of the School of Business FHNW under the direction of Prof. Dr. Stella Gatziu Grivas. CIOs from various industries were surveyed.<\/p>\n<h2><strong>The FHNW Matura models as a basis<\/strong><\/h2>\n<p>High-quality results were generated in detailed discussions. The FHNW Cloud Maturity Model and the FHNW Enterprise IT Maturity Model, which are available as online tools, served as a basis. The joint use of the two models provided information about cross-references and interactions between the individual areas.<\/p>\n<figure id=\"attachment_2527\" aria-describedby=\"caption-attachment-2527\" style=\"width: 680px\" class=\"wp-caption alignnone\"><img loading=\"lazy\" decoding=\"async\" class=\"size-medium wp-image-2527\" src=\"https:\/\/www.organisator.ch\/wp-content\/uploads\/2017\/10\/Cloud-Computing-KMU-mit-hoher-Maturitaet-2_Organisator.jpg\" alt=\"\" width=\"680\" height=\"391\" srcset=\"https:\/\/www.organisator.ch\/wp-content\/uploads\/2017\/10\/Cloud-Computing-KMU-mit-hoher-Maturitaet-2_Organisator.jpg 1923w, https:\/\/www.organisator.ch\/wp-content\/uploads\/2017\/10\/Cloud-Computing-KMU-mit-hoher-Maturitaet-2_Organisator-680x391.jpg 680w, https:\/\/www.organisator.ch\/wp-content\/uploads\/2017\/10\/Cloud-Computing-KMU-mit-hoher-Maturitaet-2_Organisator-1024x588.jpg 1024w, https:\/\/www.organisator.ch\/wp-content\/uploads\/2017\/10\/Cloud-Computing-KMU-mit-hoher-Maturitaet-2_Organisator-768x441.jpg 768w, https:\/\/www.organisator.ch\/wp-content\/uploads\/2017\/10\/Cloud-Computing-KMU-mit-hoher-Maturitaet-2_Organisator-1536x883.jpg 1536w, https:\/\/www.organisator.ch\/wp-content\/uploads\/2017\/10\/Cloud-Computing-KMU-mit-hoher-Maturitaet-2_Organisator-16x9.jpg 16w, https:\/\/www.organisator.ch\/wp-content\/uploads\/2017\/10\/Cloud-Computing-KMU-mit-hoher-Maturitaet-2_Organisator-305x175.jpg 305w, https:\/\/www.organisator.ch\/wp-content\/uploads\/2017\/10\/Cloud-Computing-KMU-mit-hoher-Maturitaet-2_Organisator-609x350.jpg 609w, https:\/\/www.organisator.ch\/wp-content\/uploads\/2017\/10\/Cloud-Computing-KMU-mit-hoher-Maturitaet-2_Organisator-1392x800.jpg 1392w, https:\/\/www.organisator.ch\/wp-content\/uploads\/2017\/10\/Cloud-Computing-KMU-mit-hoher-Maturitaet-2_Organisator-920x529.jpg 920w, https:\/\/www.organisator.ch\/wp-content\/uploads\/2017\/10\/Cloud-Computing-KMU-mit-hoher-Maturitaet-2_Organisator-1400x804.jpg 1400w, https:\/\/www.organisator.ch\/wp-content\/uploads\/2017\/10\/Cloud-Computing-KMU-mit-hoher-Maturitaet-2_Organisator-300x172.jpg 300w\" sizes=\"auto, (max-width: 680px) 100vw, 680px\" \/><figcaption id=\"caption-attachment-2527\" class=\"wp-caption-text\">Maturity levels of the FHNW Cloud Maturity Model (Graphic: FHNW)<\/figcaption><\/figure>\n<h2><strong>Smaller companies with higher maturity <\/strong><\/h2>\n<p>The companies surveyed show satisfactory final results for both cloud maturity and corporate IT maturity. A higher level of maturity is clearly evident among the smaller companies. However, companies with between 250 and 1000 employees have some catching up to do. Companies with a high cloud maturity also have an enterprise IT with a high maturity.<\/p>\n<h2><strong>Role of management crucial <\/strong><\/h2>\n<p>The majority (approx. 80 percent) of the CIOs surveyed said that digital transformation cannot be achieved without cloud. However, around 10 percent are of the opinion that cloud and digital transformation have nothing in common and are only marketed together. In companies where the management supports the digitization process and provides decisive impetus, cloud technologies are clearly used to make IT more agile and to drive business development. Cloud computing is seen as an innovation driver; cost saving is not the primary goal.  The results also show that a strategic positioning of the cloud is underway. Around 2\/3 of the CIOs surveyed have defined a cloud strategy which is already being implemented or are in the process of developing it.<\/p>\n<p><em>Source: <a href=\"http:\/\/www.fhnw.ch\/wirtschaft\">www.fhnw.ch\/wirtschaft<\/a>\u00a0<\/em><\/p>","protected":false},"excerpt":{"rendered":"<p>Wie bereitet sich die IT vor, um das Unternehmen optimal bei der Digitalen Transformation zu unterst\u00fctzen? Wie intensiv arbeiten Business und IT zusammen und wie steht es um die Motivation f\u00fcr den Cloud-Einsatz? Ist die Digitale Transformation ohne Cloud tats\u00e4chlich nicht m\u00f6glich oder werden diese Begriffe nur gemeinsam vermarktet, ohne etwas gemeinsam zu haben? Solche [&hellip;]<\/p>\n","protected":false},"author":4,"featured_media":2526,"comment_status":"open","ping_status":"open","sticky":false,"template":"","format":"standard","meta":{"_acf_changed":false,"_yoast_wpseo_focuskw":"Cloud Computing","_yoast_wpseo_metadesc":"Eine neue Studie der FHNW hat CIOs zu Themen rund um Cloud Computing, Digitalisierung und Transformation befragt.","articlekey":"","footnotes":""},"categories":[27],"tags":[123,156,286,459],"class_list":["post-2525","post","type-post","status-publish","format-standard","has-post-thumbnail","hentry","category-it","tag-cloud-computing","tag-digitalisierung","tag-it","tag-studie"],"acf":[],"yoast_head":"<!-- This site is optimized with the Yoast SEO plugin v27.5 - https:\/\/yoast.com\/product\/yoast-seo-wordpress\/ -->\n<title>Cloud Computing: KMU mit hoher Maturit\u00e4t - Organisator<\/title>\n<meta name=\"description\" content=\"Eine neue Studie der FHNW hat CIOs zu Themen rund um Cloud Computing, Digitalisierung und Transformation befragt.\" \/>\n<meta name=\"robots\" content=\"index, follow, max-snippet:-1, max-image-preview:large, max-video-preview:-1\" \/>\n<link rel=\"canonical\" href=\"https:\/\/www.organisator.ch\/en\/management\/it\/2017-10-04\/cloud-computing-kmu-mit-hoher-maturitaet\/\" \/>\n<meta property=\"og:locale\" content=\"en_US\" \/>\n<meta property=\"og:type\" content=\"article\" \/>\n<meta property=\"og:title\" content=\"Cloud Computing: KMU mit hoher Maturit\u00e4t\" \/>\n<meta property=\"og:description\" content=\"Beim digitalen Wandel spielt die Einstellung der Gesch\u00e4ftsleitung eine entscheidende Rolle. Eine neue Studie der #FHNW hat CIOs zu Themen rund um #Cloud Computing, #Digitalisierung und #Transformation befragt.\" \/>\n<meta property=\"og:url\" content=\"https:\/\/www.organisator.ch\/en\/management\/it\/2017-10-04\/cloud-computing-kmu-mit-hoher-maturitaet\/\" \/>\n<meta property=\"og:site_name\" content=\"Organisator\" \/>\n<meta property=\"article:publisher\" content=\"https:\/\/www.facebook.com\/OrganisatorFachmagazin\" \/>\n<meta property=\"article:published_time\" content=\"2017-10-04T05:57:20+00:00\" \/>\n<meta property=\"og:image\" content=\"https:\/\/www.organisator.ch\/wp-content\/uploads\/2017\/10\/Cloud-Computing-KMU-mit-hoher-Maturitaet-1_Organisator.jpg\" \/>\n\t<meta property=\"og:image:width\" content=\"480\" \/>\n\t<meta property=\"og:image:height\" content=\"480\" \/>\n\t<meta property=\"og:image:type\" content=\"image\/jpeg\" \/>\n<meta name=\"author\" content=\"thomas.berner\" \/>\n<meta name=\"twitter:card\" content=\"summary_large_image\" \/>\n<meta name=\"twitter:title\" content=\"Cloud Computing: KMU mit hoher Maturit\u00e4t #CloudComputing\" \/>\n<meta name=\"twitter:description\" content=\"Beim digitalen Wandel spielt die Einstellung der Gesch\u00e4ftsleitung eine entscheidende Rolle. Eine neue Studie der #FHNW hat CIOs zu Themen rund um #Cloud Computing, #Digitalisierung und #Transformation befragt.\" \/>\n<meta name=\"twitter:image\" content=\"https:\/\/www.organisator.ch\/wp-content\/uploads\/2017\/10\/Cloud-Computing-KMU-mit-hoher-Maturit\u00e4t-1_Organisator.jpg\" \/>\n<script type=\"application\/ld+json\" class=\"yoast-schema-graph\">{\"@context\":\"https:\\\/\\\/schema.org\",\"@graph\":[{\"@type\":\"Article\",\"@id\":\"https:\\\/\\\/www.organisator.ch\\\/management\\\/it\\\/2017-10-04\\\/cloud-computing-kmu-mit-hoher-maturitaet\\\/#article\",\"isPartOf\":{\"@id\":\"https:\\\/\\\/www.organisator.ch\\\/management\\\/it\\\/2017-10-04\\\/cloud-computing-kmu-mit-hoher-maturitaet\\\/\"},\"author\":{\"name\":\"thomas.berner\",\"@id\":\"https:\\\/\\\/www.organisator.ch\\\/#\\\/schema\\\/person\\\/6f650f90b2842cd4c0cc334b4e36f67e\"},\"headline\":\"Cloud Computing: KMU mit hoher Maturit\u00e4t\",\"datePublished\":\"2017-10-04T05:57:20+00:00\",\"mainEntityOfPage\":{\"@id\":\"https:\\\/\\\/www.organisator.ch\\\/management\\\/it\\\/2017-10-04\\\/cloud-computing-kmu-mit-hoher-maturitaet\\\/\"},\"wordCount\":382,\"commentCount\":0,\"publisher\":{\"@id\":\"https:\\\/\\\/www.organisator.ch\\\/#organization\"},\"image\":{\"@id\":\"https:\\\/\\\/www.organisator.ch\\\/management\\\/it\\\/2017-10-04\\\/cloud-computing-kmu-mit-hoher-maturitaet\\\/#primaryimage\"},\"thumbnailUrl\":\"https:\\\/\\\/www.organisator.ch\\\/wp-content\\\/uploads\\\/2017\\\/10\\\/Cloud-Computing-KMU-mit-hoher-Maturitaet-1_Organisator.jpg\",\"keywords\":[\"Cloud Computing\",\"Digitalisierung\",\"IT\",\"Studie\"],\"articleSection\":[\"IT\"],\"inLanguage\":\"en-US\"},{\"@type\":\"WebPage\",\"@id\":\"https:\\\/\\\/www.organisator.ch\\\/management\\\/it\\\/2017-10-04\\\/cloud-computing-kmu-mit-hoher-maturitaet\\\/\",\"url\":\"https:\\\/\\\/www.organisator.ch\\\/management\\\/it\\\/2017-10-04\\\/cloud-computing-kmu-mit-hoher-maturitaet\\\/\",\"name\":\"Cloud Computing: KMU mit hoher Maturit\u00e4t - Organisator\",\"isPartOf\":{\"@id\":\"https:\\\/\\\/www.organisator.ch\\\/#website\"},\"primaryImageOfPage\":{\"@id\":\"https:\\\/\\\/www.organisator.ch\\\/management\\\/it\\\/2017-10-04\\\/cloud-computing-kmu-mit-hoher-maturitaet\\\/#primaryimage\"},\"image\":{\"@id\":\"https:\\\/\\\/www.organisator.ch\\\/management\\\/it\\\/2017-10-04\\\/cloud-computing-kmu-mit-hoher-maturitaet\\\/#primaryimage\"},\"thumbnailUrl\":\"https:\\\/\\\/www.organisator.ch\\\/wp-content\\\/uploads\\\/2017\\\/10\\\/Cloud-Computing-KMU-mit-hoher-Maturitaet-1_Organisator.jpg\",\"datePublished\":\"2017-10-04T05:57:20+00:00\",\"description\":\"Eine neue Studie der FHNW hat CIOs zu Themen rund um Cloud Computing, Digitalisierung und Transformation befragt.\",\"breadcrumb\":{\"@id\":\"https:\\\/\\\/www.organisator.ch\\\/management\\\/it\\\/2017-10-04\\\/cloud-computing-kmu-mit-hoher-maturitaet\\\/#breadcrumb\"},\"inLanguage\":\"en-US\",\"potentialAction\":[{\"@type\":\"ReadAction\",\"target\":[\"https:\\\/\\\/www.organisator.ch\\\/management\\\/it\\\/2017-10-04\\\/cloud-computing-kmu-mit-hoher-maturitaet\\\/\"]}]},{\"@type\":\"ImageObject\",\"inLanguage\":\"en-US\",\"@id\":\"https:\\\/\\\/www.organisator.ch\\\/management\\\/it\\\/2017-10-04\\\/cloud-computing-kmu-mit-hoher-maturitaet\\\/#primaryimage\",\"url\":\"https:\\\/\\\/www.organisator.ch\\\/wp-content\\\/uploads\\\/2017\\\/10\\\/Cloud-Computing-KMU-mit-hoher-Maturitaet-1_Organisator.jpg\",\"contentUrl\":\"https:\\\/\\\/www.organisator.ch\\\/wp-content\\\/uploads\\\/2017\\\/10\\\/Cloud-Computing-KMU-mit-hoher-Maturitaet-1_Organisator.jpg\",\"width\":480,\"height\":480,\"caption\":\"Beim Cloud Computing haben kleinere Unternehmen bereits einen hohen Reifegrad. (Bild: Fotolia.com)\"},{\"@type\":\"BreadcrumbList\",\"@id\":\"https:\\\/\\\/www.organisator.ch\\\/management\\\/it\\\/2017-10-04\\\/cloud-computing-kmu-mit-hoher-maturitaet\\\/#breadcrumb\",\"itemListElement\":[{\"@type\":\"ListItem\",\"position\":1,\"name\":\"Home\",\"item\":\"https:\\\/\\\/www.organisator.ch\\\/\"},{\"@type\":\"ListItem\",\"position\":2,\"name\":\"Cloud Computing: KMU mit hoher Maturit\u00e4t\"}]},{\"@type\":\"WebSite\",\"@id\":\"https:\\\/\\\/www.organisator.ch\\\/#website\",\"url\":\"https:\\\/\\\/www.organisator.ch\\\/\",\"name\":\"Organisator\",\"description\":\"Kompetent. Praxisnah. Der ORGANISATOR bereitet in 10 Ausgaben pro Jahr die wesentlichen Themen f\u00fcr F\u00fchrungskr\u00e4fte von KMU auf.\",\"publisher\":{\"@id\":\"https:\\\/\\\/www.organisator.ch\\\/#organization\"},\"potentialAction\":[{\"@type\":\"SearchAction\",\"target\":{\"@type\":\"EntryPoint\",\"urlTemplate\":\"https:\\\/\\\/www.organisator.ch\\\/?s={search_term_string}\"},\"query-input\":{\"@type\":\"PropertyValueSpecification\",\"valueRequired\":true,\"valueName\":\"search_term_string\"}}],\"inLanguage\":\"en-US\"},{\"@type\":\"Organization\",\"@id\":\"https:\\\/\\\/www.organisator.ch\\\/#organization\",\"name\":\"Organisator\",\"url\":\"https:\\\/\\\/www.organisator.ch\\\/\",\"logo\":{\"@type\":\"ImageObject\",\"inLanguage\":\"en-US\",\"@id\":\"https:\\\/\\\/www.organisator.ch\\\/#\\\/schema\\\/logo\\\/image\\\/\",\"url\":\"https:\\\/\\\/www.organisator.ch\\\/wp-content\\\/uploads\\\/2022\\\/01\\\/Logo_Organisator_Website.png\",\"contentUrl\":\"https:\\\/\\\/www.organisator.ch\\\/wp-content\\\/uploads\\\/2022\\\/01\\\/Logo_Organisator_Website.png\",\"width\":800,\"height\":77,\"caption\":\"Organisator\"},\"image\":{\"@id\":\"https:\\\/\\\/www.organisator.ch\\\/#\\\/schema\\\/logo\\\/image\\\/\"},\"sameAs\":[\"https:\\\/\\\/www.facebook.com\\\/OrganisatorFachmagazin\",\"https:\\\/\\\/www.linkedin.com\\\/showcase\\\/organisator-das-magazin-fr-kmu\",\"https:\\\/\\\/www.xing.com\\\/news\\\/pages\\\/organisator-ch-695\",\"https:\\\/\\\/www.youtube.com\\\/channel\\\/UCGP2Sq0iWaZwT3BdIAQFYpw\"]},{\"@type\":\"Person\",\"@id\":\"https:\\\/\\\/www.organisator.ch\\\/#\\\/schema\\\/person\\\/6f650f90b2842cd4c0cc334b4e36f67e\",\"name\":\"thomas.berner\",\"image\":{\"@type\":\"ImageObject\",\"inLanguage\":\"en-US\",\"@id\":\"https:\\\/\\\/secure.gravatar.com\\\/avatar\\\/ac5001d2a36cb6c6cd3e50789007ffca834b477b74a2144564522e944eabff61?s=96&d=mm&r=g\",\"url\":\"https:\\\/\\\/secure.gravatar.com\\\/avatar\\\/ac5001d2a36cb6c6cd3e50789007ffca834b477b74a2144564522e944eabff61?s=96&d=mm&r=g\",\"contentUrl\":\"https:\\\/\\\/secure.gravatar.com\\\/avatar\\\/ac5001d2a36cb6c6cd3e50789007ffca834b477b74a2144564522e944eabff61?s=96&d=mm&r=g\",\"caption\":\"thomas.berner\"},\"url\":\"https:\\\/\\\/www.organisator.ch\\\/en\\\/author\\\/thomas-berner\\\/\"}]}<\/script>\n<!-- \/ Yoast SEO plugin. -->","yoast_head_json":{"title":"Cloud computing: SMEs with high maturity - organizer","description":"A new study by the FHNW surveyed CIOs on topics related to cloud computing, digitization and transformation.","robots":{"index":"index","follow":"follow","max-snippet":"max-snippet:-1","max-image-preview":"max-image-preview:large","max-video-preview":"max-video-preview:-1"},"canonical":"https:\/\/www.organisator.ch\/en\/management\/it\/2017-10-04\/cloud-computing-kmu-mit-hoher-maturitaet\/","og_locale":"en_US","og_type":"article","og_title":"Cloud Computing: KMU mit hoher Maturit\u00e4t","og_description":"Beim digitalen Wandel spielt die Einstellung der Gesch\u00e4ftsleitung eine entscheidende Rolle. Eine neue Studie der #FHNW hat CIOs zu Themen rund um #Cloud Computing, #Digitalisierung und #Transformation befragt.","og_url":"https:\/\/www.organisator.ch\/en\/management\/it\/2017-10-04\/cloud-computing-kmu-mit-hoher-maturitaet\/","og_site_name":"Organisator","article_publisher":"https:\/\/www.facebook.com\/OrganisatorFachmagazin","article_published_time":"2017-10-04T05:57:20+00:00","og_image":[{"width":480,"height":480,"url":"https:\/\/www.organisator.ch\/wp-content\/uploads\/2017\/10\/Cloud-Computing-KMU-mit-hoher-Maturitaet-1_Organisator.jpg","type":"image\/jpeg"}],"author":"thomas.berner","twitter_card":"summary_large_image","twitter_title":"Cloud Computing: KMU mit hoher Maturit\u00e4t #CloudComputing","twitter_description":"Beim digitalen Wandel spielt die Einstellung der Gesch\u00e4ftsleitung eine entscheidende Rolle. Eine neue Studie der #FHNW hat CIOs zu Themen rund um #Cloud Computing, #Digitalisierung und #Transformation befragt.","twitter_image":"https:\/\/www.organisator.ch\/wp-content\/uploads\/2017\/10\/Cloud-Computing-KMU-mit-hoher-Maturit\u00e4t-1_Organisator.jpg","schema":{"@context":"https:\/\/schema.org","@graph":[{"@type":"Article","@id":"https:\/\/www.organisator.ch\/management\/it\/2017-10-04\/cloud-computing-kmu-mit-hoher-maturitaet\/#article","isPartOf":{"@id":"https:\/\/www.organisator.ch\/management\/it\/2017-10-04\/cloud-computing-kmu-mit-hoher-maturitaet\/"},"author":{"name":"thomas.berner","@id":"https:\/\/www.organisator.ch\/#\/schema\/person\/6f650f90b2842cd4c0cc334b4e36f67e"},"headline":"Cloud Computing: KMU mit hoher Maturit\u00e4t","datePublished":"2017-10-04T05:57:20+00:00","mainEntityOfPage":{"@id":"https:\/\/www.organisator.ch\/management\/it\/2017-10-04\/cloud-computing-kmu-mit-hoher-maturitaet\/"},"wordCount":382,"commentCount":0,"publisher":{"@id":"https:\/\/www.organisator.ch\/#organization"},"image":{"@id":"https:\/\/www.organisator.ch\/management\/it\/2017-10-04\/cloud-computing-kmu-mit-hoher-maturitaet\/#primaryimage"},"thumbnailUrl":"https:\/\/www.organisator.ch\/wp-content\/uploads\/2017\/10\/Cloud-Computing-KMU-mit-hoher-Maturitaet-1_Organisator.jpg","keywords":["Cloud Computing","Digitalisierung","IT","Studie"],"articleSection":["IT"],"inLanguage":"en-US"},{"@type":"WebPage","@id":"https:\/\/www.organisator.ch\/management\/it\/2017-10-04\/cloud-computing-kmu-mit-hoher-maturitaet\/","url":"https:\/\/www.organisator.ch\/management\/it\/2017-10-04\/cloud-computing-kmu-mit-hoher-maturitaet\/","name":"Cloud computing: SMEs with high maturity - organizer","isPartOf":{"@id":"https:\/\/www.organisator.ch\/#website"},"primaryImageOfPage":{"@id":"https:\/\/www.organisator.ch\/management\/it\/2017-10-04\/cloud-computing-kmu-mit-hoher-maturitaet\/#primaryimage"},"image":{"@id":"https:\/\/www.organisator.ch\/management\/it\/2017-10-04\/cloud-computing-kmu-mit-hoher-maturitaet\/#primaryimage"},"thumbnailUrl":"https:\/\/www.organisator.ch\/wp-content\/uploads\/2017\/10\/Cloud-Computing-KMU-mit-hoher-Maturitaet-1_Organisator.jpg","datePublished":"2017-10-04T05:57:20+00:00","description":"A new study by the FHNW surveyed CIOs on topics related to cloud computing, digitization and transformation.","breadcrumb":{"@id":"https:\/\/www.organisator.ch\/management\/it\/2017-10-04\/cloud-computing-kmu-mit-hoher-maturitaet\/#breadcrumb"},"inLanguage":"en-US","potentialAction":[{"@type":"ReadAction","target":["https:\/\/www.organisator.ch\/management\/it\/2017-10-04\/cloud-computing-kmu-mit-hoher-maturitaet\/"]}]},{"@type":"ImageObject","inLanguage":"en-US","@id":"https:\/\/www.organisator.ch\/management\/it\/2017-10-04\/cloud-computing-kmu-mit-hoher-maturitaet\/#primaryimage","url":"https:\/\/www.organisator.ch\/wp-content\/uploads\/2017\/10\/Cloud-Computing-KMU-mit-hoher-Maturitaet-1_Organisator.jpg","contentUrl":"https:\/\/www.organisator.ch\/wp-content\/uploads\/2017\/10\/Cloud-Computing-KMU-mit-hoher-Maturitaet-1_Organisator.jpg","width":480,"height":480,"caption":"Beim Cloud Computing haben kleinere Unternehmen bereits einen hohen Reifegrad. (Bild: Fotolia.com)"},{"@type":"BreadcrumbList","@id":"https:\/\/www.organisator.ch\/management\/it\/2017-10-04\/cloud-computing-kmu-mit-hoher-maturitaet\/#breadcrumb","itemListElement":[{"@type":"ListItem","position":1,"name":"Home","item":"https:\/\/www.organisator.ch\/"},{"@type":"ListItem","position":2,"name":"Cloud Computing: KMU mit hoher Maturit\u00e4t"}]},{"@type":"WebSite","@id":"https:\/\/www.organisator.ch\/#website","url":"https:\/\/www.organisator.ch\/","name":"Organizer","description":"Competent. Practical. In 10 issues per year, ORGANISATOR presents the essential topics for managers of SMEs.","publisher":{"@id":"https:\/\/www.organisator.ch\/#organization"},"potentialAction":[{"@type":"SearchAction","target":{"@type":"EntryPoint","urlTemplate":"https:\/\/www.organisator.ch\/?s={search_term_string}"},"query-input":{"@type":"PropertyValueSpecification","valueRequired":true,"valueName":"search_term_string"}}],"inLanguage":"en-US"},{"@type":"Organization","@id":"https:\/\/www.organisator.ch\/#organization","name":"Organizer","url":"https:\/\/www.organisator.ch\/","logo":{"@type":"ImageObject","inLanguage":"en-US","@id":"https:\/\/www.organisator.ch\/#\/schema\/logo\/image\/","url":"https:\/\/www.organisator.ch\/wp-content\/uploads\/2022\/01\/Logo_Organisator_Website.png","contentUrl":"https:\/\/www.organisator.ch\/wp-content\/uploads\/2022\/01\/Logo_Organisator_Website.png","width":800,"height":77,"caption":"Organisator"},"image":{"@id":"https:\/\/www.organisator.ch\/#\/schema\/logo\/image\/"},"sameAs":["https:\/\/www.facebook.com\/OrganisatorFachmagazin","https:\/\/www.linkedin.com\/showcase\/organisator-das-magazin-fr-kmu","https:\/\/www.xing.com\/news\/pages\/organisator-ch-695","https:\/\/www.youtube.com\/channel\/UCGP2Sq0iWaZwT3BdIAQFYpw"]},{"@type":"Person","@id":"https:\/\/www.organisator.ch\/#\/schema\/person\/6f650f90b2842cd4c0cc334b4e36f67e","name":"thomas.berner","image":{"@type":"ImageObject","inLanguage":"en-US","@id":"https:\/\/secure.gravatar.com\/avatar\/ac5001d2a36cb6c6cd3e50789007ffca834b477b74a2144564522e944eabff61?s=96&d=mm&r=g","url":"https:\/\/secure.gravatar.com\/avatar\/ac5001d2a36cb6c6cd3e50789007ffca834b477b74a2144564522e944eabff61?s=96&d=mm&r=g","contentUrl":"https:\/\/secure.gravatar.com\/avatar\/ac5001d2a36cb6c6cd3e50789007ffca834b477b74a2144564522e944eabff61?s=96&d=mm&r=g","caption":"thomas.berner"},"url":"https:\/\/www.organisator.ch\/en\/author\/thomas-berner\/"}]}},"_links":{"self":[{"href":"https:\/\/www.organisator.ch\/en\/wp-json\/wp\/v2\/posts\/2525","targetHints":{"allow":["GET"]}}],"collection":[{"href":"https:\/\/www.organisator.ch\/en\/wp-json\/wp\/v2\/posts"}],"about":[{"href":"https:\/\/www.organisator.ch\/en\/wp-json\/wp\/v2\/types\/post"}],"author":[{"embeddable":true,"href":"https:\/\/www.organisator.ch\/en\/wp-json\/wp\/v2\/users\/4"}],"replies":[{"embeddable":true,"href":"https:\/\/www.organisator.ch\/en\/wp-json\/wp\/v2\/comments?post=2525"}],"version-history":[{"count":0,"href":"https:\/\/www.organisator.ch\/en\/wp-json\/wp\/v2\/posts\/2525\/revisions"}],"wp:featuredmedia":[{"embeddable":true,"href":"https:\/\/www.organisator.ch\/en\/wp-json\/wp\/v2\/media\/2526"}],"wp:attachment":[{"href":"https:\/\/www.organisator.ch\/en\/wp-json\/wp\/v2\/media?parent=2525"}],"wp:term":[{"taxonomy":"category","embeddable":true,"href":"https:\/\/www.organisator.ch\/en\/wp-json\/wp\/v2\/categories?post=2525"},{"taxonomy":"post_tag","embeddable":true,"href":"https:\/\/www.organisator.ch\/en\/wp-json\/wp\/v2\/tags?post=2525"}],"curies":[{"name":"wp","href":"https:\/\/api.w.org\/{rel}","templated":true}]}}