{"id":25268,"date":"2024-02-21T06:28:49","date_gmt":"2024-02-21T05:28:49","guid":{"rendered":"https:\/\/www.m-q.ch\/?p=19323"},"modified":"2024-11-11T16:31:28","modified_gmt":"2024-11-11T15:31:28","slug":"augmented-reality-in-der-industrie","status":"publish","type":"post","link":"https:\/\/www.organisator.ch\/en\/operational-excellence\/2024-02-21\/augmented-reality-in-der-industrie\/","title":{"rendered":"Augmented reality in the industry"},"content":{"rendered":"<figure id=\"attachment_19324\" class=\"wp-caption alignnone\" style=\"width: 680px\" aria-describedby=\"caption-attachment-19324\"><img class=\"alignnone wp-image-19324 size-full\" src=\"https:\/\/www.m-q.ch\/wp-content\/uploads\/2024\/02\/Almer_Arc2_ps.jpg\" alt=\"Almer Arc 2 Industry 2024\" width=\"680\" height=\"453\" \/>\r\n<figcaption id=\"caption-attachment-19324\" class=\"wp-caption-text\">The Arc 2 enables a new type of communication in industrial environments. (Image: www.almer.com)<\/figcaption>\r\n<\/figure>\r\n<p>The Arc 2 from Almer Technologies enables a new type of communication in the field of remote maintenance and customer service for industry. The smart glasses make it easy to optimize processes and thus save time and money. Weighing just 179 grams, the AR glasses set new standards in terms of wearing comfort compared to similar AR glasses. With improved functions and a sophisticated design, the Almer Arc 2 is the solution for a wide range of challenges in the modern industrial working environment.<\/p>\r\n<h3><strong>New features and new look<\/strong><\/h3>\r\n<p>Compared to its predecessor, the Almer Arc 2 is characterized by a display that has been doubled in brightness. This means that it can also be used outdoors in bright sunlight without any problems. Thanks to the integration of loudspeakers, spontaneous phone calls can be taken without additional headphones. The powerful microphones ensure clear communication even in noisy environments. With 25 megapixels and autofocus, the camera delivers exceptional image quality. Even when zooming, details remain razor sharp. An integrated light provides practical illumination for dark work areas. An additional headlamp becomes obsolete. Thanks to the quick-charging function, the Arc 2 is recharged to 80 percent within 15 minutes.<\/p>\r\n<h3><strong>Put it on and get started straight away<\/strong><\/h3>\r\n<p>Thanks to a monthly subscription system for both the hardware from Almer and the necessary software, which comes from partner TeamViewer, the purchase costs of the Arc 2 remain low. However, the data glasses are particularly impressive due to their ease of use. \"Our solution is 'enterprise-ready'. Users can deploy the glasses immediately and use them for many different purposes,\" says Sebastian Beetschen, CEO of Almer Technologies. Renowned companies such as the SFS Group and Cablex\/Swisscom have also been won over by the wearing comfort and easy integration into existing work processes in production environments and during the installation, maintenance and troubleshooting of complex machines.<\/p>\r\n<p><em>Source: <a href=\"https:\/\/almer.com\/\">www.almer.com<\/a><\/em><\/p>\n<p class=\"syndicated-attribution\">This article originally appeared on m-q.ch - <a href=\"https:\/\/www.m-q.ch\/de\/augmented-reality-in-der-industrie\/\" target=\"_blank\">https:\/\/www.m-q.ch\/de\/augmented-reality-in-der-industrie\/<\/a><\/p>","protected":false},"excerpt":{"rendered":"<p>Convenient, easy to use and affordable - with the new AR glasses \"Arc 2\", Almer Technologies is setting new standards for augmented reality in the industrial environment. In contrast to previous smart glasses, which are heavy, complex and expensive, the data glasses score points with unprecedented technical specifications and are ready for immediate use.<\/p>","protected":false},"author":58,"featured_media":0,"comment_status":"closed","ping_status":"closed","sticky":false,"template":"","format":"standard","meta":{"_acf_changed":false,"_yoast_wpseo_focuskw":"Almer Arc 2 Industrie 2024","_yoast_wpseo_metadesc":"Almer Arc 2: Neue Smart Glasses f\u00fcr Industriekommunikation. Effizient, leicht und benutzerfreundlich.","articlekey":"","footnotes":""},"categories":[582],"tags":[4111,266,308,2748,492],"class_list":["post-25268","post","type-post","status-publish","format-standard","hentry","category-operational-excellence","tag-augmented-reality-ar","tag-industrie","tag-kommunikation","tag-produktenews","tag-unternehmen"],"acf":[],"yoast_head":"<!-- This site is optimized with the Yoast SEO plugin v27.4 - https:\/\/yoast.com\/product\/yoast-seo-wordpress\/ -->\n<title>Augmented Reality in der Industrie - Organisator<\/title>\n<meta name=\"description\" content=\"Almer Arc 2: Neue Smart Glasses f\u00fcr Industriekommunikation. Effizient, leicht und benutzerfreundlich.\" \/>\n<meta name=\"robots\" content=\"index, follow, max-snippet:-1, max-image-preview:large, max-video-preview:-1\" \/>\n<link rel=\"canonical\" href=\"https:\/\/www.organisator.ch\/en\/operational-excellence\/2024-02-21\/augmented-reality-in-der-industrie\/\" \/>\n<meta property=\"og:locale\" content=\"en_US\" \/>\n<meta property=\"og:type\" content=\"article\" \/>\n<meta property=\"og:title\" content=\"Augmented Reality in der Industrie - Organisator\" \/>\n<meta property=\"og:description\" content=\"Almer Arc 2: Neue Smart Glasses f\u00fcr Industriekommunikation. Effizient, leicht und benutzerfreundlich.\" \/>\n<meta property=\"og:url\" content=\"https:\/\/www.organisator.ch\/en\/operational-excellence\/2024-02-21\/augmented-reality-in-der-industrie\/\" \/>\n<meta property=\"og:site_name\" content=\"Organisator\" \/>\n<meta property=\"article:publisher\" content=\"https:\/\/www.facebook.com\/OrganisatorFachmagazin\" \/>\n<meta property=\"article:published_time\" content=\"2024-02-21T05:28:49+00:00\" \/>\n<meta property=\"article:modified_time\" content=\"2024-11-11T15:31:28+00:00\" \/>\n<meta property=\"og:image\" content=\"https:\/\/www.m-q.ch\/wp-content\/uploads\/2024\/02\/Almer_Arc2_ps.jpg\" \/>\n<meta name=\"author\" content=\"Adelisa Kalajdzini\" \/>\n<meta name=\"twitter:card\" content=\"summary_large_image\" \/>\n<script type=\"application\/ld+json\" class=\"yoast-schema-graph\">{\"@context\":\"https:\\\/\\\/schema.org\",\"@graph\":[{\"@type\":\"Article\",\"@id\":\"https:\\\/\\\/www.organisator.ch\\\/operational-excellence\\\/2024-02-21\\\/augmented-reality-in-der-industrie\\\/#article\",\"isPartOf\":{\"@id\":\"https:\\\/\\\/www.organisator.ch\\\/operational-excellence\\\/2024-02-21\\\/augmented-reality-in-der-industrie\\\/\"},\"author\":{\"name\":\"Adelisa Kalajdzini\",\"@id\":\"https:\\\/\\\/www.organisator.ch\\\/#\\\/schema\\\/person\\\/2e1314a2172123f874db408d8911d3f3\"},\"headline\":\"Augmented Reality in der Industrie\",\"datePublished\":\"2024-02-21T05:28:49+00:00\",\"dateModified\":\"2024-11-11T15:31:28+00:00\",\"mainEntityOfPage\":{\"@id\":\"https:\\\/\\\/www.organisator.ch\\\/operational-excellence\\\/2024-02-21\\\/augmented-reality-in-der-industrie\\\/\"},\"wordCount\":318,\"publisher\":{\"@id\":\"https:\\\/\\\/www.organisator.ch\\\/#organization\"},\"image\":{\"@id\":\"https:\\\/\\\/www.organisator.ch\\\/operational-excellence\\\/2024-02-21\\\/augmented-reality-in-der-industrie\\\/#primaryimage\"},\"thumbnailUrl\":\"https:\\\/\\\/www.m-q.ch\\\/wp-content\\\/uploads\\\/2024\\\/02\\\/Almer_Arc2_ps.jpg\",\"keywords\":[\"Augmented Reality (AR)\",\"Industrie\",\"Kommunikation\",\"Produktenews\",\"Unternehmen\"],\"articleSection\":[\"OPERATIONAL EXCELLENCE\"],\"inLanguage\":\"en-US\"},{\"@type\":\"WebPage\",\"@id\":\"https:\\\/\\\/www.organisator.ch\\\/operational-excellence\\\/2024-02-21\\\/augmented-reality-in-der-industrie\\\/\",\"url\":\"https:\\\/\\\/www.organisator.ch\\\/operational-excellence\\\/2024-02-21\\\/augmented-reality-in-der-industrie\\\/\",\"name\":\"Augmented Reality in der Industrie - Organisator\",\"isPartOf\":{\"@id\":\"https:\\\/\\\/www.organisator.ch\\\/#website\"},\"primaryImageOfPage\":{\"@id\":\"https:\\\/\\\/www.organisator.ch\\\/operational-excellence\\\/2024-02-21\\\/augmented-reality-in-der-industrie\\\/#primaryimage\"},\"image\":{\"@id\":\"https:\\\/\\\/www.organisator.ch\\\/operational-excellence\\\/2024-02-21\\\/augmented-reality-in-der-industrie\\\/#primaryimage\"},\"thumbnailUrl\":\"https:\\\/\\\/www.m-q.ch\\\/wp-content\\\/uploads\\\/2024\\\/02\\\/Almer_Arc2_ps.jpg\",\"datePublished\":\"2024-02-21T05:28:49+00:00\",\"dateModified\":\"2024-11-11T15:31:28+00:00\",\"description\":\"Almer Arc 2: Neue Smart Glasses f\u00fcr Industriekommunikation. Effizient, leicht und benutzerfreundlich.\",\"breadcrumb\":{\"@id\":\"https:\\\/\\\/www.organisator.ch\\\/operational-excellence\\\/2024-02-21\\\/augmented-reality-in-der-industrie\\\/#breadcrumb\"},\"inLanguage\":\"en-US\",\"potentialAction\":[{\"@type\":\"ReadAction\",\"target\":[\"https:\\\/\\\/www.organisator.ch\\\/operational-excellence\\\/2024-02-21\\\/augmented-reality-in-der-industrie\\\/\"]}]},{\"@type\":\"ImageObject\",\"inLanguage\":\"en-US\",\"@id\":\"https:\\\/\\\/www.organisator.ch\\\/operational-excellence\\\/2024-02-21\\\/augmented-reality-in-der-industrie\\\/#primaryimage\",\"url\":\"https:\\\/\\\/www.m-q.ch\\\/wp-content\\\/uploads\\\/2024\\\/02\\\/Almer_Arc2_ps.jpg\",\"contentUrl\":\"https:\\\/\\\/www.m-q.ch\\\/wp-content\\\/uploads\\\/2024\\\/02\\\/Almer_Arc2_ps.jpg\"},{\"@type\":\"BreadcrumbList\",\"@id\":\"https:\\\/\\\/www.organisator.ch\\\/operational-excellence\\\/2024-02-21\\\/augmented-reality-in-der-industrie\\\/#breadcrumb\",\"itemListElement\":[{\"@type\":\"ListItem\",\"position\":1,\"name\":\"Home\",\"item\":\"https:\\\/\\\/www.organisator.ch\\\/\"},{\"@type\":\"ListItem\",\"position\":2,\"name\":\"Augmented Reality in der Industrie\"}]},{\"@type\":\"WebSite\",\"@id\":\"https:\\\/\\\/www.organisator.ch\\\/#website\",\"url\":\"https:\\\/\\\/www.organisator.ch\\\/\",\"name\":\"Organisator\",\"description\":\"Kompetent. Praxisnah. Der ORGANISATOR bereitet in 10 Ausgaben pro Jahr die wesentlichen Themen f\u00fcr F\u00fchrungskr\u00e4fte von KMU auf.\",\"publisher\":{\"@id\":\"https:\\\/\\\/www.organisator.ch\\\/#organization\"},\"potentialAction\":[{\"@type\":\"SearchAction\",\"target\":{\"@type\":\"EntryPoint\",\"urlTemplate\":\"https:\\\/\\\/www.organisator.ch\\\/?s={search_term_string}\"},\"query-input\":{\"@type\":\"PropertyValueSpecification\",\"valueRequired\":true,\"valueName\":\"search_term_string\"}}],\"inLanguage\":\"en-US\"},{\"@type\":\"Organization\",\"@id\":\"https:\\\/\\\/www.organisator.ch\\\/#organization\",\"name\":\"Organisator\",\"url\":\"https:\\\/\\\/www.organisator.ch\\\/\",\"logo\":{\"@type\":\"ImageObject\",\"inLanguage\":\"en-US\",\"@id\":\"https:\\\/\\\/www.organisator.ch\\\/#\\\/schema\\\/logo\\\/image\\\/\",\"url\":\"https:\\\/\\\/www.organisator.ch\\\/wp-content\\\/uploads\\\/2022\\\/01\\\/Logo_Organisator_Website.png\",\"contentUrl\":\"https:\\\/\\\/www.organisator.ch\\\/wp-content\\\/uploads\\\/2022\\\/01\\\/Logo_Organisator_Website.png\",\"width\":800,\"height\":77,\"caption\":\"Organisator\"},\"image\":{\"@id\":\"https:\\\/\\\/www.organisator.ch\\\/#\\\/schema\\\/logo\\\/image\\\/\"},\"sameAs\":[\"https:\\\/\\\/www.facebook.com\\\/OrganisatorFachmagazin\",\"https:\\\/\\\/www.linkedin.com\\\/showcase\\\/organisator-das-magazin-fr-kmu\",\"https:\\\/\\\/www.xing.com\\\/news\\\/pages\\\/organisator-ch-695\",\"https:\\\/\\\/www.youtube.com\\\/channel\\\/UCGP2Sq0iWaZwT3BdIAQFYpw\"]},{\"@type\":\"Person\",\"@id\":\"https:\\\/\\\/www.organisator.ch\\\/#\\\/schema\\\/person\\\/2e1314a2172123f874db408d8911d3f3\",\"name\":\"Adelisa Kalajdzini\",\"image\":{\"@type\":\"ImageObject\",\"inLanguage\":\"en-US\",\"@id\":\"https:\\\/\\\/secure.gravatar.com\\\/avatar\\\/09a397c22ac58cad6f160ee8306348599df9df58a8ede73696226897b9fa4b24?s=96&d=mm&r=g\",\"url\":\"https:\\\/\\\/secure.gravatar.com\\\/avatar\\\/09a397c22ac58cad6f160ee8306348599df9df58a8ede73696226897b9fa4b24?s=96&d=mm&r=g\",\"contentUrl\":\"https:\\\/\\\/secure.gravatar.com\\\/avatar\\\/09a397c22ac58cad6f160ee8306348599df9df58a8ede73696226897b9fa4b24?s=96&d=mm&r=g\",\"caption\":\"Adelisa Kalajdzini\"},\"url\":\"https:\\\/\\\/www.organisator.ch\\\/en\\\/author\\\/adelisa-kalajdzini\\\/\"}]}<\/script>\n<!-- \/ Yoast SEO plugin. -->","yoast_head_json":{"title":"Augmented Reality in the industry - Organizer","description":"Almer Arc 2: New smart glasses for industrial communication. Efficient, lightweight and user-friendly.","robots":{"index":"index","follow":"follow","max-snippet":"max-snippet:-1","max-image-preview":"max-image-preview:large","max-video-preview":"max-video-preview:-1"},"canonical":"https:\/\/www.organisator.ch\/en\/operational-excellence\/2024-02-21\/augmented-reality-in-der-industrie\/","og_locale":"en_US","og_type":"article","og_title":"Augmented Reality in der Industrie - Organisator","og_description":"Almer Arc 2: Neue Smart Glasses f\u00fcr Industriekommunikation. Effizient, leicht und benutzerfreundlich.","og_url":"https:\/\/www.organisator.ch\/en\/operational-excellence\/2024-02-21\/augmented-reality-in-der-industrie\/","og_site_name":"Organisator","article_publisher":"https:\/\/www.facebook.com\/OrganisatorFachmagazin","article_published_time":"2024-02-21T05:28:49+00:00","article_modified_time":"2024-11-11T15:31:28+00:00","og_image":[{"url":"https:\/\/www.m-q.ch\/wp-content\/uploads\/2024\/02\/Almer_Arc2_ps.jpg","type":"","width":"","height":""}],"author":"Adelisa Kalajdzini","twitter_card":"summary_large_image","schema":{"@context":"https:\/\/schema.org","@graph":[{"@type":"Article","@id":"https:\/\/www.organisator.ch\/operational-excellence\/2024-02-21\/augmented-reality-in-der-industrie\/#article","isPartOf":{"@id":"https:\/\/www.organisator.ch\/operational-excellence\/2024-02-21\/augmented-reality-in-der-industrie\/"},"author":{"name":"Adelisa Kalajdzini","@id":"https:\/\/www.organisator.ch\/#\/schema\/person\/2e1314a2172123f874db408d8911d3f3"},"headline":"Augmented Reality in der Industrie","datePublished":"2024-02-21T05:28:49+00:00","dateModified":"2024-11-11T15:31:28+00:00","mainEntityOfPage":{"@id":"https:\/\/www.organisator.ch\/operational-excellence\/2024-02-21\/augmented-reality-in-der-industrie\/"},"wordCount":318,"publisher":{"@id":"https:\/\/www.organisator.ch\/#organization"},"image":{"@id":"https:\/\/www.organisator.ch\/operational-excellence\/2024-02-21\/augmented-reality-in-der-industrie\/#primaryimage"},"thumbnailUrl":"https:\/\/www.m-q.ch\/wp-content\/uploads\/2024\/02\/Almer_Arc2_ps.jpg","keywords":["Augmented Reality (AR)","Industrie","Kommunikation","Produktenews","Unternehmen"],"articleSection":["OPERATIONAL EXCELLENCE"],"inLanguage":"en-US"},{"@type":"WebPage","@id":"https:\/\/www.organisator.ch\/operational-excellence\/2024-02-21\/augmented-reality-in-der-industrie\/","url":"https:\/\/www.organisator.ch\/operational-excellence\/2024-02-21\/augmented-reality-in-der-industrie\/","name":"Augmented Reality in the industry - Organizer","isPartOf":{"@id":"https:\/\/www.organisator.ch\/#website"},"primaryImageOfPage":{"@id":"https:\/\/www.organisator.ch\/operational-excellence\/2024-02-21\/augmented-reality-in-der-industrie\/#primaryimage"},"image":{"@id":"https:\/\/www.organisator.ch\/operational-excellence\/2024-02-21\/augmented-reality-in-der-industrie\/#primaryimage"},"thumbnailUrl":"https:\/\/www.m-q.ch\/wp-content\/uploads\/2024\/02\/Almer_Arc2_ps.jpg","datePublished":"2024-02-21T05:28:49+00:00","dateModified":"2024-11-11T15:31:28+00:00","description":"Almer Arc 2: New smart glasses for industrial communication. Efficient, lightweight and user-friendly.","breadcrumb":{"@id":"https:\/\/www.organisator.ch\/operational-excellence\/2024-02-21\/augmented-reality-in-der-industrie\/#breadcrumb"},"inLanguage":"en-US","potentialAction":[{"@type":"ReadAction","target":["https:\/\/www.organisator.ch\/operational-excellence\/2024-02-21\/augmented-reality-in-der-industrie\/"]}]},{"@type":"ImageObject","inLanguage":"en-US","@id":"https:\/\/www.organisator.ch\/operational-excellence\/2024-02-21\/augmented-reality-in-der-industrie\/#primaryimage","url":"https:\/\/www.m-q.ch\/wp-content\/uploads\/2024\/02\/Almer_Arc2_ps.jpg","contentUrl":"https:\/\/www.m-q.ch\/wp-content\/uploads\/2024\/02\/Almer_Arc2_ps.jpg"},{"@type":"BreadcrumbList","@id":"https:\/\/www.organisator.ch\/operational-excellence\/2024-02-21\/augmented-reality-in-der-industrie\/#breadcrumb","itemListElement":[{"@type":"ListItem","position":1,"name":"Home","item":"https:\/\/www.organisator.ch\/"},{"@type":"ListItem","position":2,"name":"Augmented Reality in der Industrie"}]},{"@type":"WebSite","@id":"https:\/\/www.organisator.ch\/#website","url":"https:\/\/www.organisator.ch\/","name":"Organizer","description":"Competent. Practical. In 10 issues per year, ORGANISATOR presents the essential topics for managers of SMEs.","publisher":{"@id":"https:\/\/www.organisator.ch\/#organization"},"potentialAction":[{"@type":"SearchAction","target":{"@type":"EntryPoint","urlTemplate":"https:\/\/www.organisator.ch\/?s={search_term_string}"},"query-input":{"@type":"PropertyValueSpecification","valueRequired":true,"valueName":"search_term_string"}}],"inLanguage":"en-US"},{"@type":"Organization","@id":"https:\/\/www.organisator.ch\/#organization","name":"Organizer","url":"https:\/\/www.organisator.ch\/","logo":{"@type":"ImageObject","inLanguage":"en-US","@id":"https:\/\/www.organisator.ch\/#\/schema\/logo\/image\/","url":"https:\/\/www.organisator.ch\/wp-content\/uploads\/2022\/01\/Logo_Organisator_Website.png","contentUrl":"https:\/\/www.organisator.ch\/wp-content\/uploads\/2022\/01\/Logo_Organisator_Website.png","width":800,"height":77,"caption":"Organisator"},"image":{"@id":"https:\/\/www.organisator.ch\/#\/schema\/logo\/image\/"},"sameAs":["https:\/\/www.facebook.com\/OrganisatorFachmagazin","https:\/\/www.linkedin.com\/showcase\/organisator-das-magazin-fr-kmu","https:\/\/www.xing.com\/news\/pages\/organisator-ch-695","https:\/\/www.youtube.com\/channel\/UCGP2Sq0iWaZwT3BdIAQFYpw"]},{"@type":"Person","@id":"https:\/\/www.organisator.ch\/#\/schema\/person\/2e1314a2172123f874db408d8911d3f3","name":"Adelisa Kalajdzini","image":{"@type":"ImageObject","inLanguage":"en-US","@id":"https:\/\/secure.gravatar.com\/avatar\/09a397c22ac58cad6f160ee8306348599df9df58a8ede73696226897b9fa4b24?s=96&d=mm&r=g","url":"https:\/\/secure.gravatar.com\/avatar\/09a397c22ac58cad6f160ee8306348599df9df58a8ede73696226897b9fa4b24?s=96&d=mm&r=g","contentUrl":"https:\/\/secure.gravatar.com\/avatar\/09a397c22ac58cad6f160ee8306348599df9df58a8ede73696226897b9fa4b24?s=96&d=mm&r=g","caption":"Adelisa Kalajdzini"},"url":"https:\/\/www.organisator.ch\/en\/author\/adelisa-kalajdzini\/"}]}},"_links":{"self":[{"href":"https:\/\/www.organisator.ch\/en\/wp-json\/wp\/v2\/posts\/25268","targetHints":{"allow":["GET"]}}],"collection":[{"href":"https:\/\/www.organisator.ch\/en\/wp-json\/wp\/v2\/posts"}],"about":[{"href":"https:\/\/www.organisator.ch\/en\/wp-json\/wp\/v2\/types\/post"}],"author":[{"embeddable":true,"href":"https:\/\/www.organisator.ch\/en\/wp-json\/wp\/v2\/users\/58"}],"replies":[{"embeddable":true,"href":"https:\/\/www.organisator.ch\/en\/wp-json\/wp\/v2\/comments?post=25268"}],"version-history":[{"count":8,"href":"https:\/\/www.organisator.ch\/en\/wp-json\/wp\/v2\/posts\/25268\/revisions"}],"predecessor-version":[{"id":32472,"href":"https:\/\/www.organisator.ch\/en\/wp-json\/wp\/v2\/posts\/25268\/revisions\/32472"}],"wp:attachment":[{"href":"https:\/\/www.organisator.ch\/en\/wp-json\/wp\/v2\/media?parent=25268"}],"wp:term":[{"taxonomy":"category","embeddable":true,"href":"https:\/\/www.organisator.ch\/en\/wp-json\/wp\/v2\/categories?post=25268"},{"taxonomy":"post_tag","embeddable":true,"href":"https:\/\/www.organisator.ch\/en\/wp-json\/wp\/v2\/tags?post=25268"}],"curies":[{"name":"wp","href":"https:\/\/api.w.org\/{rel}","templated":true}]}}