{"id":253,"date":"2016-04-08T09:48:44","date_gmt":"2016-04-08T07:48:44","guid":{"rendered":"http:\/\/dev.organisator.ch\/?p=253"},"modified":"2016-04-08T09:48:44","modified_gmt":"2016-04-08T07:48:44","slug":"witzig-uebernimmt-den-businesspoint-in-bern","status":"publish","type":"post","link":"https:\/\/www.organisator.ch\/en\/human-resources\/hrm\/2016-04-08\/witzig-uebernimmt-den-businesspoint-in-bern\/","title":{"rendered":"Witzig takes over the \"BusinessPoint\" in Bern"},"content":{"rendered":"<figure id=\"attachment_254\" aria-describedby=\"caption-attachment-254\" style=\"width: 448px\" class=\"wp-caption alignnone\"><img loading=\"lazy\" decoding=\"async\" class=\"size-full wp-image-254\" src=\"https:\/\/www.organisator.ch\/wp-content\/uploads\/2016\/12\/Witzig-uebernimmt-den-BusinessPoint-in-Bern-organisator.jpg\" alt=\"\" width=\"448\" height=\"299\" srcset=\"https:\/\/www.organisator.ch\/wp-content\/uploads\/2016\/12\/Witzig-uebernimmt-den-BusinessPoint-in-Bern-organisator.jpg 448w, https:\/\/www.organisator.ch\/wp-content\/uploads\/2016\/12\/Witzig-uebernimmt-den-BusinessPoint-in-Bern-organisator-16x12.jpg 16w, https:\/\/www.organisator.ch\/wp-content\/uploads\/2016\/12\/Witzig-uebernimmt-den-BusinessPoint-in-Bern-organisator-262x175.jpg 262w, https:\/\/www.organisator.ch\/wp-content\/uploads\/2016\/12\/Witzig-uebernimmt-den-BusinessPoint-in-Bern-organisator-300x200.jpg 300w\" sizes=\"auto, (max-width: 448px) 100vw, 448px\" \/><figcaption id=\"caption-attachment-254\" class=\"wp-caption-text\">The BusinessPoint at Bern Main Station is now operated by Witzig The Office Company.<\/figcaption><\/figure>\n<p>The coworking space \"BusinessPoint\" in Bern has a new operator: The office specialist Witzig The Office Company took over the flexible workplaces for business people from SBB on April 1 as part of its collaboration on the Work Smart Initiative and will gradually develop them into \"new working worlds\". This is because Witzig The Office Company not only wants to design flexible workplaces for mobile knowledge workers in the future, but also offer and test them itself in the form of \"Office as a Service\".<\/p>\n<p><strong>\"Office as a Service\" in a central location<\/strong><\/p>\n<p>Witzig is now offering \"Office as a Service\" in the Bern train station in the immediate vicinity of the platforms: 16 rooms offer space for four to 40 people for meetings or project meetings. At twelve individual workstations, people can concentrate on their work and network in the lounge and meeting zone. Business people benefit from state-of-the-art office infrastructure and personal service: The price includes presentation equipment in the meeting rooms, fast WLAN and catering such as drinks and fruit. A single workstation is available from CHF 25 per hour, a meeting room for four people or a private office from CHF 84 per hour.<\/p>\n<p><strong>Mobile working in the office of the future<\/strong><\/p>\n<p>At the \"BusinessPoint\" in Bern, Witzig is implementing findings from the Work Smart initiative and combining mobile working with the convenience of a fixed workstation. Those who only pay for the office when they use it also save costs. With this offer, the company wants to appeal to mobile business people who need an optimally furnished workstation or a centrally located meeting room immediately and for a limited time. When designing the workstations and meeting rooms, Witzig relies on the latest office concepts. The use of such \"BusinessPoints\" is also in line with a growing trend toward coworking: According to a study by the University of Applied Sciences of Northwestern Switzerland, a quarter of the workforce already works on a mobile basis, and another 25 percent could do so from a work perspective.<\/p>\n<p><em>More information: <a href=\"http:\/\/www.witzig.ch\/businesspoint\" target=\"_blank\" data-cke-saved-href=\"http:\/\/www.witzig.ch\/businesspoint\" rel=\"noopener\">www.witzig.ch\/businesspoint<\/a><\/em><\/p>","protected":false},"excerpt":{"rendered":"<p>Der Coworking Space \u00abBusinessPoint\u00bb in Bern hat einen neuen Betreiber: Der B\u00fcrospezialist Witzig The Office Company hat die flexiblen Arbeitspl\u00e4tze f\u00fcr Gesch\u00e4ftsleute per 1. April von der SBB im Rahmen der Zusammenarbeit an der Work Smart Initiative \u00fcbernommen und wird sie schrittweise zu \u00abneuen Arbeitswelten\u00bb ausbauen. Denn Witzig The Office Company m\u00f6chte flexible Arbeitspl\u00e4tze f\u00fcr [&hellip;]<\/p>\n","protected":false},"author":1,"featured_media":254,"comment_status":"open","ping_status":"open","sticky":false,"template":"","format":"standard","meta":{"_acf_changed":false,"_yoast_wpseo_focuskw":"Witzig","_yoast_wpseo_metadesc":"Witzig The Office Company bietet im Hauptgeb\u00e4ude des Bahnhofs Bern neu \u00abOffice as a Service\u00bb an.","articlekey":"","footnotes":""},"categories":[26],"tags":[51,102,254,492],"class_list":["post-253","post","type-post","status-publish","format-standard","has-post-thumbnail","hentry","category-hrm","tag-arbeitsplatzgestaltung","tag-buero","tag-hrm","tag-unternehmen"],"acf":[],"yoast_head":"<!-- This site is optimized with the Yoast SEO plugin v27.4 - https:\/\/yoast.com\/product\/yoast-seo-wordpress\/ -->\n<title>Witzig \u00fcbernimmt den \u00abBusinessPoint\u00bb in Bern - Organisator<\/title>\n<meta name=\"description\" content=\"Witzig The Office Company bietet im Hauptgeb\u00e4ude des Bahnhofs Bern neu \u00abOffice as a Service\u00bb an.\" \/>\n<meta name=\"robots\" content=\"index, follow, max-snippet:-1, max-image-preview:large, max-video-preview:-1\" \/>\n<link rel=\"canonical\" href=\"https:\/\/www.organisator.ch\/en\/human-resources\/hrm\/2016-04-08\/witzig-uebernimmt-den-businesspoint-in-bern\/\" \/>\n<meta property=\"og:locale\" content=\"en_US\" \/>\n<meta property=\"og:type\" content=\"article\" \/>\n<meta property=\"og:title\" content=\"Witzig \u00fcbernimmt den \u00abBusinessPoint\u00bb in Bern\" \/>\n<meta property=\"og:description\" content=\"Witzig The Office Company bietet im Hauptgeb\u00e4ude des Bahnhofs Bern neu \u00abOffice as a Service\u00bb an. Auf 550 Quadratmetern k\u00f6nnen Gesch\u00e4ftsleute kurzfristig Arbeitspl\u00e4tze und Sitzungszimmer mieten \u2013 und sind danach im Nu wieder auf dem Perron.\" \/>\n<meta property=\"og:url\" content=\"https:\/\/www.organisator.ch\/en\/human-resources\/hrm\/2016-04-08\/witzig-uebernimmt-den-businesspoint-in-bern\/\" \/>\n<meta property=\"og:site_name\" content=\"Organisator\" \/>\n<meta property=\"article:publisher\" content=\"https:\/\/www.facebook.com\/OrganisatorFachmagazin\" \/>\n<meta property=\"article:published_time\" content=\"2016-04-08T07:48:44+00:00\" \/>\n<meta name=\"author\" content=\"admin\" \/>\n<meta name=\"twitter:card\" content=\"summary_large_image\" \/>\n<meta name=\"twitter:image\" content=\"https:\/\/www.organisator.ch\/wp-content\/uploads\/2016\/12\/Witzig-uebernimmt-den-BusinessPoint-in-Bern-organisator.jpg\" \/>\n<script type=\"application\/ld+json\" class=\"yoast-schema-graph\">{\"@context\":\"https:\\\/\\\/schema.org\",\"@graph\":[{\"@type\":\"Article\",\"@id\":\"https:\\\/\\\/www.organisator.ch\\\/human-resources\\\/hrm\\\/2016-04-08\\\/witzig-uebernimmt-den-businesspoint-in-bern\\\/#article\",\"isPartOf\":{\"@id\":\"https:\\\/\\\/www.organisator.ch\\\/human-resources\\\/hrm\\\/2016-04-08\\\/witzig-uebernimmt-den-businesspoint-in-bern\\\/\"},\"author\":{\"name\":\"admin\",\"@id\":\"https:\\\/\\\/www.organisator.ch\\\/#\\\/schema\\\/person\\\/aa2bace6c5c5aad60102004a50c4eb1c\"},\"headline\":\"Witzig \u00fcbernimmt den \u00abBusinessPoint\u00bb in Bern\",\"datePublished\":\"2016-04-08T07:48:44+00:00\",\"mainEntityOfPage\":{\"@id\":\"https:\\\/\\\/www.organisator.ch\\\/human-resources\\\/hrm\\\/2016-04-08\\\/witzig-uebernimmt-den-businesspoint-in-bern\\\/\"},\"wordCount\":353,\"commentCount\":0,\"publisher\":{\"@id\":\"https:\\\/\\\/www.organisator.ch\\\/#organization\"},\"image\":{\"@id\":\"https:\\\/\\\/www.organisator.ch\\\/human-resources\\\/hrm\\\/2016-04-08\\\/witzig-uebernimmt-den-businesspoint-in-bern\\\/#primaryimage\"},\"thumbnailUrl\":\"https:\\\/\\\/www.organisator.ch\\\/wp-content\\\/uploads\\\/2016\\\/12\\\/Witzig-uebernimmt-den-BusinessPoint-in-Bern-organisator.jpg\",\"keywords\":[\"Arbeitsplatzgestaltung\",\"B\u00fcro\",\"HRM\",\"Unternehmen\"],\"articleSection\":[\"HRM\"],\"inLanguage\":\"en-US\"},{\"@type\":\"WebPage\",\"@id\":\"https:\\\/\\\/www.organisator.ch\\\/human-resources\\\/hrm\\\/2016-04-08\\\/witzig-uebernimmt-den-businesspoint-in-bern\\\/\",\"url\":\"https:\\\/\\\/www.organisator.ch\\\/human-resources\\\/hrm\\\/2016-04-08\\\/witzig-uebernimmt-den-businesspoint-in-bern\\\/\",\"name\":\"Witzig \u00fcbernimmt den \u00abBusinessPoint\u00bb in Bern - Organisator\",\"isPartOf\":{\"@id\":\"https:\\\/\\\/www.organisator.ch\\\/#website\"},\"primaryImageOfPage\":{\"@id\":\"https:\\\/\\\/www.organisator.ch\\\/human-resources\\\/hrm\\\/2016-04-08\\\/witzig-uebernimmt-den-businesspoint-in-bern\\\/#primaryimage\"},\"image\":{\"@id\":\"https:\\\/\\\/www.organisator.ch\\\/human-resources\\\/hrm\\\/2016-04-08\\\/witzig-uebernimmt-den-businesspoint-in-bern\\\/#primaryimage\"},\"thumbnailUrl\":\"https:\\\/\\\/www.organisator.ch\\\/wp-content\\\/uploads\\\/2016\\\/12\\\/Witzig-uebernimmt-den-BusinessPoint-in-Bern-organisator.jpg\",\"datePublished\":\"2016-04-08T07:48:44+00:00\",\"description\":\"Witzig The Office Company bietet im Hauptgeb\u00e4ude des Bahnhofs Bern neu \u00abOffice as a Service\u00bb an.\",\"breadcrumb\":{\"@id\":\"https:\\\/\\\/www.organisator.ch\\\/human-resources\\\/hrm\\\/2016-04-08\\\/witzig-uebernimmt-den-businesspoint-in-bern\\\/#breadcrumb\"},\"inLanguage\":\"en-US\",\"potentialAction\":[{\"@type\":\"ReadAction\",\"target\":[\"https:\\\/\\\/www.organisator.ch\\\/human-resources\\\/hrm\\\/2016-04-08\\\/witzig-uebernimmt-den-businesspoint-in-bern\\\/\"]}]},{\"@type\":\"ImageObject\",\"inLanguage\":\"en-US\",\"@id\":\"https:\\\/\\\/www.organisator.ch\\\/human-resources\\\/hrm\\\/2016-04-08\\\/witzig-uebernimmt-den-businesspoint-in-bern\\\/#primaryimage\",\"url\":\"https:\\\/\\\/www.organisator.ch\\\/wp-content\\\/uploads\\\/2016\\\/12\\\/Witzig-uebernimmt-den-BusinessPoint-in-Bern-organisator.jpg\",\"contentUrl\":\"https:\\\/\\\/www.organisator.ch\\\/wp-content\\\/uploads\\\/2016\\\/12\\\/Witzig-uebernimmt-den-BusinessPoint-in-Bern-organisator.jpg\",\"width\":448,\"height\":299,\"caption\":\"Der BusinessPoint im Hauptbahnhof Bern wird neu von Witzig The Office Company betrieben.\"},{\"@type\":\"BreadcrumbList\",\"@id\":\"https:\\\/\\\/www.organisator.ch\\\/human-resources\\\/hrm\\\/2016-04-08\\\/witzig-uebernimmt-den-businesspoint-in-bern\\\/#breadcrumb\",\"itemListElement\":[{\"@type\":\"ListItem\",\"position\":1,\"name\":\"Home\",\"item\":\"https:\\\/\\\/www.organisator.ch\\\/\"},{\"@type\":\"ListItem\",\"position\":2,\"name\":\"Witzig \u00fcbernimmt den \u00abBusinessPoint\u00bb in Bern\"}]},{\"@type\":\"WebSite\",\"@id\":\"https:\\\/\\\/www.organisator.ch\\\/#website\",\"url\":\"https:\\\/\\\/www.organisator.ch\\\/\",\"name\":\"Organisator\",\"description\":\"Kompetent. Praxisnah. Der ORGANISATOR bereitet in 10 Ausgaben pro Jahr die wesentlichen Themen f\u00fcr F\u00fchrungskr\u00e4fte von KMU auf.\",\"publisher\":{\"@id\":\"https:\\\/\\\/www.organisator.ch\\\/#organization\"},\"potentialAction\":[{\"@type\":\"SearchAction\",\"target\":{\"@type\":\"EntryPoint\",\"urlTemplate\":\"https:\\\/\\\/www.organisator.ch\\\/?s={search_term_string}\"},\"query-input\":{\"@type\":\"PropertyValueSpecification\",\"valueRequired\":true,\"valueName\":\"search_term_string\"}}],\"inLanguage\":\"en-US\"},{\"@type\":\"Organization\",\"@id\":\"https:\\\/\\\/www.organisator.ch\\\/#organization\",\"name\":\"Organisator\",\"url\":\"https:\\\/\\\/www.organisator.ch\\\/\",\"logo\":{\"@type\":\"ImageObject\",\"inLanguage\":\"en-US\",\"@id\":\"https:\\\/\\\/www.organisator.ch\\\/#\\\/schema\\\/logo\\\/image\\\/\",\"url\":\"https:\\\/\\\/www.organisator.ch\\\/wp-content\\\/uploads\\\/2022\\\/01\\\/Logo_Organisator_Website.png\",\"contentUrl\":\"https:\\\/\\\/www.organisator.ch\\\/wp-content\\\/uploads\\\/2022\\\/01\\\/Logo_Organisator_Website.png\",\"width\":800,\"height\":77,\"caption\":\"Organisator\"},\"image\":{\"@id\":\"https:\\\/\\\/www.organisator.ch\\\/#\\\/schema\\\/logo\\\/image\\\/\"},\"sameAs\":[\"https:\\\/\\\/www.facebook.com\\\/OrganisatorFachmagazin\",\"https:\\\/\\\/www.linkedin.com\\\/showcase\\\/organisator-das-magazin-fr-kmu\",\"https:\\\/\\\/www.xing.com\\\/news\\\/pages\\\/organisator-ch-695\",\"https:\\\/\\\/www.youtube.com\\\/channel\\\/UCGP2Sq0iWaZwT3BdIAQFYpw\"]},{\"@type\":\"Person\",\"@id\":\"https:\\\/\\\/www.organisator.ch\\\/#\\\/schema\\\/person\\\/aa2bace6c5c5aad60102004a50c4eb1c\",\"name\":\"admin\",\"image\":{\"@type\":\"ImageObject\",\"inLanguage\":\"en-US\",\"@id\":\"https:\\\/\\\/secure.gravatar.com\\\/avatar\\\/ae2f4d718e6c49043e314ce431e7e645d646302a24a5ef5a8bc8e3f5a032e319?s=96&d=mm&r=g\",\"url\":\"https:\\\/\\\/secure.gravatar.com\\\/avatar\\\/ae2f4d718e6c49043e314ce431e7e645d646302a24a5ef5a8bc8e3f5a032e319?s=96&d=mm&r=g\",\"contentUrl\":\"https:\\\/\\\/secure.gravatar.com\\\/avatar\\\/ae2f4d718e6c49043e314ce431e7e645d646302a24a5ef5a8bc8e3f5a032e319?s=96&d=mm&r=g\",\"caption\":\"admin\"},\"sameAs\":[\"https:\\\/\\\/www.organisator.ch\"],\"url\":\"https:\\\/\\\/www.organisator.ch\\\/en\\\/author\\\/admin\\\/\"}]}<\/script>\n<!-- \/ Yoast SEO plugin. -->","yoast_head_json":{"title":"Witzig takes over the \"BusinessPoint\" in Bern - organizer","description":"Witzig The Office Company is now offering \"Office as a Service\" in the main building of Bern station.","robots":{"index":"index","follow":"follow","max-snippet":"max-snippet:-1","max-image-preview":"max-image-preview:large","max-video-preview":"max-video-preview:-1"},"canonical":"https:\/\/www.organisator.ch\/en\/human-resources\/hrm\/2016-04-08\/witzig-uebernimmt-den-businesspoint-in-bern\/","og_locale":"en_US","og_type":"article","og_title":"Witzig \u00fcbernimmt den \u00abBusinessPoint\u00bb in Bern","og_description":"Witzig The Office Company bietet im Hauptgeb\u00e4ude des Bahnhofs Bern neu \u00abOffice as a Service\u00bb an. Auf 550 Quadratmetern k\u00f6nnen Gesch\u00e4ftsleute kurzfristig Arbeitspl\u00e4tze und Sitzungszimmer mieten \u2013 und sind danach im Nu wieder auf dem Perron.","og_url":"https:\/\/www.organisator.ch\/en\/human-resources\/hrm\/2016-04-08\/witzig-uebernimmt-den-businesspoint-in-bern\/","og_site_name":"Organisator","article_publisher":"https:\/\/www.facebook.com\/OrganisatorFachmagazin","article_published_time":"2016-04-08T07:48:44+00:00","author":"admin","twitter_card":"summary_large_image","twitter_image":"https:\/\/www.organisator.ch\/wp-content\/uploads\/2016\/12\/Witzig-uebernimmt-den-BusinessPoint-in-Bern-organisator.jpg","schema":{"@context":"https:\/\/schema.org","@graph":[{"@type":"Article","@id":"https:\/\/www.organisator.ch\/human-resources\/hrm\/2016-04-08\/witzig-uebernimmt-den-businesspoint-in-bern\/#article","isPartOf":{"@id":"https:\/\/www.organisator.ch\/human-resources\/hrm\/2016-04-08\/witzig-uebernimmt-den-businesspoint-in-bern\/"},"author":{"name":"admin","@id":"https:\/\/www.organisator.ch\/#\/schema\/person\/aa2bace6c5c5aad60102004a50c4eb1c"},"headline":"Witzig \u00fcbernimmt den \u00abBusinessPoint\u00bb in Bern","datePublished":"2016-04-08T07:48:44+00:00","mainEntityOfPage":{"@id":"https:\/\/www.organisator.ch\/human-resources\/hrm\/2016-04-08\/witzig-uebernimmt-den-businesspoint-in-bern\/"},"wordCount":353,"commentCount":0,"publisher":{"@id":"https:\/\/www.organisator.ch\/#organization"},"image":{"@id":"https:\/\/www.organisator.ch\/human-resources\/hrm\/2016-04-08\/witzig-uebernimmt-den-businesspoint-in-bern\/#primaryimage"},"thumbnailUrl":"https:\/\/www.organisator.ch\/wp-content\/uploads\/2016\/12\/Witzig-uebernimmt-den-BusinessPoint-in-Bern-organisator.jpg","keywords":["Arbeitsplatzgestaltung","B\u00fcro","HRM","Unternehmen"],"articleSection":["HRM"],"inLanguage":"en-US"},{"@type":"WebPage","@id":"https:\/\/www.organisator.ch\/human-resources\/hrm\/2016-04-08\/witzig-uebernimmt-den-businesspoint-in-bern\/","url":"https:\/\/www.organisator.ch\/human-resources\/hrm\/2016-04-08\/witzig-uebernimmt-den-businesspoint-in-bern\/","name":"Witzig takes over the \"BusinessPoint\" in Bern - organizer","isPartOf":{"@id":"https:\/\/www.organisator.ch\/#website"},"primaryImageOfPage":{"@id":"https:\/\/www.organisator.ch\/human-resources\/hrm\/2016-04-08\/witzig-uebernimmt-den-businesspoint-in-bern\/#primaryimage"},"image":{"@id":"https:\/\/www.organisator.ch\/human-resources\/hrm\/2016-04-08\/witzig-uebernimmt-den-businesspoint-in-bern\/#primaryimage"},"thumbnailUrl":"https:\/\/www.organisator.ch\/wp-content\/uploads\/2016\/12\/Witzig-uebernimmt-den-BusinessPoint-in-Bern-organisator.jpg","datePublished":"2016-04-08T07:48:44+00:00","description":"Witzig The Office Company is now offering \"Office as a Service\" in the main building of Bern station.","breadcrumb":{"@id":"https:\/\/www.organisator.ch\/human-resources\/hrm\/2016-04-08\/witzig-uebernimmt-den-businesspoint-in-bern\/#breadcrumb"},"inLanguage":"en-US","potentialAction":[{"@type":"ReadAction","target":["https:\/\/www.organisator.ch\/human-resources\/hrm\/2016-04-08\/witzig-uebernimmt-den-businesspoint-in-bern\/"]}]},{"@type":"ImageObject","inLanguage":"en-US","@id":"https:\/\/www.organisator.ch\/human-resources\/hrm\/2016-04-08\/witzig-uebernimmt-den-businesspoint-in-bern\/#primaryimage","url":"https:\/\/www.organisator.ch\/wp-content\/uploads\/2016\/12\/Witzig-uebernimmt-den-BusinessPoint-in-Bern-organisator.jpg","contentUrl":"https:\/\/www.organisator.ch\/wp-content\/uploads\/2016\/12\/Witzig-uebernimmt-den-BusinessPoint-in-Bern-organisator.jpg","width":448,"height":299,"caption":"Der BusinessPoint im Hauptbahnhof Bern wird neu von Witzig The Office Company betrieben."},{"@type":"BreadcrumbList","@id":"https:\/\/www.organisator.ch\/human-resources\/hrm\/2016-04-08\/witzig-uebernimmt-den-businesspoint-in-bern\/#breadcrumb","itemListElement":[{"@type":"ListItem","position":1,"name":"Home","item":"https:\/\/www.organisator.ch\/"},{"@type":"ListItem","position":2,"name":"Witzig \u00fcbernimmt den \u00abBusinessPoint\u00bb in Bern"}]},{"@type":"WebSite","@id":"https:\/\/www.organisator.ch\/#website","url":"https:\/\/www.organisator.ch\/","name":"Organizer","description":"Competent. Practical. In 10 issues per year, ORGANISATOR presents the essential topics for managers of SMEs.","publisher":{"@id":"https:\/\/www.organisator.ch\/#organization"},"potentialAction":[{"@type":"SearchAction","target":{"@type":"EntryPoint","urlTemplate":"https:\/\/www.organisator.ch\/?s={search_term_string}"},"query-input":{"@type":"PropertyValueSpecification","valueRequired":true,"valueName":"search_term_string"}}],"inLanguage":"en-US"},{"@type":"Organization","@id":"https:\/\/www.organisator.ch\/#organization","name":"Organizer","url":"https:\/\/www.organisator.ch\/","logo":{"@type":"ImageObject","inLanguage":"en-US","@id":"https:\/\/www.organisator.ch\/#\/schema\/logo\/image\/","url":"https:\/\/www.organisator.ch\/wp-content\/uploads\/2022\/01\/Logo_Organisator_Website.png","contentUrl":"https:\/\/www.organisator.ch\/wp-content\/uploads\/2022\/01\/Logo_Organisator_Website.png","width":800,"height":77,"caption":"Organisator"},"image":{"@id":"https:\/\/www.organisator.ch\/#\/schema\/logo\/image\/"},"sameAs":["https:\/\/www.facebook.com\/OrganisatorFachmagazin","https:\/\/www.linkedin.com\/showcase\/organisator-das-magazin-fr-kmu","https:\/\/www.xing.com\/news\/pages\/organisator-ch-695","https:\/\/www.youtube.com\/channel\/UCGP2Sq0iWaZwT3BdIAQFYpw"]},{"@type":"Person","@id":"https:\/\/www.organisator.ch\/#\/schema\/person\/aa2bace6c5c5aad60102004a50c4eb1c","name":"admin","image":{"@type":"ImageObject","inLanguage":"en-US","@id":"https:\/\/secure.gravatar.com\/avatar\/ae2f4d718e6c49043e314ce431e7e645d646302a24a5ef5a8bc8e3f5a032e319?s=96&d=mm&r=g","url":"https:\/\/secure.gravatar.com\/avatar\/ae2f4d718e6c49043e314ce431e7e645d646302a24a5ef5a8bc8e3f5a032e319?s=96&d=mm&r=g","contentUrl":"https:\/\/secure.gravatar.com\/avatar\/ae2f4d718e6c49043e314ce431e7e645d646302a24a5ef5a8bc8e3f5a032e319?s=96&d=mm&r=g","caption":"admin"},"sameAs":["https:\/\/www.organisator.ch"],"url":"https:\/\/www.organisator.ch\/en\/author\/admin\/"}]}},"_links":{"self":[{"href":"https:\/\/www.organisator.ch\/en\/wp-json\/wp\/v2\/posts\/253","targetHints":{"allow":["GET"]}}],"collection":[{"href":"https:\/\/www.organisator.ch\/en\/wp-json\/wp\/v2\/posts"}],"about":[{"href":"https:\/\/www.organisator.ch\/en\/wp-json\/wp\/v2\/types\/post"}],"author":[{"embeddable":true,"href":"https:\/\/www.organisator.ch\/en\/wp-json\/wp\/v2\/users\/1"}],"replies":[{"embeddable":true,"href":"https:\/\/www.organisator.ch\/en\/wp-json\/wp\/v2\/comments?post=253"}],"version-history":[{"count":0,"href":"https:\/\/www.organisator.ch\/en\/wp-json\/wp\/v2\/posts\/253\/revisions"}],"wp:featuredmedia":[{"embeddable":true,"href":"https:\/\/www.organisator.ch\/en\/wp-json\/wp\/v2\/media\/254"}],"wp:attachment":[{"href":"https:\/\/www.organisator.ch\/en\/wp-json\/wp\/v2\/media?parent=253"}],"wp:term":[{"taxonomy":"category","embeddable":true,"href":"https:\/\/www.organisator.ch\/en\/wp-json\/wp\/v2\/categories?post=253"},{"taxonomy":"post_tag","embeddable":true,"href":"https:\/\/www.organisator.ch\/en\/wp-json\/wp\/v2\/tags?post=253"}],"curies":[{"name":"wp","href":"https:\/\/api.w.org\/{rel}","templated":true}]}}