{"id":25418,"date":"2024-02-29T13:46:14","date_gmt":"2024-02-29T12:46:14","guid":{"rendered":"https:\/\/www.organisator.ch\/?p=25418"},"modified":"2024-03-04T14:54:50","modified_gmt":"2024-03-04T13:54:50","slug":"finalist-prix-svc-ostschweiz-2024-maerchenhotel-ag","status":"publish","type":"post","link":"https:\/\/www.organisator.ch\/en\/allgemein\/2024-02-29\/finalist-prix-svc-ostschweiz-2024-maerchenhotel-ag\/","title":{"rendered":"Finalist Prix SVC Ostschweiz 2024: M\u00e4rchenhotel AG"},"content":{"rendered":"<figure id=\"attachment_25464\" aria-describedby=\"caption-attachment-25464\" style=\"width: 680px\" class=\"wp-caption alignnone\"><img loading=\"lazy\" decoding=\"async\" class=\"size-full wp-image-25464\" src=\"https:\/\/www.organisator.ch\/wp-content\/uploads\/2024\/02\/Finalist-Prix-SVC-Ostschweiz-2024-Maerchenhotel-AG_NEU_Organisator.jpg\" alt=\"\" width=\"680\" height=\"448\" srcset=\"https:\/\/www.organisator.ch\/wp-content\/uploads\/2024\/02\/Finalist-Prix-SVC-Ostschweiz-2024-Maerchenhotel-AG_NEU_Organisator.jpg 680w, https:\/\/www.organisator.ch\/wp-content\/uploads\/2024\/02\/Finalist-Prix-SVC-Ostschweiz-2024-Maerchenhotel-AG_NEU_Organisator-18x12.jpg 18w, https:\/\/www.organisator.ch\/wp-content\/uploads\/2024\/02\/Finalist-Prix-SVC-Ostschweiz-2024-Maerchenhotel-AG_NEU_Organisator-375x247.jpg 375w, https:\/\/www.organisator.ch\/wp-content\/uploads\/2024\/02\/Finalist-Prix-SVC-Ostschweiz-2024-Maerchenhotel-AG_NEU_Organisator-531x350.jpg 531w\" sizes=\"auto, (max-width: 680px) 100vw, 680px\" \/><figcaption id=\"caption-attachment-25464\" class=\"wp-caption-text\">A paradise for young and old: the M\u00e4rchenhotel Bellevue in Braunwald GL. (M\u00e4rchenhotel AG, picture: Maya Rhyner)<\/figcaption><\/figure>\n<p>All parents know it: vacations with children can be exhausting. And sometimes the well-deserved relaxation falls almost completely by the wayside. M\u00e4rchenhotel AG paints a completely different picture with its hotel of the same name: parents and children together on a nest swing, petting a chicken, or the food is brought to the table by steam locomotive. In short, the hotel transports its guests into a world full of magic and fantasy. Under the management of married couple Patric and Nadja Vogel, the company offers a unique experience for families, couples and adventurers of all ages.<\/p>\n<h3><strong>From the grand hotel for the grand...<\/strong><\/h3>\n<p>The history of the M\u00e4rchenhotel goes back a long way. It was opened in 1907 as the Grand Hotel and subsequently experienced several economic ups and downs, changed hands several times and even served as military accommodation until it was bought by the Vogel family in 1972. The title \"Fairytale Hotel\" dates back to 1977, when the then management began reading a fairytale to the children every evening - a tradition that continues to this day and has spread accordingly: Every evening at 6 pm is still \"fairytale hour\" for the youngest guests.<\/p>\n<h3><strong>...to the fairytale world for the little guests<\/strong><\/h3>\n<p>Another unique selling point of the M\u00e4rchenhotel is its extensive range of entertainment. In addition to traditional amenities such as a wellness area and exquisite gastronomy, the hotel offers activities tailored to families. Children can let off steam on an adventure playground, follow in the footsteps of the dwarf Baartli or simply relax in a \"bird's nest\" in the specially constructed \"M\u00e4rlibaum\" developed in collaboration with Europapark. The children are professionally supervised every day from 9 a.m. to 9 p.m., which means parents can also enjoy a relaxing vacation.<\/p>\n<h3><strong>Enthusiasm is guaranteed<\/strong><\/h3>\n<p>The Fairytale Hotel's efforts to provide an unforgettable experience have resulted in numerous awards and positive reviews. The hotel has won several awards for its unique concept and outstanding hospitality and enjoys a high reputation among travelers from all over the world. Conclusion: If families with children want to spend a fantastic break in Switzerland, there is a good chance that they will choose to stay at the M\u00e4rchenhotel. The 4-star hotel is located in the heart of the Glarus Alpine panorama and has been delighting guests of all ages for decades.<\/p>\n<p><em>More information: <a href=\"http:\/\/www.maerchenhotel.ch\">www.maerchenhotel.ch<\/a> \/ <a href=\"http:\/\/www.svc.swiss\">www.svc.swiss<\/a><\/em><\/p>\n<p>&nbsp;<\/p>\n<blockquote>\n<h3>Prix SVC Eastern Switzerland 2024 - the other finalists (alphabetical order):<\/h3>\n<ul>\n<li><a href=\"https:\/\/www.organisator.ch\/de\/allgemein\/2024-02-27\/finalist-prix-svc-ostschweiz-2024-emil-egger-gruppe\/\">Emil Egger Group<\/a><\/li>\n<li><a href=\"https:\/\/www.organisator.ch\/allgemein\/2024-02-28\/finalist-prix-svc-ostschweiz-2024-huber-fenster-ag\/\">Huber Windows AG<\/a><\/li>\n<li><a href=\"https:\/\/www.organisator.ch\/allgemein\/2024-03-01\/finalist-prix-svc-ostschweiz-2024-nussbaum-matzingen-ag\/\">Nussbaum Matzingen AG<\/a><\/li>\n<li><a href=\"https:\/\/www.organisator.ch\/de\/allgemein\/2024-03-04\/finalist-prix-svc-ostschweiz-2024-zindel-united\/\">Zindel United<\/a><\/li>\n<\/ul>\n<\/blockquote>","protected":false},"excerpt":{"rendered":"<p>The Prix SVC Ostschweiz 2024 will be awarded on March 7, 2024. Five companies are in the final, one of which is M\u00e4rchenhotel AG from Braunwald GL. A brief portrait of this model hotel business.<\/p>","protected":false},"author":4,"featured_media":25464,"comment_status":"closed","ping_status":"closed","sticky":false,"template":"","format":"standard","meta":{"_acf_changed":false,"_yoast_wpseo_focuskw":"M\u00e4rchenhotel","_yoast_wpseo_metadesc":"Am 7. M\u00e4rz 2024 wird der Prix SVC Ostschweiz 2024 verliehen. Im Final steht auch die M\u00e4rchenhotel AG aus Braunwald GL.","articlekey":"","footnotes":""},"categories":[1],"tags":[66,252,4117,492],"class_list":["post-25418","post","type-post","status-publish","format-standard","has-post-thumbnail","hentry","category-allgemein","tag-awards","tag-hotellerie","tag-prix-svc-ostschweiz","tag-unternehmen"],"acf":[],"yoast_head":"<!-- This site is optimized with the Yoast SEO plugin v27.5 - https:\/\/yoast.com\/product\/yoast-seo-wordpress\/ -->\n<title>Finalist Prix SVC Ostschweiz 2024: M\u00e4rchenhotel AG - Organisator<\/title>\n<meta name=\"description\" content=\"Am 7. M\u00e4rz 2024 wird der Prix SVC Ostschweiz 2024 verliehen. Im Final steht auch die M\u00e4rchenhotel AG aus Braunwald GL.\" \/>\n<meta name=\"robots\" content=\"index, follow, max-snippet:-1, max-image-preview:large, max-video-preview:-1\" \/>\n<link rel=\"canonical\" href=\"https:\/\/www.organisator.ch\/en\/general\/2024-02-29\/finalist-prix-svc-ostschweiz-2024-maerchenhotel-ag\/\" \/>\n<meta property=\"og:locale\" content=\"en_US\" \/>\n<meta property=\"og:type\" content=\"article\" \/>\n<meta property=\"og:title\" content=\"Finalist Prix SVC Ostschweiz 2024: M\u00e4rchenhotel AG\" \/>\n<meta property=\"og:description\" content=\"Am 7. M\u00e4rz 2024 wird der Prix SVC Ostschweiz 2024 verliehen. Im Final steht auch die M\u00e4rchenhotel AG aus Braunwald GL.\" \/>\n<meta property=\"og:url\" content=\"https:\/\/www.organisator.ch\/en\/general\/2024-02-29\/finalist-prix-svc-ostschweiz-2024-maerchenhotel-ag\/\" \/>\n<meta property=\"og:site_name\" content=\"Organisator\" \/>\n<meta property=\"article:publisher\" content=\"https:\/\/www.facebook.com\/OrganisatorFachmagazin\" \/>\n<meta property=\"article:published_time\" content=\"2024-02-29T12:46:14+00:00\" \/>\n<meta property=\"article:modified_time\" content=\"2024-03-04T13:54:50+00:00\" \/>\n<meta property=\"og:image\" content=\"https:\/\/www.organisator.ch\/wp-content\/uploads\/2024\/02\/Finalist-Prix-SVC-Ostschweiz-2024-Maerchenhotel-AG_Organisator.jpg\" \/>\n\t<meta property=\"og:image:width\" content=\"680\" \/>\n\t<meta property=\"og:image:height\" content=\"353\" \/>\n\t<meta property=\"og:image:type\" content=\"image\/jpeg\" \/>\n<meta name=\"author\" content=\"thomas.berner\" \/>\n<meta name=\"twitter:card\" content=\"summary_large_image\" \/>\n<meta name=\"twitter:title\" content=\"#Finalist Prix SVC #Ostschweiz 2024: M\u00e4rchenhotel AG\" \/>\n<meta name=\"twitter:description\" content=\"Am 7. M\u00e4rz 2024 wird der Prix #SVC Ostschweiz 2024 verliehen. Im Final steht auch die #M\u00e4rchenhotel AG aus #Braunwald GL.\" \/>\n<meta name=\"twitter:image\" content=\"https:\/\/www.organisator.ch\/wp-content\/uploads\/2024\/02\/Finalist-Prix-SVC-Ostschweiz-2024-Maerchenhotel-AG_Organisator.jpg\" \/>\n<script type=\"application\/ld+json\" class=\"yoast-schema-graph\">{\"@context\":\"https:\\\/\\\/schema.org\",\"@graph\":[{\"@type\":\"Article\",\"@id\":\"https:\\\/\\\/www.organisator.ch\\\/allgemein\\\/2024-02-29\\\/finalist-prix-svc-ostschweiz-2024-maerchenhotel-ag\\\/#article\",\"isPartOf\":{\"@id\":\"https:\\\/\\\/www.organisator.ch\\\/allgemein\\\/2024-02-29\\\/finalist-prix-svc-ostschweiz-2024-maerchenhotel-ag\\\/\"},\"author\":{\"name\":\"thomas.berner\",\"@id\":\"https:\\\/\\\/www.organisator.ch\\\/#\\\/schema\\\/person\\\/6f650f90b2842cd4c0cc334b4e36f67e\"},\"headline\":\"Finalist Prix SVC Ostschweiz 2024: M\u00e4rchenhotel AG\",\"datePublished\":\"2024-02-29T12:46:14+00:00\",\"dateModified\":\"2024-03-04T13:54:50+00:00\",\"mainEntityOfPage\":{\"@id\":\"https:\\\/\\\/www.organisator.ch\\\/allgemein\\\/2024-02-29\\\/finalist-prix-svc-ostschweiz-2024-maerchenhotel-ag\\\/\"},\"wordCount\":452,\"publisher\":{\"@id\":\"https:\\\/\\\/www.organisator.ch\\\/#organization\"},\"image\":{\"@id\":\"https:\\\/\\\/www.organisator.ch\\\/allgemein\\\/2024-02-29\\\/finalist-prix-svc-ostschweiz-2024-maerchenhotel-ag\\\/#primaryimage\"},\"thumbnailUrl\":\"https:\\\/\\\/www.organisator.ch\\\/wp-content\\\/uploads\\\/2024\\\/02\\\/Finalist-Prix-SVC-Ostschweiz-2024-Maerchenhotel-AG_NEU_Organisator.jpg\",\"keywords\":[\"Awards\",\"Hotellerie\",\"Prix SVC Ostschweiz\",\"Unternehmen\"],\"articleSection\":[\"Allgemein\"],\"inLanguage\":\"en-US\"},{\"@type\":\"WebPage\",\"@id\":\"https:\\\/\\\/www.organisator.ch\\\/allgemein\\\/2024-02-29\\\/finalist-prix-svc-ostschweiz-2024-maerchenhotel-ag\\\/\",\"url\":\"https:\\\/\\\/www.organisator.ch\\\/allgemein\\\/2024-02-29\\\/finalist-prix-svc-ostschweiz-2024-maerchenhotel-ag\\\/\",\"name\":\"Finalist Prix SVC Ostschweiz 2024: M\u00e4rchenhotel AG - Organisator\",\"isPartOf\":{\"@id\":\"https:\\\/\\\/www.organisator.ch\\\/#website\"},\"primaryImageOfPage\":{\"@id\":\"https:\\\/\\\/www.organisator.ch\\\/allgemein\\\/2024-02-29\\\/finalist-prix-svc-ostschweiz-2024-maerchenhotel-ag\\\/#primaryimage\"},\"image\":{\"@id\":\"https:\\\/\\\/www.organisator.ch\\\/allgemein\\\/2024-02-29\\\/finalist-prix-svc-ostschweiz-2024-maerchenhotel-ag\\\/#primaryimage\"},\"thumbnailUrl\":\"https:\\\/\\\/www.organisator.ch\\\/wp-content\\\/uploads\\\/2024\\\/02\\\/Finalist-Prix-SVC-Ostschweiz-2024-Maerchenhotel-AG_NEU_Organisator.jpg\",\"datePublished\":\"2024-02-29T12:46:14+00:00\",\"dateModified\":\"2024-03-04T13:54:50+00:00\",\"description\":\"Am 7. M\u00e4rz 2024 wird der Prix SVC Ostschweiz 2024 verliehen. Im Final steht auch die M\u00e4rchenhotel AG aus Braunwald GL.\",\"breadcrumb\":{\"@id\":\"https:\\\/\\\/www.organisator.ch\\\/allgemein\\\/2024-02-29\\\/finalist-prix-svc-ostschweiz-2024-maerchenhotel-ag\\\/#breadcrumb\"},\"inLanguage\":\"en-US\",\"potentialAction\":[{\"@type\":\"ReadAction\",\"target\":[\"https:\\\/\\\/www.organisator.ch\\\/allgemein\\\/2024-02-29\\\/finalist-prix-svc-ostschweiz-2024-maerchenhotel-ag\\\/\"]}]},{\"@type\":\"ImageObject\",\"inLanguage\":\"en-US\",\"@id\":\"https:\\\/\\\/www.organisator.ch\\\/allgemein\\\/2024-02-29\\\/finalist-prix-svc-ostschweiz-2024-maerchenhotel-ag\\\/#primaryimage\",\"url\":\"https:\\\/\\\/www.organisator.ch\\\/wp-content\\\/uploads\\\/2024\\\/02\\\/Finalist-Prix-SVC-Ostschweiz-2024-Maerchenhotel-AG_NEU_Organisator.jpg\",\"contentUrl\":\"https:\\\/\\\/www.organisator.ch\\\/wp-content\\\/uploads\\\/2024\\\/02\\\/Finalist-Prix-SVC-Ostschweiz-2024-Maerchenhotel-AG_NEU_Organisator.jpg\",\"width\":680,\"height\":448,\"caption\":\"Ein Paradies f\u00fcr Jung und Alt: Das M\u00e4rchenhotel Bellevue in Braunwald GL. (M\u00e4rchenhotel AG, Bild: Maya Rhyner)\"},{\"@type\":\"BreadcrumbList\",\"@id\":\"https:\\\/\\\/www.organisator.ch\\\/allgemein\\\/2024-02-29\\\/finalist-prix-svc-ostschweiz-2024-maerchenhotel-ag\\\/#breadcrumb\",\"itemListElement\":[{\"@type\":\"ListItem\",\"position\":1,\"name\":\"Home\",\"item\":\"https:\\\/\\\/www.organisator.ch\\\/\"},{\"@type\":\"ListItem\",\"position\":2,\"name\":\"Finalist Prix SVC Ostschweiz 2024: M\u00e4rchenhotel AG\"}]},{\"@type\":\"WebSite\",\"@id\":\"https:\\\/\\\/www.organisator.ch\\\/#website\",\"url\":\"https:\\\/\\\/www.organisator.ch\\\/\",\"name\":\"Organisator\",\"description\":\"Kompetent. Praxisnah. Der ORGANISATOR bereitet in 10 Ausgaben pro Jahr die wesentlichen Themen f\u00fcr F\u00fchrungskr\u00e4fte von KMU auf.\",\"publisher\":{\"@id\":\"https:\\\/\\\/www.organisator.ch\\\/#organization\"},\"potentialAction\":[{\"@type\":\"SearchAction\",\"target\":{\"@type\":\"EntryPoint\",\"urlTemplate\":\"https:\\\/\\\/www.organisator.ch\\\/?s={search_term_string}\"},\"query-input\":{\"@type\":\"PropertyValueSpecification\",\"valueRequired\":true,\"valueName\":\"search_term_string\"}}],\"inLanguage\":\"en-US\"},{\"@type\":\"Organization\",\"@id\":\"https:\\\/\\\/www.organisator.ch\\\/#organization\",\"name\":\"Organisator\",\"url\":\"https:\\\/\\\/www.organisator.ch\\\/\",\"logo\":{\"@type\":\"ImageObject\",\"inLanguage\":\"en-US\",\"@id\":\"https:\\\/\\\/www.organisator.ch\\\/#\\\/schema\\\/logo\\\/image\\\/\",\"url\":\"https:\\\/\\\/www.organisator.ch\\\/wp-content\\\/uploads\\\/2022\\\/01\\\/Logo_Organisator_Website.png\",\"contentUrl\":\"https:\\\/\\\/www.organisator.ch\\\/wp-content\\\/uploads\\\/2022\\\/01\\\/Logo_Organisator_Website.png\",\"width\":800,\"height\":77,\"caption\":\"Organisator\"},\"image\":{\"@id\":\"https:\\\/\\\/www.organisator.ch\\\/#\\\/schema\\\/logo\\\/image\\\/\"},\"sameAs\":[\"https:\\\/\\\/www.facebook.com\\\/OrganisatorFachmagazin\",\"https:\\\/\\\/www.linkedin.com\\\/showcase\\\/organisator-das-magazin-fr-kmu\",\"https:\\\/\\\/www.xing.com\\\/news\\\/pages\\\/organisator-ch-695\",\"https:\\\/\\\/www.youtube.com\\\/channel\\\/UCGP2Sq0iWaZwT3BdIAQFYpw\"]},{\"@type\":\"Person\",\"@id\":\"https:\\\/\\\/www.organisator.ch\\\/#\\\/schema\\\/person\\\/6f650f90b2842cd4c0cc334b4e36f67e\",\"name\":\"thomas.berner\",\"image\":{\"@type\":\"ImageObject\",\"inLanguage\":\"en-US\",\"@id\":\"https:\\\/\\\/secure.gravatar.com\\\/avatar\\\/ac5001d2a36cb6c6cd3e50789007ffca834b477b74a2144564522e944eabff61?s=96&d=mm&r=g\",\"url\":\"https:\\\/\\\/secure.gravatar.com\\\/avatar\\\/ac5001d2a36cb6c6cd3e50789007ffca834b477b74a2144564522e944eabff61?s=96&d=mm&r=g\",\"contentUrl\":\"https:\\\/\\\/secure.gravatar.com\\\/avatar\\\/ac5001d2a36cb6c6cd3e50789007ffca834b477b74a2144564522e944eabff61?s=96&d=mm&r=g\",\"caption\":\"thomas.berner\"},\"url\":\"https:\\\/\\\/www.organisator.ch\\\/en\\\/author\\\/thomas-berner\\\/\"}]}<\/script>\n<!-- \/ Yoast SEO plugin. -->","yoast_head_json":{"title":"Finalist Prix SVC Ostschweiz 2024: M\u00e4rchenhotel AG - Organizer","description":"The Prix SVC Ostschweiz 2024 will be awarded on March 7, 2024. M\u00e4rchenhotel AG from Braunwald GL is also in the final.","robots":{"index":"index","follow":"follow","max-snippet":"max-snippet:-1","max-image-preview":"max-image-preview:large","max-video-preview":"max-video-preview:-1"},"canonical":"https:\/\/www.organisator.ch\/en\/general\/2024-02-29\/finalist-prix-svc-ostschweiz-2024-maerchenhotel-ag\/","og_locale":"en_US","og_type":"article","og_title":"Finalist Prix SVC Ostschweiz 2024: M\u00e4rchenhotel AG","og_description":"Am 7. M\u00e4rz 2024 wird der Prix SVC Ostschweiz 2024 verliehen. Im Final steht auch die M\u00e4rchenhotel AG aus Braunwald GL.","og_url":"https:\/\/www.organisator.ch\/en\/general\/2024-02-29\/finalist-prix-svc-ostschweiz-2024-maerchenhotel-ag\/","og_site_name":"Organisator","article_publisher":"https:\/\/www.facebook.com\/OrganisatorFachmagazin","article_published_time":"2024-02-29T12:46:14+00:00","article_modified_time":"2024-03-04T13:54:50+00:00","og_image":[{"width":680,"height":353,"url":"https:\/\/www.organisator.ch\/wp-content\/uploads\/2024\/02\/Finalist-Prix-SVC-Ostschweiz-2024-Maerchenhotel-AG_Organisator.jpg","type":"image\/jpeg"}],"author":"thomas.berner","twitter_card":"summary_large_image","twitter_title":"#Finalist Prix SVC #Ostschweiz 2024: M\u00e4rchenhotel AG","twitter_description":"Am 7. M\u00e4rz 2024 wird der Prix #SVC Ostschweiz 2024 verliehen. Im Final steht auch die #M\u00e4rchenhotel AG aus #Braunwald GL.","twitter_image":"https:\/\/www.organisator.ch\/wp-content\/uploads\/2024\/02\/Finalist-Prix-SVC-Ostschweiz-2024-Maerchenhotel-AG_Organisator.jpg","schema":{"@context":"https:\/\/schema.org","@graph":[{"@type":"Article","@id":"https:\/\/www.organisator.ch\/allgemein\/2024-02-29\/finalist-prix-svc-ostschweiz-2024-maerchenhotel-ag\/#article","isPartOf":{"@id":"https:\/\/www.organisator.ch\/allgemein\/2024-02-29\/finalist-prix-svc-ostschweiz-2024-maerchenhotel-ag\/"},"author":{"name":"thomas.berner","@id":"https:\/\/www.organisator.ch\/#\/schema\/person\/6f650f90b2842cd4c0cc334b4e36f67e"},"headline":"Finalist Prix SVC Ostschweiz 2024: M\u00e4rchenhotel AG","datePublished":"2024-02-29T12:46:14+00:00","dateModified":"2024-03-04T13:54:50+00:00","mainEntityOfPage":{"@id":"https:\/\/www.organisator.ch\/allgemein\/2024-02-29\/finalist-prix-svc-ostschweiz-2024-maerchenhotel-ag\/"},"wordCount":452,"publisher":{"@id":"https:\/\/www.organisator.ch\/#organization"},"image":{"@id":"https:\/\/www.organisator.ch\/allgemein\/2024-02-29\/finalist-prix-svc-ostschweiz-2024-maerchenhotel-ag\/#primaryimage"},"thumbnailUrl":"https:\/\/www.organisator.ch\/wp-content\/uploads\/2024\/02\/Finalist-Prix-SVC-Ostschweiz-2024-Maerchenhotel-AG_NEU_Organisator.jpg","keywords":["Awards","Hotellerie","Prix SVC Ostschweiz","Unternehmen"],"articleSection":["Allgemein"],"inLanguage":"en-US"},{"@type":"WebPage","@id":"https:\/\/www.organisator.ch\/allgemein\/2024-02-29\/finalist-prix-svc-ostschweiz-2024-maerchenhotel-ag\/","url":"https:\/\/www.organisator.ch\/allgemein\/2024-02-29\/finalist-prix-svc-ostschweiz-2024-maerchenhotel-ag\/","name":"Finalist Prix SVC Ostschweiz 2024: M\u00e4rchenhotel AG - Organizer","isPartOf":{"@id":"https:\/\/www.organisator.ch\/#website"},"primaryImageOfPage":{"@id":"https:\/\/www.organisator.ch\/allgemein\/2024-02-29\/finalist-prix-svc-ostschweiz-2024-maerchenhotel-ag\/#primaryimage"},"image":{"@id":"https:\/\/www.organisator.ch\/allgemein\/2024-02-29\/finalist-prix-svc-ostschweiz-2024-maerchenhotel-ag\/#primaryimage"},"thumbnailUrl":"https:\/\/www.organisator.ch\/wp-content\/uploads\/2024\/02\/Finalist-Prix-SVC-Ostschweiz-2024-Maerchenhotel-AG_NEU_Organisator.jpg","datePublished":"2024-02-29T12:46:14+00:00","dateModified":"2024-03-04T13:54:50+00:00","description":"The Prix SVC Ostschweiz 2024 will be awarded on March 7, 2024. M\u00e4rchenhotel AG from Braunwald GL is also in the final.","breadcrumb":{"@id":"https:\/\/www.organisator.ch\/allgemein\/2024-02-29\/finalist-prix-svc-ostschweiz-2024-maerchenhotel-ag\/#breadcrumb"},"inLanguage":"en-US","potentialAction":[{"@type":"ReadAction","target":["https:\/\/www.organisator.ch\/allgemein\/2024-02-29\/finalist-prix-svc-ostschweiz-2024-maerchenhotel-ag\/"]}]},{"@type":"ImageObject","inLanguage":"en-US","@id":"https:\/\/www.organisator.ch\/allgemein\/2024-02-29\/finalist-prix-svc-ostschweiz-2024-maerchenhotel-ag\/#primaryimage","url":"https:\/\/www.organisator.ch\/wp-content\/uploads\/2024\/02\/Finalist-Prix-SVC-Ostschweiz-2024-Maerchenhotel-AG_NEU_Organisator.jpg","contentUrl":"https:\/\/www.organisator.ch\/wp-content\/uploads\/2024\/02\/Finalist-Prix-SVC-Ostschweiz-2024-Maerchenhotel-AG_NEU_Organisator.jpg","width":680,"height":448,"caption":"Ein Paradies f\u00fcr Jung und Alt: Das M\u00e4rchenhotel Bellevue in Braunwald GL. (M\u00e4rchenhotel AG, Bild: Maya Rhyner)"},{"@type":"BreadcrumbList","@id":"https:\/\/www.organisator.ch\/allgemein\/2024-02-29\/finalist-prix-svc-ostschweiz-2024-maerchenhotel-ag\/#breadcrumb","itemListElement":[{"@type":"ListItem","position":1,"name":"Home","item":"https:\/\/www.organisator.ch\/"},{"@type":"ListItem","position":2,"name":"Finalist Prix SVC Ostschweiz 2024: M\u00e4rchenhotel AG"}]},{"@type":"WebSite","@id":"https:\/\/www.organisator.ch\/#website","url":"https:\/\/www.organisator.ch\/","name":"Organizer","description":"Competent. Practical. In 10 issues per year, ORGANISATOR presents the essential topics for managers of SMEs.","publisher":{"@id":"https:\/\/www.organisator.ch\/#organization"},"potentialAction":[{"@type":"SearchAction","target":{"@type":"EntryPoint","urlTemplate":"https:\/\/www.organisator.ch\/?s={search_term_string}"},"query-input":{"@type":"PropertyValueSpecification","valueRequired":true,"valueName":"search_term_string"}}],"inLanguage":"en-US"},{"@type":"Organization","@id":"https:\/\/www.organisator.ch\/#organization","name":"Organizer","url":"https:\/\/www.organisator.ch\/","logo":{"@type":"ImageObject","inLanguage":"en-US","@id":"https:\/\/www.organisator.ch\/#\/schema\/logo\/image\/","url":"https:\/\/www.organisator.ch\/wp-content\/uploads\/2022\/01\/Logo_Organisator_Website.png","contentUrl":"https:\/\/www.organisator.ch\/wp-content\/uploads\/2022\/01\/Logo_Organisator_Website.png","width":800,"height":77,"caption":"Organisator"},"image":{"@id":"https:\/\/www.organisator.ch\/#\/schema\/logo\/image\/"},"sameAs":["https:\/\/www.facebook.com\/OrganisatorFachmagazin","https:\/\/www.linkedin.com\/showcase\/organisator-das-magazin-fr-kmu","https:\/\/www.xing.com\/news\/pages\/organisator-ch-695","https:\/\/www.youtube.com\/channel\/UCGP2Sq0iWaZwT3BdIAQFYpw"]},{"@type":"Person","@id":"https:\/\/www.organisator.ch\/#\/schema\/person\/6f650f90b2842cd4c0cc334b4e36f67e","name":"thomas.berner","image":{"@type":"ImageObject","inLanguage":"en-US","@id":"https:\/\/secure.gravatar.com\/avatar\/ac5001d2a36cb6c6cd3e50789007ffca834b477b74a2144564522e944eabff61?s=96&d=mm&r=g","url":"https:\/\/secure.gravatar.com\/avatar\/ac5001d2a36cb6c6cd3e50789007ffca834b477b74a2144564522e944eabff61?s=96&d=mm&r=g","contentUrl":"https:\/\/secure.gravatar.com\/avatar\/ac5001d2a36cb6c6cd3e50789007ffca834b477b74a2144564522e944eabff61?s=96&d=mm&r=g","caption":"thomas.berner"},"url":"https:\/\/www.organisator.ch\/en\/author\/thomas-berner\/"}]}},"_links":{"self":[{"href":"https:\/\/www.organisator.ch\/en\/wp-json\/wp\/v2\/posts\/25418","targetHints":{"allow":["GET"]}}],"collection":[{"href":"https:\/\/www.organisator.ch\/en\/wp-json\/wp\/v2\/posts"}],"about":[{"href":"https:\/\/www.organisator.ch\/en\/wp-json\/wp\/v2\/types\/post"}],"author":[{"embeddable":true,"href":"https:\/\/www.organisator.ch\/en\/wp-json\/wp\/v2\/users\/4"}],"replies":[{"embeddable":true,"href":"https:\/\/www.organisator.ch\/en\/wp-json\/wp\/v2\/comments?post=25418"}],"version-history":[{"count":9,"href":"https:\/\/www.organisator.ch\/en\/wp-json\/wp\/v2\/posts\/25418\/revisions"}],"predecessor-version":[{"id":25598,"href":"https:\/\/www.organisator.ch\/en\/wp-json\/wp\/v2\/posts\/25418\/revisions\/25598"}],"wp:featuredmedia":[{"embeddable":true,"href":"https:\/\/www.organisator.ch\/en\/wp-json\/wp\/v2\/media\/25464"}],"wp:attachment":[{"href":"https:\/\/www.organisator.ch\/en\/wp-json\/wp\/v2\/media?parent=25418"}],"wp:term":[{"taxonomy":"category","embeddable":true,"href":"https:\/\/www.organisator.ch\/en\/wp-json\/wp\/v2\/categories?post=25418"},{"taxonomy":"post_tag","embeddable":true,"href":"https:\/\/www.organisator.ch\/en\/wp-json\/wp\/v2\/tags?post=25418"}],"curies":[{"name":"wp","href":"https:\/\/api.w.org\/{rel}","templated":true}]}}