{"id":25497,"date":"2024-02-29T09:13:15","date_gmt":"2024-02-29T08:13:15","guid":{"rendered":"https:\/\/www.organisator.ch\/?p=25497"},"modified":"2024-02-29T09:13:15","modified_gmt":"2024-02-29T08:13:15","slug":"urs-ryffel-helene-budliger-artieda-und-andy-boeckli-neu-im-smg-vorstand","status":"publish","type":"post","link":"https:\/\/www.organisator.ch\/en\/management\/2024-02-29\/urs-ryffel-helene-budliger-artieda-und-andy-boeckli-neu-im-smg-vorstand\/","title":{"rendered":"Urs Ryffel, Helene Budliger Artieda and Andy B\u00f6ckli new members of the SMG Board of Directors"},"content":{"rendered":"<figure id=\"attachment_25499\" aria-describedby=\"caption-attachment-25499\" style=\"width: 680px\" class=\"wp-caption alignnone\"><img loading=\"lazy\" decoding=\"async\" class=\"size-full wp-image-25499\" src=\"https:\/\/www.organisator.ch\/wp-content\/uploads\/2024\/02\/SMG_Bild1_ps.jpg\" alt=\"\" width=\"680\" height=\"260\" srcset=\"https:\/\/www.organisator.ch\/wp-content\/uploads\/2024\/02\/SMG_Bild1_ps.jpg 680w, https:\/\/www.organisator.ch\/wp-content\/uploads\/2024\/02\/SMG_Bild1_ps-18x7.jpg 18w, https:\/\/www.organisator.ch\/wp-content\/uploads\/2024\/02\/SMG_Bild1_ps-375x143.jpg 375w\" sizes=\"auto, (max-width: 680px) 100vw, 680px\" \/><figcaption id=\"caption-attachment-25499\" class=\"wp-caption-text\">Urs Ryffel, Helene Budliger Artieda and Andy B\u00f6ckli newly elected to the Board of the Swiss Management Association (SMG). (Image: www.smg.ch)<\/figcaption><\/figure>\n<p>Sarah Kreienb\u00fchl, President of the SMG and member of the Management Board of K\u00fchne + Nagel International AG, congratulates the three new Board members on their election. \"My sincere thanks go to Martin Hirzel, Patrik Gisel, Yves Serra and Daniela Stoffel for their valuable commitment to the SMG over the past few years and I look forward to a successful collaboration with Urs Ryffel, Helene Budliger Artieda and Andy B\u00f6ckli.\"<\/p>\n<p>Urs Ryffel has been Chief Executive Officer of Huber+Suhner since 2017. He studied mechanical engineering at ETH Zurich and graduated with a master's degree in management and production sciences. He began his professional career at ABB and Alstom in the power plant business. He joined Huber+Suhner in 2002 and was responsible for the Fiber Optics division for 10 years as a member of Group Management. Urs Ryffel is also a member of the Board of Directors of Bergbahnen Scuol AG and on the Board of Swissmem.<\/p>\n<p>Helene Budliger Artieda is Director of the State Secretariat for Economic Affairs (SECO). She previously worked as Switzerland's ambassador to various countries. From 2008 to 2015, Helene Budliger Artieda was Director of the Directorate for Resources at the FDFA. She completed internal training at the FDFA as a consular officer and graduated in business administration from the Universidad Externado de Colombia in Bogot\u00e1.<\/p>\n<p>Andy B\u00f6ckli has been CEO of the N\u00fcssli Group since 2020. He previously worked as an entrepreneur for several years. Andy B\u00f6ckli began his career in industry at Honeywell, ITT and ABB before joining Oerlikon Balzers, where he was Head of Europe. Andy B\u00f6ckli is a graduate engineer FH and holds an Executive MBA. He is also a member of the Board of Directors of V-Locker and Granovit and Chairman of the Board of Trustees of VZ Verm\u00f6genszentrum Sammelstiftung.<\/p>\n<p>The Swiss Management Association, which emerged from the Institute of Business Administration (BWI) at ETH in 1961, is the most important association of leading decision-makers in the Swiss economy. It is committed to ensuring that Switzerland's business leaders assert themselves at the forefront of global competition through excellent corporate management. Through its networking and platform function, the SMG serves as a source of inspiration for entrepreneurs, C-level executives and board members who deal with strategic and operational management issues. Its key functions are to provide impetus, promote dialog and cultivate relationships.<\/p>\n<p><em>Source: <a href=\"http:\/\/www.smg.ch\">www.smg.ch<\/a><\/em><\/p>","protected":false},"excerpt":{"rendered":"<p>Urs Ryffel, Helene Budliger Artieda and Andy B\u00f6ckli were newly elected to the Board of Directors of the Swiss Management Association (SMG) at the 64th Annual General Meeting. Martin Hirzel, Chairman of Swissmem, Dr. Patrik Gisel, CEO of Jean Gallay SA and Yves Serra, Chairman of the Board of Directors of Georg Fischer AG, stepped down from the SMG Board of Directors by rotation after two terms of office totalling eight years, as did Dr. Daniela Stoffel, State Secretary for International Financial Matters, Federal Department of Finance (FDF), after a term of office of four years. Dr. Felix Graf, CEO NZZ, was confirmed for a second term of office of four years.<\/p>","protected":false},"author":58,"featured_media":25499,"comment_status":"closed","ping_status":"closed","sticky":false,"template":"","format":"standard","meta":{"_acf_changed":false,"_yoast_wpseo_focuskw":"SMG-Vorstand","_yoast_wpseo_metadesc":"Urs Ryffel, Helene Budliger Artieda und Andy B\u00f6ckli wurden neu in den Vorstand der Schweizerischen Managementgesellschaft (SMG) gew\u00e4hlt.","articlekey":"","footnotes":""},"categories":[28],"tags":[334,424,4121],"class_list":["post-25497","post","type-post","status-publish","format-standard","has-post-thumbnail","hentry","category-management","tag-management","tag-schweiz","tag-smg"],"acf":[],"yoast_head":"<!-- This site is optimized with the Yoast SEO plugin v27.5 - https:\/\/yoast.com\/product\/yoast-seo-wordpress\/ -->\n<title>Urs Ryffel, Helene Budliger Artieda und Andy B\u00f6ckli neu im SMG-Vorstand - Organisator<\/title>\n<meta name=\"description\" content=\"Urs Ryffel, Helene Budliger Artieda und Andy B\u00f6ckli wurden neu in den Vorstand der Schweizerischen Managementgesellschaft (SMG) gew\u00e4hlt.\" \/>\n<meta name=\"robots\" content=\"index, follow, max-snippet:-1, max-image-preview:large, max-video-preview:-1\" \/>\n<link rel=\"canonical\" href=\"https:\/\/www.organisator.ch\/en\/management\/2024-02-29\/urs-ryffel-helene-budliger-artieda-und-andy-boeckli-neu-im-smg-vorstand\/\" \/>\n<meta property=\"og:locale\" content=\"en_US\" \/>\n<meta property=\"og:type\" content=\"article\" \/>\n<meta property=\"og:title\" content=\"Urs Ryffel, Helene Budliger Artieda und Andy B\u00f6ckli neu im SMG-Vorstand\" \/>\n<meta property=\"og:description\" content=\"Urs Ryffel, Helene Budliger Artieda und Andy B\u00f6ckli wurden neu in den Vorstand der Schweizerischen Managementgesellschaft (SMG) gew\u00e4hlt.\" \/>\n<meta property=\"og:url\" content=\"https:\/\/www.organisator.ch\/en\/management\/2024-02-29\/urs-ryffel-helene-budliger-artieda-und-andy-boeckli-neu-im-smg-vorstand\/\" \/>\n<meta property=\"og:site_name\" content=\"Organisator\" \/>\n<meta property=\"article:publisher\" content=\"https:\/\/www.facebook.com\/OrganisatorFachmagazin\" \/>\n<meta property=\"article:published_time\" content=\"2024-02-29T08:13:15+00:00\" \/>\n<meta property=\"og:image\" content=\"https:\/\/www.organisator.ch\/wp-content\/uploads\/2024\/02\/SMG_Bild1_ps.jpg\" \/>\n\t<meta property=\"og:image:width\" content=\"680\" \/>\n\t<meta property=\"og:image:height\" content=\"260\" \/>\n\t<meta property=\"og:image:type\" content=\"image\/jpeg\" \/>\n<meta name=\"author\" content=\"Adelisa Kalajdzini\" \/>\n<meta name=\"twitter:card\" content=\"summary_large_image\" \/>\n<meta name=\"twitter:title\" content=\"Urs Ryffel, Helene Budliger Artieda und Andy B\u00f6ckli neu im SMG-Vorstand\" \/>\n<meta name=\"twitter:description\" content=\"Urs Ryffel, Helene Budliger Artieda und Andy B\u00f6ckli wurden neu in den #Vorstand der #Schweizerischen #Managementgesellschaft #(SMG) gew\u00e4hlt.\" \/>\n<meta name=\"twitter:image\" content=\"https:\/\/www.organisator.ch\/wp-content\/uploads\/2024\/02\/SMG_Bild1_ps.jpg\" \/>\n<script type=\"application\/ld+json\" class=\"yoast-schema-graph\">{\"@context\":\"https:\\\/\\\/schema.org\",\"@graph\":[{\"@type\":\"Article\",\"@id\":\"https:\\\/\\\/www.organisator.ch\\\/management\\\/2024-02-29\\\/urs-ryffel-helene-budliger-artieda-und-andy-boeckli-neu-im-smg-vorstand\\\/#article\",\"isPartOf\":{\"@id\":\"https:\\\/\\\/www.organisator.ch\\\/management\\\/2024-02-29\\\/urs-ryffel-helene-budliger-artieda-und-andy-boeckli-neu-im-smg-vorstand\\\/\"},\"author\":{\"name\":\"Adelisa Kalajdzini\",\"@id\":\"https:\\\/\\\/www.organisator.ch\\\/#\\\/schema\\\/person\\\/2e1314a2172123f874db408d8911d3f3\"},\"headline\":\"Urs Ryffel, Helene Budliger Artieda und Andy B\u00f6ckli neu im SMG-Vorstand\",\"datePublished\":\"2024-02-29T08:13:15+00:00\",\"mainEntityOfPage\":{\"@id\":\"https:\\\/\\\/www.organisator.ch\\\/management\\\/2024-02-29\\\/urs-ryffel-helene-budliger-artieda-und-andy-boeckli-neu-im-smg-vorstand\\\/\"},\"wordCount\":413,\"publisher\":{\"@id\":\"https:\\\/\\\/www.organisator.ch\\\/#organization\"},\"image\":{\"@id\":\"https:\\\/\\\/www.organisator.ch\\\/management\\\/2024-02-29\\\/urs-ryffel-helene-budliger-artieda-und-andy-boeckli-neu-im-smg-vorstand\\\/#primaryimage\"},\"thumbnailUrl\":\"https:\\\/\\\/www.organisator.ch\\\/wp-content\\\/uploads\\\/2024\\\/02\\\/SMG_Bild1_ps.jpg\",\"keywords\":[\"Management\",\"Schweiz\",\"SMG\"],\"articleSection\":[\"MANAGEMENT\"],\"inLanguage\":\"en-US\"},{\"@type\":\"WebPage\",\"@id\":\"https:\\\/\\\/www.organisator.ch\\\/management\\\/2024-02-29\\\/urs-ryffel-helene-budliger-artieda-und-andy-boeckli-neu-im-smg-vorstand\\\/\",\"url\":\"https:\\\/\\\/www.organisator.ch\\\/management\\\/2024-02-29\\\/urs-ryffel-helene-budliger-artieda-und-andy-boeckli-neu-im-smg-vorstand\\\/\",\"name\":\"Urs Ryffel, Helene Budliger Artieda und Andy B\u00f6ckli neu im SMG-Vorstand - Organisator\",\"isPartOf\":{\"@id\":\"https:\\\/\\\/www.organisator.ch\\\/#website\"},\"primaryImageOfPage\":{\"@id\":\"https:\\\/\\\/www.organisator.ch\\\/management\\\/2024-02-29\\\/urs-ryffel-helene-budliger-artieda-und-andy-boeckli-neu-im-smg-vorstand\\\/#primaryimage\"},\"image\":{\"@id\":\"https:\\\/\\\/www.organisator.ch\\\/management\\\/2024-02-29\\\/urs-ryffel-helene-budliger-artieda-und-andy-boeckli-neu-im-smg-vorstand\\\/#primaryimage\"},\"thumbnailUrl\":\"https:\\\/\\\/www.organisator.ch\\\/wp-content\\\/uploads\\\/2024\\\/02\\\/SMG_Bild1_ps.jpg\",\"datePublished\":\"2024-02-29T08:13:15+00:00\",\"description\":\"Urs Ryffel, Helene Budliger Artieda und Andy B\u00f6ckli wurden neu in den Vorstand der Schweizerischen Managementgesellschaft (SMG) gew\u00e4hlt.\",\"breadcrumb\":{\"@id\":\"https:\\\/\\\/www.organisator.ch\\\/management\\\/2024-02-29\\\/urs-ryffel-helene-budliger-artieda-und-andy-boeckli-neu-im-smg-vorstand\\\/#breadcrumb\"},\"inLanguage\":\"en-US\",\"potentialAction\":[{\"@type\":\"ReadAction\",\"target\":[\"https:\\\/\\\/www.organisator.ch\\\/management\\\/2024-02-29\\\/urs-ryffel-helene-budliger-artieda-und-andy-boeckli-neu-im-smg-vorstand\\\/\"]}]},{\"@type\":\"ImageObject\",\"inLanguage\":\"en-US\",\"@id\":\"https:\\\/\\\/www.organisator.ch\\\/management\\\/2024-02-29\\\/urs-ryffel-helene-budliger-artieda-und-andy-boeckli-neu-im-smg-vorstand\\\/#primaryimage\",\"url\":\"https:\\\/\\\/www.organisator.ch\\\/wp-content\\\/uploads\\\/2024\\\/02\\\/SMG_Bild1_ps.jpg\",\"contentUrl\":\"https:\\\/\\\/www.organisator.ch\\\/wp-content\\\/uploads\\\/2024\\\/02\\\/SMG_Bild1_ps.jpg\",\"width\":680,\"height\":260,\"caption\":\"Urs Ryffel, Helene Budliger Artieda und Andy B\u00f6ckli neu in den Vorstand der Schweizerischen Managementgesellschaft (SMG) gew\u00e4hlt. (Bild: www.smg.ch)\"},{\"@type\":\"BreadcrumbList\",\"@id\":\"https:\\\/\\\/www.organisator.ch\\\/management\\\/2024-02-29\\\/urs-ryffel-helene-budliger-artieda-und-andy-boeckli-neu-im-smg-vorstand\\\/#breadcrumb\",\"itemListElement\":[{\"@type\":\"ListItem\",\"position\":1,\"name\":\"Home\",\"item\":\"https:\\\/\\\/www.organisator.ch\\\/\"},{\"@type\":\"ListItem\",\"position\":2,\"name\":\"Urs Ryffel, Helene Budliger Artieda und Andy B\u00f6ckli neu im SMG-Vorstand\"}]},{\"@type\":\"WebSite\",\"@id\":\"https:\\\/\\\/www.organisator.ch\\\/#website\",\"url\":\"https:\\\/\\\/www.organisator.ch\\\/\",\"name\":\"Organisator\",\"description\":\"Kompetent. Praxisnah. Der ORGANISATOR bereitet in 10 Ausgaben pro Jahr die wesentlichen Themen f\u00fcr F\u00fchrungskr\u00e4fte von KMU auf.\",\"publisher\":{\"@id\":\"https:\\\/\\\/www.organisator.ch\\\/#organization\"},\"potentialAction\":[{\"@type\":\"SearchAction\",\"target\":{\"@type\":\"EntryPoint\",\"urlTemplate\":\"https:\\\/\\\/www.organisator.ch\\\/?s={search_term_string}\"},\"query-input\":{\"@type\":\"PropertyValueSpecification\",\"valueRequired\":true,\"valueName\":\"search_term_string\"}}],\"inLanguage\":\"en-US\"},{\"@type\":\"Organization\",\"@id\":\"https:\\\/\\\/www.organisator.ch\\\/#organization\",\"name\":\"Organisator\",\"url\":\"https:\\\/\\\/www.organisator.ch\\\/\",\"logo\":{\"@type\":\"ImageObject\",\"inLanguage\":\"en-US\",\"@id\":\"https:\\\/\\\/www.organisator.ch\\\/#\\\/schema\\\/logo\\\/image\\\/\",\"url\":\"https:\\\/\\\/www.organisator.ch\\\/wp-content\\\/uploads\\\/2022\\\/01\\\/Logo_Organisator_Website.png\",\"contentUrl\":\"https:\\\/\\\/www.organisator.ch\\\/wp-content\\\/uploads\\\/2022\\\/01\\\/Logo_Organisator_Website.png\",\"width\":800,\"height\":77,\"caption\":\"Organisator\"},\"image\":{\"@id\":\"https:\\\/\\\/www.organisator.ch\\\/#\\\/schema\\\/logo\\\/image\\\/\"},\"sameAs\":[\"https:\\\/\\\/www.facebook.com\\\/OrganisatorFachmagazin\",\"https:\\\/\\\/www.linkedin.com\\\/showcase\\\/organisator-das-magazin-fr-kmu\",\"https:\\\/\\\/www.xing.com\\\/news\\\/pages\\\/organisator-ch-695\",\"https:\\\/\\\/www.youtube.com\\\/channel\\\/UCGP2Sq0iWaZwT3BdIAQFYpw\"]},{\"@type\":\"Person\",\"@id\":\"https:\\\/\\\/www.organisator.ch\\\/#\\\/schema\\\/person\\\/2e1314a2172123f874db408d8911d3f3\",\"name\":\"Adelisa Kalajdzini\",\"image\":{\"@type\":\"ImageObject\",\"inLanguage\":\"en-US\",\"@id\":\"https:\\\/\\\/secure.gravatar.com\\\/avatar\\\/09a397c22ac58cad6f160ee8306348599df9df58a8ede73696226897b9fa4b24?s=96&d=mm&r=g\",\"url\":\"https:\\\/\\\/secure.gravatar.com\\\/avatar\\\/09a397c22ac58cad6f160ee8306348599df9df58a8ede73696226897b9fa4b24?s=96&d=mm&r=g\",\"contentUrl\":\"https:\\\/\\\/secure.gravatar.com\\\/avatar\\\/09a397c22ac58cad6f160ee8306348599df9df58a8ede73696226897b9fa4b24?s=96&d=mm&r=g\",\"caption\":\"Adelisa Kalajdzini\"},\"url\":\"https:\\\/\\\/www.organisator.ch\\\/en\\\/author\\\/adelisa-kalajdzini\\\/\"}]}<\/script>\n<!-- \/ Yoast SEO plugin. -->","yoast_head_json":{"title":"Urs Ryffel, Helene Budliger Artieda and Andy B\u00f6ckli new members of the SMG Board - Organizer","description":"Urs Ryffel, Helene Budliger Artieda and Andy B\u00f6ckli were newly elected to the Board of the Swiss Management Association (SMG).","robots":{"index":"index","follow":"follow","max-snippet":"max-snippet:-1","max-image-preview":"max-image-preview:large","max-video-preview":"max-video-preview:-1"},"canonical":"https:\/\/www.organisator.ch\/en\/management\/2024-02-29\/urs-ryffel-helene-budliger-artieda-und-andy-boeckli-neu-im-smg-vorstand\/","og_locale":"en_US","og_type":"article","og_title":"Urs Ryffel, Helene Budliger Artieda und Andy B\u00f6ckli neu im SMG-Vorstand","og_description":"Urs Ryffel, Helene Budliger Artieda und Andy B\u00f6ckli wurden neu in den Vorstand der Schweizerischen Managementgesellschaft (SMG) gew\u00e4hlt.","og_url":"https:\/\/www.organisator.ch\/en\/management\/2024-02-29\/urs-ryffel-helene-budliger-artieda-und-andy-boeckli-neu-im-smg-vorstand\/","og_site_name":"Organisator","article_publisher":"https:\/\/www.facebook.com\/OrganisatorFachmagazin","article_published_time":"2024-02-29T08:13:15+00:00","og_image":[{"width":680,"height":260,"url":"https:\/\/www.organisator.ch\/wp-content\/uploads\/2024\/02\/SMG_Bild1_ps.jpg","type":"image\/jpeg"}],"author":"Adelisa Kalajdzini","twitter_card":"summary_large_image","twitter_title":"Urs Ryffel, Helene Budliger Artieda und Andy B\u00f6ckli neu im SMG-Vorstand","twitter_description":"Urs Ryffel, Helene Budliger Artieda und Andy B\u00f6ckli wurden neu in den #Vorstand der #Schweizerischen #Managementgesellschaft #(SMG) gew\u00e4hlt.","twitter_image":"https:\/\/www.organisator.ch\/wp-content\/uploads\/2024\/02\/SMG_Bild1_ps.jpg","schema":{"@context":"https:\/\/schema.org","@graph":[{"@type":"Article","@id":"https:\/\/www.organisator.ch\/management\/2024-02-29\/urs-ryffel-helene-budliger-artieda-und-andy-boeckli-neu-im-smg-vorstand\/#article","isPartOf":{"@id":"https:\/\/www.organisator.ch\/management\/2024-02-29\/urs-ryffel-helene-budliger-artieda-und-andy-boeckli-neu-im-smg-vorstand\/"},"author":{"name":"Adelisa Kalajdzini","@id":"https:\/\/www.organisator.ch\/#\/schema\/person\/2e1314a2172123f874db408d8911d3f3"},"headline":"Urs Ryffel, Helene Budliger Artieda und Andy B\u00f6ckli neu im SMG-Vorstand","datePublished":"2024-02-29T08:13:15+00:00","mainEntityOfPage":{"@id":"https:\/\/www.organisator.ch\/management\/2024-02-29\/urs-ryffel-helene-budliger-artieda-und-andy-boeckli-neu-im-smg-vorstand\/"},"wordCount":413,"publisher":{"@id":"https:\/\/www.organisator.ch\/#organization"},"image":{"@id":"https:\/\/www.organisator.ch\/management\/2024-02-29\/urs-ryffel-helene-budliger-artieda-und-andy-boeckli-neu-im-smg-vorstand\/#primaryimage"},"thumbnailUrl":"https:\/\/www.organisator.ch\/wp-content\/uploads\/2024\/02\/SMG_Bild1_ps.jpg","keywords":["Management","Schweiz","SMG"],"articleSection":["MANAGEMENT"],"inLanguage":"en-US"},{"@type":"WebPage","@id":"https:\/\/www.organisator.ch\/management\/2024-02-29\/urs-ryffel-helene-budliger-artieda-und-andy-boeckli-neu-im-smg-vorstand\/","url":"https:\/\/www.organisator.ch\/management\/2024-02-29\/urs-ryffel-helene-budliger-artieda-und-andy-boeckli-neu-im-smg-vorstand\/","name":"Urs Ryffel, Helene Budliger Artieda and Andy B\u00f6ckli new members of the SMG Board - Organizer","isPartOf":{"@id":"https:\/\/www.organisator.ch\/#website"},"primaryImageOfPage":{"@id":"https:\/\/www.organisator.ch\/management\/2024-02-29\/urs-ryffel-helene-budliger-artieda-und-andy-boeckli-neu-im-smg-vorstand\/#primaryimage"},"image":{"@id":"https:\/\/www.organisator.ch\/management\/2024-02-29\/urs-ryffel-helene-budliger-artieda-und-andy-boeckli-neu-im-smg-vorstand\/#primaryimage"},"thumbnailUrl":"https:\/\/www.organisator.ch\/wp-content\/uploads\/2024\/02\/SMG_Bild1_ps.jpg","datePublished":"2024-02-29T08:13:15+00:00","description":"Urs Ryffel, Helene Budliger Artieda and Andy B\u00f6ckli were newly elected to the Board of the Swiss Management Association (SMG).","breadcrumb":{"@id":"https:\/\/www.organisator.ch\/management\/2024-02-29\/urs-ryffel-helene-budliger-artieda-und-andy-boeckli-neu-im-smg-vorstand\/#breadcrumb"},"inLanguage":"en-US","potentialAction":[{"@type":"ReadAction","target":["https:\/\/www.organisator.ch\/management\/2024-02-29\/urs-ryffel-helene-budliger-artieda-und-andy-boeckli-neu-im-smg-vorstand\/"]}]},{"@type":"ImageObject","inLanguage":"en-US","@id":"https:\/\/www.organisator.ch\/management\/2024-02-29\/urs-ryffel-helene-budliger-artieda-und-andy-boeckli-neu-im-smg-vorstand\/#primaryimage","url":"https:\/\/www.organisator.ch\/wp-content\/uploads\/2024\/02\/SMG_Bild1_ps.jpg","contentUrl":"https:\/\/www.organisator.ch\/wp-content\/uploads\/2024\/02\/SMG_Bild1_ps.jpg","width":680,"height":260,"caption":"Urs Ryffel, Helene Budliger Artieda und Andy B\u00f6ckli neu in den Vorstand der Schweizerischen Managementgesellschaft (SMG) gew\u00e4hlt. (Bild: www.smg.ch)"},{"@type":"BreadcrumbList","@id":"https:\/\/www.organisator.ch\/management\/2024-02-29\/urs-ryffel-helene-budliger-artieda-und-andy-boeckli-neu-im-smg-vorstand\/#breadcrumb","itemListElement":[{"@type":"ListItem","position":1,"name":"Home","item":"https:\/\/www.organisator.ch\/"},{"@type":"ListItem","position":2,"name":"Urs Ryffel, Helene Budliger Artieda und Andy B\u00f6ckli neu im SMG-Vorstand"}]},{"@type":"WebSite","@id":"https:\/\/www.organisator.ch\/#website","url":"https:\/\/www.organisator.ch\/","name":"Organizer","description":"Competent. Practical. In 10 issues per year, ORGANISATOR presents the essential topics for managers of SMEs.","publisher":{"@id":"https:\/\/www.organisator.ch\/#organization"},"potentialAction":[{"@type":"SearchAction","target":{"@type":"EntryPoint","urlTemplate":"https:\/\/www.organisator.ch\/?s={search_term_string}"},"query-input":{"@type":"PropertyValueSpecification","valueRequired":true,"valueName":"search_term_string"}}],"inLanguage":"en-US"},{"@type":"Organization","@id":"https:\/\/www.organisator.ch\/#organization","name":"Organizer","url":"https:\/\/www.organisator.ch\/","logo":{"@type":"ImageObject","inLanguage":"en-US","@id":"https:\/\/www.organisator.ch\/#\/schema\/logo\/image\/","url":"https:\/\/www.organisator.ch\/wp-content\/uploads\/2022\/01\/Logo_Organisator_Website.png","contentUrl":"https:\/\/www.organisator.ch\/wp-content\/uploads\/2022\/01\/Logo_Organisator_Website.png","width":800,"height":77,"caption":"Organisator"},"image":{"@id":"https:\/\/www.organisator.ch\/#\/schema\/logo\/image\/"},"sameAs":["https:\/\/www.facebook.com\/OrganisatorFachmagazin","https:\/\/www.linkedin.com\/showcase\/organisator-das-magazin-fr-kmu","https:\/\/www.xing.com\/news\/pages\/organisator-ch-695","https:\/\/www.youtube.com\/channel\/UCGP2Sq0iWaZwT3BdIAQFYpw"]},{"@type":"Person","@id":"https:\/\/www.organisator.ch\/#\/schema\/person\/2e1314a2172123f874db408d8911d3f3","name":"Adelisa Kalajdzini","image":{"@type":"ImageObject","inLanguage":"en-US","@id":"https:\/\/secure.gravatar.com\/avatar\/09a397c22ac58cad6f160ee8306348599df9df58a8ede73696226897b9fa4b24?s=96&d=mm&r=g","url":"https:\/\/secure.gravatar.com\/avatar\/09a397c22ac58cad6f160ee8306348599df9df58a8ede73696226897b9fa4b24?s=96&d=mm&r=g","contentUrl":"https:\/\/secure.gravatar.com\/avatar\/09a397c22ac58cad6f160ee8306348599df9df58a8ede73696226897b9fa4b24?s=96&d=mm&r=g","caption":"Adelisa Kalajdzini"},"url":"https:\/\/www.organisator.ch\/en\/author\/adelisa-kalajdzini\/"}]}},"_links":{"self":[{"href":"https:\/\/www.organisator.ch\/en\/wp-json\/wp\/v2\/posts\/25497","targetHints":{"allow":["GET"]}}],"collection":[{"href":"https:\/\/www.organisator.ch\/en\/wp-json\/wp\/v2\/posts"}],"about":[{"href":"https:\/\/www.organisator.ch\/en\/wp-json\/wp\/v2\/types\/post"}],"author":[{"embeddable":true,"href":"https:\/\/www.organisator.ch\/en\/wp-json\/wp\/v2\/users\/58"}],"replies":[{"embeddable":true,"href":"https:\/\/www.organisator.ch\/en\/wp-json\/wp\/v2\/comments?post=25497"}],"version-history":[{"count":6,"href":"https:\/\/www.organisator.ch\/en\/wp-json\/wp\/v2\/posts\/25497\/revisions"}],"predecessor-version":[{"id":25530,"href":"https:\/\/www.organisator.ch\/en\/wp-json\/wp\/v2\/posts\/25497\/revisions\/25530"}],"wp:featuredmedia":[{"embeddable":true,"href":"https:\/\/www.organisator.ch\/en\/wp-json\/wp\/v2\/media\/25499"}],"wp:attachment":[{"href":"https:\/\/www.organisator.ch\/en\/wp-json\/wp\/v2\/media?parent=25497"}],"wp:term":[{"taxonomy":"category","embeddable":true,"href":"https:\/\/www.organisator.ch\/en\/wp-json\/wp\/v2\/categories?post=25497"},{"taxonomy":"post_tag","embeddable":true,"href":"https:\/\/www.organisator.ch\/en\/wp-json\/wp\/v2\/tags?post=25497"}],"curies":[{"name":"wp","href":"https:\/\/api.w.org\/{rel}","templated":true}]}}