{"id":25543,"date":"2024-02-29T16:21:19","date_gmt":"2024-02-29T15:21:19","guid":{"rendered":"https:\/\/www.werbewoche.ch\/?p=211296"},"modified":"2024-11-11T15:41:44","modified_gmt":"2024-11-11T14:41:44","slug":"dachcom-gestaltet-markenauftritt-fuer-lep","status":"publish","type":"post","link":"https:\/\/www.organisator.ch\/en\/marketing\/2024-02-29\/dachcom-gestaltet-markenauftritt-fuer-lep\/","title":{"rendered":"Dachcom designs brand identity for LEP"},"content":{"rendered":"<p><img class=\"aligncenter wp-image-211297 size-full\" src=\"https:\/\/www.werbewoche.ch\/wp-content\/uploads\/2024\/02\/01-Dachcom_LEP_Artikel_Header-scaled.jpg\" alt=\"Healthcare\" width=\"1400\" height=\"788\" \/><\/p>\r\n<p>LEP is becoming increasingly important as a method for the structured and interdisciplinary documentation and evaluation of healthcare services, not only in German-speaking countries but also in Europe and beyond. LEP's range of services is constantly evolving. In order to do justice to the company's ambitious vision for the future and its expansion targets, Dachcom's entire brand identity has been realigned.<\/p>\r\n<p>Based on a sound strategy process, Dachcom has supported LEP in positioning itself as a digital solution provider and as the \"language of digitalization in healthcare\". The new claim is intended to express LEP's claim to leadership and its importance for the entire healthcare sector. The same applies to the various concise core messages. LEP is the language of carers, the language of healthcare facilities, the language of data, the language of quality.<\/p>\r\n<p>The conceptual idea was packaged in a concise visual appearance with a new brand logo, independent typography, striking color scheme, authentic images and a memorable tectonic speech bubble element that refers to the idea of language.<\/p>\r\n<p><img class=\"aligncenter size-full wp-image-211298\" src=\"https:\/\/www.werbewoche.ch\/wp-content\/uploads\/2024\/02\/02-Dachcom_LEP_Marke_vorher_nachher-scaled.jpg\" alt=\"\" width=\"1400\" height=\"788\" \/><\/p>\r\n<p>As part of the rebranding, the website was also <a href=\"http:\/\/www.lep.ch\/\" rel=\"noopener\">Lep.ch<\/a> completely overhauled visually, structurally and in terms of content. An optimized user experience, a well thought-out information architecture and fresh corporate design elements should ensure a coherent overall picture. Services such as training, e-learning, seminars and knowledge videos are prominently bundled in a separate section. Thanks to Pimcore technology, content can be flexibly expanded in the future. The informative website is intended to make the language of digitalization in the healthcare sector tangible online and clearly set LEP apart from the market environment.<\/p>\r\n<p>In addition, the new LEP brand identity will be used on trade fair and moving image elements, brochures, business stationery, social media content and online marketing measures.<\/p>\r\n<p><a href=\"https:\/\/www.werbewoche.ch\/wp-content\/uploads\/2024\/02\/04-Dachcom_LEP_Messestand-scaled.jpg\"><img class=\"attachment-full size-full\" src=\"https:\/\/www.werbewoche.ch\/wp-content\/uploads\/2024\/02\/04-Dachcom_LEP_Messestand-scaled.jpg\" alt=\"\" width=\"1300\" height=\"732\" \/><\/a> <a href=\"https:\/\/www.werbewoche.ch\/wp-content\/uploads\/2024\/02\/05-Dachcom_LEP_Branding_01-scaled.jpg\"><img class=\"attachment-full size-full\" src=\"https:\/\/www.werbewoche.ch\/wp-content\/uploads\/2024\/02\/05-Dachcom_LEP_Branding_01-scaled.jpg\" alt=\"\" width=\"1300\" height=\"732\" \/><\/a> <a href=\"https:\/\/www.werbewoche.ch\/wp-content\/uploads\/2024\/02\/06-Dachcom_LEP_Branding_02-scaled.jpg\"><img class=\"attachment-full size-full\" src=\"https:\/\/www.werbewoche.ch\/wp-content\/uploads\/2024\/02\/06-Dachcom_LEP_Branding_02-scaled.jpg\" alt=\"\" width=\"1300\" height=\"732\" \/><\/a> <a href=\"https:\/\/www.werbewoche.ch\/wp-content\/uploads\/2024\/02\/07-Dachcom_LEP_Branding_03-scaled.jpg\"><img class=\"attachment-full size-full\" src=\"https:\/\/www.werbewoche.ch\/wp-content\/uploads\/2024\/02\/07-Dachcom_LEP_Branding_03-scaled.jpg\" alt=\"\" width=\"1300\" height=\"732\" \/><\/a> <a href=\"https:\/\/www.werbewoche.ch\/wp-content\/uploads\/2024\/02\/08-Dachcom_LEP_Branding_04-scaled.jpg\"><img class=\"attachment-full size-full\" src=\"https:\/\/www.werbewoche.ch\/wp-content\/uploads\/2024\/02\/08-Dachcom_LEP_Branding_04-scaled.jpg\" alt=\"\" width=\"1300\" height=\"732\" \/><\/a> <a href=\"https:\/\/www.werbewoche.ch\/wp-content\/uploads\/2024\/02\/09-Dachcom_LEP_Branding_05-scaled.jpg\"><img class=\"attachment-full size-full\" src=\"https:\/\/www.werbewoche.ch\/wp-content\/uploads\/2024\/02\/09-Dachcom_LEP_Branding_05-scaled.jpg\" alt=\"\" width=\"1300\" height=\"732\" \/><\/a> <a href=\"https:\/\/www.werbewoche.ch\/wp-content\/uploads\/2024\/02\/10-Dachcom_LEP_Web_01-scaled.jpg\"><img class=\"attachment-full size-full\" src=\"https:\/\/www.werbewoche.ch\/wp-content\/uploads\/2024\/02\/10-Dachcom_LEP_Web_01-scaled.jpg\" alt=\"\" width=\"1300\" height=\"732\" \/><\/a> <a href=\"https:\/\/www.werbewoche.ch\/wp-content\/uploads\/2024\/02\/11-Dachcom_LEP_Web_02-scaled.jpg\"><img class=\"attachment-full size-full\" src=\"https:\/\/www.werbewoche.ch\/wp-content\/uploads\/2024\/02\/11-Dachcom_LEP_Web_02-scaled.jpg\" alt=\"\" width=\"1300\" height=\"732\" \/><\/a> <a href=\"https:\/\/www.werbewoche.ch\/wp-content\/uploads\/2024\/02\/12-Dachcom_LEP_Web_mobile-scaled.jpg\"><img class=\"attachment-full size-full\" src=\"https:\/\/www.werbewoche.ch\/wp-content\/uploads\/2024\/02\/12-Dachcom_LEP_Web_mobile-scaled.jpg\" alt=\"\" width=\"1300\" height=\"732\" \/><\/a> <a href=\"https:\/\/www.werbewoche.ch\/wp-content\/uploads\/2024\/02\/14-Dachcom_LEP_Visit-scaled.jpg\"><img class=\"attachment-full size-full\" src=\"https:\/\/www.werbewoche.ch\/wp-content\/uploads\/2024\/02\/14-Dachcom_LEP_Visit-scaled.jpg\" alt=\"\" width=\"1300\" height=\"732\" \/><\/a> <a href=\"https:\/\/www.werbewoche.ch\/wp-content\/uploads\/2024\/02\/13-Dachcom_LEP_Dokumentation_01-scaled.jpg\"><img class=\"attachment-full size-full\" src=\"https:\/\/www.werbewoche.ch\/wp-content\/uploads\/2024\/02\/13-Dachcom_LEP_Dokumentation_01-scaled.jpg\" alt=\"\" width=\"1300\" height=\"732\" \/><\/a><\/p>","protected":false},"excerpt":{"rendered":"<p>LEP enables standardized service documentation in the healthcare sector. Dachcom developed the new brand identity and web platform for the company.<\/p>","protected":false},"author":8,"featured_media":0,"comment_status":"closed","ping_status":"closed","sticky":false,"template":"","format":"standard","meta":{"_acf_changed":false,"_yoast_wpseo_focuskw":"Gesundheitswesen","_yoast_wpseo_metadesc":"LEP positioniert sich als \"Sprache der Digitalisierung\" im Gesundheitswesen. Neuer Markenauftritt und optimierte Website.","articlekey":"","footnotes":""},"categories":[29],"tags":[2646,2617],"class_list":["post-25543","post","type-post","status-publish","format-standard","hentry","category-marketing","tag-dachcom","tag-marken"],"acf":[],"yoast_head":"<!-- This site is optimized with the Yoast SEO plugin v27.5 - https:\/\/yoast.com\/product\/yoast-seo-wordpress\/ -->\n<title>Dachcom gestaltet Markenauftritt f\u00fcr LEP - Organisator<\/title>\n<meta name=\"description\" content=\"LEP positioniert sich als &quot;Sprache der Digitalisierung&quot; im Gesundheitswesen. Neuer Markenauftritt und optimierte Website.\" \/>\n<meta name=\"robots\" content=\"index, follow, max-snippet:-1, max-image-preview:large, max-video-preview:-1\" \/>\n<link rel=\"canonical\" href=\"https:\/\/www.organisator.ch\/en\/marketing\/2024-02-29\/dachcom-gestaltet-markenauftritt-fuer-lep\/\" \/>\n<meta property=\"og:locale\" content=\"en_US\" \/>\n<meta property=\"og:type\" content=\"article\" \/>\n<meta property=\"og:title\" content=\"Dachcom gestaltet Markenauftritt f\u00fcr LEP - Organisator\" \/>\n<meta property=\"og:description\" content=\"LEP positioniert sich als &quot;Sprache der Digitalisierung&quot; im Gesundheitswesen. Neuer Markenauftritt und optimierte Website.\" \/>\n<meta property=\"og:url\" content=\"https:\/\/www.organisator.ch\/en\/marketing\/2024-02-29\/dachcom-gestaltet-markenauftritt-fuer-lep\/\" \/>\n<meta property=\"og:site_name\" content=\"Organisator\" \/>\n<meta property=\"article:publisher\" content=\"https:\/\/www.facebook.com\/OrganisatorFachmagazin\" \/>\n<meta property=\"article:published_time\" content=\"2024-02-29T15:21:19+00:00\" \/>\n<meta property=\"article:modified_time\" content=\"2024-11-11T14:41:44+00:00\" \/>\n<meta property=\"og:image\" content=\"https:\/\/www.werbewoche.ch\/wp-content\/uploads\/2024\/02\/01-Dachcom_LEP_Artikel_Header-scaled.jpg\" \/>\n<meta name=\"author\" content=\"galledia\" \/>\n<meta name=\"twitter:card\" content=\"summary_large_image\" \/>\n<meta name=\"twitter:creator\" content=\"@admin\" \/>\n<script type=\"application\/ld+json\" class=\"yoast-schema-graph\">{\"@context\":\"https:\\\/\\\/schema.org\",\"@graph\":[{\"@type\":\"Article\",\"@id\":\"https:\\\/\\\/www.organisator.ch\\\/marketing\\\/2024-02-29\\\/dachcom-gestaltet-markenauftritt-fuer-lep\\\/#article\",\"isPartOf\":{\"@id\":\"https:\\\/\\\/www.organisator.ch\\\/marketing\\\/2024-02-29\\\/dachcom-gestaltet-markenauftritt-fuer-lep\\\/\"},\"author\":{\"name\":\"galledia\",\"@id\":\"https:\\\/\\\/www.organisator.ch\\\/#\\\/schema\\\/person\\\/4e51799071cd2dd1232ac003643ef5f0\"},\"headline\":\"Dachcom gestaltet Markenauftritt f\u00fcr LEP\",\"datePublished\":\"2024-02-29T15:21:19+00:00\",\"dateModified\":\"2024-11-11T14:41:44+00:00\",\"mainEntityOfPage\":{\"@id\":\"https:\\\/\\\/www.organisator.ch\\\/marketing\\\/2024-02-29\\\/dachcom-gestaltet-markenauftritt-fuer-lep\\\/\"},\"wordCount\":272,\"publisher\":{\"@id\":\"https:\\\/\\\/www.organisator.ch\\\/#organization\"},\"image\":{\"@id\":\"https:\\\/\\\/www.organisator.ch\\\/marketing\\\/2024-02-29\\\/dachcom-gestaltet-markenauftritt-fuer-lep\\\/#primaryimage\"},\"thumbnailUrl\":\"https:\\\/\\\/www.werbewoche.ch\\\/wp-content\\\/uploads\\\/2024\\\/02\\\/01-Dachcom_LEP_Artikel_Header-scaled.jpg\",\"keywords\":[\"Dachcom\",\"Marken\"],\"articleSection\":[\"MARKETING\"],\"inLanguage\":\"en-US\"},{\"@type\":\"WebPage\",\"@id\":\"https:\\\/\\\/www.organisator.ch\\\/marketing\\\/2024-02-29\\\/dachcom-gestaltet-markenauftritt-fuer-lep\\\/\",\"url\":\"https:\\\/\\\/www.organisator.ch\\\/marketing\\\/2024-02-29\\\/dachcom-gestaltet-markenauftritt-fuer-lep\\\/\",\"name\":\"Dachcom gestaltet Markenauftritt f\u00fcr LEP - Organisator\",\"isPartOf\":{\"@id\":\"https:\\\/\\\/www.organisator.ch\\\/#website\"},\"primaryImageOfPage\":{\"@id\":\"https:\\\/\\\/www.organisator.ch\\\/marketing\\\/2024-02-29\\\/dachcom-gestaltet-markenauftritt-fuer-lep\\\/#primaryimage\"},\"image\":{\"@id\":\"https:\\\/\\\/www.organisator.ch\\\/marketing\\\/2024-02-29\\\/dachcom-gestaltet-markenauftritt-fuer-lep\\\/#primaryimage\"},\"thumbnailUrl\":\"https:\\\/\\\/www.werbewoche.ch\\\/wp-content\\\/uploads\\\/2024\\\/02\\\/01-Dachcom_LEP_Artikel_Header-scaled.jpg\",\"datePublished\":\"2024-02-29T15:21:19+00:00\",\"dateModified\":\"2024-11-11T14:41:44+00:00\",\"description\":\"LEP positioniert sich als \\\"Sprache der Digitalisierung\\\" im Gesundheitswesen. Neuer Markenauftritt und optimierte Website.\",\"breadcrumb\":{\"@id\":\"https:\\\/\\\/www.organisator.ch\\\/marketing\\\/2024-02-29\\\/dachcom-gestaltet-markenauftritt-fuer-lep\\\/#breadcrumb\"},\"inLanguage\":\"en-US\",\"potentialAction\":[{\"@type\":\"ReadAction\",\"target\":[\"https:\\\/\\\/www.organisator.ch\\\/marketing\\\/2024-02-29\\\/dachcom-gestaltet-markenauftritt-fuer-lep\\\/\"]}]},{\"@type\":\"ImageObject\",\"inLanguage\":\"en-US\",\"@id\":\"https:\\\/\\\/www.organisator.ch\\\/marketing\\\/2024-02-29\\\/dachcom-gestaltet-markenauftritt-fuer-lep\\\/#primaryimage\",\"url\":\"https:\\\/\\\/www.werbewoche.ch\\\/wp-content\\\/uploads\\\/2024\\\/02\\\/01-Dachcom_LEP_Artikel_Header-scaled.jpg\",\"contentUrl\":\"https:\\\/\\\/www.werbewoche.ch\\\/wp-content\\\/uploads\\\/2024\\\/02\\\/01-Dachcom_LEP_Artikel_Header-scaled.jpg\"},{\"@type\":\"BreadcrumbList\",\"@id\":\"https:\\\/\\\/www.organisator.ch\\\/marketing\\\/2024-02-29\\\/dachcom-gestaltet-markenauftritt-fuer-lep\\\/#breadcrumb\",\"itemListElement\":[{\"@type\":\"ListItem\",\"position\":1,\"name\":\"Home\",\"item\":\"https:\\\/\\\/www.organisator.ch\\\/\"},{\"@type\":\"ListItem\",\"position\":2,\"name\":\"Dachcom gestaltet Markenauftritt f\u00fcr LEP\"}]},{\"@type\":\"WebSite\",\"@id\":\"https:\\\/\\\/www.organisator.ch\\\/#website\",\"url\":\"https:\\\/\\\/www.organisator.ch\\\/\",\"name\":\"Organisator\",\"description\":\"Kompetent. Praxisnah. Der ORGANISATOR bereitet in 10 Ausgaben pro Jahr die wesentlichen Themen f\u00fcr F\u00fchrungskr\u00e4fte von KMU auf.\",\"publisher\":{\"@id\":\"https:\\\/\\\/www.organisator.ch\\\/#organization\"},\"potentialAction\":[{\"@type\":\"SearchAction\",\"target\":{\"@type\":\"EntryPoint\",\"urlTemplate\":\"https:\\\/\\\/www.organisator.ch\\\/?s={search_term_string}\"},\"query-input\":{\"@type\":\"PropertyValueSpecification\",\"valueRequired\":true,\"valueName\":\"search_term_string\"}}],\"inLanguage\":\"en-US\"},{\"@type\":\"Organization\",\"@id\":\"https:\\\/\\\/www.organisator.ch\\\/#organization\",\"name\":\"Organisator\",\"url\":\"https:\\\/\\\/www.organisator.ch\\\/\",\"logo\":{\"@type\":\"ImageObject\",\"inLanguage\":\"en-US\",\"@id\":\"https:\\\/\\\/www.organisator.ch\\\/#\\\/schema\\\/logo\\\/image\\\/\",\"url\":\"https:\\\/\\\/www.organisator.ch\\\/wp-content\\\/uploads\\\/2022\\\/01\\\/Logo_Organisator_Website.png\",\"contentUrl\":\"https:\\\/\\\/www.organisator.ch\\\/wp-content\\\/uploads\\\/2022\\\/01\\\/Logo_Organisator_Website.png\",\"width\":800,\"height\":77,\"caption\":\"Organisator\"},\"image\":{\"@id\":\"https:\\\/\\\/www.organisator.ch\\\/#\\\/schema\\\/logo\\\/image\\\/\"},\"sameAs\":[\"https:\\\/\\\/www.facebook.com\\\/OrganisatorFachmagazin\",\"https:\\\/\\\/www.linkedin.com\\\/showcase\\\/organisator-das-magazin-fr-kmu\",\"https:\\\/\\\/www.xing.com\\\/news\\\/pages\\\/organisator-ch-695\",\"https:\\\/\\\/www.youtube.com\\\/channel\\\/UCGP2Sq0iWaZwT3BdIAQFYpw\"]},{\"@type\":\"Person\",\"@id\":\"https:\\\/\\\/www.organisator.ch\\\/#\\\/schema\\\/person\\\/4e51799071cd2dd1232ac003643ef5f0\",\"name\":\"galledia\",\"image\":{\"@type\":\"ImageObject\",\"inLanguage\":\"en-US\",\"@id\":\"https:\\\/\\\/secure.gravatar.com\\\/avatar\\\/78a7f90c01fc2bfc875782a0d4922b37cde2cf184ce347b91316d23cd7f69a36?s=96&d=mm&r=g\",\"url\":\"https:\\\/\\\/secure.gravatar.com\\\/avatar\\\/78a7f90c01fc2bfc875782a0d4922b37cde2cf184ce347b91316d23cd7f69a36?s=96&d=mm&r=g\",\"contentUrl\":\"https:\\\/\\\/secure.gravatar.com\\\/avatar\\\/78a7f90c01fc2bfc875782a0d4922b37cde2cf184ce347b91316d23cd7f69a36?s=96&d=mm&r=g\",\"caption\":\"galledia\"},\"sameAs\":[\"https:\\\/\\\/x.com\\\/admin\"],\"url\":\"https:\\\/\\\/www.organisator.ch\\\/en\\\/author\\\/galledia\\\/\"}]}<\/script>\n<!-- \/ Yoast SEO plugin. -->","yoast_head_json":{"title":"Dachcom designs brand identity for LEP organizer","description":"LEP positions itself as the \"language of digitalization\" in the healthcare sector. New brand identity and optimized website.","robots":{"index":"index","follow":"follow","max-snippet":"max-snippet:-1","max-image-preview":"max-image-preview:large","max-video-preview":"max-video-preview:-1"},"canonical":"https:\/\/www.organisator.ch\/en\/marketing\/2024-02-29\/dachcom-gestaltet-markenauftritt-fuer-lep\/","og_locale":"en_US","og_type":"article","og_title":"Dachcom gestaltet Markenauftritt f\u00fcr LEP - Organisator","og_description":"LEP positioniert sich als \"Sprache der Digitalisierung\" im Gesundheitswesen. Neuer Markenauftritt und optimierte Website.","og_url":"https:\/\/www.organisator.ch\/en\/marketing\/2024-02-29\/dachcom-gestaltet-markenauftritt-fuer-lep\/","og_site_name":"Organisator","article_publisher":"https:\/\/www.facebook.com\/OrganisatorFachmagazin","article_published_time":"2024-02-29T15:21:19+00:00","article_modified_time":"2024-11-11T14:41:44+00:00","og_image":[{"url":"https:\/\/www.werbewoche.ch\/wp-content\/uploads\/2024\/02\/01-Dachcom_LEP_Artikel_Header-scaled.jpg","type":"","width":"","height":""}],"author":"galledia","twitter_card":"summary_large_image","twitter_creator":"@admin","schema":{"@context":"https:\/\/schema.org","@graph":[{"@type":"Article","@id":"https:\/\/www.organisator.ch\/marketing\/2024-02-29\/dachcom-gestaltet-markenauftritt-fuer-lep\/#article","isPartOf":{"@id":"https:\/\/www.organisator.ch\/marketing\/2024-02-29\/dachcom-gestaltet-markenauftritt-fuer-lep\/"},"author":{"name":"galledia","@id":"https:\/\/www.organisator.ch\/#\/schema\/person\/4e51799071cd2dd1232ac003643ef5f0"},"headline":"Dachcom gestaltet Markenauftritt f\u00fcr LEP","datePublished":"2024-02-29T15:21:19+00:00","dateModified":"2024-11-11T14:41:44+00:00","mainEntityOfPage":{"@id":"https:\/\/www.organisator.ch\/marketing\/2024-02-29\/dachcom-gestaltet-markenauftritt-fuer-lep\/"},"wordCount":272,"publisher":{"@id":"https:\/\/www.organisator.ch\/#organization"},"image":{"@id":"https:\/\/www.organisator.ch\/marketing\/2024-02-29\/dachcom-gestaltet-markenauftritt-fuer-lep\/#primaryimage"},"thumbnailUrl":"https:\/\/www.werbewoche.ch\/wp-content\/uploads\/2024\/02\/01-Dachcom_LEP_Artikel_Header-scaled.jpg","keywords":["Dachcom","Marken"],"articleSection":["MARKETING"],"inLanguage":"en-US"},{"@type":"WebPage","@id":"https:\/\/www.organisator.ch\/marketing\/2024-02-29\/dachcom-gestaltet-markenauftritt-fuer-lep\/","url":"https:\/\/www.organisator.ch\/marketing\/2024-02-29\/dachcom-gestaltet-markenauftritt-fuer-lep\/","name":"Dachcom designs brand identity for LEP organizer","isPartOf":{"@id":"https:\/\/www.organisator.ch\/#website"},"primaryImageOfPage":{"@id":"https:\/\/www.organisator.ch\/marketing\/2024-02-29\/dachcom-gestaltet-markenauftritt-fuer-lep\/#primaryimage"},"image":{"@id":"https:\/\/www.organisator.ch\/marketing\/2024-02-29\/dachcom-gestaltet-markenauftritt-fuer-lep\/#primaryimage"},"thumbnailUrl":"https:\/\/www.werbewoche.ch\/wp-content\/uploads\/2024\/02\/01-Dachcom_LEP_Artikel_Header-scaled.jpg","datePublished":"2024-02-29T15:21:19+00:00","dateModified":"2024-11-11T14:41:44+00:00","description":"LEP positions itself as the \"language of digitalization\" in the healthcare sector. New brand identity and optimized website.","breadcrumb":{"@id":"https:\/\/www.organisator.ch\/marketing\/2024-02-29\/dachcom-gestaltet-markenauftritt-fuer-lep\/#breadcrumb"},"inLanguage":"en-US","potentialAction":[{"@type":"ReadAction","target":["https:\/\/www.organisator.ch\/marketing\/2024-02-29\/dachcom-gestaltet-markenauftritt-fuer-lep\/"]}]},{"@type":"ImageObject","inLanguage":"en-US","@id":"https:\/\/www.organisator.ch\/marketing\/2024-02-29\/dachcom-gestaltet-markenauftritt-fuer-lep\/#primaryimage","url":"https:\/\/www.werbewoche.ch\/wp-content\/uploads\/2024\/02\/01-Dachcom_LEP_Artikel_Header-scaled.jpg","contentUrl":"https:\/\/www.werbewoche.ch\/wp-content\/uploads\/2024\/02\/01-Dachcom_LEP_Artikel_Header-scaled.jpg"},{"@type":"BreadcrumbList","@id":"https:\/\/www.organisator.ch\/marketing\/2024-02-29\/dachcom-gestaltet-markenauftritt-fuer-lep\/#breadcrumb","itemListElement":[{"@type":"ListItem","position":1,"name":"Home","item":"https:\/\/www.organisator.ch\/"},{"@type":"ListItem","position":2,"name":"Dachcom gestaltet Markenauftritt f\u00fcr LEP"}]},{"@type":"WebSite","@id":"https:\/\/www.organisator.ch\/#website","url":"https:\/\/www.organisator.ch\/","name":"Organizer","description":"Competent. Practical. In 10 issues per year, ORGANISATOR presents the essential topics for managers of SMEs.","publisher":{"@id":"https:\/\/www.organisator.ch\/#organization"},"potentialAction":[{"@type":"SearchAction","target":{"@type":"EntryPoint","urlTemplate":"https:\/\/www.organisator.ch\/?s={search_term_string}"},"query-input":{"@type":"PropertyValueSpecification","valueRequired":true,"valueName":"search_term_string"}}],"inLanguage":"en-US"},{"@type":"Organization","@id":"https:\/\/www.organisator.ch\/#organization","name":"Organizer","url":"https:\/\/www.organisator.ch\/","logo":{"@type":"ImageObject","inLanguage":"en-US","@id":"https:\/\/www.organisator.ch\/#\/schema\/logo\/image\/","url":"https:\/\/www.organisator.ch\/wp-content\/uploads\/2022\/01\/Logo_Organisator_Website.png","contentUrl":"https:\/\/www.organisator.ch\/wp-content\/uploads\/2022\/01\/Logo_Organisator_Website.png","width":800,"height":77,"caption":"Organisator"},"image":{"@id":"https:\/\/www.organisator.ch\/#\/schema\/logo\/image\/"},"sameAs":["https:\/\/www.facebook.com\/OrganisatorFachmagazin","https:\/\/www.linkedin.com\/showcase\/organisator-das-magazin-fr-kmu","https:\/\/www.xing.com\/news\/pages\/organisator-ch-695","https:\/\/www.youtube.com\/channel\/UCGP2Sq0iWaZwT3BdIAQFYpw"]},{"@type":"Person","@id":"https:\/\/www.organisator.ch\/#\/schema\/person\/4e51799071cd2dd1232ac003643ef5f0","name":"galledia","image":{"@type":"ImageObject","inLanguage":"en-US","@id":"https:\/\/secure.gravatar.com\/avatar\/78a7f90c01fc2bfc875782a0d4922b37cde2cf184ce347b91316d23cd7f69a36?s=96&d=mm&r=g","url":"https:\/\/secure.gravatar.com\/avatar\/78a7f90c01fc2bfc875782a0d4922b37cde2cf184ce347b91316d23cd7f69a36?s=96&d=mm&r=g","contentUrl":"https:\/\/secure.gravatar.com\/avatar\/78a7f90c01fc2bfc875782a0d4922b37cde2cf184ce347b91316d23cd7f69a36?s=96&d=mm&r=g","caption":"galledia"},"sameAs":["https:\/\/x.com\/admin"],"url":"https:\/\/www.organisator.ch\/en\/author\/galledia\/"}]}},"_links":{"self":[{"href":"https:\/\/www.organisator.ch\/en\/wp-json\/wp\/v2\/posts\/25543","targetHints":{"allow":["GET"]}}],"collection":[{"href":"https:\/\/www.organisator.ch\/en\/wp-json\/wp\/v2\/posts"}],"about":[{"href":"https:\/\/www.organisator.ch\/en\/wp-json\/wp\/v2\/types\/post"}],"author":[{"embeddable":true,"href":"https:\/\/www.organisator.ch\/en\/wp-json\/wp\/v2\/users\/8"}],"replies":[{"embeddable":true,"href":"https:\/\/www.organisator.ch\/en\/wp-json\/wp\/v2\/comments?post=25543"}],"version-history":[{"count":4,"href":"https:\/\/www.organisator.ch\/en\/wp-json\/wp\/v2\/posts\/25543\/revisions"}],"predecessor-version":[{"id":32445,"href":"https:\/\/www.organisator.ch\/en\/wp-json\/wp\/v2\/posts\/25543\/revisions\/32445"}],"wp:attachment":[{"href":"https:\/\/www.organisator.ch\/en\/wp-json\/wp\/v2\/media?parent=25543"}],"wp:term":[{"taxonomy":"category","embeddable":true,"href":"https:\/\/www.organisator.ch\/en\/wp-json\/wp\/v2\/categories?post=25543"},{"taxonomy":"post_tag","embeddable":true,"href":"https:\/\/www.organisator.ch\/en\/wp-json\/wp\/v2\/tags?post=25543"}],"curies":[{"name":"wp","href":"https:\/\/api.w.org\/{rel}","templated":true}]}}