{"id":25627,"date":"2024-03-12T10:18:05","date_gmt":"2024-03-12T09:18:05","guid":{"rendered":"https:\/\/www.organisator.ch\/?p=25627"},"modified":"2024-03-05T10:19:51","modified_gmt":"2024-03-05T09:19:51","slug":"bereuen-sie-ihren-jobwechsel-was-koennen-sie-tun","status":"publish","type":"post","link":"https:\/\/www.organisator.ch\/en\/human-resources\/2024-03-12\/bereuen-sie-ihren-jobwechsel-was-koennen-sie-tun\/","title":{"rendered":"Do you regret your job change? What can you do?"},"content":{"rendered":"<figure id=\"attachment_25628\" aria-describedby=\"caption-attachment-25628\" style=\"width: 680px\" class=\"wp-caption alignnone\"><img loading=\"lazy\" decoding=\"async\" class=\"size-full wp-image-25628\" src=\"https:\/\/www.organisator.ch\/wp-content\/uploads\/2024\/03\/Robert-Walters_Bild1_ps-1.jpg\" alt=\"\" width=\"680\" height=\"454\" srcset=\"https:\/\/www.organisator.ch\/wp-content\/uploads\/2024\/03\/Robert-Walters_Bild1_ps-1.jpg 680w, https:\/\/www.organisator.ch\/wp-content\/uploads\/2024\/03\/Robert-Walters_Bild1_ps-1-18x12.jpg 18w, https:\/\/www.organisator.ch\/wp-content\/uploads\/2024\/03\/Robert-Walters_Bild1_ps-1-375x250.jpg 375w, https:\/\/www.organisator.ch\/wp-content\/uploads\/2024\/03\/Robert-Walters_Bild1_ps-1-524x350.jpg 524w\" sizes=\"auto, (max-width: 680px) 100vw, 680px\" \/><figcaption id=\"caption-attachment-25628\" class=\"wp-caption-text\">By understanding the reasons for dissatisfaction at work and thinking about your future goals, you can turn a difficult situation into an opportunity for personal and professional growth. (Image: www.depositphotos.com)<\/figcaption><\/figure>\n<h3><strong>Understanding different reasons<\/strong><\/h3>\n<p>Many young professionals, especially graduates, rush to accept job offers without realizing the future implications. According to Robert Walters, these decisions are often due to concerns about lack of experience or the fear of waiting too long for a better opportunity. Older professionals moving into a new role can also face uncertainty, especially in the era of virtual interviews that have continued beyond the COVID-19 pandemic. The lack of face-to-face interviews and traditional induction experiences may lead individuals to question their career decisions. \u00a0\u00a0<\/p>\n<h3><strong>Think before you act \u00a0<\/strong><\/h3>\n<p>If you regret your current job, you should take a step back and think carefully about your career path. Robert Walters advises creating a detailed career plan and emphasizes the importance of knowing your goals and how they relate to your overall career development. This clarity makes it easier to turn down potential job offers that do not contribute to long-term happiness. \u00a0\u00a0<\/p>\n<h3><strong>Keep calm \u00a0<\/strong><\/h3>\n<p>Feeling like you've made the wrong decision is not uncommon, but panicking is not the answer. According to Robert Walters, it's important to stay calm and realize that it's rare to find the perfect job straight away. Even if your current job is not ideal, you can see it as an opportunity to gain valuable experience. There is room for learning and self-awareness, which helps you to better understand what you really want from your career. \u00a0<\/p>\n<h3><strong>Communication is the key \u00a0<\/strong><\/h3>\n<p>Instead of resigning hastily, you should discuss your concerns with your line manager. Address the specific issues related to the job content, company culture, work location or working hours. Robert Walters emphasizes the importance of open communication, as an open conversation with your manager can lead to practical solutions, such as better working conditions or internal opportunities. \u00a0\u00a0<\/p>\n<h3><strong>Thinking about the future \u00a0<\/strong><\/h3>\n<p>If solving problems with your current job is proving difficult, it may be time to resume your job search. Focus on future goals rather than just a job title and high salary. The important thing, according to Robert Walters, is to research potential employers thoroughly and match their goals and visions with your own ambitions. Only accept an offer if you are convinced, based on extensive research, that it suits you. \u00a0\u00a0<\/p>\n<p>In summary, dealing with job regret requires a thoughtful and proactive approach. By understanding the reasons for dissatisfaction, thinking strategically, remaining calm, communicating effectively and thinking about your future goals, you can very quickly turn a difficult situation into an opportunity for personal and professional growth.\u00a0<\/p>\n<p><em>Source: <a href=\"http:\/\/www.robertwalters.ch\">www.robertwalters.ch<\/a><\/em><\/p>","protected":false},"excerpt":{"rendered":"<p>Starting a new job can be both exciting and challenging. But what happens when the initial excitement fades and regret sets in? Whether you're a recent graduate taking the plunge into the professional world or a seasoned professional who has recently changed jobs, dealing with job regret requires a strategic approach. Swiss recruitment specialist Robert Walters offers insightful tips on how to navigate the complexities of regret and pursue a fulfilling career.   <\/p>","protected":false},"author":58,"featured_media":25628,"comment_status":"closed","ping_status":"closed","sticky":false,"template":"","format":"standard","meta":{"_acf_changed":false,"_yoast_wpseo_focuskw":"Jobwechsel","_yoast_wpseo_metadesc":"Die Aufnahme einer neuen T\u00e4tigkeit kann sowohl aufregend als auch herausfordernd sein. Doch was passiert, wenn die anf\u00e4ngliche Aufregung verfliegt und das Bedauern einsetzt?","articlekey":"","footnotes":""},"categories":[579],"tags":[3506,1463,2853,295,492],"class_list":["post-25627","post","type-post","status-publish","format-standard","has-post-thumbnail","hentry","category-human-resources","tag-human-resources","tag-job","tag-jobchange","tag-karriere-tipps","tag-unternehmen"],"acf":[],"yoast_head":"<!-- This site is optimized with the Yoast SEO plugin v27.5 - https:\/\/yoast.com\/product\/yoast-seo-wordpress\/ -->\n<title>Bereuen Sie Ihren Jobwechsel? Was k\u00f6nnen Sie tun? - Organisator<\/title>\n<meta name=\"description\" content=\"Die Aufnahme einer neuen T\u00e4tigkeit kann sowohl aufregend als auch herausfordernd sein. Doch was passiert, wenn die anf\u00e4ngliche Aufregung verfliegt und das Bedauern einsetzt?\" \/>\n<meta name=\"robots\" content=\"index, follow, max-snippet:-1, max-image-preview:large, max-video-preview:-1\" \/>\n<link rel=\"canonical\" href=\"https:\/\/www.organisator.ch\/en\/human-resources\/2024-03-12\/bereuen-sie-ihren-jobwechsel-was-koennen-sie-tun\/\" \/>\n<meta property=\"og:locale\" content=\"en_US\" \/>\n<meta property=\"og:type\" content=\"article\" \/>\n<meta property=\"og:title\" content=\"Bereuen Sie Ihren Jobwechsel? Was k\u00f6nnen Sie tu\" \/>\n<meta property=\"og:description\" content=\"Die Aufnahme einer neuen T\u00e4tigkeit kann sowohl aufregend als auch herausfordernd sein. Doch was passiert, wenn die anf\u00e4ngliche Aufregung verfliegt und das Bedauern einsetzt?\" \/>\n<meta property=\"og:url\" content=\"https:\/\/www.organisator.ch\/en\/human-resources\/2024-03-12\/bereuen-sie-ihren-jobwechsel-was-koennen-sie-tun\/\" \/>\n<meta property=\"og:site_name\" content=\"Organisator\" \/>\n<meta property=\"article:publisher\" content=\"https:\/\/www.facebook.com\/OrganisatorFachmagazin\" \/>\n<meta property=\"article:published_time\" content=\"2024-03-12T09:18:05+00:00\" \/>\n<meta property=\"og:image\" content=\"https:\/\/www.organisator.ch\/wp-content\/uploads\/2024\/03\/Robert-Walters_Bild1_ps-1.jpg\" \/>\n\t<meta property=\"og:image:width\" content=\"680\" \/>\n\t<meta property=\"og:image:height\" content=\"454\" \/>\n\t<meta property=\"og:image:type\" content=\"image\/jpeg\" \/>\n<meta name=\"author\" content=\"Adelisa Kalajdzini\" \/>\n<meta name=\"twitter:card\" content=\"summary_large_image\" \/>\n<meta name=\"twitter:title\" content=\"Bereuen Sie Ihren Jobwechsel? Was k\u00f6nnen Sie tu\" \/>\n<meta name=\"twitter:description\" content=\"Die #Aufnahme einer neuen #T\u00e4tigkeit kann sowohl aufregend als auch herausfordernd sein. Doch was passiert, wenn die anf\u00e4ngliche #Aufregung verfliegt und das #Bedauern einsetzt?\" \/>\n<meta name=\"twitter:image\" content=\"https:\/\/www.organisator.ch\/wp-content\/uploads\/2024\/03\/Robert-Walters_Bild1_ps-1.jpg\" \/>\n<script type=\"application\/ld+json\" class=\"yoast-schema-graph\">{\"@context\":\"https:\\\/\\\/schema.org\",\"@graph\":[{\"@type\":\"Article\",\"@id\":\"https:\\\/\\\/www.organisator.ch\\\/human-resources\\\/2024-03-12\\\/bereuen-sie-ihren-jobwechsel-was-koennen-sie-tun\\\/#article\",\"isPartOf\":{\"@id\":\"https:\\\/\\\/www.organisator.ch\\\/human-resources\\\/2024-03-12\\\/bereuen-sie-ihren-jobwechsel-was-koennen-sie-tun\\\/\"},\"author\":{\"name\":\"Adelisa Kalajdzini\",\"@id\":\"https:\\\/\\\/www.organisator.ch\\\/#\\\/schema\\\/person\\\/2e1314a2172123f874db408d8911d3f3\"},\"headline\":\"Bereuen Sie Ihren Jobwechsel? Was k\u00f6nnen Sie tun?\",\"datePublished\":\"2024-03-12T09:18:05+00:00\",\"mainEntityOfPage\":{\"@id\":\"https:\\\/\\\/www.organisator.ch\\\/human-resources\\\/2024-03-12\\\/bereuen-sie-ihren-jobwechsel-was-koennen-sie-tun\\\/\"},\"wordCount\":542,\"publisher\":{\"@id\":\"https:\\\/\\\/www.organisator.ch\\\/#organization\"},\"image\":{\"@id\":\"https:\\\/\\\/www.organisator.ch\\\/human-resources\\\/2024-03-12\\\/bereuen-sie-ihren-jobwechsel-was-koennen-sie-tun\\\/#primaryimage\"},\"thumbnailUrl\":\"https:\\\/\\\/www.organisator.ch\\\/wp-content\\\/uploads\\\/2024\\\/03\\\/Robert-Walters_Bild1_ps-1.jpg\",\"keywords\":[\"Human Resources\",\"Job\",\"Jobchange\",\"Karriere Tipps\",\"Unternehmen\"],\"articleSection\":[\"HUMAN RESOURCES\"],\"inLanguage\":\"en-US\"},{\"@type\":\"WebPage\",\"@id\":\"https:\\\/\\\/www.organisator.ch\\\/human-resources\\\/2024-03-12\\\/bereuen-sie-ihren-jobwechsel-was-koennen-sie-tun\\\/\",\"url\":\"https:\\\/\\\/www.organisator.ch\\\/human-resources\\\/2024-03-12\\\/bereuen-sie-ihren-jobwechsel-was-koennen-sie-tun\\\/\",\"name\":\"Bereuen Sie Ihren Jobwechsel? Was k\u00f6nnen Sie tun? - Organisator\",\"isPartOf\":{\"@id\":\"https:\\\/\\\/www.organisator.ch\\\/#website\"},\"primaryImageOfPage\":{\"@id\":\"https:\\\/\\\/www.organisator.ch\\\/human-resources\\\/2024-03-12\\\/bereuen-sie-ihren-jobwechsel-was-koennen-sie-tun\\\/#primaryimage\"},\"image\":{\"@id\":\"https:\\\/\\\/www.organisator.ch\\\/human-resources\\\/2024-03-12\\\/bereuen-sie-ihren-jobwechsel-was-koennen-sie-tun\\\/#primaryimage\"},\"thumbnailUrl\":\"https:\\\/\\\/www.organisator.ch\\\/wp-content\\\/uploads\\\/2024\\\/03\\\/Robert-Walters_Bild1_ps-1.jpg\",\"datePublished\":\"2024-03-12T09:18:05+00:00\",\"description\":\"Die Aufnahme einer neuen T\u00e4tigkeit kann sowohl aufregend als auch herausfordernd sein. Doch was passiert, wenn die anf\u00e4ngliche Aufregung verfliegt und das Bedauern einsetzt?\",\"breadcrumb\":{\"@id\":\"https:\\\/\\\/www.organisator.ch\\\/human-resources\\\/2024-03-12\\\/bereuen-sie-ihren-jobwechsel-was-koennen-sie-tun\\\/#breadcrumb\"},\"inLanguage\":\"en-US\",\"potentialAction\":[{\"@type\":\"ReadAction\",\"target\":[\"https:\\\/\\\/www.organisator.ch\\\/human-resources\\\/2024-03-12\\\/bereuen-sie-ihren-jobwechsel-was-koennen-sie-tun\\\/\"]}]},{\"@type\":\"ImageObject\",\"inLanguage\":\"en-US\",\"@id\":\"https:\\\/\\\/www.organisator.ch\\\/human-resources\\\/2024-03-12\\\/bereuen-sie-ihren-jobwechsel-was-koennen-sie-tun\\\/#primaryimage\",\"url\":\"https:\\\/\\\/www.organisator.ch\\\/wp-content\\\/uploads\\\/2024\\\/03\\\/Robert-Walters_Bild1_ps-1.jpg\",\"contentUrl\":\"https:\\\/\\\/www.organisator.ch\\\/wp-content\\\/uploads\\\/2024\\\/03\\\/Robert-Walters_Bild1_ps-1.jpg\",\"width\":680,\"height\":454,\"caption\":\"Wenn man die Gr\u00fcnde f\u00fcr die Unzufriedenheit bei der Arbeit versteht und \u00fcber eigene zuk\u00fcnftigen Ziele nachdenkt, kann man eine schwierige Situation in eine Chance f\u00fcr pers\u00f6nliches und berufliches Wachstum verwandeln. (Bild: www.depositphotos.com)\"},{\"@type\":\"BreadcrumbList\",\"@id\":\"https:\\\/\\\/www.organisator.ch\\\/human-resources\\\/2024-03-12\\\/bereuen-sie-ihren-jobwechsel-was-koennen-sie-tun\\\/#breadcrumb\",\"itemListElement\":[{\"@type\":\"ListItem\",\"position\":1,\"name\":\"Home\",\"item\":\"https:\\\/\\\/www.organisator.ch\\\/\"},{\"@type\":\"ListItem\",\"position\":2,\"name\":\"Bereuen Sie Ihren Jobwechsel? Was k\u00f6nnen Sie tun?\"}]},{\"@type\":\"WebSite\",\"@id\":\"https:\\\/\\\/www.organisator.ch\\\/#website\",\"url\":\"https:\\\/\\\/www.organisator.ch\\\/\",\"name\":\"Organisator\",\"description\":\"Kompetent. Praxisnah. Der ORGANISATOR bereitet in 10 Ausgaben pro Jahr die wesentlichen Themen f\u00fcr F\u00fchrungskr\u00e4fte von KMU auf.\",\"publisher\":{\"@id\":\"https:\\\/\\\/www.organisator.ch\\\/#organization\"},\"potentialAction\":[{\"@type\":\"SearchAction\",\"target\":{\"@type\":\"EntryPoint\",\"urlTemplate\":\"https:\\\/\\\/www.organisator.ch\\\/?s={search_term_string}\"},\"query-input\":{\"@type\":\"PropertyValueSpecification\",\"valueRequired\":true,\"valueName\":\"search_term_string\"}}],\"inLanguage\":\"en-US\"},{\"@type\":\"Organization\",\"@id\":\"https:\\\/\\\/www.organisator.ch\\\/#organization\",\"name\":\"Organisator\",\"url\":\"https:\\\/\\\/www.organisator.ch\\\/\",\"logo\":{\"@type\":\"ImageObject\",\"inLanguage\":\"en-US\",\"@id\":\"https:\\\/\\\/www.organisator.ch\\\/#\\\/schema\\\/logo\\\/image\\\/\",\"url\":\"https:\\\/\\\/www.organisator.ch\\\/wp-content\\\/uploads\\\/2022\\\/01\\\/Logo_Organisator_Website.png\",\"contentUrl\":\"https:\\\/\\\/www.organisator.ch\\\/wp-content\\\/uploads\\\/2022\\\/01\\\/Logo_Organisator_Website.png\",\"width\":800,\"height\":77,\"caption\":\"Organisator\"},\"image\":{\"@id\":\"https:\\\/\\\/www.organisator.ch\\\/#\\\/schema\\\/logo\\\/image\\\/\"},\"sameAs\":[\"https:\\\/\\\/www.facebook.com\\\/OrganisatorFachmagazin\",\"https:\\\/\\\/www.linkedin.com\\\/showcase\\\/organisator-das-magazin-fr-kmu\",\"https:\\\/\\\/www.xing.com\\\/news\\\/pages\\\/organisator-ch-695\",\"https:\\\/\\\/www.youtube.com\\\/channel\\\/UCGP2Sq0iWaZwT3BdIAQFYpw\"]},{\"@type\":\"Person\",\"@id\":\"https:\\\/\\\/www.organisator.ch\\\/#\\\/schema\\\/person\\\/2e1314a2172123f874db408d8911d3f3\",\"name\":\"Adelisa Kalajdzini\",\"image\":{\"@type\":\"ImageObject\",\"inLanguage\":\"en-US\",\"@id\":\"https:\\\/\\\/secure.gravatar.com\\\/avatar\\\/09a397c22ac58cad6f160ee8306348599df9df58a8ede73696226897b9fa4b24?s=96&d=mm&r=g\",\"url\":\"https:\\\/\\\/secure.gravatar.com\\\/avatar\\\/09a397c22ac58cad6f160ee8306348599df9df58a8ede73696226897b9fa4b24?s=96&d=mm&r=g\",\"contentUrl\":\"https:\\\/\\\/secure.gravatar.com\\\/avatar\\\/09a397c22ac58cad6f160ee8306348599df9df58a8ede73696226897b9fa4b24?s=96&d=mm&r=g\",\"caption\":\"Adelisa Kalajdzini\"},\"url\":\"https:\\\/\\\/www.organisator.ch\\\/en\\\/author\\\/adelisa-kalajdzini\\\/\"}]}<\/script>\n<!-- \/ Yoast SEO plugin. -->","yoast_head_json":{"title":"Do you regret your job change? What can you do? - Organizer","description":"Starting a new job can be both exciting and challenging. But what happens when the initial excitement fades and regret sets in?","robots":{"index":"index","follow":"follow","max-snippet":"max-snippet:-1","max-image-preview":"max-image-preview:large","max-video-preview":"max-video-preview:-1"},"canonical":"https:\/\/www.organisator.ch\/en\/human-resources\/2024-03-12\/bereuen-sie-ihren-jobwechsel-was-koennen-sie-tun\/","og_locale":"en_US","og_type":"article","og_title":"Bereuen Sie Ihren Jobwechsel? Was k\u00f6nnen Sie tu","og_description":"Die Aufnahme einer neuen T\u00e4tigkeit kann sowohl aufregend als auch herausfordernd sein. Doch was passiert, wenn die anf\u00e4ngliche Aufregung verfliegt und das Bedauern einsetzt?","og_url":"https:\/\/www.organisator.ch\/en\/human-resources\/2024-03-12\/bereuen-sie-ihren-jobwechsel-was-koennen-sie-tun\/","og_site_name":"Organisator","article_publisher":"https:\/\/www.facebook.com\/OrganisatorFachmagazin","article_published_time":"2024-03-12T09:18:05+00:00","og_image":[{"width":680,"height":454,"url":"https:\/\/www.organisator.ch\/wp-content\/uploads\/2024\/03\/Robert-Walters_Bild1_ps-1.jpg","type":"image\/jpeg"}],"author":"Adelisa Kalajdzini","twitter_card":"summary_large_image","twitter_title":"Bereuen Sie Ihren Jobwechsel? Was k\u00f6nnen Sie tu","twitter_description":"Die #Aufnahme einer neuen #T\u00e4tigkeit kann sowohl aufregend als auch herausfordernd sein. Doch was passiert, wenn die anf\u00e4ngliche #Aufregung verfliegt und das #Bedauern einsetzt?","twitter_image":"https:\/\/www.organisator.ch\/wp-content\/uploads\/2024\/03\/Robert-Walters_Bild1_ps-1.jpg","schema":{"@context":"https:\/\/schema.org","@graph":[{"@type":"Article","@id":"https:\/\/www.organisator.ch\/human-resources\/2024-03-12\/bereuen-sie-ihren-jobwechsel-was-koennen-sie-tun\/#article","isPartOf":{"@id":"https:\/\/www.organisator.ch\/human-resources\/2024-03-12\/bereuen-sie-ihren-jobwechsel-was-koennen-sie-tun\/"},"author":{"name":"Adelisa Kalajdzini","@id":"https:\/\/www.organisator.ch\/#\/schema\/person\/2e1314a2172123f874db408d8911d3f3"},"headline":"Bereuen Sie Ihren Jobwechsel? Was k\u00f6nnen Sie tun?","datePublished":"2024-03-12T09:18:05+00:00","mainEntityOfPage":{"@id":"https:\/\/www.organisator.ch\/human-resources\/2024-03-12\/bereuen-sie-ihren-jobwechsel-was-koennen-sie-tun\/"},"wordCount":542,"publisher":{"@id":"https:\/\/www.organisator.ch\/#organization"},"image":{"@id":"https:\/\/www.organisator.ch\/human-resources\/2024-03-12\/bereuen-sie-ihren-jobwechsel-was-koennen-sie-tun\/#primaryimage"},"thumbnailUrl":"https:\/\/www.organisator.ch\/wp-content\/uploads\/2024\/03\/Robert-Walters_Bild1_ps-1.jpg","keywords":["Human Resources","Job","Jobchange","Karriere Tipps","Unternehmen"],"articleSection":["HUMAN RESOURCES"],"inLanguage":"en-US"},{"@type":"WebPage","@id":"https:\/\/www.organisator.ch\/human-resources\/2024-03-12\/bereuen-sie-ihren-jobwechsel-was-koennen-sie-tun\/","url":"https:\/\/www.organisator.ch\/human-resources\/2024-03-12\/bereuen-sie-ihren-jobwechsel-was-koennen-sie-tun\/","name":"Do you regret your job change? What can you do? - Organizer","isPartOf":{"@id":"https:\/\/www.organisator.ch\/#website"},"primaryImageOfPage":{"@id":"https:\/\/www.organisator.ch\/human-resources\/2024-03-12\/bereuen-sie-ihren-jobwechsel-was-koennen-sie-tun\/#primaryimage"},"image":{"@id":"https:\/\/www.organisator.ch\/human-resources\/2024-03-12\/bereuen-sie-ihren-jobwechsel-was-koennen-sie-tun\/#primaryimage"},"thumbnailUrl":"https:\/\/www.organisator.ch\/wp-content\/uploads\/2024\/03\/Robert-Walters_Bild1_ps-1.jpg","datePublished":"2024-03-12T09:18:05+00:00","description":"Starting a new job can be both exciting and challenging. But what happens when the initial excitement fades and regret sets in?","breadcrumb":{"@id":"https:\/\/www.organisator.ch\/human-resources\/2024-03-12\/bereuen-sie-ihren-jobwechsel-was-koennen-sie-tun\/#breadcrumb"},"inLanguage":"en-US","potentialAction":[{"@type":"ReadAction","target":["https:\/\/www.organisator.ch\/human-resources\/2024-03-12\/bereuen-sie-ihren-jobwechsel-was-koennen-sie-tun\/"]}]},{"@type":"ImageObject","inLanguage":"en-US","@id":"https:\/\/www.organisator.ch\/human-resources\/2024-03-12\/bereuen-sie-ihren-jobwechsel-was-koennen-sie-tun\/#primaryimage","url":"https:\/\/www.organisator.ch\/wp-content\/uploads\/2024\/03\/Robert-Walters_Bild1_ps-1.jpg","contentUrl":"https:\/\/www.organisator.ch\/wp-content\/uploads\/2024\/03\/Robert-Walters_Bild1_ps-1.jpg","width":680,"height":454,"caption":"Wenn man die Gr\u00fcnde f\u00fcr die Unzufriedenheit bei der Arbeit versteht und \u00fcber eigene zuk\u00fcnftigen Ziele nachdenkt, kann man eine schwierige Situation in eine Chance f\u00fcr pers\u00f6nliches und berufliches Wachstum verwandeln. (Bild: www.depositphotos.com)"},{"@type":"BreadcrumbList","@id":"https:\/\/www.organisator.ch\/human-resources\/2024-03-12\/bereuen-sie-ihren-jobwechsel-was-koennen-sie-tun\/#breadcrumb","itemListElement":[{"@type":"ListItem","position":1,"name":"Home","item":"https:\/\/www.organisator.ch\/"},{"@type":"ListItem","position":2,"name":"Bereuen Sie Ihren Jobwechsel? Was k\u00f6nnen Sie tun?"}]},{"@type":"WebSite","@id":"https:\/\/www.organisator.ch\/#website","url":"https:\/\/www.organisator.ch\/","name":"Organizer","description":"Competent. Practical. In 10 issues per year, ORGANISATOR presents the essential topics for managers of SMEs.","publisher":{"@id":"https:\/\/www.organisator.ch\/#organization"},"potentialAction":[{"@type":"SearchAction","target":{"@type":"EntryPoint","urlTemplate":"https:\/\/www.organisator.ch\/?s={search_term_string}"},"query-input":{"@type":"PropertyValueSpecification","valueRequired":true,"valueName":"search_term_string"}}],"inLanguage":"en-US"},{"@type":"Organization","@id":"https:\/\/www.organisator.ch\/#organization","name":"Organizer","url":"https:\/\/www.organisator.ch\/","logo":{"@type":"ImageObject","inLanguage":"en-US","@id":"https:\/\/www.organisator.ch\/#\/schema\/logo\/image\/","url":"https:\/\/www.organisator.ch\/wp-content\/uploads\/2022\/01\/Logo_Organisator_Website.png","contentUrl":"https:\/\/www.organisator.ch\/wp-content\/uploads\/2022\/01\/Logo_Organisator_Website.png","width":800,"height":77,"caption":"Organisator"},"image":{"@id":"https:\/\/www.organisator.ch\/#\/schema\/logo\/image\/"},"sameAs":["https:\/\/www.facebook.com\/OrganisatorFachmagazin","https:\/\/www.linkedin.com\/showcase\/organisator-das-magazin-fr-kmu","https:\/\/www.xing.com\/news\/pages\/organisator-ch-695","https:\/\/www.youtube.com\/channel\/UCGP2Sq0iWaZwT3BdIAQFYpw"]},{"@type":"Person","@id":"https:\/\/www.organisator.ch\/#\/schema\/person\/2e1314a2172123f874db408d8911d3f3","name":"Adelisa Kalajdzini","image":{"@type":"ImageObject","inLanguage":"en-US","@id":"https:\/\/secure.gravatar.com\/avatar\/09a397c22ac58cad6f160ee8306348599df9df58a8ede73696226897b9fa4b24?s=96&d=mm&r=g","url":"https:\/\/secure.gravatar.com\/avatar\/09a397c22ac58cad6f160ee8306348599df9df58a8ede73696226897b9fa4b24?s=96&d=mm&r=g","contentUrl":"https:\/\/secure.gravatar.com\/avatar\/09a397c22ac58cad6f160ee8306348599df9df58a8ede73696226897b9fa4b24?s=96&d=mm&r=g","caption":"Adelisa Kalajdzini"},"url":"https:\/\/www.organisator.ch\/en\/author\/adelisa-kalajdzini\/"}]}},"_links":{"self":[{"href":"https:\/\/www.organisator.ch\/en\/wp-json\/wp\/v2\/posts\/25627","targetHints":{"allow":["GET"]}}],"collection":[{"href":"https:\/\/www.organisator.ch\/en\/wp-json\/wp\/v2\/posts"}],"about":[{"href":"https:\/\/www.organisator.ch\/en\/wp-json\/wp\/v2\/types\/post"}],"author":[{"embeddable":true,"href":"https:\/\/www.organisator.ch\/en\/wp-json\/wp\/v2\/users\/58"}],"replies":[{"embeddable":true,"href":"https:\/\/www.organisator.ch\/en\/wp-json\/wp\/v2\/comments?post=25627"}],"version-history":[{"count":4,"href":"https:\/\/www.organisator.ch\/en\/wp-json\/wp\/v2\/posts\/25627\/revisions"}],"predecessor-version":[{"id":25883,"href":"https:\/\/www.organisator.ch\/en\/wp-json\/wp\/v2\/posts\/25627\/revisions\/25883"}],"wp:featuredmedia":[{"embeddable":true,"href":"https:\/\/www.organisator.ch\/en\/wp-json\/wp\/v2\/media\/25628"}],"wp:attachment":[{"href":"https:\/\/www.organisator.ch\/en\/wp-json\/wp\/v2\/media?parent=25627"}],"wp:term":[{"taxonomy":"category","embeddable":true,"href":"https:\/\/www.organisator.ch\/en\/wp-json\/wp\/v2\/categories?post=25627"},{"taxonomy":"post_tag","embeddable":true,"href":"https:\/\/www.organisator.ch\/en\/wp-json\/wp\/v2\/tags?post=25627"}],"curies":[{"name":"wp","href":"https:\/\/api.w.org\/{rel}","templated":true}]}}